{"id":9901,"date":"2023-02-16T11:46:19","date_gmt":"2023-02-16T10:46:19","guid":{"rendered":"https:\/\/nid.pl\/?p=9901"},"modified":"2023-02-24T13:16:51","modified_gmt":"2023-02-24T12:16:51","slug":"projekt-triquetra-nowe-narzedzie-w-ochronie-dziedzictwa","status":"publish","type":"post","link":"https:\/\/nid.pl\/en\/2023\/02\/16\/projekt-triquetra-nowe-narzedzie-w-ochronie-dziedzictwa\/","title":{"rendered":"Projekt TRIQUETRA \u2013 nowe narz\u0119dzie w ochronie dziedzictwa"},"content":{"rendered":"<p><strong>Za nami pierwsze spotkanie w ramach projektu TRIQUETRA, kt\u00f3rego celem jest wypracowanie narz\u0119dzi do oceny i minimalizowania skutk\u00f3w zagro\u017ce\u0144 zwi\u0105zanych ze zmianami klimatycznymi i innymi czynnikami naturalnymi mog\u0105cymi mie\u0107 negatywny wp\u0142yw na materialne dziedzictwo kulturowe.<\/strong><\/p>\n\n\n\n<p>Powodzie, ulewne deszcze, okresy suszy, zmiany chemiczne gleby i wody, zmiany poziomu w\u00f3d gruntowych, erozja wybrze\u017cy, to tylko niekt\u00f3re spo\u015br\u00f3d wielu czynnik\u00f3w, kt\u00f3re stanowi\u0105 zagro\u017cenie dla materialnego dziedzictwa kulturowego. Aby zminimalizowa\u0107 prawdopodobie\u0144stwo ryzyka, 21 instytucji europejskich \u2013 w\u015br\u00f3d nich Narodowy Instytut Dziedzictwa \u2013 realizuje projekt <em>TRIQUETRA<\/em>, kt\u00f3rego celem jest wypracowanie narz\u0119dzi do oceny i \u0142agodzenia skutk\u00f3w zagro\u017ce\u0144 zwi\u0105zanych ze zmianami klimatycznymi i innymi czynnikami naturalnymi mog\u0105cymi mie\u0107 negatywny wp\u0142yw na dziedzictwo kulturowe.<\/p>\n\n\n\n<p>Jednym z planowanych rozwi\u0105za\u0144 jest budowa platformy \u2013 Systemu Wspomagania Decyzji &#8211; umo\u017cliwiaj\u0105cej ocen\u0119 wp\u0142ywu r\u00f3\u017cnego rodzaju zagro\u017ce\u0144 na zabytki. Systemowe podej\u015bcie do identyfikacji zagro\u017ce\u0144 b\u0119dzie mo\u017cliwe mi\u0119dzy innymi dzi\u0119ki wprowadzeniu i testowaniu innowacyjnych technologii do ich oceny, m.in. Flash Lidar do mapowania 3D relikt\u00f3w podwodnych i pr\u00f3by monitorowania erozji czy czujnika spektroskopowego do monitorowania jako\u015bci wody. Jednocze\u015bnie prowadzone b\u0119d\u0105 prace nad nowymi technikami teledetekcji, dzi\u0119ki kt\u00f3rym mo\u017cliwe b\u0119dzie wykrywanie czynnik\u00f3w ryzyka dla zabytkowych struktur.<\/p>\n\n\n\n<p>Dyrektor Narodowego Instytutu Dziedzictwa, dr hab. Katarzyna Zalasi\u0144ska podkre\u015bla, \u017ce prace badawcze zostan\u0105 sprz\u0119\u017cone z dzia\u0142aniami upowszechniaj\u0105cymi wiedz\u0119 z zakresu ochrony zabytk\u00f3w.<\/p>\n\n\n\n<p><em>&nbsp;\u2013 Podj\u0119te dzia\u0142ania badawcze b\u0119d\u0105 po\u0142\u0105czone z dzia\u0142aniami popularyzuj\u0105cymi wiedz\u0119 na temat zagro\u017ce\u0144 dla dziedzictwa kulturowego. Mamy nadziej\u0119 na zwi\u0119kszenie \u015bwiadomo\u015bci spo\u0142ecznej w tym zakresie<\/em> \u2013 wyja\u015bnia dyrektor Zalasi\u0144ska.<\/p>\n\n\n\n<p>W dniach 18 &#8211; 20 stycznia 2023 roku w Atenach odby\u0142o si\u0119 pierwsze spotkanie przedstawicieli wszystkich partner\u00f3w projektu TRIQUETRA. Poza sprawami organizacyjnymi, om\u00f3wiono poszczeg\u00f3lne grupy zada\u0144, zaanga\u017cowanie instytucji, stanowiska pilota\u017cowe i wyzwania zwi\u0105zane z r\u00f3\u017cnymi rodzajami zagro\u017ce\u0144.<\/p>\n\n\n\n<p>Prace pilota\u017cowe projektu TRIQUETRA prowadzone b\u0119d\u0105 na terenie o\u015bmiu kompleks\u00f3w archeologicznych w r\u00f3\u017cnych cz\u0119\u015bciach Europy. Dobrano je w taki spos\u00f3b, aby mo\u017cliwe by\u0142o zetkni\u0119cie z r\u00f3\u017cnymi rodzajami zagro\u017ce\u0144, w r\u00f3\u017cnych uwarunkowaniach klimatycznych. S\u0105 w\u015br\u00f3d nich podwodne relikty osad palafitowych, czyli charakterystycznych, prehistorycznych dom\u00f3w budowanych na drewnianych palach sytuowanych ponad poziomem jezior wok\u00f3\u0142 Alp w Les Argilliez (Szwajcaria) oraz w Roseninsel (Niemcy, Bawaria), obj\u0119te wpisem na List\u0119 \u015awiatowego Dziedzictwa UNESCO. Do projektu wybrano tak\u017ce relikty staro\u017cytnego miasta Egina Kolona, podwodne pozosta\u0142o\u015bci rzymskiej willi Sunken City (cz\u0119\u015b\u0107 staro\u017cytnego Epidauros) oraz ruiny \u015bwi\u0105tyni w Kalapodi w Grecji. Dziedzictwo Cypru reprezentowane jest przez relikty osady neolitycznej Choirokoitia, wpisane na List\u0119 \u015awiatowego Dziedzictwa UNESCO. Spo\u015br\u00f3d zabytk\u00f3w w\u0142oskich wybrano z kolei stanowisko archeologiczne Villa di Giulia na wyspie Ventotene.<\/p>\n\n\n\n<p>Na terenie Polski r\u00f3\u017cnego rodzaju narz\u0119dzia TRIQUETRA testowane b\u0119d\u0105 w kontek\u015bcie pozosta\u0142o\u015bci osady obronnej ludno\u015bci kultury \u0142u\u017cyckiej w Smuszewie (woj. wielkopolskie), kt\u00f3r\u0105 okre\u015bli\u0107 mo\u017cna jako \u201eosad\u0119 typu biskupi\u0144skiego\u201d. Jej delikatne drewniane konstrukcje, zachowane pod ziemi\u0105 i pod wod\u0105, s\u0105 zagro\u017cone ze wzgl\u0119du na praktyki rolnicze (m.in. przez zwi\u0105zane z nimi zmiany chemiczne gleby i wody), wahania poziomu i wzrost temperatury wody, zakwitanie glon\u00f3w czy lokalne podtopienia powodowane intensywnymi opadami deszczu. Rozwi\u0105zania wypracowane w ramach TIQUETRA b\u0119dzie mo\u017cna stosowa\u0107 w analogicznych sytuacjach, dla innych polskich stanowisk archeologicznych.<\/p>\n\n\n\n<p>W projekcie bierze udzia\u0142 21 europejskich partner\u00f3w, w\u015br\u00f3d kt\u00f3rych wymieni\u0107 mo\u017cna Deutsches Arch\u00e4ologisches Institut, Sapienza University of Rome, German Aerospace Center, Paris Londron University Salzburg, University of Cyprus oraz Eratosthenes Centre of Excellence, Centre Suisse d\u2019\u00c9lectronique et de Microtechnique SA (CSEM), Alpes Lasers S.A., Ulm University. Do wsp\u00f3\u0142pracy zaproszono r\u00f3wnie\u017c dwie polskie instytucje: Narodowy Instytut Dziedzictwa oraz Uniwersytet im. Adama Mickiewicza w Poznaniu. Koordynatorem zadania jest National Technical University of Athens, wsp\u00f3\u0142pracuj\u0105cy z Geosystems Hellas S.A.<\/p>\n\n\n\n<p><\/p>\n\n\n\n<p><\/p>\n\n\n\n<p><\/p>\n\n\n\n<figure class=\"wp-block-gallery has-nested-images columns-default is-cropped wp-block-gallery-1 is-layout-flex wp-block-gallery-is-layout-flex\">\n<figure class=\"wp-block-image size-large\"><img loading=\"lazy\" decoding=\"async\" width=\"2560\" height=\"1707\" data-id=\"9897\" src=\"https:\/\/nid.pl\/wp-content\/uploads\/2023\/02\/Triquetra-2-scaled.jpg\" alt=\"\" class=\"wp-image-9897\" srcset=\"https:\/\/nid.pl\/wp-content\/uploads\/2023\/02\/Triquetra-2-scaled.jpg 2560w, https:\/\/nid.pl\/wp-content\/uploads\/2023\/02\/Triquetra-2-1280x854.jpg 1280w, https:\/\/nid.pl\/wp-content\/uploads\/2023\/02\/Triquetra-2-980x653.jpg 980w, https:\/\/nid.pl\/wp-content\/uploads\/2023\/02\/Triquetra-2-480x320.jpg 480w\" sizes=\"(min-width: 0px) and (max-width: 480px) 480px, (min-width: 481px) and (max-width: 980px) 980px, (min-width: 981px) and (max-width: 1280px) 1280px, (min-width: 1281px) 2560px, 100vw\" \/><figcaption>Prezentacja Narodowego Instytutu Dziedzictwa podczas spotkania partner\u00f3w TRIQUETRA. Fot. W. R\u0105czkowski<\/figcaption><\/figure>\n\n\n\n<figure class=\"wp-block-image size-large\"><img loading=\"lazy\" decoding=\"async\" width=\"2560\" height=\"1707\" data-id=\"9896\" src=\"https:\/\/nid.pl\/wp-content\/uploads\/2023\/02\/Triquetra-1-scaled.jpg\" alt=\"\" class=\"wp-image-9896\" srcset=\"https:\/\/nid.pl\/wp-content\/uploads\/2023\/02\/Triquetra-1-scaled.jpg 2560w, https:\/\/nid.pl\/wp-content\/uploads\/2023\/02\/Triquetra-1-1280x854.jpg 1280w, https:\/\/nid.pl\/wp-content\/uploads\/2023\/02\/Triquetra-1-980x653.jpg 980w, https:\/\/nid.pl\/wp-content\/uploads\/2023\/02\/Triquetra-1-480x320.jpg 480w\" sizes=\"(min-width: 0px) and (max-width: 480px) 480px, (min-width: 481px) and (max-width: 980px) 980px, (min-width: 981px) and (max-width: 1280px) 1280px, (min-width: 1281px) 2560px, 100vw\" \/><figcaption>Prezentacja Narodowego Instytutu Dziedzictwa podczas spotkania partner\u00f3w projektu TRIQUETRA. Fot. W. R\u0105czkowski<\/figcaption><\/figure>\n<\/figure>\n\n\n\n<figure class=\"wp-block-image size-large is-resized\"><img loading=\"lazy\" decoding=\"async\" src=\"https:\/\/nid.pl\/wp-content\/uploads\/2023\/02\/TRIQUETRA-Horizontal-green-logo-1024x207.png\" alt=\"\" class=\"wp-image-9930\" width=\"514\" height=\"102\"\/><\/figure>\n\n\n\n<p><\/p>\n\n\n\n<p><\/p>\n\n\n\n<p><strong><em><strong>Projekt <\/strong><em><strong>TRIQUETRA Toolbox for assessing and mitigating Climate Change risks and natural hazards threatening Cultural Heritage<\/strong><\/em><strong> <em>(TRIQUETRA Zestaw narz\u0119dzi do oceny i minimalizowania ryzyka zwi\u0105zanego ze skutkami zmian klimatycznych i czynnikami naturalnymi zagra\u017caj\u0105cymi dziedzictwu kulturowemu)<\/em>, finansowany jest z unijnego programu Horyzont Europa w zakresie bada\u0144 i innowacji na podstawie umowy nr 101094818.<\/strong><\/em><\/strong><\/p>\n\n\n\n<figure class=\"wp-block-image size-large is-resized\"><img loading=\"lazy\" decoding=\"async\" src=\"https:\/\/nid.pl\/wp-content\/uploads\/2023\/02\/PL-Finansowane-przez-Unie-Europejska_POS-dokladny-1024x215.png\" alt=\"\" class=\"wp-image-9899\" width=\"626\" height=\"130\"\/><\/figure>","protected":false},"excerpt":{"rendered":"<p>Za nami pierwsze spotkanie w ramach projektu TRIQUETRA, kt\u00f3rego celem jest wypracowanie narz\u0119dzi do oceny i minimalizowania skutk\u00f3w zagro\u017ce\u0144 zwi\u0105zanych ze zmianami klimatycznymi i innymi czynnikami naturalnymi mog\u0105cymi mie\u0107 negatywny [&hellip;]<\/p>","protected":false},"author":7,"featured_media":9903,"comment_status":"open","ping_status":"open","sticky":false,"template":"","format":"standard","meta":{"_et_pb_use_builder":"off","_et_pb_old_content":"","_et_gb_content_width":"","_monsterinsights_skip_tracking":false,"_monsterinsights_sitenote_active":false,"_monsterinsights_sitenote_note":"","_monsterinsights_sitenote_category":0,"footnotes":""},"categories":[3],"tags":[],"class_list":["post-9901","post","type-post","status-publish","format-standard","has-post-thumbnail","hentry","category-aktualnosci"],"yoast_head":"<!-- This site is optimized with the Yoast SEO plugin v26.5 - https:\/\/yoast.com\/wordpress\/plugins\/seo\/ -->\n<title>Projekt TRIQUETRA \u2013 nowe narz\u0119dzie w ochronie dziedzictwa - NID<\/title>\n<meta name=\"robots\" content=\"index, follow, max-snippet:-1, max-image-preview:large, max-video-preview:-1\" \/>\n<link rel=\"canonical\" href=\"https:\/\/nid.pl\/en\/2023\/02\/16\/projekt-triquetra-nowe-narzedzie-w-ochronie-dziedzictwa\/\" \/>\n<meta property=\"og:locale\" content=\"en_GB\" \/>\n<meta property=\"og:type\" content=\"article\" \/>\n<meta property=\"og:title\" content=\"Projekt TRIQUETRA \u2013 nowe narz\u0119dzie w ochronie dziedzictwa - NID\" \/>\n<meta property=\"og:description\" content=\"Za nami pierwsze spotkanie w ramach projektu TRIQUETRA, kt\u00f3rego celem jest wypracowanie narz\u0119dzi do oceny i minimalizowania skutk\u00f3w zagro\u017ce\u0144 zwi\u0105zanych ze zmianami klimatycznymi i innymi czynnikami naturalnymi mog\u0105cymi mie\u0107 negatywny [&hellip;]\" \/>\n<meta property=\"og:url\" content=\"https:\/\/nid.pl\/en\/2023\/02\/16\/projekt-triquetra-nowe-narzedzie-w-ochronie-dziedzictwa\/\" \/>\n<meta property=\"og:site_name\" content=\"NID\" \/>\n<meta property=\"article:publisher\" content=\"https:\/\/www.facebook.com\/zabytek\" \/>\n<meta property=\"article:published_time\" content=\"2023-02-16T10:46:19+00:00\" \/>\n<meta property=\"article:modified_time\" content=\"2023-02-24T12:16:51+00:00\" \/>\n<meta property=\"og:image\" content=\"https:\/\/nid.pl\/wp-content\/uploads\/2023\/02\/Triquetra-3_aktual-scaled.jpg\" \/>\n\t<meta property=\"og:image:width\" content=\"2560\" \/>\n\t<meta property=\"og:image:height\" content=\"1706\" \/>\n\t<meta property=\"og:image:type\" content=\"image\/jpeg\" \/>\n<meta name=\"author\" content=\"Barbara Halliop\" \/>\n<meta name=\"twitter:card\" content=\"summary_large_image\" \/>\n<meta name=\"twitter:creator\" content=\"@NarIDpl\" \/>\n<meta name=\"twitter:site\" content=\"@NarIDpl\" \/>\n<meta name=\"twitter:label1\" content=\"Written by\" \/>\n\t<meta name=\"twitter:data1\" content=\"Barbara Halliop\" \/>\n\t<meta name=\"twitter:label2\" content=\"Estimated reading time\" \/>\n\t<meta name=\"twitter:data2\" content=\"4 minutes\" \/>\n<script type=\"application\/ld+json\" class=\"yoast-schema-graph\">{\"@context\":\"https:\/\/schema.org\",\"@graph\":[{\"@type\":\"Article\",\"@id\":\"https:\/\/nid.pl\/2023\/02\/16\/projekt-triquetra-nowe-narzedzie-w-ochronie-dziedzictwa\/#article\",\"isPartOf\":{\"@id\":\"https:\/\/nid.pl\/2023\/02\/16\/projekt-triquetra-nowe-narzedzie-w-ochronie-dziedzictwa\/\"},\"author\":{\"name\":\"Barbara Halliop\",\"@id\":\"https:\/\/nid.pl\/#\/schema\/person\/1b690a8998a5111cfb9f0ffe24195a15\"},\"headline\":\"Projekt TRIQUETRA \u2013 nowe narz\u0119dzie w ochronie dziedzictwa\",\"datePublished\":\"2023-02-16T10:46:19+00:00\",\"dateModified\":\"2023-02-24T12:16:51+00:00\",\"mainEntityOfPage\":{\"@id\":\"https:\/\/nid.pl\/2023\/02\/16\/projekt-triquetra-nowe-narzedzie-w-ochronie-dziedzictwa\/\"},\"wordCount\":771,\"commentCount\":0,\"publisher\":{\"@id\":\"https:\/\/nid.pl\/#organization\"},\"image\":{\"@id\":\"https:\/\/nid.pl\/2023\/02\/16\/projekt-triquetra-nowe-narzedzie-w-ochronie-dziedzictwa\/#primaryimage\"},\"thumbnailUrl\":\"https:\/\/nid.pl\/wp-content\/uploads\/2023\/02\/Triquetra-3_aktual-scaled.jpg\",\"articleSection\":[\"Aktualno\u015bci\"],\"inLanguage\":\"en-GB\"},{\"@type\":\"WebPage\",\"@id\":\"https:\/\/nid.pl\/2023\/02\/16\/projekt-triquetra-nowe-narzedzie-w-ochronie-dziedzictwa\/\",\"url\":\"https:\/\/nid.pl\/2023\/02\/16\/projekt-triquetra-nowe-narzedzie-w-ochronie-dziedzictwa\/\",\"name\":\"Projekt TRIQUETRA \u2013 nowe narz\u0119dzie w ochronie dziedzictwa - NID\",\"isPartOf\":{\"@id\":\"https:\/\/nid.pl\/#website\"},\"primaryImageOfPage\":{\"@id\":\"https:\/\/nid.pl\/2023\/02\/16\/projekt-triquetra-nowe-narzedzie-w-ochronie-dziedzictwa\/#primaryimage\"},\"image\":{\"@id\":\"https:\/\/nid.pl\/2023\/02\/16\/projekt-triquetra-nowe-narzedzie-w-ochronie-dziedzictwa\/#primaryimage\"},\"thumbnailUrl\":\"https:\/\/nid.pl\/wp-content\/uploads\/2023\/02\/Triquetra-3_aktual-scaled.jpg\",\"datePublished\":\"2023-02-16T10:46:19+00:00\",\"dateModified\":\"2023-02-24T12:16:51+00:00\",\"breadcrumb\":{\"@id\":\"https:\/\/nid.pl\/2023\/02\/16\/projekt-triquetra-nowe-narzedzie-w-ochronie-dziedzictwa\/#breadcrumb\"},\"inLanguage\":\"en-GB\",\"potentialAction\":[{\"@type\":\"ReadAction\",\"target\":[\"https:\/\/nid.pl\/2023\/02\/16\/projekt-triquetra-nowe-narzedzie-w-ochronie-dziedzictwa\/\"]}]},{\"@type\":\"ImageObject\",\"inLanguage\":\"en-GB\",\"@id\":\"https:\/\/nid.pl\/2023\/02\/16\/projekt-triquetra-nowe-narzedzie-w-ochronie-dziedzictwa\/#primaryimage\",\"url\":\"https:\/\/nid.pl\/wp-content\/uploads\/2023\/02\/Triquetra-3_aktual-scaled.jpg\",\"contentUrl\":\"https:\/\/nid.pl\/wp-content\/uploads\/2023\/02\/Triquetra-3_aktual-scaled.jpg\",\"width\":2560,\"height\":1706,\"caption\":\"Triquetra aktual scaled\"},{\"@type\":\"BreadcrumbList\",\"@id\":\"https:\/\/nid.pl\/2023\/02\/16\/projekt-triquetra-nowe-narzedzie-w-ochronie-dziedzictwa\/#breadcrumb\",\"itemListElement\":[{\"@type\":\"ListItem\",\"position\":1,\"name\":\"Home\",\"item\":\"https:\/\/nid.pl\/\"},{\"@type\":\"ListItem\",\"position\":2,\"name\":\"Projekt TRIQUETRA \u2013 nowe narz\u0119dzie w ochronie dziedzictwa\"}]},{\"@type\":\"WebSite\",\"@id\":\"https:\/\/nid.pl\/#website\",\"url\":\"https:\/\/nid.pl\/\",\"name\":\"NID\",\"description\":\"Narodowy Instytut Dziedzictwa\",\"publisher\":{\"@id\":\"https:\/\/nid.pl\/#organization\"},\"potentialAction\":[{\"@type\":\"SearchAction\",\"target\":{\"@type\":\"EntryPoint\",\"urlTemplate\":\"https:\/\/nid.pl\/?s={search_term_string}\"},\"query-input\":{\"@type\":\"PropertyValueSpecification\",\"valueRequired\":true,\"valueName\":\"search_term_string\"}}],\"inLanguage\":\"en-GB\"},{\"@type\":\"Organization\",\"@id\":\"https:\/\/nid.pl\/#organization\",\"name\":\"Narodowy Instytut Dziedzictwa\",\"url\":\"https:\/\/nid.pl\/\",\"logo\":{\"@type\":\"ImageObject\",\"inLanguage\":\"en-GB\",\"@id\":\"https:\/\/nid.pl\/#\/schema\/logo\/image\/\",\"url\":\"https:\/\/nid.pl\/wp-content\/uploads\/2022\/10\/logoRedDark.png\",\"contentUrl\":\"https:\/\/nid.pl\/wp-content\/uploads\/2022\/10\/logoRedDark.png\",\"width\":200,\"height\":197,\"caption\":\"Narodowy Instytut Dziedzictwa\"},\"image\":{\"@id\":\"https:\/\/nid.pl\/#\/schema\/logo\/image\/\"},\"sameAs\":[\"https:\/\/www.facebook.com\/zabytek\",\"https:\/\/x.com\/NarIDpl\",\"https:\/\/www.instagram.com\/nid.pl\/?hl=pl\",\"https:\/\/www.linkedin.com\/company\/narodowy-instytut-dziedzictwa\",\"https:\/\/www.youtube.com\/channel\/UCQXuhKa2uHtmNvLRUSx40JA\"]},{\"@type\":\"Person\",\"@id\":\"https:\/\/nid.pl\/#\/schema\/person\/1b690a8998a5111cfb9f0ffe24195a15\",\"name\":\"Barbara Halliop\",\"image\":{\"@type\":\"ImageObject\",\"inLanguage\":\"en-GB\",\"@id\":\"https:\/\/nid.pl\/#\/schema\/person\/image\/\",\"url\":\"https:\/\/nid.pl\/wp-content\/litespeed\/avatar\/924046d17dd0c842c9fa9ccf489bc6dc.jpg?ver=1777444967\",\"contentUrl\":\"https:\/\/nid.pl\/wp-content\/litespeed\/avatar\/924046d17dd0c842c9fa9ccf489bc6dc.jpg?ver=1777444967\",\"caption\":\"Barbara Halliop\"},\"url\":\"https:\/\/nid.pl\/en\/author\/bhalliop\/\"}]}<\/script>\n<!-- \/ Yoast SEO plugin. -->","yoast_head_json":{"title":"Projekt TRIQUETRA \u2013 nowe narz\u0119dzie w ochronie dziedzictwa - NID","robots":{"index":"index","follow":"follow","max-snippet":"max-snippet:-1","max-image-preview":"max-image-preview:large","max-video-preview":"max-video-preview:-1"},"canonical":"https:\/\/nid.pl\/en\/2023\/02\/16\/projekt-triquetra-nowe-narzedzie-w-ochronie-dziedzictwa\/","og_locale":"en_GB","og_type":"article","og_title":"Projekt TRIQUETRA \u2013 nowe narz\u0119dzie w ochronie dziedzictwa - NID","og_description":"Za nami pierwsze spotkanie w ramach projektu TRIQUETRA, kt\u00f3rego celem jest wypracowanie narz\u0119dzi do oceny i minimalizowania skutk\u00f3w zagro\u017ce\u0144 zwi\u0105zanych ze zmianami klimatycznymi i innymi czynnikami naturalnymi mog\u0105cymi mie\u0107 negatywny [&hellip;]","og_url":"https:\/\/nid.pl\/en\/2023\/02\/16\/projekt-triquetra-nowe-narzedzie-w-ochronie-dziedzictwa\/","og_site_name":"NID","article_publisher":"https:\/\/www.facebook.com\/zabytek","article_published_time":"2023-02-16T10:46:19+00:00","article_modified_time":"2023-02-24T12:16:51+00:00","og_image":[{"width":2560,"height":1706,"url":"https:\/\/nid.pl\/wp-content\/uploads\/2023\/02\/Triquetra-3_aktual-scaled.jpg","type":"image\/jpeg"}],"author":"Barbara Halliop","twitter_card":"summary_large_image","twitter_creator":"@NarIDpl","twitter_site":"@NarIDpl","twitter_misc":{"Written by":"Barbara Halliop","Estimated reading time":"4 minutes"},"schema":{"@context":"https:\/\/schema.org","@graph":[{"@type":"Article","@id":"https:\/\/nid.pl\/2023\/02\/16\/projekt-triquetra-nowe-narzedzie-w-ochronie-dziedzictwa\/#article","isPartOf":{"@id":"https:\/\/nid.pl\/2023\/02\/16\/projekt-triquetra-nowe-narzedzie-w-ochronie-dziedzictwa\/"},"author":{"name":"Barbara Halliop","@id":"https:\/\/nid.pl\/#\/schema\/person\/1b690a8998a5111cfb9f0ffe24195a15"},"headline":"Projekt TRIQUETRA \u2013 nowe narz\u0119dzie w ochronie dziedzictwa","datePublished":"2023-02-16T10:46:19+00:00","dateModified":"2023-02-24T12:16:51+00:00","mainEntityOfPage":{"@id":"https:\/\/nid.pl\/2023\/02\/16\/projekt-triquetra-nowe-narzedzie-w-ochronie-dziedzictwa\/"},"wordCount":771,"commentCount":0,"publisher":{"@id":"https:\/\/nid.pl\/#organization"},"image":{"@id":"https:\/\/nid.pl\/2023\/02\/16\/projekt-triquetra-nowe-narzedzie-w-ochronie-dziedzictwa\/#primaryimage"},"thumbnailUrl":"https:\/\/nid.pl\/wp-content\/uploads\/2023\/02\/Triquetra-3_aktual-scaled.jpg","articleSection":["Aktualno\u015bci"],"inLanguage":"en-GB"},{"@type":"WebPage","@id":"https:\/\/nid.pl\/2023\/02\/16\/projekt-triquetra-nowe-narzedzie-w-ochronie-dziedzictwa\/","url":"https:\/\/nid.pl\/2023\/02\/16\/projekt-triquetra-nowe-narzedzie-w-ochronie-dziedzictwa\/","name":"Projekt TRIQUETRA \u2013 nowe narz\u0119dzie w ochronie dziedzictwa - NID","isPartOf":{"@id":"https:\/\/nid.pl\/#website"},"primaryImageOfPage":{"@id":"https:\/\/nid.pl\/2023\/02\/16\/projekt-triquetra-nowe-narzedzie-w-ochronie-dziedzictwa\/#primaryimage"},"image":{"@id":"https:\/\/nid.pl\/2023\/02\/16\/projekt-triquetra-nowe-narzedzie-w-ochronie-dziedzictwa\/#primaryimage"},"thumbnailUrl":"https:\/\/nid.pl\/wp-content\/uploads\/2023\/02\/Triquetra-3_aktual-scaled.jpg","datePublished":"2023-02-16T10:46:19+00:00","dateModified":"2023-02-24T12:16:51+00:00","breadcrumb":{"@id":"https:\/\/nid.pl\/2023\/02\/16\/projekt-triquetra-nowe-narzedzie-w-ochronie-dziedzictwa\/#breadcrumb"},"inLanguage":"en-GB","potentialAction":[{"@type":"ReadAction","target":["https:\/\/nid.pl\/2023\/02\/16\/projekt-triquetra-nowe-narzedzie-w-ochronie-dziedzictwa\/"]}]},{"@type":"ImageObject","inLanguage":"en-GB","@id":"https:\/\/nid.pl\/2023\/02\/16\/projekt-triquetra-nowe-narzedzie-w-ochronie-dziedzictwa\/#primaryimage","url":"https:\/\/nid.pl\/wp-content\/uploads\/2023\/02\/Triquetra-3_aktual-scaled.jpg","contentUrl":"https:\/\/nid.pl\/wp-content\/uploads\/2023\/02\/Triquetra-3_aktual-scaled.jpg","width":2560,"height":1706,"caption":"Triquetra aktual scaled"},{"@type":"BreadcrumbList","@id":"https:\/\/nid.pl\/2023\/02\/16\/projekt-triquetra-nowe-narzedzie-w-ochronie-dziedzictwa\/#breadcrumb","itemListElement":[{"@type":"ListItem","position":1,"name":"Home","item":"https:\/\/nid.pl\/"},{"@type":"ListItem","position":2,"name":"Projekt TRIQUETRA \u2013 nowe narz\u0119dzie w ochronie dziedzictwa"}]},{"@type":"WebSite","@id":"https:\/\/nid.pl\/#website","url":"https:\/\/nid.pl\/","name":"NID","description":"Narodowy Instytut Dziedzictwa","publisher":{"@id":"https:\/\/nid.pl\/#organization"},"potentialAction":[{"@type":"SearchAction","target":{"@type":"EntryPoint","urlTemplate":"https:\/\/nid.pl\/?s={search_term_string}"},"query-input":{"@type":"PropertyValueSpecification","valueRequired":true,"valueName":"search_term_string"}}],"inLanguage":"en-GB"},{"@type":"Organization","@id":"https:\/\/nid.pl\/#organization","name":"Narodowy Instytut Dziedzictwa","url":"https:\/\/nid.pl\/","logo":{"@type":"ImageObject","inLanguage":"en-GB","@id":"https:\/\/nid.pl\/#\/schema\/logo\/image\/","url":"https:\/\/nid.pl\/wp-content\/uploads\/2022\/10\/logoRedDark.png","contentUrl":"https:\/\/nid.pl\/wp-content\/uploads\/2022\/10\/logoRedDark.png","width":200,"height":197,"caption":"Narodowy Instytut Dziedzictwa"},"image":{"@id":"https:\/\/nid.pl\/#\/schema\/logo\/image\/"},"sameAs":["https:\/\/www.facebook.com\/zabytek","https:\/\/x.com\/NarIDpl","https:\/\/www.instagram.com\/nid.pl\/?hl=pl","https:\/\/www.linkedin.com\/company\/narodowy-instytut-dziedzictwa","https:\/\/www.youtube.com\/channel\/UCQXuhKa2uHtmNvLRUSx40JA"]},{"@type":"Person","@id":"https:\/\/nid.pl\/#\/schema\/person\/1b690a8998a5111cfb9f0ffe24195a15","name":"Barbara Halliop","image":{"@type":"ImageObject","inLanguage":"en-GB","@id":"https:\/\/nid.pl\/#\/schema\/person\/image\/","url":"https:\/\/nid.pl\/wp-content\/litespeed\/avatar\/924046d17dd0c842c9fa9ccf489bc6dc.jpg?ver=1777444967","contentUrl":"https:\/\/nid.pl\/wp-content\/litespeed\/avatar\/924046d17dd0c842c9fa9ccf489bc6dc.jpg?ver=1777444967","caption":"Barbara Halliop"},"url":"https:\/\/nid.pl\/en\/author\/bhalliop\/"}]}},"_links":{"self":[{"href":"https:\/\/nid.pl\/en\/wp-json\/wp\/v2\/posts\/9901","targetHints":{"allow":["GET"]}}],"collection":[{"href":"https:\/\/nid.pl\/en\/wp-json\/wp\/v2\/posts"}],"about":[{"href":"https:\/\/nid.pl\/en\/wp-json\/wp\/v2\/types\/post"}],"author":[{"embeddable":true,"href":"https:\/\/nid.pl\/en\/wp-json\/wp\/v2\/users\/7"}],"replies":[{"embeddable":true,"href":"https:\/\/nid.pl\/en\/wp-json\/wp\/v2\/comments?post=9901"}],"version-history":[{"count":0,"href":"https:\/\/nid.pl\/en\/wp-json\/wp\/v2\/posts\/9901\/revisions"}],"wp:featuredmedia":[{"embeddable":true,"href":"https:\/\/nid.pl\/en\/wp-json\/wp\/v2\/media\/9903"}],"wp:attachment":[{"href":"https:\/\/nid.pl\/en\/wp-json\/wp\/v2\/media?parent=9901"}],"wp:term":[{"taxonomy":"category","embeddable":true,"href":"https:\/\/nid.pl\/en\/wp-json\/wp\/v2\/categories?post=9901"},{"taxonomy":"post_tag","embeddable":true,"href":"https:\/\/nid.pl\/en\/wp-json\/wp\/v2\/tags?post=9901"}],"curies":[{"name":"wp","href":"https:\/\/api.w.org\/{rel}","templated":true}]}}