{"id":9871,"date":"2023-02-09T16:07:56","date_gmt":"2023-02-09T15:07:56","guid":{"rendered":"https:\/\/nid.pl\/?p=9871"},"modified":"2023-02-09T16:11:06","modified_gmt":"2023-02-09T15:11:06","slug":"wojna-na-ukrainie-bitwa-o-kulture","status":"publish","type":"post","link":"https:\/\/nid.pl\/en\/2023\/02\/09\/wojna-na-ukrainie-bitwa-o-kulture\/","title":{"rendered":"Wojna na Ukrainie: Bitwa o kultur\u0119"},"content":{"rendered":"<p><strong>Prawie rok temu rosyjskie wojska przeprowadzi\u0142y zmasowany atak rakietowy na terytorium Ukrainy. Wed\u0142ug danych Ministerstwa Kultury i Polityki Informacyjnej Ukrainy, w ci\u0105gu 11 miesi\u0119cy wojny Rosjanie zniszczyli lub uszkodzili 1 271 obiekt\u00f3w kultury na Ukrainie. W celu wzmocnienia dzia\u0142a\u0144 na rzecz ochrony dziedzictwa kulturowego Ukrainy i wzmocnienia wsp\u00f3\u0142pracy mi\u0119dzynarodowej w tym zakresie, w dniach 8 &#8211; 9 lutego odby\u0142o si\u0119 Mi\u0119dzynarodowe Forum Bezpiecze\u0144stwa Dziedzictwa Kulturowego. W spotkaniu udzia\u0142 wzi\u0119\u0142a dyrektor Narodowego Instytutu Dziedzictwa, dr hab. Katarzyna Zalasi\u0144ska.<\/strong><\/p>\n\n\n\n<p><\/p>\n\n\n\n<p>Nad ranem 24 lutego 2022 roku rosyjskie wojska zaatakowa\u0142y suwerenn\u0105 Ukrain\u0119. Muzea, biblioteki, archiwa i inne instytucje kulturalne zareagowa\u0142y na zagro\u017cenie zgodnie ze swoimi mo\u017cliwo\u015bciami i sytuacj\u0105 militarn\u0105. Ze wzgl\u0119du na masowy atak wojsk rosyjskich, niezb\u0119dne by\u0142o wsparcie mi\u0119dzynarodowe. Dyrektor Narodowego Instytutu Dziedzictwa, dr hab. Katarzyna Zalasi\u0144ska, przedstawi\u0142a zaanga\u017cowanie Polski w pomoc dla kultury na Ukrainie. &nbsp;<\/p>\n\n\n\n<p>\u2013 <em>W odpowiedzi na niesprowokowan\u0105 agresj\u0119 na Ukrain\u0119, Polska natychmiast zaanga\u017cowa\u0142a wszystkie mo\u017cliwe \u015brodki, aby wesprze\u0107 naszego s\u0105siada. Na samym pocz\u0105tku spontaniczne inicjatywy by\u0142y naturaln\u0105 i najszybsz\u0105 odpowiedzi\u0105 na rozgrywaj\u0105cy si\u0119 na naszych oczach kryzys humanitarny. Reakcja spo\u0142ecze\u0144stwa obywatelskiego by\u0142a ogromna i odpowiada\u0142a na pierwsze, bardzo podstawowe potrzeby Ukrai\u0144c\u00f3w. Jednak w d\u0142u\u017cszej perspektywie wojna wymaga mobilizacji wszystkich zasob\u00f3w na ka\u017cdym szczeblu zarz\u0105dzania.(\u2026) Ukraina stoi w obliczu ataku na swoj\u0105 suwerenno\u015b\u0107 i pa\u0144stwowo\u015b\u0107, celowego niszczenia jej dziedzictwa na masow\u0105 skal\u0119. W rzeczywisto\u015bci wspieranie kultury na Ukrainie, kultury, kt\u00f3ra stanowi o ukrai\u0144skiej odr\u0119bno\u015bci i to\u017csamo\u015bci, to zachowanie niepodleg\u0142o\u015bci pa\u0144stwa \u2013 <\/em>m\u00f3wi\u0142a dyrektor Zalasi\u0144ska.<\/p>\n\n\n\n<p>Minister kultury i dziedzictwa narodowego, prof. Piotr Gli\u0144ski, ju\u017c 23 lutego 2022 roku, zdecydowa\u0142 o utworzeniu zespo\u0142u resortowego, a w pierwszym miesi\u0105cu wojny o powstaniu specjalnej agendy wykonawczej \u2013 <a href=\"http:\/\/ukraina.nid.pl\/\" target=\"_blank\" rel=\"noreferrer noopener\">Centrum Pomocy dla Kultury na Ukrainie<\/a>, dzia\u0142aj\u0105cego w strukturach Narodowego Instytutu Dziedzictwa.<\/p>\n\n\n\n<p>Od pocz\u0105tku istnienia, Centrum koncentrowa\u0142o si\u0119 na dostarczaniu instytucjom kultury na Ukrainie materia\u0142\u00f3w niezb\u0119dnych do zabezpieczenia ich zbior\u00f3w. Jak podkre\u015bli\u0142a dyrektor Zalasi\u0144ska, o\u015brodek pomaga r\u00f3wnie\u017c ukrai\u0144skim partnerom w planowaniu przysz\u0142ych dzia\u0142a\u0144 zwi\u0105zanych z odbudow\u0105 i odzyskiwaniem zabytk\u00f3w.<\/p>\n\n\n\n<p>\u2013<em> Przysz\u0142o\u015b\u0107 Ukrainy w du\u017cej mierze zale\u017cy od naszych dzisiejszych dzia\u0142a\u0144. Dlatego budowanie na bazie naszych dotychczasowych do\u015bwiadcze\u0144, wymiana wiedzy i dyskusja nad now\u0105 wizj\u0105 architektury bezpiecze\u0144stwa dla dziedzictwa kulturowego jest obecnie czynnikiem decyduj\u0105cym o naszej przysz\u0142o\u015bci.<\/em> (\u2026) <em>Wierzymy, \u017ce poprzez nasze dzisiejsze dzia\u0142ania mo\u017cemy u\u015bwiadomi\u0107 sobie nasz\u0105 zbiorow\u0105 odpowiedzialno\u015b\u0107 za ocalenie dziedzictwa kulturowego pokole\u0144 przed celowym zniszczeniem i utrat\u0105.<\/em><\/p>\n\n\n\n<p>Polskie Centrum Pomocy dla Kultury na Ukrainie funkcjonuje w strukturach Narodowego Instytutu Dziedzictwa &#8211; instytucji eksperckiej dzia\u0142aj\u0105cej w tej dziedzinie od 60 lat, kt\u00f3ry przez dekady by\u0142 miejscem bada\u0144, refleksji i \u017ar\u00f3d\u0142em wiedzy o zagro\u017conym dziedzictwie kulturowym.<\/p>\n\n\n\n<p>Dyrektor Narodowego Instytutu Dziedzictwa zapewni\u0142a o dalszym wsparciu dla kultury na Ukrainie.<\/p>\n\n\n\n<p>\u2013 <em>Drodzy ukrai\u0144scy przyjaciele &#8211; b\u0119dziemy nadal wspiera\u0107 Ukrain\u0119 i jej kultur\u0119 &#8211; a\u017c do zwyci\u0119skiego zako\u0144czenia wojny i przez ca\u0142y czas wyzwa\u0144 zwi\u0105zanych z odbudow\u0105, kt\u00f3rej sami do\u015bwiadczamy.<\/em><\/p>\n\n\n\n<p>Mi\u0119dzynarodowe Forum Bezpiecze\u0144stwa Dziedzictwa Kulturowego zosta\u0142o zorganizowane przez Ministerstwo Kultury i Polityki Informacyjnej Ukrainy, HERI oraz Muzeum Majdanu w Kijowie, w celu podsumowania dzia\u0142a\u0144 na rzecz zachowania dziedzictwa kulturowego od pocz\u0105tku pe\u0142noskalowej inwazji Rosji na Ukrain\u0119 oraz om\u00f3wienia niezb\u0119dnych \u015brodk\u00f3w ochrony dziedzictwa kulturowego.<\/p>\n\n\n\n<p>W imieniu partner\u00f3w wydarzenia swoje referaty wyg\u0142osili:<\/p>\n\n\n\n<ul class=\"wp-block-list\"><li>Teresa Patr\u00edcio, Prezydent, ICOMOS<\/li><li>Aparna Tandon, starszy lider programu, ICCROM<\/li><li>Sne\u0161ka Quaedvlieg-Mihailovic, Sekretarz Generalny, Europa Nostra<\/li><li>Diana Pardue, Przewodnicz\u0105ca, ICOM-DRMC<\/li><li>Sanne Letschert, Dyrektor, Cultural Emergency Response (CER)<\/li><li>Alexandra Fiebig, kierownik projektu, ALIPH<\/li><li>Chiara Dezzi Bardeschi, Oficer \u0141\u0105cznikowy, UNESCO Desk Ukraina<\/li><li>Dr hab. Katarzyna Zalasi\u0144ska, Dyrektor Narodowego Instytutu Dziedzictwa<\/li><li>Birgitta Johansen, Przewodnicz\u0105ca, Dziedzictwo Kulturowe bez Granic<\/li><li>Joan Weinstein, Dyrektor, The Getty Foundation<\/li><li>Kateryna Goncharova, specjalistka ds. kryzysu zwi\u0105zanego z dziedzictwem ukrai\u0144skim, World Monuments Fund (WMF)<\/li><li>Glenn Wharton, przewodnicz\u0105cy Programu Ochrony Dziedzictwa Kulturowego Uniwersytetu Kalifornijskiego w Los Angeles\/Getty<\/li><li>Richard Kurin, wybitny uczony i ambasador Smithsonian (Smithsonian&#8217;s Distinguished Scholar and Ambassador at Large)<\/li><li>Brian Daniels, dyrektor ds. bada\u0144 i program\u00f3w w Centrum Dziedzictwa Kulturowego Uniwersytetu Pensylwanii (Penn Cultural Heritage Center) w Muzeum Uniwersytetu Pensylwanii<\/li><li>Brett Egan, Prezes, DeVos Institute of Arts Management<\/li><li>Linda Norris, Starszy Specjalista, International Coalition of Sites of Conscience<\/li><li>Deborah Ziska, Przewodnicz\u0105ca, ICOM-MPR<\/li><li>Elaine Heumann Gurian, starszy konsultant muzealny, USA<\/li><li>Glen S. Davis, attach\u00e9 kulturalny, Ambasada USA w Kijowie<\/li><li>Laurie Hart, Dyrektor, Centrum Studi\u00f3w Europejskich i Rosyjskich, Uniwersytet Kalifornijski w Los Angeles<\/li><li>Olha Honczar, Muzeum Terroru we Lwowie<\/li><li>Olena Balun, koordynatorka, Ukraine Art Aid Center (Niemcy)<\/li><li>Ihor Tymets, dyrektor Muzeum Historii i Kultury Lokalnej w Winnikach (obw\u00f3d lwowski)<\/li><\/ul>\n\n\n\n<p><\/p>\n\n\n\n<figure class=\"wp-block-gallery aligncenter has-nested-images columns-default is-cropped wp-block-gallery-1 is-layout-flex wp-block-gallery-is-layout-flex\">\n<figure class=\"wp-block-image size-large\"><img loading=\"lazy\" decoding=\"async\" width=\"1512\" height=\"869\" data-id=\"9870\" src=\"https:\/\/nid.pl\/wp-content\/uploads\/2023\/02\/Przechwytywanie.jpg\" alt=\"\" class=\"wp-image-9870\" srcset=\"https:\/\/nid.pl\/wp-content\/uploads\/2023\/02\/Przechwytywanie.jpg 1512w, https:\/\/nid.pl\/wp-content\/uploads\/2023\/02\/Przechwytywanie-1280x736.jpg 1280w, https:\/\/nid.pl\/wp-content\/uploads\/2023\/02\/Przechwytywanie-980x563.jpg 980w, https:\/\/nid.pl\/wp-content\/uploads\/2023\/02\/Przechwytywanie-480x276.jpg 480w\" sizes=\"(min-width: 0px) and (max-width: 480px) 480px, (min-width: 481px) and (max-width: 980px) 980px, (min-width: 981px) and (max-width: 1280px) 1280px, (min-width: 1281px) 1512px, 100vw\" \/><\/figure>\n<\/figure>","protected":false},"excerpt":{"rendered":"<p>Prawie rok temu rosyjskie wojska przeprowadzi\u0142y zmasowany atak rakietowy na terytorium Ukrainy. Wed\u0142ug danych Ministerstwa Kultury i Polityki Informacyjnej Ukrainy, w ci\u0105gu 11 miesi\u0119cy wojny Rosjanie zniszczyli lub uszkodzili 1 [&hellip;]<\/p>","protected":false},"author":7,"featured_media":9873,"comment_status":"open","ping_status":"open","sticky":false,"template":"","format":"standard","meta":{"_et_pb_use_builder":"off","_et_pb_old_content":"","_et_gb_content_width":"","_monsterinsights_skip_tracking":false,"_monsterinsights_sitenote_active":false,"_monsterinsights_sitenote_note":"","_monsterinsights_sitenote_category":0,"footnotes":""},"categories":[3],"tags":[],"class_list":["post-9871","post","type-post","status-publish","format-standard","has-post-thumbnail","hentry","category-aktualnosci"],"yoast_head":"<!-- This site is optimized with the Yoast SEO plugin v26.5 - https:\/\/yoast.com\/wordpress\/plugins\/seo\/ -->\n<title>Wojna na Ukrainie: Bitwa o kultur\u0119 - NID<\/title>\n<meta name=\"robots\" content=\"index, follow, max-snippet:-1, max-image-preview:large, max-video-preview:-1\" \/>\n<link rel=\"canonical\" href=\"https:\/\/nid.pl\/en\/2023\/02\/09\/wojna-na-ukrainie-bitwa-o-kulture\/\" \/>\n<meta property=\"og:locale\" content=\"en_GB\" \/>\n<meta property=\"og:type\" content=\"article\" \/>\n<meta property=\"og:title\" content=\"Wojna na Ukrainie: Bitwa o kultur\u0119 - NID\" \/>\n<meta property=\"og:description\" content=\"Prawie rok temu rosyjskie wojska przeprowadzi\u0142y zmasowany atak rakietowy na terytorium Ukrainy. Wed\u0142ug danych Ministerstwa Kultury i Polityki Informacyjnej Ukrainy, w ci\u0105gu 11 miesi\u0119cy wojny Rosjanie zniszczyli lub uszkodzili 1 [&hellip;]\" \/>\n<meta property=\"og:url\" content=\"https:\/\/nid.pl\/en\/2023\/02\/09\/wojna-na-ukrainie-bitwa-o-kulture\/\" \/>\n<meta property=\"og:site_name\" content=\"NID\" \/>\n<meta property=\"article:publisher\" content=\"https:\/\/www.facebook.com\/zabytek\" \/>\n<meta property=\"article:published_time\" content=\"2023-02-09T15:07:56+00:00\" \/>\n<meta property=\"article:modified_time\" content=\"2023-02-09T15:11:06+00:00\" \/>\n<meta property=\"og:image\" content=\"https:\/\/nid.pl\/wp-content\/uploads\/2023\/02\/Kijow_aktual.png\" \/>\n\t<meta property=\"og:image:width\" content=\"1488\" \/>\n\t<meta property=\"og:image:height\" content=\"992\" \/>\n\t<meta property=\"og:image:type\" content=\"image\/png\" \/>\n<meta name=\"author\" content=\"Barbara Halliop\" \/>\n<meta name=\"twitter:card\" content=\"summary_large_image\" \/>\n<meta name=\"twitter:creator\" content=\"@NarIDpl\" \/>\n<meta name=\"twitter:site\" content=\"@NarIDpl\" \/>\n<meta name=\"twitter:label1\" content=\"Written by\" \/>\n\t<meta name=\"twitter:data1\" content=\"Barbara Halliop\" \/>\n\t<meta name=\"twitter:label2\" content=\"Estimated reading time\" \/>\n\t<meta name=\"twitter:data2\" content=\"4 minutes\" \/>\n<script type=\"application\/ld+json\" class=\"yoast-schema-graph\">{\"@context\":\"https:\/\/schema.org\",\"@graph\":[{\"@type\":\"Article\",\"@id\":\"https:\/\/nid.pl\/2023\/02\/09\/wojna-na-ukrainie-bitwa-o-kulture\/#article\",\"isPartOf\":{\"@id\":\"https:\/\/nid.pl\/2023\/02\/09\/wojna-na-ukrainie-bitwa-o-kulture\/\"},\"author\":{\"name\":\"Barbara Halliop\",\"@id\":\"https:\/\/nid.pl\/#\/schema\/person\/1b690a8998a5111cfb9f0ffe24195a15\"},\"headline\":\"Wojna na Ukrainie: Bitwa o kultur\u0119\",\"datePublished\":\"2023-02-09T15:07:56+00:00\",\"dateModified\":\"2023-02-09T15:11:06+00:00\",\"mainEntityOfPage\":{\"@id\":\"https:\/\/nid.pl\/2023\/02\/09\/wojna-na-ukrainie-bitwa-o-kulture\/\"},\"wordCount\":817,\"commentCount\":0,\"publisher\":{\"@id\":\"https:\/\/nid.pl\/#organization\"},\"image\":{\"@id\":\"https:\/\/nid.pl\/2023\/02\/09\/wojna-na-ukrainie-bitwa-o-kulture\/#primaryimage\"},\"thumbnailUrl\":\"https:\/\/nid.pl\/wp-content\/uploads\/2023\/02\/Kijow_aktual.png\",\"articleSection\":[\"Aktualno\u015bci\"],\"inLanguage\":\"en-GB\"},{\"@type\":\"WebPage\",\"@id\":\"https:\/\/nid.pl\/2023\/02\/09\/wojna-na-ukrainie-bitwa-o-kulture\/\",\"url\":\"https:\/\/nid.pl\/2023\/02\/09\/wojna-na-ukrainie-bitwa-o-kulture\/\",\"name\":\"Wojna na Ukrainie: Bitwa o kultur\u0119 - NID\",\"isPartOf\":{\"@id\":\"https:\/\/nid.pl\/#website\"},\"primaryImageOfPage\":{\"@id\":\"https:\/\/nid.pl\/2023\/02\/09\/wojna-na-ukrainie-bitwa-o-kulture\/#primaryimage\"},\"image\":{\"@id\":\"https:\/\/nid.pl\/2023\/02\/09\/wojna-na-ukrainie-bitwa-o-kulture\/#primaryimage\"},\"thumbnailUrl\":\"https:\/\/nid.pl\/wp-content\/uploads\/2023\/02\/Kijow_aktual.png\",\"datePublished\":\"2023-02-09T15:07:56+00:00\",\"dateModified\":\"2023-02-09T15:11:06+00:00\",\"breadcrumb\":{\"@id\":\"https:\/\/nid.pl\/2023\/02\/09\/wojna-na-ukrainie-bitwa-o-kulture\/#breadcrumb\"},\"inLanguage\":\"en-GB\",\"potentialAction\":[{\"@type\":\"ReadAction\",\"target\":[\"https:\/\/nid.pl\/2023\/02\/09\/wojna-na-ukrainie-bitwa-o-kulture\/\"]}]},{\"@type\":\"ImageObject\",\"inLanguage\":\"en-GB\",\"@id\":\"https:\/\/nid.pl\/2023\/02\/09\/wojna-na-ukrainie-bitwa-o-kulture\/#primaryimage\",\"url\":\"https:\/\/nid.pl\/wp-content\/uploads\/2023\/02\/Kijow_aktual.png\",\"contentUrl\":\"https:\/\/nid.pl\/wp-content\/uploads\/2023\/02\/Kijow_aktual.png\",\"width\":1488,\"height\":992,\"caption\":\"Kijow aktual\"},{\"@type\":\"BreadcrumbList\",\"@id\":\"https:\/\/nid.pl\/2023\/02\/09\/wojna-na-ukrainie-bitwa-o-kulture\/#breadcrumb\",\"itemListElement\":[{\"@type\":\"ListItem\",\"position\":1,\"name\":\"Home\",\"item\":\"https:\/\/nid.pl\/\"},{\"@type\":\"ListItem\",\"position\":2,\"name\":\"Wojna na Ukrainie: Bitwa o kultur\u0119\"}]},{\"@type\":\"WebSite\",\"@id\":\"https:\/\/nid.pl\/#website\",\"url\":\"https:\/\/nid.pl\/\",\"name\":\"NID\",\"description\":\"Narodowy Instytut Dziedzictwa\",\"publisher\":{\"@id\":\"https:\/\/nid.pl\/#organization\"},\"potentialAction\":[{\"@type\":\"SearchAction\",\"target\":{\"@type\":\"EntryPoint\",\"urlTemplate\":\"https:\/\/nid.pl\/?s={search_term_string}\"},\"query-input\":{\"@type\":\"PropertyValueSpecification\",\"valueRequired\":true,\"valueName\":\"search_term_string\"}}],\"inLanguage\":\"en-GB\"},{\"@type\":\"Organization\",\"@id\":\"https:\/\/nid.pl\/#organization\",\"name\":\"Narodowy Instytut Dziedzictwa\",\"url\":\"https:\/\/nid.pl\/\",\"logo\":{\"@type\":\"ImageObject\",\"inLanguage\":\"en-GB\",\"@id\":\"https:\/\/nid.pl\/#\/schema\/logo\/image\/\",\"url\":\"https:\/\/nid.pl\/wp-content\/uploads\/2022\/10\/logoRedDark.png\",\"contentUrl\":\"https:\/\/nid.pl\/wp-content\/uploads\/2022\/10\/logoRedDark.png\",\"width\":200,\"height\":197,\"caption\":\"Narodowy Instytut Dziedzictwa\"},\"image\":{\"@id\":\"https:\/\/nid.pl\/#\/schema\/logo\/image\/\"},\"sameAs\":[\"https:\/\/www.facebook.com\/zabytek\",\"https:\/\/x.com\/NarIDpl\",\"https:\/\/www.instagram.com\/nid.pl\/?hl=pl\",\"https:\/\/www.linkedin.com\/company\/narodowy-instytut-dziedzictwa\",\"https:\/\/www.youtube.com\/channel\/UCQXuhKa2uHtmNvLRUSx40JA\"]},{\"@type\":\"Person\",\"@id\":\"https:\/\/nid.pl\/#\/schema\/person\/1b690a8998a5111cfb9f0ffe24195a15\",\"name\":\"Barbara Halliop\",\"image\":{\"@type\":\"ImageObject\",\"inLanguage\":\"en-GB\",\"@id\":\"https:\/\/nid.pl\/#\/schema\/person\/image\/\",\"url\":\"https:\/\/nid.pl\/wp-content\/litespeed\/avatar\/924046d17dd0c842c9fa9ccf489bc6dc.jpg?ver=1777444967\",\"contentUrl\":\"https:\/\/nid.pl\/wp-content\/litespeed\/avatar\/924046d17dd0c842c9fa9ccf489bc6dc.jpg?ver=1777444967\",\"caption\":\"Barbara Halliop\"},\"url\":\"https:\/\/nid.pl\/en\/author\/bhalliop\/\"}]}<\/script>\n<!-- \/ Yoast SEO plugin. -->","yoast_head_json":{"title":"Wojna na Ukrainie: Bitwa o kultur\u0119 - NID","robots":{"index":"index","follow":"follow","max-snippet":"max-snippet:-1","max-image-preview":"max-image-preview:large","max-video-preview":"max-video-preview:-1"},"canonical":"https:\/\/nid.pl\/en\/2023\/02\/09\/wojna-na-ukrainie-bitwa-o-kulture\/","og_locale":"en_GB","og_type":"article","og_title":"Wojna na Ukrainie: Bitwa o kultur\u0119 - NID","og_description":"Prawie rok temu rosyjskie wojska przeprowadzi\u0142y zmasowany atak rakietowy na terytorium Ukrainy. Wed\u0142ug danych Ministerstwa Kultury i Polityki Informacyjnej Ukrainy, w ci\u0105gu 11 miesi\u0119cy wojny Rosjanie zniszczyli lub uszkodzili 1 [&hellip;]","og_url":"https:\/\/nid.pl\/en\/2023\/02\/09\/wojna-na-ukrainie-bitwa-o-kulture\/","og_site_name":"NID","article_publisher":"https:\/\/www.facebook.com\/zabytek","article_published_time":"2023-02-09T15:07:56+00:00","article_modified_time":"2023-02-09T15:11:06+00:00","og_image":[{"width":1488,"height":992,"url":"https:\/\/nid.pl\/wp-content\/uploads\/2023\/02\/Kijow_aktual.png","type":"image\/png"}],"author":"Barbara Halliop","twitter_card":"summary_large_image","twitter_creator":"@NarIDpl","twitter_site":"@NarIDpl","twitter_misc":{"Written by":"Barbara Halliop","Estimated reading time":"4 minutes"},"schema":{"@context":"https:\/\/schema.org","@graph":[{"@type":"Article","@id":"https:\/\/nid.pl\/2023\/02\/09\/wojna-na-ukrainie-bitwa-o-kulture\/#article","isPartOf":{"@id":"https:\/\/nid.pl\/2023\/02\/09\/wojna-na-ukrainie-bitwa-o-kulture\/"},"author":{"name":"Barbara Halliop","@id":"https:\/\/nid.pl\/#\/schema\/person\/1b690a8998a5111cfb9f0ffe24195a15"},"headline":"Wojna na Ukrainie: Bitwa o kultur\u0119","datePublished":"2023-02-09T15:07:56+00:00","dateModified":"2023-02-09T15:11:06+00:00","mainEntityOfPage":{"@id":"https:\/\/nid.pl\/2023\/02\/09\/wojna-na-ukrainie-bitwa-o-kulture\/"},"wordCount":817,"commentCount":0,"publisher":{"@id":"https:\/\/nid.pl\/#organization"},"image":{"@id":"https:\/\/nid.pl\/2023\/02\/09\/wojna-na-ukrainie-bitwa-o-kulture\/#primaryimage"},"thumbnailUrl":"https:\/\/nid.pl\/wp-content\/uploads\/2023\/02\/Kijow_aktual.png","articleSection":["Aktualno\u015bci"],"inLanguage":"en-GB"},{"@type":"WebPage","@id":"https:\/\/nid.pl\/2023\/02\/09\/wojna-na-ukrainie-bitwa-o-kulture\/","url":"https:\/\/nid.pl\/2023\/02\/09\/wojna-na-ukrainie-bitwa-o-kulture\/","name":"Wojna na Ukrainie: Bitwa o kultur\u0119 - NID","isPartOf":{"@id":"https:\/\/nid.pl\/#website"},"primaryImageOfPage":{"@id":"https:\/\/nid.pl\/2023\/02\/09\/wojna-na-ukrainie-bitwa-o-kulture\/#primaryimage"},"image":{"@id":"https:\/\/nid.pl\/2023\/02\/09\/wojna-na-ukrainie-bitwa-o-kulture\/#primaryimage"},"thumbnailUrl":"https:\/\/nid.pl\/wp-content\/uploads\/2023\/02\/Kijow_aktual.png","datePublished":"2023-02-09T15:07:56+00:00","dateModified":"2023-02-09T15:11:06+00:00","breadcrumb":{"@id":"https:\/\/nid.pl\/2023\/02\/09\/wojna-na-ukrainie-bitwa-o-kulture\/#breadcrumb"},"inLanguage":"en-GB","potentialAction":[{"@type":"ReadAction","target":["https:\/\/nid.pl\/2023\/02\/09\/wojna-na-ukrainie-bitwa-o-kulture\/"]}]},{"@type":"ImageObject","inLanguage":"en-GB","@id":"https:\/\/nid.pl\/2023\/02\/09\/wojna-na-ukrainie-bitwa-o-kulture\/#primaryimage","url":"https:\/\/nid.pl\/wp-content\/uploads\/2023\/02\/Kijow_aktual.png","contentUrl":"https:\/\/nid.pl\/wp-content\/uploads\/2023\/02\/Kijow_aktual.png","width":1488,"height":992,"caption":"Kijow aktual"},{"@type":"BreadcrumbList","@id":"https:\/\/nid.pl\/2023\/02\/09\/wojna-na-ukrainie-bitwa-o-kulture\/#breadcrumb","itemListElement":[{"@type":"ListItem","position":1,"name":"Home","item":"https:\/\/nid.pl\/"},{"@type":"ListItem","position":2,"name":"Wojna na Ukrainie: Bitwa o kultur\u0119"}]},{"@type":"WebSite","@id":"https:\/\/nid.pl\/#website","url":"https:\/\/nid.pl\/","name":"NID","description":"Narodowy Instytut Dziedzictwa","publisher":{"@id":"https:\/\/nid.pl\/#organization"},"potentialAction":[{"@type":"SearchAction","target":{"@type":"EntryPoint","urlTemplate":"https:\/\/nid.pl\/?s={search_term_string}"},"query-input":{"@type":"PropertyValueSpecification","valueRequired":true,"valueName":"search_term_string"}}],"inLanguage":"en-GB"},{"@type":"Organization","@id":"https:\/\/nid.pl\/#organization","name":"Narodowy Instytut Dziedzictwa","url":"https:\/\/nid.pl\/","logo":{"@type":"ImageObject","inLanguage":"en-GB","@id":"https:\/\/nid.pl\/#\/schema\/logo\/image\/","url":"https:\/\/nid.pl\/wp-content\/uploads\/2022\/10\/logoRedDark.png","contentUrl":"https:\/\/nid.pl\/wp-content\/uploads\/2022\/10\/logoRedDark.png","width":200,"height":197,"caption":"Narodowy Instytut Dziedzictwa"},"image":{"@id":"https:\/\/nid.pl\/#\/schema\/logo\/image\/"},"sameAs":["https:\/\/www.facebook.com\/zabytek","https:\/\/x.com\/NarIDpl","https:\/\/www.instagram.com\/nid.pl\/?hl=pl","https:\/\/www.linkedin.com\/company\/narodowy-instytut-dziedzictwa","https:\/\/www.youtube.com\/channel\/UCQXuhKa2uHtmNvLRUSx40JA"]},{"@type":"Person","@id":"https:\/\/nid.pl\/#\/schema\/person\/1b690a8998a5111cfb9f0ffe24195a15","name":"Barbara Halliop","image":{"@type":"ImageObject","inLanguage":"en-GB","@id":"https:\/\/nid.pl\/#\/schema\/person\/image\/","url":"https:\/\/nid.pl\/wp-content\/litespeed\/avatar\/924046d17dd0c842c9fa9ccf489bc6dc.jpg?ver=1777444967","contentUrl":"https:\/\/nid.pl\/wp-content\/litespeed\/avatar\/924046d17dd0c842c9fa9ccf489bc6dc.jpg?ver=1777444967","caption":"Barbara Halliop"},"url":"https:\/\/nid.pl\/en\/author\/bhalliop\/"}]}},"_links":{"self":[{"href":"https:\/\/nid.pl\/en\/wp-json\/wp\/v2\/posts\/9871","targetHints":{"allow":["GET"]}}],"collection":[{"href":"https:\/\/nid.pl\/en\/wp-json\/wp\/v2\/posts"}],"about":[{"href":"https:\/\/nid.pl\/en\/wp-json\/wp\/v2\/types\/post"}],"author":[{"embeddable":true,"href":"https:\/\/nid.pl\/en\/wp-json\/wp\/v2\/users\/7"}],"replies":[{"embeddable":true,"href":"https:\/\/nid.pl\/en\/wp-json\/wp\/v2\/comments?post=9871"}],"version-history":[{"count":0,"href":"https:\/\/nid.pl\/en\/wp-json\/wp\/v2\/posts\/9871\/revisions"}],"wp:featuredmedia":[{"embeddable":true,"href":"https:\/\/nid.pl\/en\/wp-json\/wp\/v2\/media\/9873"}],"wp:attachment":[{"href":"https:\/\/nid.pl\/en\/wp-json\/wp\/v2\/media?parent=9871"}],"wp:term":[{"taxonomy":"category","embeddable":true,"href":"https:\/\/nid.pl\/en\/wp-json\/wp\/v2\/categories?post=9871"},{"taxonomy":"post_tag","embeddable":true,"href":"https:\/\/nid.pl\/en\/wp-json\/wp\/v2\/tags?post=9871"}],"curies":[{"name":"wp","href":"https:\/\/api.w.org\/{rel}","templated":true}]}}