{"id":9808,"date":"2023-02-03T12:56:40","date_gmt":"2023-02-03T11:56:40","guid":{"rendered":"https:\/\/nid.pl\/?p=9808"},"modified":"2023-02-24T13:46:14","modified_gmt":"2023-02-24T12:46:14","slug":"wystawa-architekt-heinrich-dunkel-1877-1922-w-muzeum-sopotu","status":"publish","type":"post","link":"https:\/\/nid.pl\/en\/2023\/02\/03\/wystawa-architekt-heinrich-dunkel-1877-1922-w-muzeum-sopotu\/","title":{"rendered":"Wystawa \u201eArchitekt Heinrich Dunkel (1877-1922)\u201d w Muzeum Sopotu"},"content":{"rendered":"<p><strong>Od 10 lutego zapraszamy do Muzeum Sopotu na wystaw\u0119 \u201eArchitekt Heinrich Dunkel (1877-1922)\u201d nad kt\u00f3r\u0105 Narodowy Instytutu Dziedzictwa obj\u0105\u0142 patronat. Przez ponad dwa miesi\u0105ce b\u0119dzie mo\u017cna ogl\u0105da\u0107 projekty, kopie plan\u00f3w i zdj\u0119cia z realizacji architektonicznych w Sopocie.<\/strong><\/p>\n\n\n\n<p>Heinrich Dunkel to jeden z najciekawszych architekt\u00f3w dzia\u0142aj\u0105cych w Sopocie w I \u0107wierci XX wieku. Swoj\u0105 karier\u0119 w mie\u015bcie rozpocz\u0105\u0142 przy presti\u017cowym projekcie Zak\u0142adu K\u0105pielowego w 1902 r. Jego projekty wyr\u00f3\u017cniaj\u0105 si\u0119 ciekawymi formami: od stylu Landhaus poprzez historyzm do form modernistycznych. Du\u017c\u0105 wag\u0119 przyk\u0142ada\u0142 do detalu i ukszta\u0142towania wn\u0119trza. Dla zleceniodawc\u00f3w projektowa\u0142 wyrafinowan\u0105 stolark\u0119 klatek schodowych, okien, drzwi i boazerii, a tak\u017ce nawi\u0105zuj\u0105ce do nich meble.<\/p>\n\n\n\n<p>Projekty H. Dunkela mo\u017cna odnale\u017a\u0107 na terenie ca\u0142ego Sopotu, ale na szczeg\u00f3ln\u0105 uwag\u0119 zas\u0142uguj\u0105 wille przy ul.: Ignacego Paderewskiego, Antoniego Abrahama i Adama Mickiewicza.<\/p>\n\n\n\n<p>Na wystawie zaprezentowane zostan\u0105 wybrane projekty architekta, kopie plan\u00f3w architektonicznych, zdj\u0119cia archiwalne oraz wsp\u00f3\u0142czesne, kt\u00f3re powsta\u0142y w ramach projektu poprzedzaj\u0105cego wystaw\u0119 \u201eSopot \u015bladami Heinricha Dunkela\u201d.<\/p>\n\n\n\n<p>Wystawa powsta\u0142a we wsp\u00f3\u0142pracy z Archiwum Pa\u0144stwowym w Gda\u0144sku oraz Oddzia\u0142em Gda\u0144skim Narodowego Instytutu Dziedzictwa. &nbsp;<\/p>\n\n\n\n<p><\/p>\n\n\n\n<figure class=\"wp-block-gallery aligncenter has-nested-images columns-default is-cropped wp-block-gallery-1 is-layout-flex wp-block-gallery-is-layout-flex\">\n<figure class=\"wp-block-image size-large\"><img loading=\"lazy\" decoding=\"async\" width=\"1102\" height=\"374\" data-id=\"9806\" src=\"https:\/\/nid.pl\/wp-content\/uploads\/2023\/02\/Patronat-Muzeum-Sopotu.jpg\" alt=\"\" class=\"wp-image-9806\" srcset=\"https:\/\/nid.pl\/wp-content\/uploads\/2023\/02\/Patronat-Muzeum-Sopotu.jpg 1102w, https:\/\/nid.pl\/wp-content\/uploads\/2023\/02\/Patronat-Muzeum-Sopotu-980x333.jpg 980w, https:\/\/nid.pl\/wp-content\/uploads\/2023\/02\/Patronat-Muzeum-Sopotu-480x163.jpg 480w\" sizes=\"(min-width: 0px) and (max-width: 480px) 480px, (min-width: 481px) and (max-width: 980px) 980px, (min-width: 981px) 1102px, 100vw\" \/><\/figure>\n<\/figure>","protected":false},"excerpt":{"rendered":"<p>Od 10 lutego zapraszamy do Muzeum Sopotu na wystaw\u0119 \u201eArchitekt Heinrich Dunkel (1877-1922)\u201d nad kt\u00f3r\u0105 Narodowy Instytutu Dziedzictwa obj\u0105\u0142 patronat. Przez ponad dwa miesi\u0105ce b\u0119dzie mo\u017cna ogl\u0105da\u0107 projekty, kopie plan\u00f3w [&hellip;]<\/p>","protected":false},"author":7,"featured_media":10044,"comment_status":"open","ping_status":"open","sticky":false,"template":"","format":"standard","meta":{"_et_pb_use_builder":"off","_et_pb_old_content":"","_et_gb_content_width":"","_monsterinsights_skip_tracking":false,"_monsterinsights_sitenote_active":false,"_monsterinsights_sitenote_note":"","_monsterinsights_sitenote_category":0,"footnotes":""},"categories":[28],"tags":[],"class_list":["post-9808","post","type-post","status-publish","format-standard","has-post-thumbnail","hentry","category-patronaty"],"yoast_head":"<!-- This site is optimized with the Yoast SEO plugin v26.5 - https:\/\/yoast.com\/wordpress\/plugins\/seo\/ -->\n<title>Wystawa \u201eArchitekt Heinrich Dunkel (1877-1922)\u201d w Muzeum Sopotu - NID<\/title>\n<meta name=\"robots\" content=\"index, follow, max-snippet:-1, max-image-preview:large, max-video-preview:-1\" \/>\n<link rel=\"canonical\" href=\"https:\/\/nid.pl\/en\/2023\/02\/03\/wystawa-architekt-heinrich-dunkel-1877-1922-w-muzeum-sopotu\/\" \/>\n<meta property=\"og:locale\" content=\"en_GB\" \/>\n<meta property=\"og:type\" content=\"article\" \/>\n<meta property=\"og:title\" content=\"Wystawa \u201eArchitekt Heinrich Dunkel (1877-1922)\u201d w Muzeum Sopotu - NID\" \/>\n<meta property=\"og:description\" content=\"Od 10 lutego zapraszamy do Muzeum Sopotu na wystaw\u0119 \u201eArchitekt Heinrich Dunkel (1877-1922)\u201d nad kt\u00f3r\u0105 Narodowy Instytutu Dziedzictwa obj\u0105\u0142 patronat. Przez ponad dwa miesi\u0105ce b\u0119dzie mo\u017cna ogl\u0105da\u0107 projekty, kopie plan\u00f3w [&hellip;]\" \/>\n<meta property=\"og:url\" content=\"https:\/\/nid.pl\/en\/2023\/02\/03\/wystawa-architekt-heinrich-dunkel-1877-1922-w-muzeum-sopotu\/\" \/>\n<meta property=\"og:site_name\" content=\"NID\" \/>\n<meta property=\"article:publisher\" content=\"https:\/\/www.facebook.com\/zabytek\" \/>\n<meta property=\"article:published_time\" content=\"2023-02-03T11:56:40+00:00\" \/>\n<meta property=\"article:modified_time\" content=\"2023-02-24T12:46:14+00:00\" \/>\n<meta property=\"og:image\" content=\"https:\/\/nid.pl\/wp-content\/uploads\/2023\/02\/miniaturka-patronat-1-1.jpg\" \/>\n\t<meta property=\"og:image:width\" content=\"440\" \/>\n\t<meta property=\"og:image:height\" content=\"294\" \/>\n\t<meta property=\"og:image:type\" content=\"image\/jpeg\" \/>\n<meta name=\"author\" content=\"Barbara Halliop\" \/>\n<meta name=\"twitter:card\" content=\"summary_large_image\" \/>\n<meta name=\"twitter:creator\" content=\"@NarIDpl\" \/>\n<meta name=\"twitter:site\" content=\"@NarIDpl\" \/>\n<meta name=\"twitter:label1\" content=\"Written by\" \/>\n\t<meta name=\"twitter:data1\" content=\"Barbara Halliop\" \/>\n\t<meta name=\"twitter:label2\" content=\"Estimated reading time\" \/>\n\t<meta name=\"twitter:data2\" content=\"1 minute\" \/>\n<script type=\"application\/ld+json\" class=\"yoast-schema-graph\">{\"@context\":\"https:\/\/schema.org\",\"@graph\":[{\"@type\":\"Article\",\"@id\":\"https:\/\/nid.pl\/2023\/02\/03\/wystawa-architekt-heinrich-dunkel-1877-1922-w-muzeum-sopotu\/#article\",\"isPartOf\":{\"@id\":\"https:\/\/nid.pl\/2023\/02\/03\/wystawa-architekt-heinrich-dunkel-1877-1922-w-muzeum-sopotu\/\"},\"author\":{\"name\":\"Barbara Halliop\",\"@id\":\"https:\/\/nid.pl\/#\/schema\/person\/1b690a8998a5111cfb9f0ffe24195a15\"},\"headline\":\"Wystawa \u201eArchitekt Heinrich Dunkel (1877-1922)\u201d w Muzeum Sopotu\",\"datePublished\":\"2023-02-03T11:56:40+00:00\",\"dateModified\":\"2023-02-24T12:46:14+00:00\",\"mainEntityOfPage\":{\"@id\":\"https:\/\/nid.pl\/2023\/02\/03\/wystawa-architekt-heinrich-dunkel-1877-1922-w-muzeum-sopotu\/\"},\"wordCount\":213,\"commentCount\":0,\"publisher\":{\"@id\":\"https:\/\/nid.pl\/#organization\"},\"image\":{\"@id\":\"https:\/\/nid.pl\/2023\/02\/03\/wystawa-architekt-heinrich-dunkel-1877-1922-w-muzeum-sopotu\/#primaryimage\"},\"thumbnailUrl\":\"https:\/\/nid.pl\/wp-content\/uploads\/2023\/02\/miniaturka-patronat-1-1.jpg\",\"articleSection\":[\"Patronaty\"],\"inLanguage\":\"en-GB\"},{\"@type\":\"WebPage\",\"@id\":\"https:\/\/nid.pl\/2023\/02\/03\/wystawa-architekt-heinrich-dunkel-1877-1922-w-muzeum-sopotu\/\",\"url\":\"https:\/\/nid.pl\/2023\/02\/03\/wystawa-architekt-heinrich-dunkel-1877-1922-w-muzeum-sopotu\/\",\"name\":\"Wystawa \u201eArchitekt Heinrich Dunkel (1877-1922)\u201d w Muzeum Sopotu - NID\",\"isPartOf\":{\"@id\":\"https:\/\/nid.pl\/#website\"},\"primaryImageOfPage\":{\"@id\":\"https:\/\/nid.pl\/2023\/02\/03\/wystawa-architekt-heinrich-dunkel-1877-1922-w-muzeum-sopotu\/#primaryimage\"},\"image\":{\"@id\":\"https:\/\/nid.pl\/2023\/02\/03\/wystawa-architekt-heinrich-dunkel-1877-1922-w-muzeum-sopotu\/#primaryimage\"},\"thumbnailUrl\":\"https:\/\/nid.pl\/wp-content\/uploads\/2023\/02\/miniaturka-patronat-1-1.jpg\",\"datePublished\":\"2023-02-03T11:56:40+00:00\",\"dateModified\":\"2023-02-24T12:46:14+00:00\",\"breadcrumb\":{\"@id\":\"https:\/\/nid.pl\/2023\/02\/03\/wystawa-architekt-heinrich-dunkel-1877-1922-w-muzeum-sopotu\/#breadcrumb\"},\"inLanguage\":\"en-GB\",\"potentialAction\":[{\"@type\":\"ReadAction\",\"target\":[\"https:\/\/nid.pl\/2023\/02\/03\/wystawa-architekt-heinrich-dunkel-1877-1922-w-muzeum-sopotu\/\"]}]},{\"@type\":\"ImageObject\",\"inLanguage\":\"en-GB\",\"@id\":\"https:\/\/nid.pl\/2023\/02\/03\/wystawa-architekt-heinrich-dunkel-1877-1922-w-muzeum-sopotu\/#primaryimage\",\"url\":\"https:\/\/nid.pl\/wp-content\/uploads\/2023\/02\/miniaturka-patronat-1-1.jpg\",\"contentUrl\":\"https:\/\/nid.pl\/wp-content\/uploads\/2023\/02\/miniaturka-patronat-1-1.jpg\",\"width\":440,\"height\":294,\"caption\":\"miniaturka patronat\"},{\"@type\":\"BreadcrumbList\",\"@id\":\"https:\/\/nid.pl\/2023\/02\/03\/wystawa-architekt-heinrich-dunkel-1877-1922-w-muzeum-sopotu\/#breadcrumb\",\"itemListElement\":[{\"@type\":\"ListItem\",\"position\":1,\"name\":\"Home\",\"item\":\"https:\/\/nid.pl\/\"},{\"@type\":\"ListItem\",\"position\":2,\"name\":\"Wystawa \u201eArchitekt Heinrich Dunkel (1877-1922)\u201d w Muzeum Sopotu\"}]},{\"@type\":\"WebSite\",\"@id\":\"https:\/\/nid.pl\/#website\",\"url\":\"https:\/\/nid.pl\/\",\"name\":\"NID\",\"description\":\"Narodowy Instytut Dziedzictwa\",\"publisher\":{\"@id\":\"https:\/\/nid.pl\/#organization\"},\"potentialAction\":[{\"@type\":\"SearchAction\",\"target\":{\"@type\":\"EntryPoint\",\"urlTemplate\":\"https:\/\/nid.pl\/?s={search_term_string}\"},\"query-input\":{\"@type\":\"PropertyValueSpecification\",\"valueRequired\":true,\"valueName\":\"search_term_string\"}}],\"inLanguage\":\"en-GB\"},{\"@type\":\"Organization\",\"@id\":\"https:\/\/nid.pl\/#organization\",\"name\":\"Narodowy Instytut Dziedzictwa\",\"url\":\"https:\/\/nid.pl\/\",\"logo\":{\"@type\":\"ImageObject\",\"inLanguage\":\"en-GB\",\"@id\":\"https:\/\/nid.pl\/#\/schema\/logo\/image\/\",\"url\":\"https:\/\/nid.pl\/wp-content\/uploads\/2022\/10\/logoRedDark.png\",\"contentUrl\":\"https:\/\/nid.pl\/wp-content\/uploads\/2022\/10\/logoRedDark.png\",\"width\":200,\"height\":197,\"caption\":\"Narodowy Instytut Dziedzictwa\"},\"image\":{\"@id\":\"https:\/\/nid.pl\/#\/schema\/logo\/image\/\"},\"sameAs\":[\"https:\/\/www.facebook.com\/zabytek\",\"https:\/\/x.com\/NarIDpl\",\"https:\/\/www.instagram.com\/nid.pl\/?hl=pl\",\"https:\/\/www.linkedin.com\/company\/narodowy-instytut-dziedzictwa\",\"https:\/\/www.youtube.com\/channel\/UCQXuhKa2uHtmNvLRUSx40JA\"]},{\"@type\":\"Person\",\"@id\":\"https:\/\/nid.pl\/#\/schema\/person\/1b690a8998a5111cfb9f0ffe24195a15\",\"name\":\"Barbara Halliop\",\"image\":{\"@type\":\"ImageObject\",\"inLanguage\":\"en-GB\",\"@id\":\"https:\/\/nid.pl\/#\/schema\/person\/image\/\",\"url\":\"https:\/\/nid.pl\/wp-content\/litespeed\/avatar\/924046d17dd0c842c9fa9ccf489bc6dc.jpg?ver=1777444967\",\"contentUrl\":\"https:\/\/nid.pl\/wp-content\/litespeed\/avatar\/924046d17dd0c842c9fa9ccf489bc6dc.jpg?ver=1777444967\",\"caption\":\"Barbara Halliop\"},\"url\":\"https:\/\/nid.pl\/en\/author\/bhalliop\/\"}]}<\/script>\n<!-- \/ Yoast SEO plugin. -->","yoast_head_json":{"title":"Wystawa \u201eArchitekt Heinrich Dunkel (1877-1922)\u201d w Muzeum Sopotu - NID","robots":{"index":"index","follow":"follow","max-snippet":"max-snippet:-1","max-image-preview":"max-image-preview:large","max-video-preview":"max-video-preview:-1"},"canonical":"https:\/\/nid.pl\/en\/2023\/02\/03\/wystawa-architekt-heinrich-dunkel-1877-1922-w-muzeum-sopotu\/","og_locale":"en_GB","og_type":"article","og_title":"Wystawa \u201eArchitekt Heinrich Dunkel (1877-1922)\u201d w Muzeum Sopotu - NID","og_description":"Od 10 lutego zapraszamy do Muzeum Sopotu na wystaw\u0119 \u201eArchitekt Heinrich Dunkel (1877-1922)\u201d nad kt\u00f3r\u0105 Narodowy Instytutu Dziedzictwa obj\u0105\u0142 patronat. Przez ponad dwa miesi\u0105ce b\u0119dzie mo\u017cna ogl\u0105da\u0107 projekty, kopie plan\u00f3w [&hellip;]","og_url":"https:\/\/nid.pl\/en\/2023\/02\/03\/wystawa-architekt-heinrich-dunkel-1877-1922-w-muzeum-sopotu\/","og_site_name":"NID","article_publisher":"https:\/\/www.facebook.com\/zabytek","article_published_time":"2023-02-03T11:56:40+00:00","article_modified_time":"2023-02-24T12:46:14+00:00","og_image":[{"width":440,"height":294,"url":"https:\/\/nid.pl\/wp-content\/uploads\/2023\/02\/miniaturka-patronat-1-1.jpg","type":"image\/jpeg"}],"author":"Barbara Halliop","twitter_card":"summary_large_image","twitter_creator":"@NarIDpl","twitter_site":"@NarIDpl","twitter_misc":{"Written by":"Barbara Halliop","Estimated reading time":"1 minute"},"schema":{"@context":"https:\/\/schema.org","@graph":[{"@type":"Article","@id":"https:\/\/nid.pl\/2023\/02\/03\/wystawa-architekt-heinrich-dunkel-1877-1922-w-muzeum-sopotu\/#article","isPartOf":{"@id":"https:\/\/nid.pl\/2023\/02\/03\/wystawa-architekt-heinrich-dunkel-1877-1922-w-muzeum-sopotu\/"},"author":{"name":"Barbara Halliop","@id":"https:\/\/nid.pl\/#\/schema\/person\/1b690a8998a5111cfb9f0ffe24195a15"},"headline":"Wystawa \u201eArchitekt Heinrich Dunkel (1877-1922)\u201d w Muzeum Sopotu","datePublished":"2023-02-03T11:56:40+00:00","dateModified":"2023-02-24T12:46:14+00:00","mainEntityOfPage":{"@id":"https:\/\/nid.pl\/2023\/02\/03\/wystawa-architekt-heinrich-dunkel-1877-1922-w-muzeum-sopotu\/"},"wordCount":213,"commentCount":0,"publisher":{"@id":"https:\/\/nid.pl\/#organization"},"image":{"@id":"https:\/\/nid.pl\/2023\/02\/03\/wystawa-architekt-heinrich-dunkel-1877-1922-w-muzeum-sopotu\/#primaryimage"},"thumbnailUrl":"https:\/\/nid.pl\/wp-content\/uploads\/2023\/02\/miniaturka-patronat-1-1.jpg","articleSection":["Patronaty"],"inLanguage":"en-GB"},{"@type":"WebPage","@id":"https:\/\/nid.pl\/2023\/02\/03\/wystawa-architekt-heinrich-dunkel-1877-1922-w-muzeum-sopotu\/","url":"https:\/\/nid.pl\/2023\/02\/03\/wystawa-architekt-heinrich-dunkel-1877-1922-w-muzeum-sopotu\/","name":"Wystawa \u201eArchitekt Heinrich Dunkel (1877-1922)\u201d w Muzeum Sopotu - NID","isPartOf":{"@id":"https:\/\/nid.pl\/#website"},"primaryImageOfPage":{"@id":"https:\/\/nid.pl\/2023\/02\/03\/wystawa-architekt-heinrich-dunkel-1877-1922-w-muzeum-sopotu\/#primaryimage"},"image":{"@id":"https:\/\/nid.pl\/2023\/02\/03\/wystawa-architekt-heinrich-dunkel-1877-1922-w-muzeum-sopotu\/#primaryimage"},"thumbnailUrl":"https:\/\/nid.pl\/wp-content\/uploads\/2023\/02\/miniaturka-patronat-1-1.jpg","datePublished":"2023-02-03T11:56:40+00:00","dateModified":"2023-02-24T12:46:14+00:00","breadcrumb":{"@id":"https:\/\/nid.pl\/2023\/02\/03\/wystawa-architekt-heinrich-dunkel-1877-1922-w-muzeum-sopotu\/#breadcrumb"},"inLanguage":"en-GB","potentialAction":[{"@type":"ReadAction","target":["https:\/\/nid.pl\/2023\/02\/03\/wystawa-architekt-heinrich-dunkel-1877-1922-w-muzeum-sopotu\/"]}]},{"@type":"ImageObject","inLanguage":"en-GB","@id":"https:\/\/nid.pl\/2023\/02\/03\/wystawa-architekt-heinrich-dunkel-1877-1922-w-muzeum-sopotu\/#primaryimage","url":"https:\/\/nid.pl\/wp-content\/uploads\/2023\/02\/miniaturka-patronat-1-1.jpg","contentUrl":"https:\/\/nid.pl\/wp-content\/uploads\/2023\/02\/miniaturka-patronat-1-1.jpg","width":440,"height":294,"caption":"miniaturka patronat"},{"@type":"BreadcrumbList","@id":"https:\/\/nid.pl\/2023\/02\/03\/wystawa-architekt-heinrich-dunkel-1877-1922-w-muzeum-sopotu\/#breadcrumb","itemListElement":[{"@type":"ListItem","position":1,"name":"Home","item":"https:\/\/nid.pl\/"},{"@type":"ListItem","position":2,"name":"Wystawa \u201eArchitekt Heinrich Dunkel (1877-1922)\u201d w Muzeum Sopotu"}]},{"@type":"WebSite","@id":"https:\/\/nid.pl\/#website","url":"https:\/\/nid.pl\/","name":"NID","description":"Narodowy Instytut Dziedzictwa","publisher":{"@id":"https:\/\/nid.pl\/#organization"},"potentialAction":[{"@type":"SearchAction","target":{"@type":"EntryPoint","urlTemplate":"https:\/\/nid.pl\/?s={search_term_string}"},"query-input":{"@type":"PropertyValueSpecification","valueRequired":true,"valueName":"search_term_string"}}],"inLanguage":"en-GB"},{"@type":"Organization","@id":"https:\/\/nid.pl\/#organization","name":"Narodowy Instytut Dziedzictwa","url":"https:\/\/nid.pl\/","logo":{"@type":"ImageObject","inLanguage":"en-GB","@id":"https:\/\/nid.pl\/#\/schema\/logo\/image\/","url":"https:\/\/nid.pl\/wp-content\/uploads\/2022\/10\/logoRedDark.png","contentUrl":"https:\/\/nid.pl\/wp-content\/uploads\/2022\/10\/logoRedDark.png","width":200,"height":197,"caption":"Narodowy Instytut Dziedzictwa"},"image":{"@id":"https:\/\/nid.pl\/#\/schema\/logo\/image\/"},"sameAs":["https:\/\/www.facebook.com\/zabytek","https:\/\/x.com\/NarIDpl","https:\/\/www.instagram.com\/nid.pl\/?hl=pl","https:\/\/www.linkedin.com\/company\/narodowy-instytut-dziedzictwa","https:\/\/www.youtube.com\/channel\/UCQXuhKa2uHtmNvLRUSx40JA"]},{"@type":"Person","@id":"https:\/\/nid.pl\/#\/schema\/person\/1b690a8998a5111cfb9f0ffe24195a15","name":"Barbara Halliop","image":{"@type":"ImageObject","inLanguage":"en-GB","@id":"https:\/\/nid.pl\/#\/schema\/person\/image\/","url":"https:\/\/nid.pl\/wp-content\/litespeed\/avatar\/924046d17dd0c842c9fa9ccf489bc6dc.jpg?ver=1777444967","contentUrl":"https:\/\/nid.pl\/wp-content\/litespeed\/avatar\/924046d17dd0c842c9fa9ccf489bc6dc.jpg?ver=1777444967","caption":"Barbara Halliop"},"url":"https:\/\/nid.pl\/en\/author\/bhalliop\/"}]}},"_links":{"self":[{"href":"https:\/\/nid.pl\/en\/wp-json\/wp\/v2\/posts\/9808","targetHints":{"allow":["GET"]}}],"collection":[{"href":"https:\/\/nid.pl\/en\/wp-json\/wp\/v2\/posts"}],"about":[{"href":"https:\/\/nid.pl\/en\/wp-json\/wp\/v2\/types\/post"}],"author":[{"embeddable":true,"href":"https:\/\/nid.pl\/en\/wp-json\/wp\/v2\/users\/7"}],"replies":[{"embeddable":true,"href":"https:\/\/nid.pl\/en\/wp-json\/wp\/v2\/comments?post=9808"}],"version-history":[{"count":0,"href":"https:\/\/nid.pl\/en\/wp-json\/wp\/v2\/posts\/9808\/revisions"}],"wp:featuredmedia":[{"embeddable":true,"href":"https:\/\/nid.pl\/en\/wp-json\/wp\/v2\/media\/10044"}],"wp:attachment":[{"href":"https:\/\/nid.pl\/en\/wp-json\/wp\/v2\/media?parent=9808"}],"wp:term":[{"taxonomy":"category","embeddable":true,"href":"https:\/\/nid.pl\/en\/wp-json\/wp\/v2\/categories?post=9808"},{"taxonomy":"post_tag","embeddable":true,"href":"https:\/\/nid.pl\/en\/wp-json\/wp\/v2\/tags?post=9808"}],"curies":[{"name":"wp","href":"https:\/\/api.w.org\/{rel}","templated":true}]}}