{"id":9621,"date":"2023-01-12T15:01:33","date_gmt":"2023-01-12T14:01:33","guid":{"rendered":"https:\/\/nid.pl\/?p=9621"},"modified":"2023-01-19T15:14:39","modified_gmt":"2023-01-19T14:14:39","slug":"dumni-z-dziedzictwa-rzeczpospolitej-niepodleglej","status":"publish","type":"post","link":"https:\/\/nid.pl\/en\/2023\/01\/12\/dumni-z-dziedzictwa-rzeczpospolitej-niepodleglej\/","title":{"rendered":"Dumni z dziedzictwa Rzeczpospolitej niepodleg\u0142ej"},"content":{"rendered":"<p><strong>\u2013 <em>Przysz\u0142o\u015bci nie da si\u0119 zbudowa\u0107 bez szacunku dla w\u0142asnej historii i to\u017csamo\u015bci<\/em> \u2013 powiedzia\u0142 wicepremier, minister kultury i dziedzictwa narodowego, prof. Piotr Gli\u0144ski. W Warszawie odby\u0142 si\u0119 kongres podsumowuj\u0105cy wydarzenia zwi\u0105zane z 100. rocznic\u0105 odzyskania niepodleg\u0142o\u015bci przez Polsk\u0119. W wydarzeniu wzi\u0119li udzia\u0142 przedstawiciele Narodowego Instytutu Dziedzictwa.<\/strong><\/p>\n\n\n\n<p>W dniach 11\u201312 stycznia w Warszawie odby\u0142 si\u0119 kongres podsumowuj\u0105cy obchody stulecia odzyskania niepodleg\u0142o\u015bci oraz odbudowy polskiej pa\u0144stwowo\u015bci. Jubileusz by\u0142 r\u00f3wnie\u017c motywem przewodnim czterech ostatnich Europejskich Dni Dziedzictwa, kt\u00f3rych koordynatorem krajowym jest Narodowy Instytut Dziedzictwa. Tylko w minionym roku odby\u0142o si\u0119 w ramach EDD ponad 1200 wydarze\u0144 o charakterze artystycznym i naukowym, w kt\u00f3rych uczestniczy\u0142o przesz\u0142o 200 tysi\u0119cy os\u00f3b.<\/p>\n\n\n\n<p>Kongres sta\u0142 si\u0119 okazj\u0105 do podj\u0119cia pr\u00f3by wyznaczenia kierunk\u00f3w dzia\u0142a\u0144 edukacyjnych i\u00a0popularyzatorskich w\u0142\u0105czaj\u0105cych Polak\u00f3w we wsp\u00f3lne \u015bwi\u0119towanie wa\u017cnych rocznic i\u00a0wydarze\u0144 historycznych. By\u0142a to tak\u017ce okazja do dyskusji o potrzebach i pomys\u0142ach na nowoczesn\u0105 i odpowiadaj\u0105c\u0105 na zapotrzebowanie spo\u0142eczne ofert\u0119 kulturalno-edukacyjn\u0105 dla mieszka\u0144c\u00f3w Polski.<\/p>\n\n\n\n<p>\u2013 <em>Odci\u0119cie si\u0119 od w\u0142asnej historii jest trudne do zrozumienia, gdy patrzymy na kwesti\u0119 potrzeb i\u00a0interes\u00f3w narodowych (\u2026) Nasza przysz\u0142o\u015b\u0107 bez przesz\u0142o\u015bci nie ma \u017cadnych szans. Wiemy, \u017ce przysz\u0142o\u015bci nie da si\u0119 zbudowa\u0107 bez szacunku dla w\u0142asnej historii i to\u017csamo\u015bci \u2013 <\/em>powiedzia\u0142 otwieraj\u0105c \u201eKongres Niepodleg\u0142a!\u201d, wicepremier, minister kultury i dziedzictwa narodowego, prof. Piotr Gli\u0144ski.<\/p>\n\n\n\n<p>Spotkanie w gronie ekspert\u00f3w ze \u015bwiata kultury, edukacji oraz przedstawicieli w\u0142adz centralnych i samorz\u0105dowych pozwoli\u0142o na skonfrontowanie r\u00f3\u017cnych wizji i propozycji dotycz\u0105cych promocji Polski i polskiej kultury za granic\u0105. W\u015br\u00f3d uczestnik\u00f3w debat nie zabrak\u0142o os\u00f3b odpowiedzialnych za kreowanie polityki kulturalnej i kierunk\u00f3w jej finansowania na poziomie og\u00f3lnopolskim, regionalnym i lokalnym, a tak\u017ce specjalist\u00f3w i praktyk\u00f3w, na co dzie\u0144 zajmuj\u0105cych si\u0119 realizacj\u0105 projekt\u00f3w i wydarze\u0144 w\u0142\u0105czaj\u0105cych Polak\u00f3w we wsp\u00f3lne \u015bwi\u0119towanie. Do udzia\u0142u w dyskusjach, organizator wydarzenia \u2013 Biuro Programu \u201eNiepodleg\u0142a\u201d \u2013 zaprosi\u0142 m.in. przedstawicieli w\u0142adz centralnych i samorz\u0105dowych, pa\u0144stwowych i samorz\u0105dowych instytucji kultury, organizacji pozarz\u0105dowych, naukowc\u00f3w, mecenas\u00f3w kultury oraz media.<\/p>\n\n\n\n<p>W jednym z paneli, kt\u00f3ry by\u0142 po\u015bwi\u0119cony tematowi wsp\u00f3\u0142pracy mi\u0119dzyinstytucjonalnej i\u00a0mi\u0119dzysektorowej na rzecz wsparcia przedsi\u0119wzi\u0119\u0107 kulturalnych i dziedzictwa narodowego, udzia\u0142 wzi\u0119\u0142a Maria Bade\u0144ska-Stapp, koordynator Centrum Kompetencji ds. Rewitalizacji, Narodowego Instytutu Dziedzictwa.<\/p>\n\n\n\n<p>W ramach \u201eKongresu Niepodleg\u0142a!\u201d w strefie wystawowej, na stoisku Narodowego Instytutu Dziedzictwa, prezentowane by\u0142y najnowsze wydawnictwa NID oraz obiekty wpisane przez Prezydenta RP na list\u0119 Pomnik\u00f3w Historii, czyli zabytk\u00f3w nieruchomych o szczeg\u00f3lnym znaczeniu dla kultury.<\/p>\n\n\n\n<p>W 2016 r., z okazji zbli\u017caj\u0105cego si\u0119 jubileuszu stulecia odzyskania niepodleg\u0142o\u015bci przez Polsk\u0119, w Ministerstwie Kultury i Dziedzictwa Narodowego zrodzi\u0142a si\u0119 inicjatywa poszerzenia listy Pomnik\u00f3w Historii do stu obiekt\u00f3w. Procedur\u0119 uznawania za Pomnik Historii prowadzi Narodowy Instytut Dziedzictwa. W ci\u0105gu tych dw\u00f3ch lat NID przygotowa\u0142 46 kompletnych dokumentacji obiekt\u00f3w, kt\u00f3re umo\u017cliwi\u0142y wpisanie ich na t\u0119 presti\u017cow\u0105 list\u0119. Dotychczas za Pomniki Historii uznano 119 zabytk\u00f3w \u2013 lista jest otwarta. W\u015br\u00f3d wyr\u00f3\u017cnionych obiekt\u00f3w znalaz\u0142y nich m.in. zesp\u00f3\u0142 kolegiaty w Wi\u015blicy, Zamo\u015b\u0107 &#8211; historyczny zesp\u00f3\u0142 miasta w zasi\u0119gu obwarowa\u0144 z XIX wieku czy XIX-wieczna osada fabryczna w \u017byrardowie.<\/p>\n\n\n\n<p><\/p>\n\n\n\n<figure class=\"wp-block-gallery has-nested-images columns-default is-cropped wp-block-gallery-1 is-layout-flex wp-block-gallery-is-layout-flex\">\n<figure class=\"wp-block-image size-large\"><img loading=\"lazy\" decoding=\"async\" width=\"2048\" height=\"1365\" data-id=\"9618\" src=\"https:\/\/nid.pl\/wp-content\/uploads\/2023\/01\/prof-Glinski.jpg\" alt=\"\" class=\"wp-image-9618\" srcset=\"https:\/\/nid.pl\/wp-content\/uploads\/2023\/01\/prof-Glinski.jpg 2048w, https:\/\/nid.pl\/wp-content\/uploads\/2023\/01\/prof-Glinski-1280x853.jpg 1280w, https:\/\/nid.pl\/wp-content\/uploads\/2023\/01\/prof-Glinski-980x653.jpg 980w, https:\/\/nid.pl\/wp-content\/uploads\/2023\/01\/prof-Glinski-480x320.jpg 480w\" sizes=\"(min-width: 0px) and (max-width: 480px) 480px, (min-width: 481px) and (max-width: 980px) 980px, (min-width: 981px) and (max-width: 1280px) 1280px, (min-width: 1281px) 2048px, 100vw\" \/><figcaption>Fot. Danuta Matloch\/MKiDN<\/figcaption><\/figure>\n<\/figure>\n\n\n\n<figure class=\"wp-block-gallery has-nested-images columns-default is-cropped wp-block-gallery-2 is-layout-flex wp-block-gallery-is-layout-flex\">\n<figure class=\"wp-block-image size-large\"><img loading=\"lazy\" decoding=\"async\" width=\"1536\" height=\"2048\" data-id=\"9620\" src=\"https:\/\/nid.pl\/wp-content\/uploads\/2023\/01\/stoisko-EDD.jpg\" alt=\"\" class=\"wp-image-9620\" srcset=\"https:\/\/nid.pl\/wp-content\/uploads\/2023\/01\/stoisko-EDD.jpg 1536w, https:\/\/nid.pl\/wp-content\/uploads\/2023\/01\/stoisko-EDD-1280x1707.jpg 1280w, https:\/\/nid.pl\/wp-content\/uploads\/2023\/01\/stoisko-EDD-980x1307.jpg 980w, https:\/\/nid.pl\/wp-content\/uploads\/2023\/01\/stoisko-EDD-480x640.jpg 480w\" sizes=\"(min-width: 0px) and (max-width: 480px) 480px, (min-width: 481px) and (max-width: 980px) 980px, (min-width: 981px) and (max-width: 1280px) 1280px, (min-width: 1281px) 1536px, 100vw\" \/><figcaption>Fot. NID<\/figcaption><\/figure>\n\n\n\n<figure class=\"wp-block-image size-large\"><img loading=\"lazy\" decoding=\"async\" width=\"2040\" height=\"1359\" data-id=\"9617\" src=\"https:\/\/nid.pl\/wp-content\/uploads\/2023\/01\/fot-T-Tolloczko-Biuro-Niepodlegla-aktual.jpg\" alt=\"\" class=\"wp-image-9617\" srcset=\"https:\/\/nid.pl\/wp-content\/uploads\/2023\/01\/fot-T-Tolloczko-Biuro-Niepodlegla-aktual.jpg 2040w, https:\/\/nid.pl\/wp-content\/uploads\/2023\/01\/fot-T-Tolloczko-Biuro-Niepodlegla-aktual-1280x853.jpg 1280w, https:\/\/nid.pl\/wp-content\/uploads\/2023\/01\/fot-T-Tolloczko-Biuro-Niepodlegla-aktual-980x653.jpg 980w, https:\/\/nid.pl\/wp-content\/uploads\/2023\/01\/fot-T-Tolloczko-Biuro-Niepodlegla-aktual-480x320.jpg 480w\" sizes=\"(min-width: 0px) and (max-width: 480px) 480px, (min-width: 481px) and (max-width: 980px) 980px, (min-width: 981px) and (max-width: 1280px) 1280px, (min-width: 1281px) 2040px, 100vw\" \/><figcaption>Fot. T. To\u0142\u0142oczko\/Biuro Niepodleg\u0142a<\/figcaption><\/figure>\n<\/figure>\n\n\n\n<figure class=\"wp-block-gallery has-nested-images columns-default is-cropped wp-block-gallery-3 is-layout-flex wp-block-gallery-is-layout-flex\">\n<figure class=\"wp-block-image size-large\"><img loading=\"lazy\" decoding=\"async\" width=\"2048\" height=\"1365\" data-id=\"9619\" src=\"https:\/\/nid.pl\/wp-content\/uploads\/2023\/01\/kongres.jpg\" alt=\"\" class=\"wp-image-9619\" srcset=\"https:\/\/nid.pl\/wp-content\/uploads\/2023\/01\/kongres.jpg 2048w, https:\/\/nid.pl\/wp-content\/uploads\/2023\/01\/kongres-1280x853.jpg 1280w, https:\/\/nid.pl\/wp-content\/uploads\/2023\/01\/kongres-980x653.jpg 980w, https:\/\/nid.pl\/wp-content\/uploads\/2023\/01\/kongres-480x320.jpg 480w\" sizes=\"(min-width: 0px) and (max-width: 480px) 480px, (min-width: 481px) and (max-width: 980px) 980px, (min-width: 981px) and (max-width: 1280px) 1280px, (min-width: 1281px) 2048px, 100vw\" \/><figcaption>Fot. Danuta Matloch\/MKiDN<\/figcaption><\/figure>\n<\/figure>","protected":false},"excerpt":{"rendered":"<p>\u2013 Przysz\u0142o\u015bci nie da si\u0119 zbudowa\u0107 bez szacunku dla w\u0142asnej historii i to\u017csamo\u015bci \u2013 powiedzia\u0142 wicepremier, minister kultury i dziedzictwa narodowego, prof. Piotr Gli\u0144ski. W Warszawie odby\u0142 si\u0119 kongres podsumowuj\u0105cy [&hellip;]<\/p>","protected":false},"author":7,"featured_media":9617,"comment_status":"open","ping_status":"open","sticky":false,"template":"","format":"standard","meta":{"_et_pb_use_builder":"off","_et_pb_old_content":"","_et_gb_content_width":"","_monsterinsights_skip_tracking":false,"_monsterinsights_sitenote_active":false,"_monsterinsights_sitenote_note":"","_monsterinsights_sitenote_category":0,"footnotes":""},"categories":[3],"tags":[],"class_list":["post-9621","post","type-post","status-publish","format-standard","has-post-thumbnail","hentry","category-aktualnosci"],"yoast_head":"<!-- This site is optimized with the Yoast SEO plugin v26.5 - https:\/\/yoast.com\/wordpress\/plugins\/seo\/ -->\n<title>Dumni z dziedzictwa Rzeczpospolitej niepodleg\u0142ej - NID<\/title>\n<meta name=\"robots\" content=\"index, follow, max-snippet:-1, max-image-preview:large, max-video-preview:-1\" \/>\n<link rel=\"canonical\" href=\"https:\/\/nid.pl\/en\/2023\/01\/12\/dumni-z-dziedzictwa-rzeczpospolitej-niepodleglej\/\" \/>\n<meta property=\"og:locale\" content=\"en_GB\" \/>\n<meta property=\"og:type\" content=\"article\" \/>\n<meta property=\"og:title\" content=\"Dumni z dziedzictwa Rzeczpospolitej niepodleg\u0142ej - NID\" \/>\n<meta property=\"og:description\" content=\"\u2013 Przysz\u0142o\u015bci nie da si\u0119 zbudowa\u0107 bez szacunku dla w\u0142asnej historii i to\u017csamo\u015bci \u2013 powiedzia\u0142 wicepremier, minister kultury i dziedzictwa narodowego, prof. Piotr Gli\u0144ski. W Warszawie odby\u0142 si\u0119 kongres podsumowuj\u0105cy [&hellip;]\" \/>\n<meta property=\"og:url\" content=\"https:\/\/nid.pl\/en\/2023\/01\/12\/dumni-z-dziedzictwa-rzeczpospolitej-niepodleglej\/\" \/>\n<meta property=\"og:site_name\" content=\"NID\" \/>\n<meta property=\"article:publisher\" content=\"https:\/\/www.facebook.com\/zabytek\" \/>\n<meta property=\"article:published_time\" content=\"2023-01-12T14:01:33+00:00\" \/>\n<meta property=\"article:modified_time\" content=\"2023-01-19T14:14:39+00:00\" \/>\n<meta property=\"og:image\" content=\"https:\/\/nid.pl\/wp-content\/uploads\/2023\/01\/fot-T-Tolloczko-Biuro-Niepodlegla-aktual.jpg\" \/>\n\t<meta property=\"og:image:width\" content=\"2040\" \/>\n\t<meta property=\"og:image:height\" content=\"1359\" \/>\n\t<meta property=\"og:image:type\" content=\"image\/jpeg\" \/>\n<meta name=\"author\" content=\"Barbara Halliop\" \/>\n<meta name=\"twitter:card\" content=\"summary_large_image\" \/>\n<meta name=\"twitter:creator\" content=\"@NarIDpl\" \/>\n<meta name=\"twitter:site\" content=\"@NarIDpl\" \/>\n<meta name=\"twitter:label1\" content=\"Written by\" \/>\n\t<meta name=\"twitter:data1\" content=\"Barbara Halliop\" \/>\n\t<meta name=\"twitter:label2\" content=\"Estimated reading time\" \/>\n\t<meta name=\"twitter:data2\" content=\"3 minutes\" \/>\n<script type=\"application\/ld+json\" class=\"yoast-schema-graph\">{\"@context\":\"https:\/\/schema.org\",\"@graph\":[{\"@type\":\"Article\",\"@id\":\"https:\/\/nid.pl\/2023\/01\/12\/dumni-z-dziedzictwa-rzeczpospolitej-niepodleglej\/#article\",\"isPartOf\":{\"@id\":\"https:\/\/nid.pl\/2023\/01\/12\/dumni-z-dziedzictwa-rzeczpospolitej-niepodleglej\/\"},\"author\":{\"name\":\"Barbara Halliop\",\"@id\":\"https:\/\/nid.pl\/#\/schema\/person\/1b690a8998a5111cfb9f0ffe24195a15\"},\"headline\":\"Dumni z dziedzictwa Rzeczpospolitej niepodleg\u0142ej\",\"datePublished\":\"2023-01-12T14:01:33+00:00\",\"dateModified\":\"2023-01-19T14:14:39+00:00\",\"mainEntityOfPage\":{\"@id\":\"https:\/\/nid.pl\/2023\/01\/12\/dumni-z-dziedzictwa-rzeczpospolitej-niepodleglej\/\"},\"wordCount\":600,\"commentCount\":0,\"publisher\":{\"@id\":\"https:\/\/nid.pl\/#organization\"},\"image\":{\"@id\":\"https:\/\/nid.pl\/2023\/01\/12\/dumni-z-dziedzictwa-rzeczpospolitej-niepodleglej\/#primaryimage\"},\"thumbnailUrl\":\"https:\/\/nid.pl\/wp-content\/uploads\/2023\/01\/fot-T-Tolloczko-Biuro-Niepodlegla-aktual.jpg\",\"articleSection\":[\"Aktualno\u015bci\"],\"inLanguage\":\"en-GB\"},{\"@type\":\"WebPage\",\"@id\":\"https:\/\/nid.pl\/2023\/01\/12\/dumni-z-dziedzictwa-rzeczpospolitej-niepodleglej\/\",\"url\":\"https:\/\/nid.pl\/2023\/01\/12\/dumni-z-dziedzictwa-rzeczpospolitej-niepodleglej\/\",\"name\":\"Dumni z dziedzictwa Rzeczpospolitej niepodleg\u0142ej - NID\",\"isPartOf\":{\"@id\":\"https:\/\/nid.pl\/#website\"},\"primaryImageOfPage\":{\"@id\":\"https:\/\/nid.pl\/2023\/01\/12\/dumni-z-dziedzictwa-rzeczpospolitej-niepodleglej\/#primaryimage\"},\"image\":{\"@id\":\"https:\/\/nid.pl\/2023\/01\/12\/dumni-z-dziedzictwa-rzeczpospolitej-niepodleglej\/#primaryimage\"},\"thumbnailUrl\":\"https:\/\/nid.pl\/wp-content\/uploads\/2023\/01\/fot-T-Tolloczko-Biuro-Niepodlegla-aktual.jpg\",\"datePublished\":\"2023-01-12T14:01:33+00:00\",\"dateModified\":\"2023-01-19T14:14:39+00:00\",\"breadcrumb\":{\"@id\":\"https:\/\/nid.pl\/2023\/01\/12\/dumni-z-dziedzictwa-rzeczpospolitej-niepodleglej\/#breadcrumb\"},\"inLanguage\":\"en-GB\",\"potentialAction\":[{\"@type\":\"ReadAction\",\"target\":[\"https:\/\/nid.pl\/2023\/01\/12\/dumni-z-dziedzictwa-rzeczpospolitej-niepodleglej\/\"]}]},{\"@type\":\"ImageObject\",\"inLanguage\":\"en-GB\",\"@id\":\"https:\/\/nid.pl\/2023\/01\/12\/dumni-z-dziedzictwa-rzeczpospolitej-niepodleglej\/#primaryimage\",\"url\":\"https:\/\/nid.pl\/wp-content\/uploads\/2023\/01\/fot-T-Tolloczko-Biuro-Niepodlegla-aktual.jpg\",\"contentUrl\":\"https:\/\/nid.pl\/wp-content\/uploads\/2023\/01\/fot-T-Tolloczko-Biuro-Niepodlegla-aktual.jpg\",\"width\":2040,\"height\":1359,\"caption\":\"fot T Tolloczko Biuro Niepodlegla aktual\"},{\"@type\":\"BreadcrumbList\",\"@id\":\"https:\/\/nid.pl\/2023\/01\/12\/dumni-z-dziedzictwa-rzeczpospolitej-niepodleglej\/#breadcrumb\",\"itemListElement\":[{\"@type\":\"ListItem\",\"position\":1,\"name\":\"Home\",\"item\":\"https:\/\/nid.pl\/\"},{\"@type\":\"ListItem\",\"position\":2,\"name\":\"Dumni z dziedzictwa Rzeczpospolitej niepodleg\u0142ej\"}]},{\"@type\":\"WebSite\",\"@id\":\"https:\/\/nid.pl\/#website\",\"url\":\"https:\/\/nid.pl\/\",\"name\":\"NID\",\"description\":\"Narodowy Instytut Dziedzictwa\",\"publisher\":{\"@id\":\"https:\/\/nid.pl\/#organization\"},\"potentialAction\":[{\"@type\":\"SearchAction\",\"target\":{\"@type\":\"EntryPoint\",\"urlTemplate\":\"https:\/\/nid.pl\/?s={search_term_string}\"},\"query-input\":{\"@type\":\"PropertyValueSpecification\",\"valueRequired\":true,\"valueName\":\"search_term_string\"}}],\"inLanguage\":\"en-GB\"},{\"@type\":\"Organization\",\"@id\":\"https:\/\/nid.pl\/#organization\",\"name\":\"Narodowy Instytut Dziedzictwa\",\"url\":\"https:\/\/nid.pl\/\",\"logo\":{\"@type\":\"ImageObject\",\"inLanguage\":\"en-GB\",\"@id\":\"https:\/\/nid.pl\/#\/schema\/logo\/image\/\",\"url\":\"https:\/\/nid.pl\/wp-content\/uploads\/2022\/10\/logoRedDark.png\",\"contentUrl\":\"https:\/\/nid.pl\/wp-content\/uploads\/2022\/10\/logoRedDark.png\",\"width\":200,\"height\":197,\"caption\":\"Narodowy Instytut Dziedzictwa\"},\"image\":{\"@id\":\"https:\/\/nid.pl\/#\/schema\/logo\/image\/\"},\"sameAs\":[\"https:\/\/www.facebook.com\/zabytek\",\"https:\/\/x.com\/NarIDpl\",\"https:\/\/www.instagram.com\/nid.pl\/?hl=pl\",\"https:\/\/www.linkedin.com\/company\/narodowy-instytut-dziedzictwa\",\"https:\/\/www.youtube.com\/channel\/UCQXuhKa2uHtmNvLRUSx40JA\"]},{\"@type\":\"Person\",\"@id\":\"https:\/\/nid.pl\/#\/schema\/person\/1b690a8998a5111cfb9f0ffe24195a15\",\"name\":\"Barbara Halliop\",\"image\":{\"@type\":\"ImageObject\",\"inLanguage\":\"en-GB\",\"@id\":\"https:\/\/nid.pl\/#\/schema\/person\/image\/\",\"url\":\"https:\/\/nid.pl\/wp-content\/litespeed\/avatar\/924046d17dd0c842c9fa9ccf489bc6dc.jpg?ver=1777444967\",\"contentUrl\":\"https:\/\/nid.pl\/wp-content\/litespeed\/avatar\/924046d17dd0c842c9fa9ccf489bc6dc.jpg?ver=1777444967\",\"caption\":\"Barbara Halliop\"},\"url\":\"https:\/\/nid.pl\/en\/author\/bhalliop\/\"}]}<\/script>\n<!-- \/ Yoast SEO plugin. -->","yoast_head_json":{"title":"Dumni z dziedzictwa Rzeczpospolitej niepodleg\u0142ej - NID","robots":{"index":"index","follow":"follow","max-snippet":"max-snippet:-1","max-image-preview":"max-image-preview:large","max-video-preview":"max-video-preview:-1"},"canonical":"https:\/\/nid.pl\/en\/2023\/01\/12\/dumni-z-dziedzictwa-rzeczpospolitej-niepodleglej\/","og_locale":"en_GB","og_type":"article","og_title":"Dumni z dziedzictwa Rzeczpospolitej niepodleg\u0142ej - NID","og_description":"\u2013 Przysz\u0142o\u015bci nie da si\u0119 zbudowa\u0107 bez szacunku dla w\u0142asnej historii i to\u017csamo\u015bci \u2013 powiedzia\u0142 wicepremier, minister kultury i dziedzictwa narodowego, prof. Piotr Gli\u0144ski. W Warszawie odby\u0142 si\u0119 kongres podsumowuj\u0105cy [&hellip;]","og_url":"https:\/\/nid.pl\/en\/2023\/01\/12\/dumni-z-dziedzictwa-rzeczpospolitej-niepodleglej\/","og_site_name":"NID","article_publisher":"https:\/\/www.facebook.com\/zabytek","article_published_time":"2023-01-12T14:01:33+00:00","article_modified_time":"2023-01-19T14:14:39+00:00","og_image":[{"width":2040,"height":1359,"url":"https:\/\/nid.pl\/wp-content\/uploads\/2023\/01\/fot-T-Tolloczko-Biuro-Niepodlegla-aktual.jpg","type":"image\/jpeg"}],"author":"Barbara Halliop","twitter_card":"summary_large_image","twitter_creator":"@NarIDpl","twitter_site":"@NarIDpl","twitter_misc":{"Written by":"Barbara Halliop","Estimated reading time":"3 minutes"},"schema":{"@context":"https:\/\/schema.org","@graph":[{"@type":"Article","@id":"https:\/\/nid.pl\/2023\/01\/12\/dumni-z-dziedzictwa-rzeczpospolitej-niepodleglej\/#article","isPartOf":{"@id":"https:\/\/nid.pl\/2023\/01\/12\/dumni-z-dziedzictwa-rzeczpospolitej-niepodleglej\/"},"author":{"name":"Barbara Halliop","@id":"https:\/\/nid.pl\/#\/schema\/person\/1b690a8998a5111cfb9f0ffe24195a15"},"headline":"Dumni z dziedzictwa Rzeczpospolitej niepodleg\u0142ej","datePublished":"2023-01-12T14:01:33+00:00","dateModified":"2023-01-19T14:14:39+00:00","mainEntityOfPage":{"@id":"https:\/\/nid.pl\/2023\/01\/12\/dumni-z-dziedzictwa-rzeczpospolitej-niepodleglej\/"},"wordCount":600,"commentCount":0,"publisher":{"@id":"https:\/\/nid.pl\/#organization"},"image":{"@id":"https:\/\/nid.pl\/2023\/01\/12\/dumni-z-dziedzictwa-rzeczpospolitej-niepodleglej\/#primaryimage"},"thumbnailUrl":"https:\/\/nid.pl\/wp-content\/uploads\/2023\/01\/fot-T-Tolloczko-Biuro-Niepodlegla-aktual.jpg","articleSection":["Aktualno\u015bci"],"inLanguage":"en-GB"},{"@type":"WebPage","@id":"https:\/\/nid.pl\/2023\/01\/12\/dumni-z-dziedzictwa-rzeczpospolitej-niepodleglej\/","url":"https:\/\/nid.pl\/2023\/01\/12\/dumni-z-dziedzictwa-rzeczpospolitej-niepodleglej\/","name":"Dumni z dziedzictwa Rzeczpospolitej niepodleg\u0142ej - NID","isPartOf":{"@id":"https:\/\/nid.pl\/#website"},"primaryImageOfPage":{"@id":"https:\/\/nid.pl\/2023\/01\/12\/dumni-z-dziedzictwa-rzeczpospolitej-niepodleglej\/#primaryimage"},"image":{"@id":"https:\/\/nid.pl\/2023\/01\/12\/dumni-z-dziedzictwa-rzeczpospolitej-niepodleglej\/#primaryimage"},"thumbnailUrl":"https:\/\/nid.pl\/wp-content\/uploads\/2023\/01\/fot-T-Tolloczko-Biuro-Niepodlegla-aktual.jpg","datePublished":"2023-01-12T14:01:33+00:00","dateModified":"2023-01-19T14:14:39+00:00","breadcrumb":{"@id":"https:\/\/nid.pl\/2023\/01\/12\/dumni-z-dziedzictwa-rzeczpospolitej-niepodleglej\/#breadcrumb"},"inLanguage":"en-GB","potentialAction":[{"@type":"ReadAction","target":["https:\/\/nid.pl\/2023\/01\/12\/dumni-z-dziedzictwa-rzeczpospolitej-niepodleglej\/"]}]},{"@type":"ImageObject","inLanguage":"en-GB","@id":"https:\/\/nid.pl\/2023\/01\/12\/dumni-z-dziedzictwa-rzeczpospolitej-niepodleglej\/#primaryimage","url":"https:\/\/nid.pl\/wp-content\/uploads\/2023\/01\/fot-T-Tolloczko-Biuro-Niepodlegla-aktual.jpg","contentUrl":"https:\/\/nid.pl\/wp-content\/uploads\/2023\/01\/fot-T-Tolloczko-Biuro-Niepodlegla-aktual.jpg","width":2040,"height":1359,"caption":"fot T Tolloczko Biuro Niepodlegla aktual"},{"@type":"BreadcrumbList","@id":"https:\/\/nid.pl\/2023\/01\/12\/dumni-z-dziedzictwa-rzeczpospolitej-niepodleglej\/#breadcrumb","itemListElement":[{"@type":"ListItem","position":1,"name":"Home","item":"https:\/\/nid.pl\/"},{"@type":"ListItem","position":2,"name":"Dumni z dziedzictwa Rzeczpospolitej niepodleg\u0142ej"}]},{"@type":"WebSite","@id":"https:\/\/nid.pl\/#website","url":"https:\/\/nid.pl\/","name":"NID","description":"Narodowy Instytut Dziedzictwa","publisher":{"@id":"https:\/\/nid.pl\/#organization"},"potentialAction":[{"@type":"SearchAction","target":{"@type":"EntryPoint","urlTemplate":"https:\/\/nid.pl\/?s={search_term_string}"},"query-input":{"@type":"PropertyValueSpecification","valueRequired":true,"valueName":"search_term_string"}}],"inLanguage":"en-GB"},{"@type":"Organization","@id":"https:\/\/nid.pl\/#organization","name":"Narodowy Instytut Dziedzictwa","url":"https:\/\/nid.pl\/","logo":{"@type":"ImageObject","inLanguage":"en-GB","@id":"https:\/\/nid.pl\/#\/schema\/logo\/image\/","url":"https:\/\/nid.pl\/wp-content\/uploads\/2022\/10\/logoRedDark.png","contentUrl":"https:\/\/nid.pl\/wp-content\/uploads\/2022\/10\/logoRedDark.png","width":200,"height":197,"caption":"Narodowy Instytut Dziedzictwa"},"image":{"@id":"https:\/\/nid.pl\/#\/schema\/logo\/image\/"},"sameAs":["https:\/\/www.facebook.com\/zabytek","https:\/\/x.com\/NarIDpl","https:\/\/www.instagram.com\/nid.pl\/?hl=pl","https:\/\/www.linkedin.com\/company\/narodowy-instytut-dziedzictwa","https:\/\/www.youtube.com\/channel\/UCQXuhKa2uHtmNvLRUSx40JA"]},{"@type":"Person","@id":"https:\/\/nid.pl\/#\/schema\/person\/1b690a8998a5111cfb9f0ffe24195a15","name":"Barbara Halliop","image":{"@type":"ImageObject","inLanguage":"en-GB","@id":"https:\/\/nid.pl\/#\/schema\/person\/image\/","url":"https:\/\/nid.pl\/wp-content\/litespeed\/avatar\/924046d17dd0c842c9fa9ccf489bc6dc.jpg?ver=1777444967","contentUrl":"https:\/\/nid.pl\/wp-content\/litespeed\/avatar\/924046d17dd0c842c9fa9ccf489bc6dc.jpg?ver=1777444967","caption":"Barbara Halliop"},"url":"https:\/\/nid.pl\/en\/author\/bhalliop\/"}]}},"_links":{"self":[{"href":"https:\/\/nid.pl\/en\/wp-json\/wp\/v2\/posts\/9621","targetHints":{"allow":["GET"]}}],"collection":[{"href":"https:\/\/nid.pl\/en\/wp-json\/wp\/v2\/posts"}],"about":[{"href":"https:\/\/nid.pl\/en\/wp-json\/wp\/v2\/types\/post"}],"author":[{"embeddable":true,"href":"https:\/\/nid.pl\/en\/wp-json\/wp\/v2\/users\/7"}],"replies":[{"embeddable":true,"href":"https:\/\/nid.pl\/en\/wp-json\/wp\/v2\/comments?post=9621"}],"version-history":[{"count":0,"href":"https:\/\/nid.pl\/en\/wp-json\/wp\/v2\/posts\/9621\/revisions"}],"wp:featuredmedia":[{"embeddable":true,"href":"https:\/\/nid.pl\/en\/wp-json\/wp\/v2\/media\/9617"}],"wp:attachment":[{"href":"https:\/\/nid.pl\/en\/wp-json\/wp\/v2\/media?parent=9621"}],"wp:term":[{"taxonomy":"category","embeddable":true,"href":"https:\/\/nid.pl\/en\/wp-json\/wp\/v2\/categories?post=9621"},{"taxonomy":"post_tag","embeddable":true,"href":"https:\/\/nid.pl\/en\/wp-json\/wp\/v2\/tags?post=9621"}],"curies":[{"name":"wp","href":"https:\/\/api.w.org\/{rel}","templated":true}]}}