{"id":9524,"date":"2023-01-03T13:42:48","date_gmt":"2023-01-03T12:42:48","guid":{"rendered":"https:\/\/nid.pl\/?p=9524"},"modified":"2024-04-19T10:03:04","modified_gmt":"2024-04-19T08:03:04","slug":"stoczek-klasztorny-sanktuarium-matki-pokoju-nowym-pomnikiem-historii","status":"publish","type":"post","link":"https:\/\/nid.pl\/en\/2023\/01\/03\/stoczek-klasztorny-sanktuarium-matki-pokoju-nowym-pomnikiem-historii\/","title":{"rendered":"Stoczek Klasztorny \u2013 Sanktuarium Matki Pokoju nowym pomnikiem historii"},"content":{"rendered":"<p><strong>Decyzj\u0105 Prezydenta Rzeczypospolitej Polskiej, Stoczek Klasztorny \u2013 Sanktuarium Matki Pokoju zosta\u0142 uznany za pomnik historii. Jest to 6. taki obiekt w wojew\u00f3dztwie warmi\u0144sko \u2013 mazurskim i 119. w Polsce.<\/strong><\/p>\n\n\n\n<p>Obszar pomnika historii \u201eStoczek Klasztorny \u2013 Sanktuarium Matki Pokoju\u201d obejmuje ko\u015bci\u00f3\u0142 pod wezwaniem Nawiedzenia Naj\u015bwi\u0119tszej Maryi Panny z otaczaj\u0105cymi go kru\u017cgankami i klasztorem. Celem ochrony jest zachowanie tego szczeg\u00f3lnego miejsca w powiecie lidzbarskim. Miejsce to zosta\u0142o docenione ze wzgl\u0119du na warto\u015bci historyczne, artystyczne i naukowe oraz walory krajobrazowo przestrzenne, za\u0142o\u017cenia klasztornego, cennego zabytku architektury i sztuki barokowej, zachowanego w otwartym krajobrazie wiejskim, a w czasach najnowszych \u2013 miejsca internowania kardyna\u0142a Stefana Wyszy\u0144skiego.<\/p>\n\n\n\n<p>Zesp\u00f3\u0142 sanktuarium Matki Pokoju w Stoczku Klasztornym jest istotnym obiektem dla kultury polskiej. Okoliczno\u015bci fundacji wi\u0105\u017c\u0105 si\u0119 z wa\u017cnym momentem historii Rzeczypospolitej \u2013 rozejmem wojen polsko-szwedzkich w czasie wojny trzydziestoletniej, z histori\u0105 Warmii i dzia\u0142alno\u015bci\u0105 jej kolejnych biskup\u00f3w, postaci du\u017cego formatu intelektualnego i politycznego, \u0142\u0105cz\u0105cych Rzeczpospolit\u0105 i Prusy Kr\u00f3lewskie.<\/p>\n\n\n\n<p>Traktat pokojowy, zawarty w 1635 r. sta\u0142 si\u0119 przyczynkiem do ufundowania wotum wdzi\u0119czno\u015bci przez \u00f3wczesnego biskupa Warmii i Sambii \u2013 Miko\u0142aja Szyszkowskiego. Obiekt nie pozostawa\u0142 w oderwaniu od tradycji \u015bredniowiecznych, jednak prezentowa\u0142 je w zupe\u0142nie nowym duchu potrydenckiej pobo\u017cno\u015bci maryjnej i uczonej antykizacji kultury staropolskiej. Dalszy i sta\u0142y rozw\u00f3j sanktuarium spowodowa\u0142 rozbudow\u0119 o kru\u017cganki i powi\u0119kszenie klasztoru, kt\u00f3re cechuj\u0105 si\u0119 spoisto\u015bci\u0105 stylow\u0105, a wprowadzony w wieku XVIII wystr\u00f3j malarski kru\u017cgank\u00f3w pozostaje jednym z bogatszych tego rodzaju na ziemiach polskich. W czterech naro\u017cnikach umieszczono kaplice: Krzy\u017ca \u015bw., \u015bw. Kajetana, \u015bw. Walentego oraz \u015bw. Jana Nepomucena (obecnie znajduje si\u0119 tu krzy\u017c i rze\u017aba przedstawiaj\u0105ca \u015bw. Franciszka).<\/p>\n\n\n\n<p>Losy \u015bwi\u0105tyni nieustannie splata\u0142y si\u0119 z histori\u0105 Polski. W okresie zabor\u00f3w stoczkowski klasztor w wyniku dekretu kasacyjnego z 1810 r. przej\u0105\u0142 skarb pa\u0144stwa, a w 1826 r. zamkni\u0119to \u015bwi\u0105tyni\u0119. Klasztor w\u0142adze pruskie przekszta\u0142ci\u0142y w szko\u0142\u0119 elementarn\u0105, a ko\u015bci\u00f3\u0142 zamkn\u0119\u0142y. W tym czasie wiele dzie\u0142 sztuki znajduj\u0105cych si\u0119 w \u015bwi\u0105tyni zagin\u0119\u0142o, a sam ko\u015bci\u00f3\u0142 niszcza\u0142. Jednak w wyniku stara\u0144 \u00f3wczesnych w\u0142adz diecezjalnych, w 1840 roku w\u0142adze pruskie przekaza\u0142y ko\u015bci\u00f3\u0142 i klasztor diecezji warmi\u0144skiej. Wr\u00f3ci\u0142o \u017cycie religijne i pielgrzymkowe.<\/p>\n\n\n\n<p>Dzieje Stoczka Klasztornego pozostan\u0105 nieroz\u0142\u0105czne z postaci\u0105 Prymasa Tysi\u0105clecia, kard. Stefana Wyszy\u0144skiego, kt\u00f3ry w latach 1952\u20131953 wi\u0119ziony by\u0142 w tym miejscu przez w\u0142adze komunistyczne. W 1987 roku papie\u017c Jan Pawe\u0142 II stoczkowsk\u0105 \u015bwi\u0105tyni\u0119 wyni\u00f3s\u0142 do godno\u015bci bazyliki mniejszej. Warto\u015b\u0107 spo\u0142eczna i edukacyjna sanktuarium wynika z zachowania funkcji \u017cywego miejsca kultu religijnego i o\u015brodka pielgrzymkowego, a tak\u017ce upowszechniania wiedzy o tym etapie polskiej historii powojennej i jej d\u0142ugofalowych skutkach.<\/p>\n\n\n\n<p>Wi\u0119cej informacji o nowym pomniku historii mo\u017cna znale\u017a\u0107 na stronie <a href=\"https:\/\/zabytek.pl\/pl\/obiekty\/stoczek-klasztorny-sanktuarium-matki-pokoju-\" target=\"_blank\" rel=\"noreferrer noopener\">zabytek.pl<\/a><\/p>\n\n\n\n<p><\/p>\n\n\n\n<p><\/p>","protected":false},"excerpt":{"rendered":"<p>Decyzj\u0105 Prezydenta Rzeczypospolitej Polskiej, Stoczek Klasztorny \u2013 Sanktuarium Matki Pokoju zosta\u0142 uznany za pomnik historii. Jest to 6. taki obiekt w wojew\u00f3dztwie warmi\u0144sko \u2013 mazurskim i 119. w Polsce. Obszar [&hellip;]<\/p>","protected":false},"author":7,"featured_media":9551,"comment_status":"open","ping_status":"open","sticky":false,"template":"","format":"standard","meta":{"_et_pb_use_builder":"","_et_pb_old_content":"","_et_gb_content_width":"","_monsterinsights_skip_tracking":false,"_monsterinsights_sitenote_active":false,"_monsterinsights_sitenote_note":"","_monsterinsights_sitenote_category":0,"footnotes":""},"categories":[3,109],"tags":[],"class_list":["post-9524","post","type-post","status-publish","format-standard","has-post-thumbnail","hentry","category-aktualnosci","category-pomniki-historii"],"yoast_head":"<!-- This site is optimized with the Yoast SEO plugin v26.5 - https:\/\/yoast.com\/wordpress\/plugins\/seo\/ -->\n<title>Stoczek Klasztorny \u2013 Sanktuarium Matki Pokoju nowym pomnikiem historii - NID<\/title>\n<meta name=\"robots\" content=\"index, follow, max-snippet:-1, max-image-preview:large, max-video-preview:-1\" \/>\n<link rel=\"canonical\" href=\"https:\/\/nid.pl\/en\/2023\/01\/03\/stoczek-klasztorny-sanktuarium-matki-pokoju-nowym-pomnikiem-historii\/\" \/>\n<meta property=\"og:locale\" content=\"en_GB\" \/>\n<meta property=\"og:type\" content=\"article\" \/>\n<meta property=\"og:title\" content=\"Stoczek Klasztorny \u2013 Sanktuarium Matki Pokoju nowym pomnikiem historii - NID\" \/>\n<meta property=\"og:description\" content=\"Decyzj\u0105 Prezydenta Rzeczypospolitej Polskiej, Stoczek Klasztorny \u2013 Sanktuarium Matki Pokoju zosta\u0142 uznany za pomnik historii. Jest to 6. taki obiekt w wojew\u00f3dztwie warmi\u0144sko \u2013 mazurskim i 119. w Polsce. Obszar [&hellip;]\" \/>\n<meta property=\"og:url\" content=\"https:\/\/nid.pl\/en\/2023\/01\/03\/stoczek-klasztorny-sanktuarium-matki-pokoju-nowym-pomnikiem-historii\/\" \/>\n<meta property=\"og:site_name\" content=\"NID\" \/>\n<meta property=\"article:publisher\" content=\"https:\/\/www.facebook.com\/zabytek\" \/>\n<meta property=\"article:published_time\" content=\"2023-01-03T12:42:48+00:00\" \/>\n<meta property=\"article:modified_time\" content=\"2024-04-19T08:03:04+00:00\" \/>\n<meta property=\"og:image\" content=\"https:\/\/nid.pl\/wp-content\/uploads\/2023\/01\/Stoczek-arkady_aktual.jpg\" \/>\n\t<meta property=\"og:image:width\" content=\"1103\" \/>\n\t<meta property=\"og:image:height\" content=\"735\" \/>\n\t<meta property=\"og:image:type\" content=\"image\/jpeg\" \/>\n<meta name=\"author\" content=\"Barbara Halliop\" \/>\n<meta name=\"twitter:card\" content=\"summary_large_image\" \/>\n<meta name=\"twitter:creator\" content=\"@NarIDpl\" \/>\n<meta name=\"twitter:site\" content=\"@NarIDpl\" \/>\n<meta name=\"twitter:label1\" content=\"Written by\" \/>\n\t<meta name=\"twitter:data1\" content=\"Barbara Halliop\" \/>\n\t<meta name=\"twitter:label2\" content=\"Estimated reading time\" \/>\n\t<meta name=\"twitter:data2\" content=\"2 minutes\" \/>\n<script type=\"application\/ld+json\" class=\"yoast-schema-graph\">{\"@context\":\"https:\/\/schema.org\",\"@graph\":[{\"@type\":\"Article\",\"@id\":\"https:\/\/nid.pl\/2023\/01\/03\/stoczek-klasztorny-sanktuarium-matki-pokoju-nowym-pomnikiem-historii\/#article\",\"isPartOf\":{\"@id\":\"https:\/\/nid.pl\/2023\/01\/03\/stoczek-klasztorny-sanktuarium-matki-pokoju-nowym-pomnikiem-historii\/\"},\"author\":{\"name\":\"Barbara Halliop\",\"@id\":\"https:\/\/nid.pl\/#\/schema\/person\/1b690a8998a5111cfb9f0ffe24195a15\"},\"headline\":\"Stoczek Klasztorny \u2013 Sanktuarium Matki Pokoju nowym pomnikiem historii\",\"datePublished\":\"2023-01-03T12:42:48+00:00\",\"dateModified\":\"2024-04-19T08:03:04+00:00\",\"mainEntityOfPage\":{\"@id\":\"https:\/\/nid.pl\/2023\/01\/03\/stoczek-klasztorny-sanktuarium-matki-pokoju-nowym-pomnikiem-historii\/\"},\"wordCount\":484,\"commentCount\":0,\"publisher\":{\"@id\":\"https:\/\/nid.pl\/#organization\"},\"image\":{\"@id\":\"https:\/\/nid.pl\/2023\/01\/03\/stoczek-klasztorny-sanktuarium-matki-pokoju-nowym-pomnikiem-historii\/#primaryimage\"},\"thumbnailUrl\":\"https:\/\/nid.pl\/wp-content\/uploads\/2023\/01\/Stoczek-arkady_aktual.jpg\",\"articleSection\":[\"Aktualno\u015bci\",\"Pomniki historii\"],\"inLanguage\":\"en-GB\"},{\"@type\":\"WebPage\",\"@id\":\"https:\/\/nid.pl\/2023\/01\/03\/stoczek-klasztorny-sanktuarium-matki-pokoju-nowym-pomnikiem-historii\/\",\"url\":\"https:\/\/nid.pl\/2023\/01\/03\/stoczek-klasztorny-sanktuarium-matki-pokoju-nowym-pomnikiem-historii\/\",\"name\":\"Stoczek Klasztorny \u2013 Sanktuarium Matki Pokoju nowym pomnikiem historii - NID\",\"isPartOf\":{\"@id\":\"https:\/\/nid.pl\/#website\"},\"primaryImageOfPage\":{\"@id\":\"https:\/\/nid.pl\/2023\/01\/03\/stoczek-klasztorny-sanktuarium-matki-pokoju-nowym-pomnikiem-historii\/#primaryimage\"},\"image\":{\"@id\":\"https:\/\/nid.pl\/2023\/01\/03\/stoczek-klasztorny-sanktuarium-matki-pokoju-nowym-pomnikiem-historii\/#primaryimage\"},\"thumbnailUrl\":\"https:\/\/nid.pl\/wp-content\/uploads\/2023\/01\/Stoczek-arkady_aktual.jpg\",\"datePublished\":\"2023-01-03T12:42:48+00:00\",\"dateModified\":\"2024-04-19T08:03:04+00:00\",\"breadcrumb\":{\"@id\":\"https:\/\/nid.pl\/2023\/01\/03\/stoczek-klasztorny-sanktuarium-matki-pokoju-nowym-pomnikiem-historii\/#breadcrumb\"},\"inLanguage\":\"en-GB\",\"potentialAction\":[{\"@type\":\"ReadAction\",\"target\":[\"https:\/\/nid.pl\/2023\/01\/03\/stoczek-klasztorny-sanktuarium-matki-pokoju-nowym-pomnikiem-historii\/\"]}]},{\"@type\":\"ImageObject\",\"inLanguage\":\"en-GB\",\"@id\":\"https:\/\/nid.pl\/2023\/01\/03\/stoczek-klasztorny-sanktuarium-matki-pokoju-nowym-pomnikiem-historii\/#primaryimage\",\"url\":\"https:\/\/nid.pl\/wp-content\/uploads\/2023\/01\/Stoczek-arkady_aktual.jpg\",\"contentUrl\":\"https:\/\/nid.pl\/wp-content\/uploads\/2023\/01\/Stoczek-arkady_aktual.jpg\",\"width\":1103,\"height\":735,\"caption\":\"Stoczek arkady aktual\"},{\"@type\":\"BreadcrumbList\",\"@id\":\"https:\/\/nid.pl\/2023\/01\/03\/stoczek-klasztorny-sanktuarium-matki-pokoju-nowym-pomnikiem-historii\/#breadcrumb\",\"itemListElement\":[{\"@type\":\"ListItem\",\"position\":1,\"name\":\"Home\",\"item\":\"https:\/\/nid.pl\/\"},{\"@type\":\"ListItem\",\"position\":2,\"name\":\"Stoczek Klasztorny \u2013 Sanktuarium Matki Pokoju nowym pomnikiem historii\"}]},{\"@type\":\"WebSite\",\"@id\":\"https:\/\/nid.pl\/#website\",\"url\":\"https:\/\/nid.pl\/\",\"name\":\"NID\",\"description\":\"Narodowy Instytut Dziedzictwa\",\"publisher\":{\"@id\":\"https:\/\/nid.pl\/#organization\"},\"potentialAction\":[{\"@type\":\"SearchAction\",\"target\":{\"@type\":\"EntryPoint\",\"urlTemplate\":\"https:\/\/nid.pl\/?s={search_term_string}\"},\"query-input\":{\"@type\":\"PropertyValueSpecification\",\"valueRequired\":true,\"valueName\":\"search_term_string\"}}],\"inLanguage\":\"en-GB\"},{\"@type\":\"Organization\",\"@id\":\"https:\/\/nid.pl\/#organization\",\"name\":\"Narodowy Instytut Dziedzictwa\",\"url\":\"https:\/\/nid.pl\/\",\"logo\":{\"@type\":\"ImageObject\",\"inLanguage\":\"en-GB\",\"@id\":\"https:\/\/nid.pl\/#\/schema\/logo\/image\/\",\"url\":\"https:\/\/nid.pl\/wp-content\/uploads\/2022\/10\/logoRedDark.png\",\"contentUrl\":\"https:\/\/nid.pl\/wp-content\/uploads\/2022\/10\/logoRedDark.png\",\"width\":200,\"height\":197,\"caption\":\"Narodowy Instytut Dziedzictwa\"},\"image\":{\"@id\":\"https:\/\/nid.pl\/#\/schema\/logo\/image\/\"},\"sameAs\":[\"https:\/\/www.facebook.com\/zabytek\",\"https:\/\/x.com\/NarIDpl\",\"https:\/\/www.instagram.com\/nid.pl\/?hl=pl\",\"https:\/\/www.linkedin.com\/company\/narodowy-instytut-dziedzictwa\",\"https:\/\/www.youtube.com\/channel\/UCQXuhKa2uHtmNvLRUSx40JA\"]},{\"@type\":\"Person\",\"@id\":\"https:\/\/nid.pl\/#\/schema\/person\/1b690a8998a5111cfb9f0ffe24195a15\",\"name\":\"Barbara Halliop\",\"image\":{\"@type\":\"ImageObject\",\"inLanguage\":\"en-GB\",\"@id\":\"https:\/\/nid.pl\/#\/schema\/person\/image\/\",\"url\":\"https:\/\/nid.pl\/wp-content\/litespeed\/avatar\/924046d17dd0c842c9fa9ccf489bc6dc.jpg?ver=1776840122\",\"contentUrl\":\"https:\/\/nid.pl\/wp-content\/litespeed\/avatar\/924046d17dd0c842c9fa9ccf489bc6dc.jpg?ver=1776840122\",\"caption\":\"Barbara Halliop\"},\"url\":\"https:\/\/nid.pl\/en\/author\/bhalliop\/\"}]}<\/script>\n<!-- \/ Yoast SEO plugin. -->","yoast_head_json":{"title":"Stoczek Klasztorny \u2013 Sanktuarium Matki Pokoju nowym pomnikiem historii - NID","robots":{"index":"index","follow":"follow","max-snippet":"max-snippet:-1","max-image-preview":"max-image-preview:large","max-video-preview":"max-video-preview:-1"},"canonical":"https:\/\/nid.pl\/en\/2023\/01\/03\/stoczek-klasztorny-sanktuarium-matki-pokoju-nowym-pomnikiem-historii\/","og_locale":"en_GB","og_type":"article","og_title":"Stoczek Klasztorny \u2013 Sanktuarium Matki Pokoju nowym pomnikiem historii - NID","og_description":"Decyzj\u0105 Prezydenta Rzeczypospolitej Polskiej, Stoczek Klasztorny \u2013 Sanktuarium Matki Pokoju zosta\u0142 uznany za pomnik historii. Jest to 6. taki obiekt w wojew\u00f3dztwie warmi\u0144sko \u2013 mazurskim i 119. w Polsce. Obszar [&hellip;]","og_url":"https:\/\/nid.pl\/en\/2023\/01\/03\/stoczek-klasztorny-sanktuarium-matki-pokoju-nowym-pomnikiem-historii\/","og_site_name":"NID","article_publisher":"https:\/\/www.facebook.com\/zabytek","article_published_time":"2023-01-03T12:42:48+00:00","article_modified_time":"2024-04-19T08:03:04+00:00","og_image":[{"width":1103,"height":735,"url":"https:\/\/nid.pl\/wp-content\/uploads\/2023\/01\/Stoczek-arkady_aktual.jpg","type":"image\/jpeg"}],"author":"Barbara Halliop","twitter_card":"summary_large_image","twitter_creator":"@NarIDpl","twitter_site":"@NarIDpl","twitter_misc":{"Written by":"Barbara Halliop","Estimated reading time":"2 minutes"},"schema":{"@context":"https:\/\/schema.org","@graph":[{"@type":"Article","@id":"https:\/\/nid.pl\/2023\/01\/03\/stoczek-klasztorny-sanktuarium-matki-pokoju-nowym-pomnikiem-historii\/#article","isPartOf":{"@id":"https:\/\/nid.pl\/2023\/01\/03\/stoczek-klasztorny-sanktuarium-matki-pokoju-nowym-pomnikiem-historii\/"},"author":{"name":"Barbara Halliop","@id":"https:\/\/nid.pl\/#\/schema\/person\/1b690a8998a5111cfb9f0ffe24195a15"},"headline":"Stoczek Klasztorny \u2013 Sanktuarium Matki Pokoju nowym pomnikiem historii","datePublished":"2023-01-03T12:42:48+00:00","dateModified":"2024-04-19T08:03:04+00:00","mainEntityOfPage":{"@id":"https:\/\/nid.pl\/2023\/01\/03\/stoczek-klasztorny-sanktuarium-matki-pokoju-nowym-pomnikiem-historii\/"},"wordCount":484,"commentCount":0,"publisher":{"@id":"https:\/\/nid.pl\/#organization"},"image":{"@id":"https:\/\/nid.pl\/2023\/01\/03\/stoczek-klasztorny-sanktuarium-matki-pokoju-nowym-pomnikiem-historii\/#primaryimage"},"thumbnailUrl":"https:\/\/nid.pl\/wp-content\/uploads\/2023\/01\/Stoczek-arkady_aktual.jpg","articleSection":["Aktualno\u015bci","Pomniki historii"],"inLanguage":"en-GB"},{"@type":"WebPage","@id":"https:\/\/nid.pl\/2023\/01\/03\/stoczek-klasztorny-sanktuarium-matki-pokoju-nowym-pomnikiem-historii\/","url":"https:\/\/nid.pl\/2023\/01\/03\/stoczek-klasztorny-sanktuarium-matki-pokoju-nowym-pomnikiem-historii\/","name":"Stoczek Klasztorny \u2013 Sanktuarium Matki Pokoju nowym pomnikiem historii - NID","isPartOf":{"@id":"https:\/\/nid.pl\/#website"},"primaryImageOfPage":{"@id":"https:\/\/nid.pl\/2023\/01\/03\/stoczek-klasztorny-sanktuarium-matki-pokoju-nowym-pomnikiem-historii\/#primaryimage"},"image":{"@id":"https:\/\/nid.pl\/2023\/01\/03\/stoczek-klasztorny-sanktuarium-matki-pokoju-nowym-pomnikiem-historii\/#primaryimage"},"thumbnailUrl":"https:\/\/nid.pl\/wp-content\/uploads\/2023\/01\/Stoczek-arkady_aktual.jpg","datePublished":"2023-01-03T12:42:48+00:00","dateModified":"2024-04-19T08:03:04+00:00","breadcrumb":{"@id":"https:\/\/nid.pl\/2023\/01\/03\/stoczek-klasztorny-sanktuarium-matki-pokoju-nowym-pomnikiem-historii\/#breadcrumb"},"inLanguage":"en-GB","potentialAction":[{"@type":"ReadAction","target":["https:\/\/nid.pl\/2023\/01\/03\/stoczek-klasztorny-sanktuarium-matki-pokoju-nowym-pomnikiem-historii\/"]}]},{"@type":"ImageObject","inLanguage":"en-GB","@id":"https:\/\/nid.pl\/2023\/01\/03\/stoczek-klasztorny-sanktuarium-matki-pokoju-nowym-pomnikiem-historii\/#primaryimage","url":"https:\/\/nid.pl\/wp-content\/uploads\/2023\/01\/Stoczek-arkady_aktual.jpg","contentUrl":"https:\/\/nid.pl\/wp-content\/uploads\/2023\/01\/Stoczek-arkady_aktual.jpg","width":1103,"height":735,"caption":"Stoczek arkady aktual"},{"@type":"BreadcrumbList","@id":"https:\/\/nid.pl\/2023\/01\/03\/stoczek-klasztorny-sanktuarium-matki-pokoju-nowym-pomnikiem-historii\/#breadcrumb","itemListElement":[{"@type":"ListItem","position":1,"name":"Home","item":"https:\/\/nid.pl\/"},{"@type":"ListItem","position":2,"name":"Stoczek Klasztorny \u2013 Sanktuarium Matki Pokoju nowym pomnikiem historii"}]},{"@type":"WebSite","@id":"https:\/\/nid.pl\/#website","url":"https:\/\/nid.pl\/","name":"NID","description":"Narodowy Instytut Dziedzictwa","publisher":{"@id":"https:\/\/nid.pl\/#organization"},"potentialAction":[{"@type":"SearchAction","target":{"@type":"EntryPoint","urlTemplate":"https:\/\/nid.pl\/?s={search_term_string}"},"query-input":{"@type":"PropertyValueSpecification","valueRequired":true,"valueName":"search_term_string"}}],"inLanguage":"en-GB"},{"@type":"Organization","@id":"https:\/\/nid.pl\/#organization","name":"Narodowy Instytut Dziedzictwa","url":"https:\/\/nid.pl\/","logo":{"@type":"ImageObject","inLanguage":"en-GB","@id":"https:\/\/nid.pl\/#\/schema\/logo\/image\/","url":"https:\/\/nid.pl\/wp-content\/uploads\/2022\/10\/logoRedDark.png","contentUrl":"https:\/\/nid.pl\/wp-content\/uploads\/2022\/10\/logoRedDark.png","width":200,"height":197,"caption":"Narodowy Instytut Dziedzictwa"},"image":{"@id":"https:\/\/nid.pl\/#\/schema\/logo\/image\/"},"sameAs":["https:\/\/www.facebook.com\/zabytek","https:\/\/x.com\/NarIDpl","https:\/\/www.instagram.com\/nid.pl\/?hl=pl","https:\/\/www.linkedin.com\/company\/narodowy-instytut-dziedzictwa","https:\/\/www.youtube.com\/channel\/UCQXuhKa2uHtmNvLRUSx40JA"]},{"@type":"Person","@id":"https:\/\/nid.pl\/#\/schema\/person\/1b690a8998a5111cfb9f0ffe24195a15","name":"Barbara Halliop","image":{"@type":"ImageObject","inLanguage":"en-GB","@id":"https:\/\/nid.pl\/#\/schema\/person\/image\/","url":"https:\/\/nid.pl\/wp-content\/litespeed\/avatar\/924046d17dd0c842c9fa9ccf489bc6dc.jpg?ver=1776840122","contentUrl":"https:\/\/nid.pl\/wp-content\/litespeed\/avatar\/924046d17dd0c842c9fa9ccf489bc6dc.jpg?ver=1776840122","caption":"Barbara Halliop"},"url":"https:\/\/nid.pl\/en\/author\/bhalliop\/"}]}},"_links":{"self":[{"href":"https:\/\/nid.pl\/en\/wp-json\/wp\/v2\/posts\/9524","targetHints":{"allow":["GET"]}}],"collection":[{"href":"https:\/\/nid.pl\/en\/wp-json\/wp\/v2\/posts"}],"about":[{"href":"https:\/\/nid.pl\/en\/wp-json\/wp\/v2\/types\/post"}],"author":[{"embeddable":true,"href":"https:\/\/nid.pl\/en\/wp-json\/wp\/v2\/users\/7"}],"replies":[{"embeddable":true,"href":"https:\/\/nid.pl\/en\/wp-json\/wp\/v2\/comments?post=9524"}],"version-history":[{"count":0,"href":"https:\/\/nid.pl\/en\/wp-json\/wp\/v2\/posts\/9524\/revisions"}],"wp:featuredmedia":[{"embeddable":true,"href":"https:\/\/nid.pl\/en\/wp-json\/wp\/v2\/media\/9551"}],"wp:attachment":[{"href":"https:\/\/nid.pl\/en\/wp-json\/wp\/v2\/media?parent=9524"}],"wp:term":[{"taxonomy":"category","embeddable":true,"href":"https:\/\/nid.pl\/en\/wp-json\/wp\/v2\/categories?post=9524"},{"taxonomy":"post_tag","embeddable":true,"href":"https:\/\/nid.pl\/en\/wp-json\/wp\/v2\/tags?post=9524"}],"curies":[{"name":"wp","href":"https:\/\/api.w.org\/{rel}","templated":true}]}}