{"id":9494,"date":"2022-12-30T13:58:57","date_gmt":"2022-12-30T12:58:57","guid":{"rendered":"https:\/\/nid.pl\/?p=9494"},"modified":"2023-01-02T15:06:33","modified_gmt":"2023-01-02T14:06:33","slug":"podsumowanie-dzialalnosci-narodowego-instytutu-dziedzictwa-w-2022-roku","status":"publish","type":"post","link":"https:\/\/nid.pl\/en\/2022\/12\/30\/podsumowanie-dzialalnosci-narodowego-instytutu-dziedzictwa-w-2022-roku\/","title":{"rendered":"Podsumowanie dzia\u0142alno\u015bci Narodowego Instytutu Dziedzictwa w 2022 roku"},"content":{"rendered":"<p><strong>Dziesi\u0105tki wydarze\u0144, konferencji, wystaw, setki spotka\u0144, w tym przede wszystkim 60-lecie misji Narodowego Instytutu<\/strong> <strong>Dziedzictwa. Nie zabrak\u0142o te\u017c nowych wyzwa\u0144 wynikaj\u0105cych z niespodziewanej agresji Rosji na Ukrain\u0119.<\/strong><\/p>\n\n\n\n<p><\/p>\n\n\n\n<p><strong>60-lecie<\/strong> <strong>misji Narodowego Instytutu Dziedzictwa<\/strong><\/p>\n\n\n\n<p>W 2022 roku odbywa\u0142y si\u0119 obchody 60-lecia misji NID. Jej podstaw\u0105 od 1962 r. jest badanie i dokumentowanie zabytk\u00f3w w Polsce. Jubileusz odbywa\u0142 si\u0119 w ca\u0142ej Polsce, tam gdzie s\u0105 zlokalizowane plac\u00f3wki terenowe NID. By\u0142a to okazja do spotkania ze s\u0142u\u017cbami konserwatorskimi, specjalistami, z organizacjami spo\u0142ecznymi, wolontariuszami oraz innymi osobami zaanga\u017cowanymi w ochron\u0119 zabytk\u00f3w. Wsp\u00f3\u0142praca instytucji eksperckiej, jak\u0105 jest Narodowy Instytut Dziedzictwa, ze s\u0142u\u017cbami konserwatorskimi i spo\u0142ecznymi opiekunami zabytk\u00f3w jest kluczem do w\u0142a\u015bciwej realizacji zada\u0144, kt\u00f3re stoj\u0105 przed NID.<\/p>\n\n\n\n<p><em>\u2013 Mijaj\u0105cy rok w Narodowym Instytucie Dziedzictwa by\u0142 bardzo intensywny. Si\u0119gali\u015bmy do korzeni instytucji, by przypomnie\u0107 jej histori\u0119 i m\u00f3c z nowym zapa\u0142em wkroczy\u0107 w kolejn\u0105 dekad\u0119 dzia\u0142a\u0144 na rzecz ochrony zabytk\u00f3w i ca\u0142ego dziedzictwa kulturowego, zar\u00f3wno tego materialnego, jak i niematerialnego<\/em> \u2013 m\u00f3wi dyrektor NID, dr hab. Katarzyna Zalasi\u0144ska.<\/p>\n\n\n\n<p><\/p>\n\n\n\n<figure class=\"wp-block-embed aligncenter is-type-video is-provider-youtube wp-block-embed-youtube wp-embed-aspect-16-9 wp-has-aspect-ratio\"><div class=\"wp-block-embed__wrapper\">\n<iframe loading=\"lazy\" title=\"&quot;Przysz\u0142ym pokoleniom&quot; - 60 lat misji Narodowego Instytutu Dziedzictwa (short)\" width=\"1080\" height=\"608\" src=\"https:\/\/www.youtube.com\/embed\/UBIbMLN54dU?feature=oembed\"  allow=\"accelerometer; autoplay; clipboard-write; encrypted-media; gyroscope; picture-in-picture\" allowfullscreen><\/iframe>\n<\/div><\/figure>\n\n\n\n<p><\/p>\n\n\n\n<p><strong>Bie\u017c\u0105ce zadania Narodowego Instytutu Dziedzictwa<\/strong><\/p>\n\n\n\n<p>Wraz z up\u0142ywem lat pojawi\u0142y si\u0119 nowe zadania. Dzisiaj Instytut prowadzi centrum kompetencji w zakresie rozwoju nowych technologii w ochronie zabytk\u00f3w, zajmuje si\u0119 wdra\u017caniem Konwencji UNESCO w zakresie niematerialnego dziedzictwa kulturowego, wspiera proces rewitalizacji w gminach, zarz\u0105dza miejscem \u015bwiatowego dziedzictwa czy te\u017c wsp\u00f3\u0142pracuje z Generaln\u0105 Dyrekcj\u0105 Dr\u00f3g Krajowych i Autostrad w zakresie bada\u0144 archeologicznych prowadzonych w zwi\u0105zku z budow\u0105 autostrad.<\/p>\n\n\n\n<p>Narodowy Instytut Dziedzictwa gromadzi Krajow\u0105 Ewidencj\u0119 Zabytk\u00f3w oraz dokumenty zwi\u0105zane z wpisami zabytk\u00f3w do rejestru zabytk\u00f3w w formie analogowej i zdigitalizowanej \u2013 dost\u0119pne na stronie <a href=\"https:\/\/zabytek.pl\/pl\" target=\"_blank\" rel=\"noreferrer noopener\">zabytek.pl<\/a>. Prowadzi r\u00f3wnie\u017c centralne repozytorium danych decyzji administracyjnych (skany dokumentacji: rejestru i ewidencji zabytk\u00f3w, ewidencji grob\u00f3w i&nbsp;cmentarzy wojennych oraz pozwole\u0144 na wywozy zabytk\u00f3w ruchomych za granic\u0119).<\/p>\n\n\n\n<p>Od 1994 roku ustanawiane s\u0105 <a href=\"https:\/\/nid.pl\/en\/pomniki-historii\/\" target=\"_blank\" rel=\"noreferrer noopener\">Pomniki Historii<\/a>, czyli obiekty cenne dla polskiego dziedzictwa kulturowego, wyr\u00f3\u017cniaj\u0105ce si\u0119 m.in. znaczeniem ponadregionalnym, du\u017cymi warto\u015bciami historycznymi, naukowymi i artystycznymi. Narodowy Instytut Dziedzictwa w imieniu Ministerstwa Kultury i Dziedzictwa Narodowego prowadzi procedur\u0119 uznawania za Pomnik Historii i monitoruje ich ochron\u0119.<\/p>\n\n\n\n<p>Instytut uczestniczy r\u00f3wnie\u017c w procedurze wpisu polskich zabytk\u00f3w na List\u0119 \u015awiatowego Dziedzictwa UNESCO i podejmuje dzia\u0142ania, kt\u00f3re maj\u0105 na celu ich w\u0142a\u015bciwe zachowanie, w tym&nbsp; podniesienie poziomu ich ochrony oraz zarz\u0105dzania nimi. Prowadzi m.in. monitoring i ocen\u0119 stanu zachowania polskich miejsc wpisanych na List\u0119 \u015bwiatowego dziedzictwa UNESCO.<\/p>\n\n\n\n<p>Do zada\u0144 NID nale\u017cy r\u00f3wnie\u017c opracowanie standard\u00f3w konserwatorskich, tj. dokument\u00f3w standaryzuj\u0105cych, kt\u00f3re ustalaj\u0105 og\u00f3lne kierunki dzia\u0142a\u0144 organ\u00f3w konserwatorskich przy zabytkach. Maj\u0105 one form\u0119 zalece\u0144 wskazuj\u0105cych na prawid\u0142owe sposoby stosowania metodologii przy opracowywaniu dokumentacji, prowadzeniu prac konserwatorskich, remontowych i badawczych przy okre\u015blonej grupie zabytk\u00f3w; s\u0105 to te\u017c poradniki \u2013 zawieraj\u0105ce wskaz\u00f3wki techniczne, technologiczne oraz materia\u0142owe, dotycz\u0105ce dzia\u0142a\u0144 akceptowalnych, dopuszczalnych lub zakazanych przy zabytkach z danej grupy.<\/p>\n\n\n\n<p>Narodowy Instytut Dziedzictwa formu\u0142uje r\u00f3wnie\u017c opinie i ekspertyzy dotycz\u0105ce dzia\u0142a\u0144 przy zabytkach na rzecz organ\u00f3w administracji publicznej prowadz\u0105cych sprawy z zakresu ochrony zabytk\u00f3w: Ministerstwa Kultury i Dziedzictwa Narodowego, Wojew\u00f3dzkich Urz\u0119d\u00f3w Ochrony Zabytk\u00f3w, konserwator\u00f3w dzia\u0142aj\u0105cych w strukturach samorz\u0105d\u00f3w i diecezji, Generalnej Dyrekcji Dr\u00f3g Krajowych i Autostrad oraz Policji, Prokuratury i S\u0105d\u00f3w.<\/p>\n\n\n\n<p>Opr\u00f3cz bie\u017c\u0105cych dzia\u0142a\u0144 Instytut podj\u0105\u0142 zadania w zakresie problemu zmian klimatycznych. W listopadzie odby\u0142a si\u0119 konferencja po\u015bwi\u0119cona kwestiom zagro\u017ce\u0144 zwi\u0105zanych ze zmianami klimatu i stosunk\u00f3w wodnych dla stanowisk archeologicznych oraz zabytkowej zieleni. Organizatorami wydarzenia by\u0142 Narodowy Instytut Dziedzictwa oraz Katedra Architektury Krajobrazu Politechniki Krakowskiej im. Tadeusza Ko\u015bciuszki.<\/p>\n\n\n\n<p>Od lat wydawnictwo Narodowego Instytutu Dziedzictwa przedstawia nowe publikacje. W\u015br\u00f3d nich s\u0105 bezp\u0142atne wydawnictwa m.in. ostatnio wydana zosta\u0142a w serii poradnik\u00f3w dla w\u0142a\u015bcicieli i opiekun\u00f3w obiekt\u00f3w zabytkowych, ksi\u0105\u017cka autorstwa Filipa Gawli\u0144skiego \u201ePoradnik opiekuna domu drewnianego\u201d. Niebawem uka\u017ce si\u0119 podr\u0119cznik dotycz\u0105cy roli dziedzictwa w procesie rewitalizacji, b\u0119dzie to jedna z najwa\u017cniejszych publikacji wspieraj\u0105cych samorz\u0105dy w zagadnieniach ochrony dziedzictwa.<\/p>\n\n\n\n<p><\/p>\n\n\n\n<p><strong>Konkursy dla opiekun\u00f3w zabytk\u00f3w i program dotacyjny dla organizacji spo\u0142ecznych<\/strong><\/p>\n\n\n\n<p>14 listopada podczas uroczystej Gali, w Centrum Prasowym Foksal w Warszawie, poznali\u015bmy laureat\u00f3w konkurs\u00f3w Ministra Kultury i Dziedzictwa Narodowego i Generalnego Konserwatora Zabytk\u00f3w <a href=\"https:\/\/nid.pl\/en\/2022\/11\/15\/znamy-finalistow-konkursow-zabytek-zadbany-i-samorzad-dla-dziedzictwa\/\" target=\"_blank\" rel=\"noreferrer noopener\">\u201eZabytek Zadbany\u201d 2022 oraz trzeciej edycji konkursu \u201eSamorz\u0105d dla dziedzictwa\u201d<\/a>. Oba konkursy zosta\u0142y przeprowadzone przez Narodowy Instytut Dziedzictwa.<\/p>\n\n\n\n<p>Konkurs \u201eSamorz\u0105d dla Dziedzictwa\u201d zosta\u0142 og\u0142oszony jako cz\u0119\u015b\u0107 Krajowego Programu Ochrony Zabytk\u00f3w i Opieki nad Zabytkami na lata 2019-2022. Jest to projekt adresowany do samorz\u0105d\u00f3w gminnych, kt\u00f3re wyr\u00f3\u017cniaj\u0105 si\u0119 prawid\u0142owo opracowanym Programem Opieki nad Zabytkami oraz realizacjami zapewniaj\u0105cymi zachowanie lokalnego dziedzictwa i efektywne wykorzystanie jego potencja\u0142u.<\/p>\n\n\n\n<p>\u201eZabytek Zadbany\u201d to og\u00f3lnopolski konkurs, kt\u00f3rego celem jest promocja i upowszechnianie najlepszych prac konserwatorskich, budowlanych, rewitalizacyjnych i adaptacyjnych zrealizowanych zgodnie z najwa\u017cniejszymi standardami badawczymi i wykonawczymi.<\/p>\n\n\n\n<p>Konkurs szczyci si\u0119 wieloletni\u0105 tradycj\u0105 \u2013 po raz pierwszy og\u0142oszony zosta\u0142 blisko 50 lat temu. Corocznie o miano laureat\u00f3w i wyr\u00f3\u017cnionych ubiega\u0107 si\u0119 mog\u0105 w\u0142a\u015bciciele i zarz\u0105dcy zabytkowych nieruchomo\u015bci, kt\u00f3rzy wzorowo i konsekwentnie prowadz\u0105 dzia\u0142ania \u2013 badawcze, rewitalizacyjne, konserwatorskie i budowlane.<\/p>\n\n\n\n<p>Narodowy Instytut Dziedzictwa realizuje r\u00f3wnie\u017c program dotacyjny \u201eWsp\u00f3lnie dla dziedzictwa\u201d, kt\u00f3rego celem jest tworzenie warunk\u00f3w do ochrony dziedzictwa kulturowego i wykorzystania jago warto\u015bci dla rozwoju spo\u0142ecznego obecnych i przysz\u0142ych pokole\u0144. Dofinansowywane dzia\u0142ania, zgodnie z regulaminem konkursu, dotycz\u0105 mi\u0119dzy innymi, prac porz\u0105dkowych i pomocniczych zwi\u0105zanych z utrzymaniem zabytk\u00f3w, prac inwentaryzacyjnych i dokumentacyjnych oraz edukacyjnych i popularyzuj\u0105cych wiedz\u0119 na temat dziedzictwa.<\/p>\n\n\n\n<p>W dotychczasowych siedmiu edycjach programu wnioski z\u0142o\u017cy\u0142o ponad 1100 organizacji, a ponad 270 otrzyma\u0142o wsparcie finansowe. W realizacj\u0119 projekt\u00f3w zaanga\u017cowa\u0142o si\u0119 niemal 5000 wolontariuszy. To ludzie w r\u00f3\u017cnym wieku, r\u00f3\u017cnych profesji, kt\u00f3rych \u0142\u0105czy jedna pasja \u2013 troska o dziedzictwo kulturowe. Na realizacj\u0119 projekt\u00f3w Ministerstwo Kultury i Dziedzictwa Narodowego dotychczas przeznaczy\u0142o ju\u017c 8,5 mln z\u0142otych.<\/p>\n\n\n\n<p>Podczas Gali z okazji Mi\u0119dzynarodowego Dnia Wolontariusza mia\u0142a r\u00f3wnie\u017c miejsce premiera filmu \u201eSztuka pami\u0119tania\u201d w re\u017cyserii Anny Urba\u0144czyk, dokumentuj\u0105cego zaanga\u017cowanie wolontariuszy w ramach programu \u201eWsp\u00f3lnie dla dziedzictwa\u201d. G\u0142\u00f3wnymi bohaterami dokumentu s\u0105 uczestnicy projektu \u201eDzwonnice pe\u0142ne pami\u0105tek\u201d organizowanego przez Klub Mi\u0142o\u015bnik\u00f3w \u0141emkowszczyzny, pod kierunkiem ks. mitrata Romana Dubeca. Ich zadaniem by\u0142o ratowanie dziedzictwa i pami\u0119ci po kulturze \u0142emkowskiej w wojew\u00f3dztwach ma\u0142opolskim i podkarpackim. Zach\u0119camy do obejrzenia filmu na kanale <a href=\"https:\/\/www.youtube.com\/@tvnid\" target=\"_blank\" rel=\"noreferrer noopener\">NID TV<\/a>.<\/p>\n\n\n\n<p><\/p>\n\n\n\n<p><strong>Program AZP + \u2013 nowy rozdzia\u0142 w archeologii<\/strong><\/p>\n\n\n\n<p>W 2022 roku Narodowy Instytut Dziedzictwa wystartowa\u0142 z programem, kt\u00f3ry stanowi nowy rozdzia\u0142 polskiej archeologii. Program AZP+ to propozycja og\u00f3lnopolskiej strategii rozpoznawania dziedzictwa archeologicznego metodami nieinwazyjnymi, kt\u00f3ra ma r\u00f3wnie\u017c zapewni\u0107 narz\u0119dzia do efektywniejszego zarz\u0105dzania dziedzictwem. Jak przekonuje dyrektor NID, dr hab. Katarzyna Zalasi\u0144ska, ochrona zabytk\u00f3w dziedzictwa archeologicznego jest szczeg\u00f3lnym wyzwaniem dla s\u0142u\u017cb konserwatorskich.<\/p>\n\n\n\n<p>\u2013 <em>Ochrona dziedzictwa archeologicznego nie jest \u0142atwa. W rzeczywisto\u015bci polega na przekonywaniu spo\u0142eczno\u015bci \u017ce to, co niewidoczne dla oka, to co znajduje si\u0119 w ziemi \u2013 i powinno tam zosta\u0107 zgodnie z Europejsk\u0105 konwencj\u0105 o ochronie dziedzictwa archeologicznego ratyfikowan\u0105 przez Polsk\u0119, przed wieloma laty \u2013 \u017ce to jest warte ochrony i zas\u0142uguje na nasz\u0105 trosk\u0119. Ka\u017cdy z nas, aby co\u015b zrozumie\u0107 potrzebuje zobaczy\u0107, do\u015bwiadczy\u0107, dotkn\u0105\u0107 \u2013 to u\u0142atwia nam budowanie \u015bwiadomo\u015bci warto\u015bci dziedzictwa. W przypadku archeologii to zadanie jest bardzo trudne, dlatego \u017ce w rzeczywisto\u015bci mamy doceni\u0107 to, czego nie widzimy i najcz\u0119\u015bciej nie zobaczymy. Program AZP+ bazuje na wykorzystaniu nowych technologii w s\u0142u\u017cbie zabytkom archeologicznym, pozwala nam pokaza\u0107 zabytki archeologiczne, kt\u00f3re znajduj\u0105 si\u0119 w ziemi, pozwala nam dostrzec to, co z poziomu ziemi jest niewidoczne dla oka. Pozwala bada\u0107 zabytki archeologiczne bez ich wydobywania z ziemi. Program AZP+ pokazuje, jak mo\u017cna wykorzysta\u0107 te technologie i mo\u017cliwo\u015bci, kt\u00f3re daje nam dzisiaj technika, w nowoczesny spos\u00f3b bada\u0107 i chroni\u0107 dziedzictwo archeologiczne. Program AZP+ ma szans\u0119 otworzy\u0107 nowy rozdzia\u0142 w archeologii.<\/em><\/p>\n\n\n\n<p>Na kanale <a href=\"https:\/\/www.youtube.com\/watch?v=zp7cfISC5As\" target=\"_blank\" rel=\"noreferrer noopener\">YouTube Narodowego Instytutu Dziedzictwa<\/a>, dost\u0119pny jest film opisuj\u0105cy za\u0142o\u017cenia Programu AZP+. Natomiast na <a href=\"https:\/\/szkolenianid.learncom.pl\/Account_LogOn\" target=\"_blank\" rel=\"noreferrer noopener\">platformie szkoleniowej NID<\/a> zosta\u0142y opublikowane pierwsze 3 (z&nbsp;planowanych wielu) e-szkolenia przygotowane w ramach Programu. Kursy dotycz\u0105 metod teledetekcyjnych wykorzystywanych do rozpoznawania, monitorowania i&nbsp;dokumentowania relikt\u00f3w archeologicznych. Skierowane s\u0105 przede wszystkim do pracownik\u00f3w s\u0142u\u017cb konserwatorskich i archeolog\u00f3w, w za\u0142o\u017ceniu maj\u0105 u\u0142atwi\u0107 podejmowanie decyzji dotycz\u0105cych sposobu post\u0119powania z zabytkami archeologicznymi. Zainteresuj\u0105 r\u00f3wnie\u017c wszystkich pasjonat\u00f3w, kt\u00f3rzy chcieliby sami odkrywa\u0107 dziedzictwo archeologiczne bez wychodzenia z domu.<\/p>\n\n\n\n<p><\/p>\n\n\n\n<p><strong>Cyfrowa rewolucja w dost\u0119pno\u015bci wiedzy o zabytkach<\/strong><\/p>\n\n\n\n<p>Instytut udost\u0119pnia w nowoczesny i kompleksowy spos\u00f3b informacje o polskich zabytkach. Na portalu <a href=\"https:\/\/zabytek.pl\/pl\">zabytek.pl<\/a> mo\u017cna odnale\u017a\u0107 zar\u00f3wno profesjonalne opisy zabytk\u00f3w, ich dokumentacj\u0119, archiwalne i aktualne zdj\u0119cia obiekt\u00f3w, modele 3 D oraz wiele innych zasob\u00f3w informacji.<\/p>\n\n\n\n<p>Projekt \u201e<a href=\"https:\/\/www.youtube.com\/watch?v=cyICllh_gUg\">Digitalizacja i udost\u0119pnianie cyfrowych d\u00f3br kultury \u2013 zabytk\u00f3w oraz grob\u00f3w i cmentarzy <\/a><a href=\"https:\/\/www.youtube.com\/watch?v=cyICllh_gUg\" target=\"_blank\" rel=\"noreferrer noopener\">wojennych<\/a>\u201d mia\u0142 za zadanie odwzorowa\u0107 cyfrowo b\u0119d\u0105ce dotychczas w formie analogowej zasoby, pozostaj\u0105ce w dyspozycji Narodowego Instytutu Dziedzictwa. Materia\u0142y te obejmuj\u0105 swoj\u0105 tematyk\u0105 wszystkie obiekty nieruchome i archeologiczne wpisane do Krajowej Ewidencji Zabytk\u00f3w oraz kart ewidencyjnych grob\u00f3w i cmentarzy wojennych gromadzonych przez urz\u0119dy wojew\u00f3dzkie. Efektem finalnym prac jest powszechne udost\u0119pnienie zasob\u00f3w w Internecie. Na uwag\u0119 zas\u0142uguje skala przedsi\u0119wzi\u0119cia. W projekcie poddano digitalizacji ponad 1 300 000 szt. dokument\u00f3w. Ka\u017cdy z nich zosta\u0142 opatrzony w\u0142a\u015bciwymi metadanymi opisowymi, a obiekty, kt\u00f3rych dotycz\u0105 odwzorowane przestrzenne na mapie poprzez proces wektoryzacji. Za wysok\u0105 jako\u015bci\u0105 dokument\u00f3w poddawanych digitalizacji stoi, wyposa\u017cona w pe\u0142ni w ramach projektu pracownia, dedykowana w\u0142a\u015bnie temu procesowi. R\u00f3wnolegle rozbudowano r\u00f3wnie\u017c system teleinformatyczny do bezpiecznego gromadzenia i udost\u0119pniania wytworzonych zasob\u00f3w cyfrowych. Oba dzia\u0142ania pozwalaj\u0105 sprawnie i nowocze\u015bnie udost\u0119pnia\u0107 rozleg\u0142\u0105 dokumentacj\u0119 ewidencji zabytk\u00f3w wszystkim zainteresowanym. W rezultacie powsta\u0142a rozbudowana baza danych o obiektach zabytkowych, grobach i cmentarzach wojennych oraz teleinformatyczny system gromadzenia i udost\u0119pniania informacji o nich. \u0179r\u00f3d\u0142ami, w kt\u00f3rych ju\u017c dzi\u015b mo\u017cna wyszuka\u0107 dane, s\u0105 zarz\u0105dzane przez Narodowy Instytut Dziedzictwa portale <a href=\"https:\/\/zabytek.pl\/pl\" target=\"_blank\" rel=\"noreferrer noopener\">zabytek.pl<\/a> oraz <a href=\"https:\/\/mapy.zabytek.gov.pl\/nid\/\" target=\"_blank\" rel=\"noreferrer noopener\">mapy.zabytek.gov.pl<\/a>.<\/p>\n\n\n\n<p><\/p>\n\n\n\n<p><strong>Centrum Pomocy dla Kultury na Ukrainie<\/strong><\/p>\n\n\n\n<p>24 lutego 2022 roku wojska rosyjskie zaatakowa\u0142y Ukrain\u0119. Od marca Polska udzieli\u0142a wsparcia na ratowanie dziedzictwa kulturowego Ukrainy o warto\u015bci ponad miliona euro. G\u0142\u00f3wnym koordynatorem rz\u0105dowej pomocy dla sektora kultury na Ukrainie jest Centrum Pomocy Kultury na Ukrainie.<\/p>\n\n\n\n<p>\u2013 <em>T\u0105 odpowiedzialn\u0105 misj\u0119 powierzy\u0142 nam w marcu br. wicepremier, minister kultury i dziedzictwa narodowego, prof. Piotr Gli\u0144ski. Praca i ogromne zaanga\u017cowanie dzia\u0142aj\u0105cego w NID Centrum Pomocy dla Kultury na Ukrainie sprawi\u0142o, \u017ce Polska jest postrzegana na arenie mi\u0119dzynarodowej jako lider dzia\u0142alno\u015bci pomocowej w zakresie ratowania dziedzictwa kulturowego Ukrainy. W 2022 r. dostarczyli\u015bmy ponad 800 palet pomocy materia\u0142owej, obejmuj\u0105cej \u015brodki do zabezpieczania zabytk\u00f3w oraz materia\u0142y przeciwpo\u017carowe. Kolejne transporty s\u0105 w przygotowaniu. W ramach Centrum nie tylko przekazujemy pomoc polskiego rz\u0105du, ale r\u00f3wnie\u017c koordynujemy dzia\u0142ania krajowych i mi\u0119dzynarodowych instytucji. Nasza praca zosta\u0142a doceniona przez UNESCO, dla kt\u00f3rego jeste\u015bmy aktualnie g\u0142\u00f3wnym partnerem w dzia\u0142aniach maj\u0105cych na celu wsparcie dla walcz\u0105cej o suwerenno\u015b\u0107 Ukrainy<\/em> <br>\u2013 wyja\u015bnia dyr. K. Zalasi\u0144ska.<\/p>\n\n\n\n<p><\/p>\n\n\n\n<p><strong>Dzia\u0142alno\u015b\u0107 na forum mi\u0119dzynarodowym<\/strong><\/p>\n\n\n\n<p>Narodowy Instytut Dziedzictwa organizuje wydarzenia promuj\u0105ce dziedzictwo kulturowe i aktywnie uczestniczy na forum organizacji mi\u0119dzynarodowych jak UNESCO, ICOMOS.<\/p>\n\n\n\n<p>Instytut koordynuje realizacj\u0119 postanowie\u0144 Konwencji w sprawie ochrony \u015bwiatowego dziedzictwa kulturalnego i naturalnego, przyj\u0119tej przez Konferencj\u0119 Generaln\u0105 UNESCO w 1972 r. Podejmuje dzia\u0142ania, kt\u00f3re maj\u0105 na celu zachowanie dziedzictwa o wyj\u0105tkowej powszechnej warto\u015bci, podniesienie poziomu ich ochrony oraz zarz\u0105dzania nimi, m.in. prowadzi monitoring i ocen\u0119 stanu zachowania polskich miejsc wpisanych na List\u0119 \u015bwiatowego dziedzictwa UNESCO, opracowuje raporty okresowe dla Centrum \u015awiatowego Dziedzictwa UNESCO, dotycz\u0105ce polityki pa\u0144stwa w zakresie realizacji Konwencji oraz koordynuje opracowywanie raport\u00f3w okresowych dla poszczeg\u00f3lnych miejsc wpisanych na List\u0119 \u015awiatowego Dziedzictwa UNESCO. NID zajmuje si\u0119 r\u00f3wnie\u017c popularyzowaniem \u015bwiatowego dziedzictwa i jego znaczenia dla spo\u0142ecze\u0144stwa, jak r\u00f3wnie\u017c aktywnie wspiera s\u0142u\u017cby konserwatorskie, organy samorz\u0105du terytorialnego, zarz\u0105dc\u00f3w oraz instytucje rz\u0105dowe w ochronie i konserwacji d\u00f3br wpisanych i kandyduj\u0105cych na List\u0119 \u015bwiatowego dziedzictwa.<\/p>\n\n\n\n<p><\/p>\n\n\n\n<p><strong>Koordynujemy projekty mi\u0119dzynarodowe<\/strong><\/p>\n\n\n\n<p>Narodowy Instytut Dziedzictwa jest og\u00f3lnopolskim koordynatorem mi\u0119dzynarodowych wydarze\u0144 m. in. <a href=\"https:\/\/edd.nid.pl\/\" target=\"_blank\" rel=\"noreferrer noopener\">Europejskich Dni Dziedzictwa<\/a> i Europejskich Dni Archeologii.<\/p>\n\n\n\n<p>Tegoroczna, 30. edycja Europejskich Dni Dziedzictwa odby\u0142a si\u0119 pod has\u0142em \u201e<a href=\"https:\/\/www.youtube.com\/watch?v=tnyfPF37M9M\" target=\"_blank\" rel=\"noreferrer noopener\">Po\u0142\u0105czeni dziedzictwem<\/a>\u201d i nawi\u0105zywa\u0142a do podpisanej przez Polsk\u0119 Konwencji Ramowej Rady Europy o warto\u015bci dziedzictwa kulturowego dla spo\u0142ecze\u0144stwa (tzw. Konwencja FARO). W tym roku na szczeg\u00f3ln\u0105 uwag\u0119 zwr\u00f3cono na zagro\u017cone dziedzictwo kulturowe Ukrainy, st\u0105d te\u017c w ca\u0142ej Polsce organizowane by\u0142y wydarzenia podkre\u015blaj\u0105ce polsko-ukrai\u0144skie dziedzictwo kulturowe.<\/p>\n\n\n\n<p><\/p>\n\n\n\n<p><strong>Ochrona dziedzictwa niematerialnego<\/strong><\/p>\n\n\n\n<p>W zakresie ochrony dziedzictwa niematerialnego, Narodowy Instytut Dziedzictwa zajmuje si\u0119 identyfikacj\u0105 i inwentaryzacj\u0105 niematerialnego dziedzictwa kulturowego, jego promocj\u0105, jak r\u00f3wnie\u017c doradztwem dla jego depozytariuszy, w szczeg\u00f3lno\u015bci w kwestiach zwi\u0105zanych z przygotowaniem wniosk\u00f3w o wpis na Krajow\u0105 list\u0119 niematerialnego dziedzictwa kulturowego i do Krajowego rejestru dobrych praktyk w ochronie niematerialnego dziedzictwa kulturowego. Instytut pe\u0142ni funkcj\u0119 platformy wymiany do\u015bwiadcze\u0144 oraz realizuje programy szkole\u0144 dla r\u00f3\u017cnych podmiot\u00f3w dotycz\u0105ce realizacji zapis\u00f3w Konwencji w sprawie ochrony niematerialnego dziedzictwa kulturowego, uchwalon\u0105 przez UNESCO w 2003 r.<\/p>\n\n\n\n<p>Instytut obs\u0142uguje r\u00f3wnie\u017c prowadzon\u0105 przez Ministra Kultury i Dziedzictwa Narodowego \u2013 Krajow\u0105 list\u0119 niematerialnego dziedzictwa kulturowego oraz Krajowy rejestr dobrych praktyk w ochronie niematerialnego dziedzictwa kulturowego.<\/p>\n\n\n\n<p><\/p>\n\n\n\n<p><strong>Nie odcinaj si\u0119 od przesz\u0142o\u015bci. Dbaj o zabytki<\/strong><\/p>\n\n\n\n<p>NID prowadzi tak\u017ce kampanie promuj\u0105ce ochron\u0119 zabytk\u00f3w. W tym roku w ramach kampanii <a href=\"https:\/\/nid.pl\/en\/2022\/12\/13\/nie-odcinaj-sie-od-przeszlosci-dbaj-o-zabytki\/\" target=\"_blank\" rel=\"noreferrer noopener\">Nie odcinaj si\u0119 od przesz\u0142o\u015bci. Dbaj o zabytki<\/a> zosta\u0142 przygotowany spot oraz towarzysz\u0105ce mu bilbordy. Kampania spo\u0142eczna bazowa\u0142a na mediach internetowych, ale pojawi\u0142a si\u0119 r\u00f3wnie\u017c w przestrzeni publicznej najwi\u0119kszych miast w Polsce, na autobusach i w \u015brodkach komunikacji miejskiej. W 2021 roku do ambasador\u00f3w akcji \u201eZabytki to Twoje dziedzictwo. Nie pozw\u00f3l niszczy\u0107. Reaguj!\u201d do\u0142\u0105czyli polscy pisarze krymina\u0142\u00f3w. Hanna Gre\u0144, Ryszard \u0106wirlej, Bartosz Szczygielski oraz Marcin Wro\u0144ski napisali wci\u0105gaj\u0105ce, mro\u017c\u0105ce krew w \u017cy\u0142ach opowiadania o przest\u0119pstwach i wykroczeniach przeciwko zabytkom. W tym roku kolejne opowiadania przygotowali: Joanna Jode\u0142ka, Marta Guzowska, Leszek Talko, Piotr Borlik oraz Tomasz Duszy\u0144ski. Opowiadania dost\u0119pne s\u0105&nbsp; r\u00f3wnie\u017c w formie audiobook\u00f3w na stronie: <a href=\"https:\/\/zabytki-reaguj.nid.pl\/\" target=\"_blank\" rel=\"noreferrer noopener\">https:\/\/zabytki-reaguj.nid.pl\/<\/a>.<\/p>\n\n\n\n<p><\/p>","protected":false},"excerpt":{"rendered":"<p>Dziesi\u0105tki wydarze\u0144, konferencji, wystaw, setki spotka\u0144, w tym przede wszystkim 60-lecie misji Narodowego Instytutu Dziedzictwa. Nie zabrak\u0142o te\u017c nowych wyzwa\u0144 wynikaj\u0105cych z niespodziewanej agresji Rosji na Ukrain\u0119. 60-lecie misji Narodowego [&hellip;]<\/p>","protected":false},"author":7,"featured_media":9495,"comment_status":"open","ping_status":"open","sticky":false,"template":"","format":"standard","meta":{"_et_pb_use_builder":"off","_et_pb_old_content":"","_et_gb_content_width":"","_monsterinsights_skip_tracking":false,"_monsterinsights_sitenote_active":false,"_monsterinsights_sitenote_note":"","_monsterinsights_sitenote_category":0,"footnotes":""},"categories":[3],"tags":[],"class_list":["post-9494","post","type-post","status-publish","format-standard","has-post-thumbnail","hentry","category-aktualnosci"],"yoast_head":"<!-- This site is optimized with the Yoast SEO plugin v26.5 - https:\/\/yoast.com\/wordpress\/plugins\/seo\/ -->\n<title>Podsumowanie dzia\u0142alno\u015bci Narodowego Instytutu Dziedzictwa w 2022 roku - NID<\/title>\n<meta name=\"robots\" content=\"index, follow, max-snippet:-1, max-image-preview:large, max-video-preview:-1\" \/>\n<link rel=\"canonical\" href=\"https:\/\/nid.pl\/en\/2022\/12\/30\/podsumowanie-dzialalnosci-narodowego-instytutu-dziedzictwa-w-2022-roku\/\" \/>\n<meta property=\"og:locale\" content=\"en_GB\" \/>\n<meta property=\"og:type\" content=\"article\" \/>\n<meta property=\"og:title\" content=\"Podsumowanie dzia\u0142alno\u015bci Narodowego Instytutu Dziedzictwa w 2022 roku - NID\" \/>\n<meta property=\"og:description\" content=\"Dziesi\u0105tki wydarze\u0144, konferencji, wystaw, setki spotka\u0144, w tym przede wszystkim 60-lecie misji Narodowego Instytutu Dziedzictwa. Nie zabrak\u0142o te\u017c nowych wyzwa\u0144 wynikaj\u0105cych z niespodziewanej agresji Rosji na Ukrain\u0119. 60-lecie misji Narodowego [&hellip;]\" \/>\n<meta property=\"og:url\" content=\"https:\/\/nid.pl\/en\/2022\/12\/30\/podsumowanie-dzialalnosci-narodowego-instytutu-dziedzictwa-w-2022-roku\/\" \/>\n<meta property=\"og:site_name\" content=\"NID\" \/>\n<meta property=\"article:publisher\" content=\"https:\/\/www.facebook.com\/zabytek\" \/>\n<meta property=\"article:published_time\" content=\"2022-12-30T12:58:57+00:00\" \/>\n<meta property=\"article:modified_time\" content=\"2023-01-02T14:06:33+00:00\" \/>\n<meta property=\"og:image\" content=\"https:\/\/nid.pl\/wp-content\/uploads\/2022\/12\/60.png\" \/>\n\t<meta property=\"og:image:width\" content=\"440\" \/>\n\t<meta property=\"og:image:height\" content=\"294\" \/>\n\t<meta property=\"og:image:type\" content=\"image\/png\" \/>\n<meta name=\"author\" content=\"Barbara Halliop\" \/>\n<meta name=\"twitter:card\" content=\"summary_large_image\" \/>\n<meta name=\"twitter:creator\" content=\"@NarIDpl\" \/>\n<meta name=\"twitter:site\" content=\"@NarIDpl\" \/>\n<meta name=\"twitter:label1\" content=\"Written by\" \/>\n\t<meta name=\"twitter:data1\" content=\"Barbara Halliop\" \/>\n\t<meta name=\"twitter:label2\" content=\"Estimated reading time\" \/>\n\t<meta name=\"twitter:data2\" content=\"10 minutes\" \/>\n<script type=\"application\/ld+json\" class=\"yoast-schema-graph\">{\"@context\":\"https:\/\/schema.org\",\"@graph\":[{\"@type\":\"Article\",\"@id\":\"https:\/\/nid.pl\/2022\/12\/30\/podsumowanie-dzialalnosci-narodowego-instytutu-dziedzictwa-w-2022-roku\/#article\",\"isPartOf\":{\"@id\":\"https:\/\/nid.pl\/2022\/12\/30\/podsumowanie-dzialalnosci-narodowego-instytutu-dziedzictwa-w-2022-roku\/\"},\"author\":{\"name\":\"Barbara Halliop\",\"@id\":\"https:\/\/nid.pl\/#\/schema\/person\/1b690a8998a5111cfb9f0ffe24195a15\"},\"headline\":\"Podsumowanie dzia\u0142alno\u015bci Narodowego Instytutu Dziedzictwa w 2022 roku\",\"datePublished\":\"2022-12-30T12:58:57+00:00\",\"dateModified\":\"2023-01-02T14:06:33+00:00\",\"mainEntityOfPage\":{\"@id\":\"https:\/\/nid.pl\/2022\/12\/30\/podsumowanie-dzialalnosci-narodowego-instytutu-dziedzictwa-w-2022-roku\/\"},\"wordCount\":2501,\"commentCount\":0,\"publisher\":{\"@id\":\"https:\/\/nid.pl\/#organization\"},\"image\":{\"@id\":\"https:\/\/nid.pl\/2022\/12\/30\/podsumowanie-dzialalnosci-narodowego-instytutu-dziedzictwa-w-2022-roku\/#primaryimage\"},\"thumbnailUrl\":\"https:\/\/nid.pl\/wp-content\/uploads\/2022\/12\/60.png\",\"articleSection\":[\"Aktualno\u015bci\"],\"inLanguage\":\"en-GB\"},{\"@type\":\"WebPage\",\"@id\":\"https:\/\/nid.pl\/2022\/12\/30\/podsumowanie-dzialalnosci-narodowego-instytutu-dziedzictwa-w-2022-roku\/\",\"url\":\"https:\/\/nid.pl\/2022\/12\/30\/podsumowanie-dzialalnosci-narodowego-instytutu-dziedzictwa-w-2022-roku\/\",\"name\":\"Podsumowanie dzia\u0142alno\u015bci Narodowego Instytutu Dziedzictwa w 2022 roku - NID\",\"isPartOf\":{\"@id\":\"https:\/\/nid.pl\/#website\"},\"primaryImageOfPage\":{\"@id\":\"https:\/\/nid.pl\/2022\/12\/30\/podsumowanie-dzialalnosci-narodowego-instytutu-dziedzictwa-w-2022-roku\/#primaryimage\"},\"image\":{\"@id\":\"https:\/\/nid.pl\/2022\/12\/30\/podsumowanie-dzialalnosci-narodowego-instytutu-dziedzictwa-w-2022-roku\/#primaryimage\"},\"thumbnailUrl\":\"https:\/\/nid.pl\/wp-content\/uploads\/2022\/12\/60.png\",\"datePublished\":\"2022-12-30T12:58:57+00:00\",\"dateModified\":\"2023-01-02T14:06:33+00:00\",\"breadcrumb\":{\"@id\":\"https:\/\/nid.pl\/2022\/12\/30\/podsumowanie-dzialalnosci-narodowego-instytutu-dziedzictwa-w-2022-roku\/#breadcrumb\"},\"inLanguage\":\"en-GB\",\"potentialAction\":[{\"@type\":\"ReadAction\",\"target\":[\"https:\/\/nid.pl\/2022\/12\/30\/podsumowanie-dzialalnosci-narodowego-instytutu-dziedzictwa-w-2022-roku\/\"]}]},{\"@type\":\"ImageObject\",\"inLanguage\":\"en-GB\",\"@id\":\"https:\/\/nid.pl\/2022\/12\/30\/podsumowanie-dzialalnosci-narodowego-instytutu-dziedzictwa-w-2022-roku\/#primaryimage\",\"url\":\"https:\/\/nid.pl\/wp-content\/uploads\/2022\/12\/60.png\",\"contentUrl\":\"https:\/\/nid.pl\/wp-content\/uploads\/2022\/12\/60.png\",\"width\":440,\"height\":294,\"caption\":\"60\"},{\"@type\":\"BreadcrumbList\",\"@id\":\"https:\/\/nid.pl\/2022\/12\/30\/podsumowanie-dzialalnosci-narodowego-instytutu-dziedzictwa-w-2022-roku\/#breadcrumb\",\"itemListElement\":[{\"@type\":\"ListItem\",\"position\":1,\"name\":\"Home\",\"item\":\"https:\/\/nid.pl\/\"},{\"@type\":\"ListItem\",\"position\":2,\"name\":\"Podsumowanie dzia\u0142alno\u015bci Narodowego Instytutu Dziedzictwa w 2022 roku\"}]},{\"@type\":\"WebSite\",\"@id\":\"https:\/\/nid.pl\/#website\",\"url\":\"https:\/\/nid.pl\/\",\"name\":\"NID\",\"description\":\"Narodowy Instytut Dziedzictwa\",\"publisher\":{\"@id\":\"https:\/\/nid.pl\/#organization\"},\"potentialAction\":[{\"@type\":\"SearchAction\",\"target\":{\"@type\":\"EntryPoint\",\"urlTemplate\":\"https:\/\/nid.pl\/?s={search_term_string}\"},\"query-input\":{\"@type\":\"PropertyValueSpecification\",\"valueRequired\":true,\"valueName\":\"search_term_string\"}}],\"inLanguage\":\"en-GB\"},{\"@type\":\"Organization\",\"@id\":\"https:\/\/nid.pl\/#organization\",\"name\":\"Narodowy Instytut Dziedzictwa\",\"url\":\"https:\/\/nid.pl\/\",\"logo\":{\"@type\":\"ImageObject\",\"inLanguage\":\"en-GB\",\"@id\":\"https:\/\/nid.pl\/#\/schema\/logo\/image\/\",\"url\":\"https:\/\/nid.pl\/wp-content\/uploads\/2022\/10\/logoRedDark.png\",\"contentUrl\":\"https:\/\/nid.pl\/wp-content\/uploads\/2022\/10\/logoRedDark.png\",\"width\":200,\"height\":197,\"caption\":\"Narodowy Instytut Dziedzictwa\"},\"image\":{\"@id\":\"https:\/\/nid.pl\/#\/schema\/logo\/image\/\"},\"sameAs\":[\"https:\/\/www.facebook.com\/zabytek\",\"https:\/\/x.com\/NarIDpl\",\"https:\/\/www.instagram.com\/nid.pl\/?hl=pl\",\"https:\/\/www.linkedin.com\/company\/narodowy-instytut-dziedzictwa\",\"https:\/\/www.youtube.com\/channel\/UCQXuhKa2uHtmNvLRUSx40JA\"]},{\"@type\":\"Person\",\"@id\":\"https:\/\/nid.pl\/#\/schema\/person\/1b690a8998a5111cfb9f0ffe24195a15\",\"name\":\"Barbara Halliop\",\"image\":{\"@type\":\"ImageObject\",\"inLanguage\":\"en-GB\",\"@id\":\"https:\/\/nid.pl\/#\/schema\/person\/image\/\",\"url\":\"https:\/\/nid.pl\/wp-content\/litespeed\/avatar\/924046d17dd0c842c9fa9ccf489bc6dc.jpg?ver=1777444967\",\"contentUrl\":\"https:\/\/nid.pl\/wp-content\/litespeed\/avatar\/924046d17dd0c842c9fa9ccf489bc6dc.jpg?ver=1777444967\",\"caption\":\"Barbara Halliop\"},\"url\":\"https:\/\/nid.pl\/en\/author\/bhalliop\/\"}]}<\/script>\n<!-- \/ Yoast SEO plugin. -->","yoast_head_json":{"title":"Podsumowanie dzia\u0142alno\u015bci Narodowego Instytutu Dziedzictwa w 2022 roku - NID","robots":{"index":"index","follow":"follow","max-snippet":"max-snippet:-1","max-image-preview":"max-image-preview:large","max-video-preview":"max-video-preview:-1"},"canonical":"https:\/\/nid.pl\/en\/2022\/12\/30\/podsumowanie-dzialalnosci-narodowego-instytutu-dziedzictwa-w-2022-roku\/","og_locale":"en_GB","og_type":"article","og_title":"Podsumowanie dzia\u0142alno\u015bci Narodowego Instytutu Dziedzictwa w 2022 roku - NID","og_description":"Dziesi\u0105tki wydarze\u0144, konferencji, wystaw, setki spotka\u0144, w tym przede wszystkim 60-lecie misji Narodowego Instytutu Dziedzictwa. Nie zabrak\u0142o te\u017c nowych wyzwa\u0144 wynikaj\u0105cych z niespodziewanej agresji Rosji na Ukrain\u0119. 60-lecie misji Narodowego [&hellip;]","og_url":"https:\/\/nid.pl\/en\/2022\/12\/30\/podsumowanie-dzialalnosci-narodowego-instytutu-dziedzictwa-w-2022-roku\/","og_site_name":"NID","article_publisher":"https:\/\/www.facebook.com\/zabytek","article_published_time":"2022-12-30T12:58:57+00:00","article_modified_time":"2023-01-02T14:06:33+00:00","og_image":[{"width":440,"height":294,"url":"https:\/\/nid.pl\/wp-content\/uploads\/2022\/12\/60.png","type":"image\/png"}],"author":"Barbara Halliop","twitter_card":"summary_large_image","twitter_creator":"@NarIDpl","twitter_site":"@NarIDpl","twitter_misc":{"Written by":"Barbara Halliop","Estimated reading time":"10 minutes"},"schema":{"@context":"https:\/\/schema.org","@graph":[{"@type":"Article","@id":"https:\/\/nid.pl\/2022\/12\/30\/podsumowanie-dzialalnosci-narodowego-instytutu-dziedzictwa-w-2022-roku\/#article","isPartOf":{"@id":"https:\/\/nid.pl\/2022\/12\/30\/podsumowanie-dzialalnosci-narodowego-instytutu-dziedzictwa-w-2022-roku\/"},"author":{"name":"Barbara Halliop","@id":"https:\/\/nid.pl\/#\/schema\/person\/1b690a8998a5111cfb9f0ffe24195a15"},"headline":"Podsumowanie dzia\u0142alno\u015bci Narodowego Instytutu Dziedzictwa w 2022 roku","datePublished":"2022-12-30T12:58:57+00:00","dateModified":"2023-01-02T14:06:33+00:00","mainEntityOfPage":{"@id":"https:\/\/nid.pl\/2022\/12\/30\/podsumowanie-dzialalnosci-narodowego-instytutu-dziedzictwa-w-2022-roku\/"},"wordCount":2501,"commentCount":0,"publisher":{"@id":"https:\/\/nid.pl\/#organization"},"image":{"@id":"https:\/\/nid.pl\/2022\/12\/30\/podsumowanie-dzialalnosci-narodowego-instytutu-dziedzictwa-w-2022-roku\/#primaryimage"},"thumbnailUrl":"https:\/\/nid.pl\/wp-content\/uploads\/2022\/12\/60.png","articleSection":["Aktualno\u015bci"],"inLanguage":"en-GB"},{"@type":"WebPage","@id":"https:\/\/nid.pl\/2022\/12\/30\/podsumowanie-dzialalnosci-narodowego-instytutu-dziedzictwa-w-2022-roku\/","url":"https:\/\/nid.pl\/2022\/12\/30\/podsumowanie-dzialalnosci-narodowego-instytutu-dziedzictwa-w-2022-roku\/","name":"Podsumowanie dzia\u0142alno\u015bci Narodowego Instytutu Dziedzictwa w 2022 roku - NID","isPartOf":{"@id":"https:\/\/nid.pl\/#website"},"primaryImageOfPage":{"@id":"https:\/\/nid.pl\/2022\/12\/30\/podsumowanie-dzialalnosci-narodowego-instytutu-dziedzictwa-w-2022-roku\/#primaryimage"},"image":{"@id":"https:\/\/nid.pl\/2022\/12\/30\/podsumowanie-dzialalnosci-narodowego-instytutu-dziedzictwa-w-2022-roku\/#primaryimage"},"thumbnailUrl":"https:\/\/nid.pl\/wp-content\/uploads\/2022\/12\/60.png","datePublished":"2022-12-30T12:58:57+00:00","dateModified":"2023-01-02T14:06:33+00:00","breadcrumb":{"@id":"https:\/\/nid.pl\/2022\/12\/30\/podsumowanie-dzialalnosci-narodowego-instytutu-dziedzictwa-w-2022-roku\/#breadcrumb"},"inLanguage":"en-GB","potentialAction":[{"@type":"ReadAction","target":["https:\/\/nid.pl\/2022\/12\/30\/podsumowanie-dzialalnosci-narodowego-instytutu-dziedzictwa-w-2022-roku\/"]}]},{"@type":"ImageObject","inLanguage":"en-GB","@id":"https:\/\/nid.pl\/2022\/12\/30\/podsumowanie-dzialalnosci-narodowego-instytutu-dziedzictwa-w-2022-roku\/#primaryimage","url":"https:\/\/nid.pl\/wp-content\/uploads\/2022\/12\/60.png","contentUrl":"https:\/\/nid.pl\/wp-content\/uploads\/2022\/12\/60.png","width":440,"height":294,"caption":"60"},{"@type":"BreadcrumbList","@id":"https:\/\/nid.pl\/2022\/12\/30\/podsumowanie-dzialalnosci-narodowego-instytutu-dziedzictwa-w-2022-roku\/#breadcrumb","itemListElement":[{"@type":"ListItem","position":1,"name":"Home","item":"https:\/\/nid.pl\/"},{"@type":"ListItem","position":2,"name":"Podsumowanie dzia\u0142alno\u015bci Narodowego Instytutu Dziedzictwa w 2022 roku"}]},{"@type":"WebSite","@id":"https:\/\/nid.pl\/#website","url":"https:\/\/nid.pl\/","name":"NID","description":"Narodowy Instytut Dziedzictwa","publisher":{"@id":"https:\/\/nid.pl\/#organization"},"potentialAction":[{"@type":"SearchAction","target":{"@type":"EntryPoint","urlTemplate":"https:\/\/nid.pl\/?s={search_term_string}"},"query-input":{"@type":"PropertyValueSpecification","valueRequired":true,"valueName":"search_term_string"}}],"inLanguage":"en-GB"},{"@type":"Organization","@id":"https:\/\/nid.pl\/#organization","name":"Narodowy Instytut Dziedzictwa","url":"https:\/\/nid.pl\/","logo":{"@type":"ImageObject","inLanguage":"en-GB","@id":"https:\/\/nid.pl\/#\/schema\/logo\/image\/","url":"https:\/\/nid.pl\/wp-content\/uploads\/2022\/10\/logoRedDark.png","contentUrl":"https:\/\/nid.pl\/wp-content\/uploads\/2022\/10\/logoRedDark.png","width":200,"height":197,"caption":"Narodowy Instytut Dziedzictwa"},"image":{"@id":"https:\/\/nid.pl\/#\/schema\/logo\/image\/"},"sameAs":["https:\/\/www.facebook.com\/zabytek","https:\/\/x.com\/NarIDpl","https:\/\/www.instagram.com\/nid.pl\/?hl=pl","https:\/\/www.linkedin.com\/company\/narodowy-instytut-dziedzictwa","https:\/\/www.youtube.com\/channel\/UCQXuhKa2uHtmNvLRUSx40JA"]},{"@type":"Person","@id":"https:\/\/nid.pl\/#\/schema\/person\/1b690a8998a5111cfb9f0ffe24195a15","name":"Barbara Halliop","image":{"@type":"ImageObject","inLanguage":"en-GB","@id":"https:\/\/nid.pl\/#\/schema\/person\/image\/","url":"https:\/\/nid.pl\/wp-content\/litespeed\/avatar\/924046d17dd0c842c9fa9ccf489bc6dc.jpg?ver=1777444967","contentUrl":"https:\/\/nid.pl\/wp-content\/litespeed\/avatar\/924046d17dd0c842c9fa9ccf489bc6dc.jpg?ver=1777444967","caption":"Barbara Halliop"},"url":"https:\/\/nid.pl\/en\/author\/bhalliop\/"}]}},"_links":{"self":[{"href":"https:\/\/nid.pl\/en\/wp-json\/wp\/v2\/posts\/9494","targetHints":{"allow":["GET"]}}],"collection":[{"href":"https:\/\/nid.pl\/en\/wp-json\/wp\/v2\/posts"}],"about":[{"href":"https:\/\/nid.pl\/en\/wp-json\/wp\/v2\/types\/post"}],"author":[{"embeddable":true,"href":"https:\/\/nid.pl\/en\/wp-json\/wp\/v2\/users\/7"}],"replies":[{"embeddable":true,"href":"https:\/\/nid.pl\/en\/wp-json\/wp\/v2\/comments?post=9494"}],"version-history":[{"count":0,"href":"https:\/\/nid.pl\/en\/wp-json\/wp\/v2\/posts\/9494\/revisions"}],"wp:featuredmedia":[{"embeddable":true,"href":"https:\/\/nid.pl\/en\/wp-json\/wp\/v2\/media\/9495"}],"wp:attachment":[{"href":"https:\/\/nid.pl\/en\/wp-json\/wp\/v2\/media?parent=9494"}],"wp:term":[{"taxonomy":"category","embeddable":true,"href":"https:\/\/nid.pl\/en\/wp-json\/wp\/v2\/categories?post=9494"},{"taxonomy":"post_tag","embeddable":true,"href":"https:\/\/nid.pl\/en\/wp-json\/wp\/v2\/tags?post=9494"}],"curies":[{"name":"wp","href":"https:\/\/api.w.org\/{rel}","templated":true}]}}