{"id":9488,"date":"2022-12-29T13:17:49","date_gmt":"2022-12-29T12:17:49","guid":{"rendered":"https:\/\/nid.pl\/?p=9488"},"modified":"2022-12-29T13:18:42","modified_gmt":"2022-12-29T12:18:42","slug":"centrum-pomocy-dla-kultury-na-ukrainie-podsumowanie-dzialan-w-2022-roku","status":"publish","type":"post","link":"https:\/\/nid.pl\/en\/2022\/12\/29\/centrum-pomocy-dla-kultury-na-ukrainie-podsumowanie-dzialan-w-2022-roku\/","title":{"rendered":"Centrum Pomocy dla Kultury na Ukrainie \u2013 podsumowanie dzia\u0142a\u0144 w 2022 roku"},"content":{"rendered":"<p><strong>Na terytorium Ukrainy przed wojn\u0105 istnia\u0142o ponad 5 tys. muze\u00f3w, 65 rezerwat\u00f3w historyczno-kulturalnych i ok. 170 tys. zabytk\u00f3w, w tym siedem obiekt\u00f3w \u015bwiatowego dziedzictwa UNESCO. W ci\u0105gu dziewi\u0119ciu miesi\u0119cy wojny, Ministerstwo Kultury i Polityki Informacyjnej Ukrainy zarejestrowa\u0142o ponad 800 przypadk\u00f3w zniszcze\u0144 dokonanych przez wojska rosyjskie na dziedzictwie kulturowym Ukrainy. Liczba ta z ka\u017cdym dniem ro\u015bnie, a i tak nie obejmuje wszystkich obszar\u00f3w i zniszcze\u0144. Niespe\u0142na po\u0142owa zniszczonych obiekt\u00f3w to miejsca kultu religijnego.<\/strong><\/p>\n\n\n\n<p><strong>Od marca Polska udzieli\u0142a wsparcia na ratowanie dziedzictwa kulturowego Ukrainy o warto\u015bci ponad miliona euro.<\/strong><\/p>\n\n\n\n<p>G\u0142\u00f3wnym koordynatorem rz\u0105dowej pomocy dla sektora kultury na Ukrainie jest Centrum Pomocy Kultury na Ukrainie, kt\u00f3re zosta\u0142o powo\u0142ane przez Ministra Kultury i Dziedzictwa Narodowego przy Narodowym Instytucie Dziedzictwa. Do\u015bwiadczenie Instytutu oraz wieloletnia wsp\u00f3\u0142praca polsko-ukrai\u0144ska da\u0142y podstawy do zorganizowania skutecznego wsparcia dla dziedzictwa kulturowego Ukrainy od pierwszego dnia wojny.\u00a0<\/p>\n\n\n\n<p><strong>Do tej pory Centrum zrealizowa\u0142o 25 dostaw celowego wsparcia materialnego. Do 111 instytucji kultury trafi\u0142o ponad 800 palet materia\u0142\u00f3w do zabezpieczenia zbior\u00f3w i materia\u0142\u00f3w ga\u015bniczych.<\/strong><\/p>\n\n\n\n<p><\/p>\n\n\n\n<figure class=\"wp-block-gallery has-nested-images columns-default is-cropped wp-block-gallery-1 is-layout-flex wp-block-gallery-is-layout-flex\">\n<figure class=\"wp-block-image size-large\"><img loading=\"lazy\" decoding=\"async\" width=\"1000\" height=\"1500\" data-id=\"9484\" src=\"https:\/\/nid.pl\/wp-content\/uploads\/2022\/12\/Borodianka-04.2022_Pomnik-Tarasa-Szewczenki.jpg\" alt=\"\" class=\"wp-image-9484\" srcset=\"https:\/\/nid.pl\/wp-content\/uploads\/2022\/12\/Borodianka-04.2022_Pomnik-Tarasa-Szewczenki.jpg 1000w, https:\/\/nid.pl\/wp-content\/uploads\/2022\/12\/Borodianka-04.2022_Pomnik-Tarasa-Szewczenki-980x1470.jpg 980w, https:\/\/nid.pl\/wp-content\/uploads\/2022\/12\/Borodianka-04.2022_Pomnik-Tarasa-Szewczenki-480x720.jpg 480w\" sizes=\"(min-width: 0px) and (max-width: 480px) 480px, (min-width: 481px) and (max-width: 980px) 980px, (min-width: 981px) 1000px, 100vw\" \/><figcaption>Pomnik Tarasa Szewczenki, Borodianka, 04.2022 r. <\/figcaption><\/figure>\n\n\n\n<figure class=\"wp-block-image size-large\"><img loading=\"lazy\" decoding=\"async\" width=\"1488\" height=\"992\" data-id=\"9486\" src=\"https:\/\/nid.pl\/wp-content\/uploads\/2022\/12\/Czernichow-05.2022_Biblioteka.jpg\" alt=\"\" class=\"wp-image-9486\" srcset=\"https:\/\/nid.pl\/wp-content\/uploads\/2022\/12\/Czernichow-05.2022_Biblioteka.jpg 1488w, https:\/\/nid.pl\/wp-content\/uploads\/2022\/12\/Czernichow-05.2022_Biblioteka-1280x853.jpg 1280w, https:\/\/nid.pl\/wp-content\/uploads\/2022\/12\/Czernichow-05.2022_Biblioteka-980x653.jpg 980w, https:\/\/nid.pl\/wp-content\/uploads\/2022\/12\/Czernichow-05.2022_Biblioteka-480x320.jpg 480w\" sizes=\"(min-width: 0px) and (max-width: 480px) 480px, (min-width: 481px) and (max-width: 980px) 980px, (min-width: 981px) and (max-width: 1280px) 1280px, (min-width: 1281px) 1488px, 100vw\" \/><figcaption>Biblioteka, Czernich\u00f3w, 05.2022 r.<\/figcaption><\/figure>\n<\/figure>\n\n\n\n<p><\/p>\n\n\n\n<p>Za po\u015brednictwem Narodowego Instytutu Dziedzictwa na Ukrain\u0119 trafi\u0142a r\u00f3wnie\u017c pomoc przygotowana we wsp\u00f3\u0142pracy z 13 mi\u0119dzynarodowymi partnerami m.in. z Finlandii, Szwecji, W\u0119gier, Francji, Hiszpanii.<\/p>\n\n\n\n<p>W ramach tr\u00f3jstronnej wsp\u00f3\u0142pracy Polski, Litwy i Ukrainy w formacie Tr\u00f3jk\u0105ta Lubelskiego kolejny 1 mln euro zosta\u0142 przyznany na fundusz digitalizacji kultury ukrai\u0144skiej. Digitalizacja jest kluczow\u0105 form\u0105 ochrony dziedzictwa przed wojn\u0105 i post\u0119puj\u0105cym celowym niszczeniem. W tym kontek\u015bcie Instytut wspiera naszych ukrai\u0144skich partner\u00f3w profesjonalnie, technologicznie i finansowo.<\/p>\n\n\n\n<p>Instytut wykorzystuj\u0105c swoje wieloletnie do\u015bwiadczenie oraz wiedz\u0119 eksperck\u0105 pracownik\u00f3w, monitoruje stan zniszcze\u0144 na Ukrainie i identyfikuje zagro\u017cenia dla jego dziedzictwa kulturowego. Poza dostaw\u0105 \u015brodk\u00f3w do fizycznego ratowania dziedzictwa kulturowego, wspiera Ukrain\u0119 na forum mi\u0119dzynarodowych, w tym przede wszystkim na w UNESCO, uczestnicz\u0105c we wszystkich podejmowanych przez t\u0105 organizacj\u0119 dzia\u0142aniach, jak i inicjuj\u0105c nowe przedsi\u0119wzi\u0119cia, wspieraj\u0105ce ukrai\u0144skie dziedzictwo kulturowe.<\/p>\n\n\n\n<p>Ju\u017c od lat 60. polscy eksperci \u2013 g\u0142\u00f3wnie konserwatorzy i archeolodzy \u2013 byli zaanga\u017cowani w licznych mi\u0119dzynarodowych inicjatywach ratowania zagro\u017conego dziedzictwa kulturowego. Szczeg\u00f3lnie by\u0142o to widoczne na Bliskim Wschodzie: w Egipcie, Sudanie, Syrii i Libanie, a w latach 2003-2012 w mi\u0119dzynarodowych operacjach stabilizacyjnych w Iraku i Afganistanie.<\/p>\n\n\n\n<p><strong>Narodowy Instytut Dziedzictwa rozpocz\u0105\u0142 realizacj\u0119 wsp\u00f3\u0142pracy pomi\u0119dzy Polsk\u0105, a Ukrain\u0105 w zakresie wsparcia odbudowy Ukrainy<\/strong>, obejmuj\u0105c\u0105 obiekty dziedzictwa kulturowego, kt\u00f3re zosta\u0142y zniszczone w wyniku rosyjskiej inwazji. <strong>Przedmiotem bie\u017c\u0105cej wsp\u00f3\u0142pracy, jest pomoc Ukrainie w opracowaniu systemowych dzia\u0142a\u0144 na rzecz odbudowy w duchu<\/strong> <strong>Rekomendacji warszawskiej z 2018 r., w tym poprzez wdro\u017cenie programu inwentaryzacji i dokumentacji strat dziedzictwa architektonicznego i archeologicznego. <\/strong>Podejmowane dzia\u0142ania to efekt wsp\u00f3\u0142pracy prof. Piotra Gli\u0144skiego, wicepremiera, ministra kultury i dziedzictwa narodowego z O\u0142eksandrem Tkaczenk\u0105, ministrem kultury i polityki informacyjnej Ukrainy.<\/p>\n\n\n\n<p>Rozpocz\u0119cie projektu monitorowania i dokumentacji uszkodze\u0144 zabytk\u00f3w architektury oraz stanowisk archeologicznych, kt\u00f3ry jest realizowany s\u0105 przez zesp\u00f3\u0142 polskich i ukrai\u0144skich ekspert\u00f3w, da mo\u017cliwo\u015b\u0107 dok\u0142adniejszego zobrazowania rzeczywistej skali zniszcze\u0144 dziedzictwa kulturowego Ukrainy. Po wst\u0119pnych badaniach wiadomo, \u017ce ilo\u015b\u0107 zniszczonych zabytk\u00f3w jest znacznie wi\u0119ksza, ni\u017c to obrazuje rejestr prowadzony przez MKiPI Ukrainy, gdy\u017c nie obejmuje m.in. stanowisk archeologicznych, obiekt\u00f3w skradzionych, teren\u00f3w okupowanych, czy zaminowanych. Mo\u017cna natomiast potwierdzi\u0107, \u017ce Rosjanie dokonuj\u0105 zniszcze\u0144 w spos\u00f3b intencjonalny, bez poszanowania jakiegokolwiek dziedzictwa. Zebrany i opracowany materia\u0142 b\u0119dzie zatem r\u00f3wnie\u017c podstaw\u0105 do udokumentowania zbrodni wojennej na dziedzictwie kultury Ukrainy, zgodnie z przepisami prawa mi\u0119dzynarodowego.<\/p>\n\n\n\n<p>Ukraina i Federacja Rosyjska s\u0105 stronami Konwencji Haskiej o ochronie d\u00f3br kulturalnych w razie konfliktu zbrojnego z dnia 14 maja 1954 r. W tej umowie mi\u0119dzynarodowej strony zobowi\u0105za\u0142y si\u0119 do ochrony d\u00f3br kultury przed uszkodzeniem, zniszczeniem, kradzie\u017c\u0105, grabie\u017c\u0105 i nielegalnym zaj\u0119ciem podczas wojny lub konfliktu zbrojnego. Kraje te s\u0105 r\u00f3wnie\u017c stronami Pierwszego Protoko\u0142u do tej Konwencji, kt\u00f3ry m.in. reguluje zachowanie i przemieszczanie d\u00f3br kultury na wypadek okupacji i wojny. Ponadto 30 kwietnia 2020 r. Rada Najwy\u017csza Ukrainy przyj\u0119\u0142a Ustaw\u0119 \u201eO przyst\u0105pieniu Ukrainy do Drugiego Protoko\u0142u do Konwencji Haskiej o ochronie d\u00f3br kulturalnych w razie konfliktu zbrojnego\u201d, kt\u00f3ra szczeg\u00f3\u0142owo okre\u015bla implementacj\u0119 zasad Konwencji. Dotyczy m.in. osobistej odpowiedzialno\u015bci karnej za niszczenie i wywo\u017cenie zabytk\u00f3w historycznych, ruchomego czy nieruchomego dziedzictwa kulturowego oraz stwierdza, \u017ce umy\u015blne niszczenie zabytk\u00f3w traktowane jest jako zbrodnia wojenna. Federacja Rosyjska nie przyst\u0105pi\u0142a do Drugiego Protoko\u0142u do Konwencji Haskiej.<\/p>\n\n\n\n<p>Obecna sytuacja daje mo\u017cliwo\u015b\u0107 wykorzystania unikatowej wiedzy polskich specjalist\u00f3w, do wsparcia dzia\u0142a\u0144 ukrai\u0144skiego rz\u0105du w sferze ochrony dziedzictwa zagro\u017conego tocz\u0105c\u0105 si\u0119 wojn\u0105. Z drugiej strony powsta\u0142a sytuacja wymaga podniesienia tematu, na arenie mi\u0119dzynarodowej, \u017ce przyszed\u0142 czas na nowe standardy i procedury, maj\u0105ce na celu skuteczn\u0105 ochron\u0119 dziedzictwa kulturowego.<\/p>\n\n\n\n<p><\/p>\n\n\n\n<figure class=\"wp-block-gallery has-nested-images columns-default is-cropped wp-block-gallery-2 is-layout-flex wp-block-gallery-is-layout-flex\">\n<figure class=\"wp-block-image size-large\"><img loading=\"lazy\" decoding=\"async\" width=\"1390\" height=\"927\" data-id=\"9485\" src=\"https:\/\/nid.pl\/wp-content\/uploads\/2022\/12\/Charkow-06.2022_Obwodowa-Administracja-Panstwowa-przy-pl.-Wolnosci.jpg\" alt=\"\" class=\"wp-image-9485\" srcset=\"https:\/\/nid.pl\/wp-content\/uploads\/2022\/12\/Charkow-06.2022_Obwodowa-Administracja-Panstwowa-przy-pl.-Wolnosci.jpg 1390w, https:\/\/nid.pl\/wp-content\/uploads\/2022\/12\/Charkow-06.2022_Obwodowa-Administracja-Panstwowa-przy-pl.-Wolnosci-1280x854.jpg 1280w, https:\/\/nid.pl\/wp-content\/uploads\/2022\/12\/Charkow-06.2022_Obwodowa-Administracja-Panstwowa-przy-pl.-Wolnosci-980x654.jpg 980w, https:\/\/nid.pl\/wp-content\/uploads\/2022\/12\/Charkow-06.2022_Obwodowa-Administracja-Panstwowa-przy-pl.-Wolnosci-480x320.jpg 480w\" sizes=\"(min-width: 0px) and (max-width: 480px) 480px, (min-width: 481px) and (max-width: 980px) 980px, (min-width: 981px) and (max-width: 1280px) 1280px, (min-width: 1281px) 1390px, 100vw\" \/><figcaption>Obwodowa Administracja Pa\u0144stwowa przy pl. Wolno\u015bci, Chark\u00f3w, 06.2022 r.<\/figcaption><\/figure>\n<\/figure>","protected":false},"excerpt":{"rendered":"<p>Na terytorium Ukrainy przed wojn\u0105 istnia\u0142o ponad 5 tys. muze\u00f3w, 65 rezerwat\u00f3w historyczno-kulturalnych i ok. 170 tys. zabytk\u00f3w, w tym siedem obiekt\u00f3w \u015bwiatowego dziedzictwa UNESCO. W ci\u0105gu dziewi\u0119ciu miesi\u0119cy wojny, [&hellip;]<\/p>","protected":false},"author":7,"featured_media":9487,"comment_status":"open","ping_status":"open","sticky":false,"template":"","format":"standard","meta":{"_et_pb_use_builder":"off","_et_pb_old_content":"","_et_gb_content_width":"","_monsterinsights_skip_tracking":false,"_monsterinsights_sitenote_active":false,"_monsterinsights_sitenote_note":"","_monsterinsights_sitenote_category":0,"footnotes":""},"categories":[3],"tags":[],"class_list":["post-9488","post","type-post","status-publish","format-standard","has-post-thumbnail","hentry","category-aktualnosci"],"yoast_head":"<!-- This site is optimized with the Yoast SEO plugin v26.5 - https:\/\/yoast.com\/wordpress\/plugins\/seo\/ -->\n<title>Centrum Pomocy dla Kultury na Ukrainie \u2013 podsumowanie dzia\u0142a\u0144 w 2022 roku - NID<\/title>\n<meta name=\"robots\" content=\"index, follow, max-snippet:-1, max-image-preview:large, max-video-preview:-1\" \/>\n<link rel=\"canonical\" href=\"https:\/\/nid.pl\/en\/2022\/12\/29\/centrum-pomocy-dla-kultury-na-ukrainie-podsumowanie-dzialan-w-2022-roku\/\" \/>\n<meta property=\"og:locale\" content=\"en_GB\" \/>\n<meta property=\"og:type\" content=\"article\" \/>\n<meta property=\"og:title\" content=\"Centrum Pomocy dla Kultury na Ukrainie \u2013 podsumowanie dzia\u0142a\u0144 w 2022 roku - NID\" \/>\n<meta property=\"og:description\" content=\"Na terytorium Ukrainy przed wojn\u0105 istnia\u0142o ponad 5 tys. muze\u00f3w, 65 rezerwat\u00f3w historyczno-kulturalnych i ok. 170 tys. zabytk\u00f3w, w tym siedem obiekt\u00f3w \u015bwiatowego dziedzictwa UNESCO. W ci\u0105gu dziewi\u0119ciu miesi\u0119cy wojny, [&hellip;]\" \/>\n<meta property=\"og:url\" content=\"https:\/\/nid.pl\/en\/2022\/12\/29\/centrum-pomocy-dla-kultury-na-ukrainie-podsumowanie-dzialan-w-2022-roku\/\" \/>\n<meta property=\"og:site_name\" content=\"NID\" \/>\n<meta property=\"article:publisher\" content=\"https:\/\/www.facebook.com\/zabytek\" \/>\n<meta property=\"article:published_time\" content=\"2022-12-29T12:17:49+00:00\" \/>\n<meta property=\"article:modified_time\" content=\"2022-12-29T12:18:42+00:00\" \/>\n<meta property=\"og:image\" content=\"https:\/\/nid.pl\/wp-content\/uploads\/2022\/12\/Irpien-04.2022_Centralny-Dom-Kultury_aktual-scaled.jpg\" \/>\n\t<meta property=\"og:image:width\" content=\"2560\" \/>\n\t<meta property=\"og:image:height\" content=\"1707\" \/>\n\t<meta property=\"og:image:type\" content=\"image\/jpeg\" \/>\n<meta name=\"author\" content=\"Barbara Halliop\" \/>\n<meta name=\"twitter:card\" content=\"summary_large_image\" \/>\n<meta name=\"twitter:creator\" content=\"@NarIDpl\" \/>\n<meta name=\"twitter:site\" content=\"@NarIDpl\" \/>\n<meta name=\"twitter:label1\" content=\"Written by\" \/>\n\t<meta name=\"twitter:data1\" content=\"Barbara Halliop\" \/>\n\t<meta name=\"twitter:label2\" content=\"Estimated reading time\" \/>\n\t<meta name=\"twitter:data2\" content=\"4 minutes\" \/>\n<script type=\"application\/ld+json\" class=\"yoast-schema-graph\">{\"@context\":\"https:\/\/schema.org\",\"@graph\":[{\"@type\":\"Article\",\"@id\":\"https:\/\/nid.pl\/2022\/12\/29\/centrum-pomocy-dla-kultury-na-ukrainie-podsumowanie-dzialan-w-2022-roku\/#article\",\"isPartOf\":{\"@id\":\"https:\/\/nid.pl\/2022\/12\/29\/centrum-pomocy-dla-kultury-na-ukrainie-podsumowanie-dzialan-w-2022-roku\/\"},\"author\":{\"name\":\"Barbara Halliop\",\"@id\":\"https:\/\/nid.pl\/#\/schema\/person\/1b690a8998a5111cfb9f0ffe24195a15\"},\"headline\":\"Centrum Pomocy dla Kultury na Ukrainie \u2013 podsumowanie dzia\u0142a\u0144 w 2022 roku\",\"datePublished\":\"2022-12-29T12:17:49+00:00\",\"dateModified\":\"2022-12-29T12:18:42+00:00\",\"mainEntityOfPage\":{\"@id\":\"https:\/\/nid.pl\/2022\/12\/29\/centrum-pomocy-dla-kultury-na-ukrainie-podsumowanie-dzialan-w-2022-roku\/\"},\"wordCount\":855,\"commentCount\":0,\"publisher\":{\"@id\":\"https:\/\/nid.pl\/#organization\"},\"image\":{\"@id\":\"https:\/\/nid.pl\/2022\/12\/29\/centrum-pomocy-dla-kultury-na-ukrainie-podsumowanie-dzialan-w-2022-roku\/#primaryimage\"},\"thumbnailUrl\":\"https:\/\/nid.pl\/wp-content\/uploads\/2022\/12\/Irpien-04.2022_Centralny-Dom-Kultury_aktual-scaled.jpg\",\"articleSection\":[\"Aktualno\u015bci\"],\"inLanguage\":\"en-GB\"},{\"@type\":\"WebPage\",\"@id\":\"https:\/\/nid.pl\/2022\/12\/29\/centrum-pomocy-dla-kultury-na-ukrainie-podsumowanie-dzialan-w-2022-roku\/\",\"url\":\"https:\/\/nid.pl\/2022\/12\/29\/centrum-pomocy-dla-kultury-na-ukrainie-podsumowanie-dzialan-w-2022-roku\/\",\"name\":\"Centrum Pomocy dla Kultury na Ukrainie \u2013 podsumowanie dzia\u0142a\u0144 w 2022 roku - NID\",\"isPartOf\":{\"@id\":\"https:\/\/nid.pl\/#website\"},\"primaryImageOfPage\":{\"@id\":\"https:\/\/nid.pl\/2022\/12\/29\/centrum-pomocy-dla-kultury-na-ukrainie-podsumowanie-dzialan-w-2022-roku\/#primaryimage\"},\"image\":{\"@id\":\"https:\/\/nid.pl\/2022\/12\/29\/centrum-pomocy-dla-kultury-na-ukrainie-podsumowanie-dzialan-w-2022-roku\/#primaryimage\"},\"thumbnailUrl\":\"https:\/\/nid.pl\/wp-content\/uploads\/2022\/12\/Irpien-04.2022_Centralny-Dom-Kultury_aktual-scaled.jpg\",\"datePublished\":\"2022-12-29T12:17:49+00:00\",\"dateModified\":\"2022-12-29T12:18:42+00:00\",\"breadcrumb\":{\"@id\":\"https:\/\/nid.pl\/2022\/12\/29\/centrum-pomocy-dla-kultury-na-ukrainie-podsumowanie-dzialan-w-2022-roku\/#breadcrumb\"},\"inLanguage\":\"en-GB\",\"potentialAction\":[{\"@type\":\"ReadAction\",\"target\":[\"https:\/\/nid.pl\/2022\/12\/29\/centrum-pomocy-dla-kultury-na-ukrainie-podsumowanie-dzialan-w-2022-roku\/\"]}]},{\"@type\":\"ImageObject\",\"inLanguage\":\"en-GB\",\"@id\":\"https:\/\/nid.pl\/2022\/12\/29\/centrum-pomocy-dla-kultury-na-ukrainie-podsumowanie-dzialan-w-2022-roku\/#primaryimage\",\"url\":\"https:\/\/nid.pl\/wp-content\/uploads\/2022\/12\/Irpien-04.2022_Centralny-Dom-Kultury_aktual-scaled.jpg\",\"contentUrl\":\"https:\/\/nid.pl\/wp-content\/uploads\/2022\/12\/Irpien-04.2022_Centralny-Dom-Kultury_aktual-scaled.jpg\",\"width\":2560,\"height\":1707,\"caption\":\"Irpien\"},{\"@type\":\"BreadcrumbList\",\"@id\":\"https:\/\/nid.pl\/2022\/12\/29\/centrum-pomocy-dla-kultury-na-ukrainie-podsumowanie-dzialan-w-2022-roku\/#breadcrumb\",\"itemListElement\":[{\"@type\":\"ListItem\",\"position\":1,\"name\":\"Home\",\"item\":\"https:\/\/nid.pl\/\"},{\"@type\":\"ListItem\",\"position\":2,\"name\":\"Centrum Pomocy dla Kultury na Ukrainie \u2013 podsumowanie dzia\u0142a\u0144 w 2022 roku\"}]},{\"@type\":\"WebSite\",\"@id\":\"https:\/\/nid.pl\/#website\",\"url\":\"https:\/\/nid.pl\/\",\"name\":\"NID\",\"description\":\"Narodowy Instytut Dziedzictwa\",\"publisher\":{\"@id\":\"https:\/\/nid.pl\/#organization\"},\"potentialAction\":[{\"@type\":\"SearchAction\",\"target\":{\"@type\":\"EntryPoint\",\"urlTemplate\":\"https:\/\/nid.pl\/?s={search_term_string}\"},\"query-input\":{\"@type\":\"PropertyValueSpecification\",\"valueRequired\":true,\"valueName\":\"search_term_string\"}}],\"inLanguage\":\"en-GB\"},{\"@type\":\"Organization\",\"@id\":\"https:\/\/nid.pl\/#organization\",\"name\":\"Narodowy Instytut Dziedzictwa\",\"url\":\"https:\/\/nid.pl\/\",\"logo\":{\"@type\":\"ImageObject\",\"inLanguage\":\"en-GB\",\"@id\":\"https:\/\/nid.pl\/#\/schema\/logo\/image\/\",\"url\":\"https:\/\/nid.pl\/wp-content\/uploads\/2022\/10\/logoRedDark.png\",\"contentUrl\":\"https:\/\/nid.pl\/wp-content\/uploads\/2022\/10\/logoRedDark.png\",\"width\":200,\"height\":197,\"caption\":\"Narodowy Instytut Dziedzictwa\"},\"image\":{\"@id\":\"https:\/\/nid.pl\/#\/schema\/logo\/image\/\"},\"sameAs\":[\"https:\/\/www.facebook.com\/zabytek\",\"https:\/\/x.com\/NarIDpl\",\"https:\/\/www.instagram.com\/nid.pl\/?hl=pl\",\"https:\/\/www.linkedin.com\/company\/narodowy-instytut-dziedzictwa\",\"https:\/\/www.youtube.com\/channel\/UCQXuhKa2uHtmNvLRUSx40JA\"]},{\"@type\":\"Person\",\"@id\":\"https:\/\/nid.pl\/#\/schema\/person\/1b690a8998a5111cfb9f0ffe24195a15\",\"name\":\"Barbara Halliop\",\"image\":{\"@type\":\"ImageObject\",\"inLanguage\":\"en-GB\",\"@id\":\"https:\/\/nid.pl\/#\/schema\/person\/image\/\",\"url\":\"https:\/\/nid.pl\/wp-content\/litespeed\/avatar\/924046d17dd0c842c9fa9ccf489bc6dc.jpg?ver=1777444967\",\"contentUrl\":\"https:\/\/nid.pl\/wp-content\/litespeed\/avatar\/924046d17dd0c842c9fa9ccf489bc6dc.jpg?ver=1777444967\",\"caption\":\"Barbara Halliop\"},\"url\":\"https:\/\/nid.pl\/en\/author\/bhalliop\/\"}]}<\/script>\n<!-- \/ Yoast SEO plugin. -->","yoast_head_json":{"title":"Centrum Pomocy dla Kultury na Ukrainie \u2013 podsumowanie dzia\u0142a\u0144 w 2022 roku - NID","robots":{"index":"index","follow":"follow","max-snippet":"max-snippet:-1","max-image-preview":"max-image-preview:large","max-video-preview":"max-video-preview:-1"},"canonical":"https:\/\/nid.pl\/en\/2022\/12\/29\/centrum-pomocy-dla-kultury-na-ukrainie-podsumowanie-dzialan-w-2022-roku\/","og_locale":"en_GB","og_type":"article","og_title":"Centrum Pomocy dla Kultury na Ukrainie \u2013 podsumowanie dzia\u0142a\u0144 w 2022 roku - NID","og_description":"Na terytorium Ukrainy przed wojn\u0105 istnia\u0142o ponad 5 tys. muze\u00f3w, 65 rezerwat\u00f3w historyczno-kulturalnych i ok. 170 tys. zabytk\u00f3w, w tym siedem obiekt\u00f3w \u015bwiatowego dziedzictwa UNESCO. W ci\u0105gu dziewi\u0119ciu miesi\u0119cy wojny, [&hellip;]","og_url":"https:\/\/nid.pl\/en\/2022\/12\/29\/centrum-pomocy-dla-kultury-na-ukrainie-podsumowanie-dzialan-w-2022-roku\/","og_site_name":"NID","article_publisher":"https:\/\/www.facebook.com\/zabytek","article_published_time":"2022-12-29T12:17:49+00:00","article_modified_time":"2022-12-29T12:18:42+00:00","og_image":[{"width":2560,"height":1707,"url":"https:\/\/nid.pl\/wp-content\/uploads\/2022\/12\/Irpien-04.2022_Centralny-Dom-Kultury_aktual-scaled.jpg","type":"image\/jpeg"}],"author":"Barbara Halliop","twitter_card":"summary_large_image","twitter_creator":"@NarIDpl","twitter_site":"@NarIDpl","twitter_misc":{"Written by":"Barbara Halliop","Estimated reading time":"4 minutes"},"schema":{"@context":"https:\/\/schema.org","@graph":[{"@type":"Article","@id":"https:\/\/nid.pl\/2022\/12\/29\/centrum-pomocy-dla-kultury-na-ukrainie-podsumowanie-dzialan-w-2022-roku\/#article","isPartOf":{"@id":"https:\/\/nid.pl\/2022\/12\/29\/centrum-pomocy-dla-kultury-na-ukrainie-podsumowanie-dzialan-w-2022-roku\/"},"author":{"name":"Barbara Halliop","@id":"https:\/\/nid.pl\/#\/schema\/person\/1b690a8998a5111cfb9f0ffe24195a15"},"headline":"Centrum Pomocy dla Kultury na Ukrainie \u2013 podsumowanie dzia\u0142a\u0144 w 2022 roku","datePublished":"2022-12-29T12:17:49+00:00","dateModified":"2022-12-29T12:18:42+00:00","mainEntityOfPage":{"@id":"https:\/\/nid.pl\/2022\/12\/29\/centrum-pomocy-dla-kultury-na-ukrainie-podsumowanie-dzialan-w-2022-roku\/"},"wordCount":855,"commentCount":0,"publisher":{"@id":"https:\/\/nid.pl\/#organization"},"image":{"@id":"https:\/\/nid.pl\/2022\/12\/29\/centrum-pomocy-dla-kultury-na-ukrainie-podsumowanie-dzialan-w-2022-roku\/#primaryimage"},"thumbnailUrl":"https:\/\/nid.pl\/wp-content\/uploads\/2022\/12\/Irpien-04.2022_Centralny-Dom-Kultury_aktual-scaled.jpg","articleSection":["Aktualno\u015bci"],"inLanguage":"en-GB"},{"@type":"WebPage","@id":"https:\/\/nid.pl\/2022\/12\/29\/centrum-pomocy-dla-kultury-na-ukrainie-podsumowanie-dzialan-w-2022-roku\/","url":"https:\/\/nid.pl\/2022\/12\/29\/centrum-pomocy-dla-kultury-na-ukrainie-podsumowanie-dzialan-w-2022-roku\/","name":"Centrum Pomocy dla Kultury na Ukrainie \u2013 podsumowanie dzia\u0142a\u0144 w 2022 roku - NID","isPartOf":{"@id":"https:\/\/nid.pl\/#website"},"primaryImageOfPage":{"@id":"https:\/\/nid.pl\/2022\/12\/29\/centrum-pomocy-dla-kultury-na-ukrainie-podsumowanie-dzialan-w-2022-roku\/#primaryimage"},"image":{"@id":"https:\/\/nid.pl\/2022\/12\/29\/centrum-pomocy-dla-kultury-na-ukrainie-podsumowanie-dzialan-w-2022-roku\/#primaryimage"},"thumbnailUrl":"https:\/\/nid.pl\/wp-content\/uploads\/2022\/12\/Irpien-04.2022_Centralny-Dom-Kultury_aktual-scaled.jpg","datePublished":"2022-12-29T12:17:49+00:00","dateModified":"2022-12-29T12:18:42+00:00","breadcrumb":{"@id":"https:\/\/nid.pl\/2022\/12\/29\/centrum-pomocy-dla-kultury-na-ukrainie-podsumowanie-dzialan-w-2022-roku\/#breadcrumb"},"inLanguage":"en-GB","potentialAction":[{"@type":"ReadAction","target":["https:\/\/nid.pl\/2022\/12\/29\/centrum-pomocy-dla-kultury-na-ukrainie-podsumowanie-dzialan-w-2022-roku\/"]}]},{"@type":"ImageObject","inLanguage":"en-GB","@id":"https:\/\/nid.pl\/2022\/12\/29\/centrum-pomocy-dla-kultury-na-ukrainie-podsumowanie-dzialan-w-2022-roku\/#primaryimage","url":"https:\/\/nid.pl\/wp-content\/uploads\/2022\/12\/Irpien-04.2022_Centralny-Dom-Kultury_aktual-scaled.jpg","contentUrl":"https:\/\/nid.pl\/wp-content\/uploads\/2022\/12\/Irpien-04.2022_Centralny-Dom-Kultury_aktual-scaled.jpg","width":2560,"height":1707,"caption":"Irpien"},{"@type":"BreadcrumbList","@id":"https:\/\/nid.pl\/2022\/12\/29\/centrum-pomocy-dla-kultury-na-ukrainie-podsumowanie-dzialan-w-2022-roku\/#breadcrumb","itemListElement":[{"@type":"ListItem","position":1,"name":"Home","item":"https:\/\/nid.pl\/"},{"@type":"ListItem","position":2,"name":"Centrum Pomocy dla Kultury na Ukrainie \u2013 podsumowanie dzia\u0142a\u0144 w 2022 roku"}]},{"@type":"WebSite","@id":"https:\/\/nid.pl\/#website","url":"https:\/\/nid.pl\/","name":"NID","description":"Narodowy Instytut Dziedzictwa","publisher":{"@id":"https:\/\/nid.pl\/#organization"},"potentialAction":[{"@type":"SearchAction","target":{"@type":"EntryPoint","urlTemplate":"https:\/\/nid.pl\/?s={search_term_string}"},"query-input":{"@type":"PropertyValueSpecification","valueRequired":true,"valueName":"search_term_string"}}],"inLanguage":"en-GB"},{"@type":"Organization","@id":"https:\/\/nid.pl\/#organization","name":"Narodowy Instytut Dziedzictwa","url":"https:\/\/nid.pl\/","logo":{"@type":"ImageObject","inLanguage":"en-GB","@id":"https:\/\/nid.pl\/#\/schema\/logo\/image\/","url":"https:\/\/nid.pl\/wp-content\/uploads\/2022\/10\/logoRedDark.png","contentUrl":"https:\/\/nid.pl\/wp-content\/uploads\/2022\/10\/logoRedDark.png","width":200,"height":197,"caption":"Narodowy Instytut Dziedzictwa"},"image":{"@id":"https:\/\/nid.pl\/#\/schema\/logo\/image\/"},"sameAs":["https:\/\/www.facebook.com\/zabytek","https:\/\/x.com\/NarIDpl","https:\/\/www.instagram.com\/nid.pl\/?hl=pl","https:\/\/www.linkedin.com\/company\/narodowy-instytut-dziedzictwa","https:\/\/www.youtube.com\/channel\/UCQXuhKa2uHtmNvLRUSx40JA"]},{"@type":"Person","@id":"https:\/\/nid.pl\/#\/schema\/person\/1b690a8998a5111cfb9f0ffe24195a15","name":"Barbara Halliop","image":{"@type":"ImageObject","inLanguage":"en-GB","@id":"https:\/\/nid.pl\/#\/schema\/person\/image\/","url":"https:\/\/nid.pl\/wp-content\/litespeed\/avatar\/924046d17dd0c842c9fa9ccf489bc6dc.jpg?ver=1777444967","contentUrl":"https:\/\/nid.pl\/wp-content\/litespeed\/avatar\/924046d17dd0c842c9fa9ccf489bc6dc.jpg?ver=1777444967","caption":"Barbara Halliop"},"url":"https:\/\/nid.pl\/en\/author\/bhalliop\/"}]}},"_links":{"self":[{"href":"https:\/\/nid.pl\/en\/wp-json\/wp\/v2\/posts\/9488","targetHints":{"allow":["GET"]}}],"collection":[{"href":"https:\/\/nid.pl\/en\/wp-json\/wp\/v2\/posts"}],"about":[{"href":"https:\/\/nid.pl\/en\/wp-json\/wp\/v2\/types\/post"}],"author":[{"embeddable":true,"href":"https:\/\/nid.pl\/en\/wp-json\/wp\/v2\/users\/7"}],"replies":[{"embeddable":true,"href":"https:\/\/nid.pl\/en\/wp-json\/wp\/v2\/comments?post=9488"}],"version-history":[{"count":0,"href":"https:\/\/nid.pl\/en\/wp-json\/wp\/v2\/posts\/9488\/revisions"}],"wp:featuredmedia":[{"embeddable":true,"href":"https:\/\/nid.pl\/en\/wp-json\/wp\/v2\/media\/9487"}],"wp:attachment":[{"href":"https:\/\/nid.pl\/en\/wp-json\/wp\/v2\/media?parent=9488"}],"wp:term":[{"taxonomy":"category","embeddable":true,"href":"https:\/\/nid.pl\/en\/wp-json\/wp\/v2\/categories?post=9488"},{"taxonomy":"post_tag","embeddable":true,"href":"https:\/\/nid.pl\/en\/wp-json\/wp\/v2\/tags?post=9488"}],"curies":[{"name":"wp","href":"https:\/\/api.w.org\/{rel}","templated":true}]}}