{"id":9431,"date":"2022-12-28T15:09:00","date_gmt":"2022-12-28T14:09:00","guid":{"rendered":"https:\/\/nid.pl\/?p=9431"},"modified":"2022-12-30T13:59:49","modified_gmt":"2022-12-30T12:59:49","slug":"zyczenia-swiateczne-dyrektor-narodowego-instytutu-dziedzictwa","status":"publish","type":"post","link":"https:\/\/nid.pl\/en\/2022\/12\/28\/zyczenia-swiateczne-dyrektor-narodowego-instytutu-dziedzictwa\/","title":{"rendered":"\u017byczenia \u015bwi\u0105teczne dyrektor Narodowego Instytutu Dziedzictwa"},"content":{"rendered":"<p><strong>Bo\u017ce Narodzenie to szczeg\u00f3lny czas w roku. W polskiej tradycji od wiek\u00f3w bo\u017conarodzeniowe \u017cyczenia traktowane by\u0142y jako<\/strong> <strong>dar. Wierzono w sprawcz\u0105 moc s\u0142owa. Z okazji zbli\u017caj\u0105cych si\u0119 \u015awi\u0105t Bo\u017cego Narodzenia oraz Nowego Roku, dyrektor Narodowego Instytutu Dziedzictwa, dr&nbsp;hab. Katarzyna Zalasi\u0144ska, w imieniu wszystkich pracownik\u00f3w NID, z\u0142o\u017cy\u0142a \u017cyczenia osobom zaanga\u017cowanym zawodowo i spo\u0142ecznie w ochron\u0119 zabytk\u00f3w.<\/strong><\/p>\n\n\n\n<p>\u2013<em> W imieniu Narodowego Instytutu Dziedzictwa \u2013 s\u0142u\u017cbom konserwatorskim, organizacjom spo\u0142ecznym, wolontariuszom i wszystkim osobom zaanga\u017cowanym w ochron\u0119 zabytk\u00f3w \u2013 sk\u0142adam najserdeczniejsze \u017cyczenia \u015bwi\u0105teczne. Zdrowych, pogodnych i rodzinnych \u015awi\u0105t Bo\u017cego Narodzenia, a w Nowym Roku wiele satysfakcji z dzia\u0142a\u0144 podejmowanych przy zabytkach.<\/em><\/p>\n\n\n\n<p><\/p>\n\n\n\n<figure class=\"wp-block-embed aligncenter is-type-video is-provider-youtube wp-block-embed-youtube wp-embed-aspect-16-9 wp-has-aspect-ratio\"><div class=\"wp-block-embed__wrapper\">\n<iframe loading=\"lazy\" title=\"\u017byczenia \u015bwi\u0105teczne dyrektor Narodowego Instytutu Dziedzictwa\" width=\"1080\" height=\"608\" src=\"https:\/\/www.youtube.com\/embed\/8pU2mYxKhac?feature=oembed\"  allow=\"accelerometer; autoplay; clipboard-write; encrypted-media; gyroscope; picture-in-picture\" allowfullscreen><\/iframe>\n<\/div><\/figure>","protected":false},"excerpt":{"rendered":"<p>Bo\u017ce Narodzenie to szczeg\u00f3lny czas w roku. W polskiej tradycji od wiek\u00f3w bo\u017conarodzeniowe \u017cyczenia traktowane by\u0142y jako dar. Wierzono w sprawcz\u0105 moc s\u0142owa. Z okazji zbli\u017caj\u0105cych si\u0119 \u015awi\u0105t Bo\u017cego Narodzenia [&hellip;]<\/p>","protected":false},"author":7,"featured_media":9430,"comment_status":"open","ping_status":"open","sticky":false,"template":"","format":"standard","meta":{"_et_pb_use_builder":"off","_et_pb_old_content":"","_et_gb_content_width":"","_monsterinsights_skip_tracking":false,"_monsterinsights_sitenote_active":false,"_monsterinsights_sitenote_note":"","_monsterinsights_sitenote_category":0,"footnotes":""},"categories":[3],"tags":[],"class_list":["post-9431","post","type-post","status-publish","format-standard","has-post-thumbnail","hentry","category-aktualnosci"],"yoast_head":"<!-- This site is optimized with the Yoast SEO plugin v26.5 - https:\/\/yoast.com\/wordpress\/plugins\/seo\/ -->\n<title>\u017byczenia \u015bwi\u0105teczne dyrektor Narodowego Instytutu Dziedzictwa - NID<\/title>\n<meta name=\"robots\" content=\"index, follow, max-snippet:-1, max-image-preview:large, max-video-preview:-1\" \/>\n<link rel=\"canonical\" href=\"https:\/\/nid.pl\/en\/2022\/12\/28\/zyczenia-swiateczne-dyrektor-narodowego-instytutu-dziedzictwa\/\" \/>\n<meta property=\"og:locale\" content=\"en_GB\" \/>\n<meta property=\"og:type\" content=\"article\" \/>\n<meta property=\"og:title\" content=\"\u017byczenia \u015bwi\u0105teczne dyrektor Narodowego Instytutu Dziedzictwa - NID\" \/>\n<meta property=\"og:description\" content=\"Bo\u017ce Narodzenie to szczeg\u00f3lny czas w roku. W polskiej tradycji od wiek\u00f3w bo\u017conarodzeniowe \u017cyczenia traktowane by\u0142y jako dar. Wierzono w sprawcz\u0105 moc s\u0142owa. Z okazji zbli\u017caj\u0105cych si\u0119 \u015awi\u0105t Bo\u017cego Narodzenia [&hellip;]\" \/>\n<meta property=\"og:url\" content=\"https:\/\/nid.pl\/en\/2022\/12\/28\/zyczenia-swiateczne-dyrektor-narodowego-instytutu-dziedzictwa\/\" \/>\n<meta property=\"og:site_name\" content=\"NID\" \/>\n<meta property=\"article:publisher\" content=\"https:\/\/www.facebook.com\/zabytek\" \/>\n<meta property=\"article:published_time\" content=\"2022-12-28T14:09:00+00:00\" \/>\n<meta property=\"article:modified_time\" content=\"2022-12-30T12:59:49+00:00\" \/>\n<meta property=\"og:image\" content=\"https:\/\/nid.pl\/wp-content\/uploads\/2022\/12\/szopka.jpg\" \/>\n\t<meta property=\"og:image:width\" content=\"800\" \/>\n\t<meta property=\"og:image:height\" content=\"533\" \/>\n\t<meta property=\"og:image:type\" content=\"image\/jpeg\" \/>\n<meta name=\"author\" content=\"Barbara Halliop\" \/>\n<meta name=\"twitter:card\" content=\"summary_large_image\" \/>\n<meta name=\"twitter:creator\" content=\"@NarIDpl\" \/>\n<meta name=\"twitter:site\" content=\"@NarIDpl\" \/>\n<meta name=\"twitter:label1\" content=\"Written by\" \/>\n\t<meta name=\"twitter:data1\" content=\"Barbara Halliop\" \/>\n\t<meta name=\"twitter:label2\" content=\"Estimated reading time\" \/>\n\t<meta name=\"twitter:data2\" content=\"1 minute\" \/>\n<script type=\"application\/ld+json\" class=\"yoast-schema-graph\">{\"@context\":\"https:\/\/schema.org\",\"@graph\":[{\"@type\":\"Article\",\"@id\":\"https:\/\/nid.pl\/2022\/12\/28\/zyczenia-swiateczne-dyrektor-narodowego-instytutu-dziedzictwa\/#article\",\"isPartOf\":{\"@id\":\"https:\/\/nid.pl\/2022\/12\/28\/zyczenia-swiateczne-dyrektor-narodowego-instytutu-dziedzictwa\/\"},\"author\":{\"name\":\"Barbara Halliop\",\"@id\":\"https:\/\/nid.pl\/#\/schema\/person\/1b690a8998a5111cfb9f0ffe24195a15\"},\"headline\":\"\u017byczenia \u015bwi\u0105teczne dyrektor Narodowego Instytutu Dziedzictwa\",\"datePublished\":\"2022-12-28T14:09:00+00:00\",\"dateModified\":\"2022-12-30T12:59:49+00:00\",\"mainEntityOfPage\":{\"@id\":\"https:\/\/nid.pl\/2022\/12\/28\/zyczenia-swiateczne-dyrektor-narodowego-instytutu-dziedzictwa\/\"},\"wordCount\":143,\"commentCount\":0,\"publisher\":{\"@id\":\"https:\/\/nid.pl\/#organization\"},\"image\":{\"@id\":\"https:\/\/nid.pl\/2022\/12\/28\/zyczenia-swiateczne-dyrektor-narodowego-instytutu-dziedzictwa\/#primaryimage\"},\"thumbnailUrl\":\"https:\/\/nid.pl\/wp-content\/uploads\/2022\/12\/szopka.jpg\",\"articleSection\":[\"Aktualno\u015bci\"],\"inLanguage\":\"en-GB\"},{\"@type\":\"WebPage\",\"@id\":\"https:\/\/nid.pl\/2022\/12\/28\/zyczenia-swiateczne-dyrektor-narodowego-instytutu-dziedzictwa\/\",\"url\":\"https:\/\/nid.pl\/2022\/12\/28\/zyczenia-swiateczne-dyrektor-narodowego-instytutu-dziedzictwa\/\",\"name\":\"\u017byczenia \u015bwi\u0105teczne dyrektor Narodowego Instytutu Dziedzictwa - NID\",\"isPartOf\":{\"@id\":\"https:\/\/nid.pl\/#website\"},\"primaryImageOfPage\":{\"@id\":\"https:\/\/nid.pl\/2022\/12\/28\/zyczenia-swiateczne-dyrektor-narodowego-instytutu-dziedzictwa\/#primaryimage\"},\"image\":{\"@id\":\"https:\/\/nid.pl\/2022\/12\/28\/zyczenia-swiateczne-dyrektor-narodowego-instytutu-dziedzictwa\/#primaryimage\"},\"thumbnailUrl\":\"https:\/\/nid.pl\/wp-content\/uploads\/2022\/12\/szopka.jpg\",\"datePublished\":\"2022-12-28T14:09:00+00:00\",\"dateModified\":\"2022-12-30T12:59:49+00:00\",\"breadcrumb\":{\"@id\":\"https:\/\/nid.pl\/2022\/12\/28\/zyczenia-swiateczne-dyrektor-narodowego-instytutu-dziedzictwa\/#breadcrumb\"},\"inLanguage\":\"en-GB\",\"potentialAction\":[{\"@type\":\"ReadAction\",\"target\":[\"https:\/\/nid.pl\/2022\/12\/28\/zyczenia-swiateczne-dyrektor-narodowego-instytutu-dziedzictwa\/\"]}]},{\"@type\":\"ImageObject\",\"inLanguage\":\"en-GB\",\"@id\":\"https:\/\/nid.pl\/2022\/12\/28\/zyczenia-swiateczne-dyrektor-narodowego-instytutu-dziedzictwa\/#primaryimage\",\"url\":\"https:\/\/nid.pl\/wp-content\/uploads\/2022\/12\/szopka.jpg\",\"contentUrl\":\"https:\/\/nid.pl\/wp-content\/uploads\/2022\/12\/szopka.jpg\",\"width\":800,\"height\":533,\"caption\":\"szopka\"},{\"@type\":\"BreadcrumbList\",\"@id\":\"https:\/\/nid.pl\/2022\/12\/28\/zyczenia-swiateczne-dyrektor-narodowego-instytutu-dziedzictwa\/#breadcrumb\",\"itemListElement\":[{\"@type\":\"ListItem\",\"position\":1,\"name\":\"Home\",\"item\":\"https:\/\/nid.pl\/\"},{\"@type\":\"ListItem\",\"position\":2,\"name\":\"\u017byczenia \u015bwi\u0105teczne dyrektor Narodowego Instytutu Dziedzictwa\"}]},{\"@type\":\"WebSite\",\"@id\":\"https:\/\/nid.pl\/#website\",\"url\":\"https:\/\/nid.pl\/\",\"name\":\"NID\",\"description\":\"Narodowy Instytut Dziedzictwa\",\"publisher\":{\"@id\":\"https:\/\/nid.pl\/#organization\"},\"potentialAction\":[{\"@type\":\"SearchAction\",\"target\":{\"@type\":\"EntryPoint\",\"urlTemplate\":\"https:\/\/nid.pl\/?s={search_term_string}\"},\"query-input\":{\"@type\":\"PropertyValueSpecification\",\"valueRequired\":true,\"valueName\":\"search_term_string\"}}],\"inLanguage\":\"en-GB\"},{\"@type\":\"Organization\",\"@id\":\"https:\/\/nid.pl\/#organization\",\"name\":\"Narodowy Instytut Dziedzictwa\",\"url\":\"https:\/\/nid.pl\/\",\"logo\":{\"@type\":\"ImageObject\",\"inLanguage\":\"en-GB\",\"@id\":\"https:\/\/nid.pl\/#\/schema\/logo\/image\/\",\"url\":\"https:\/\/nid.pl\/wp-content\/uploads\/2022\/10\/logoRedDark.png\",\"contentUrl\":\"https:\/\/nid.pl\/wp-content\/uploads\/2022\/10\/logoRedDark.png\",\"width\":200,\"height\":197,\"caption\":\"Narodowy Instytut Dziedzictwa\"},\"image\":{\"@id\":\"https:\/\/nid.pl\/#\/schema\/logo\/image\/\"},\"sameAs\":[\"https:\/\/www.facebook.com\/zabytek\",\"https:\/\/x.com\/NarIDpl\",\"https:\/\/www.instagram.com\/nid.pl\/?hl=pl\",\"https:\/\/www.linkedin.com\/company\/narodowy-instytut-dziedzictwa\",\"https:\/\/www.youtube.com\/channel\/UCQXuhKa2uHtmNvLRUSx40JA\"]},{\"@type\":\"Person\",\"@id\":\"https:\/\/nid.pl\/#\/schema\/person\/1b690a8998a5111cfb9f0ffe24195a15\",\"name\":\"Barbara Halliop\",\"image\":{\"@type\":\"ImageObject\",\"inLanguage\":\"en-GB\",\"@id\":\"https:\/\/nid.pl\/#\/schema\/person\/image\/\",\"url\":\"https:\/\/nid.pl\/wp-content\/litespeed\/avatar\/924046d17dd0c842c9fa9ccf489bc6dc.jpg?ver=1777444967\",\"contentUrl\":\"https:\/\/nid.pl\/wp-content\/litespeed\/avatar\/924046d17dd0c842c9fa9ccf489bc6dc.jpg?ver=1777444967\",\"caption\":\"Barbara Halliop\"},\"url\":\"https:\/\/nid.pl\/en\/author\/bhalliop\/\"}]}<\/script>\n<!-- \/ Yoast SEO plugin. -->","yoast_head_json":{"title":"\u017byczenia \u015bwi\u0105teczne dyrektor Narodowego Instytutu Dziedzictwa - NID","robots":{"index":"index","follow":"follow","max-snippet":"max-snippet:-1","max-image-preview":"max-image-preview:large","max-video-preview":"max-video-preview:-1"},"canonical":"https:\/\/nid.pl\/en\/2022\/12\/28\/zyczenia-swiateczne-dyrektor-narodowego-instytutu-dziedzictwa\/","og_locale":"en_GB","og_type":"article","og_title":"\u017byczenia \u015bwi\u0105teczne dyrektor Narodowego Instytutu Dziedzictwa - NID","og_description":"Bo\u017ce Narodzenie to szczeg\u00f3lny czas w roku. W polskiej tradycji od wiek\u00f3w bo\u017conarodzeniowe \u017cyczenia traktowane by\u0142y jako dar. Wierzono w sprawcz\u0105 moc s\u0142owa. Z okazji zbli\u017caj\u0105cych si\u0119 \u015awi\u0105t Bo\u017cego Narodzenia [&hellip;]","og_url":"https:\/\/nid.pl\/en\/2022\/12\/28\/zyczenia-swiateczne-dyrektor-narodowego-instytutu-dziedzictwa\/","og_site_name":"NID","article_publisher":"https:\/\/www.facebook.com\/zabytek","article_published_time":"2022-12-28T14:09:00+00:00","article_modified_time":"2022-12-30T12:59:49+00:00","og_image":[{"width":800,"height":533,"url":"https:\/\/nid.pl\/wp-content\/uploads\/2022\/12\/szopka.jpg","type":"image\/jpeg"}],"author":"Barbara Halliop","twitter_card":"summary_large_image","twitter_creator":"@NarIDpl","twitter_site":"@NarIDpl","twitter_misc":{"Written by":"Barbara Halliop","Estimated reading time":"1 minute"},"schema":{"@context":"https:\/\/schema.org","@graph":[{"@type":"Article","@id":"https:\/\/nid.pl\/2022\/12\/28\/zyczenia-swiateczne-dyrektor-narodowego-instytutu-dziedzictwa\/#article","isPartOf":{"@id":"https:\/\/nid.pl\/2022\/12\/28\/zyczenia-swiateczne-dyrektor-narodowego-instytutu-dziedzictwa\/"},"author":{"name":"Barbara Halliop","@id":"https:\/\/nid.pl\/#\/schema\/person\/1b690a8998a5111cfb9f0ffe24195a15"},"headline":"\u017byczenia \u015bwi\u0105teczne dyrektor Narodowego Instytutu Dziedzictwa","datePublished":"2022-12-28T14:09:00+00:00","dateModified":"2022-12-30T12:59:49+00:00","mainEntityOfPage":{"@id":"https:\/\/nid.pl\/2022\/12\/28\/zyczenia-swiateczne-dyrektor-narodowego-instytutu-dziedzictwa\/"},"wordCount":143,"commentCount":0,"publisher":{"@id":"https:\/\/nid.pl\/#organization"},"image":{"@id":"https:\/\/nid.pl\/2022\/12\/28\/zyczenia-swiateczne-dyrektor-narodowego-instytutu-dziedzictwa\/#primaryimage"},"thumbnailUrl":"https:\/\/nid.pl\/wp-content\/uploads\/2022\/12\/szopka.jpg","articleSection":["Aktualno\u015bci"],"inLanguage":"en-GB"},{"@type":"WebPage","@id":"https:\/\/nid.pl\/2022\/12\/28\/zyczenia-swiateczne-dyrektor-narodowego-instytutu-dziedzictwa\/","url":"https:\/\/nid.pl\/2022\/12\/28\/zyczenia-swiateczne-dyrektor-narodowego-instytutu-dziedzictwa\/","name":"\u017byczenia \u015bwi\u0105teczne dyrektor Narodowego Instytutu Dziedzictwa - NID","isPartOf":{"@id":"https:\/\/nid.pl\/#website"},"primaryImageOfPage":{"@id":"https:\/\/nid.pl\/2022\/12\/28\/zyczenia-swiateczne-dyrektor-narodowego-instytutu-dziedzictwa\/#primaryimage"},"image":{"@id":"https:\/\/nid.pl\/2022\/12\/28\/zyczenia-swiateczne-dyrektor-narodowego-instytutu-dziedzictwa\/#primaryimage"},"thumbnailUrl":"https:\/\/nid.pl\/wp-content\/uploads\/2022\/12\/szopka.jpg","datePublished":"2022-12-28T14:09:00+00:00","dateModified":"2022-12-30T12:59:49+00:00","breadcrumb":{"@id":"https:\/\/nid.pl\/2022\/12\/28\/zyczenia-swiateczne-dyrektor-narodowego-instytutu-dziedzictwa\/#breadcrumb"},"inLanguage":"en-GB","potentialAction":[{"@type":"ReadAction","target":["https:\/\/nid.pl\/2022\/12\/28\/zyczenia-swiateczne-dyrektor-narodowego-instytutu-dziedzictwa\/"]}]},{"@type":"ImageObject","inLanguage":"en-GB","@id":"https:\/\/nid.pl\/2022\/12\/28\/zyczenia-swiateczne-dyrektor-narodowego-instytutu-dziedzictwa\/#primaryimage","url":"https:\/\/nid.pl\/wp-content\/uploads\/2022\/12\/szopka.jpg","contentUrl":"https:\/\/nid.pl\/wp-content\/uploads\/2022\/12\/szopka.jpg","width":800,"height":533,"caption":"szopka"},{"@type":"BreadcrumbList","@id":"https:\/\/nid.pl\/2022\/12\/28\/zyczenia-swiateczne-dyrektor-narodowego-instytutu-dziedzictwa\/#breadcrumb","itemListElement":[{"@type":"ListItem","position":1,"name":"Home","item":"https:\/\/nid.pl\/"},{"@type":"ListItem","position":2,"name":"\u017byczenia \u015bwi\u0105teczne dyrektor Narodowego Instytutu Dziedzictwa"}]},{"@type":"WebSite","@id":"https:\/\/nid.pl\/#website","url":"https:\/\/nid.pl\/","name":"NID","description":"Narodowy Instytut Dziedzictwa","publisher":{"@id":"https:\/\/nid.pl\/#organization"},"potentialAction":[{"@type":"SearchAction","target":{"@type":"EntryPoint","urlTemplate":"https:\/\/nid.pl\/?s={search_term_string}"},"query-input":{"@type":"PropertyValueSpecification","valueRequired":true,"valueName":"search_term_string"}}],"inLanguage":"en-GB"},{"@type":"Organization","@id":"https:\/\/nid.pl\/#organization","name":"Narodowy Instytut Dziedzictwa","url":"https:\/\/nid.pl\/","logo":{"@type":"ImageObject","inLanguage":"en-GB","@id":"https:\/\/nid.pl\/#\/schema\/logo\/image\/","url":"https:\/\/nid.pl\/wp-content\/uploads\/2022\/10\/logoRedDark.png","contentUrl":"https:\/\/nid.pl\/wp-content\/uploads\/2022\/10\/logoRedDark.png","width":200,"height":197,"caption":"Narodowy Instytut Dziedzictwa"},"image":{"@id":"https:\/\/nid.pl\/#\/schema\/logo\/image\/"},"sameAs":["https:\/\/www.facebook.com\/zabytek","https:\/\/x.com\/NarIDpl","https:\/\/www.instagram.com\/nid.pl\/?hl=pl","https:\/\/www.linkedin.com\/company\/narodowy-instytut-dziedzictwa","https:\/\/www.youtube.com\/channel\/UCQXuhKa2uHtmNvLRUSx40JA"]},{"@type":"Person","@id":"https:\/\/nid.pl\/#\/schema\/person\/1b690a8998a5111cfb9f0ffe24195a15","name":"Barbara Halliop","image":{"@type":"ImageObject","inLanguage":"en-GB","@id":"https:\/\/nid.pl\/#\/schema\/person\/image\/","url":"https:\/\/nid.pl\/wp-content\/litespeed\/avatar\/924046d17dd0c842c9fa9ccf489bc6dc.jpg?ver=1777444967","contentUrl":"https:\/\/nid.pl\/wp-content\/litespeed\/avatar\/924046d17dd0c842c9fa9ccf489bc6dc.jpg?ver=1777444967","caption":"Barbara Halliop"},"url":"https:\/\/nid.pl\/en\/author\/bhalliop\/"}]}},"_links":{"self":[{"href":"https:\/\/nid.pl\/en\/wp-json\/wp\/v2\/posts\/9431","targetHints":{"allow":["GET"]}}],"collection":[{"href":"https:\/\/nid.pl\/en\/wp-json\/wp\/v2\/posts"}],"about":[{"href":"https:\/\/nid.pl\/en\/wp-json\/wp\/v2\/types\/post"}],"author":[{"embeddable":true,"href":"https:\/\/nid.pl\/en\/wp-json\/wp\/v2\/users\/7"}],"replies":[{"embeddable":true,"href":"https:\/\/nid.pl\/en\/wp-json\/wp\/v2\/comments?post=9431"}],"version-history":[{"count":0,"href":"https:\/\/nid.pl\/en\/wp-json\/wp\/v2\/posts\/9431\/revisions"}],"wp:featuredmedia":[{"embeddable":true,"href":"https:\/\/nid.pl\/en\/wp-json\/wp\/v2\/media\/9430"}],"wp:attachment":[{"href":"https:\/\/nid.pl\/en\/wp-json\/wp\/v2\/media?parent=9431"}],"wp:term":[{"taxonomy":"category","embeddable":true,"href":"https:\/\/nid.pl\/en\/wp-json\/wp\/v2\/categories?post=9431"},{"taxonomy":"post_tag","embeddable":true,"href":"https:\/\/nid.pl\/en\/wp-json\/wp\/v2\/tags?post=9431"}],"curies":[{"name":"wp","href":"https:\/\/api.w.org\/{rel}","templated":true}]}}