{"id":9420,"date":"2022-12-20T10:57:33","date_gmt":"2022-12-20T09:57:33","guid":{"rendered":"https:\/\/nid.pl\/?p=9420"},"modified":"2023-01-25T12:14:41","modified_gmt":"2023-01-25T11:14:41","slug":"wydawnictwo-nid-poleca-dostepnosc-architektoniczna-obiektow-zabytkowych-dla-osob-ze-szczegolnymi-potrzebami","status":"publish","type":"post","link":"https:\/\/nid.pl\/en\/2022\/12\/20\/wydawnictwo-nid-poleca-dostepnosc-architektoniczna-obiektow-zabytkowych-dla-osob-ze-szczegolnymi-potrzebami\/","title":{"rendered":"Wydawnictwo NID poleca: \u201eDost\u0119pno\u015b\u0107 architektoniczna obiekt\u00f3w zabytkowych dla os\u00f3b ze szczeg\u00f3lnymi potrzebami\u201d"},"content":{"rendered":"<p><strong>Zapewnienie dost\u0119pno\u015bci budynk\u00f3w i przestrzeni dla os\u00f3b ze szczeg\u00f3lnymi potrzebami to dzi\u015b nie tylko wyraz zmiany cywilizacyjnej, obowi\u0105zek spo\u0142eczny i coraz powszechniejszy standard w my\u015bleniu o przestrzeni publicznej, ale i ustawowy obowi\u0105zek. Co jednak, gdy mamy do czynienia z zabytkami? Kt\u00f3re bariery architektoniczne likwidowa\u0107, a kt\u00f3re pozostawi\u0107, bo s\u0105 zbyt cenne? Co jest wa\u017cniejsze \u2013 dost\u0119pno\u015b\u0107 czy warto\u015b\u0107 zabytkowa? Na te i inne pytania odpowied\u017a znajdziemy w najnowszej publikacji Narodowego Instytutu Dziedzictwa autorstwa prof. dr. hab. in\u017c. Bogus\u0142awa Szmygina.<\/strong><\/p>\n\n\n\n<p>Od 2019 r. wszystkie podmioty publiczne musz\u0105 spe\u0142nia\u0107 minimalne wymagania w zakresie trzech obszar\u00f3w dost\u0119pno\u015bci, o kt\u00f3rych mowa w art. 6 ustawy o zapewnianiu dost\u0119pno\u015bci osobom ze szczeg\u00f3lnymi potrzebami: architektonicznej, cyfrowej i informacyjno-komunikacyjnej. Dla w\u0142a\u015bcicieli i zarz\u0105dc\u00f3w zabytk\u00f3w dost\u0119pno\u015b\u0107 architektoniczna jest szczeg\u00f3lnym wyzwaniem.<\/p>\n\n\n\n<p>Nak\u0142adem wydawnictwa Narodowego Instytutu Dziedzictwa ukaza\u0142a si\u0119 ksi\u0105\u017cka autorstwa prof. dr hab. in\u017c. Bogus\u0142awa Szmygina, kt\u00f3ra odpowiada na pytania dotycz\u0105ce praktycznego wdra\u017cania idei dost\u0119pno\u015bci w obr\u0119bie zabytkowych budynk\u00f3w i przestrzeni. Publikacja pt. \u201eDost\u0119pno\u015b\u0107 architektoniczna obiekt\u00f3w zabytkowych dla os\u00f3b ze szczeg\u00f3lnymi potrzebami\u201d \u0142\u0105czy monografi\u0119 zagadnienia \u2013 wyczerpuj\u0105c\u0105 temat z ka\u017cdej perspektywy \u2013 z praktycznym, bogato zilustrowanym poradnikiem. Przywo\u0142uje przepisy prawne dotycz\u0105ce dost\u0119pno\u015bci, przedstawia po kolei i szczeg\u00f3\u0142owo wszystkie wymogi urz\u0119dowe. Analizuje konflikt mi\u0119dzy warto\u015bciami zabytkowymi a dost\u0119pno\u015bci\u0105 z punktu widzenia nadzoru konserwatorskiego, zarz\u0105dzaj\u0105cych obiektami i os\u00f3b ze szczeg\u00f3lnymi potrzebami. Przede wszystkim jednak wylicza spis dzia\u0142a\u0144, s\u0142u\u017c\u0105cych zapewnieniu dost\u0119pno\u015bci w zabytkach, i przynosi konkretne rozwi\u0105zania, ka\u017cde ilustrowane licznymi przyk\u0142adami. Wreszcie \u2013 przedstawia koncepcj\u0119 stref funkcjonalno-przestrzennych jako metodologi\u0119 zapewniania dost\u0119pno\u015bci, u\u0142atwiaj\u0105c\u0105 i porz\u0105dkuj\u0105c\u0105 praktyczny wymiar jej wdra\u017cania w obr\u0119bie zabytku, a tak\u017ce pozwalaj\u0105c\u0105 na opracowanie w\u0142asnego programu dost\u0119pno\u015bci w obiekcie, kt\u00f3ry ma si\u0119 pod opiek\u0105.<\/p>\n\n\n\n<p>\u201eDost\u0119pno\u015b\u0107 architektoniczna obiekt\u00f3w zabytkowych dla os\u00f3b ze szczeg\u00f3lnymi potrzebami\u201d autorstwa prof. dr hab. in\u017c. Bogus\u0142awa Szmygina jest kolejn\u0105 z serii poradnik\u00f3w NID dedykowanych opiekunom obiekt\u00f3w zabytkowych. Poradnik zosta\u0142 wydany ze \u015brodk\u00f3w Krajowego Programu Ochrony Zabytk\u00f3w i Opieki nad Zabytkami 2019-2022.<\/p>\n\n\n\n<p>Publikacje dost\u0119pne s\u0105 na stronie: <a href=\"https:\/\/ksiegarnia.nid.pl\/do-pobrania\/\">https:\/\/ksiegarnia.nid.pl\/do-pobrania\/<\/a><\/p>\n\n\n\n<p><\/p>\n\n\n\n<p><strong>prof. dr hab. in\u017c. Bogus\u0142aw Szmygin<\/strong> \u2212 polski naukowiec, nauczyciel akademicki i konserwator zabytk\u00f3w. Profesor Politechniki Lubelskiej, gdzie kieruje Katedr\u0105 Konserwacji Zabytk\u00f3w. Od roku 2015 sprawuje funkcj\u0119 prezesa Polskiego Komitetu Narodowego ICOMOS. Zasiada w Komitecie ds. \u015awiatowego Dziedzictwa Kulturowego w Polsce. Jest cz\u0142onkiem Komitetu Architektury i Urbanistyki Polskiej Akademii Nauk, a tak\u017ce autorem ponad 100 publikacji naukowych.<\/p>\n\n\n\n<p><\/p>\n\n\n\n<p><strong>Narodowy Instytut Dziedzictwa<\/strong> wydaje publikacje o charakterze specjalistycznym, informacyjnym, popularyzatorskim i edukacyjnym, zgodne ze swoj\u0105 misj\u0105 i profilem dzia\u0142alno\u015bci. Wydawnictwa obejmuj\u0105 szerokie spektrum temat\u00f3w z zakresu ochrony zabytk\u00f3w i opieki nad zabytkami, zagadnie\u0144 praktycznych, technicznych i prawnych dotycz\u0105cych tej tematyki, wsp\u00f3\u0142pracy mi\u0119dzynarodowej w zakresie ochrony dziedzictwa, niematerialnego dziedzictwa kulturowego czy zarz\u0105dzania dziedzictwem. W\u015br\u00f3d publikacji mo\u017cna znale\u017a\u0107 zar\u00f3wno tre\u015bci naukowe, wytyczne i zalecenia skierowane do specjalist\u00f3w, materia\u0142y edukacyjne, popularyzatorskie, jak i druki drobne towarzysz\u0105ce wydarzeniom organizowanym przez NID.<\/p>","protected":false},"excerpt":{"rendered":"<p>Zapewnienie dost\u0119pno\u015bci budynk\u00f3w i przestrzeni dla os\u00f3b ze szczeg\u00f3lnymi potrzebami to dzi\u015b nie tylko wyraz zmiany cywilizacyjnej, obowi\u0105zek spo\u0142eczny i coraz powszechniejszy standard w my\u015bleniu o przestrzeni publicznej, ale i [&hellip;]<\/p>","protected":false},"author":7,"featured_media":9419,"comment_status":"open","ping_status":"open","sticky":false,"template":"","format":"standard","meta":{"_et_pb_use_builder":"off","_et_pb_old_content":"","_et_gb_content_width":"","_monsterinsights_skip_tracking":false,"_monsterinsights_sitenote_active":false,"_monsterinsights_sitenote_note":"","_monsterinsights_sitenote_category":0,"footnotes":""},"categories":[3],"tags":[],"class_list":["post-9420","post","type-post","status-publish","format-standard","has-post-thumbnail","hentry","category-aktualnosci"],"yoast_head":"<!-- This site is optimized with the Yoast SEO plugin v26.5 - https:\/\/yoast.com\/wordpress\/plugins\/seo\/ -->\n<title>Wydawnictwo NID poleca: \u201eDost\u0119pno\u015b\u0107 architektoniczna obiekt\u00f3w zabytkowych dla os\u00f3b ze szczeg\u00f3lnymi potrzebami\u201d - NID<\/title>\n<meta name=\"robots\" content=\"index, follow, max-snippet:-1, max-image-preview:large, max-video-preview:-1\" \/>\n<link rel=\"canonical\" href=\"https:\/\/nid.pl\/en\/2022\/12\/20\/wydawnictwo-nid-poleca-dostepnosc-architektoniczna-obiektow-zabytkowych-dla-osob-ze-szczegolnymi-potrzebami\/\" \/>\n<meta property=\"og:locale\" content=\"en_GB\" \/>\n<meta property=\"og:type\" content=\"article\" \/>\n<meta property=\"og:title\" content=\"Wydawnictwo NID poleca: \u201eDost\u0119pno\u015b\u0107 architektoniczna obiekt\u00f3w zabytkowych dla os\u00f3b ze szczeg\u00f3lnymi potrzebami\u201d - NID\" \/>\n<meta property=\"og:description\" content=\"Zapewnienie dost\u0119pno\u015bci budynk\u00f3w i przestrzeni dla os\u00f3b ze szczeg\u00f3lnymi potrzebami to dzi\u015b nie tylko wyraz zmiany cywilizacyjnej, obowi\u0105zek spo\u0142eczny i coraz powszechniejszy standard w my\u015bleniu o przestrzeni publicznej, ale i [&hellip;]\" \/>\n<meta property=\"og:url\" content=\"https:\/\/nid.pl\/en\/2022\/12\/20\/wydawnictwo-nid-poleca-dostepnosc-architektoniczna-obiektow-zabytkowych-dla-osob-ze-szczegolnymi-potrzebami\/\" \/>\n<meta property=\"og:site_name\" content=\"NID\" \/>\n<meta property=\"article:publisher\" content=\"https:\/\/www.facebook.com\/zabytek\" \/>\n<meta property=\"article:published_time\" content=\"2022-12-20T09:57:33+00:00\" \/>\n<meta property=\"article:modified_time\" content=\"2023-01-25T11:14:41+00:00\" \/>\n<meta property=\"og:image\" content=\"https:\/\/nid.pl\/wp-content\/uploads\/2022\/12\/ksiazka_aktual.jpg\" \/>\n\t<meta property=\"og:image:width\" content=\"1528\" \/>\n\t<meta property=\"og:image:height\" content=\"1022\" \/>\n\t<meta property=\"og:image:type\" content=\"image\/jpeg\" \/>\n<meta name=\"author\" content=\"Barbara Halliop\" \/>\n<meta name=\"twitter:card\" content=\"summary_large_image\" \/>\n<meta name=\"twitter:creator\" content=\"@NarIDpl\" \/>\n<meta name=\"twitter:site\" content=\"@NarIDpl\" \/>\n<meta name=\"twitter:label1\" content=\"Written by\" \/>\n\t<meta name=\"twitter:data1\" content=\"Barbara Halliop\" \/>\n\t<meta name=\"twitter:label2\" content=\"Estimated reading time\" \/>\n\t<meta name=\"twitter:data2\" content=\"2 minutes\" \/>\n<script type=\"application\/ld+json\" class=\"yoast-schema-graph\">{\"@context\":\"https:\/\/schema.org\",\"@graph\":[{\"@type\":\"Article\",\"@id\":\"https:\/\/nid.pl\/2022\/12\/20\/wydawnictwo-nid-poleca-dostepnosc-architektoniczna-obiektow-zabytkowych-dla-osob-ze-szczegolnymi-potrzebami\/#article\",\"isPartOf\":{\"@id\":\"https:\/\/nid.pl\/2022\/12\/20\/wydawnictwo-nid-poleca-dostepnosc-architektoniczna-obiektow-zabytkowych-dla-osob-ze-szczegolnymi-potrzebami\/\"},\"author\":{\"name\":\"Barbara Halliop\",\"@id\":\"https:\/\/nid.pl\/#\/schema\/person\/1b690a8998a5111cfb9f0ffe24195a15\"},\"headline\":\"Wydawnictwo NID poleca: \u201eDost\u0119pno\u015b\u0107 architektoniczna obiekt\u00f3w zabytkowych dla os\u00f3b ze szczeg\u00f3lnymi potrzebami\u201d\",\"datePublished\":\"2022-12-20T09:57:33+00:00\",\"dateModified\":\"2023-01-25T11:14:41+00:00\",\"mainEntityOfPage\":{\"@id\":\"https:\/\/nid.pl\/2022\/12\/20\/wydawnictwo-nid-poleca-dostepnosc-architektoniczna-obiektow-zabytkowych-dla-osob-ze-szczegolnymi-potrzebami\/\"},\"wordCount\":568,\"commentCount\":0,\"publisher\":{\"@id\":\"https:\/\/nid.pl\/#organization\"},\"image\":{\"@id\":\"https:\/\/nid.pl\/2022\/12\/20\/wydawnictwo-nid-poleca-dostepnosc-architektoniczna-obiektow-zabytkowych-dla-osob-ze-szczegolnymi-potrzebami\/#primaryimage\"},\"thumbnailUrl\":\"https:\/\/nid.pl\/wp-content\/uploads\/2022\/12\/ksiazka_aktual.jpg\",\"articleSection\":[\"Aktualno\u015bci\"],\"inLanguage\":\"en-GB\"},{\"@type\":\"WebPage\",\"@id\":\"https:\/\/nid.pl\/2022\/12\/20\/wydawnictwo-nid-poleca-dostepnosc-architektoniczna-obiektow-zabytkowych-dla-osob-ze-szczegolnymi-potrzebami\/\",\"url\":\"https:\/\/nid.pl\/2022\/12\/20\/wydawnictwo-nid-poleca-dostepnosc-architektoniczna-obiektow-zabytkowych-dla-osob-ze-szczegolnymi-potrzebami\/\",\"name\":\"Wydawnictwo NID poleca: \u201eDost\u0119pno\u015b\u0107 architektoniczna obiekt\u00f3w zabytkowych dla os\u00f3b ze szczeg\u00f3lnymi potrzebami\u201d - NID\",\"isPartOf\":{\"@id\":\"https:\/\/nid.pl\/#website\"},\"primaryImageOfPage\":{\"@id\":\"https:\/\/nid.pl\/2022\/12\/20\/wydawnictwo-nid-poleca-dostepnosc-architektoniczna-obiektow-zabytkowych-dla-osob-ze-szczegolnymi-potrzebami\/#primaryimage\"},\"image\":{\"@id\":\"https:\/\/nid.pl\/2022\/12\/20\/wydawnictwo-nid-poleca-dostepnosc-architektoniczna-obiektow-zabytkowych-dla-osob-ze-szczegolnymi-potrzebami\/#primaryimage\"},\"thumbnailUrl\":\"https:\/\/nid.pl\/wp-content\/uploads\/2022\/12\/ksiazka_aktual.jpg\",\"datePublished\":\"2022-12-20T09:57:33+00:00\",\"dateModified\":\"2023-01-25T11:14:41+00:00\",\"breadcrumb\":{\"@id\":\"https:\/\/nid.pl\/2022\/12\/20\/wydawnictwo-nid-poleca-dostepnosc-architektoniczna-obiektow-zabytkowych-dla-osob-ze-szczegolnymi-potrzebami\/#breadcrumb\"},\"inLanguage\":\"en-GB\",\"potentialAction\":[{\"@type\":\"ReadAction\",\"target\":[\"https:\/\/nid.pl\/2022\/12\/20\/wydawnictwo-nid-poleca-dostepnosc-architektoniczna-obiektow-zabytkowych-dla-osob-ze-szczegolnymi-potrzebami\/\"]}]},{\"@type\":\"ImageObject\",\"inLanguage\":\"en-GB\",\"@id\":\"https:\/\/nid.pl\/2022\/12\/20\/wydawnictwo-nid-poleca-dostepnosc-architektoniczna-obiektow-zabytkowych-dla-osob-ze-szczegolnymi-potrzebami\/#primaryimage\",\"url\":\"https:\/\/nid.pl\/wp-content\/uploads\/2022\/12\/ksiazka_aktual.jpg\",\"contentUrl\":\"https:\/\/nid.pl\/wp-content\/uploads\/2022\/12\/ksiazka_aktual.jpg\",\"width\":1528,\"height\":1022,\"caption\":\"ksiazka aktual\"},{\"@type\":\"BreadcrumbList\",\"@id\":\"https:\/\/nid.pl\/2022\/12\/20\/wydawnictwo-nid-poleca-dostepnosc-architektoniczna-obiektow-zabytkowych-dla-osob-ze-szczegolnymi-potrzebami\/#breadcrumb\",\"itemListElement\":[{\"@type\":\"ListItem\",\"position\":1,\"name\":\"Home\",\"item\":\"https:\/\/nid.pl\/\"},{\"@type\":\"ListItem\",\"position\":2,\"name\":\"Wydawnictwo NID poleca: \u201eDost\u0119pno\u015b\u0107 architektoniczna obiekt\u00f3w zabytkowych dla os\u00f3b ze szczeg\u00f3lnymi potrzebami\u201d\"}]},{\"@type\":\"WebSite\",\"@id\":\"https:\/\/nid.pl\/#website\",\"url\":\"https:\/\/nid.pl\/\",\"name\":\"NID\",\"description\":\"Narodowy Instytut Dziedzictwa\",\"publisher\":{\"@id\":\"https:\/\/nid.pl\/#organization\"},\"potentialAction\":[{\"@type\":\"SearchAction\",\"target\":{\"@type\":\"EntryPoint\",\"urlTemplate\":\"https:\/\/nid.pl\/?s={search_term_string}\"},\"query-input\":{\"@type\":\"PropertyValueSpecification\",\"valueRequired\":true,\"valueName\":\"search_term_string\"}}],\"inLanguage\":\"en-GB\"},{\"@type\":\"Organization\",\"@id\":\"https:\/\/nid.pl\/#organization\",\"name\":\"Narodowy Instytut Dziedzictwa\",\"url\":\"https:\/\/nid.pl\/\",\"logo\":{\"@type\":\"ImageObject\",\"inLanguage\":\"en-GB\",\"@id\":\"https:\/\/nid.pl\/#\/schema\/logo\/image\/\",\"url\":\"https:\/\/nid.pl\/wp-content\/uploads\/2022\/10\/logoRedDark.png\",\"contentUrl\":\"https:\/\/nid.pl\/wp-content\/uploads\/2022\/10\/logoRedDark.png\",\"width\":200,\"height\":197,\"caption\":\"Narodowy Instytut Dziedzictwa\"},\"image\":{\"@id\":\"https:\/\/nid.pl\/#\/schema\/logo\/image\/\"},\"sameAs\":[\"https:\/\/www.facebook.com\/zabytek\",\"https:\/\/x.com\/NarIDpl\",\"https:\/\/www.instagram.com\/nid.pl\/?hl=pl\",\"https:\/\/www.linkedin.com\/company\/narodowy-instytut-dziedzictwa\",\"https:\/\/www.youtube.com\/channel\/UCQXuhKa2uHtmNvLRUSx40JA\"]},{\"@type\":\"Person\",\"@id\":\"https:\/\/nid.pl\/#\/schema\/person\/1b690a8998a5111cfb9f0ffe24195a15\",\"name\":\"Barbara Halliop\",\"image\":{\"@type\":\"ImageObject\",\"inLanguage\":\"en-GB\",\"@id\":\"https:\/\/nid.pl\/#\/schema\/person\/image\/\",\"url\":\"https:\/\/nid.pl\/wp-content\/litespeed\/avatar\/924046d17dd0c842c9fa9ccf489bc6dc.jpg?ver=1777444967\",\"contentUrl\":\"https:\/\/nid.pl\/wp-content\/litespeed\/avatar\/924046d17dd0c842c9fa9ccf489bc6dc.jpg?ver=1777444967\",\"caption\":\"Barbara Halliop\"},\"url\":\"https:\/\/nid.pl\/en\/author\/bhalliop\/\"}]}<\/script>\n<!-- \/ Yoast SEO plugin. -->","yoast_head_json":{"title":"Wydawnictwo NID poleca: \u201eDost\u0119pno\u015b\u0107 architektoniczna obiekt\u00f3w zabytkowych dla os\u00f3b ze szczeg\u00f3lnymi potrzebami\u201d - NID","robots":{"index":"index","follow":"follow","max-snippet":"max-snippet:-1","max-image-preview":"max-image-preview:large","max-video-preview":"max-video-preview:-1"},"canonical":"https:\/\/nid.pl\/en\/2022\/12\/20\/wydawnictwo-nid-poleca-dostepnosc-architektoniczna-obiektow-zabytkowych-dla-osob-ze-szczegolnymi-potrzebami\/","og_locale":"en_GB","og_type":"article","og_title":"Wydawnictwo NID poleca: \u201eDost\u0119pno\u015b\u0107 architektoniczna obiekt\u00f3w zabytkowych dla os\u00f3b ze szczeg\u00f3lnymi potrzebami\u201d - NID","og_description":"Zapewnienie dost\u0119pno\u015bci budynk\u00f3w i przestrzeni dla os\u00f3b ze szczeg\u00f3lnymi potrzebami to dzi\u015b nie tylko wyraz zmiany cywilizacyjnej, obowi\u0105zek spo\u0142eczny i coraz powszechniejszy standard w my\u015bleniu o przestrzeni publicznej, ale i [&hellip;]","og_url":"https:\/\/nid.pl\/en\/2022\/12\/20\/wydawnictwo-nid-poleca-dostepnosc-architektoniczna-obiektow-zabytkowych-dla-osob-ze-szczegolnymi-potrzebami\/","og_site_name":"NID","article_publisher":"https:\/\/www.facebook.com\/zabytek","article_published_time":"2022-12-20T09:57:33+00:00","article_modified_time":"2023-01-25T11:14:41+00:00","og_image":[{"width":1528,"height":1022,"url":"https:\/\/nid.pl\/wp-content\/uploads\/2022\/12\/ksiazka_aktual.jpg","type":"image\/jpeg"}],"author":"Barbara Halliop","twitter_card":"summary_large_image","twitter_creator":"@NarIDpl","twitter_site":"@NarIDpl","twitter_misc":{"Written by":"Barbara Halliop","Estimated reading time":"2 minutes"},"schema":{"@context":"https:\/\/schema.org","@graph":[{"@type":"Article","@id":"https:\/\/nid.pl\/2022\/12\/20\/wydawnictwo-nid-poleca-dostepnosc-architektoniczna-obiektow-zabytkowych-dla-osob-ze-szczegolnymi-potrzebami\/#article","isPartOf":{"@id":"https:\/\/nid.pl\/2022\/12\/20\/wydawnictwo-nid-poleca-dostepnosc-architektoniczna-obiektow-zabytkowych-dla-osob-ze-szczegolnymi-potrzebami\/"},"author":{"name":"Barbara Halliop","@id":"https:\/\/nid.pl\/#\/schema\/person\/1b690a8998a5111cfb9f0ffe24195a15"},"headline":"Wydawnictwo NID poleca: \u201eDost\u0119pno\u015b\u0107 architektoniczna obiekt\u00f3w zabytkowych dla os\u00f3b ze szczeg\u00f3lnymi potrzebami\u201d","datePublished":"2022-12-20T09:57:33+00:00","dateModified":"2023-01-25T11:14:41+00:00","mainEntityOfPage":{"@id":"https:\/\/nid.pl\/2022\/12\/20\/wydawnictwo-nid-poleca-dostepnosc-architektoniczna-obiektow-zabytkowych-dla-osob-ze-szczegolnymi-potrzebami\/"},"wordCount":568,"commentCount":0,"publisher":{"@id":"https:\/\/nid.pl\/#organization"},"image":{"@id":"https:\/\/nid.pl\/2022\/12\/20\/wydawnictwo-nid-poleca-dostepnosc-architektoniczna-obiektow-zabytkowych-dla-osob-ze-szczegolnymi-potrzebami\/#primaryimage"},"thumbnailUrl":"https:\/\/nid.pl\/wp-content\/uploads\/2022\/12\/ksiazka_aktual.jpg","articleSection":["Aktualno\u015bci"],"inLanguage":"en-GB"},{"@type":"WebPage","@id":"https:\/\/nid.pl\/2022\/12\/20\/wydawnictwo-nid-poleca-dostepnosc-architektoniczna-obiektow-zabytkowych-dla-osob-ze-szczegolnymi-potrzebami\/","url":"https:\/\/nid.pl\/2022\/12\/20\/wydawnictwo-nid-poleca-dostepnosc-architektoniczna-obiektow-zabytkowych-dla-osob-ze-szczegolnymi-potrzebami\/","name":"Wydawnictwo NID poleca: \u201eDost\u0119pno\u015b\u0107 architektoniczna obiekt\u00f3w zabytkowych dla os\u00f3b ze szczeg\u00f3lnymi potrzebami\u201d - NID","isPartOf":{"@id":"https:\/\/nid.pl\/#website"},"primaryImageOfPage":{"@id":"https:\/\/nid.pl\/2022\/12\/20\/wydawnictwo-nid-poleca-dostepnosc-architektoniczna-obiektow-zabytkowych-dla-osob-ze-szczegolnymi-potrzebami\/#primaryimage"},"image":{"@id":"https:\/\/nid.pl\/2022\/12\/20\/wydawnictwo-nid-poleca-dostepnosc-architektoniczna-obiektow-zabytkowych-dla-osob-ze-szczegolnymi-potrzebami\/#primaryimage"},"thumbnailUrl":"https:\/\/nid.pl\/wp-content\/uploads\/2022\/12\/ksiazka_aktual.jpg","datePublished":"2022-12-20T09:57:33+00:00","dateModified":"2023-01-25T11:14:41+00:00","breadcrumb":{"@id":"https:\/\/nid.pl\/2022\/12\/20\/wydawnictwo-nid-poleca-dostepnosc-architektoniczna-obiektow-zabytkowych-dla-osob-ze-szczegolnymi-potrzebami\/#breadcrumb"},"inLanguage":"en-GB","potentialAction":[{"@type":"ReadAction","target":["https:\/\/nid.pl\/2022\/12\/20\/wydawnictwo-nid-poleca-dostepnosc-architektoniczna-obiektow-zabytkowych-dla-osob-ze-szczegolnymi-potrzebami\/"]}]},{"@type":"ImageObject","inLanguage":"en-GB","@id":"https:\/\/nid.pl\/2022\/12\/20\/wydawnictwo-nid-poleca-dostepnosc-architektoniczna-obiektow-zabytkowych-dla-osob-ze-szczegolnymi-potrzebami\/#primaryimage","url":"https:\/\/nid.pl\/wp-content\/uploads\/2022\/12\/ksiazka_aktual.jpg","contentUrl":"https:\/\/nid.pl\/wp-content\/uploads\/2022\/12\/ksiazka_aktual.jpg","width":1528,"height":1022,"caption":"ksiazka aktual"},{"@type":"BreadcrumbList","@id":"https:\/\/nid.pl\/2022\/12\/20\/wydawnictwo-nid-poleca-dostepnosc-architektoniczna-obiektow-zabytkowych-dla-osob-ze-szczegolnymi-potrzebami\/#breadcrumb","itemListElement":[{"@type":"ListItem","position":1,"name":"Home","item":"https:\/\/nid.pl\/"},{"@type":"ListItem","position":2,"name":"Wydawnictwo NID poleca: \u201eDost\u0119pno\u015b\u0107 architektoniczna obiekt\u00f3w zabytkowych dla os\u00f3b ze szczeg\u00f3lnymi potrzebami\u201d"}]},{"@type":"WebSite","@id":"https:\/\/nid.pl\/#website","url":"https:\/\/nid.pl\/","name":"NID","description":"Narodowy Instytut Dziedzictwa","publisher":{"@id":"https:\/\/nid.pl\/#organization"},"potentialAction":[{"@type":"SearchAction","target":{"@type":"EntryPoint","urlTemplate":"https:\/\/nid.pl\/?s={search_term_string}"},"query-input":{"@type":"PropertyValueSpecification","valueRequired":true,"valueName":"search_term_string"}}],"inLanguage":"en-GB"},{"@type":"Organization","@id":"https:\/\/nid.pl\/#organization","name":"Narodowy Instytut Dziedzictwa","url":"https:\/\/nid.pl\/","logo":{"@type":"ImageObject","inLanguage":"en-GB","@id":"https:\/\/nid.pl\/#\/schema\/logo\/image\/","url":"https:\/\/nid.pl\/wp-content\/uploads\/2022\/10\/logoRedDark.png","contentUrl":"https:\/\/nid.pl\/wp-content\/uploads\/2022\/10\/logoRedDark.png","width":200,"height":197,"caption":"Narodowy Instytut Dziedzictwa"},"image":{"@id":"https:\/\/nid.pl\/#\/schema\/logo\/image\/"},"sameAs":["https:\/\/www.facebook.com\/zabytek","https:\/\/x.com\/NarIDpl","https:\/\/www.instagram.com\/nid.pl\/?hl=pl","https:\/\/www.linkedin.com\/company\/narodowy-instytut-dziedzictwa","https:\/\/www.youtube.com\/channel\/UCQXuhKa2uHtmNvLRUSx40JA"]},{"@type":"Person","@id":"https:\/\/nid.pl\/#\/schema\/person\/1b690a8998a5111cfb9f0ffe24195a15","name":"Barbara Halliop","image":{"@type":"ImageObject","inLanguage":"en-GB","@id":"https:\/\/nid.pl\/#\/schema\/person\/image\/","url":"https:\/\/nid.pl\/wp-content\/litespeed\/avatar\/924046d17dd0c842c9fa9ccf489bc6dc.jpg?ver=1777444967","contentUrl":"https:\/\/nid.pl\/wp-content\/litespeed\/avatar\/924046d17dd0c842c9fa9ccf489bc6dc.jpg?ver=1777444967","caption":"Barbara Halliop"},"url":"https:\/\/nid.pl\/en\/author\/bhalliop\/"}]}},"_links":{"self":[{"href":"https:\/\/nid.pl\/en\/wp-json\/wp\/v2\/posts\/9420","targetHints":{"allow":["GET"]}}],"collection":[{"href":"https:\/\/nid.pl\/en\/wp-json\/wp\/v2\/posts"}],"about":[{"href":"https:\/\/nid.pl\/en\/wp-json\/wp\/v2\/types\/post"}],"author":[{"embeddable":true,"href":"https:\/\/nid.pl\/en\/wp-json\/wp\/v2\/users\/7"}],"replies":[{"embeddable":true,"href":"https:\/\/nid.pl\/en\/wp-json\/wp\/v2\/comments?post=9420"}],"version-history":[{"count":0,"href":"https:\/\/nid.pl\/en\/wp-json\/wp\/v2\/posts\/9420\/revisions"}],"wp:featuredmedia":[{"embeddable":true,"href":"https:\/\/nid.pl\/en\/wp-json\/wp\/v2\/media\/9419"}],"wp:attachment":[{"href":"https:\/\/nid.pl\/en\/wp-json\/wp\/v2\/media?parent=9420"}],"wp:term":[{"taxonomy":"category","embeddable":true,"href":"https:\/\/nid.pl\/en\/wp-json\/wp\/v2\/categories?post=9420"},{"taxonomy":"post_tag","embeddable":true,"href":"https:\/\/nid.pl\/en\/wp-json\/wp\/v2\/tags?post=9420"}],"curies":[{"name":"wp","href":"https:\/\/api.w.org\/{rel}","templated":true}]}}