{"id":9418,"date":"2022-12-20T14:19:46","date_gmt":"2022-12-20T13:19:46","guid":{"rendered":"https:\/\/nid.pl\/?p=9418"},"modified":"2023-08-24T14:06:00","modified_gmt":"2023-08-24T12:06:00","slug":"europejskie-dni-dziedzictwa-w-muzeum-zamkowym-w-malborku","status":"publish","type":"post","link":"https:\/\/nid.pl\/en\/2022\/12\/20\/europejskie-dni-dziedzictwa-w-muzeum-zamkowym-w-malborku\/","title":{"rendered":"Europejskie Dni Dziedzictwa w Muzeum Zamkowym w Malborku"},"content":{"rendered":"<p><strong>Europejskie Dni Dziedzictwa to najwi\u0119kszy w Europie projekt spo\u0142eczno-edukacyjny, kt\u00f3rego celem jest promocja dziedzictwa kulturowego. W gronie koordynator\u00f3w i organizator\u00f3w wydarzenia od lat jest r\u00f3wnie\u017c Muzeum Zamkowe w Malborku, kt\u00f3rego dyrektor, dr hab. Janusz Trupinda odebra\u0142 w poniedzia\u0142ek, w siedzibie NID, wyr\u00f3\u017cnienie dla szczeg\u00f3lnie zaanga\u017cowanych organizator\u00f3w.<\/strong><\/p>\n\n\n\n<p>Idea Europejskich Dni Dziedzictwa zosta\u0142a zapocz\u0105tkowana we Francji, jako Dni Otwartych Zabytk\u00f3w blisko 40 lat temu, podczas kt\u00f3rych po raz pierwszy wszyscy mogli bezp\u0142atnie zwiedza\u0107 zabytkowe obiekty niedost\u0119pne na co dzie\u0144. W Polsce wydarzenie odby\u0142o si\u0119 ju\u017c po raz 30. Co roku w ca\u0142ym kraju, podczas dw\u00f3ch wrze\u015bniowych weekend\u00f3w udost\u0119pniane s\u0105 bezp\u0142atnie do zwiedzania liczne zabytki i inne dobra kultury, a tak\u017ce organizowane s\u0105 wyk\u0142ady, wystawy i inne imprezy towarzysz\u0105ce.<\/p>\n\n\n\n<p>Muzeum Zamkowe w Malborku podczas tegorocznej edycji EDD zorganizowa\u0142o wiele ciekawych spotka\u0144, w tym m.in. spacer historyczny, warsztaty fotograficzne z architektury czy warsztaty rysunku architektonicznego. Du\u017cym zainteresowaniem odbiorc\u00f3w cieszy\u0142y si\u0119 r\u00f3wnie\u017c warsztaty i wyk\u0142ady zorganizowane przez oddzia\u0142y terenowe malborskiego muzeum \u2013 Zamek w Sztumie i Zamek w Kwidzyniu. Nie mniej interesuj\u0105ce wydarzenia w ramach jubileuszowych Europejskich Dni Dziedzictwa, mia\u0142y miejsce w ca\u0142ym wojew\u00f3dztwie pomorskim. Wzi\u0119\u0142o w nich udzia\u0142 blisko 17 tys. os\u00f3b.<\/p>\n\n\n\n<p>Spotkanie by\u0142o okazj\u0105 nie tylko do podsumowania dotychczasowych dzia\u0142a\u0144 zwi\u0105zanych z Europejskimi Dniami Dziedzictwa w wojew\u00f3dztwie pomorskim, ale r\u00f3wnie\u017c om\u00f3wienia plan\u00f3w na przysz\u0142y rok.<\/p>","protected":false},"excerpt":{"rendered":"<p>Europejskie Dni Dziedzictwa to najwi\u0119kszy w Europie projekt spo\u0142eczno-edukacyjny, kt\u00f3rego celem jest promocja dziedzictwa kulturowego. W gronie koordynator\u00f3w i organizator\u00f3w wydarzenia od lat jest r\u00f3wnie\u017c Muzeum Zamkowe w Malborku, kt\u00f3rego [&hellip;]<\/p>","protected":false},"author":7,"featured_media":9417,"comment_status":"open","ping_status":"open","sticky":false,"template":"","format":"standard","meta":{"_et_pb_use_builder":"","_et_pb_old_content":"","_et_gb_content_width":"","_monsterinsights_skip_tracking":false,"_monsterinsights_sitenote_active":false,"_monsterinsights_sitenote_note":"","_monsterinsights_sitenote_category":0,"footnotes":""},"categories":[3,89],"tags":[],"class_list":["post-9418","post","type-post","status-publish","format-standard","has-post-thumbnail","hentry","category-aktualnosci","category-europejskie-dni-dziedzictwa"],"yoast_head":"<!-- This site is optimized with the Yoast SEO plugin v26.5 - https:\/\/yoast.com\/wordpress\/plugins\/seo\/ -->\n<title>Europejskie Dni Dziedzictwa w Muzeum Zamkowym w Malborku - NID<\/title>\n<meta name=\"robots\" content=\"index, follow, max-snippet:-1, max-image-preview:large, max-video-preview:-1\" \/>\n<link rel=\"canonical\" href=\"https:\/\/nid.pl\/en\/2022\/12\/20\/europejskie-dni-dziedzictwa-w-muzeum-zamkowym-w-malborku\/\" \/>\n<meta property=\"og:locale\" content=\"en_GB\" \/>\n<meta property=\"og:type\" content=\"article\" \/>\n<meta property=\"og:title\" content=\"Europejskie Dni Dziedzictwa w Muzeum Zamkowym w Malborku - NID\" \/>\n<meta property=\"og:description\" content=\"Europejskie Dni Dziedzictwa to najwi\u0119kszy w Europie projekt spo\u0142eczno-edukacyjny, kt\u00f3rego celem jest promocja dziedzictwa kulturowego. W gronie koordynator\u00f3w i organizator\u00f3w wydarzenia od lat jest r\u00f3wnie\u017c Muzeum Zamkowe w Malborku, kt\u00f3rego [&hellip;]\" \/>\n<meta property=\"og:url\" content=\"https:\/\/nid.pl\/en\/2022\/12\/20\/europejskie-dni-dziedzictwa-w-muzeum-zamkowym-w-malborku\/\" \/>\n<meta property=\"og:site_name\" content=\"NID\" \/>\n<meta property=\"article:publisher\" content=\"https:\/\/www.facebook.com\/zabytek\" \/>\n<meta property=\"article:published_time\" content=\"2022-12-20T13:19:46+00:00\" \/>\n<meta property=\"article:modified_time\" content=\"2023-08-24T12:06:00+00:00\" \/>\n<meta property=\"og:image\" content=\"https:\/\/nid.pl\/wp-content\/uploads\/2022\/12\/edd-malbork_aktual-scaled.jpg\" \/>\n\t<meta property=\"og:image:width\" content=\"2560\" \/>\n\t<meta property=\"og:image:height\" content=\"1715\" \/>\n\t<meta property=\"og:image:type\" content=\"image\/jpeg\" \/>\n<meta name=\"author\" content=\"Barbara Halliop\" \/>\n<meta name=\"twitter:card\" content=\"summary_large_image\" \/>\n<meta name=\"twitter:creator\" content=\"@NarIDpl\" \/>\n<meta name=\"twitter:site\" content=\"@NarIDpl\" \/>\n<meta name=\"twitter:label1\" content=\"Written by\" \/>\n\t<meta name=\"twitter:data1\" content=\"Barbara Halliop\" \/>\n\t<meta name=\"twitter:label2\" content=\"Estimated reading time\" \/>\n\t<meta name=\"twitter:data2\" content=\"1 minute\" \/>\n<script type=\"application\/ld+json\" class=\"yoast-schema-graph\">{\"@context\":\"https:\/\/schema.org\",\"@graph\":[{\"@type\":\"Article\",\"@id\":\"https:\/\/nid.pl\/2022\/12\/20\/europejskie-dni-dziedzictwa-w-muzeum-zamkowym-w-malborku\/#article\",\"isPartOf\":{\"@id\":\"https:\/\/nid.pl\/2022\/12\/20\/europejskie-dni-dziedzictwa-w-muzeum-zamkowym-w-malborku\/\"},\"author\":{\"name\":\"Barbara Halliop\",\"@id\":\"https:\/\/nid.pl\/#\/schema\/person\/1b690a8998a5111cfb9f0ffe24195a15\"},\"headline\":\"Europejskie Dni Dziedzictwa w Muzeum Zamkowym w Malborku\",\"datePublished\":\"2022-12-20T13:19:46+00:00\",\"dateModified\":\"2023-08-24T12:06:00+00:00\",\"mainEntityOfPage\":{\"@id\":\"https:\/\/nid.pl\/2022\/12\/20\/europejskie-dni-dziedzictwa-w-muzeum-zamkowym-w-malborku\/\"},\"wordCount\":266,\"commentCount\":0,\"publisher\":{\"@id\":\"https:\/\/nid.pl\/#organization\"},\"image\":{\"@id\":\"https:\/\/nid.pl\/2022\/12\/20\/europejskie-dni-dziedzictwa-w-muzeum-zamkowym-w-malborku\/#primaryimage\"},\"thumbnailUrl\":\"https:\/\/nid.pl\/wp-content\/uploads\/2022\/12\/edd-malbork_aktual-scaled.jpg\",\"articleSection\":[\"Aktualno\u015bci\",\"EDD\"],\"inLanguage\":\"en-GB\"},{\"@type\":\"WebPage\",\"@id\":\"https:\/\/nid.pl\/2022\/12\/20\/europejskie-dni-dziedzictwa-w-muzeum-zamkowym-w-malborku\/\",\"url\":\"https:\/\/nid.pl\/2022\/12\/20\/europejskie-dni-dziedzictwa-w-muzeum-zamkowym-w-malborku\/\",\"name\":\"Europejskie Dni Dziedzictwa w Muzeum Zamkowym w Malborku - NID\",\"isPartOf\":{\"@id\":\"https:\/\/nid.pl\/#website\"},\"primaryImageOfPage\":{\"@id\":\"https:\/\/nid.pl\/2022\/12\/20\/europejskie-dni-dziedzictwa-w-muzeum-zamkowym-w-malborku\/#primaryimage\"},\"image\":{\"@id\":\"https:\/\/nid.pl\/2022\/12\/20\/europejskie-dni-dziedzictwa-w-muzeum-zamkowym-w-malborku\/#primaryimage\"},\"thumbnailUrl\":\"https:\/\/nid.pl\/wp-content\/uploads\/2022\/12\/edd-malbork_aktual-scaled.jpg\",\"datePublished\":\"2022-12-20T13:19:46+00:00\",\"dateModified\":\"2023-08-24T12:06:00+00:00\",\"breadcrumb\":{\"@id\":\"https:\/\/nid.pl\/2022\/12\/20\/europejskie-dni-dziedzictwa-w-muzeum-zamkowym-w-malborku\/#breadcrumb\"},\"inLanguage\":\"en-GB\",\"potentialAction\":[{\"@type\":\"ReadAction\",\"target\":[\"https:\/\/nid.pl\/2022\/12\/20\/europejskie-dni-dziedzictwa-w-muzeum-zamkowym-w-malborku\/\"]}]},{\"@type\":\"ImageObject\",\"inLanguage\":\"en-GB\",\"@id\":\"https:\/\/nid.pl\/2022\/12\/20\/europejskie-dni-dziedzictwa-w-muzeum-zamkowym-w-malborku\/#primaryimage\",\"url\":\"https:\/\/nid.pl\/wp-content\/uploads\/2022\/12\/edd-malbork_aktual-scaled.jpg\",\"contentUrl\":\"https:\/\/nid.pl\/wp-content\/uploads\/2022\/12\/edd-malbork_aktual-scaled.jpg\",\"width\":2560,\"height\":1715,\"caption\":\"edd malbork aktual scaled\"},{\"@type\":\"BreadcrumbList\",\"@id\":\"https:\/\/nid.pl\/2022\/12\/20\/europejskie-dni-dziedzictwa-w-muzeum-zamkowym-w-malborku\/#breadcrumb\",\"itemListElement\":[{\"@type\":\"ListItem\",\"position\":1,\"name\":\"Home\",\"item\":\"https:\/\/nid.pl\/\"},{\"@type\":\"ListItem\",\"position\":2,\"name\":\"Europejskie Dni Dziedzictwa w Muzeum Zamkowym w Malborku\"}]},{\"@type\":\"WebSite\",\"@id\":\"https:\/\/nid.pl\/#website\",\"url\":\"https:\/\/nid.pl\/\",\"name\":\"NID\",\"description\":\"Narodowy Instytut Dziedzictwa\",\"publisher\":{\"@id\":\"https:\/\/nid.pl\/#organization\"},\"potentialAction\":[{\"@type\":\"SearchAction\",\"target\":{\"@type\":\"EntryPoint\",\"urlTemplate\":\"https:\/\/nid.pl\/?s={search_term_string}\"},\"query-input\":{\"@type\":\"PropertyValueSpecification\",\"valueRequired\":true,\"valueName\":\"search_term_string\"}}],\"inLanguage\":\"en-GB\"},{\"@type\":\"Organization\",\"@id\":\"https:\/\/nid.pl\/#organization\",\"name\":\"Narodowy Instytut Dziedzictwa\",\"url\":\"https:\/\/nid.pl\/\",\"logo\":{\"@type\":\"ImageObject\",\"inLanguage\":\"en-GB\",\"@id\":\"https:\/\/nid.pl\/#\/schema\/logo\/image\/\",\"url\":\"https:\/\/nid.pl\/wp-content\/uploads\/2022\/10\/logoRedDark.png\",\"contentUrl\":\"https:\/\/nid.pl\/wp-content\/uploads\/2022\/10\/logoRedDark.png\",\"width\":200,\"height\":197,\"caption\":\"Narodowy Instytut Dziedzictwa\"},\"image\":{\"@id\":\"https:\/\/nid.pl\/#\/schema\/logo\/image\/\"},\"sameAs\":[\"https:\/\/www.facebook.com\/zabytek\",\"https:\/\/x.com\/NarIDpl\",\"https:\/\/www.instagram.com\/nid.pl\/?hl=pl\",\"https:\/\/www.linkedin.com\/company\/narodowy-instytut-dziedzictwa\",\"https:\/\/www.youtube.com\/channel\/UCQXuhKa2uHtmNvLRUSx40JA\"]},{\"@type\":\"Person\",\"@id\":\"https:\/\/nid.pl\/#\/schema\/person\/1b690a8998a5111cfb9f0ffe24195a15\",\"name\":\"Barbara Halliop\",\"image\":{\"@type\":\"ImageObject\",\"inLanguage\":\"en-GB\",\"@id\":\"https:\/\/nid.pl\/#\/schema\/person\/image\/\",\"url\":\"https:\/\/nid.pl\/wp-content\/litespeed\/avatar\/924046d17dd0c842c9fa9ccf489bc6dc.jpg?ver=1777444967\",\"contentUrl\":\"https:\/\/nid.pl\/wp-content\/litespeed\/avatar\/924046d17dd0c842c9fa9ccf489bc6dc.jpg?ver=1777444967\",\"caption\":\"Barbara Halliop\"},\"url\":\"https:\/\/nid.pl\/en\/author\/bhalliop\/\"}]}<\/script>\n<!-- \/ Yoast SEO plugin. -->","yoast_head_json":{"title":"Europejskie Dni Dziedzictwa w Muzeum Zamkowym w Malborku - NID","robots":{"index":"index","follow":"follow","max-snippet":"max-snippet:-1","max-image-preview":"max-image-preview:large","max-video-preview":"max-video-preview:-1"},"canonical":"https:\/\/nid.pl\/en\/2022\/12\/20\/europejskie-dni-dziedzictwa-w-muzeum-zamkowym-w-malborku\/","og_locale":"en_GB","og_type":"article","og_title":"Europejskie Dni Dziedzictwa w Muzeum Zamkowym w Malborku - NID","og_description":"Europejskie Dni Dziedzictwa to najwi\u0119kszy w Europie projekt spo\u0142eczno-edukacyjny, kt\u00f3rego celem jest promocja dziedzictwa kulturowego. W gronie koordynator\u00f3w i organizator\u00f3w wydarzenia od lat jest r\u00f3wnie\u017c Muzeum Zamkowe w Malborku, kt\u00f3rego [&hellip;]","og_url":"https:\/\/nid.pl\/en\/2022\/12\/20\/europejskie-dni-dziedzictwa-w-muzeum-zamkowym-w-malborku\/","og_site_name":"NID","article_publisher":"https:\/\/www.facebook.com\/zabytek","article_published_time":"2022-12-20T13:19:46+00:00","article_modified_time":"2023-08-24T12:06:00+00:00","og_image":[{"width":2560,"height":1715,"url":"https:\/\/nid.pl\/wp-content\/uploads\/2022\/12\/edd-malbork_aktual-scaled.jpg","type":"image\/jpeg"}],"author":"Barbara Halliop","twitter_card":"summary_large_image","twitter_creator":"@NarIDpl","twitter_site":"@NarIDpl","twitter_misc":{"Written by":"Barbara Halliop","Estimated reading time":"1 minute"},"schema":{"@context":"https:\/\/schema.org","@graph":[{"@type":"Article","@id":"https:\/\/nid.pl\/2022\/12\/20\/europejskie-dni-dziedzictwa-w-muzeum-zamkowym-w-malborku\/#article","isPartOf":{"@id":"https:\/\/nid.pl\/2022\/12\/20\/europejskie-dni-dziedzictwa-w-muzeum-zamkowym-w-malborku\/"},"author":{"name":"Barbara Halliop","@id":"https:\/\/nid.pl\/#\/schema\/person\/1b690a8998a5111cfb9f0ffe24195a15"},"headline":"Europejskie Dni Dziedzictwa w Muzeum Zamkowym w Malborku","datePublished":"2022-12-20T13:19:46+00:00","dateModified":"2023-08-24T12:06:00+00:00","mainEntityOfPage":{"@id":"https:\/\/nid.pl\/2022\/12\/20\/europejskie-dni-dziedzictwa-w-muzeum-zamkowym-w-malborku\/"},"wordCount":266,"commentCount":0,"publisher":{"@id":"https:\/\/nid.pl\/#organization"},"image":{"@id":"https:\/\/nid.pl\/2022\/12\/20\/europejskie-dni-dziedzictwa-w-muzeum-zamkowym-w-malborku\/#primaryimage"},"thumbnailUrl":"https:\/\/nid.pl\/wp-content\/uploads\/2022\/12\/edd-malbork_aktual-scaled.jpg","articleSection":["Aktualno\u015bci","EDD"],"inLanguage":"en-GB"},{"@type":"WebPage","@id":"https:\/\/nid.pl\/2022\/12\/20\/europejskie-dni-dziedzictwa-w-muzeum-zamkowym-w-malborku\/","url":"https:\/\/nid.pl\/2022\/12\/20\/europejskie-dni-dziedzictwa-w-muzeum-zamkowym-w-malborku\/","name":"Europejskie Dni Dziedzictwa w Muzeum Zamkowym w Malborku - NID","isPartOf":{"@id":"https:\/\/nid.pl\/#website"},"primaryImageOfPage":{"@id":"https:\/\/nid.pl\/2022\/12\/20\/europejskie-dni-dziedzictwa-w-muzeum-zamkowym-w-malborku\/#primaryimage"},"image":{"@id":"https:\/\/nid.pl\/2022\/12\/20\/europejskie-dni-dziedzictwa-w-muzeum-zamkowym-w-malborku\/#primaryimage"},"thumbnailUrl":"https:\/\/nid.pl\/wp-content\/uploads\/2022\/12\/edd-malbork_aktual-scaled.jpg","datePublished":"2022-12-20T13:19:46+00:00","dateModified":"2023-08-24T12:06:00+00:00","breadcrumb":{"@id":"https:\/\/nid.pl\/2022\/12\/20\/europejskie-dni-dziedzictwa-w-muzeum-zamkowym-w-malborku\/#breadcrumb"},"inLanguage":"en-GB","potentialAction":[{"@type":"ReadAction","target":["https:\/\/nid.pl\/2022\/12\/20\/europejskie-dni-dziedzictwa-w-muzeum-zamkowym-w-malborku\/"]}]},{"@type":"ImageObject","inLanguage":"en-GB","@id":"https:\/\/nid.pl\/2022\/12\/20\/europejskie-dni-dziedzictwa-w-muzeum-zamkowym-w-malborku\/#primaryimage","url":"https:\/\/nid.pl\/wp-content\/uploads\/2022\/12\/edd-malbork_aktual-scaled.jpg","contentUrl":"https:\/\/nid.pl\/wp-content\/uploads\/2022\/12\/edd-malbork_aktual-scaled.jpg","width":2560,"height":1715,"caption":"edd malbork aktual scaled"},{"@type":"BreadcrumbList","@id":"https:\/\/nid.pl\/2022\/12\/20\/europejskie-dni-dziedzictwa-w-muzeum-zamkowym-w-malborku\/#breadcrumb","itemListElement":[{"@type":"ListItem","position":1,"name":"Home","item":"https:\/\/nid.pl\/"},{"@type":"ListItem","position":2,"name":"Europejskie Dni Dziedzictwa w Muzeum Zamkowym w Malborku"}]},{"@type":"WebSite","@id":"https:\/\/nid.pl\/#website","url":"https:\/\/nid.pl\/","name":"NID","description":"Narodowy Instytut Dziedzictwa","publisher":{"@id":"https:\/\/nid.pl\/#organization"},"potentialAction":[{"@type":"SearchAction","target":{"@type":"EntryPoint","urlTemplate":"https:\/\/nid.pl\/?s={search_term_string}"},"query-input":{"@type":"PropertyValueSpecification","valueRequired":true,"valueName":"search_term_string"}}],"inLanguage":"en-GB"},{"@type":"Organization","@id":"https:\/\/nid.pl\/#organization","name":"Narodowy Instytut Dziedzictwa","url":"https:\/\/nid.pl\/","logo":{"@type":"ImageObject","inLanguage":"en-GB","@id":"https:\/\/nid.pl\/#\/schema\/logo\/image\/","url":"https:\/\/nid.pl\/wp-content\/uploads\/2022\/10\/logoRedDark.png","contentUrl":"https:\/\/nid.pl\/wp-content\/uploads\/2022\/10\/logoRedDark.png","width":200,"height":197,"caption":"Narodowy Instytut Dziedzictwa"},"image":{"@id":"https:\/\/nid.pl\/#\/schema\/logo\/image\/"},"sameAs":["https:\/\/www.facebook.com\/zabytek","https:\/\/x.com\/NarIDpl","https:\/\/www.instagram.com\/nid.pl\/?hl=pl","https:\/\/www.linkedin.com\/company\/narodowy-instytut-dziedzictwa","https:\/\/www.youtube.com\/channel\/UCQXuhKa2uHtmNvLRUSx40JA"]},{"@type":"Person","@id":"https:\/\/nid.pl\/#\/schema\/person\/1b690a8998a5111cfb9f0ffe24195a15","name":"Barbara Halliop","image":{"@type":"ImageObject","inLanguage":"en-GB","@id":"https:\/\/nid.pl\/#\/schema\/person\/image\/","url":"https:\/\/nid.pl\/wp-content\/litespeed\/avatar\/924046d17dd0c842c9fa9ccf489bc6dc.jpg?ver=1777444967","contentUrl":"https:\/\/nid.pl\/wp-content\/litespeed\/avatar\/924046d17dd0c842c9fa9ccf489bc6dc.jpg?ver=1777444967","caption":"Barbara Halliop"},"url":"https:\/\/nid.pl\/en\/author\/bhalliop\/"}]}},"_links":{"self":[{"href":"https:\/\/nid.pl\/en\/wp-json\/wp\/v2\/posts\/9418","targetHints":{"allow":["GET"]}}],"collection":[{"href":"https:\/\/nid.pl\/en\/wp-json\/wp\/v2\/posts"}],"about":[{"href":"https:\/\/nid.pl\/en\/wp-json\/wp\/v2\/types\/post"}],"author":[{"embeddable":true,"href":"https:\/\/nid.pl\/en\/wp-json\/wp\/v2\/users\/7"}],"replies":[{"embeddable":true,"href":"https:\/\/nid.pl\/en\/wp-json\/wp\/v2\/comments?post=9418"}],"version-history":[{"count":0,"href":"https:\/\/nid.pl\/en\/wp-json\/wp\/v2\/posts\/9418\/revisions"}],"wp:featuredmedia":[{"embeddable":true,"href":"https:\/\/nid.pl\/en\/wp-json\/wp\/v2\/media\/9417"}],"wp:attachment":[{"href":"https:\/\/nid.pl\/en\/wp-json\/wp\/v2\/media?parent=9418"}],"wp:term":[{"taxonomy":"category","embeddable":true,"href":"https:\/\/nid.pl\/en\/wp-json\/wp\/v2\/categories?post=9418"},{"taxonomy":"post_tag","embeddable":true,"href":"https:\/\/nid.pl\/en\/wp-json\/wp\/v2\/tags?post=9418"}],"curies":[{"name":"wp","href":"https:\/\/api.w.org\/{rel}","templated":true}]}}