{"id":9411,"date":"2022-12-16T15:03:17","date_gmt":"2022-12-16T14:03:17","guid":{"rendered":"https:\/\/nid.pl\/?p=9411"},"modified":"2022-12-16T15:04:29","modified_gmt":"2022-12-16T14:04:29","slug":"o-odbudowie-ukrainskich-miast-dyskutowano-w-instytucie-goethego-w-paryzu","status":"publish","type":"post","link":"https:\/\/nid.pl\/en\/2022\/12\/16\/o-odbudowie-ukrainskich-miast-dyskutowano-w-instytucie-goethego-w-paryzu\/","title":{"rendered":"O odbudowie ukrai\u0144skich miast dyskutowano w Instytucie Goethego w Pary\u017cu"},"content":{"rendered":"<p><strong>Otwarte dla publiczno\u015bci spotkanie \u201eOdbudowa Ukrainy: nadzieja, perspektywy i wyzwania\u201d (Reconstruire l&#8217;Ukraine: espoir, perspectives et d\u00e9fis) zgromadzi\u0142o w Pary\u017cu przedstawicieli spo\u0142ecze\u0144stwa obywatelskiego, urbanist\u00f3w, architekt\u00f3w i ekspert\u00f3w z r\u00f3\u017cnych kraj\u00f3w. Dzia\u0142ania Centrum Pomocy dla Kultury na Ukrainie i polsk\u0105 pomoc dla Ukrainy przedstawi\u0142a zebranym Aleksandra Brodowska z Narodowego Instytutu Dziedzictwa.<\/strong><\/p>\n\n\n\n<p><\/p>\n\n\n\n<div class=\"wp-block-image\"><figure class=\"aligncenter size-full\"><img loading=\"lazy\" decoding=\"async\" width=\"593\" height=\"395\" src=\"https:\/\/nid.pl\/wp-content\/uploads\/2022\/12\/Ukraina_02.jpg\" alt=\"\" class=\"wp-image-9410\" srcset=\"https:\/\/nid.pl\/wp-content\/uploads\/2022\/12\/Ukraina_02.jpg 593w, https:\/\/nid.pl\/wp-content\/uploads\/2022\/12\/Ukraina_02-480x320.jpg 480w\" sizes=\"(min-width: 0px) and (max-width: 480px) 480px, (min-width: 481px) 593px, 100vw\" \/><\/figure><\/div>\n\n\n\n<p><\/p>\n\n\n\n<p>Po dziewi\u0119ciu miesi\u0105cach wojny \u017cycie w ukrai\u0144skich miastach diametralnie zmieni\u0142o si\u0119. W obliczu atak\u00f3w na podstawow\u0105 infrastruktur\u0119, w wyniku kt\u00f3rych, w trudnym czasie zimy ca\u0142e miasta pozbawione s\u0105 wody, pr\u0105du i ciep\u0142a. Ludzie ucz\u0105 si\u0119 \u017cy\u0107 z t\u0105 now\u0105 rzeczywisto\u015bci\u0105. Wiele miast zosta\u0142o ca\u0142kowicie zniszczonych.<\/p>\n\n\n\n<p>10 grudnia podczas spotkania w Goethe-Institut Paris plani\u015bci, architekci, przedstawiciele organizacji pozarz\u0105dowych, eksperci z r\u00f3\u017cnych kraj\u00f3w rozmawiali o odbudowie ukrai\u0144skich miast i nowej powojennej urbanistyce.\u00a0<\/p>\n\n\n\n<p>Dzi\u0119kujemy za mo\u017cliwo\u015b\u0107 uczestnictwa, wymiany wiedzy oraz do\u015bwiadcze\u0144. Jeste\u015bmy zbudowani postaw\u0105 i zaanga\u017cowaniem podmiot\u00f3w oraz lokalnych spo\u0142eczno\u015bci.<\/p>","protected":false},"excerpt":{"rendered":"<p>Otwarte dla publiczno\u015bci spotkanie \u201eOdbudowa Ukrainy: nadzieja, perspektywy i wyzwania\u201d (Reconstruire l&#8217;Ukraine: espoir, perspectives et d\u00e9fis) zgromadzi\u0142o w Pary\u017cu przedstawicieli spo\u0142ecze\u0144stwa obywatelskiego, urbanist\u00f3w, architekt\u00f3w i ekspert\u00f3w z r\u00f3\u017cnych kraj\u00f3w. Dzia\u0142ania [&hellip;]<\/p>","protected":false},"author":7,"featured_media":9409,"comment_status":"open","ping_status":"open","sticky":false,"template":"","format":"standard","meta":{"_et_pb_use_builder":"off","_et_pb_old_content":"","_et_gb_content_width":"","_monsterinsights_skip_tracking":false,"_monsterinsights_sitenote_active":false,"_monsterinsights_sitenote_note":"","_monsterinsights_sitenote_category":0,"footnotes":""},"categories":[3],"tags":[],"class_list":["post-9411","post","type-post","status-publish","format-standard","has-post-thumbnail","hentry","category-aktualnosci"],"yoast_head":"<!-- This site is optimized with the Yoast SEO plugin v26.5 - https:\/\/yoast.com\/wordpress\/plugins\/seo\/ -->\n<title>O odbudowie ukrai\u0144skich miast dyskutowano w Instytucie Goethego w Pary\u017cu - NID<\/title>\n<meta name=\"robots\" content=\"index, follow, max-snippet:-1, max-image-preview:large, max-video-preview:-1\" \/>\n<link rel=\"canonical\" href=\"https:\/\/nid.pl\/en\/2022\/12\/16\/o-odbudowie-ukrainskich-miast-dyskutowano-w-instytucie-goethego-w-paryzu\/\" \/>\n<meta property=\"og:locale\" content=\"en_GB\" \/>\n<meta property=\"og:type\" content=\"article\" \/>\n<meta property=\"og:title\" content=\"O odbudowie ukrai\u0144skich miast dyskutowano w Instytucie Goethego w Pary\u017cu - NID\" \/>\n<meta property=\"og:description\" content=\"Otwarte dla publiczno\u015bci spotkanie \u201eOdbudowa Ukrainy: nadzieja, perspektywy i wyzwania\u201d (Reconstruire l&#8217;Ukraine: espoir, perspectives et d\u00e9fis) zgromadzi\u0142o w Pary\u017cu przedstawicieli spo\u0142ecze\u0144stwa obywatelskiego, urbanist\u00f3w, architekt\u00f3w i ekspert\u00f3w z r\u00f3\u017cnych kraj\u00f3w. Dzia\u0142ania [&hellip;]\" \/>\n<meta property=\"og:url\" content=\"https:\/\/nid.pl\/en\/2022\/12\/16\/o-odbudowie-ukrainskich-miast-dyskutowano-w-instytucie-goethego-w-paryzu\/\" \/>\n<meta property=\"og:site_name\" content=\"NID\" \/>\n<meta property=\"article:publisher\" content=\"https:\/\/www.facebook.com\/zabytek\" \/>\n<meta property=\"article:published_time\" content=\"2022-12-16T14:03:17+00:00\" \/>\n<meta property=\"article:modified_time\" content=\"2022-12-16T14:04:29+00:00\" \/>\n<meta property=\"og:image\" content=\"https:\/\/nid.pl\/wp-content\/uploads\/2022\/12\/Ukraina_01.jpg\" \/>\n\t<meta property=\"og:image:width\" content=\"587\" \/>\n\t<meta property=\"og:image:height\" content=\"395\" \/>\n\t<meta property=\"og:image:type\" content=\"image\/jpeg\" \/>\n<meta name=\"author\" content=\"Barbara Halliop\" \/>\n<meta name=\"twitter:card\" content=\"summary_large_image\" \/>\n<meta name=\"twitter:creator\" content=\"@NarIDpl\" \/>\n<meta name=\"twitter:site\" content=\"@NarIDpl\" \/>\n<meta name=\"twitter:label1\" content=\"Written by\" \/>\n\t<meta name=\"twitter:data1\" content=\"Barbara Halliop\" \/>\n\t<meta name=\"twitter:label2\" content=\"Estimated reading time\" \/>\n\t<meta name=\"twitter:data2\" content=\"1 minute\" \/>\n<script type=\"application\/ld+json\" class=\"yoast-schema-graph\">{\"@context\":\"https:\/\/schema.org\",\"@graph\":[{\"@type\":\"Article\",\"@id\":\"https:\/\/nid.pl\/2022\/12\/16\/o-odbudowie-ukrainskich-miast-dyskutowano-w-instytucie-goethego-w-paryzu\/#article\",\"isPartOf\":{\"@id\":\"https:\/\/nid.pl\/2022\/12\/16\/o-odbudowie-ukrainskich-miast-dyskutowano-w-instytucie-goethego-w-paryzu\/\"},\"author\":{\"name\":\"Barbara Halliop\",\"@id\":\"https:\/\/nid.pl\/#\/schema\/person\/1b690a8998a5111cfb9f0ffe24195a15\"},\"headline\":\"O odbudowie ukrai\u0144skich miast dyskutowano w Instytucie Goethego w Pary\u017cu\",\"datePublished\":\"2022-12-16T14:03:17+00:00\",\"dateModified\":\"2022-12-16T14:04:29+00:00\",\"mainEntityOfPage\":{\"@id\":\"https:\/\/nid.pl\/2022\/12\/16\/o-odbudowie-ukrainskich-miast-dyskutowano-w-instytucie-goethego-w-paryzu\/\"},\"wordCount\":185,\"commentCount\":0,\"publisher\":{\"@id\":\"https:\/\/nid.pl\/#organization\"},\"image\":{\"@id\":\"https:\/\/nid.pl\/2022\/12\/16\/o-odbudowie-ukrainskich-miast-dyskutowano-w-instytucie-goethego-w-paryzu\/#primaryimage\"},\"thumbnailUrl\":\"https:\/\/nid.pl\/wp-content\/uploads\/2022\/12\/Ukraina_01.jpg\",\"articleSection\":[\"Aktualno\u015bci\"],\"inLanguage\":\"en-GB\"},{\"@type\":\"WebPage\",\"@id\":\"https:\/\/nid.pl\/2022\/12\/16\/o-odbudowie-ukrainskich-miast-dyskutowano-w-instytucie-goethego-w-paryzu\/\",\"url\":\"https:\/\/nid.pl\/2022\/12\/16\/o-odbudowie-ukrainskich-miast-dyskutowano-w-instytucie-goethego-w-paryzu\/\",\"name\":\"O odbudowie ukrai\u0144skich miast dyskutowano w Instytucie Goethego w Pary\u017cu - NID\",\"isPartOf\":{\"@id\":\"https:\/\/nid.pl\/#website\"},\"primaryImageOfPage\":{\"@id\":\"https:\/\/nid.pl\/2022\/12\/16\/o-odbudowie-ukrainskich-miast-dyskutowano-w-instytucie-goethego-w-paryzu\/#primaryimage\"},\"image\":{\"@id\":\"https:\/\/nid.pl\/2022\/12\/16\/o-odbudowie-ukrainskich-miast-dyskutowano-w-instytucie-goethego-w-paryzu\/#primaryimage\"},\"thumbnailUrl\":\"https:\/\/nid.pl\/wp-content\/uploads\/2022\/12\/Ukraina_01.jpg\",\"datePublished\":\"2022-12-16T14:03:17+00:00\",\"dateModified\":\"2022-12-16T14:04:29+00:00\",\"breadcrumb\":{\"@id\":\"https:\/\/nid.pl\/2022\/12\/16\/o-odbudowie-ukrainskich-miast-dyskutowano-w-instytucie-goethego-w-paryzu\/#breadcrumb\"},\"inLanguage\":\"en-GB\",\"potentialAction\":[{\"@type\":\"ReadAction\",\"target\":[\"https:\/\/nid.pl\/2022\/12\/16\/o-odbudowie-ukrainskich-miast-dyskutowano-w-instytucie-goethego-w-paryzu\/\"]}]},{\"@type\":\"ImageObject\",\"inLanguage\":\"en-GB\",\"@id\":\"https:\/\/nid.pl\/2022\/12\/16\/o-odbudowie-ukrainskich-miast-dyskutowano-w-instytucie-goethego-w-paryzu\/#primaryimage\",\"url\":\"https:\/\/nid.pl\/wp-content\/uploads\/2022\/12\/Ukraina_01.jpg\",\"contentUrl\":\"https:\/\/nid.pl\/wp-content\/uploads\/2022\/12\/Ukraina_01.jpg\",\"width\":587,\"height\":395,\"caption\":\"Ukraina\"},{\"@type\":\"BreadcrumbList\",\"@id\":\"https:\/\/nid.pl\/2022\/12\/16\/o-odbudowie-ukrainskich-miast-dyskutowano-w-instytucie-goethego-w-paryzu\/#breadcrumb\",\"itemListElement\":[{\"@type\":\"ListItem\",\"position\":1,\"name\":\"Home\",\"item\":\"https:\/\/nid.pl\/\"},{\"@type\":\"ListItem\",\"position\":2,\"name\":\"O odbudowie ukrai\u0144skich miast dyskutowano w Instytucie Goethego w Pary\u017cu\"}]},{\"@type\":\"WebSite\",\"@id\":\"https:\/\/nid.pl\/#website\",\"url\":\"https:\/\/nid.pl\/\",\"name\":\"NID\",\"description\":\"Narodowy Instytut Dziedzictwa\",\"publisher\":{\"@id\":\"https:\/\/nid.pl\/#organization\"},\"potentialAction\":[{\"@type\":\"SearchAction\",\"target\":{\"@type\":\"EntryPoint\",\"urlTemplate\":\"https:\/\/nid.pl\/?s={search_term_string}\"},\"query-input\":{\"@type\":\"PropertyValueSpecification\",\"valueRequired\":true,\"valueName\":\"search_term_string\"}}],\"inLanguage\":\"en-GB\"},{\"@type\":\"Organization\",\"@id\":\"https:\/\/nid.pl\/#organization\",\"name\":\"Narodowy Instytut Dziedzictwa\",\"url\":\"https:\/\/nid.pl\/\",\"logo\":{\"@type\":\"ImageObject\",\"inLanguage\":\"en-GB\",\"@id\":\"https:\/\/nid.pl\/#\/schema\/logo\/image\/\",\"url\":\"https:\/\/nid.pl\/wp-content\/uploads\/2022\/10\/logoRedDark.png\",\"contentUrl\":\"https:\/\/nid.pl\/wp-content\/uploads\/2022\/10\/logoRedDark.png\",\"width\":200,\"height\":197,\"caption\":\"Narodowy Instytut Dziedzictwa\"},\"image\":{\"@id\":\"https:\/\/nid.pl\/#\/schema\/logo\/image\/\"},\"sameAs\":[\"https:\/\/www.facebook.com\/zabytek\",\"https:\/\/x.com\/NarIDpl\",\"https:\/\/www.instagram.com\/nid.pl\/?hl=pl\",\"https:\/\/www.linkedin.com\/company\/narodowy-instytut-dziedzictwa\",\"https:\/\/www.youtube.com\/channel\/UCQXuhKa2uHtmNvLRUSx40JA\"]},{\"@type\":\"Person\",\"@id\":\"https:\/\/nid.pl\/#\/schema\/person\/1b690a8998a5111cfb9f0ffe24195a15\",\"name\":\"Barbara Halliop\",\"image\":{\"@type\":\"ImageObject\",\"inLanguage\":\"en-GB\",\"@id\":\"https:\/\/nid.pl\/#\/schema\/person\/image\/\",\"url\":\"https:\/\/nid.pl\/wp-content\/litespeed\/avatar\/924046d17dd0c842c9fa9ccf489bc6dc.jpg?ver=1777444967\",\"contentUrl\":\"https:\/\/nid.pl\/wp-content\/litespeed\/avatar\/924046d17dd0c842c9fa9ccf489bc6dc.jpg?ver=1777444967\",\"caption\":\"Barbara Halliop\"},\"url\":\"https:\/\/nid.pl\/en\/author\/bhalliop\/\"}]}<\/script>\n<!-- \/ Yoast SEO plugin. -->","yoast_head_json":{"title":"O odbudowie ukrai\u0144skich miast dyskutowano w Instytucie Goethego w Pary\u017cu - NID","robots":{"index":"index","follow":"follow","max-snippet":"max-snippet:-1","max-image-preview":"max-image-preview:large","max-video-preview":"max-video-preview:-1"},"canonical":"https:\/\/nid.pl\/en\/2022\/12\/16\/o-odbudowie-ukrainskich-miast-dyskutowano-w-instytucie-goethego-w-paryzu\/","og_locale":"en_GB","og_type":"article","og_title":"O odbudowie ukrai\u0144skich miast dyskutowano w Instytucie Goethego w Pary\u017cu - NID","og_description":"Otwarte dla publiczno\u015bci spotkanie \u201eOdbudowa Ukrainy: nadzieja, perspektywy i wyzwania\u201d (Reconstruire l&#8217;Ukraine: espoir, perspectives et d\u00e9fis) zgromadzi\u0142o w Pary\u017cu przedstawicieli spo\u0142ecze\u0144stwa obywatelskiego, urbanist\u00f3w, architekt\u00f3w i ekspert\u00f3w z r\u00f3\u017cnych kraj\u00f3w. Dzia\u0142ania [&hellip;]","og_url":"https:\/\/nid.pl\/en\/2022\/12\/16\/o-odbudowie-ukrainskich-miast-dyskutowano-w-instytucie-goethego-w-paryzu\/","og_site_name":"NID","article_publisher":"https:\/\/www.facebook.com\/zabytek","article_published_time":"2022-12-16T14:03:17+00:00","article_modified_time":"2022-12-16T14:04:29+00:00","og_image":[{"width":587,"height":395,"url":"https:\/\/nid.pl\/wp-content\/uploads\/2022\/12\/Ukraina_01.jpg","type":"image\/jpeg"}],"author":"Barbara Halliop","twitter_card":"summary_large_image","twitter_creator":"@NarIDpl","twitter_site":"@NarIDpl","twitter_misc":{"Written by":"Barbara Halliop","Estimated reading time":"1 minute"},"schema":{"@context":"https:\/\/schema.org","@graph":[{"@type":"Article","@id":"https:\/\/nid.pl\/2022\/12\/16\/o-odbudowie-ukrainskich-miast-dyskutowano-w-instytucie-goethego-w-paryzu\/#article","isPartOf":{"@id":"https:\/\/nid.pl\/2022\/12\/16\/o-odbudowie-ukrainskich-miast-dyskutowano-w-instytucie-goethego-w-paryzu\/"},"author":{"name":"Barbara Halliop","@id":"https:\/\/nid.pl\/#\/schema\/person\/1b690a8998a5111cfb9f0ffe24195a15"},"headline":"O odbudowie ukrai\u0144skich miast dyskutowano w Instytucie Goethego w Pary\u017cu","datePublished":"2022-12-16T14:03:17+00:00","dateModified":"2022-12-16T14:04:29+00:00","mainEntityOfPage":{"@id":"https:\/\/nid.pl\/2022\/12\/16\/o-odbudowie-ukrainskich-miast-dyskutowano-w-instytucie-goethego-w-paryzu\/"},"wordCount":185,"commentCount":0,"publisher":{"@id":"https:\/\/nid.pl\/#organization"},"image":{"@id":"https:\/\/nid.pl\/2022\/12\/16\/o-odbudowie-ukrainskich-miast-dyskutowano-w-instytucie-goethego-w-paryzu\/#primaryimage"},"thumbnailUrl":"https:\/\/nid.pl\/wp-content\/uploads\/2022\/12\/Ukraina_01.jpg","articleSection":["Aktualno\u015bci"],"inLanguage":"en-GB"},{"@type":"WebPage","@id":"https:\/\/nid.pl\/2022\/12\/16\/o-odbudowie-ukrainskich-miast-dyskutowano-w-instytucie-goethego-w-paryzu\/","url":"https:\/\/nid.pl\/2022\/12\/16\/o-odbudowie-ukrainskich-miast-dyskutowano-w-instytucie-goethego-w-paryzu\/","name":"O odbudowie ukrai\u0144skich miast dyskutowano w Instytucie Goethego w Pary\u017cu - NID","isPartOf":{"@id":"https:\/\/nid.pl\/#website"},"primaryImageOfPage":{"@id":"https:\/\/nid.pl\/2022\/12\/16\/o-odbudowie-ukrainskich-miast-dyskutowano-w-instytucie-goethego-w-paryzu\/#primaryimage"},"image":{"@id":"https:\/\/nid.pl\/2022\/12\/16\/o-odbudowie-ukrainskich-miast-dyskutowano-w-instytucie-goethego-w-paryzu\/#primaryimage"},"thumbnailUrl":"https:\/\/nid.pl\/wp-content\/uploads\/2022\/12\/Ukraina_01.jpg","datePublished":"2022-12-16T14:03:17+00:00","dateModified":"2022-12-16T14:04:29+00:00","breadcrumb":{"@id":"https:\/\/nid.pl\/2022\/12\/16\/o-odbudowie-ukrainskich-miast-dyskutowano-w-instytucie-goethego-w-paryzu\/#breadcrumb"},"inLanguage":"en-GB","potentialAction":[{"@type":"ReadAction","target":["https:\/\/nid.pl\/2022\/12\/16\/o-odbudowie-ukrainskich-miast-dyskutowano-w-instytucie-goethego-w-paryzu\/"]}]},{"@type":"ImageObject","inLanguage":"en-GB","@id":"https:\/\/nid.pl\/2022\/12\/16\/o-odbudowie-ukrainskich-miast-dyskutowano-w-instytucie-goethego-w-paryzu\/#primaryimage","url":"https:\/\/nid.pl\/wp-content\/uploads\/2022\/12\/Ukraina_01.jpg","contentUrl":"https:\/\/nid.pl\/wp-content\/uploads\/2022\/12\/Ukraina_01.jpg","width":587,"height":395,"caption":"Ukraina"},{"@type":"BreadcrumbList","@id":"https:\/\/nid.pl\/2022\/12\/16\/o-odbudowie-ukrainskich-miast-dyskutowano-w-instytucie-goethego-w-paryzu\/#breadcrumb","itemListElement":[{"@type":"ListItem","position":1,"name":"Home","item":"https:\/\/nid.pl\/"},{"@type":"ListItem","position":2,"name":"O odbudowie ukrai\u0144skich miast dyskutowano w Instytucie Goethego w Pary\u017cu"}]},{"@type":"WebSite","@id":"https:\/\/nid.pl\/#website","url":"https:\/\/nid.pl\/","name":"NID","description":"Narodowy Instytut Dziedzictwa","publisher":{"@id":"https:\/\/nid.pl\/#organization"},"potentialAction":[{"@type":"SearchAction","target":{"@type":"EntryPoint","urlTemplate":"https:\/\/nid.pl\/?s={search_term_string}"},"query-input":{"@type":"PropertyValueSpecification","valueRequired":true,"valueName":"search_term_string"}}],"inLanguage":"en-GB"},{"@type":"Organization","@id":"https:\/\/nid.pl\/#organization","name":"Narodowy Instytut Dziedzictwa","url":"https:\/\/nid.pl\/","logo":{"@type":"ImageObject","inLanguage":"en-GB","@id":"https:\/\/nid.pl\/#\/schema\/logo\/image\/","url":"https:\/\/nid.pl\/wp-content\/uploads\/2022\/10\/logoRedDark.png","contentUrl":"https:\/\/nid.pl\/wp-content\/uploads\/2022\/10\/logoRedDark.png","width":200,"height":197,"caption":"Narodowy Instytut Dziedzictwa"},"image":{"@id":"https:\/\/nid.pl\/#\/schema\/logo\/image\/"},"sameAs":["https:\/\/www.facebook.com\/zabytek","https:\/\/x.com\/NarIDpl","https:\/\/www.instagram.com\/nid.pl\/?hl=pl","https:\/\/www.linkedin.com\/company\/narodowy-instytut-dziedzictwa","https:\/\/www.youtube.com\/channel\/UCQXuhKa2uHtmNvLRUSx40JA"]},{"@type":"Person","@id":"https:\/\/nid.pl\/#\/schema\/person\/1b690a8998a5111cfb9f0ffe24195a15","name":"Barbara Halliop","image":{"@type":"ImageObject","inLanguage":"en-GB","@id":"https:\/\/nid.pl\/#\/schema\/person\/image\/","url":"https:\/\/nid.pl\/wp-content\/litespeed\/avatar\/924046d17dd0c842c9fa9ccf489bc6dc.jpg?ver=1777444967","contentUrl":"https:\/\/nid.pl\/wp-content\/litespeed\/avatar\/924046d17dd0c842c9fa9ccf489bc6dc.jpg?ver=1777444967","caption":"Barbara Halliop"},"url":"https:\/\/nid.pl\/en\/author\/bhalliop\/"}]}},"_links":{"self":[{"href":"https:\/\/nid.pl\/en\/wp-json\/wp\/v2\/posts\/9411","targetHints":{"allow":["GET"]}}],"collection":[{"href":"https:\/\/nid.pl\/en\/wp-json\/wp\/v2\/posts"}],"about":[{"href":"https:\/\/nid.pl\/en\/wp-json\/wp\/v2\/types\/post"}],"author":[{"embeddable":true,"href":"https:\/\/nid.pl\/en\/wp-json\/wp\/v2\/users\/7"}],"replies":[{"embeddable":true,"href":"https:\/\/nid.pl\/en\/wp-json\/wp\/v2\/comments?post=9411"}],"version-history":[{"count":0,"href":"https:\/\/nid.pl\/en\/wp-json\/wp\/v2\/posts\/9411\/revisions"}],"wp:featuredmedia":[{"embeddable":true,"href":"https:\/\/nid.pl\/en\/wp-json\/wp\/v2\/media\/9409"}],"wp:attachment":[{"href":"https:\/\/nid.pl\/en\/wp-json\/wp\/v2\/media?parent=9411"}],"wp:term":[{"taxonomy":"category","embeddable":true,"href":"https:\/\/nid.pl\/en\/wp-json\/wp\/v2\/categories?post=9411"},{"taxonomy":"post_tag","embeddable":true,"href":"https:\/\/nid.pl\/en\/wp-json\/wp\/v2\/tags?post=9411"}],"curies":[{"name":"wp","href":"https:\/\/api.w.org\/{rel}","templated":true}]}}