{"id":9368,"date":"2022-12-09T09:22:50","date_gmt":"2022-12-09T08:22:50","guid":{"rendered":"https:\/\/nid.pl\/?p=9368"},"modified":"2023-02-24T13:47:01","modified_gmt":"2023-02-24T12:47:01","slug":"dizajn-a-wzory-regionow-wizyta-studyjna-i-podsumowanie","status":"publish","type":"post","link":"https:\/\/nid.pl\/en\/2022\/12\/09\/dizajn-a-wzory-regionow-wizyta-studyjna-i-podsumowanie\/","title":{"rendered":"\u201eDizajn, a wzory region\u00f3w\u201d &#8211;  wizyta studyjna i podsumowanie"},"content":{"rendered":"<p><strong>W ramach przyznanego patronatu NID dla mi\u0119dzynarodowego projektu wsp\u00f3\u0142pracy pn. \u201eDizajn, a wzory region\u00f3w\u201d, w dniach 16-18 listopada odby\u0142a si\u0119 wizyta studyjna po obszarze Podhala\u0144skiej Lokalnej Grupie Dzia\u0142ania.<\/strong><\/p>\n\n\n\n<p>Podczas wizyty studyjnej uczestnicy spotkali si\u0119 z <strong>Bart\u0142omiejem Koszarkiem<\/strong> &#8211; etnologiem, multiinstrumentalist\u0105, regionalist\u0105, a zarazem dyrektorem Bukowia\u0144skiego Centrum Kultury \u201eDom Ludowy\u201d prezentuj\u0105cym dzia\u0142alno\u015b\u0107 obiektu w Bukowinie Tatrza\u0144skiej. Nast\u0119pnie, w <strong>Muzeum Oscypka<\/strong>, pod czujnym okiem bacy, przygotowywali w\u0142asne serki.<\/p>\n\n\n\n<p>Kolejnego dnia odby\u0142a si\u0119 prezentacj\u0105 pn. \u201eDizajn z we\u0142n\u0105 w tle\u201d, kt\u00f3r\u0105 przeprowadzi\u0142a etnolog <strong>Zofia Polak<\/strong>, a nast\u0119pnie charyzmatyczny <strong>Krzysztof Trebunia-Tutka<\/strong> (regionalista, architekt, muzyk) m\u00f3wi\u0142 o dziedzictwie podhala\u0144skiej architektury drewnianej. W trakcie spotkania nie mog\u0142o jednak zabrakn\u0105\u0107 g\u00f3ralskiej nuty w wykonaniu ikony muzyki g\u00f3ralskiej, czyli lidera zespo\u0142u Trebunia-Tutka. Uczestnicy projektu wzi\u0119li r\u00f3wnie\u017c udzia\u0142 w warsztacie \u201eTo\u017csamo\u015b\u0107 stylu\u201d z <strong>Anet\u0105 Larys\u0105 Knap<\/strong> \u2013 polsk\u0105 projektantk\u0105 mody, g\u00f3ralk\u0105, organizatork\u0105 najwi\u0119kszego w Polsce pokazu mody folkowej Polki Folki, a tak\u017ce tw\u00f3rczyni marki Folk Design.<\/p>\n\n\n\n<p>Spotkanie rozpocz\u0119\u0142o si\u0119 utworem \u201eCiemna nocka\u201d z p\u0142yty Zakuka wykonanym przez \u017cywio\u0142ow\u0105 wokalistk\u0119 i prezenterk\u0119 <strong>\u017banet\u0119 Plotnik-Krumpietz<\/strong>, kt\u00f3ra zaraz po wykonanej piosence przeobrazi\u0142a si\u0119 w znakomit\u0105 konferansjerk\u0119 i wsp\u00f3lnie z <strong>Micha\u0142em \u0141azarczykiem<\/strong> poprowadzili opolsko-g\u00f3ralski wiecz\u00f3r podsumowuj\u0105cy projekt wsp\u00f3\u0142pracy \u201eDizajn, a wzory region\u00f3w\u201d. Spotkania z zaproszonymi go\u015b\u0107mi poprzedzi\u0142 wyst\u0119p artystyczny zespo\u0142u <strong>Megitza<\/strong>.<\/p>\n\n\n\n<p>Podczas podsumowania projektu, na scenie Domu Ludowego Zwi\u0105zku Podhalan w Ko\u015bcielisku uczestnicy spotkali si\u0119 z <strong>Joann\u0105 Decowsk\u0105<\/strong> &#8211; w\u0142a\u015bcicielk\u0105 firmy Warto, zajmuj\u0105c\u0105 si\u0119 prowadzeniem warsztat\u00f3w wykonywania aplikacji tradycyjnych wzor\u00f3w na zapaskach i szlajfkach \u015bl\u0105skiego stroju ludowego, Andrzejem Siekierko \u201ePodhala\u0144skim Versace\u201d, kt\u00f3rego kreacje nosi\u0142y najwi\u0119ksze polskie gwiazdy estrady m.in. W\u0142adys\u0142aw Szpilman, Maryla Rodowicz, Skaldowie, Kayah czy Irena Dziedzic oraz z Anet\u0105 Larys\u0105 Knap, projektantk\u0105 \u0142\u0105cz\u0105c\u0105 tradycj\u0119 z nowoczesno\u015bci\u0105 w bran\u017cy odzie\u017cowej, w\u0142a\u015bcicielk\u0105 marki Folk Design, producentk\u0105 i organizatork\u0105 najwi\u0119kszego pokazu mody folk \u201ePolki Folki\u201d, a jej najnowsza kolekcja MOUNTAIN MOON mia\u0142a premier\u0119&nbsp; podczas Expo 2020 w&nbsp; Dubaju.<\/p>\n\n\n\n<p>Po zako\u0144czeniu rozm\u00f3w z projektantami na scenie zabrzmia\u0142 utw\u00f3r zespo\u0142u Zakuka \u201eKuku\u0142eczka kuka\u201d, kt\u00f3ry swoim tekstem znakomicie nawi\u0105za\u0142 do kulminacyjnego elementu wieczoru, a mianowicie pokazu mody. Po s\u0142owach: <em>\u201eTe opolskie dziouchy, wielkie paradnice, kaza\u0142y se poszy\u0107 czerwone sp\u00f3dnice\u2026\u201d<\/em> na scenie wyst\u0105pi\u0142y opolskie modelki w tradycyjnych strojach ludowych pochodz\u0105cych z Opolszczyzny. Pokaz podzielony by\u0142 na trzy etapy: tradycyjne stroje ludowe, rekonstrukcje uszyte na wz\u00f3r tradycyjnych stroj\u00f3w opolskich oraz nowoczesny dizajn z nutk\u0105 opolskiej tradycji. Opolsk\u0105 cz\u0119\u015b\u0107 pokazu melodyjnie zamkn\u0105\u0142 <strong>Wojciech Poprawa<\/strong> \u2013 regionalista i wieloletni solista w Zespole Pie\u015bni i Ta\u0144ca \u201e\u015al\u0105sk\u201d, prezentuj\u0105cy kostium wed\u0142ug stroju rozbarskiego z ko\u0144ca XIX wieku.<\/p>\n\n\n\n<p>G\u00f3ralska cze\u015b\u0107 pokazu mody rozpocz\u0119\u0142a si\u0119 od bardzo inspiruj\u0105cej rozmowy z <strong>Jadwig\u0105 Trybunia-Tutka<\/strong> prowadz\u0105c\u0105 pracowni\u0119 artystyczna Haft Fashion zajmuj\u0105c\u0105 si\u0119 wykonywaniem tradycyjnych podhala\u0144skich stroj\u00f3w. Nast\u0119pnie na scenie pojawi\u0142y si\u0119 zaprzyja\u017anione z Podhala\u0144sk\u0105 LGD modelki w kreacjach z kolekcji Anety Larysy Knap.<\/p>\n\n\n\n<p>Na zako\u0144czenie wieczoru Ewa Maria Pi\u0142at &#8211; Prezes Stowarzyszenia Kraina \u015bw. Anny wraz z Wojciechem Styrczul\u0105 &#8211; Prezesem Podhala\u0144skiej LGD, podzi\u0119kowali wszystkim za wsparcie, w szczeg\u00f3lno\u015bci instytucjom kt\u00f3re obj\u0119\u0142y projekt patronatem honorowym: prof. Piotrowi Gli\u0144skiemu \u2013 Wiceprezesowi Rady Ministr\u00f3w, Ministrowi Kultury i Dziedzictwa Narodowego, dr hab. Katarzynie Zalasi\u0144skiej \u2013 Dyrektor Narodowego Instytutu Dziedzictwa, Pani Senator Danucie Jaz\u0142owieckiej, Witoldowi Koz\u0142owskiemu &#8211; Marsza\u0142kowi Wojew\u00f3dztwa Ma\u0142opolskiego, Andrzejowi Bule &#8211; Marsza\u0142kowi Wojew\u00f3dztwa Opolskiego, Muzeum \u015al\u0105ska Opolskiego, Muzeum Tatrza\u0144skiemu , Radiu DOXA oraz Tygodnikowi Podhala\u0144skiemu.<br>Wiecz\u00f3r zako\u0144czy\u0142 si\u0119 koncertem <strong>Basi Giewont<\/strong>.<\/p>\n\n\n\n<p>Trzeci dzie\u0144 wizyty studyjnej rozpocz\u0105\u0142 si\u0119 od warsztat\u00f3w we\u0142niarskich Dizajn z we\u0142n\u0105 w tle, kt\u00f3re poprowadzi\u0142y w duecie dwie pasjonatki regionu: <strong>Ewa Bartosz Mazu\u015b<\/strong> oraz <strong>Maria \u015aliwi\u0144ska<\/strong>. Uczestnicy poznali technik\u0119 filcowania we\u0142ny owczej na mokro, wykonuj\u0105c znakomite kwiaty, korale, obrazi i wszystko czego dusza zapragnie. Pobyt na Podhalu zako\u0144czy\u0142a wycieczka do Doliny Ko\u015bcieliskiej i zwiedzanie Muzeum Tatrza\u0144skiego.<\/p>\n\n\n\n<p>Zetkni\u0119cie grupy opolskiej z podhala\u0144sk\u0105 i ich barwno\u015bci\u0105, kultur\u0105 i tradycjami pozostawi\u0142y du\u017cy niedosyt, kt\u00f3ry by\u0107 mo\u017ce stanie si\u0119 zacz\u0105tkiem nowych, wsp\u00f3lnych pomys\u0142\u00f3w.<\/p>\n\n\n\n<p>W ramach dzia\u0142a\u0144 projektu <em>\u201eDizajn, a wzory region\u00f3w\u201d <\/em>przeprowadzone zosta\u0142y warsztaty i szkolenia, kt\u00f3re mia\u0142y za zadanie pobudzi\u0107 kreatywno\u015b\u0107 tw\u00f3rc\u00f3w i promocj\u0119 region\u00f3w.<\/p>\n\n\n\n<p>Bezcenn\u0105 warto\u015bci\u0105 realizacji projektu jest rozw\u00f3j przedsi\u0119biorczo\u015bci poprzez wzmacnianie lokalnej dumy i to\u017csamo\u015bci, kt\u00f3ra dzi\u0119ki podj\u0119tym dzia\u0142aniom stanie si\u0119 rozpoznawaln\u0105 mark\u0105. Intencj\u0105 partner\u00f3w projektu jest aby\u015bmy mogli do\u015bwiadczy\u0107 by:<\/p>\n\n\n\n<p><em><strong>Kultura, kt\u00f3ra by\u0142a codzien<\/strong><\/em><strong><em>no\u015bci\u0105 sta\u0142a si\u0119 warto\u015bci\u0105&#8230;<\/em><\/strong> <\/p>\n\n\n\n<p>Projekt <strong>&nbsp;\u201e<em>Dizajn, a wzory region\u00f3w\u201d<\/em> <\/strong>&nbsp;skierowany jest do os\u00f3b zajmuj\u0105cych si\u0119 promocj\u0105 regionu, rzemie\u015blnik\u00f3w, lokalnych lider\u00f3w, przedsi\u0119biorc\u00f3w oraz lokalnych mieszka\u0144c\u00f3w.<\/p>\n\n\n\n<p><\/p>\n\n\n\n<figure class=\"wp-block-gallery has-nested-images columns-default is-cropped wp-block-gallery-1 is-layout-flex wp-block-gallery-is-layout-flex\">\n<figure class=\"wp-block-image size-large\"><img loading=\"lazy\" decoding=\"async\" width=\"2560\" height=\"1710\" data-id=\"9362\" src=\"https:\/\/nid.pl\/wp-content\/uploads\/2022\/12\/Dizajn_2-scaled.jpg\" alt=\"\" class=\"wp-image-9362\" srcset=\"https:\/\/nid.pl\/wp-content\/uploads\/2022\/12\/Dizajn_2-scaled.jpg 2560w, https:\/\/nid.pl\/wp-content\/uploads\/2022\/12\/Dizajn_2-1280x855.jpg 1280w, https:\/\/nid.pl\/wp-content\/uploads\/2022\/12\/Dizajn_2-980x655.jpg 980w, https:\/\/nid.pl\/wp-content\/uploads\/2022\/12\/Dizajn_2-480x321.jpg 480w\" sizes=\"(min-width: 0px) and (max-width: 480px) 480px, (min-width: 481px) and (max-width: 980px) 980px, (min-width: 981px) and (max-width: 1280px) 1280px, (min-width: 1281px) 2560px, 100vw\" \/><\/figure>\n\n\n\n<figure class=\"wp-block-image size-large\"><img loading=\"lazy\" decoding=\"async\" width=\"2000\" height=\"1126\" data-id=\"9363\" src=\"https:\/\/nid.pl\/wp-content\/uploads\/2022\/12\/Dizajn_3.jpeg\" alt=\"\" class=\"wp-image-9363\" srcset=\"https:\/\/nid.pl\/wp-content\/uploads\/2022\/12\/Dizajn_3.jpeg 2000w, https:\/\/nid.pl\/wp-content\/uploads\/2022\/12\/Dizajn_3-1280x721.jpeg 1280w, https:\/\/nid.pl\/wp-content\/uploads\/2022\/12\/Dizajn_3-980x552.jpeg 980w, https:\/\/nid.pl\/wp-content\/uploads\/2022\/12\/Dizajn_3-480x270.jpeg 480w\" sizes=\"(min-width: 0px) and (max-width: 480px) 480px, (min-width: 481px) and (max-width: 980px) 980px, (min-width: 981px) and (max-width: 1280px) 1280px, (min-width: 1281px) 2000px, 100vw\" \/><\/figure>\n<\/figure>\n\n\n\n<figure class=\"wp-block-gallery has-nested-images columns-default is-cropped wp-block-gallery-2 is-layout-flex wp-block-gallery-is-layout-flex\">\n<figure class=\"wp-block-image size-large\"><img loading=\"lazy\" decoding=\"async\" width=\"2560\" height=\"1710\" data-id=\"9364\" src=\"https:\/\/nid.pl\/wp-content\/uploads\/2022\/12\/Dizajn_4-scaled.jpg\" alt=\"\" class=\"wp-image-9364\" srcset=\"https:\/\/nid.pl\/wp-content\/uploads\/2022\/12\/Dizajn_4-scaled.jpg 2560w, https:\/\/nid.pl\/wp-content\/uploads\/2022\/12\/Dizajn_4-1280x855.jpg 1280w, https:\/\/nid.pl\/wp-content\/uploads\/2022\/12\/Dizajn_4-980x655.jpg 980w, https:\/\/nid.pl\/wp-content\/uploads\/2022\/12\/Dizajn_4-480x321.jpg 480w\" sizes=\"(min-width: 0px) and (max-width: 480px) 480px, (min-width: 481px) and (max-width: 980px) 980px, (min-width: 981px) and (max-width: 1280px) 1280px, (min-width: 1281px) 2560px, 100vw\" \/><\/figure>\n\n\n\n<figure class=\"wp-block-image size-large\"><img loading=\"lazy\" decoding=\"async\" width=\"2560\" height=\"1710\" data-id=\"9365\" src=\"https:\/\/nid.pl\/wp-content\/uploads\/2022\/12\/Dizajn_5-scaled.jpg\" alt=\"\" class=\"wp-image-9365\" srcset=\"https:\/\/nid.pl\/wp-content\/uploads\/2022\/12\/Dizajn_5-scaled.jpg 2560w, https:\/\/nid.pl\/wp-content\/uploads\/2022\/12\/Dizajn_5-1280x855.jpg 1280w, https:\/\/nid.pl\/wp-content\/uploads\/2022\/12\/Dizajn_5-980x655.jpg 980w, https:\/\/nid.pl\/wp-content\/uploads\/2022\/12\/Dizajn_5-480x321.jpg 480w\" sizes=\"(min-width: 0px) and (max-width: 480px) 480px, (min-width: 481px) and (max-width: 980px) 980px, (min-width: 981px) and (max-width: 1280px) 1280px, (min-width: 1281px) 2560px, 100vw\" \/><\/figure>\n<\/figure>\n\n\n\n<figure class=\"wp-block-gallery has-nested-images columns-default is-cropped wp-block-gallery-3 is-layout-flex wp-block-gallery-is-layout-flex\">\n<figure class=\"wp-block-image size-large\"><img loading=\"lazy\" decoding=\"async\" width=\"960\" height=\"721\" data-id=\"9361\" src=\"https:\/\/nid.pl\/wp-content\/uploads\/2022\/12\/Dizajn_1.jpg\" alt=\"\" class=\"wp-image-9361\" srcset=\"https:\/\/nid.pl\/wp-content\/uploads\/2022\/12\/Dizajn_1.jpg 960w, https:\/\/nid.pl\/wp-content\/uploads\/2022\/12\/Dizajn_1-480x361.jpg 480w\" sizes=\"(min-width: 0px) and (max-width: 480px) 480px, (min-width: 481px) 960px, 100vw\" \/><\/figure>\n\n\n\n<figure class=\"wp-block-image size-large\"><img loading=\"lazy\" decoding=\"async\" width=\"2000\" height=\"1126\" data-id=\"9366\" src=\"https:\/\/nid.pl\/wp-content\/uploads\/2022\/12\/Dizajn_6.jpeg\" alt=\"\" class=\"wp-image-9366\" srcset=\"https:\/\/nid.pl\/wp-content\/uploads\/2022\/12\/Dizajn_6.jpeg 2000w, https:\/\/nid.pl\/wp-content\/uploads\/2022\/12\/Dizajn_6-1280x721.jpeg 1280w, https:\/\/nid.pl\/wp-content\/uploads\/2022\/12\/Dizajn_6-980x552.jpeg 980w, https:\/\/nid.pl\/wp-content\/uploads\/2022\/12\/Dizajn_6-480x270.jpeg 480w\" sizes=\"(min-width: 0px) and (max-width: 480px) 480px, (min-width: 481px) and (max-width: 980px) 980px, (min-width: 981px) and (max-width: 1280px) 1280px, (min-width: 1281px) 2000px, 100vw\" \/><\/figure>\n<\/figure>","protected":false},"excerpt":{"rendered":"<p>W ramach przyznanego patronatu NID dla mi\u0119dzynarodowego projektu wsp\u00f3\u0142pracy pn. \u201eDizajn, a wzory region\u00f3w\u201d, w dniach 16-18 listopada odby\u0142a si\u0119 wizyta studyjna po obszarze Podhala\u0144skiej Lokalnej Grupie Dzia\u0142ania. Podczas wizyty [&hellip;]<\/p>","protected":false},"author":7,"featured_media":10045,"comment_status":"open","ping_status":"open","sticky":false,"template":"","format":"standard","meta":{"_et_pb_use_builder":"off","_et_pb_old_content":"","_et_gb_content_width":"","_monsterinsights_skip_tracking":false,"_monsterinsights_sitenote_active":false,"_monsterinsights_sitenote_note":"","_monsterinsights_sitenote_category":0,"footnotes":""},"categories":[28],"tags":[],"class_list":["post-9368","post","type-post","status-publish","format-standard","has-post-thumbnail","hentry","category-patronaty"],"yoast_head":"<!-- This site is optimized with the Yoast SEO plugin v26.5 - https:\/\/yoast.com\/wordpress\/plugins\/seo\/ -->\n<title>\u201eDizajn, a wzory region\u00f3w\u201d - wizyta studyjna i podsumowanie - NID<\/title>\n<meta name=\"robots\" content=\"index, follow, max-snippet:-1, max-image-preview:large, max-video-preview:-1\" \/>\n<link rel=\"canonical\" href=\"https:\/\/nid.pl\/en\/2022\/12\/09\/dizajn-a-wzory-regionow-wizyta-studyjna-i-podsumowanie\/\" \/>\n<meta property=\"og:locale\" content=\"en_GB\" \/>\n<meta property=\"og:type\" content=\"article\" \/>\n<meta property=\"og:title\" content=\"\u201eDizajn, a wzory region\u00f3w\u201d - wizyta studyjna i podsumowanie - NID\" \/>\n<meta property=\"og:description\" content=\"W ramach przyznanego patronatu NID dla mi\u0119dzynarodowego projektu wsp\u00f3\u0142pracy pn. \u201eDizajn, a wzory region\u00f3w\u201d, w dniach 16-18 listopada odby\u0142a si\u0119 wizyta studyjna po obszarze Podhala\u0144skiej Lokalnej Grupie Dzia\u0142ania. Podczas wizyty [&hellip;]\" \/>\n<meta property=\"og:url\" content=\"https:\/\/nid.pl\/en\/2022\/12\/09\/dizajn-a-wzory-regionow-wizyta-studyjna-i-podsumowanie\/\" \/>\n<meta property=\"og:site_name\" content=\"NID\" \/>\n<meta property=\"article:publisher\" content=\"https:\/\/www.facebook.com\/zabytek\" \/>\n<meta property=\"article:published_time\" content=\"2022-12-09T08:22:50+00:00\" \/>\n<meta property=\"article:modified_time\" content=\"2023-02-24T12:47:01+00:00\" \/>\n<meta property=\"og:image\" content=\"https:\/\/nid.pl\/wp-content\/uploads\/2023\/02\/miniaturka-patronat-2.jpg\" \/>\n\t<meta property=\"og:image:width\" content=\"440\" \/>\n\t<meta property=\"og:image:height\" content=\"294\" \/>\n\t<meta property=\"og:image:type\" content=\"image\/jpeg\" \/>\n<meta name=\"author\" content=\"Barbara Halliop\" \/>\n<meta name=\"twitter:card\" content=\"summary_large_image\" \/>\n<meta name=\"twitter:creator\" content=\"@NarIDpl\" \/>\n<meta name=\"twitter:site\" content=\"@NarIDpl\" \/>\n<meta name=\"twitter:label1\" content=\"Written by\" \/>\n\t<meta name=\"twitter:data1\" content=\"Barbara Halliop\" \/>\n\t<meta name=\"twitter:label2\" content=\"Estimated reading time\" \/>\n\t<meta name=\"twitter:data2\" content=\"5 minutes\" \/>\n<script type=\"application\/ld+json\" class=\"yoast-schema-graph\">{\"@context\":\"https:\/\/schema.org\",\"@graph\":[{\"@type\":\"Article\",\"@id\":\"https:\/\/nid.pl\/en\/2022\/12\/09\/dizajn-a-wzory-regionow-wizyta-studyjna-i-podsumowanie\/#article\",\"isPartOf\":{\"@id\":\"https:\/\/nid.pl\/en\/2022\/12\/09\/dizajn-a-wzory-regionow-wizyta-studyjna-i-podsumowanie\/\"},\"author\":{\"name\":\"Barbara Halliop\",\"@id\":\"https:\/\/nid.pl\/#\/schema\/person\/1b690a8998a5111cfb9f0ffe24195a15\"},\"headline\":\"\u201eDizajn, a wzory region\u00f3w\u201d &#8211; wizyta studyjna i podsumowanie\",\"datePublished\":\"2022-12-09T08:22:50+00:00\",\"dateModified\":\"2023-02-24T12:47:01+00:00\",\"mainEntityOfPage\":{\"@id\":\"https:\/\/nid.pl\/en\/2022\/12\/09\/dizajn-a-wzory-regionow-wizyta-studyjna-i-podsumowanie\/\"},\"wordCount\":871,\"commentCount\":0,\"publisher\":{\"@id\":\"https:\/\/nid.pl\/#organization\"},\"image\":{\"@id\":\"https:\/\/nid.pl\/en\/2022\/12\/09\/dizajn-a-wzory-regionow-wizyta-studyjna-i-podsumowanie\/#primaryimage\"},\"thumbnailUrl\":\"https:\/\/nid.pl\/wp-content\/uploads\/2023\/02\/miniaturka-patronat-2.jpg\",\"articleSection\":[\"Patronaty\"],\"inLanguage\":\"en-GB\"},{\"@type\":\"WebPage\",\"@id\":\"https:\/\/nid.pl\/en\/2022\/12\/09\/dizajn-a-wzory-regionow-wizyta-studyjna-i-podsumowanie\/\",\"url\":\"https:\/\/nid.pl\/en\/2022\/12\/09\/dizajn-a-wzory-regionow-wizyta-studyjna-i-podsumowanie\/\",\"name\":\"\u201eDizajn, a wzory region\u00f3w\u201d - wizyta studyjna i podsumowanie - NID\",\"isPartOf\":{\"@id\":\"https:\/\/nid.pl\/#website\"},\"primaryImageOfPage\":{\"@id\":\"https:\/\/nid.pl\/en\/2022\/12\/09\/dizajn-a-wzory-regionow-wizyta-studyjna-i-podsumowanie\/#primaryimage\"},\"image\":{\"@id\":\"https:\/\/nid.pl\/en\/2022\/12\/09\/dizajn-a-wzory-regionow-wizyta-studyjna-i-podsumowanie\/#primaryimage\"},\"thumbnailUrl\":\"https:\/\/nid.pl\/wp-content\/uploads\/2023\/02\/miniaturka-patronat-2.jpg\",\"datePublished\":\"2022-12-09T08:22:50+00:00\",\"dateModified\":\"2023-02-24T12:47:01+00:00\",\"breadcrumb\":{\"@id\":\"https:\/\/nid.pl\/en\/2022\/12\/09\/dizajn-a-wzory-regionow-wizyta-studyjna-i-podsumowanie\/#breadcrumb\"},\"inLanguage\":\"en-GB\",\"potentialAction\":[{\"@type\":\"ReadAction\",\"target\":[\"https:\/\/nid.pl\/en\/2022\/12\/09\/dizajn-a-wzory-regionow-wizyta-studyjna-i-podsumowanie\/\"]}]},{\"@type\":\"ImageObject\",\"inLanguage\":\"en-GB\",\"@id\":\"https:\/\/nid.pl\/en\/2022\/12\/09\/dizajn-a-wzory-regionow-wizyta-studyjna-i-podsumowanie\/#primaryimage\",\"url\":\"https:\/\/nid.pl\/wp-content\/uploads\/2023\/02\/miniaturka-patronat-2.jpg\",\"contentUrl\":\"https:\/\/nid.pl\/wp-content\/uploads\/2023\/02\/miniaturka-patronat-2.jpg\",\"width\":440,\"height\":294,\"caption\":\"miniaturka patronat\"},{\"@type\":\"BreadcrumbList\",\"@id\":\"https:\/\/nid.pl\/en\/2022\/12\/09\/dizajn-a-wzory-regionow-wizyta-studyjna-i-podsumowanie\/#breadcrumb\",\"itemListElement\":[{\"@type\":\"ListItem\",\"position\":1,\"name\":\"Home\",\"item\":\"https:\/\/nid.pl\/\"},{\"@type\":\"ListItem\",\"position\":2,\"name\":\"\u201eDizajn, a wzory region\u00f3w\u201d &#8211; wizyta studyjna i podsumowanie\"}]},{\"@type\":\"WebSite\",\"@id\":\"https:\/\/nid.pl\/#website\",\"url\":\"https:\/\/nid.pl\/\",\"name\":\"NID\",\"description\":\"Narodowy Instytut Dziedzictwa\",\"publisher\":{\"@id\":\"https:\/\/nid.pl\/#organization\"},\"potentialAction\":[{\"@type\":\"SearchAction\",\"target\":{\"@type\":\"EntryPoint\",\"urlTemplate\":\"https:\/\/nid.pl\/?s={search_term_string}\"},\"query-input\":{\"@type\":\"PropertyValueSpecification\",\"valueRequired\":true,\"valueName\":\"search_term_string\"}}],\"inLanguage\":\"en-GB\"},{\"@type\":\"Organization\",\"@id\":\"https:\/\/nid.pl\/#organization\",\"name\":\"Narodowy Instytut Dziedzictwa\",\"url\":\"https:\/\/nid.pl\/\",\"logo\":{\"@type\":\"ImageObject\",\"inLanguage\":\"en-GB\",\"@id\":\"https:\/\/nid.pl\/#\/schema\/logo\/image\/\",\"url\":\"https:\/\/nid.pl\/wp-content\/uploads\/2022\/10\/logoRedDark.png\",\"contentUrl\":\"https:\/\/nid.pl\/wp-content\/uploads\/2022\/10\/logoRedDark.png\",\"width\":200,\"height\":197,\"caption\":\"Narodowy Instytut Dziedzictwa\"},\"image\":{\"@id\":\"https:\/\/nid.pl\/#\/schema\/logo\/image\/\"},\"sameAs\":[\"https:\/\/www.facebook.com\/zabytek\",\"https:\/\/x.com\/NarIDpl\",\"https:\/\/www.instagram.com\/nid.pl\/?hl=pl\",\"https:\/\/www.linkedin.com\/company\/narodowy-instytut-dziedzictwa\",\"https:\/\/www.youtube.com\/channel\/UCQXuhKa2uHtmNvLRUSx40JA\"]},{\"@type\":\"Person\",\"@id\":\"https:\/\/nid.pl\/#\/schema\/person\/1b690a8998a5111cfb9f0ffe24195a15\",\"name\":\"Barbara Halliop\",\"image\":{\"@type\":\"ImageObject\",\"inLanguage\":\"en-GB\",\"@id\":\"https:\/\/nid.pl\/#\/schema\/person\/image\/\",\"url\":\"https:\/\/nid.pl\/wp-content\/litespeed\/avatar\/924046d17dd0c842c9fa9ccf489bc6dc.jpg?ver=1777444967\",\"contentUrl\":\"https:\/\/nid.pl\/wp-content\/litespeed\/avatar\/924046d17dd0c842c9fa9ccf489bc6dc.jpg?ver=1777444967\",\"caption\":\"Barbara Halliop\"},\"url\":\"https:\/\/nid.pl\/en\/author\/bhalliop\/\"}]}<\/script>\n<!-- \/ Yoast SEO plugin. -->","yoast_head_json":{"title":"\u201eDizajn, a wzory region\u00f3w\u201d - wizyta studyjna i podsumowanie - NID","robots":{"index":"index","follow":"follow","max-snippet":"max-snippet:-1","max-image-preview":"max-image-preview:large","max-video-preview":"max-video-preview:-1"},"canonical":"https:\/\/nid.pl\/en\/2022\/12\/09\/dizajn-a-wzory-regionow-wizyta-studyjna-i-podsumowanie\/","og_locale":"en_GB","og_type":"article","og_title":"\u201eDizajn, a wzory region\u00f3w\u201d - wizyta studyjna i podsumowanie - NID","og_description":"W ramach przyznanego patronatu NID dla mi\u0119dzynarodowego projektu wsp\u00f3\u0142pracy pn. \u201eDizajn, a wzory region\u00f3w\u201d, w dniach 16-18 listopada odby\u0142a si\u0119 wizyta studyjna po obszarze Podhala\u0144skiej Lokalnej Grupie Dzia\u0142ania. Podczas wizyty [&hellip;]","og_url":"https:\/\/nid.pl\/en\/2022\/12\/09\/dizajn-a-wzory-regionow-wizyta-studyjna-i-podsumowanie\/","og_site_name":"NID","article_publisher":"https:\/\/www.facebook.com\/zabytek","article_published_time":"2022-12-09T08:22:50+00:00","article_modified_time":"2023-02-24T12:47:01+00:00","og_image":[{"width":440,"height":294,"url":"https:\/\/nid.pl\/wp-content\/uploads\/2023\/02\/miniaturka-patronat-2.jpg","type":"image\/jpeg"}],"author":"Barbara Halliop","twitter_card":"summary_large_image","twitter_creator":"@NarIDpl","twitter_site":"@NarIDpl","twitter_misc":{"Written by":"Barbara Halliop","Estimated reading time":"5 minutes"},"schema":{"@context":"https:\/\/schema.org","@graph":[{"@type":"Article","@id":"https:\/\/nid.pl\/en\/2022\/12\/09\/dizajn-a-wzory-regionow-wizyta-studyjna-i-podsumowanie\/#article","isPartOf":{"@id":"https:\/\/nid.pl\/en\/2022\/12\/09\/dizajn-a-wzory-regionow-wizyta-studyjna-i-podsumowanie\/"},"author":{"name":"Barbara Halliop","@id":"https:\/\/nid.pl\/#\/schema\/person\/1b690a8998a5111cfb9f0ffe24195a15"},"headline":"\u201eDizajn, a wzory region\u00f3w\u201d &#8211; wizyta studyjna i podsumowanie","datePublished":"2022-12-09T08:22:50+00:00","dateModified":"2023-02-24T12:47:01+00:00","mainEntityOfPage":{"@id":"https:\/\/nid.pl\/en\/2022\/12\/09\/dizajn-a-wzory-regionow-wizyta-studyjna-i-podsumowanie\/"},"wordCount":871,"commentCount":0,"publisher":{"@id":"https:\/\/nid.pl\/#organization"},"image":{"@id":"https:\/\/nid.pl\/en\/2022\/12\/09\/dizajn-a-wzory-regionow-wizyta-studyjna-i-podsumowanie\/#primaryimage"},"thumbnailUrl":"https:\/\/nid.pl\/wp-content\/uploads\/2023\/02\/miniaturka-patronat-2.jpg","articleSection":["Patronaty"],"inLanguage":"en-GB"},{"@type":"WebPage","@id":"https:\/\/nid.pl\/en\/2022\/12\/09\/dizajn-a-wzory-regionow-wizyta-studyjna-i-podsumowanie\/","url":"https:\/\/nid.pl\/en\/2022\/12\/09\/dizajn-a-wzory-regionow-wizyta-studyjna-i-podsumowanie\/","name":"\u201eDizajn, a wzory region\u00f3w\u201d - wizyta studyjna i podsumowanie - NID","isPartOf":{"@id":"https:\/\/nid.pl\/#website"},"primaryImageOfPage":{"@id":"https:\/\/nid.pl\/en\/2022\/12\/09\/dizajn-a-wzory-regionow-wizyta-studyjna-i-podsumowanie\/#primaryimage"},"image":{"@id":"https:\/\/nid.pl\/en\/2022\/12\/09\/dizajn-a-wzory-regionow-wizyta-studyjna-i-podsumowanie\/#primaryimage"},"thumbnailUrl":"https:\/\/nid.pl\/wp-content\/uploads\/2023\/02\/miniaturka-patronat-2.jpg","datePublished":"2022-12-09T08:22:50+00:00","dateModified":"2023-02-24T12:47:01+00:00","breadcrumb":{"@id":"https:\/\/nid.pl\/en\/2022\/12\/09\/dizajn-a-wzory-regionow-wizyta-studyjna-i-podsumowanie\/#breadcrumb"},"inLanguage":"en-GB","potentialAction":[{"@type":"ReadAction","target":["https:\/\/nid.pl\/en\/2022\/12\/09\/dizajn-a-wzory-regionow-wizyta-studyjna-i-podsumowanie\/"]}]},{"@type":"ImageObject","inLanguage":"en-GB","@id":"https:\/\/nid.pl\/en\/2022\/12\/09\/dizajn-a-wzory-regionow-wizyta-studyjna-i-podsumowanie\/#primaryimage","url":"https:\/\/nid.pl\/wp-content\/uploads\/2023\/02\/miniaturka-patronat-2.jpg","contentUrl":"https:\/\/nid.pl\/wp-content\/uploads\/2023\/02\/miniaturka-patronat-2.jpg","width":440,"height":294,"caption":"miniaturka patronat"},{"@type":"BreadcrumbList","@id":"https:\/\/nid.pl\/en\/2022\/12\/09\/dizajn-a-wzory-regionow-wizyta-studyjna-i-podsumowanie\/#breadcrumb","itemListElement":[{"@type":"ListItem","position":1,"name":"Home","item":"https:\/\/nid.pl\/"},{"@type":"ListItem","position":2,"name":"\u201eDizajn, a wzory region\u00f3w\u201d &#8211; wizyta studyjna i podsumowanie"}]},{"@type":"WebSite","@id":"https:\/\/nid.pl\/#website","url":"https:\/\/nid.pl\/","name":"NID","description":"Narodowy Instytut Dziedzictwa","publisher":{"@id":"https:\/\/nid.pl\/#organization"},"potentialAction":[{"@type":"SearchAction","target":{"@type":"EntryPoint","urlTemplate":"https:\/\/nid.pl\/?s={search_term_string}"},"query-input":{"@type":"PropertyValueSpecification","valueRequired":true,"valueName":"search_term_string"}}],"inLanguage":"en-GB"},{"@type":"Organization","@id":"https:\/\/nid.pl\/#organization","name":"Narodowy Instytut Dziedzictwa","url":"https:\/\/nid.pl\/","logo":{"@type":"ImageObject","inLanguage":"en-GB","@id":"https:\/\/nid.pl\/#\/schema\/logo\/image\/","url":"https:\/\/nid.pl\/wp-content\/uploads\/2022\/10\/logoRedDark.png","contentUrl":"https:\/\/nid.pl\/wp-content\/uploads\/2022\/10\/logoRedDark.png","width":200,"height":197,"caption":"Narodowy Instytut Dziedzictwa"},"image":{"@id":"https:\/\/nid.pl\/#\/schema\/logo\/image\/"},"sameAs":["https:\/\/www.facebook.com\/zabytek","https:\/\/x.com\/NarIDpl","https:\/\/www.instagram.com\/nid.pl\/?hl=pl","https:\/\/www.linkedin.com\/company\/narodowy-instytut-dziedzictwa","https:\/\/www.youtube.com\/channel\/UCQXuhKa2uHtmNvLRUSx40JA"]},{"@type":"Person","@id":"https:\/\/nid.pl\/#\/schema\/person\/1b690a8998a5111cfb9f0ffe24195a15","name":"Barbara Halliop","image":{"@type":"ImageObject","inLanguage":"en-GB","@id":"https:\/\/nid.pl\/#\/schema\/person\/image\/","url":"https:\/\/nid.pl\/wp-content\/litespeed\/avatar\/924046d17dd0c842c9fa9ccf489bc6dc.jpg?ver=1777444967","contentUrl":"https:\/\/nid.pl\/wp-content\/litespeed\/avatar\/924046d17dd0c842c9fa9ccf489bc6dc.jpg?ver=1777444967","caption":"Barbara Halliop"},"url":"https:\/\/nid.pl\/en\/author\/bhalliop\/"}]}},"_links":{"self":[{"href":"https:\/\/nid.pl\/en\/wp-json\/wp\/v2\/posts\/9368","targetHints":{"allow":["GET"]}}],"collection":[{"href":"https:\/\/nid.pl\/en\/wp-json\/wp\/v2\/posts"}],"about":[{"href":"https:\/\/nid.pl\/en\/wp-json\/wp\/v2\/types\/post"}],"author":[{"embeddable":true,"href":"https:\/\/nid.pl\/en\/wp-json\/wp\/v2\/users\/7"}],"replies":[{"embeddable":true,"href":"https:\/\/nid.pl\/en\/wp-json\/wp\/v2\/comments?post=9368"}],"version-history":[{"count":0,"href":"https:\/\/nid.pl\/en\/wp-json\/wp\/v2\/posts\/9368\/revisions"}],"wp:featuredmedia":[{"embeddable":true,"href":"https:\/\/nid.pl\/en\/wp-json\/wp\/v2\/media\/10045"}],"wp:attachment":[{"href":"https:\/\/nid.pl\/en\/wp-json\/wp\/v2\/media?parent=9368"}],"wp:term":[{"taxonomy":"category","embeddable":true,"href":"https:\/\/nid.pl\/en\/wp-json\/wp\/v2\/categories?post=9368"},{"taxonomy":"post_tag","embeddable":true,"href":"https:\/\/nid.pl\/en\/wp-json\/wp\/v2\/tags?post=9368"}],"curies":[{"name":"wp","href":"https:\/\/api.w.org\/{rel}","templated":true}]}}