{"id":9295,"date":"2022-12-05T15:45:00","date_gmt":"2022-12-05T14:45:00","guid":{"rendered":"https:\/\/nid.pl\/?p=9295"},"modified":"2024-04-19T10:03:04","modified_gmt":"2024-04-19T08:03:04","slug":"kosciol-p-w-sw-jakuba-ap-w-malujowicach-nowym-pomnikiem-historii","status":"publish","type":"post","link":"https:\/\/nid.pl\/en\/2022\/12\/05\/kosciol-p-w-sw-jakuba-ap-w-malujowicach-nowym-pomnikiem-historii\/","title":{"rendered":"Ko\u015bci\u00f3\u0142 p.w. \u015bw. Jakuba Ap. w Ma\u0142ujowicach nowym pomnikiem historii"},"content":{"rendered":"<p><strong>23 listopada wesz\u0142o w \u017cycie rozporz\u0105dzenie Prezydenta Rzeczypospolitej Polskiej, zgodnie z kt\u00f3rym, ko\u015bci\u00f3\u0142 parafialny pod wezwaniem \u015bw. Jakuba Aposto\u0142a w Ma\u0142ujowicach zosta\u0142 uznany za pomnik historii. Jest to 7. taki obiekt na Opolszczy\u017anie i 118. w Polsce.<\/strong><\/p>\n\n\n\n<p>Ma\u0142ujowice to niewielka wie\u015b le\u017c\u0105ca w wojew\u00f3dztwie opolskim, w powiecie brzeskim. Jej nazwa prawdopodobnie pochodzi od polskiego okre\u015blenia, kt\u00f3re oznacza\u0142o \u201eco\u015b ma\u0142ego\u201d. W tej niewielkiej wsi mo\u017cna spotka\u0107 wyj\u0105tkowy obiekt historyczny. \u015awi\u0105tynia p.w. \u015bw. Jakuba Aposto\u0142a od lat przyci\u0105ga t\u0142umy pielgrzym\u00f3w i turyst\u00f3w z ca\u0142ego \u015bwiata. Jest uznawana za unikat w skali ca\u0142ego kraju.<\/p>\n\n\n\n<p>Ma\u0142ujowicka \u015bwi\u0105tynia wyr\u00f3\u017cnia si\u0119 najwi\u0119kszymi i najbogatszymi polichromiami gotyckimi w Polsce, wykonywanymi od ko\u0144ca XIV wieku do oko\u0142o 1483 roku oraz w kolejnych fazach. Zajmuj\u0105 one ponad 1000 m\u00b2 powierzchni i pokrywaj\u0105 \u015bciany prezbiterium, nawy, wysklepki, konsole, s\u0142u\u017cki z g\u0142owicami, \u017cebra i zworniki, glify okien oraz pod\u0142ucze t\u0119czy. Ko\u015bci\u00f3\u0142 wyr\u00f3\u017cnia si\u0119 autentyczn\u0105 substancj\u0105 oraz znacz\u0105c\u0105 warto\u015bci\u0105 artystyczn\u0105. \u015aredniowieczne polichromie s\u0105 realizacj\u0105 wybitnych warsztat\u00f3w \u015bl\u0105skich i czeskich. Wysok\u0105 klas\u0119 malowide\u0142 \u015bciennych podkre\u015blaj\u0105 wszyscy badacze zajmuj\u0105cy si\u0119 zagadnieniami gotyku. Polichromie ma\u0142ujowickie wyr\u00f3\u017cnia dobry stan zachowania i wyst\u0119puj\u0105cy tutaj bogaty program ikonograficzny (tzw. Biblia Pauperum).<\/p>\n\n\n\n<p>We wn\u0119trzu ko\u015bcio\u0142a zachwyca tak\u017ce pi\u0119tnastowieczny strop patronowy, kt\u00f3ry jest jednym z najstarszych i najbardziej okaza\u0142ych strop\u00f3w tego rodzaju w Polsce (ma on 258 m\u00b2 malowide\u0142 na oko\u0142o 640 deskach drewnianych). Uzupe\u0142nieniem malarstwa stanowi\u0105cego o unikatowych warto\u015bciach artystycznych ko\u015bcio\u0142a, jest dekoracja rze\u017abiarska portalu zachodniego z XIV w., kt\u00f3ra zaskakuje bogactwem form, niezliczonych w\u0105tk\u00f3w tre\u015bciowych i symboli, a tak\u017ce dwa cz\u0119\u015bciowo rekonstruowane skromniejsze portale.<\/p>\n\n\n\n<p>Ko\u015bci\u00f3\u0142 ma du\u017c\u0105 warto\u015b\u0107 historyczn\u0105. Jest \u015bwiadkiem burzliwej historii \u015al\u0105ska i ma zwi\u0105zki z wybitnymi postaciami historycznymi. Funkcjonuje nieprzerwanie od stuleci, zachowuj\u0105c przy tym oryginaln\u0105 substancj\u0119 materialn\u0105.<\/p>\n\n\n\n<p>Wi\u0119cej informacji o ko\u015bciele p.w. \u015bw. Jakuba Ap. w Ma\u0142ujowicach mo\u017cna przeczyta\u0107 na stronie <a href=\"https:\/\/zabytek.pl\/pl\/obiekty\/malujowice-kosciol-parafialny-pod-wezwaniem-sw-jakuba\" target=\"_blank\" rel=\"noreferrer noopener\">zabytek.pl<\/a>.<\/p>\n\n\n\n<p><\/p>\n\n\n\n<div class=\"wp-block-group is-layout-flow wp-block-group-is-layout-flow\">\n<figure class=\"wp-block-gallery has-nested-images columns-default is-cropped wp-block-gallery-1 is-layout-flex wp-block-gallery-is-layout-flex\">\n<figure class=\"wp-block-image size-large\"><img loading=\"lazy\" decoding=\"async\" width=\"1024\" height=\"683\" data-id=\"9299\" src=\"https:\/\/nid.pl\/wp-content\/uploads\/2022\/12\/Malujowice-kosciol-pod-wezwaniem-sw.-Jakuba-Apostola-Detal-archiwolty-z-przedstawieniem-Panien-Madrych-i-Glupich-2020-1024x683.jpg\" alt=\"\" class=\"wp-image-9299\" srcset=\"https:\/\/nid.pl\/wp-content\/uploads\/2022\/12\/Malujowice-kosciol-pod-wezwaniem-sw.-Jakuba-Apostola-Detal-archiwolty-z-przedstawieniem-Panien-Madrych-i-Glupich-2020-980x653.jpg 980w, https:\/\/nid.pl\/wp-content\/uploads\/2022\/12\/Malujowice-kosciol-pod-wezwaniem-sw.-Jakuba-Apostola-Detal-archiwolty-z-przedstawieniem-Panien-Madrych-i-Glupich-2020-480x320.jpg 480w\" sizes=\"(min-width: 0px) and (max-width: 480px) 480px, (min-width: 481px) and (max-width: 980px) 980px, (min-width: 981px) 1024px, 100vw\" \/><\/figure>\n\n\n\n<figure class=\"wp-block-image size-large\"><img loading=\"lazy\" decoding=\"async\" width=\"1024\" height=\"683\" data-id=\"9296\" src=\"https:\/\/nid.pl\/wp-content\/uploads\/2022\/12\/Malujowice-kosciol-pod-wezwaniem-sw.-Jakuba-Apostola-glowny-portal-wejsciowy-2018-1024x683.jpg\" alt=\"\" class=\"wp-image-9296\" srcset=\"https:\/\/nid.pl\/wp-content\/uploads\/2022\/12\/Malujowice-kosciol-pod-wezwaniem-sw.-Jakuba-Apostola-glowny-portal-wejsciowy-2018-980x653.jpg 980w, https:\/\/nid.pl\/wp-content\/uploads\/2022\/12\/Malujowice-kosciol-pod-wezwaniem-sw.-Jakuba-Apostola-glowny-portal-wejsciowy-2018-480x320.jpg 480w\" sizes=\"(min-width: 0px) and (max-width: 480px) 480px, (min-width: 481px) and (max-width: 980px) 980px, (min-width: 981px) 1024px, 100vw\" \/><\/figure>\n\n\n\n<figure class=\"wp-block-image size-large\"><img loading=\"lazy\" decoding=\"async\" width=\"1024\" height=\"683\" data-id=\"9301\" src=\"https:\/\/nid.pl\/wp-content\/uploads\/2022\/12\/Malujowice-kosciol-pod-wezwaniem-sw.-Jakuba-Apostola-widok-na-belke-teczowa-z-dekoracja-patronowa-1024x683.jpg\" alt=\"\" class=\"wp-image-9301\" srcset=\"https:\/\/nid.pl\/wp-content\/uploads\/2022\/12\/Malujowice-kosciol-pod-wezwaniem-sw.-Jakuba-Apostola-widok-na-belke-teczowa-z-dekoracja-patronowa-980x653.jpg 980w, https:\/\/nid.pl\/wp-content\/uploads\/2022\/12\/Malujowice-kosciol-pod-wezwaniem-sw.-Jakuba-Apostola-widok-na-belke-teczowa-z-dekoracja-patronowa-480x320.jpg 480w\" sizes=\"(min-width: 0px) and (max-width: 480px) 480px, (min-width: 481px) and (max-width: 980px) 980px, (min-width: 981px) 1024px, 100vw\" \/><\/figure>\n\n\n\n<figure class=\"wp-block-image size-large\"><img loading=\"lazy\" decoding=\"async\" width=\"1024\" height=\"683\" data-id=\"9297\" src=\"https:\/\/nid.pl\/wp-content\/uploads\/2022\/12\/Malujowice-kosciol-pod-wezwaniem-sw.-Jakuba-Apostola-widok-na-sciane-poludniowa-i-chor-kosciola-1024x683.jpg\" alt=\"\" class=\"wp-image-9297\" srcset=\"https:\/\/nid.pl\/wp-content\/uploads\/2022\/12\/Malujowice-kosciol-pod-wezwaniem-sw.-Jakuba-Apostola-widok-na-sciane-poludniowa-i-chor-kosciola-980x653.jpg 980w, https:\/\/nid.pl\/wp-content\/uploads\/2022\/12\/Malujowice-kosciol-pod-wezwaniem-sw.-Jakuba-Apostola-widok-na-sciane-poludniowa-i-chor-kosciola-480x320.jpg 480w\" sizes=\"(min-width: 0px) and (max-width: 480px) 480px, (min-width: 481px) and (max-width: 980px) 980px, (min-width: 981px) 1024px, 100vw\" \/><\/figure>\n\n\n\n<figure class=\"wp-block-image size-large\"><img loading=\"lazy\" decoding=\"async\" width=\"1024\" height=\"683\" data-id=\"9300\" src=\"https:\/\/nid.pl\/wp-content\/uploads\/2022\/12\/Malujowice-kosciol-pod-wezwaniem-sw.-Jakuba-Apostola-widok-na-sciane-polnocna-1024x683.jpg\" alt=\"\" class=\"wp-image-9300\" srcset=\"https:\/\/nid.pl\/wp-content\/uploads\/2022\/12\/Malujowice-kosciol-pod-wezwaniem-sw.-Jakuba-Apostola-widok-na-sciane-polnocna-980x653.jpg 980w, https:\/\/nid.pl\/wp-content\/uploads\/2022\/12\/Malujowice-kosciol-pod-wezwaniem-sw.-Jakuba-Apostola-widok-na-sciane-polnocna-480x320.jpg 480w\" sizes=\"(min-width: 0px) and (max-width: 480px) 480px, (min-width: 481px) and (max-width: 980px) 980px, (min-width: 981px) 1024px, 100vw\" \/><\/figure>\n<\/figure>\n<\/div>","protected":false},"excerpt":{"rendered":"<p>23 listopada wesz\u0142o w \u017cycie rozporz\u0105dzenie Prezydenta Rzeczypospolitej Polskiej, zgodnie z kt\u00f3rym, ko\u015bci\u00f3\u0142 parafialny pod wezwaniem \u015bw. Jakuba Aposto\u0142a w Ma\u0142ujowicach zosta\u0142 uznany za pomnik historii. Jest to 7. taki [&hellip;]<\/p>","protected":false},"author":4,"featured_media":9311,"comment_status":"open","ping_status":"open","sticky":false,"template":"","format":"standard","meta":{"_et_pb_use_builder":"off","_et_pb_old_content":"","_et_gb_content_width":"","_monsterinsights_skip_tracking":false,"_monsterinsights_sitenote_active":false,"_monsterinsights_sitenote_note":"","_monsterinsights_sitenote_category":0,"footnotes":""},"categories":[3,109],"tags":[],"class_list":["post-9295","post","type-post","status-publish","format-standard","has-post-thumbnail","hentry","category-aktualnosci","category-pomniki-historii"],"yoast_head":"<!-- This site is optimized with the Yoast SEO plugin v26.5 - https:\/\/yoast.com\/wordpress\/plugins\/seo\/ -->\n<title>Ko\u015bci\u00f3\u0142 p.w. \u015bw. Jakuba Ap. w Ma\u0142ujowicach nowym pomnikiem historii - NID<\/title>\n<meta name=\"robots\" content=\"index, follow, max-snippet:-1, max-image-preview:large, max-video-preview:-1\" \/>\n<link rel=\"canonical\" href=\"https:\/\/nid.pl\/en\/2022\/12\/05\/kosciol-p-w-sw-jakuba-ap-w-malujowicach-nowym-pomnikiem-historii\/\" \/>\n<meta property=\"og:locale\" content=\"en_GB\" \/>\n<meta property=\"og:type\" content=\"article\" \/>\n<meta property=\"og:title\" content=\"Ko\u015bci\u00f3\u0142 p.w. \u015bw. Jakuba Ap. w Ma\u0142ujowicach nowym pomnikiem historii - NID\" \/>\n<meta property=\"og:description\" content=\"23 listopada wesz\u0142o w \u017cycie rozporz\u0105dzenie Prezydenta Rzeczypospolitej Polskiej, zgodnie z kt\u00f3rym, ko\u015bci\u00f3\u0142 parafialny pod wezwaniem \u015bw. Jakuba Aposto\u0142a w Ma\u0142ujowicach zosta\u0142 uznany za pomnik historii. Jest to 7. taki [&hellip;]\" \/>\n<meta property=\"og:url\" content=\"https:\/\/nid.pl\/en\/2022\/12\/05\/kosciol-p-w-sw-jakuba-ap-w-malujowicach-nowym-pomnikiem-historii\/\" \/>\n<meta property=\"og:site_name\" content=\"NID\" \/>\n<meta property=\"article:publisher\" content=\"https:\/\/www.facebook.com\/zabytek\" \/>\n<meta property=\"article:published_time\" content=\"2022-12-05T14:45:00+00:00\" \/>\n<meta property=\"article:modified_time\" content=\"2024-04-19T08:03:04+00:00\" \/>\n<meta property=\"og:image\" content=\"https:\/\/nid.pl\/wp-content\/uploads\/2022\/12\/Malujowice-aktual-scaled.jpg\" \/>\n\t<meta property=\"og:image:width\" content=\"2560\" \/>\n\t<meta property=\"og:image:height\" content=\"1719\" \/>\n\t<meta property=\"og:image:type\" content=\"image\/jpeg\" \/>\n<meta name=\"author\" content=\"Marta Or\u0119ziak\" \/>\n<meta name=\"twitter:card\" content=\"summary_large_image\" \/>\n<meta name=\"twitter:creator\" content=\"@NarIDpl\" \/>\n<meta name=\"twitter:site\" content=\"@NarIDpl\" \/>\n<meta name=\"twitter:label1\" content=\"Written by\" \/>\n\t<meta name=\"twitter:data1\" content=\"Marta Or\u0119ziak\" \/>\n\t<meta name=\"twitter:label2\" content=\"Estimated reading time\" \/>\n\t<meta name=\"twitter:data2\" content=\"3 minutes\" \/>\n<script type=\"application\/ld+json\" class=\"yoast-schema-graph\">{\"@context\":\"https:\/\/schema.org\",\"@graph\":[{\"@type\":\"Article\",\"@id\":\"https:\/\/nid.pl\/2022\/12\/05\/kosciol-p-w-sw-jakuba-ap-w-malujowicach-nowym-pomnikiem-historii\/#article\",\"isPartOf\":{\"@id\":\"https:\/\/nid.pl\/2022\/12\/05\/kosciol-p-w-sw-jakuba-ap-w-malujowicach-nowym-pomnikiem-historii\/\"},\"author\":{\"name\":\"Marta Or\u0119ziak\",\"@id\":\"https:\/\/nid.pl\/#\/schema\/person\/9d848c4a54b78bc2a1461f1c5d8de615\"},\"headline\":\"Ko\u015bci\u00f3\u0142 p.w. \u015bw. Jakuba Ap. w Ma\u0142ujowicach nowym pomnikiem historii\",\"datePublished\":\"2022-12-05T14:45:00+00:00\",\"dateModified\":\"2024-04-19T08:03:04+00:00\",\"mainEntityOfPage\":{\"@id\":\"https:\/\/nid.pl\/2022\/12\/05\/kosciol-p-w-sw-jakuba-ap-w-malujowicach-nowym-pomnikiem-historii\/\"},\"wordCount\":373,\"commentCount\":0,\"publisher\":{\"@id\":\"https:\/\/nid.pl\/#organization\"},\"image\":{\"@id\":\"https:\/\/nid.pl\/2022\/12\/05\/kosciol-p-w-sw-jakuba-ap-w-malujowicach-nowym-pomnikiem-historii\/#primaryimage\"},\"thumbnailUrl\":\"https:\/\/nid.pl\/wp-content\/uploads\/2022\/12\/Malujowice-aktual-scaled.jpg\",\"articleSection\":[\"Aktualno\u015bci\",\"Pomniki historii\"],\"inLanguage\":\"en-GB\"},{\"@type\":\"WebPage\",\"@id\":\"https:\/\/nid.pl\/2022\/12\/05\/kosciol-p-w-sw-jakuba-ap-w-malujowicach-nowym-pomnikiem-historii\/\",\"url\":\"https:\/\/nid.pl\/2022\/12\/05\/kosciol-p-w-sw-jakuba-ap-w-malujowicach-nowym-pomnikiem-historii\/\",\"name\":\"Ko\u015bci\u00f3\u0142 p.w. \u015bw. Jakuba Ap. w Ma\u0142ujowicach nowym pomnikiem historii - NID\",\"isPartOf\":{\"@id\":\"https:\/\/nid.pl\/#website\"},\"primaryImageOfPage\":{\"@id\":\"https:\/\/nid.pl\/2022\/12\/05\/kosciol-p-w-sw-jakuba-ap-w-malujowicach-nowym-pomnikiem-historii\/#primaryimage\"},\"image\":{\"@id\":\"https:\/\/nid.pl\/2022\/12\/05\/kosciol-p-w-sw-jakuba-ap-w-malujowicach-nowym-pomnikiem-historii\/#primaryimage\"},\"thumbnailUrl\":\"https:\/\/nid.pl\/wp-content\/uploads\/2022\/12\/Malujowice-aktual-scaled.jpg\",\"datePublished\":\"2022-12-05T14:45:00+00:00\",\"dateModified\":\"2024-04-19T08:03:04+00:00\",\"breadcrumb\":{\"@id\":\"https:\/\/nid.pl\/2022\/12\/05\/kosciol-p-w-sw-jakuba-ap-w-malujowicach-nowym-pomnikiem-historii\/#breadcrumb\"},\"inLanguage\":\"en-GB\",\"potentialAction\":[{\"@type\":\"ReadAction\",\"target\":[\"https:\/\/nid.pl\/2022\/12\/05\/kosciol-p-w-sw-jakuba-ap-w-malujowicach-nowym-pomnikiem-historii\/\"]}]},{\"@type\":\"ImageObject\",\"inLanguage\":\"en-GB\",\"@id\":\"https:\/\/nid.pl\/2022\/12\/05\/kosciol-p-w-sw-jakuba-ap-w-malujowicach-nowym-pomnikiem-historii\/#primaryimage\",\"url\":\"https:\/\/nid.pl\/wp-content\/uploads\/2022\/12\/Malujowice-aktual-scaled.jpg\",\"contentUrl\":\"https:\/\/nid.pl\/wp-content\/uploads\/2022\/12\/Malujowice-aktual-scaled.jpg\",\"width\":2560,\"height\":1719,\"caption\":\"Malujowice aktual scaled\"},{\"@type\":\"BreadcrumbList\",\"@id\":\"https:\/\/nid.pl\/2022\/12\/05\/kosciol-p-w-sw-jakuba-ap-w-malujowicach-nowym-pomnikiem-historii\/#breadcrumb\",\"itemListElement\":[{\"@type\":\"ListItem\",\"position\":1,\"name\":\"Home\",\"item\":\"https:\/\/nid.pl\/\"},{\"@type\":\"ListItem\",\"position\":2,\"name\":\"Ko\u015bci\u00f3\u0142 p.w. \u015bw. Jakuba Ap. w Ma\u0142ujowicach nowym pomnikiem historii\"}]},{\"@type\":\"WebSite\",\"@id\":\"https:\/\/nid.pl\/#website\",\"url\":\"https:\/\/nid.pl\/\",\"name\":\"NID\",\"description\":\"Narodowy Instytut Dziedzictwa\",\"publisher\":{\"@id\":\"https:\/\/nid.pl\/#organization\"},\"potentialAction\":[{\"@type\":\"SearchAction\",\"target\":{\"@type\":\"EntryPoint\",\"urlTemplate\":\"https:\/\/nid.pl\/?s={search_term_string}\"},\"query-input\":{\"@type\":\"PropertyValueSpecification\",\"valueRequired\":true,\"valueName\":\"search_term_string\"}}],\"inLanguage\":\"en-GB\"},{\"@type\":\"Organization\",\"@id\":\"https:\/\/nid.pl\/#organization\",\"name\":\"Narodowy Instytut Dziedzictwa\",\"url\":\"https:\/\/nid.pl\/\",\"logo\":{\"@type\":\"ImageObject\",\"inLanguage\":\"en-GB\",\"@id\":\"https:\/\/nid.pl\/#\/schema\/logo\/image\/\",\"url\":\"https:\/\/nid.pl\/wp-content\/uploads\/2022\/10\/logoRedDark.png\",\"contentUrl\":\"https:\/\/nid.pl\/wp-content\/uploads\/2022\/10\/logoRedDark.png\",\"width\":200,\"height\":197,\"caption\":\"Narodowy Instytut Dziedzictwa\"},\"image\":{\"@id\":\"https:\/\/nid.pl\/#\/schema\/logo\/image\/\"},\"sameAs\":[\"https:\/\/www.facebook.com\/zabytek\",\"https:\/\/x.com\/NarIDpl\",\"https:\/\/www.instagram.com\/nid.pl\/?hl=pl\",\"https:\/\/www.linkedin.com\/company\/narodowy-instytut-dziedzictwa\",\"https:\/\/www.youtube.com\/channel\/UCQXuhKa2uHtmNvLRUSx40JA\"]},{\"@type\":\"Person\",\"@id\":\"https:\/\/nid.pl\/#\/schema\/person\/9d848c4a54b78bc2a1461f1c5d8de615\",\"name\":\"Marta Or\u0119ziak\",\"image\":{\"@type\":\"ImageObject\",\"inLanguage\":\"en-GB\",\"@id\":\"https:\/\/nid.pl\/#\/schema\/person\/image\/\",\"url\":\"https:\/\/nid.pl\/wp-content\/litespeed\/avatar\/3cdc296a7eb01425272974c992bee3ea.jpg?ver=1777445267\",\"contentUrl\":\"https:\/\/nid.pl\/wp-content\/litespeed\/avatar\/3cdc296a7eb01425272974c992bee3ea.jpg?ver=1777445267\",\"caption\":\"Marta Or\u0119ziak\"},\"url\":\"https:\/\/nid.pl\/en\/author\/moreziak\/\"}]}<\/script>\n<!-- \/ Yoast SEO plugin. -->","yoast_head_json":{"title":"Ko\u015bci\u00f3\u0142 p.w. \u015bw. Jakuba Ap. w Ma\u0142ujowicach nowym pomnikiem historii - NID","robots":{"index":"index","follow":"follow","max-snippet":"max-snippet:-1","max-image-preview":"max-image-preview:large","max-video-preview":"max-video-preview:-1"},"canonical":"https:\/\/nid.pl\/en\/2022\/12\/05\/kosciol-p-w-sw-jakuba-ap-w-malujowicach-nowym-pomnikiem-historii\/","og_locale":"en_GB","og_type":"article","og_title":"Ko\u015bci\u00f3\u0142 p.w. \u015bw. Jakuba Ap. w Ma\u0142ujowicach nowym pomnikiem historii - NID","og_description":"23 listopada wesz\u0142o w \u017cycie rozporz\u0105dzenie Prezydenta Rzeczypospolitej Polskiej, zgodnie z kt\u00f3rym, ko\u015bci\u00f3\u0142 parafialny pod wezwaniem \u015bw. Jakuba Aposto\u0142a w Ma\u0142ujowicach zosta\u0142 uznany za pomnik historii. Jest to 7. taki [&hellip;]","og_url":"https:\/\/nid.pl\/en\/2022\/12\/05\/kosciol-p-w-sw-jakuba-ap-w-malujowicach-nowym-pomnikiem-historii\/","og_site_name":"NID","article_publisher":"https:\/\/www.facebook.com\/zabytek","article_published_time":"2022-12-05T14:45:00+00:00","article_modified_time":"2024-04-19T08:03:04+00:00","og_image":[{"width":2560,"height":1719,"url":"https:\/\/nid.pl\/wp-content\/uploads\/2022\/12\/Malujowice-aktual-scaled.jpg","type":"image\/jpeg"}],"author":"Marta Or\u0119ziak","twitter_card":"summary_large_image","twitter_creator":"@NarIDpl","twitter_site":"@NarIDpl","twitter_misc":{"Written by":"Marta Or\u0119ziak","Estimated reading time":"3 minutes"},"schema":{"@context":"https:\/\/schema.org","@graph":[{"@type":"Article","@id":"https:\/\/nid.pl\/2022\/12\/05\/kosciol-p-w-sw-jakuba-ap-w-malujowicach-nowym-pomnikiem-historii\/#article","isPartOf":{"@id":"https:\/\/nid.pl\/2022\/12\/05\/kosciol-p-w-sw-jakuba-ap-w-malujowicach-nowym-pomnikiem-historii\/"},"author":{"name":"Marta Or\u0119ziak","@id":"https:\/\/nid.pl\/#\/schema\/person\/9d848c4a54b78bc2a1461f1c5d8de615"},"headline":"Ko\u015bci\u00f3\u0142 p.w. \u015bw. Jakuba Ap. w Ma\u0142ujowicach nowym pomnikiem historii","datePublished":"2022-12-05T14:45:00+00:00","dateModified":"2024-04-19T08:03:04+00:00","mainEntityOfPage":{"@id":"https:\/\/nid.pl\/2022\/12\/05\/kosciol-p-w-sw-jakuba-ap-w-malujowicach-nowym-pomnikiem-historii\/"},"wordCount":373,"commentCount":0,"publisher":{"@id":"https:\/\/nid.pl\/#organization"},"image":{"@id":"https:\/\/nid.pl\/2022\/12\/05\/kosciol-p-w-sw-jakuba-ap-w-malujowicach-nowym-pomnikiem-historii\/#primaryimage"},"thumbnailUrl":"https:\/\/nid.pl\/wp-content\/uploads\/2022\/12\/Malujowice-aktual-scaled.jpg","articleSection":["Aktualno\u015bci","Pomniki historii"],"inLanguage":"en-GB"},{"@type":"WebPage","@id":"https:\/\/nid.pl\/2022\/12\/05\/kosciol-p-w-sw-jakuba-ap-w-malujowicach-nowym-pomnikiem-historii\/","url":"https:\/\/nid.pl\/2022\/12\/05\/kosciol-p-w-sw-jakuba-ap-w-malujowicach-nowym-pomnikiem-historii\/","name":"Ko\u015bci\u00f3\u0142 p.w. \u015bw. Jakuba Ap. w Ma\u0142ujowicach nowym pomnikiem historii - NID","isPartOf":{"@id":"https:\/\/nid.pl\/#website"},"primaryImageOfPage":{"@id":"https:\/\/nid.pl\/2022\/12\/05\/kosciol-p-w-sw-jakuba-ap-w-malujowicach-nowym-pomnikiem-historii\/#primaryimage"},"image":{"@id":"https:\/\/nid.pl\/2022\/12\/05\/kosciol-p-w-sw-jakuba-ap-w-malujowicach-nowym-pomnikiem-historii\/#primaryimage"},"thumbnailUrl":"https:\/\/nid.pl\/wp-content\/uploads\/2022\/12\/Malujowice-aktual-scaled.jpg","datePublished":"2022-12-05T14:45:00+00:00","dateModified":"2024-04-19T08:03:04+00:00","breadcrumb":{"@id":"https:\/\/nid.pl\/2022\/12\/05\/kosciol-p-w-sw-jakuba-ap-w-malujowicach-nowym-pomnikiem-historii\/#breadcrumb"},"inLanguage":"en-GB","potentialAction":[{"@type":"ReadAction","target":["https:\/\/nid.pl\/2022\/12\/05\/kosciol-p-w-sw-jakuba-ap-w-malujowicach-nowym-pomnikiem-historii\/"]}]},{"@type":"ImageObject","inLanguage":"en-GB","@id":"https:\/\/nid.pl\/2022\/12\/05\/kosciol-p-w-sw-jakuba-ap-w-malujowicach-nowym-pomnikiem-historii\/#primaryimage","url":"https:\/\/nid.pl\/wp-content\/uploads\/2022\/12\/Malujowice-aktual-scaled.jpg","contentUrl":"https:\/\/nid.pl\/wp-content\/uploads\/2022\/12\/Malujowice-aktual-scaled.jpg","width":2560,"height":1719,"caption":"Malujowice aktual scaled"},{"@type":"BreadcrumbList","@id":"https:\/\/nid.pl\/2022\/12\/05\/kosciol-p-w-sw-jakuba-ap-w-malujowicach-nowym-pomnikiem-historii\/#breadcrumb","itemListElement":[{"@type":"ListItem","position":1,"name":"Home","item":"https:\/\/nid.pl\/"},{"@type":"ListItem","position":2,"name":"Ko\u015bci\u00f3\u0142 p.w. \u015bw. Jakuba Ap. w Ma\u0142ujowicach nowym pomnikiem historii"}]},{"@type":"WebSite","@id":"https:\/\/nid.pl\/#website","url":"https:\/\/nid.pl\/","name":"NID","description":"Narodowy Instytut Dziedzictwa","publisher":{"@id":"https:\/\/nid.pl\/#organization"},"potentialAction":[{"@type":"SearchAction","target":{"@type":"EntryPoint","urlTemplate":"https:\/\/nid.pl\/?s={search_term_string}"},"query-input":{"@type":"PropertyValueSpecification","valueRequired":true,"valueName":"search_term_string"}}],"inLanguage":"en-GB"},{"@type":"Organization","@id":"https:\/\/nid.pl\/#organization","name":"Narodowy Instytut Dziedzictwa","url":"https:\/\/nid.pl\/","logo":{"@type":"ImageObject","inLanguage":"en-GB","@id":"https:\/\/nid.pl\/#\/schema\/logo\/image\/","url":"https:\/\/nid.pl\/wp-content\/uploads\/2022\/10\/logoRedDark.png","contentUrl":"https:\/\/nid.pl\/wp-content\/uploads\/2022\/10\/logoRedDark.png","width":200,"height":197,"caption":"Narodowy Instytut Dziedzictwa"},"image":{"@id":"https:\/\/nid.pl\/#\/schema\/logo\/image\/"},"sameAs":["https:\/\/www.facebook.com\/zabytek","https:\/\/x.com\/NarIDpl","https:\/\/www.instagram.com\/nid.pl\/?hl=pl","https:\/\/www.linkedin.com\/company\/narodowy-instytut-dziedzictwa","https:\/\/www.youtube.com\/channel\/UCQXuhKa2uHtmNvLRUSx40JA"]},{"@type":"Person","@id":"https:\/\/nid.pl\/#\/schema\/person\/9d848c4a54b78bc2a1461f1c5d8de615","name":"Marta Or\u0119ziak","image":{"@type":"ImageObject","inLanguage":"en-GB","@id":"https:\/\/nid.pl\/#\/schema\/person\/image\/","url":"https:\/\/nid.pl\/wp-content\/litespeed\/avatar\/3cdc296a7eb01425272974c992bee3ea.jpg?ver=1777445267","contentUrl":"https:\/\/nid.pl\/wp-content\/litespeed\/avatar\/3cdc296a7eb01425272974c992bee3ea.jpg?ver=1777445267","caption":"Marta Or\u0119ziak"},"url":"https:\/\/nid.pl\/en\/author\/moreziak\/"}]}},"_links":{"self":[{"href":"https:\/\/nid.pl\/en\/wp-json\/wp\/v2\/posts\/9295","targetHints":{"allow":["GET"]}}],"collection":[{"href":"https:\/\/nid.pl\/en\/wp-json\/wp\/v2\/posts"}],"about":[{"href":"https:\/\/nid.pl\/en\/wp-json\/wp\/v2\/types\/post"}],"author":[{"embeddable":true,"href":"https:\/\/nid.pl\/en\/wp-json\/wp\/v2\/users\/4"}],"replies":[{"embeddable":true,"href":"https:\/\/nid.pl\/en\/wp-json\/wp\/v2\/comments?post=9295"}],"version-history":[{"count":0,"href":"https:\/\/nid.pl\/en\/wp-json\/wp\/v2\/posts\/9295\/revisions"}],"wp:featuredmedia":[{"embeddable":true,"href":"https:\/\/nid.pl\/en\/wp-json\/wp\/v2\/media\/9311"}],"wp:attachment":[{"href":"https:\/\/nid.pl\/en\/wp-json\/wp\/v2\/media?parent=9295"}],"wp:term":[{"taxonomy":"category","embeddable":true,"href":"https:\/\/nid.pl\/en\/wp-json\/wp\/v2\/categories?post=9295"},{"taxonomy":"post_tag","embeddable":true,"href":"https:\/\/nid.pl\/en\/wp-json\/wp\/v2\/tags?post=9295"}],"curies":[{"name":"wp","href":"https:\/\/api.w.org\/{rel}","templated":true}]}}