{"id":9232,"date":"2022-11-18T08:36:00","date_gmt":"2022-11-18T07:36:00","guid":{"rendered":"https:\/\/nid.pl\/?p=9232"},"modified":"2022-11-30T08:49:18","modified_gmt":"2022-11-30T07:49:18","slug":"wyniki-iii-edycji-ogolnopolskiego-konkursu-samorzad-dla-dziedzictwa","status":"publish","type":"post","link":"https:\/\/nid.pl\/en\/2022\/11\/18\/wyniki-iii-edycji-ogolnopolskiego-konkursu-samorzad-dla-dziedzictwa\/","title":{"rendered":"Wyniki III edycji og\u00f3lnopolskiego konkursu &#8220;Samorz\u0105d dla Dziedzictwa&#8221;"},"content":{"rendered":"<p><strong>14 listopada podczas uroczystej Gali, w Centrum Prasowym Foksal w Warszawie, poznali\u015bmy laureat\u00f3w konkursu Ministra Kultury i Dziedzictwa Narodowego i Generalnego Konserwatora Zabytk\u00f3w \u201eSamorz\u0105d dla dziedzictwa\u201d. Koordynowany przez Narodowy Instytut Dziedzictwa konkurs jest przedsi\u0119wzi\u0119ciem o zasi\u0119gu og\u00f3lnopolskim, kt\u00f3rego celem jest uwra\u017cliwienie w\u0142adz samorz\u0105dowych na potrzeb\u0119 uchwalania i realizowania Gminnych Program\u00f3w Opieki nad Zabytkami. Ukazuj\u0105c i nagradzaj\u0105c najlepiej zrealizowane dzia\u0142ania, konkurs ma potencja\u0142 przyczyni\u0107 si\u0119 do lepszego wykonywania obowi\u0105zk\u00f3w wynikaj\u0105cych z ustawy o Ochronie Zabytk\u00f3w i Opiece nad Zabytkami z dnia 23 lipca 2003 r.<\/strong> <\/p>\n\n\n\n<p><\/p>\n\n\n\n<p><strong>Konkurs \u201eSamorz\u0105d dla Dziedzictwa\u201d<\/strong> zosta\u0142 og\u0142oszony przez Ministra Kultury i Dziedzictwa Narodowego oraz Generalnego Konserwatora Zabytk\u00f3w jako cz\u0119\u015b\u0107 Krajowego Programu Ochrony Zabytk\u00f3w i Opieki nad Zabytkami na lata 2019-2022. \u201eSamorz\u0105d Dla Dziedzictwa\u201d, to projekt adresowany do samorz\u0105d\u00f3w gminnych, kt\u00f3re wyr\u00f3\u017cniaj\u0105 si\u0119 prawid\u0142owo opracowanym Programem Opieki nad Zabytkami oraz realizacjami zapewniaj\u0105cymi zachowanie lokalnego dziedzictwa i efektywne wykorzystanie jego potencja\u0142u.<\/p>\n\n\n\n<p>Konkurs prowadzony jest w trzech kategoriach: du\u017ce i \u015brednie gminy miejskie, ma\u0142e gminy miejskie oraz gminy miejsko-wiejskie i wiejskie. W sk\u0142ad jury konkursu wchodzi 7 cz\u0142onk\u00f3w: dr hab. Monika Murzyn-Kupisz, prof. UJ- przewodnicz\u0105ca Jury, Zbigniew Maj \u2013 przedstawiciel Departamentu Ochrony Zabytk\u00f3w \u2013 zast\u0119pca przewodnicz\u0105cej, dr hab. in\u017c. arch. Robert Hirsch, Barbara Kazior, dr Paulina Legutko-Kobus, prof. dr hab. in\u017c. Bogus\u0142aw Szmygin, dr hab. Katarzyna Zalasi\u0144ska.<\/p>\n\n\n\n<p>Decyzj\u0105 Generalnego Konserwatora Zabytk\u00f3w, na podstawie rekomendacji jury nagrodzono cztery gminy, w tym dwie otrzyma\u0142y tytu\u0142.<\/p>\n\n\n\n<p><strong>Laureatem konkursu \u201eSamorz\u0105d Dla Dziedzictwa\u201d, w kategorii du\u017ce i \u015brednie<\/strong> <strong>gminy miejskie, zosta\u0142o MIASTO KALISZ.<\/strong> Jury szczeg\u00f3lnie doceni\u0142o kompleksowe podej\u015bcie miasta do kwestii dziedzictwa kulturowego, uwzgl\u0119dniaj\u0105ce dziedzictwo materialne i niematerialne, podj\u0119cie wielowymiarowych dzia\u0142a\u0144 oraz konstruktywn\u0105 wsp\u00f3\u0142prac\u0119 z r\u00f3\u017cnymi podmiotami.<\/p>\n\n\n\n<p><strong>Wyr\u00f3\u017cnienie<\/strong>, w tej kategorii, otrzyma\u0142o <strong>MIASTO ZABRZE<\/strong>. Zabrze zyska\u0142o uznanie Jury za umiej\u0119tne dostrze\u017cenie warto\u015bci obiekt\u00f3w zabytkowych i zwi\u0105zanego z nimi dziedzictwa niematerialnego, wykorzystanie potencja\u0142u dziedzictwa do rozwoju gminy oraz aktywizacj\u0119 spo\u0142eczn\u0105 w oparciu o to dziedzictwo.<\/p>\n\n\n\n<p><strong>W kategorii ma\u0142e gminy miejskie<\/strong> wyr\u00f3\u017cnienie w konkursie otrzyma\u0142o <strong>MIASTO LUBAWA<\/strong>. Jury doceni\u0142o dobrze opracowany, konsekwentnie wdra\u017cany i odpowiednio monitorowany program opieki nad zabytkami miasta, uwzgl\u0119dniaj\u0105cy potencja\u0142 dziedzictwa materialnego i niematerialnego, wykorzystuj\u0105cy miejsca zabytkowe jako przestrzenie publiczne i turystyczne stymuluj\u0105ce rozw\u00f3j lokalny. W tej kategorii nie zosta\u0142 przyznany tytu\u0142 laureata.<\/p>\n\n\n\n<p><strong>W kategorii gminy miejsko-wiejskie i wiejskie<\/strong> tytu\u0142u <strong>laureata otrzyma\u0142a GMINA TOSZEK<\/strong>. Jury szczeg\u00f3lnie doceni\u0142o dobrze zaplanowany i konsekwentnie wdra\u017cany, r\u00f3\u017cnorodny i\u00a0wieloaspektowy program ochrony zabytk\u00f3w z potencja\u0142em do kontynuacji. Program umo\u017cliwia rozw\u00f3j gminy na wielu obszarach: wizerunkowo-promocyjnym, turystycznym, edukacyjnym i integracyjnym.<\/p>\n\n\n\n<p>Laureaci oraz wyr\u00f3\u017cnieni otrzymali dyplomy oraz tablice pami\u0105tkowe. Nagrodami g\u0142\u00f3wnymi dla laureat\u00f3w konkursu s\u0105 filmy promuj\u0105ce dziedzictwo kulturowe gmin wyprodukowane przez Narodowy Instytut Dziedzictwa.<\/p>\n\n\n\n<p>Gratulujemy!<\/p>","protected":false},"excerpt":{"rendered":"<p>14 listopada podczas uroczystej Gali, w Centrum Prasowym Foksal w Warszawie, poznali\u015bmy laureat\u00f3w konkursu Ministra Kultury i Dziedzictwa Narodowego i Generalnego Konserwatora Zabytk\u00f3w \u201eSamorz\u0105d dla dziedzictwa\u201d. Koordynowany przez Narodowy Instytut [&hellip;]<\/p>","protected":false},"author":7,"featured_media":9229,"comment_status":"open","ping_status":"open","sticky":false,"template":"","format":"standard","meta":{"_et_pb_use_builder":"off","_et_pb_old_content":"","_et_gb_content_width":"","_monsterinsights_skip_tracking":false,"_monsterinsights_sitenote_active":false,"_monsterinsights_sitenote_note":"","_monsterinsights_sitenote_category":0,"footnotes":""},"categories":[32],"tags":[],"class_list":["post-9232","post","type-post","status-publish","format-standard","has-post-thumbnail","hentry","category-samorzad-dla-dziedzictwa"],"yoast_head":"<!-- This site is optimized with the Yoast SEO plugin v26.5 - https:\/\/yoast.com\/wordpress\/plugins\/seo\/ -->\n<title>Wyniki III edycji og\u00f3lnopolskiego konkursu &quot;Samorz\u0105d dla Dziedzictwa&quot; - NID<\/title>\n<meta name=\"robots\" content=\"index, follow, max-snippet:-1, max-image-preview:large, max-video-preview:-1\" \/>\n<link rel=\"canonical\" href=\"https:\/\/nid.pl\/en\/2022\/11\/18\/wyniki-iii-edycji-ogolnopolskiego-konkursu-samorzad-dla-dziedzictwa\/\" \/>\n<meta property=\"og:locale\" content=\"en_GB\" \/>\n<meta property=\"og:type\" content=\"article\" \/>\n<meta property=\"og:title\" content=\"Wyniki III edycji og\u00f3lnopolskiego konkursu &quot;Samorz\u0105d dla Dziedzictwa&quot; - NID\" \/>\n<meta property=\"og:description\" content=\"14 listopada podczas uroczystej Gali, w Centrum Prasowym Foksal w Warszawie, poznali\u015bmy laureat\u00f3w konkursu Ministra Kultury i Dziedzictwa Narodowego i Generalnego Konserwatora Zabytk\u00f3w \u201eSamorz\u0105d dla dziedzictwa\u201d. Koordynowany przez Narodowy Instytut [&hellip;]\" \/>\n<meta property=\"og:url\" content=\"https:\/\/nid.pl\/en\/2022\/11\/18\/wyniki-iii-edycji-ogolnopolskiego-konkursu-samorzad-dla-dziedzictwa\/\" \/>\n<meta property=\"og:site_name\" content=\"NID\" \/>\n<meta property=\"article:publisher\" content=\"https:\/\/www.facebook.com\/zabytek\" \/>\n<meta property=\"article:published_time\" content=\"2022-11-18T07:36:00+00:00\" \/>\n<meta property=\"article:modified_time\" content=\"2022-11-30T07:49:18+00:00\" \/>\n<meta property=\"og:image\" content=\"https:\/\/nid.pl\/wp-content\/uploads\/2022\/11\/Toszek_Kalisz_aktual.png\" \/>\n\t<meta property=\"og:image:width\" content=\"440\" \/>\n\t<meta property=\"og:image:height\" content=\"294\" \/>\n\t<meta property=\"og:image:type\" content=\"image\/png\" \/>\n<meta name=\"author\" content=\"Barbara Halliop\" \/>\n<meta name=\"twitter:card\" content=\"summary_large_image\" \/>\n<meta name=\"twitter:creator\" content=\"@NarIDpl\" \/>\n<meta name=\"twitter:site\" content=\"@NarIDpl\" \/>\n<meta name=\"twitter:label1\" content=\"Written by\" \/>\n\t<meta name=\"twitter:data1\" content=\"Barbara Halliop\" \/>\n\t<meta name=\"twitter:label2\" content=\"Estimated reading time\" \/>\n\t<meta name=\"twitter:data2\" content=\"2 minutes\" \/>\n<script type=\"application\/ld+json\" class=\"yoast-schema-graph\">{\"@context\":\"https:\/\/schema.org\",\"@graph\":[{\"@type\":\"Article\",\"@id\":\"https:\/\/nid.pl\/2022\/11\/18\/wyniki-iii-edycji-ogolnopolskiego-konkursu-samorzad-dla-dziedzictwa\/#article\",\"isPartOf\":{\"@id\":\"https:\/\/nid.pl\/2022\/11\/18\/wyniki-iii-edycji-ogolnopolskiego-konkursu-samorzad-dla-dziedzictwa\/\"},\"author\":{\"name\":\"Barbara Halliop\",\"@id\":\"https:\/\/nid.pl\/#\/schema\/person\/1b690a8998a5111cfb9f0ffe24195a15\"},\"headline\":\"Wyniki III edycji og\u00f3lnopolskiego konkursu &#8220;Samorz\u0105d dla Dziedzictwa&#8221;\",\"datePublished\":\"2022-11-18T07:36:00+00:00\",\"dateModified\":\"2022-11-30T07:49:18+00:00\",\"mainEntityOfPage\":{\"@id\":\"https:\/\/nid.pl\/2022\/11\/18\/wyniki-iii-edycji-ogolnopolskiego-konkursu-samorzad-dla-dziedzictwa\/\"},\"wordCount\":511,\"commentCount\":0,\"publisher\":{\"@id\":\"https:\/\/nid.pl\/#organization\"},\"image\":{\"@id\":\"https:\/\/nid.pl\/2022\/11\/18\/wyniki-iii-edycji-ogolnopolskiego-konkursu-samorzad-dla-dziedzictwa\/#primaryimage\"},\"thumbnailUrl\":\"https:\/\/nid.pl\/wp-content\/uploads\/2022\/11\/Toszek_Kalisz_aktual.png\",\"articleSection\":[\"Samorz\u0105d dla dziedzictwa\"],\"inLanguage\":\"en-GB\"},{\"@type\":\"WebPage\",\"@id\":\"https:\/\/nid.pl\/2022\/11\/18\/wyniki-iii-edycji-ogolnopolskiego-konkursu-samorzad-dla-dziedzictwa\/\",\"url\":\"https:\/\/nid.pl\/2022\/11\/18\/wyniki-iii-edycji-ogolnopolskiego-konkursu-samorzad-dla-dziedzictwa\/\",\"name\":\"Wyniki III edycji og\u00f3lnopolskiego konkursu \\\"Samorz\u0105d dla Dziedzictwa\\\" - NID\",\"isPartOf\":{\"@id\":\"https:\/\/nid.pl\/#website\"},\"primaryImageOfPage\":{\"@id\":\"https:\/\/nid.pl\/2022\/11\/18\/wyniki-iii-edycji-ogolnopolskiego-konkursu-samorzad-dla-dziedzictwa\/#primaryimage\"},\"image\":{\"@id\":\"https:\/\/nid.pl\/2022\/11\/18\/wyniki-iii-edycji-ogolnopolskiego-konkursu-samorzad-dla-dziedzictwa\/#primaryimage\"},\"thumbnailUrl\":\"https:\/\/nid.pl\/wp-content\/uploads\/2022\/11\/Toszek_Kalisz_aktual.png\",\"datePublished\":\"2022-11-18T07:36:00+00:00\",\"dateModified\":\"2022-11-30T07:49:18+00:00\",\"breadcrumb\":{\"@id\":\"https:\/\/nid.pl\/2022\/11\/18\/wyniki-iii-edycji-ogolnopolskiego-konkursu-samorzad-dla-dziedzictwa\/#breadcrumb\"},\"inLanguage\":\"en-GB\",\"potentialAction\":[{\"@type\":\"ReadAction\",\"target\":[\"https:\/\/nid.pl\/2022\/11\/18\/wyniki-iii-edycji-ogolnopolskiego-konkursu-samorzad-dla-dziedzictwa\/\"]}]},{\"@type\":\"ImageObject\",\"inLanguage\":\"en-GB\",\"@id\":\"https:\/\/nid.pl\/2022\/11\/18\/wyniki-iii-edycji-ogolnopolskiego-konkursu-samorzad-dla-dziedzictwa\/#primaryimage\",\"url\":\"https:\/\/nid.pl\/wp-content\/uploads\/2022\/11\/Toszek_Kalisz_aktual.png\",\"contentUrl\":\"https:\/\/nid.pl\/wp-content\/uploads\/2022\/11\/Toszek_Kalisz_aktual.png\",\"width\":440,\"height\":294,\"caption\":\"Toszek Kalisz aktual\"},{\"@type\":\"BreadcrumbList\",\"@id\":\"https:\/\/nid.pl\/2022\/11\/18\/wyniki-iii-edycji-ogolnopolskiego-konkursu-samorzad-dla-dziedzictwa\/#breadcrumb\",\"itemListElement\":[{\"@type\":\"ListItem\",\"position\":1,\"name\":\"Home\",\"item\":\"https:\/\/nid.pl\/\"},{\"@type\":\"ListItem\",\"position\":2,\"name\":\"Wyniki III edycji og\u00f3lnopolskiego konkursu &#8220;Samorz\u0105d dla Dziedzictwa&#8221;\"}]},{\"@type\":\"WebSite\",\"@id\":\"https:\/\/nid.pl\/#website\",\"url\":\"https:\/\/nid.pl\/\",\"name\":\"NID\",\"description\":\"Narodowy Instytut Dziedzictwa\",\"publisher\":{\"@id\":\"https:\/\/nid.pl\/#organization\"},\"potentialAction\":[{\"@type\":\"SearchAction\",\"target\":{\"@type\":\"EntryPoint\",\"urlTemplate\":\"https:\/\/nid.pl\/?s={search_term_string}\"},\"query-input\":{\"@type\":\"PropertyValueSpecification\",\"valueRequired\":true,\"valueName\":\"search_term_string\"}}],\"inLanguage\":\"en-GB\"},{\"@type\":\"Organization\",\"@id\":\"https:\/\/nid.pl\/#organization\",\"name\":\"Narodowy Instytut Dziedzictwa\",\"url\":\"https:\/\/nid.pl\/\",\"logo\":{\"@type\":\"ImageObject\",\"inLanguage\":\"en-GB\",\"@id\":\"https:\/\/nid.pl\/#\/schema\/logo\/image\/\",\"url\":\"https:\/\/nid.pl\/wp-content\/uploads\/2022\/10\/logoRedDark.png\",\"contentUrl\":\"https:\/\/nid.pl\/wp-content\/uploads\/2022\/10\/logoRedDark.png\",\"width\":200,\"height\":197,\"caption\":\"Narodowy Instytut Dziedzictwa\"},\"image\":{\"@id\":\"https:\/\/nid.pl\/#\/schema\/logo\/image\/\"},\"sameAs\":[\"https:\/\/www.facebook.com\/zabytek\",\"https:\/\/x.com\/NarIDpl\",\"https:\/\/www.instagram.com\/nid.pl\/?hl=pl\",\"https:\/\/www.linkedin.com\/company\/narodowy-instytut-dziedzictwa\",\"https:\/\/www.youtube.com\/channel\/UCQXuhKa2uHtmNvLRUSx40JA\"]},{\"@type\":\"Person\",\"@id\":\"https:\/\/nid.pl\/#\/schema\/person\/1b690a8998a5111cfb9f0ffe24195a15\",\"name\":\"Barbara Halliop\",\"image\":{\"@type\":\"ImageObject\",\"inLanguage\":\"en-GB\",\"@id\":\"https:\/\/nid.pl\/#\/schema\/person\/image\/\",\"url\":\"https:\/\/nid.pl\/wp-content\/litespeed\/avatar\/924046d17dd0c842c9fa9ccf489bc6dc.jpg?ver=1777444967\",\"contentUrl\":\"https:\/\/nid.pl\/wp-content\/litespeed\/avatar\/924046d17dd0c842c9fa9ccf489bc6dc.jpg?ver=1777444967\",\"caption\":\"Barbara Halliop\"},\"url\":\"https:\/\/nid.pl\/en\/author\/bhalliop\/\"}]}<\/script>\n<!-- \/ Yoast SEO plugin. -->","yoast_head_json":{"title":"Wyniki III edycji og\u00f3lnopolskiego konkursu \"Samorz\u0105d dla Dziedzictwa\" - NID","robots":{"index":"index","follow":"follow","max-snippet":"max-snippet:-1","max-image-preview":"max-image-preview:large","max-video-preview":"max-video-preview:-1"},"canonical":"https:\/\/nid.pl\/en\/2022\/11\/18\/wyniki-iii-edycji-ogolnopolskiego-konkursu-samorzad-dla-dziedzictwa\/","og_locale":"en_GB","og_type":"article","og_title":"Wyniki III edycji og\u00f3lnopolskiego konkursu \"Samorz\u0105d dla Dziedzictwa\" - NID","og_description":"14 listopada podczas uroczystej Gali, w Centrum Prasowym Foksal w Warszawie, poznali\u015bmy laureat\u00f3w konkursu Ministra Kultury i Dziedzictwa Narodowego i Generalnego Konserwatora Zabytk\u00f3w \u201eSamorz\u0105d dla dziedzictwa\u201d. Koordynowany przez Narodowy Instytut [&hellip;]","og_url":"https:\/\/nid.pl\/en\/2022\/11\/18\/wyniki-iii-edycji-ogolnopolskiego-konkursu-samorzad-dla-dziedzictwa\/","og_site_name":"NID","article_publisher":"https:\/\/www.facebook.com\/zabytek","article_published_time":"2022-11-18T07:36:00+00:00","article_modified_time":"2022-11-30T07:49:18+00:00","og_image":[{"width":440,"height":294,"url":"https:\/\/nid.pl\/wp-content\/uploads\/2022\/11\/Toszek_Kalisz_aktual.png","type":"image\/png"}],"author":"Barbara Halliop","twitter_card":"summary_large_image","twitter_creator":"@NarIDpl","twitter_site":"@NarIDpl","twitter_misc":{"Written by":"Barbara Halliop","Estimated reading time":"2 minutes"},"schema":{"@context":"https:\/\/schema.org","@graph":[{"@type":"Article","@id":"https:\/\/nid.pl\/2022\/11\/18\/wyniki-iii-edycji-ogolnopolskiego-konkursu-samorzad-dla-dziedzictwa\/#article","isPartOf":{"@id":"https:\/\/nid.pl\/2022\/11\/18\/wyniki-iii-edycji-ogolnopolskiego-konkursu-samorzad-dla-dziedzictwa\/"},"author":{"name":"Barbara Halliop","@id":"https:\/\/nid.pl\/#\/schema\/person\/1b690a8998a5111cfb9f0ffe24195a15"},"headline":"Wyniki III edycji og\u00f3lnopolskiego konkursu &#8220;Samorz\u0105d dla Dziedzictwa&#8221;","datePublished":"2022-11-18T07:36:00+00:00","dateModified":"2022-11-30T07:49:18+00:00","mainEntityOfPage":{"@id":"https:\/\/nid.pl\/2022\/11\/18\/wyniki-iii-edycji-ogolnopolskiego-konkursu-samorzad-dla-dziedzictwa\/"},"wordCount":511,"commentCount":0,"publisher":{"@id":"https:\/\/nid.pl\/#organization"},"image":{"@id":"https:\/\/nid.pl\/2022\/11\/18\/wyniki-iii-edycji-ogolnopolskiego-konkursu-samorzad-dla-dziedzictwa\/#primaryimage"},"thumbnailUrl":"https:\/\/nid.pl\/wp-content\/uploads\/2022\/11\/Toszek_Kalisz_aktual.png","articleSection":["Samorz\u0105d dla dziedzictwa"],"inLanguage":"en-GB"},{"@type":"WebPage","@id":"https:\/\/nid.pl\/2022\/11\/18\/wyniki-iii-edycji-ogolnopolskiego-konkursu-samorzad-dla-dziedzictwa\/","url":"https:\/\/nid.pl\/2022\/11\/18\/wyniki-iii-edycji-ogolnopolskiego-konkursu-samorzad-dla-dziedzictwa\/","name":"Wyniki III edycji og\u00f3lnopolskiego konkursu \"Samorz\u0105d dla Dziedzictwa\" - NID","isPartOf":{"@id":"https:\/\/nid.pl\/#website"},"primaryImageOfPage":{"@id":"https:\/\/nid.pl\/2022\/11\/18\/wyniki-iii-edycji-ogolnopolskiego-konkursu-samorzad-dla-dziedzictwa\/#primaryimage"},"image":{"@id":"https:\/\/nid.pl\/2022\/11\/18\/wyniki-iii-edycji-ogolnopolskiego-konkursu-samorzad-dla-dziedzictwa\/#primaryimage"},"thumbnailUrl":"https:\/\/nid.pl\/wp-content\/uploads\/2022\/11\/Toszek_Kalisz_aktual.png","datePublished":"2022-11-18T07:36:00+00:00","dateModified":"2022-11-30T07:49:18+00:00","breadcrumb":{"@id":"https:\/\/nid.pl\/2022\/11\/18\/wyniki-iii-edycji-ogolnopolskiego-konkursu-samorzad-dla-dziedzictwa\/#breadcrumb"},"inLanguage":"en-GB","potentialAction":[{"@type":"ReadAction","target":["https:\/\/nid.pl\/2022\/11\/18\/wyniki-iii-edycji-ogolnopolskiego-konkursu-samorzad-dla-dziedzictwa\/"]}]},{"@type":"ImageObject","inLanguage":"en-GB","@id":"https:\/\/nid.pl\/2022\/11\/18\/wyniki-iii-edycji-ogolnopolskiego-konkursu-samorzad-dla-dziedzictwa\/#primaryimage","url":"https:\/\/nid.pl\/wp-content\/uploads\/2022\/11\/Toszek_Kalisz_aktual.png","contentUrl":"https:\/\/nid.pl\/wp-content\/uploads\/2022\/11\/Toszek_Kalisz_aktual.png","width":440,"height":294,"caption":"Toszek Kalisz aktual"},{"@type":"BreadcrumbList","@id":"https:\/\/nid.pl\/2022\/11\/18\/wyniki-iii-edycji-ogolnopolskiego-konkursu-samorzad-dla-dziedzictwa\/#breadcrumb","itemListElement":[{"@type":"ListItem","position":1,"name":"Home","item":"https:\/\/nid.pl\/"},{"@type":"ListItem","position":2,"name":"Wyniki III edycji og\u00f3lnopolskiego konkursu &#8220;Samorz\u0105d dla Dziedzictwa&#8221;"}]},{"@type":"WebSite","@id":"https:\/\/nid.pl\/#website","url":"https:\/\/nid.pl\/","name":"NID","description":"Narodowy Instytut Dziedzictwa","publisher":{"@id":"https:\/\/nid.pl\/#organization"},"potentialAction":[{"@type":"SearchAction","target":{"@type":"EntryPoint","urlTemplate":"https:\/\/nid.pl\/?s={search_term_string}"},"query-input":{"@type":"PropertyValueSpecification","valueRequired":true,"valueName":"search_term_string"}}],"inLanguage":"en-GB"},{"@type":"Organization","@id":"https:\/\/nid.pl\/#organization","name":"Narodowy Instytut Dziedzictwa","url":"https:\/\/nid.pl\/","logo":{"@type":"ImageObject","inLanguage":"en-GB","@id":"https:\/\/nid.pl\/#\/schema\/logo\/image\/","url":"https:\/\/nid.pl\/wp-content\/uploads\/2022\/10\/logoRedDark.png","contentUrl":"https:\/\/nid.pl\/wp-content\/uploads\/2022\/10\/logoRedDark.png","width":200,"height":197,"caption":"Narodowy Instytut Dziedzictwa"},"image":{"@id":"https:\/\/nid.pl\/#\/schema\/logo\/image\/"},"sameAs":["https:\/\/www.facebook.com\/zabytek","https:\/\/x.com\/NarIDpl","https:\/\/www.instagram.com\/nid.pl\/?hl=pl","https:\/\/www.linkedin.com\/company\/narodowy-instytut-dziedzictwa","https:\/\/www.youtube.com\/channel\/UCQXuhKa2uHtmNvLRUSx40JA"]},{"@type":"Person","@id":"https:\/\/nid.pl\/#\/schema\/person\/1b690a8998a5111cfb9f0ffe24195a15","name":"Barbara Halliop","image":{"@type":"ImageObject","inLanguage":"en-GB","@id":"https:\/\/nid.pl\/#\/schema\/person\/image\/","url":"https:\/\/nid.pl\/wp-content\/litespeed\/avatar\/924046d17dd0c842c9fa9ccf489bc6dc.jpg?ver=1777444967","contentUrl":"https:\/\/nid.pl\/wp-content\/litespeed\/avatar\/924046d17dd0c842c9fa9ccf489bc6dc.jpg?ver=1777444967","caption":"Barbara Halliop"},"url":"https:\/\/nid.pl\/en\/author\/bhalliop\/"}]}},"_links":{"self":[{"href":"https:\/\/nid.pl\/en\/wp-json\/wp\/v2\/posts\/9232","targetHints":{"allow":["GET"]}}],"collection":[{"href":"https:\/\/nid.pl\/en\/wp-json\/wp\/v2\/posts"}],"about":[{"href":"https:\/\/nid.pl\/en\/wp-json\/wp\/v2\/types\/post"}],"author":[{"embeddable":true,"href":"https:\/\/nid.pl\/en\/wp-json\/wp\/v2\/users\/7"}],"replies":[{"embeddable":true,"href":"https:\/\/nid.pl\/en\/wp-json\/wp\/v2\/comments?post=9232"}],"version-history":[{"count":0,"href":"https:\/\/nid.pl\/en\/wp-json\/wp\/v2\/posts\/9232\/revisions"}],"wp:featuredmedia":[{"embeddable":true,"href":"https:\/\/nid.pl\/en\/wp-json\/wp\/v2\/media\/9229"}],"wp:attachment":[{"href":"https:\/\/nid.pl\/en\/wp-json\/wp\/v2\/media?parent=9232"}],"wp:term":[{"taxonomy":"category","embeddable":true,"href":"https:\/\/nid.pl\/en\/wp-json\/wp\/v2\/categories?post=9232"},{"taxonomy":"post_tag","embeddable":true,"href":"https:\/\/nid.pl\/en\/wp-json\/wp\/v2\/tags?post=9232"}],"curies":[{"name":"wp","href":"https:\/\/api.w.org\/{rel}","templated":true}]}}