{"id":9218,"date":"2022-11-29T12:58:07","date_gmt":"2022-11-29T11:58:07","guid":{"rendered":"https:\/\/nid.pl\/?p=9218"},"modified":"2022-12-06T15:14:15","modified_gmt":"2022-12-06T14:14:15","slug":"seminarium-centrum-architektury-drewnianej-nid-wiedza-zapomniana-budownictwo-drewnianej-i-tradycje-ciesielskie-w-polsce","status":"publish","type":"post","link":"https:\/\/nid.pl\/en\/2022\/11\/29\/seminarium-centrum-architektury-drewnianej-nid-wiedza-zapomniana-budownictwo-drewnianej-i-tradycje-ciesielskie-w-polsce\/","title":{"rendered":"Seminarium Centrum Architektury Drewnianej NID: \u201eWiedza zapomniana. Budownictwo drewnianej i tradycje ciesielskie w Polsce\u201d"},"content":{"rendered":"<p><strong>Zapraszamy do obejrzenia relacji z seminarium po\u015bwi\u0119conego architekturze drewnianej w Polsce, kt\u00f3re odby\u0142o si\u0119 w Muzeum Sztuki i Techniki Japo\u0144skiej Manggha w Krakowie. Celem spotkania by\u0142o podj\u0119cie dyskusji nad przyczynami zaniku tradycji budownictwa drewnianego w Polsce, mo\u017cliwo\u015bciami zachowania architektury drewnianej, a tak\u017ce sposobami przywracania wiedzy i umiej\u0119tno\u015bci niezb\u0119dnych dla jej ochrony.<\/strong><\/p>\n\n\n\n<p><strong>Specjalistyczna Pracownia Terenowa \u201eCentrum Architektury Drewnianej\u201d<\/strong> zosta\u0142a powo\u0142ana w 2019 r. jako cz\u0119\u015b\u0107 struktury Narodowego Instytutu Dziedzictwa w ramach realizacji zada\u0144 wpisanych w Krajowy Program Ochrony i Opieki nad Zabytkami na lata 2019-2022.<\/p>\n\n\n\n<p>Zadaniem Centrum jest budowanie \u015bwiadomo\u015bci spo\u0142ecznej na temat warto\u015bci architektury drewnianej w zakresie mieszkalnictwa i turystyki kulturowej. Dzia\u0142alno\u015b\u0107 instytucji adresowana jest do szerokiego grona odbiorc\u00f3w \u2013 s\u0142u\u017cb konserwatorskich i wykonawc\u00f3w prac, w\u0142a\u015bcicieli i opiekun\u00f3w obiekt\u00f3w drewnianych, do organizacji pozarz\u0105dowych oraz os\u00f3b zaanga\u017cowanych w ochron\u0119 i popularyzacj\u0119 budownictwa drewnianego. Poza konferencjami naukowymi i seminariami, organizuje r\u00f3wnie\u017c praktyczne szkolenia, warsztaty i wyk\u0142ady popularyzuj\u0105ce architektur\u0119 drewnian\u0105.<\/p>\n\n\n\n<p><\/p>\n\n\n\n<p>Ostatnie wydarzenia Centrum Architektury Drewnianej:<\/p>\n\n\n\n<p>Druga edycja szko\u0142y letniej \u201eT\u0142oka ciesielska\u201d (<a href=\"https:\/\/nid.pl\/en\/2022\/08\/09\/szkola-letnia-tloka-ciesielska-podstawy-oceny-stanu-technicznego-zabytkow-drewnianych-teoria-i-praktyka-w-skansenach-podlaskich-2\/\" target=\"_blank\" rel=\"noreferrer noopener\">https:\/\/nid.pl\/2022\/08\/09\/szkola-letnia-tloka-ciesielska-podstawy-oceny-stanu-technicznego-zabytkow-drewnianych-teoria-i-praktyka-w-skansenach-podlaskich-2\/<\/a>) zosta\u0142a zorganizowana wsp\u00f3lnie z Muzeum Rolnictwa im. ks. Krzysztofa Kluka w Ciechanowcu. Wydarzenie skierowane by\u0142o do pracownik\u00f3w Wojew\u00f3dzkich Urz\u0119d\u00f3w Ochrony Zabytk\u00f3w. Uczestnicy brali udzia\u0142 w warsztatach praktycznych i wyk\u0142adach, zwi\u0105zanych z inwentaryzacj\u0105, ochron\u0105 i konserwacj\u0105 architektury drewnianej, na przyk\u0142adzie budownictwa drewnianego z pogranicza wojew\u00f3dztw podlaskiego i mazowieckiego. Wyk\u0142ady i zaj\u0119cia praktyczne prowadzili pracownicy Politechniki Warszawskiej, Szko\u0142y G\u0142\u00f3wnej Gospodarstwa Wiejskiego oraz eksperci ze Stowarzyszenia Konserwator\u00f3w Zabytk\u00f3w, Polskiego Komitetu Narodowego Mi\u0119dzynarodowej Rady Ochrony Zabytk\u00f3w (PKN ICOMOS) oraz skansen\u00f3w.<\/p>\n\n\n\n<p><strong>Seminarium \u201eWiedza zapomniana. Budownictwo<\/strong> <strong>ciesielskie w Polsce\u201d<\/strong> odby\u0142o si\u0119 w Muzeum Sztuki i Techniki Japo\u0144skiej Manggha w Krakowie. Celem seminarium by\u0142o podj\u0119cie dyskusji nad przyczynami zaniku tradycji budownictwa drewnianego w Polsce, mo\u017cliwo\u015bciami zachowania architektury drewnianej, a tak\u017ce sposobami przywracania wiedzy i umiej\u0119tno\u015bci niezb\u0119dnych dla jej ochrony. Podczas spotkania, zast\u0119pca dyrektora Narodowego Instytutu Dziedzictwa, dr hab. Monika Bogdanowska, przedstawi\u0142a wst\u0119pne wyniki bada\u0144 na temat stanu architektury drewnianej, kt\u00f3re zosta\u0142y przeprowadzone przez Narodowy Instytut Dziedzictwa.<\/p>\n\n\n\n<p><strong>Zapraszamy do obejrzenia zapisu filmowego seminarium:<\/strong><\/p>\n\n\n\n<figure class=\"wp-block-embed aligncenter is-type-video is-provider-youtube wp-block-embed-youtube wp-embed-aspect-16-9 wp-has-aspect-ratio\"><div class=\"wp-block-embed__wrapper\">\n<iframe loading=\"lazy\" title=\"Seminarium \u201eWiedza zapomniana. Budownictwo drewniane i tradycje ciesielskie w Polsce\u201d\" width=\"1080\" height=\"608\" src=\"https:\/\/www.youtube.com\/embed\/4AmCeBenEe4?feature=oembed\"  allow=\"accelerometer; autoplay; clipboard-write; encrypted-media; gyroscope; picture-in-picture\" allowfullscreen><\/iframe>\n<\/div><\/figure>\n\n\n\n<p><\/p>\n\n\n\n<p>Centrum Architektury Drewnianej realizuje wsp\u00f3\u0142prac\u0119 z Riksantikvaren \u2013 Dyrekcj\u0105 ds. Dziedzictwa Kulturowego, bli\u017aniacz\u0105 instytucj\u0105 zajmuj\u0105c\u0105 si\u0119 ochron\u0105 dziedzictwa w Norwegii. Celem wsp\u00f3\u0142pracy jest wymiana do\u015bwiadcze\u0144 oraz zdobywanie wiedzy na temat ochrony architektury drewnianej wobec negatywnych skutk\u00f3w zmiany klimatu. W ramach bilateralnego programu \u201eDziedzictwo a zmiany klimatu. Rozpoznanie wyzwa\u0144 i potrzeb\u201d odby\u0142y si\u0119 wizyty studyjne pracownik\u00f3w NID i Riksantikvaren, w Oslo i Krakowie.<\/p>\n\n\n\n<p>Zapraszamy do do\u0142\u0105czenia do grupy <a href=\"https:\/\/www.facebook.com\/groups\/154997576575111\" target=\"_blank\" rel=\"noreferrer noopener\">Centrum Architektury Drewnianej<\/a> na platformie Facebook.<br>Zapraszamy do zapoznania si\u0119 z materia\u0142ami video z konferencji, seminari\u00f3w, szkole\u0144 i warsztat\u00f3w oraz filmami instruktarzowymi.<\/p>\n\n\n\n<p><\/p>\n\n\n\n<p><\/p>\n\n\n\n<p><\/p>\n\n\n\n<p><br><\/p>","protected":false},"excerpt":{"rendered":"<p>Zapraszamy do obejrzenia relacji z seminarium po\u015bwi\u0119conego architekturze drewnianej w Polsce, kt\u00f3re odby\u0142o si\u0119 w Muzeum Sztuki i Techniki Japo\u0144skiej Manggha w Krakowie. Celem spotkania by\u0142o podj\u0119cie dyskusji nad przyczynami [&hellip;]<\/p>","protected":false},"author":7,"featured_media":9217,"comment_status":"open","ping_status":"open","sticky":false,"template":"","format":"standard","meta":{"_et_pb_use_builder":"off","_et_pb_old_content":"","_et_gb_content_width":"","_monsterinsights_skip_tracking":false,"_monsterinsights_sitenote_active":false,"_monsterinsights_sitenote_note":"","_monsterinsights_sitenote_category":0,"footnotes":""},"categories":[3,77],"tags":[],"class_list":["post-9218","post","type-post","status-publish","format-standard","has-post-thumbnail","hentry","category-aktualnosci","category-centrum-architektury-drewnianej"],"yoast_head":"<!-- This site is optimized with the Yoast SEO plugin v26.5 - https:\/\/yoast.com\/wordpress\/plugins\/seo\/ -->\n<title>Seminarium Centrum Architektury Drewnianej NID: \u201eWiedza zapomniana. Budownictwo drewnianej i tradycje ciesielskie w Polsce\u201d - NID<\/title>\n<meta name=\"robots\" content=\"index, follow, max-snippet:-1, max-image-preview:large, max-video-preview:-1\" \/>\n<link rel=\"canonical\" href=\"https:\/\/nid.pl\/en\/2022\/11\/29\/seminarium-centrum-architektury-drewnianej-nid-wiedza-zapomniana-budownictwo-drewnianej-i-tradycje-ciesielskie-w-polsce\/\" \/>\n<meta property=\"og:locale\" content=\"en_GB\" \/>\n<meta property=\"og:type\" content=\"article\" \/>\n<meta property=\"og:title\" content=\"Seminarium Centrum Architektury Drewnianej NID: \u201eWiedza zapomniana. Budownictwo drewnianej i tradycje ciesielskie w Polsce\u201d - NID\" \/>\n<meta property=\"og:description\" content=\"Zapraszamy do obejrzenia relacji z seminarium po\u015bwi\u0119conego architekturze drewnianej w Polsce, kt\u00f3re odby\u0142o si\u0119 w Muzeum Sztuki i Techniki Japo\u0144skiej Manggha w Krakowie. Celem spotkania by\u0142o podj\u0119cie dyskusji nad przyczynami [&hellip;]\" \/>\n<meta property=\"og:url\" content=\"https:\/\/nid.pl\/en\/2022\/11\/29\/seminarium-centrum-architektury-drewnianej-nid-wiedza-zapomniana-budownictwo-drewnianej-i-tradycje-ciesielskie-w-polsce\/\" \/>\n<meta property=\"og:site_name\" content=\"NID\" \/>\n<meta property=\"article:publisher\" content=\"https:\/\/www.facebook.com\/zabytek\" \/>\n<meta property=\"article:published_time\" content=\"2022-11-29T11:58:07+00:00\" \/>\n<meta property=\"article:modified_time\" content=\"2022-12-06T14:14:15+00:00\" \/>\n<meta property=\"og:image\" content=\"https:\/\/nid.pl\/wp-content\/uploads\/2022\/11\/CAD_aktual-scaled.jpg\" \/>\n\t<meta property=\"og:image:width\" content=\"2560\" \/>\n\t<meta property=\"og:image:height\" content=\"1726\" \/>\n\t<meta property=\"og:image:type\" content=\"image\/jpeg\" \/>\n<meta name=\"author\" content=\"Barbara Halliop\" \/>\n<meta name=\"twitter:card\" content=\"summary_large_image\" \/>\n<meta name=\"twitter:creator\" content=\"@NarIDpl\" \/>\n<meta name=\"twitter:site\" content=\"@NarIDpl\" \/>\n<meta name=\"twitter:label1\" content=\"Written by\" \/>\n\t<meta name=\"twitter:data1\" content=\"Barbara Halliop\" \/>\n\t<meta name=\"twitter:label2\" content=\"Estimated reading time\" \/>\n\t<meta name=\"twitter:data2\" content=\"2 minutes\" \/>\n<script type=\"application\/ld+json\" class=\"yoast-schema-graph\">{\"@context\":\"https:\/\/schema.org\",\"@graph\":[{\"@type\":\"Article\",\"@id\":\"https:\/\/nid.pl\/en\/2022\/11\/29\/seminarium-centrum-architektury-drewnianej-nid-wiedza-zapomniana-budownictwo-drewnianej-i-tradycje-ciesielskie-w-polsce\/#article\",\"isPartOf\":{\"@id\":\"https:\/\/nid.pl\/en\/2022\/11\/29\/seminarium-centrum-architektury-drewnianej-nid-wiedza-zapomniana-budownictwo-drewnianej-i-tradycje-ciesielskie-w-polsce\/\"},\"author\":{\"name\":\"Barbara Halliop\",\"@id\":\"https:\/\/nid.pl\/#\/schema\/person\/1b690a8998a5111cfb9f0ffe24195a15\"},\"headline\":\"Seminarium Centrum Architektury Drewnianej NID: \u201eWiedza zapomniana. Budownictwo drewnianej i tradycje ciesielskie w Polsce\u201d\",\"datePublished\":\"2022-11-29T11:58:07+00:00\",\"dateModified\":\"2022-12-06T14:14:15+00:00\",\"mainEntityOfPage\":{\"@id\":\"https:\/\/nid.pl\/en\/2022\/11\/29\/seminarium-centrum-architektury-drewnianej-nid-wiedza-zapomniana-budownictwo-drewnianej-i-tradycje-ciesielskie-w-polsce\/\"},\"wordCount\":507,\"commentCount\":0,\"publisher\":{\"@id\":\"https:\/\/nid.pl\/#organization\"},\"image\":{\"@id\":\"https:\/\/nid.pl\/en\/2022\/11\/29\/seminarium-centrum-architektury-drewnianej-nid-wiedza-zapomniana-budownictwo-drewnianej-i-tradycje-ciesielskie-w-polsce\/#primaryimage\"},\"thumbnailUrl\":\"https:\/\/nid.pl\/wp-content\/uploads\/2022\/11\/CAD_aktual-scaled.jpg\",\"articleSection\":[\"Aktualno\u015bci\",\"Centrum Architektury Drewnianej\"],\"inLanguage\":\"en-GB\"},{\"@type\":\"WebPage\",\"@id\":\"https:\/\/nid.pl\/en\/2022\/11\/29\/seminarium-centrum-architektury-drewnianej-nid-wiedza-zapomniana-budownictwo-drewnianej-i-tradycje-ciesielskie-w-polsce\/\",\"url\":\"https:\/\/nid.pl\/en\/2022\/11\/29\/seminarium-centrum-architektury-drewnianej-nid-wiedza-zapomniana-budownictwo-drewnianej-i-tradycje-ciesielskie-w-polsce\/\",\"name\":\"Seminarium Centrum Architektury Drewnianej NID: \u201eWiedza zapomniana. Budownictwo drewnianej i tradycje ciesielskie w Polsce\u201d - NID\",\"isPartOf\":{\"@id\":\"https:\/\/nid.pl\/#website\"},\"primaryImageOfPage\":{\"@id\":\"https:\/\/nid.pl\/en\/2022\/11\/29\/seminarium-centrum-architektury-drewnianej-nid-wiedza-zapomniana-budownictwo-drewnianej-i-tradycje-ciesielskie-w-polsce\/#primaryimage\"},\"image\":{\"@id\":\"https:\/\/nid.pl\/en\/2022\/11\/29\/seminarium-centrum-architektury-drewnianej-nid-wiedza-zapomniana-budownictwo-drewnianej-i-tradycje-ciesielskie-w-polsce\/#primaryimage\"},\"thumbnailUrl\":\"https:\/\/nid.pl\/wp-content\/uploads\/2022\/11\/CAD_aktual-scaled.jpg\",\"datePublished\":\"2022-11-29T11:58:07+00:00\",\"dateModified\":\"2022-12-06T14:14:15+00:00\",\"breadcrumb\":{\"@id\":\"https:\/\/nid.pl\/en\/2022\/11\/29\/seminarium-centrum-architektury-drewnianej-nid-wiedza-zapomniana-budownictwo-drewnianej-i-tradycje-ciesielskie-w-polsce\/#breadcrumb\"},\"inLanguage\":\"en-GB\",\"potentialAction\":[{\"@type\":\"ReadAction\",\"target\":[\"https:\/\/nid.pl\/en\/2022\/11\/29\/seminarium-centrum-architektury-drewnianej-nid-wiedza-zapomniana-budownictwo-drewnianej-i-tradycje-ciesielskie-w-polsce\/\"]}]},{\"@type\":\"ImageObject\",\"inLanguage\":\"en-GB\",\"@id\":\"https:\/\/nid.pl\/en\/2022\/11\/29\/seminarium-centrum-architektury-drewnianej-nid-wiedza-zapomniana-budownictwo-drewnianej-i-tradycje-ciesielskie-w-polsce\/#primaryimage\",\"url\":\"https:\/\/nid.pl\/wp-content\/uploads\/2022\/11\/CAD_aktual-scaled.jpg\",\"contentUrl\":\"https:\/\/nid.pl\/wp-content\/uploads\/2022\/11\/CAD_aktual-scaled.jpg\",\"width\":2560,\"height\":1726,\"caption\":\"CAD aktual scaled\"},{\"@type\":\"BreadcrumbList\",\"@id\":\"https:\/\/nid.pl\/en\/2022\/11\/29\/seminarium-centrum-architektury-drewnianej-nid-wiedza-zapomniana-budownictwo-drewnianej-i-tradycje-ciesielskie-w-polsce\/#breadcrumb\",\"itemListElement\":[{\"@type\":\"ListItem\",\"position\":1,\"name\":\"Home\",\"item\":\"https:\/\/nid.pl\/\"},{\"@type\":\"ListItem\",\"position\":2,\"name\":\"Seminarium Centrum Architektury Drewnianej NID: \u201eWiedza zapomniana. Budownictwo drewnianej i tradycje ciesielskie w Polsce\u201d\"}]},{\"@type\":\"WebSite\",\"@id\":\"https:\/\/nid.pl\/#website\",\"url\":\"https:\/\/nid.pl\/\",\"name\":\"NID\",\"description\":\"Narodowy Instytut Dziedzictwa\",\"publisher\":{\"@id\":\"https:\/\/nid.pl\/#organization\"},\"potentialAction\":[{\"@type\":\"SearchAction\",\"target\":{\"@type\":\"EntryPoint\",\"urlTemplate\":\"https:\/\/nid.pl\/?s={search_term_string}\"},\"query-input\":{\"@type\":\"PropertyValueSpecification\",\"valueRequired\":true,\"valueName\":\"search_term_string\"}}],\"inLanguage\":\"en-GB\"},{\"@type\":\"Organization\",\"@id\":\"https:\/\/nid.pl\/#organization\",\"name\":\"Narodowy Instytut Dziedzictwa\",\"url\":\"https:\/\/nid.pl\/\",\"logo\":{\"@type\":\"ImageObject\",\"inLanguage\":\"en-GB\",\"@id\":\"https:\/\/nid.pl\/#\/schema\/logo\/image\/\",\"url\":\"https:\/\/nid.pl\/wp-content\/uploads\/2022\/10\/logoRedDark.png\",\"contentUrl\":\"https:\/\/nid.pl\/wp-content\/uploads\/2022\/10\/logoRedDark.png\",\"width\":200,\"height\":197,\"caption\":\"Narodowy Instytut Dziedzictwa\"},\"image\":{\"@id\":\"https:\/\/nid.pl\/#\/schema\/logo\/image\/\"},\"sameAs\":[\"https:\/\/www.facebook.com\/zabytek\",\"https:\/\/x.com\/NarIDpl\",\"https:\/\/www.instagram.com\/nid.pl\/?hl=pl\",\"https:\/\/www.linkedin.com\/company\/narodowy-instytut-dziedzictwa\",\"https:\/\/www.youtube.com\/channel\/UCQXuhKa2uHtmNvLRUSx40JA\"]},{\"@type\":\"Person\",\"@id\":\"https:\/\/nid.pl\/#\/schema\/person\/1b690a8998a5111cfb9f0ffe24195a15\",\"name\":\"Barbara Halliop\",\"image\":{\"@type\":\"ImageObject\",\"inLanguage\":\"en-GB\",\"@id\":\"https:\/\/nid.pl\/#\/schema\/person\/image\/\",\"url\":\"https:\/\/nid.pl\/wp-content\/litespeed\/avatar\/924046d17dd0c842c9fa9ccf489bc6dc.jpg?ver=1777444967\",\"contentUrl\":\"https:\/\/nid.pl\/wp-content\/litespeed\/avatar\/924046d17dd0c842c9fa9ccf489bc6dc.jpg?ver=1777444967\",\"caption\":\"Barbara Halliop\"},\"url\":\"https:\/\/nid.pl\/en\/author\/bhalliop\/\"}]}<\/script>\n<!-- \/ Yoast SEO plugin. -->","yoast_head_json":{"title":"Seminarium Centrum Architektury Drewnianej NID: \u201eWiedza zapomniana. Budownictwo drewnianej i tradycje ciesielskie w Polsce\u201d - NID","robots":{"index":"index","follow":"follow","max-snippet":"max-snippet:-1","max-image-preview":"max-image-preview:large","max-video-preview":"max-video-preview:-1"},"canonical":"https:\/\/nid.pl\/en\/2022\/11\/29\/seminarium-centrum-architektury-drewnianej-nid-wiedza-zapomniana-budownictwo-drewnianej-i-tradycje-ciesielskie-w-polsce\/","og_locale":"en_GB","og_type":"article","og_title":"Seminarium Centrum Architektury Drewnianej NID: \u201eWiedza zapomniana. Budownictwo drewnianej i tradycje ciesielskie w Polsce\u201d - NID","og_description":"Zapraszamy do obejrzenia relacji z seminarium po\u015bwi\u0119conego architekturze drewnianej w Polsce, kt\u00f3re odby\u0142o si\u0119 w Muzeum Sztuki i Techniki Japo\u0144skiej Manggha w Krakowie. Celem spotkania by\u0142o podj\u0119cie dyskusji nad przyczynami [&hellip;]","og_url":"https:\/\/nid.pl\/en\/2022\/11\/29\/seminarium-centrum-architektury-drewnianej-nid-wiedza-zapomniana-budownictwo-drewnianej-i-tradycje-ciesielskie-w-polsce\/","og_site_name":"NID","article_publisher":"https:\/\/www.facebook.com\/zabytek","article_published_time":"2022-11-29T11:58:07+00:00","article_modified_time":"2022-12-06T14:14:15+00:00","og_image":[{"width":2560,"height":1726,"url":"https:\/\/nid.pl\/wp-content\/uploads\/2022\/11\/CAD_aktual-scaled.jpg","type":"image\/jpeg"}],"author":"Barbara Halliop","twitter_card":"summary_large_image","twitter_creator":"@NarIDpl","twitter_site":"@NarIDpl","twitter_misc":{"Written by":"Barbara Halliop","Estimated reading time":"2 minutes"},"schema":{"@context":"https:\/\/schema.org","@graph":[{"@type":"Article","@id":"https:\/\/nid.pl\/en\/2022\/11\/29\/seminarium-centrum-architektury-drewnianej-nid-wiedza-zapomniana-budownictwo-drewnianej-i-tradycje-ciesielskie-w-polsce\/#article","isPartOf":{"@id":"https:\/\/nid.pl\/en\/2022\/11\/29\/seminarium-centrum-architektury-drewnianej-nid-wiedza-zapomniana-budownictwo-drewnianej-i-tradycje-ciesielskie-w-polsce\/"},"author":{"name":"Barbara Halliop","@id":"https:\/\/nid.pl\/#\/schema\/person\/1b690a8998a5111cfb9f0ffe24195a15"},"headline":"Seminarium Centrum Architektury Drewnianej NID: \u201eWiedza zapomniana. Budownictwo drewnianej i tradycje ciesielskie w Polsce\u201d","datePublished":"2022-11-29T11:58:07+00:00","dateModified":"2022-12-06T14:14:15+00:00","mainEntityOfPage":{"@id":"https:\/\/nid.pl\/en\/2022\/11\/29\/seminarium-centrum-architektury-drewnianej-nid-wiedza-zapomniana-budownictwo-drewnianej-i-tradycje-ciesielskie-w-polsce\/"},"wordCount":507,"commentCount":0,"publisher":{"@id":"https:\/\/nid.pl\/#organization"},"image":{"@id":"https:\/\/nid.pl\/en\/2022\/11\/29\/seminarium-centrum-architektury-drewnianej-nid-wiedza-zapomniana-budownictwo-drewnianej-i-tradycje-ciesielskie-w-polsce\/#primaryimage"},"thumbnailUrl":"https:\/\/nid.pl\/wp-content\/uploads\/2022\/11\/CAD_aktual-scaled.jpg","articleSection":["Aktualno\u015bci","Centrum Architektury Drewnianej"],"inLanguage":"en-GB"},{"@type":"WebPage","@id":"https:\/\/nid.pl\/en\/2022\/11\/29\/seminarium-centrum-architektury-drewnianej-nid-wiedza-zapomniana-budownictwo-drewnianej-i-tradycje-ciesielskie-w-polsce\/","url":"https:\/\/nid.pl\/en\/2022\/11\/29\/seminarium-centrum-architektury-drewnianej-nid-wiedza-zapomniana-budownictwo-drewnianej-i-tradycje-ciesielskie-w-polsce\/","name":"Seminarium Centrum Architektury Drewnianej NID: \u201eWiedza zapomniana. Budownictwo drewnianej i tradycje ciesielskie w Polsce\u201d - NID","isPartOf":{"@id":"https:\/\/nid.pl\/#website"},"primaryImageOfPage":{"@id":"https:\/\/nid.pl\/en\/2022\/11\/29\/seminarium-centrum-architektury-drewnianej-nid-wiedza-zapomniana-budownictwo-drewnianej-i-tradycje-ciesielskie-w-polsce\/#primaryimage"},"image":{"@id":"https:\/\/nid.pl\/en\/2022\/11\/29\/seminarium-centrum-architektury-drewnianej-nid-wiedza-zapomniana-budownictwo-drewnianej-i-tradycje-ciesielskie-w-polsce\/#primaryimage"},"thumbnailUrl":"https:\/\/nid.pl\/wp-content\/uploads\/2022\/11\/CAD_aktual-scaled.jpg","datePublished":"2022-11-29T11:58:07+00:00","dateModified":"2022-12-06T14:14:15+00:00","breadcrumb":{"@id":"https:\/\/nid.pl\/en\/2022\/11\/29\/seminarium-centrum-architektury-drewnianej-nid-wiedza-zapomniana-budownictwo-drewnianej-i-tradycje-ciesielskie-w-polsce\/#breadcrumb"},"inLanguage":"en-GB","potentialAction":[{"@type":"ReadAction","target":["https:\/\/nid.pl\/en\/2022\/11\/29\/seminarium-centrum-architektury-drewnianej-nid-wiedza-zapomniana-budownictwo-drewnianej-i-tradycje-ciesielskie-w-polsce\/"]}]},{"@type":"ImageObject","inLanguage":"en-GB","@id":"https:\/\/nid.pl\/en\/2022\/11\/29\/seminarium-centrum-architektury-drewnianej-nid-wiedza-zapomniana-budownictwo-drewnianej-i-tradycje-ciesielskie-w-polsce\/#primaryimage","url":"https:\/\/nid.pl\/wp-content\/uploads\/2022\/11\/CAD_aktual-scaled.jpg","contentUrl":"https:\/\/nid.pl\/wp-content\/uploads\/2022\/11\/CAD_aktual-scaled.jpg","width":2560,"height":1726,"caption":"CAD aktual scaled"},{"@type":"BreadcrumbList","@id":"https:\/\/nid.pl\/en\/2022\/11\/29\/seminarium-centrum-architektury-drewnianej-nid-wiedza-zapomniana-budownictwo-drewnianej-i-tradycje-ciesielskie-w-polsce\/#breadcrumb","itemListElement":[{"@type":"ListItem","position":1,"name":"Home","item":"https:\/\/nid.pl\/"},{"@type":"ListItem","position":2,"name":"Seminarium Centrum Architektury Drewnianej NID: \u201eWiedza zapomniana. Budownictwo drewnianej i tradycje ciesielskie w Polsce\u201d"}]},{"@type":"WebSite","@id":"https:\/\/nid.pl\/#website","url":"https:\/\/nid.pl\/","name":"NID","description":"Narodowy Instytut Dziedzictwa","publisher":{"@id":"https:\/\/nid.pl\/#organization"},"potentialAction":[{"@type":"SearchAction","target":{"@type":"EntryPoint","urlTemplate":"https:\/\/nid.pl\/?s={search_term_string}"},"query-input":{"@type":"PropertyValueSpecification","valueRequired":true,"valueName":"search_term_string"}}],"inLanguage":"en-GB"},{"@type":"Organization","@id":"https:\/\/nid.pl\/#organization","name":"Narodowy Instytut Dziedzictwa","url":"https:\/\/nid.pl\/","logo":{"@type":"ImageObject","inLanguage":"en-GB","@id":"https:\/\/nid.pl\/#\/schema\/logo\/image\/","url":"https:\/\/nid.pl\/wp-content\/uploads\/2022\/10\/logoRedDark.png","contentUrl":"https:\/\/nid.pl\/wp-content\/uploads\/2022\/10\/logoRedDark.png","width":200,"height":197,"caption":"Narodowy Instytut Dziedzictwa"},"image":{"@id":"https:\/\/nid.pl\/#\/schema\/logo\/image\/"},"sameAs":["https:\/\/www.facebook.com\/zabytek","https:\/\/x.com\/NarIDpl","https:\/\/www.instagram.com\/nid.pl\/?hl=pl","https:\/\/www.linkedin.com\/company\/narodowy-instytut-dziedzictwa","https:\/\/www.youtube.com\/channel\/UCQXuhKa2uHtmNvLRUSx40JA"]},{"@type":"Person","@id":"https:\/\/nid.pl\/#\/schema\/person\/1b690a8998a5111cfb9f0ffe24195a15","name":"Barbara Halliop","image":{"@type":"ImageObject","inLanguage":"en-GB","@id":"https:\/\/nid.pl\/#\/schema\/person\/image\/","url":"https:\/\/nid.pl\/wp-content\/litespeed\/avatar\/924046d17dd0c842c9fa9ccf489bc6dc.jpg?ver=1777444967","contentUrl":"https:\/\/nid.pl\/wp-content\/litespeed\/avatar\/924046d17dd0c842c9fa9ccf489bc6dc.jpg?ver=1777444967","caption":"Barbara Halliop"},"url":"https:\/\/nid.pl\/en\/author\/bhalliop\/"}]}},"_links":{"self":[{"href":"https:\/\/nid.pl\/en\/wp-json\/wp\/v2\/posts\/9218","targetHints":{"allow":["GET"]}}],"collection":[{"href":"https:\/\/nid.pl\/en\/wp-json\/wp\/v2\/posts"}],"about":[{"href":"https:\/\/nid.pl\/en\/wp-json\/wp\/v2\/types\/post"}],"author":[{"embeddable":true,"href":"https:\/\/nid.pl\/en\/wp-json\/wp\/v2\/users\/7"}],"replies":[{"embeddable":true,"href":"https:\/\/nid.pl\/en\/wp-json\/wp\/v2\/comments?post=9218"}],"version-history":[{"count":0,"href":"https:\/\/nid.pl\/en\/wp-json\/wp\/v2\/posts\/9218\/revisions"}],"wp:featuredmedia":[{"embeddable":true,"href":"https:\/\/nid.pl\/en\/wp-json\/wp\/v2\/media\/9217"}],"wp:attachment":[{"href":"https:\/\/nid.pl\/en\/wp-json\/wp\/v2\/media?parent=9218"}],"wp:term":[{"taxonomy":"category","embeddable":true,"href":"https:\/\/nid.pl\/en\/wp-json\/wp\/v2\/categories?post=9218"},{"taxonomy":"post_tag","embeddable":true,"href":"https:\/\/nid.pl\/en\/wp-json\/wp\/v2\/tags?post=9218"}],"curies":[{"name":"wp","href":"https:\/\/api.w.org\/{rel}","templated":true}]}}