{"id":9182,"date":"2022-11-25T14:00:30","date_gmt":"2022-11-25T13:00:30","guid":{"rendered":"https:\/\/nid.pl\/?p=9182"},"modified":"2023-02-24T13:48:25","modified_gmt":"2023-02-24T12:48:25","slug":"mazowieckie-forum-dziedzictwa","status":"publish","type":"post","link":"https:\/\/nid.pl\/en\/2022\/11\/25\/mazowieckie-forum-dziedzictwa\/","title":{"rendered":"\u201eMazowieckie Forum Dziedzictwa\u201d"},"content":{"rendered":"<p><strong>Samorz\u0105d Wojew\u00f3dztwa Mazowieckiego zaprasza wszystkich zainteresowanych kwestiami dziedzictwa do uczestnictwa w dwudniowym webinarium \u201eMazowieckie Forum Dziedzictwa\u201d, <strong><strong>nad kt\u00f3rym<\/strong><\/strong> Narodowy Instytut Dziedzictwa <strong>obj\u0105\u0142<\/strong> <strong>patronat honorowy<\/strong>. Wydarzenie odb\u0119dzie si\u0119 w dniach 29 &#8211; 30 listopada. Tematem przewodnim pierwszej edycji Forum jest rewitalizacja. W programie znalaz\u0142y si\u0119 r\u00f3wnie\u017c inne zagadnienia zwi\u0105zane z zabytkami wojew\u00f3dztwa mazowieckiego.<\/strong><\/p>\n\n\n\n<p>Link do webinarium w dniu 29.11.2022: <a href=\"https:\/\/tiny.pl\/wcfzd\" target=\"_blank\" rel=\"noreferrer noopener\">https:\/\/tiny.pl\/wcfzd<\/a><br>Link do webinarium w dniu 30.11.2022: <a href=\"https:\/\/tiny.pl\/wcfz5\" target=\"_blank\" rel=\"noreferrer noopener\">https:\/\/tiny.pl\/wcfz5<\/a><\/p>\n\n\n\n<p><\/p>\n\n\n\n<p>Program i wi\u0119cej informacji znajd\u0105 Pa\u0144stwo na stronie: <a href=\"https:\/\/mazovia.pl\/pl\/szkolenia\/mazowieckie-forum-dziedzictwa.html\" target=\"_blank\" rel=\"noreferrer noopener\">https:\/\/mazovia.pl\/&#8230;\/mazowieckie-forum-dziedzictwa.html<\/a><\/p>","protected":false},"excerpt":{"rendered":"<p>Samorz\u0105d Wojew\u00f3dztwa Mazowieckiego zaprasza wszystkich zainteresowanych kwestiami dziedzictwa do uczestnictwa w dwudniowym webinarium \u201eMazowieckie Forum Dziedzictwa\u201d, nad kt\u00f3rym Narodowy Instytut Dziedzictwa obj\u0105\u0142 patronat honorowy. Wydarzenie odb\u0119dzie si\u0119 w dniach 29 [&hellip;]<\/p>","protected":false},"author":7,"featured_media":10046,"comment_status":"open","ping_status":"open","sticky":false,"template":"","format":"standard","meta":{"_et_pb_use_builder":"off","_et_pb_old_content":"","_et_gb_content_width":"","_monsterinsights_skip_tracking":false,"_monsterinsights_sitenote_active":false,"_monsterinsights_sitenote_note":"","_monsterinsights_sitenote_category":0,"footnotes":""},"categories":[28],"tags":[],"class_list":["post-9182","post","type-post","status-publish","format-standard","has-post-thumbnail","hentry","category-patronaty"],"yoast_head":"<!-- This site is optimized with the Yoast SEO plugin v26.5 - https:\/\/yoast.com\/wordpress\/plugins\/seo\/ -->\n<title>\u201eMazowieckie Forum Dziedzictwa\u201d - NID<\/title>\n<meta name=\"robots\" content=\"index, follow, max-snippet:-1, max-image-preview:large, max-video-preview:-1\" \/>\n<link rel=\"canonical\" href=\"https:\/\/nid.pl\/en\/2022\/11\/25\/mazowieckie-forum-dziedzictwa\/\" \/>\n<meta property=\"og:locale\" content=\"en_GB\" \/>\n<meta property=\"og:type\" content=\"article\" \/>\n<meta property=\"og:title\" content=\"\u201eMazowieckie Forum Dziedzictwa\u201d - NID\" \/>\n<meta property=\"og:description\" content=\"Samorz\u0105d Wojew\u00f3dztwa Mazowieckiego zaprasza wszystkich zainteresowanych kwestiami dziedzictwa do uczestnictwa w dwudniowym webinarium \u201eMazowieckie Forum Dziedzictwa\u201d, nad kt\u00f3rym Narodowy Instytut Dziedzictwa obj\u0105\u0142 patronat honorowy. Wydarzenie odb\u0119dzie si\u0119 w dniach 29 [&hellip;]\" \/>\n<meta property=\"og:url\" content=\"https:\/\/nid.pl\/en\/2022\/11\/25\/mazowieckie-forum-dziedzictwa\/\" \/>\n<meta property=\"og:site_name\" content=\"NID\" \/>\n<meta property=\"article:publisher\" content=\"https:\/\/www.facebook.com\/zabytek\" \/>\n<meta property=\"article:published_time\" content=\"2022-11-25T13:00:30+00:00\" \/>\n<meta property=\"article:modified_time\" content=\"2023-02-24T12:48:25+00:00\" \/>\n<meta property=\"og:image\" content=\"https:\/\/nid.pl\/wp-content\/uploads\/2023\/02\/miniaturka-patronat-3.jpg\" \/>\n\t<meta property=\"og:image:width\" content=\"440\" \/>\n\t<meta property=\"og:image:height\" content=\"294\" \/>\n\t<meta property=\"og:image:type\" content=\"image\/jpeg\" \/>\n<meta name=\"author\" content=\"Barbara Halliop\" \/>\n<meta name=\"twitter:card\" content=\"summary_large_image\" \/>\n<meta name=\"twitter:creator\" content=\"@NarIDpl\" \/>\n<meta name=\"twitter:site\" content=\"@NarIDpl\" \/>\n<meta name=\"twitter:label1\" content=\"Written by\" \/>\n\t<meta name=\"twitter:data1\" content=\"Barbara Halliop\" \/>\n\t<meta name=\"twitter:label2\" content=\"Estimated reading time\" \/>\n\t<meta name=\"twitter:data2\" content=\"1 minute\" \/>\n<script type=\"application\/ld+json\" class=\"yoast-schema-graph\">{\"@context\":\"https:\/\/schema.org\",\"@graph\":[{\"@type\":\"Article\",\"@id\":\"https:\/\/nid.pl\/2022\/11\/25\/mazowieckie-forum-dziedzictwa\/#article\",\"isPartOf\":{\"@id\":\"https:\/\/nid.pl\/2022\/11\/25\/mazowieckie-forum-dziedzictwa\/\"},\"author\":{\"name\":\"Barbara Halliop\",\"@id\":\"https:\/\/nid.pl\/#\/schema\/person\/1b690a8998a5111cfb9f0ffe24195a15\"},\"headline\":\"\u201eMazowieckie Forum Dziedzictwa\u201d\",\"datePublished\":\"2022-11-25T13:00:30+00:00\",\"dateModified\":\"2023-02-24T12:48:25+00:00\",\"mainEntityOfPage\":{\"@id\":\"https:\/\/nid.pl\/2022\/11\/25\/mazowieckie-forum-dziedzictwa\/\"},\"wordCount\":94,\"commentCount\":0,\"publisher\":{\"@id\":\"https:\/\/nid.pl\/#organization\"},\"image\":{\"@id\":\"https:\/\/nid.pl\/2022\/11\/25\/mazowieckie-forum-dziedzictwa\/#primaryimage\"},\"thumbnailUrl\":\"https:\/\/nid.pl\/wp-content\/uploads\/2023\/02\/miniaturka-patronat-3.jpg\",\"articleSection\":[\"Patronaty\"],\"inLanguage\":\"en-GB\"},{\"@type\":\"WebPage\",\"@id\":\"https:\/\/nid.pl\/2022\/11\/25\/mazowieckie-forum-dziedzictwa\/\",\"url\":\"https:\/\/nid.pl\/2022\/11\/25\/mazowieckie-forum-dziedzictwa\/\",\"name\":\"\u201eMazowieckie Forum Dziedzictwa\u201d - NID\",\"isPartOf\":{\"@id\":\"https:\/\/nid.pl\/#website\"},\"primaryImageOfPage\":{\"@id\":\"https:\/\/nid.pl\/2022\/11\/25\/mazowieckie-forum-dziedzictwa\/#primaryimage\"},\"image\":{\"@id\":\"https:\/\/nid.pl\/2022\/11\/25\/mazowieckie-forum-dziedzictwa\/#primaryimage\"},\"thumbnailUrl\":\"https:\/\/nid.pl\/wp-content\/uploads\/2023\/02\/miniaturka-patronat-3.jpg\",\"datePublished\":\"2022-11-25T13:00:30+00:00\",\"dateModified\":\"2023-02-24T12:48:25+00:00\",\"breadcrumb\":{\"@id\":\"https:\/\/nid.pl\/2022\/11\/25\/mazowieckie-forum-dziedzictwa\/#breadcrumb\"},\"inLanguage\":\"en-GB\",\"potentialAction\":[{\"@type\":\"ReadAction\",\"target\":[\"https:\/\/nid.pl\/2022\/11\/25\/mazowieckie-forum-dziedzictwa\/\"]}]},{\"@type\":\"ImageObject\",\"inLanguage\":\"en-GB\",\"@id\":\"https:\/\/nid.pl\/2022\/11\/25\/mazowieckie-forum-dziedzictwa\/#primaryimage\",\"url\":\"https:\/\/nid.pl\/wp-content\/uploads\/2023\/02\/miniaturka-patronat-3.jpg\",\"contentUrl\":\"https:\/\/nid.pl\/wp-content\/uploads\/2023\/02\/miniaturka-patronat-3.jpg\",\"width\":440,\"height\":294,\"caption\":\"miniaturka patronat\"},{\"@type\":\"BreadcrumbList\",\"@id\":\"https:\/\/nid.pl\/2022\/11\/25\/mazowieckie-forum-dziedzictwa\/#breadcrumb\",\"itemListElement\":[{\"@type\":\"ListItem\",\"position\":1,\"name\":\"Home\",\"item\":\"https:\/\/nid.pl\/\"},{\"@type\":\"ListItem\",\"position\":2,\"name\":\"\u201eMazowieckie Forum Dziedzictwa\u201d\"}]},{\"@type\":\"WebSite\",\"@id\":\"https:\/\/nid.pl\/#website\",\"url\":\"https:\/\/nid.pl\/\",\"name\":\"NID\",\"description\":\"Narodowy Instytut Dziedzictwa\",\"publisher\":{\"@id\":\"https:\/\/nid.pl\/#organization\"},\"potentialAction\":[{\"@type\":\"SearchAction\",\"target\":{\"@type\":\"EntryPoint\",\"urlTemplate\":\"https:\/\/nid.pl\/?s={search_term_string}\"},\"query-input\":{\"@type\":\"PropertyValueSpecification\",\"valueRequired\":true,\"valueName\":\"search_term_string\"}}],\"inLanguage\":\"en-GB\"},{\"@type\":\"Organization\",\"@id\":\"https:\/\/nid.pl\/#organization\",\"name\":\"Narodowy Instytut Dziedzictwa\",\"url\":\"https:\/\/nid.pl\/\",\"logo\":{\"@type\":\"ImageObject\",\"inLanguage\":\"en-GB\",\"@id\":\"https:\/\/nid.pl\/#\/schema\/logo\/image\/\",\"url\":\"https:\/\/nid.pl\/wp-content\/uploads\/2022\/10\/logoRedDark.png\",\"contentUrl\":\"https:\/\/nid.pl\/wp-content\/uploads\/2022\/10\/logoRedDark.png\",\"width\":200,\"height\":197,\"caption\":\"Narodowy Instytut Dziedzictwa\"},\"image\":{\"@id\":\"https:\/\/nid.pl\/#\/schema\/logo\/image\/\"},\"sameAs\":[\"https:\/\/www.facebook.com\/zabytek\",\"https:\/\/x.com\/NarIDpl\",\"https:\/\/www.instagram.com\/nid.pl\/?hl=pl\",\"https:\/\/www.linkedin.com\/company\/narodowy-instytut-dziedzictwa\",\"https:\/\/www.youtube.com\/channel\/UCQXuhKa2uHtmNvLRUSx40JA\"]},{\"@type\":\"Person\",\"@id\":\"https:\/\/nid.pl\/#\/schema\/person\/1b690a8998a5111cfb9f0ffe24195a15\",\"name\":\"Barbara Halliop\",\"image\":{\"@type\":\"ImageObject\",\"inLanguage\":\"en-GB\",\"@id\":\"https:\/\/nid.pl\/#\/schema\/person\/image\/\",\"url\":\"https:\/\/nid.pl\/wp-content\/litespeed\/avatar\/924046d17dd0c842c9fa9ccf489bc6dc.jpg?ver=1777444967\",\"contentUrl\":\"https:\/\/nid.pl\/wp-content\/litespeed\/avatar\/924046d17dd0c842c9fa9ccf489bc6dc.jpg?ver=1777444967\",\"caption\":\"Barbara Halliop\"},\"url\":\"https:\/\/nid.pl\/en\/author\/bhalliop\/\"}]}<\/script>\n<!-- \/ Yoast SEO plugin. -->","yoast_head_json":{"title":"\u201eMazowieckie Forum Dziedzictwa\u201d - NID","robots":{"index":"index","follow":"follow","max-snippet":"max-snippet:-1","max-image-preview":"max-image-preview:large","max-video-preview":"max-video-preview:-1"},"canonical":"https:\/\/nid.pl\/en\/2022\/11\/25\/mazowieckie-forum-dziedzictwa\/","og_locale":"en_GB","og_type":"article","og_title":"\u201eMazowieckie Forum Dziedzictwa\u201d - NID","og_description":"Samorz\u0105d Wojew\u00f3dztwa Mazowieckiego zaprasza wszystkich zainteresowanych kwestiami dziedzictwa do uczestnictwa w dwudniowym webinarium \u201eMazowieckie Forum Dziedzictwa\u201d, nad kt\u00f3rym Narodowy Instytut Dziedzictwa obj\u0105\u0142 patronat honorowy. Wydarzenie odb\u0119dzie si\u0119 w dniach 29 [&hellip;]","og_url":"https:\/\/nid.pl\/en\/2022\/11\/25\/mazowieckie-forum-dziedzictwa\/","og_site_name":"NID","article_publisher":"https:\/\/www.facebook.com\/zabytek","article_published_time":"2022-11-25T13:00:30+00:00","article_modified_time":"2023-02-24T12:48:25+00:00","og_image":[{"width":440,"height":294,"url":"https:\/\/nid.pl\/wp-content\/uploads\/2023\/02\/miniaturka-patronat-3.jpg","type":"image\/jpeg"}],"author":"Barbara Halliop","twitter_card":"summary_large_image","twitter_creator":"@NarIDpl","twitter_site":"@NarIDpl","twitter_misc":{"Written by":"Barbara Halliop","Estimated reading time":"1 minute"},"schema":{"@context":"https:\/\/schema.org","@graph":[{"@type":"Article","@id":"https:\/\/nid.pl\/2022\/11\/25\/mazowieckie-forum-dziedzictwa\/#article","isPartOf":{"@id":"https:\/\/nid.pl\/2022\/11\/25\/mazowieckie-forum-dziedzictwa\/"},"author":{"name":"Barbara Halliop","@id":"https:\/\/nid.pl\/#\/schema\/person\/1b690a8998a5111cfb9f0ffe24195a15"},"headline":"\u201eMazowieckie Forum Dziedzictwa\u201d","datePublished":"2022-11-25T13:00:30+00:00","dateModified":"2023-02-24T12:48:25+00:00","mainEntityOfPage":{"@id":"https:\/\/nid.pl\/2022\/11\/25\/mazowieckie-forum-dziedzictwa\/"},"wordCount":94,"commentCount":0,"publisher":{"@id":"https:\/\/nid.pl\/#organization"},"image":{"@id":"https:\/\/nid.pl\/2022\/11\/25\/mazowieckie-forum-dziedzictwa\/#primaryimage"},"thumbnailUrl":"https:\/\/nid.pl\/wp-content\/uploads\/2023\/02\/miniaturka-patronat-3.jpg","articleSection":["Patronaty"],"inLanguage":"en-GB"},{"@type":"WebPage","@id":"https:\/\/nid.pl\/2022\/11\/25\/mazowieckie-forum-dziedzictwa\/","url":"https:\/\/nid.pl\/2022\/11\/25\/mazowieckie-forum-dziedzictwa\/","name":"\u201eMazowieckie Forum Dziedzictwa\u201d - NID","isPartOf":{"@id":"https:\/\/nid.pl\/#website"},"primaryImageOfPage":{"@id":"https:\/\/nid.pl\/2022\/11\/25\/mazowieckie-forum-dziedzictwa\/#primaryimage"},"image":{"@id":"https:\/\/nid.pl\/2022\/11\/25\/mazowieckie-forum-dziedzictwa\/#primaryimage"},"thumbnailUrl":"https:\/\/nid.pl\/wp-content\/uploads\/2023\/02\/miniaturka-patronat-3.jpg","datePublished":"2022-11-25T13:00:30+00:00","dateModified":"2023-02-24T12:48:25+00:00","breadcrumb":{"@id":"https:\/\/nid.pl\/2022\/11\/25\/mazowieckie-forum-dziedzictwa\/#breadcrumb"},"inLanguage":"en-GB","potentialAction":[{"@type":"ReadAction","target":["https:\/\/nid.pl\/2022\/11\/25\/mazowieckie-forum-dziedzictwa\/"]}]},{"@type":"ImageObject","inLanguage":"en-GB","@id":"https:\/\/nid.pl\/2022\/11\/25\/mazowieckie-forum-dziedzictwa\/#primaryimage","url":"https:\/\/nid.pl\/wp-content\/uploads\/2023\/02\/miniaturka-patronat-3.jpg","contentUrl":"https:\/\/nid.pl\/wp-content\/uploads\/2023\/02\/miniaturka-patronat-3.jpg","width":440,"height":294,"caption":"miniaturka patronat"},{"@type":"BreadcrumbList","@id":"https:\/\/nid.pl\/2022\/11\/25\/mazowieckie-forum-dziedzictwa\/#breadcrumb","itemListElement":[{"@type":"ListItem","position":1,"name":"Home","item":"https:\/\/nid.pl\/"},{"@type":"ListItem","position":2,"name":"\u201eMazowieckie Forum Dziedzictwa\u201d"}]},{"@type":"WebSite","@id":"https:\/\/nid.pl\/#website","url":"https:\/\/nid.pl\/","name":"NID","description":"Narodowy Instytut Dziedzictwa","publisher":{"@id":"https:\/\/nid.pl\/#organization"},"potentialAction":[{"@type":"SearchAction","target":{"@type":"EntryPoint","urlTemplate":"https:\/\/nid.pl\/?s={search_term_string}"},"query-input":{"@type":"PropertyValueSpecification","valueRequired":true,"valueName":"search_term_string"}}],"inLanguage":"en-GB"},{"@type":"Organization","@id":"https:\/\/nid.pl\/#organization","name":"Narodowy Instytut Dziedzictwa","url":"https:\/\/nid.pl\/","logo":{"@type":"ImageObject","inLanguage":"en-GB","@id":"https:\/\/nid.pl\/#\/schema\/logo\/image\/","url":"https:\/\/nid.pl\/wp-content\/uploads\/2022\/10\/logoRedDark.png","contentUrl":"https:\/\/nid.pl\/wp-content\/uploads\/2022\/10\/logoRedDark.png","width":200,"height":197,"caption":"Narodowy Instytut Dziedzictwa"},"image":{"@id":"https:\/\/nid.pl\/#\/schema\/logo\/image\/"},"sameAs":["https:\/\/www.facebook.com\/zabytek","https:\/\/x.com\/NarIDpl","https:\/\/www.instagram.com\/nid.pl\/?hl=pl","https:\/\/www.linkedin.com\/company\/narodowy-instytut-dziedzictwa","https:\/\/www.youtube.com\/channel\/UCQXuhKa2uHtmNvLRUSx40JA"]},{"@type":"Person","@id":"https:\/\/nid.pl\/#\/schema\/person\/1b690a8998a5111cfb9f0ffe24195a15","name":"Barbara Halliop","image":{"@type":"ImageObject","inLanguage":"en-GB","@id":"https:\/\/nid.pl\/#\/schema\/person\/image\/","url":"https:\/\/nid.pl\/wp-content\/litespeed\/avatar\/924046d17dd0c842c9fa9ccf489bc6dc.jpg?ver=1777444967","contentUrl":"https:\/\/nid.pl\/wp-content\/litespeed\/avatar\/924046d17dd0c842c9fa9ccf489bc6dc.jpg?ver=1777444967","caption":"Barbara Halliop"},"url":"https:\/\/nid.pl\/en\/author\/bhalliop\/"}]}},"_links":{"self":[{"href":"https:\/\/nid.pl\/en\/wp-json\/wp\/v2\/posts\/9182","targetHints":{"allow":["GET"]}}],"collection":[{"href":"https:\/\/nid.pl\/en\/wp-json\/wp\/v2\/posts"}],"about":[{"href":"https:\/\/nid.pl\/en\/wp-json\/wp\/v2\/types\/post"}],"author":[{"embeddable":true,"href":"https:\/\/nid.pl\/en\/wp-json\/wp\/v2\/users\/7"}],"replies":[{"embeddable":true,"href":"https:\/\/nid.pl\/en\/wp-json\/wp\/v2\/comments?post=9182"}],"version-history":[{"count":0,"href":"https:\/\/nid.pl\/en\/wp-json\/wp\/v2\/posts\/9182\/revisions"}],"wp:featuredmedia":[{"embeddable":true,"href":"https:\/\/nid.pl\/en\/wp-json\/wp\/v2\/media\/10046"}],"wp:attachment":[{"href":"https:\/\/nid.pl\/en\/wp-json\/wp\/v2\/media?parent=9182"}],"wp:term":[{"taxonomy":"category","embeddable":true,"href":"https:\/\/nid.pl\/en\/wp-json\/wp\/v2\/categories?post=9182"},{"taxonomy":"post_tag","embeddable":true,"href":"https:\/\/nid.pl\/en\/wp-json\/wp\/v2\/tags?post=9182"}],"curies":[{"name":"wp","href":"https:\/\/api.w.org\/{rel}","templated":true}]}}