{"id":9027,"date":"2022-11-10T14:53:32","date_gmt":"2022-11-10T13:53:32","guid":{"rendered":"https:\/\/nid.pl\/?p=9027"},"modified":"2023-02-24T13:48:50","modified_gmt":"2023-02-24T12:48:50","slug":"miedzynarodowa-konferencja-naukowa-niematerialne-dziedzictwo-kulturowe-znaczenie-i-rola-w-kontekscie-krajobrazu-kulturowego","status":"publish","type":"post","link":"https:\/\/nid.pl\/en\/2022\/11\/10\/miedzynarodowa-konferencja-naukowa-niematerialne-dziedzictwo-kulturowe-znaczenie-i-rola-w-kontekscie-krajobrazu-kulturowego\/","title":{"rendered":"Mi\u0119dzynarodowa Konferencja Naukowa \u201eNiematerialne dziedzictwo kulturowe \u2013 znaczenie i rola w kontek\u015bcie krajobrazu kulturowego\u201d"},"content":{"rendered":"<p><strong>Narodowy Instytut Dziedzictwa obj\u0105\u0142 patronatem i wsp\u00f3\u0142organizacj\u0105 Mi\u0119dzynarodow\u0105 Konferencj\u0119 Naukow\u0105 \u201eNiematerialne dziedzictwo kulturowe \u2013 znaczenie i rola w kontek\u015bcie krajobrazu kulturowego\u201d organizowan\u0105 przez Instytut Nauk o Kulturze Uniwersytetu Marii Curie-Sk\u0142odowskiej w Lublinie. Wydarzenie ob\u0119dzie si\u0119 w Uniejowie w dn. 16 \u2013 17 listopada 2022 roku.<\/strong><\/p>\n\n\n\n<p>Wyk\u0142ady i referaty wyg\u0142osz\u0105 naukowcy r\u00f3\u017cnych dyscyplin z Polski oraz z Ukrainy, Bu\u0142garii, Czech, S\u0142owacji. Wymieni\u0105 si\u0119 do\u015bwiadczeniami w zakresie holistycznego badania dziedzictwa niematerialnego. Jest to czwarta konferencja UMCS dedykowana naukowym za\u0142o\u017ceniom ochrony lokalnych i regionalnych tradycji w my\u015bl Konwencji UNESCO 2003.<\/p>\n\n\n\n<p><\/p>\n\n\n\n<p><strong>Download<\/strong><br><a href=\"https:\/\/nid.pl\/wp-content\/uploads\/2022\/11\/Program-konferencji_final.pdf\" target=\"_blank\" rel=\"noreferrer noopener\">Program konferencji<\/a><\/p>\n\n\n\n<p><strong>Organizator<\/strong>:<br>Instytut Nauk o Kulturze<br>Katedra Niematerialnego Dziedzictwa Kulturowego<br>Uniwersytetu Marii Curie-Sk\u0142odowskiej w Lublinie<\/p>\n\n\n\n<p><strong>Gospodarze<\/strong>:<br>Gmina Uniej\u00f3w<br>Parafialne Stowarzyszenie \u201eSpycimierskie Bo\u017ce Cia\u0142o\u201d w Spycimierzu<\/p>\n\n\n\n<p><strong>Wsp\u00f3\u0142organizatorzy<\/strong>:<br>Narodowy Instytut Dziedzictwa<br>Polskie Towarzystwo Kulturoznawcze<\/p>\n\n\n\n<p><strong>Przy udziale:<\/strong><br>Centrum pro studium nemateri\u00e1ln\u00edho kulturn\u00edho d\u011bdictv\u00ed, \u00dastav evropsk\u00e9 etnologie, Masarykova univerzita, Brno<br>Komisji M\u0142odych Polskiej Sekcji Mi\u0119dzynarodowej Organizacji Sztuki Ludowej (IOV)<br>Polskiego Towarzystwa Ludoznawczego<\/p>\n\n\n\n<p><strong>Patronat honorowy<\/strong><br>Narodowy Instytut Kultury i Dziedzictwa wsi<br>Polska Sekcja Mi\u0119dzynarodowej Organizacji Sztuki Ludowej (IOV)<\/p>\n\n\n\n<p><strong>Patronat medialny<\/strong><br>Kwartalnik STL \u201eTw\u00f3rczo\u015b\u0107 Ludowa\u201d<br>Portal KulturaLudowa.pl<br>Pismo Folkowe<\/p>\n\n\n\n<p><\/p>\n\n\n\n<figure class=\"wp-block-gallery has-nested-images columns-default is-cropped wp-block-gallery-1 is-layout-flex wp-block-gallery-is-layout-flex\">\n<figure class=\"wp-block-image size-large\"><img loading=\"lazy\" decoding=\"async\" width=\"5555\" height=\"3002\" data-id=\"9028\" src=\"https:\/\/nid.pl\/wp-content\/uploads\/2022\/11\/Patronaty-2022_Uniejow_plakat.png\" alt=\"\" class=\"wp-image-9028\" srcset=\"https:\/\/nid.pl\/wp-content\/uploads\/2022\/11\/Patronaty-2022_Uniejow_plakat.png 5555w, https:\/\/nid.pl\/wp-content\/uploads\/2022\/11\/Patronaty-2022_Uniejow_plakat-1280x692.png 1280w, https:\/\/nid.pl\/wp-content\/uploads\/2022\/11\/Patronaty-2022_Uniejow_plakat-980x530.png 980w, https:\/\/nid.pl\/wp-content\/uploads\/2022\/11\/Patronaty-2022_Uniejow_plakat-480x259.png 480w\" sizes=\"(min-width: 0px) and (max-width: 480px) 480px, (min-width: 481px) and (max-width: 980px) 980px, (min-width: 981px) and (max-width: 1280px) 1280px, (min-width: 1281px) 5555px, 100vw\" \/><\/figure>\n<\/figure>","protected":false},"excerpt":{"rendered":"<p>Narodowy Instytut Dziedzictwa obj\u0105\u0142 patronatem i wsp\u00f3\u0142organizacj\u0105 Mi\u0119dzynarodow\u0105 Konferencj\u0119 Naukow\u0105 \u201eNiematerialne dziedzictwo kulturowe \u2013 znaczenie i rola w kontek\u015bcie krajobrazu kulturowego\u201d organizowan\u0105 przez Instytut Nauk o Kulturze Uniwersytetu Marii Curie-Sk\u0142odowskiej [&hellip;]<\/p>","protected":false},"author":7,"featured_media":10047,"comment_status":"open","ping_status":"open","sticky":false,"template":"","format":"standard","meta":{"_et_pb_use_builder":"off","_et_pb_old_content":"","_et_gb_content_width":"","_monsterinsights_skip_tracking":false,"_monsterinsights_sitenote_active":false,"_monsterinsights_sitenote_note":"","_monsterinsights_sitenote_category":0,"footnotes":""},"categories":[28],"tags":[],"class_list":["post-9027","post","type-post","status-publish","format-standard","has-post-thumbnail","hentry","category-patronaty"],"yoast_head":"<!-- This site is optimized with the Yoast SEO plugin v26.5 - https:\/\/yoast.com\/wordpress\/plugins\/seo\/ -->\n<title>Mi\u0119dzynarodowa Konferencja Naukowa \u201eNiematerialne dziedzictwo kulturowe \u2013 znaczenie i rola w kontek\u015bcie krajobrazu kulturowego\u201d - NID<\/title>\n<meta name=\"robots\" content=\"index, follow, max-snippet:-1, max-image-preview:large, max-video-preview:-1\" \/>\n<link rel=\"canonical\" href=\"https:\/\/nid.pl\/en\/2022\/11\/10\/miedzynarodowa-konferencja-naukowa-niematerialne-dziedzictwo-kulturowe-znaczenie-i-rola-w-kontekscie-krajobrazu-kulturowego\/\" \/>\n<meta property=\"og:locale\" content=\"en_GB\" \/>\n<meta property=\"og:type\" content=\"article\" \/>\n<meta property=\"og:title\" content=\"Mi\u0119dzynarodowa Konferencja Naukowa \u201eNiematerialne dziedzictwo kulturowe \u2013 znaczenie i rola w kontek\u015bcie krajobrazu kulturowego\u201d - NID\" \/>\n<meta property=\"og:description\" content=\"Narodowy Instytut Dziedzictwa obj\u0105\u0142 patronatem i wsp\u00f3\u0142organizacj\u0105 Mi\u0119dzynarodow\u0105 Konferencj\u0119 Naukow\u0105 \u201eNiematerialne dziedzictwo kulturowe \u2013 znaczenie i rola w kontek\u015bcie krajobrazu kulturowego\u201d organizowan\u0105 przez Instytut Nauk o Kulturze Uniwersytetu Marii Curie-Sk\u0142odowskiej [&hellip;]\" \/>\n<meta property=\"og:url\" content=\"https:\/\/nid.pl\/en\/2022\/11\/10\/miedzynarodowa-konferencja-naukowa-niematerialne-dziedzictwo-kulturowe-znaczenie-i-rola-w-kontekscie-krajobrazu-kulturowego\/\" \/>\n<meta property=\"og:site_name\" content=\"NID\" \/>\n<meta property=\"article:publisher\" content=\"https:\/\/www.facebook.com\/zabytek\" \/>\n<meta property=\"article:published_time\" content=\"2022-11-10T13:53:32+00:00\" \/>\n<meta property=\"article:modified_time\" content=\"2023-02-24T12:48:50+00:00\" \/>\n<meta property=\"og:image\" content=\"https:\/\/nid.pl\/wp-content\/uploads\/2023\/02\/miniaturka-patronat-4.jpg\" \/>\n\t<meta property=\"og:image:width\" content=\"440\" \/>\n\t<meta property=\"og:image:height\" content=\"294\" \/>\n\t<meta property=\"og:image:type\" content=\"image\/jpeg\" \/>\n<meta name=\"author\" content=\"Barbara Halliop\" \/>\n<meta name=\"twitter:card\" content=\"summary_large_image\" \/>\n<meta name=\"twitter:creator\" content=\"@NarIDpl\" \/>\n<meta name=\"twitter:site\" content=\"@NarIDpl\" \/>\n<meta name=\"twitter:label1\" content=\"Written by\" \/>\n\t<meta name=\"twitter:data1\" content=\"Barbara Halliop\" \/>\n\t<meta name=\"twitter:label2\" content=\"Estimated reading time\" \/>\n\t<meta name=\"twitter:data2\" content=\"1 minute\" \/>\n<script type=\"application\/ld+json\" class=\"yoast-schema-graph\">{\"@context\":\"https:\/\/schema.org\",\"@graph\":[{\"@type\":\"Article\",\"@id\":\"https:\/\/nid.pl\/2022\/11\/10\/miedzynarodowa-konferencja-naukowa-niematerialne-dziedzictwo-kulturowe-znaczenie-i-rola-w-kontekscie-krajobrazu-kulturowego\/#article\",\"isPartOf\":{\"@id\":\"https:\/\/nid.pl\/2022\/11\/10\/miedzynarodowa-konferencja-naukowa-niematerialne-dziedzictwo-kulturowe-znaczenie-i-rola-w-kontekscie-krajobrazu-kulturowego\/\"},\"author\":{\"name\":\"Barbara Halliop\",\"@id\":\"https:\/\/nid.pl\/#\/schema\/person\/1b690a8998a5111cfb9f0ffe24195a15\"},\"headline\":\"Mi\u0119dzynarodowa Konferencja Naukowa \u201eNiematerialne dziedzictwo kulturowe \u2013 znaczenie i rola w kontek\u015bcie krajobrazu kulturowego\u201d\",\"datePublished\":\"2022-11-10T13:53:32+00:00\",\"dateModified\":\"2023-02-24T12:48:50+00:00\",\"mainEntityOfPage\":{\"@id\":\"https:\/\/nid.pl\/2022\/11\/10\/miedzynarodowa-konferencja-naukowa-niematerialne-dziedzictwo-kulturowe-znaczenie-i-rola-w-kontekscie-krajobrazu-kulturowego\/\"},\"wordCount\":203,\"commentCount\":0,\"publisher\":{\"@id\":\"https:\/\/nid.pl\/#organization\"},\"image\":{\"@id\":\"https:\/\/nid.pl\/2022\/11\/10\/miedzynarodowa-konferencja-naukowa-niematerialne-dziedzictwo-kulturowe-znaczenie-i-rola-w-kontekscie-krajobrazu-kulturowego\/#primaryimage\"},\"thumbnailUrl\":\"https:\/\/nid.pl\/wp-content\/uploads\/2023\/02\/miniaturka-patronat-4.jpg\",\"articleSection\":[\"Patronaty\"],\"inLanguage\":\"en-GB\"},{\"@type\":\"WebPage\",\"@id\":\"https:\/\/nid.pl\/2022\/11\/10\/miedzynarodowa-konferencja-naukowa-niematerialne-dziedzictwo-kulturowe-znaczenie-i-rola-w-kontekscie-krajobrazu-kulturowego\/\",\"url\":\"https:\/\/nid.pl\/2022\/11\/10\/miedzynarodowa-konferencja-naukowa-niematerialne-dziedzictwo-kulturowe-znaczenie-i-rola-w-kontekscie-krajobrazu-kulturowego\/\",\"name\":\"Mi\u0119dzynarodowa Konferencja Naukowa \u201eNiematerialne dziedzictwo kulturowe \u2013 znaczenie i rola w kontek\u015bcie krajobrazu kulturowego\u201d - NID\",\"isPartOf\":{\"@id\":\"https:\/\/nid.pl\/#website\"},\"primaryImageOfPage\":{\"@id\":\"https:\/\/nid.pl\/2022\/11\/10\/miedzynarodowa-konferencja-naukowa-niematerialne-dziedzictwo-kulturowe-znaczenie-i-rola-w-kontekscie-krajobrazu-kulturowego\/#primaryimage\"},\"image\":{\"@id\":\"https:\/\/nid.pl\/2022\/11\/10\/miedzynarodowa-konferencja-naukowa-niematerialne-dziedzictwo-kulturowe-znaczenie-i-rola-w-kontekscie-krajobrazu-kulturowego\/#primaryimage\"},\"thumbnailUrl\":\"https:\/\/nid.pl\/wp-content\/uploads\/2023\/02\/miniaturka-patronat-4.jpg\",\"datePublished\":\"2022-11-10T13:53:32+00:00\",\"dateModified\":\"2023-02-24T12:48:50+00:00\",\"breadcrumb\":{\"@id\":\"https:\/\/nid.pl\/2022\/11\/10\/miedzynarodowa-konferencja-naukowa-niematerialne-dziedzictwo-kulturowe-znaczenie-i-rola-w-kontekscie-krajobrazu-kulturowego\/#breadcrumb\"},\"inLanguage\":\"en-GB\",\"potentialAction\":[{\"@type\":\"ReadAction\",\"target\":[\"https:\/\/nid.pl\/2022\/11\/10\/miedzynarodowa-konferencja-naukowa-niematerialne-dziedzictwo-kulturowe-znaczenie-i-rola-w-kontekscie-krajobrazu-kulturowego\/\"]}]},{\"@type\":\"ImageObject\",\"inLanguage\":\"en-GB\",\"@id\":\"https:\/\/nid.pl\/2022\/11\/10\/miedzynarodowa-konferencja-naukowa-niematerialne-dziedzictwo-kulturowe-znaczenie-i-rola-w-kontekscie-krajobrazu-kulturowego\/#primaryimage\",\"url\":\"https:\/\/nid.pl\/wp-content\/uploads\/2023\/02\/miniaturka-patronat-4.jpg\",\"contentUrl\":\"https:\/\/nid.pl\/wp-content\/uploads\/2023\/02\/miniaturka-patronat-4.jpg\",\"width\":440,\"height\":294,\"caption\":\"miniaturka patronat\"},{\"@type\":\"BreadcrumbList\",\"@id\":\"https:\/\/nid.pl\/2022\/11\/10\/miedzynarodowa-konferencja-naukowa-niematerialne-dziedzictwo-kulturowe-znaczenie-i-rola-w-kontekscie-krajobrazu-kulturowego\/#breadcrumb\",\"itemListElement\":[{\"@type\":\"ListItem\",\"position\":1,\"name\":\"Home\",\"item\":\"https:\/\/nid.pl\/\"},{\"@type\":\"ListItem\",\"position\":2,\"name\":\"Mi\u0119dzynarodowa Konferencja Naukowa \u201eNiematerialne dziedzictwo kulturowe \u2013 znaczenie i rola w kontek\u015bcie krajobrazu kulturowego\u201d\"}]},{\"@type\":\"WebSite\",\"@id\":\"https:\/\/nid.pl\/#website\",\"url\":\"https:\/\/nid.pl\/\",\"name\":\"NID\",\"description\":\"Narodowy Instytut Dziedzictwa\",\"publisher\":{\"@id\":\"https:\/\/nid.pl\/#organization\"},\"potentialAction\":[{\"@type\":\"SearchAction\",\"target\":{\"@type\":\"EntryPoint\",\"urlTemplate\":\"https:\/\/nid.pl\/?s={search_term_string}\"},\"query-input\":{\"@type\":\"PropertyValueSpecification\",\"valueRequired\":true,\"valueName\":\"search_term_string\"}}],\"inLanguage\":\"en-GB\"},{\"@type\":\"Organization\",\"@id\":\"https:\/\/nid.pl\/#organization\",\"name\":\"Narodowy Instytut Dziedzictwa\",\"url\":\"https:\/\/nid.pl\/\",\"logo\":{\"@type\":\"ImageObject\",\"inLanguage\":\"en-GB\",\"@id\":\"https:\/\/nid.pl\/#\/schema\/logo\/image\/\",\"url\":\"https:\/\/nid.pl\/wp-content\/uploads\/2022\/10\/logoRedDark.png\",\"contentUrl\":\"https:\/\/nid.pl\/wp-content\/uploads\/2022\/10\/logoRedDark.png\",\"width\":200,\"height\":197,\"caption\":\"Narodowy Instytut Dziedzictwa\"},\"image\":{\"@id\":\"https:\/\/nid.pl\/#\/schema\/logo\/image\/\"},\"sameAs\":[\"https:\/\/www.facebook.com\/zabytek\",\"https:\/\/x.com\/NarIDpl\",\"https:\/\/www.instagram.com\/nid.pl\/?hl=pl\",\"https:\/\/www.linkedin.com\/company\/narodowy-instytut-dziedzictwa\",\"https:\/\/www.youtube.com\/channel\/UCQXuhKa2uHtmNvLRUSx40JA\"]},{\"@type\":\"Person\",\"@id\":\"https:\/\/nid.pl\/#\/schema\/person\/1b690a8998a5111cfb9f0ffe24195a15\",\"name\":\"Barbara Halliop\",\"image\":{\"@type\":\"ImageObject\",\"inLanguage\":\"en-GB\",\"@id\":\"https:\/\/nid.pl\/#\/schema\/person\/image\/\",\"url\":\"https:\/\/nid.pl\/wp-content\/litespeed\/avatar\/924046d17dd0c842c9fa9ccf489bc6dc.jpg?ver=1777444967\",\"contentUrl\":\"https:\/\/nid.pl\/wp-content\/litespeed\/avatar\/924046d17dd0c842c9fa9ccf489bc6dc.jpg?ver=1777444967\",\"caption\":\"Barbara Halliop\"},\"url\":\"https:\/\/nid.pl\/en\/author\/bhalliop\/\"}]}<\/script>\n<!-- \/ Yoast SEO plugin. -->","yoast_head_json":{"title":"Mi\u0119dzynarodowa Konferencja Naukowa \u201eNiematerialne dziedzictwo kulturowe \u2013 znaczenie i rola w kontek\u015bcie krajobrazu kulturowego\u201d - NID","robots":{"index":"index","follow":"follow","max-snippet":"max-snippet:-1","max-image-preview":"max-image-preview:large","max-video-preview":"max-video-preview:-1"},"canonical":"https:\/\/nid.pl\/en\/2022\/11\/10\/miedzynarodowa-konferencja-naukowa-niematerialne-dziedzictwo-kulturowe-znaczenie-i-rola-w-kontekscie-krajobrazu-kulturowego\/","og_locale":"en_GB","og_type":"article","og_title":"Mi\u0119dzynarodowa Konferencja Naukowa \u201eNiematerialne dziedzictwo kulturowe \u2013 znaczenie i rola w kontek\u015bcie krajobrazu kulturowego\u201d - NID","og_description":"Narodowy Instytut Dziedzictwa obj\u0105\u0142 patronatem i wsp\u00f3\u0142organizacj\u0105 Mi\u0119dzynarodow\u0105 Konferencj\u0119 Naukow\u0105 \u201eNiematerialne dziedzictwo kulturowe \u2013 znaczenie i rola w kontek\u015bcie krajobrazu kulturowego\u201d organizowan\u0105 przez Instytut Nauk o Kulturze Uniwersytetu Marii Curie-Sk\u0142odowskiej [&hellip;]","og_url":"https:\/\/nid.pl\/en\/2022\/11\/10\/miedzynarodowa-konferencja-naukowa-niematerialne-dziedzictwo-kulturowe-znaczenie-i-rola-w-kontekscie-krajobrazu-kulturowego\/","og_site_name":"NID","article_publisher":"https:\/\/www.facebook.com\/zabytek","article_published_time":"2022-11-10T13:53:32+00:00","article_modified_time":"2023-02-24T12:48:50+00:00","og_image":[{"width":440,"height":294,"url":"https:\/\/nid.pl\/wp-content\/uploads\/2023\/02\/miniaturka-patronat-4.jpg","type":"image\/jpeg"}],"author":"Barbara Halliop","twitter_card":"summary_large_image","twitter_creator":"@NarIDpl","twitter_site":"@NarIDpl","twitter_misc":{"Written by":"Barbara Halliop","Estimated reading time":"1 minute"},"schema":{"@context":"https:\/\/schema.org","@graph":[{"@type":"Article","@id":"https:\/\/nid.pl\/2022\/11\/10\/miedzynarodowa-konferencja-naukowa-niematerialne-dziedzictwo-kulturowe-znaczenie-i-rola-w-kontekscie-krajobrazu-kulturowego\/#article","isPartOf":{"@id":"https:\/\/nid.pl\/2022\/11\/10\/miedzynarodowa-konferencja-naukowa-niematerialne-dziedzictwo-kulturowe-znaczenie-i-rola-w-kontekscie-krajobrazu-kulturowego\/"},"author":{"name":"Barbara Halliop","@id":"https:\/\/nid.pl\/#\/schema\/person\/1b690a8998a5111cfb9f0ffe24195a15"},"headline":"Mi\u0119dzynarodowa Konferencja Naukowa \u201eNiematerialne dziedzictwo kulturowe \u2013 znaczenie i rola w kontek\u015bcie krajobrazu kulturowego\u201d","datePublished":"2022-11-10T13:53:32+00:00","dateModified":"2023-02-24T12:48:50+00:00","mainEntityOfPage":{"@id":"https:\/\/nid.pl\/2022\/11\/10\/miedzynarodowa-konferencja-naukowa-niematerialne-dziedzictwo-kulturowe-znaczenie-i-rola-w-kontekscie-krajobrazu-kulturowego\/"},"wordCount":203,"commentCount":0,"publisher":{"@id":"https:\/\/nid.pl\/#organization"},"image":{"@id":"https:\/\/nid.pl\/2022\/11\/10\/miedzynarodowa-konferencja-naukowa-niematerialne-dziedzictwo-kulturowe-znaczenie-i-rola-w-kontekscie-krajobrazu-kulturowego\/#primaryimage"},"thumbnailUrl":"https:\/\/nid.pl\/wp-content\/uploads\/2023\/02\/miniaturka-patronat-4.jpg","articleSection":["Patronaty"],"inLanguage":"en-GB"},{"@type":"WebPage","@id":"https:\/\/nid.pl\/2022\/11\/10\/miedzynarodowa-konferencja-naukowa-niematerialne-dziedzictwo-kulturowe-znaczenie-i-rola-w-kontekscie-krajobrazu-kulturowego\/","url":"https:\/\/nid.pl\/2022\/11\/10\/miedzynarodowa-konferencja-naukowa-niematerialne-dziedzictwo-kulturowe-znaczenie-i-rola-w-kontekscie-krajobrazu-kulturowego\/","name":"Mi\u0119dzynarodowa Konferencja Naukowa \u201eNiematerialne dziedzictwo kulturowe \u2013 znaczenie i rola w kontek\u015bcie krajobrazu kulturowego\u201d - NID","isPartOf":{"@id":"https:\/\/nid.pl\/#website"},"primaryImageOfPage":{"@id":"https:\/\/nid.pl\/2022\/11\/10\/miedzynarodowa-konferencja-naukowa-niematerialne-dziedzictwo-kulturowe-znaczenie-i-rola-w-kontekscie-krajobrazu-kulturowego\/#primaryimage"},"image":{"@id":"https:\/\/nid.pl\/2022\/11\/10\/miedzynarodowa-konferencja-naukowa-niematerialne-dziedzictwo-kulturowe-znaczenie-i-rola-w-kontekscie-krajobrazu-kulturowego\/#primaryimage"},"thumbnailUrl":"https:\/\/nid.pl\/wp-content\/uploads\/2023\/02\/miniaturka-patronat-4.jpg","datePublished":"2022-11-10T13:53:32+00:00","dateModified":"2023-02-24T12:48:50+00:00","breadcrumb":{"@id":"https:\/\/nid.pl\/2022\/11\/10\/miedzynarodowa-konferencja-naukowa-niematerialne-dziedzictwo-kulturowe-znaczenie-i-rola-w-kontekscie-krajobrazu-kulturowego\/#breadcrumb"},"inLanguage":"en-GB","potentialAction":[{"@type":"ReadAction","target":["https:\/\/nid.pl\/2022\/11\/10\/miedzynarodowa-konferencja-naukowa-niematerialne-dziedzictwo-kulturowe-znaczenie-i-rola-w-kontekscie-krajobrazu-kulturowego\/"]}]},{"@type":"ImageObject","inLanguage":"en-GB","@id":"https:\/\/nid.pl\/2022\/11\/10\/miedzynarodowa-konferencja-naukowa-niematerialne-dziedzictwo-kulturowe-znaczenie-i-rola-w-kontekscie-krajobrazu-kulturowego\/#primaryimage","url":"https:\/\/nid.pl\/wp-content\/uploads\/2023\/02\/miniaturka-patronat-4.jpg","contentUrl":"https:\/\/nid.pl\/wp-content\/uploads\/2023\/02\/miniaturka-patronat-4.jpg","width":440,"height":294,"caption":"miniaturka patronat"},{"@type":"BreadcrumbList","@id":"https:\/\/nid.pl\/2022\/11\/10\/miedzynarodowa-konferencja-naukowa-niematerialne-dziedzictwo-kulturowe-znaczenie-i-rola-w-kontekscie-krajobrazu-kulturowego\/#breadcrumb","itemListElement":[{"@type":"ListItem","position":1,"name":"Home","item":"https:\/\/nid.pl\/"},{"@type":"ListItem","position":2,"name":"Mi\u0119dzynarodowa Konferencja Naukowa \u201eNiematerialne dziedzictwo kulturowe \u2013 znaczenie i rola w kontek\u015bcie krajobrazu kulturowego\u201d"}]},{"@type":"WebSite","@id":"https:\/\/nid.pl\/#website","url":"https:\/\/nid.pl\/","name":"NID","description":"Narodowy Instytut Dziedzictwa","publisher":{"@id":"https:\/\/nid.pl\/#organization"},"potentialAction":[{"@type":"SearchAction","target":{"@type":"EntryPoint","urlTemplate":"https:\/\/nid.pl\/?s={search_term_string}"},"query-input":{"@type":"PropertyValueSpecification","valueRequired":true,"valueName":"search_term_string"}}],"inLanguage":"en-GB"},{"@type":"Organization","@id":"https:\/\/nid.pl\/#organization","name":"Narodowy Instytut Dziedzictwa","url":"https:\/\/nid.pl\/","logo":{"@type":"ImageObject","inLanguage":"en-GB","@id":"https:\/\/nid.pl\/#\/schema\/logo\/image\/","url":"https:\/\/nid.pl\/wp-content\/uploads\/2022\/10\/logoRedDark.png","contentUrl":"https:\/\/nid.pl\/wp-content\/uploads\/2022\/10\/logoRedDark.png","width":200,"height":197,"caption":"Narodowy Instytut Dziedzictwa"},"image":{"@id":"https:\/\/nid.pl\/#\/schema\/logo\/image\/"},"sameAs":["https:\/\/www.facebook.com\/zabytek","https:\/\/x.com\/NarIDpl","https:\/\/www.instagram.com\/nid.pl\/?hl=pl","https:\/\/www.linkedin.com\/company\/narodowy-instytut-dziedzictwa","https:\/\/www.youtube.com\/channel\/UCQXuhKa2uHtmNvLRUSx40JA"]},{"@type":"Person","@id":"https:\/\/nid.pl\/#\/schema\/person\/1b690a8998a5111cfb9f0ffe24195a15","name":"Barbara Halliop","image":{"@type":"ImageObject","inLanguage":"en-GB","@id":"https:\/\/nid.pl\/#\/schema\/person\/image\/","url":"https:\/\/nid.pl\/wp-content\/litespeed\/avatar\/924046d17dd0c842c9fa9ccf489bc6dc.jpg?ver=1777444967","contentUrl":"https:\/\/nid.pl\/wp-content\/litespeed\/avatar\/924046d17dd0c842c9fa9ccf489bc6dc.jpg?ver=1777444967","caption":"Barbara Halliop"},"url":"https:\/\/nid.pl\/en\/author\/bhalliop\/"}]}},"_links":{"self":[{"href":"https:\/\/nid.pl\/en\/wp-json\/wp\/v2\/posts\/9027","targetHints":{"allow":["GET"]}}],"collection":[{"href":"https:\/\/nid.pl\/en\/wp-json\/wp\/v2\/posts"}],"about":[{"href":"https:\/\/nid.pl\/en\/wp-json\/wp\/v2\/types\/post"}],"author":[{"embeddable":true,"href":"https:\/\/nid.pl\/en\/wp-json\/wp\/v2\/users\/7"}],"replies":[{"embeddable":true,"href":"https:\/\/nid.pl\/en\/wp-json\/wp\/v2\/comments?post=9027"}],"version-history":[{"count":0,"href":"https:\/\/nid.pl\/en\/wp-json\/wp\/v2\/posts\/9027\/revisions"}],"wp:featuredmedia":[{"embeddable":true,"href":"https:\/\/nid.pl\/en\/wp-json\/wp\/v2\/media\/10047"}],"wp:attachment":[{"href":"https:\/\/nid.pl\/en\/wp-json\/wp\/v2\/media?parent=9027"}],"wp:term":[{"taxonomy":"category","embeddable":true,"href":"https:\/\/nid.pl\/en\/wp-json\/wp\/v2\/categories?post=9027"},{"taxonomy":"post_tag","embeddable":true,"href":"https:\/\/nid.pl\/en\/wp-json\/wp\/v2\/tags?post=9027"}],"curies":[{"name":"wp","href":"https:\/\/api.w.org\/{rel}","templated":true}]}}