{"id":8986,"date":"2022-11-08T11:42:31","date_gmt":"2022-11-08T10:42:31","guid":{"rendered":"https:\/\/nid.pl\/?p=8986"},"modified":"2022-11-08T11:42:33","modified_gmt":"2022-11-08T10:42:33","slug":"spotkanie-koordynatorow-krajowych-europejskich-dni-dziedzictwa","status":"publish","type":"post","link":"https:\/\/nid.pl\/en\/2022\/11\/08\/spotkanie-koordynatorow-krajowych-europejskich-dni-dziedzictwa\/","title":{"rendered":"Spotkanie koordynator\u00f3w krajowych Europejskich Dni Dziedzictwa"},"content":{"rendered":"<p><strong>W dniach\u00a03 &#8211; 4 listopada mia\u0142o miejsce mi\u0119dzynarodowe spotkanie krajowych koordynator\u00f3w EDD. Dwudniowa sesja by\u0142a okazj\u0105 do wymiany do\u015bwiadcze\u0144 z tegorocznej edycji projektu i podsumowania 50.000 wydarze\u0144 w ca\u0142ej Europie. Om\u00f3wiono r\u00f3wnie\u017c plany na przysz\u0142y rok.\u00a0<\/strong><\/p>\n\n\n\n<p>Europejskie Dni Dziedzictwa, to cykliczny projekt kulturalny, spo\u0142eczny i edukacyjny o wyj\u0105tkowym zasi\u0119gu. Jak co roku, we wrze\u015bniu mieszka\u0144cy Europy mogli bezp\u0142atnie skorzysta\u0107 z szerokiego wachlarza wydarze\u0144 kulturalnych i edukacyjnych (wystaw, warsztat\u00f3w, spektakli, wycieczek z przewodnikiem). Zapocz\u0105tkowane we Francji przez Rad\u0119 Europy w 1985 r. i kontynuowane jako wsp\u00f3lna inicjatywa Komisji Europejskiej i Rady Europy od 1991 r., zago\u015bci\u0142y w Polsce ju\u017c w roku 1993. Europejskie Dni Dziedzictwa corocznie umo\u017cliwiaj\u0105 poznawanie dziedzictwa kulturowego poprzez wydarzenia tematyczne oferowane przez lokalnych organizator\u00f3w.<\/p>\n\n\n\n<p>Podczas spotkania podsumowuj\u0105cego tegoroczn\u0105 edycj\u0119, koordynatorzy krajowi wys\u0142uchali sprawozda\u0144 z wybranych kraj\u00f3w. W imieniu Narodowego Instytutu Dziedzictwa, og\u00f3lnopolskiego koordynatora obchod\u00f3w EDD w Polsce, Julia W\u0142odarczyk przedstawi\u0142a podsumowanie tegorocznej, jubileuszowej edycji EDD w naszym kraju. Om\u00f3wi\u0142a tak\u017ce polskie systemowe rozwi\u0105zania zwi\u0105zane z organizacj\u0105 Europejskich Dni Dziedzictwa.<\/p>\n\n\n\n<p>Drugi dzie\u0144 spotkania po\u015bwi\u0119cony by\u0142 om\u00f3wieniu przysz\u0142orocznego, wsp\u00f3lnego tematu EDD, kt\u00f3ry dotyczy\u0107 b\u0119dzie tzw. \u017cywego dziedzictwa. Dwudniow\u0105 sesj\u0119, kt\u00f3ra odby\u0142a si\u0119 w formule on-line, poprowadzi\u0142 nowy manager programu EDD z ramienia Rady Europy, Sergei Bazaraya.<\/p>\n\n\n\n<p>Europejskie Dni Dziedzictwa odbywaj\u0105 si\u0119 co roku we wrze\u015bniu w 50 krajach &#8211; sygnatariuszach Europejskiej Konwencji Kulturalnej i s\u0105 organizowane w \u015bcis\u0142ej wsp\u00f3\u0142pracy z koordynatorami krajowymi. W tym roku mia\u0142o miejsce a\u017c 50 000 wydarze\u0144 w ca\u0142ej Europie, z czego ponad 1200 w Polsce. Wydarzenia mia\u0142y na celu rozpoznanie warto\u015bci wsp\u00f3lnego europejskiego dziedzictwa i potrzeby jego zachowania dla obecnych i przysz\u0142ych pokole\u0144.<\/p>\n\n\n\n<p><\/p>\n\n\n\n<figure class=\"wp-block-gallery has-nested-images columns-default is-cropped wp-block-gallery-1 is-layout-flex wp-block-gallery-is-layout-flex\">\n<figure class=\"wp-block-image size-large\"><img loading=\"lazy\" decoding=\"async\" width=\"1034\" height=\"524\" data-id=\"8984\" src=\"https:\/\/nid.pl\/wp-content\/uploads\/2022\/11\/EDD-spotkanie.png\" alt=\"\" class=\"wp-image-8984\" srcset=\"https:\/\/nid.pl\/wp-content\/uploads\/2022\/11\/EDD-spotkanie.png 1034w, https:\/\/nid.pl\/wp-content\/uploads\/2022\/11\/EDD-spotkanie-980x497.png 980w, https:\/\/nid.pl\/wp-content\/uploads\/2022\/11\/EDD-spotkanie-480x243.png 480w\" sizes=\"(min-width: 0px) and (max-width: 480px) 480px, (min-width: 481px) and (max-width: 980px) 980px, (min-width: 981px) 1034px, 100vw\" \/><\/figure>\n<\/figure>","protected":false},"excerpt":{"rendered":"<p>W dniach\u00a03 &#8211; 4 listopada mia\u0142o miejsce mi\u0119dzynarodowe spotkanie krajowych koordynator\u00f3w EDD. Dwudniowa sesja by\u0142a okazj\u0105 do wymiany do\u015bwiadcze\u0144 z tegorocznej edycji projektu i podsumowania 50.000 wydarze\u0144 w ca\u0142ej Europie. [&hellip;]<\/p>","protected":false},"author":7,"featured_media":8985,"comment_status":"open","ping_status":"open","sticky":false,"template":"","format":"standard","meta":{"_et_pb_use_builder":"off","_et_pb_old_content":"","_et_gb_content_width":"","_monsterinsights_skip_tracking":false,"_monsterinsights_sitenote_active":false,"_monsterinsights_sitenote_note":"","_monsterinsights_sitenote_category":0,"footnotes":""},"categories":[3],"tags":[],"class_list":["post-8986","post","type-post","status-publish","format-standard","has-post-thumbnail","hentry","category-aktualnosci"],"yoast_head":"<!-- This site is optimized with the Yoast SEO plugin v26.5 - https:\/\/yoast.com\/wordpress\/plugins\/seo\/ -->\n<title>Spotkanie koordynator\u00f3w krajowych Europejskich Dni Dziedzictwa - NID<\/title>\n<meta name=\"robots\" content=\"index, follow, max-snippet:-1, max-image-preview:large, max-video-preview:-1\" \/>\n<link rel=\"canonical\" href=\"https:\/\/nid.pl\/en\/2022\/11\/08\/spotkanie-koordynatorow-krajowych-europejskich-dni-dziedzictwa\/\" \/>\n<meta property=\"og:locale\" content=\"en_GB\" \/>\n<meta property=\"og:type\" content=\"article\" \/>\n<meta property=\"og:title\" content=\"Spotkanie koordynator\u00f3w krajowych Europejskich Dni Dziedzictwa - NID\" \/>\n<meta property=\"og:description\" content=\"W dniach\u00a03 &#8211; 4 listopada mia\u0142o miejsce mi\u0119dzynarodowe spotkanie krajowych koordynator\u00f3w EDD. Dwudniowa sesja by\u0142a okazj\u0105 do wymiany do\u015bwiadcze\u0144 z tegorocznej edycji projektu i podsumowania 50.000 wydarze\u0144 w ca\u0142ej Europie. [&hellip;]\" \/>\n<meta property=\"og:url\" content=\"https:\/\/nid.pl\/en\/2022\/11\/08\/spotkanie-koordynatorow-krajowych-europejskich-dni-dziedzictwa\/\" \/>\n<meta property=\"og:site_name\" content=\"NID\" \/>\n<meta property=\"article:publisher\" content=\"https:\/\/www.facebook.com\/zabytek\" \/>\n<meta property=\"article:published_time\" content=\"2022-11-08T10:42:31+00:00\" \/>\n<meta property=\"article:modified_time\" content=\"2022-11-08T10:42:33+00:00\" \/>\n<meta property=\"og:image\" content=\"https:\/\/nid.pl\/wp-content\/uploads\/2022\/11\/EDD-spotkanie_aktualanosci.jpg\" \/>\n\t<meta property=\"og:image:width\" content=\"673\" \/>\n\t<meta property=\"og:image:height\" content=\"450\" \/>\n\t<meta property=\"og:image:type\" content=\"image\/jpeg\" \/>\n<meta name=\"author\" content=\"Barbara Halliop\" \/>\n<meta name=\"twitter:card\" content=\"summary_large_image\" \/>\n<meta name=\"twitter:creator\" content=\"@NarIDpl\" \/>\n<meta name=\"twitter:site\" content=\"@NarIDpl\" \/>\n<meta name=\"twitter:label1\" content=\"Written by\" \/>\n\t<meta name=\"twitter:data1\" content=\"Barbara Halliop\" \/>\n\t<meta name=\"twitter:label2\" content=\"Estimated reading time\" \/>\n\t<meta name=\"twitter:data2\" content=\"2 minutes\" \/>\n<script type=\"application\/ld+json\" class=\"yoast-schema-graph\">{\"@context\":\"https:\/\/schema.org\",\"@graph\":[{\"@type\":\"Article\",\"@id\":\"https:\/\/nid.pl\/2022\/11\/08\/spotkanie-koordynatorow-krajowych-europejskich-dni-dziedzictwa\/#article\",\"isPartOf\":{\"@id\":\"https:\/\/nid.pl\/2022\/11\/08\/spotkanie-koordynatorow-krajowych-europejskich-dni-dziedzictwa\/\"},\"author\":{\"name\":\"Barbara Halliop\",\"@id\":\"https:\/\/nid.pl\/#\/schema\/person\/1b690a8998a5111cfb9f0ffe24195a15\"},\"headline\":\"Spotkanie koordynator\u00f3w krajowych Europejskich Dni Dziedzictwa\",\"datePublished\":\"2022-11-08T10:42:31+00:00\",\"dateModified\":\"2022-11-08T10:42:33+00:00\",\"mainEntityOfPage\":{\"@id\":\"https:\/\/nid.pl\/2022\/11\/08\/spotkanie-koordynatorow-krajowych-europejskich-dni-dziedzictwa\/\"},\"wordCount\":308,\"commentCount\":0,\"publisher\":{\"@id\":\"https:\/\/nid.pl\/#organization\"},\"image\":{\"@id\":\"https:\/\/nid.pl\/2022\/11\/08\/spotkanie-koordynatorow-krajowych-europejskich-dni-dziedzictwa\/#primaryimage\"},\"thumbnailUrl\":\"https:\/\/nid.pl\/wp-content\/uploads\/2022\/11\/EDD-spotkanie_aktualanosci.jpg\",\"articleSection\":[\"Aktualno\u015bci\"],\"inLanguage\":\"en-GB\"},{\"@type\":\"WebPage\",\"@id\":\"https:\/\/nid.pl\/2022\/11\/08\/spotkanie-koordynatorow-krajowych-europejskich-dni-dziedzictwa\/\",\"url\":\"https:\/\/nid.pl\/2022\/11\/08\/spotkanie-koordynatorow-krajowych-europejskich-dni-dziedzictwa\/\",\"name\":\"Spotkanie koordynator\u00f3w krajowych Europejskich Dni Dziedzictwa - NID\",\"isPartOf\":{\"@id\":\"https:\/\/nid.pl\/#website\"},\"primaryImageOfPage\":{\"@id\":\"https:\/\/nid.pl\/2022\/11\/08\/spotkanie-koordynatorow-krajowych-europejskich-dni-dziedzictwa\/#primaryimage\"},\"image\":{\"@id\":\"https:\/\/nid.pl\/2022\/11\/08\/spotkanie-koordynatorow-krajowych-europejskich-dni-dziedzictwa\/#primaryimage\"},\"thumbnailUrl\":\"https:\/\/nid.pl\/wp-content\/uploads\/2022\/11\/EDD-spotkanie_aktualanosci.jpg\",\"datePublished\":\"2022-11-08T10:42:31+00:00\",\"dateModified\":\"2022-11-08T10:42:33+00:00\",\"breadcrumb\":{\"@id\":\"https:\/\/nid.pl\/2022\/11\/08\/spotkanie-koordynatorow-krajowych-europejskich-dni-dziedzictwa\/#breadcrumb\"},\"inLanguage\":\"en-GB\",\"potentialAction\":[{\"@type\":\"ReadAction\",\"target\":[\"https:\/\/nid.pl\/2022\/11\/08\/spotkanie-koordynatorow-krajowych-europejskich-dni-dziedzictwa\/\"]}]},{\"@type\":\"ImageObject\",\"inLanguage\":\"en-GB\",\"@id\":\"https:\/\/nid.pl\/2022\/11\/08\/spotkanie-koordynatorow-krajowych-europejskich-dni-dziedzictwa\/#primaryimage\",\"url\":\"https:\/\/nid.pl\/wp-content\/uploads\/2022\/11\/EDD-spotkanie_aktualanosci.jpg\",\"contentUrl\":\"https:\/\/nid.pl\/wp-content\/uploads\/2022\/11\/EDD-spotkanie_aktualanosci.jpg\",\"width\":673,\"height\":450,\"caption\":\"EDD spotkanie aktualanosci\"},{\"@type\":\"BreadcrumbList\",\"@id\":\"https:\/\/nid.pl\/2022\/11\/08\/spotkanie-koordynatorow-krajowych-europejskich-dni-dziedzictwa\/#breadcrumb\",\"itemListElement\":[{\"@type\":\"ListItem\",\"position\":1,\"name\":\"Home\",\"item\":\"https:\/\/nid.pl\/\"},{\"@type\":\"ListItem\",\"position\":2,\"name\":\"Spotkanie koordynator\u00f3w krajowych Europejskich Dni Dziedzictwa\"}]},{\"@type\":\"WebSite\",\"@id\":\"https:\/\/nid.pl\/#website\",\"url\":\"https:\/\/nid.pl\/\",\"name\":\"NID\",\"description\":\"Narodowy Instytut Dziedzictwa\",\"publisher\":{\"@id\":\"https:\/\/nid.pl\/#organization\"},\"potentialAction\":[{\"@type\":\"SearchAction\",\"target\":{\"@type\":\"EntryPoint\",\"urlTemplate\":\"https:\/\/nid.pl\/?s={search_term_string}\"},\"query-input\":{\"@type\":\"PropertyValueSpecification\",\"valueRequired\":true,\"valueName\":\"search_term_string\"}}],\"inLanguage\":\"en-GB\"},{\"@type\":\"Organization\",\"@id\":\"https:\/\/nid.pl\/#organization\",\"name\":\"Narodowy Instytut Dziedzictwa\",\"url\":\"https:\/\/nid.pl\/\",\"logo\":{\"@type\":\"ImageObject\",\"inLanguage\":\"en-GB\",\"@id\":\"https:\/\/nid.pl\/#\/schema\/logo\/image\/\",\"url\":\"https:\/\/nid.pl\/wp-content\/uploads\/2022\/10\/logoRedDark.png\",\"contentUrl\":\"https:\/\/nid.pl\/wp-content\/uploads\/2022\/10\/logoRedDark.png\",\"width\":200,\"height\":197,\"caption\":\"Narodowy Instytut Dziedzictwa\"},\"image\":{\"@id\":\"https:\/\/nid.pl\/#\/schema\/logo\/image\/\"},\"sameAs\":[\"https:\/\/www.facebook.com\/zabytek\",\"https:\/\/x.com\/NarIDpl\",\"https:\/\/www.instagram.com\/nid.pl\/?hl=pl\",\"https:\/\/www.linkedin.com\/company\/narodowy-instytut-dziedzictwa\",\"https:\/\/www.youtube.com\/channel\/UCQXuhKa2uHtmNvLRUSx40JA\"]},{\"@type\":\"Person\",\"@id\":\"https:\/\/nid.pl\/#\/schema\/person\/1b690a8998a5111cfb9f0ffe24195a15\",\"name\":\"Barbara Halliop\",\"image\":{\"@type\":\"ImageObject\",\"inLanguage\":\"en-GB\",\"@id\":\"https:\/\/nid.pl\/#\/schema\/person\/image\/\",\"url\":\"https:\/\/nid.pl\/wp-content\/litespeed\/avatar\/924046d17dd0c842c9fa9ccf489bc6dc.jpg?ver=1777444967\",\"contentUrl\":\"https:\/\/nid.pl\/wp-content\/litespeed\/avatar\/924046d17dd0c842c9fa9ccf489bc6dc.jpg?ver=1777444967\",\"caption\":\"Barbara Halliop\"},\"url\":\"https:\/\/nid.pl\/en\/author\/bhalliop\/\"}]}<\/script>\n<!-- \/ Yoast SEO plugin. -->","yoast_head_json":{"title":"Spotkanie koordynator\u00f3w krajowych Europejskich Dni Dziedzictwa - NID","robots":{"index":"index","follow":"follow","max-snippet":"max-snippet:-1","max-image-preview":"max-image-preview:large","max-video-preview":"max-video-preview:-1"},"canonical":"https:\/\/nid.pl\/en\/2022\/11\/08\/spotkanie-koordynatorow-krajowych-europejskich-dni-dziedzictwa\/","og_locale":"en_GB","og_type":"article","og_title":"Spotkanie koordynator\u00f3w krajowych Europejskich Dni Dziedzictwa - NID","og_description":"W dniach\u00a03 &#8211; 4 listopada mia\u0142o miejsce mi\u0119dzynarodowe spotkanie krajowych koordynator\u00f3w EDD. Dwudniowa sesja by\u0142a okazj\u0105 do wymiany do\u015bwiadcze\u0144 z tegorocznej edycji projektu i podsumowania 50.000 wydarze\u0144 w ca\u0142ej Europie. [&hellip;]","og_url":"https:\/\/nid.pl\/en\/2022\/11\/08\/spotkanie-koordynatorow-krajowych-europejskich-dni-dziedzictwa\/","og_site_name":"NID","article_publisher":"https:\/\/www.facebook.com\/zabytek","article_published_time":"2022-11-08T10:42:31+00:00","article_modified_time":"2022-11-08T10:42:33+00:00","og_image":[{"width":673,"height":450,"url":"https:\/\/nid.pl\/wp-content\/uploads\/2022\/11\/EDD-spotkanie_aktualanosci.jpg","type":"image\/jpeg"}],"author":"Barbara Halliop","twitter_card":"summary_large_image","twitter_creator":"@NarIDpl","twitter_site":"@NarIDpl","twitter_misc":{"Written by":"Barbara Halliop","Estimated reading time":"2 minutes"},"schema":{"@context":"https:\/\/schema.org","@graph":[{"@type":"Article","@id":"https:\/\/nid.pl\/2022\/11\/08\/spotkanie-koordynatorow-krajowych-europejskich-dni-dziedzictwa\/#article","isPartOf":{"@id":"https:\/\/nid.pl\/2022\/11\/08\/spotkanie-koordynatorow-krajowych-europejskich-dni-dziedzictwa\/"},"author":{"name":"Barbara Halliop","@id":"https:\/\/nid.pl\/#\/schema\/person\/1b690a8998a5111cfb9f0ffe24195a15"},"headline":"Spotkanie koordynator\u00f3w krajowych Europejskich Dni Dziedzictwa","datePublished":"2022-11-08T10:42:31+00:00","dateModified":"2022-11-08T10:42:33+00:00","mainEntityOfPage":{"@id":"https:\/\/nid.pl\/2022\/11\/08\/spotkanie-koordynatorow-krajowych-europejskich-dni-dziedzictwa\/"},"wordCount":308,"commentCount":0,"publisher":{"@id":"https:\/\/nid.pl\/#organization"},"image":{"@id":"https:\/\/nid.pl\/2022\/11\/08\/spotkanie-koordynatorow-krajowych-europejskich-dni-dziedzictwa\/#primaryimage"},"thumbnailUrl":"https:\/\/nid.pl\/wp-content\/uploads\/2022\/11\/EDD-spotkanie_aktualanosci.jpg","articleSection":["Aktualno\u015bci"],"inLanguage":"en-GB"},{"@type":"WebPage","@id":"https:\/\/nid.pl\/2022\/11\/08\/spotkanie-koordynatorow-krajowych-europejskich-dni-dziedzictwa\/","url":"https:\/\/nid.pl\/2022\/11\/08\/spotkanie-koordynatorow-krajowych-europejskich-dni-dziedzictwa\/","name":"Spotkanie koordynator\u00f3w krajowych Europejskich Dni Dziedzictwa - NID","isPartOf":{"@id":"https:\/\/nid.pl\/#website"},"primaryImageOfPage":{"@id":"https:\/\/nid.pl\/2022\/11\/08\/spotkanie-koordynatorow-krajowych-europejskich-dni-dziedzictwa\/#primaryimage"},"image":{"@id":"https:\/\/nid.pl\/2022\/11\/08\/spotkanie-koordynatorow-krajowych-europejskich-dni-dziedzictwa\/#primaryimage"},"thumbnailUrl":"https:\/\/nid.pl\/wp-content\/uploads\/2022\/11\/EDD-spotkanie_aktualanosci.jpg","datePublished":"2022-11-08T10:42:31+00:00","dateModified":"2022-11-08T10:42:33+00:00","breadcrumb":{"@id":"https:\/\/nid.pl\/2022\/11\/08\/spotkanie-koordynatorow-krajowych-europejskich-dni-dziedzictwa\/#breadcrumb"},"inLanguage":"en-GB","potentialAction":[{"@type":"ReadAction","target":["https:\/\/nid.pl\/2022\/11\/08\/spotkanie-koordynatorow-krajowych-europejskich-dni-dziedzictwa\/"]}]},{"@type":"ImageObject","inLanguage":"en-GB","@id":"https:\/\/nid.pl\/2022\/11\/08\/spotkanie-koordynatorow-krajowych-europejskich-dni-dziedzictwa\/#primaryimage","url":"https:\/\/nid.pl\/wp-content\/uploads\/2022\/11\/EDD-spotkanie_aktualanosci.jpg","contentUrl":"https:\/\/nid.pl\/wp-content\/uploads\/2022\/11\/EDD-spotkanie_aktualanosci.jpg","width":673,"height":450,"caption":"EDD spotkanie aktualanosci"},{"@type":"BreadcrumbList","@id":"https:\/\/nid.pl\/2022\/11\/08\/spotkanie-koordynatorow-krajowych-europejskich-dni-dziedzictwa\/#breadcrumb","itemListElement":[{"@type":"ListItem","position":1,"name":"Home","item":"https:\/\/nid.pl\/"},{"@type":"ListItem","position":2,"name":"Spotkanie koordynator\u00f3w krajowych Europejskich Dni Dziedzictwa"}]},{"@type":"WebSite","@id":"https:\/\/nid.pl\/#website","url":"https:\/\/nid.pl\/","name":"NID","description":"Narodowy Instytut Dziedzictwa","publisher":{"@id":"https:\/\/nid.pl\/#organization"},"potentialAction":[{"@type":"SearchAction","target":{"@type":"EntryPoint","urlTemplate":"https:\/\/nid.pl\/?s={search_term_string}"},"query-input":{"@type":"PropertyValueSpecification","valueRequired":true,"valueName":"search_term_string"}}],"inLanguage":"en-GB"},{"@type":"Organization","@id":"https:\/\/nid.pl\/#organization","name":"Narodowy Instytut Dziedzictwa","url":"https:\/\/nid.pl\/","logo":{"@type":"ImageObject","inLanguage":"en-GB","@id":"https:\/\/nid.pl\/#\/schema\/logo\/image\/","url":"https:\/\/nid.pl\/wp-content\/uploads\/2022\/10\/logoRedDark.png","contentUrl":"https:\/\/nid.pl\/wp-content\/uploads\/2022\/10\/logoRedDark.png","width":200,"height":197,"caption":"Narodowy Instytut Dziedzictwa"},"image":{"@id":"https:\/\/nid.pl\/#\/schema\/logo\/image\/"},"sameAs":["https:\/\/www.facebook.com\/zabytek","https:\/\/x.com\/NarIDpl","https:\/\/www.instagram.com\/nid.pl\/?hl=pl","https:\/\/www.linkedin.com\/company\/narodowy-instytut-dziedzictwa","https:\/\/www.youtube.com\/channel\/UCQXuhKa2uHtmNvLRUSx40JA"]},{"@type":"Person","@id":"https:\/\/nid.pl\/#\/schema\/person\/1b690a8998a5111cfb9f0ffe24195a15","name":"Barbara Halliop","image":{"@type":"ImageObject","inLanguage":"en-GB","@id":"https:\/\/nid.pl\/#\/schema\/person\/image\/","url":"https:\/\/nid.pl\/wp-content\/litespeed\/avatar\/924046d17dd0c842c9fa9ccf489bc6dc.jpg?ver=1777444967","contentUrl":"https:\/\/nid.pl\/wp-content\/litespeed\/avatar\/924046d17dd0c842c9fa9ccf489bc6dc.jpg?ver=1777444967","caption":"Barbara Halliop"},"url":"https:\/\/nid.pl\/en\/author\/bhalliop\/"}]}},"_links":{"self":[{"href":"https:\/\/nid.pl\/en\/wp-json\/wp\/v2\/posts\/8986","targetHints":{"allow":["GET"]}}],"collection":[{"href":"https:\/\/nid.pl\/en\/wp-json\/wp\/v2\/posts"}],"about":[{"href":"https:\/\/nid.pl\/en\/wp-json\/wp\/v2\/types\/post"}],"author":[{"embeddable":true,"href":"https:\/\/nid.pl\/en\/wp-json\/wp\/v2\/users\/7"}],"replies":[{"embeddable":true,"href":"https:\/\/nid.pl\/en\/wp-json\/wp\/v2\/comments?post=8986"}],"version-history":[{"count":0,"href":"https:\/\/nid.pl\/en\/wp-json\/wp\/v2\/posts\/8986\/revisions"}],"wp:featuredmedia":[{"embeddable":true,"href":"https:\/\/nid.pl\/en\/wp-json\/wp\/v2\/media\/8985"}],"wp:attachment":[{"href":"https:\/\/nid.pl\/en\/wp-json\/wp\/v2\/media?parent=8986"}],"wp:term":[{"taxonomy":"category","embeddable":true,"href":"https:\/\/nid.pl\/en\/wp-json\/wp\/v2\/categories?post=8986"},{"taxonomy":"post_tag","embeddable":true,"href":"https:\/\/nid.pl\/en\/wp-json\/wp\/v2\/tags?post=8986"}],"curies":[{"name":"wp","href":"https:\/\/api.w.org\/{rel}","templated":true}]}}