{"id":8977,"date":"2022-11-08T10:49:17","date_gmt":"2022-11-08T09:49:17","guid":{"rendered":"https:\/\/nid.pl\/?p=8977"},"modified":"2022-11-10T12:36:28","modified_gmt":"2022-11-10T11:36:28","slug":"warsztaty-konserwacji-zabytkowych-parkow-i-seminarium-parkowe-w-leknicy","status":"publish","type":"post","link":"https:\/\/nid.pl\/en\/2022\/11\/08\/warsztaty-konserwacji-zabytkowych-parkow-i-seminarium-parkowe-w-leknicy\/","title":{"rendered":"Warsztaty konserwacji zabytkowych park\u00f3w \u2013 I Seminarium Parkowe w \u0141\u0119knicy"},"content":{"rendered":"<p><strong>18 listopada 2022 w godz. 9:00-16:00 w Parku Mu\u017cakowskim w \u0141\u0119knicy odb\u0119d\u0105 si\u0119 polsko-niemieckie warsztaty konserwacji zabytkowych park\u00f3w organizowane przez Specjalistyczn\u0105 Pracowni\u0119 Terenow\u0105 NID \u201ePark Mu\u017cakowski\u201d w \u0141\u0119knicy. W trakcie I Seminarium Parkowego w \u0141\u0119knicy b\u0119dzie mo\u017cna zapozna\u0107 si\u0119 z technikami bie\u017c\u0105cej konserwacji zieleni zar\u00f3wno w teorii, jak i w praktyce. Uczestnicy warsztat\u00f3w b\u0119d\u0105 mieli mo\u017cliwo\u015b\u0107 zdobycia do\u015bwiadczenia przeprowadzaj\u0105c prace piel\u0119gnacyjne przy drzewach owocowych na terenie historycznej ponad 20 ha szk\u00f3\u0142ki Parku Mu\u017cakowskiego.<\/strong><\/p>\n\n\n\n<p>(Prosz\u0119 przewin\u0105\u0107 w d\u00f3\u0142, aby zobaczy\u0107 wersj\u0119 niemieck\u0105\/Bitte scrollen Sie nach unten, um die deutsche Version zu sehen)<\/p>\n\n\n\n<p>Park Mu\u017cakowski, to jedno z najrozleglejszych historycznych za\u0142o\u017ce\u0144 parkowych w Europie, w kt\u00f3rym zrealizowany zosta\u0142 program kompozycyjny krajobrazowego parku angielskiego i nale\u017cy do najwybitniejszych osi\u0105gni\u0119\u0107 europejskiej sztuki ogrodowej. Zosta\u0142 za\u0142o\u017cony w pierwszej po\u0142owie XIX w. przez w\u0142a\u015bciciela lokalnych d\u00f3br, ksi\u0119cia Hermanna von P\u00fccklera-Muskau. Park, rozci\u0105gaj\u0105cy si\u0119 po obu stronach Nysy \u0141u\u017cyckiej, jest wsp\u00f3lnym polsko-niemieckim dziedzictwem kulturowym. Od 1992 r. polska cz\u0119\u015b\u0107 tego historycznego obszaru, o powierzchni ponad 500 ha, jest zarz\u0105dzana przez Narodowy Instytut Dziedzictwa. Dzi\u0119ki odtworzeniu historycznego za\u0142o\u017cenia parkowego, ze wzgl\u0119du na wyj\u0105tkowe walory historyczne i krajobrazowe Park Mu\u017cakowski w 2004 zosta\u0142 wpisany na List\u0119 \u015awiatowego Dziedzictwa UNESCO oraz uznany za Pomnik historii. Wi\u0119cej informacji o parku: <a href=\"https:\/\/zabytek.pl\/pl\/obiekty\/leknica-park-muzakowski-w-leknicy-park-w-stylu-krajobrazowym\" target=\"_blank\" rel=\"noreferrer noopener\">https:\/\/zabytek.pl\/pl\/obiekty\/leknica-park-muzakowski-w-leknicy-park-w-stylu-krajobrazowym<\/a>.<\/p>\n\n\n\n<p>Serdecznie zapraszamy do udzia\u0142u w warsztatach. B\u0119dzie to nie tylko okazja do zdobycia nowych umiej\u0119tno\u015bci i poznania Parku, ale tak\u017ce mo\u017cliwo\u015b\u0107 aktywnego sp\u0119dzenia czasu i dzia\u0142a\u0144 na rzecz wsp\u00f3lnej przestrzeni.<\/p>\n\n\n\n<p>Osoby zainteresowane uczestnictwem prosimy o wype\u0142nienie za\u0142\u0105czonej deklaracji i przes\u0142anie do 14 listopada 2022, na adres wskazany w deklaracji. Organizatorzy zapewniaj\u0105 narz\u0119dzia niezb\u0119dne do udzia\u0142u w warsztatach.<\/p>\n\n\n\n<p><strong>Download<\/strong><\/p>\n\n\n\n<ul class=\"wp-block-list\"><li><a href=\"https:\/\/nid.pl\/wp-content\/uploads\/2022\/11\/Program-I-Seminarium-Parkowe-w-Leknicy.pdf\" target=\"_blank\" rel=\"noreferrer noopener\">Program warsztat\u00f3w<\/a>,<\/li><li><a href=\"https:\/\/nid.pl\/wp-content\/uploads\/2022\/11\/Regulamin-I-Seminarium-Parkowe-w-Leknicy.pdf\" target=\"_blank\" rel=\"noreferrer noopener\">Regulamin<\/a><a href=\"https:\/\/nid.pl\/wp-content\/uploads\/2022\/11\/Zgloszenie-Udzialu-I-Seminarium-Parkowe-w-Leknicy.pdf\">,<\/a><\/li><li><a href=\"https:\/\/nid.pl\/wp-content\/uploads\/2022\/11\/Zgloszenie-Udzialu-I-Seminarium-Parkowe-w-Leknicy.pdf\" target=\"_blank\" rel=\"noreferrer noopener\">Karta zg\u0142oszenia udzia\u0142u w warsztatach<\/a>.<\/li><\/ul>\n\n\n\n<p>Organizatorem wydarzenia jest Narodowy Instytut Dziedzictwa.<\/p>\n\n\n\n<p>Zadanie realizowane jest w ramach projektu \u201eTrwa\u0142e wzmocnienie i nowe ukierunkowanie Europejskiego Zwi\u0105zku Park\u00f3w \u0141u\u017cyckich 2021\u201d, wsp\u00f3\u0142finansowanego ze \u015brodk\u00f3w Europejskiego Funduszu Rozwoju Regionalnego w ramach Programu Wsp\u00f3\u0142pracy INTERREG VA Brandenburgia-Polska 2014-2020.<\/p>\n\n\n\n<p>Wydarzenie wspierane jest przez: Europejski Fundusz Rozwoju Regionalnego, Europejski Zwi\u0105zek Park\u00f3w \u0141u\u017cyckich i Miasto Cottbus.<\/p>\n\n\n\n<p><a href=\"https:\/\/nid.pl\/wp-content\/uploads\/2022\/11\/Park-Muzakowski_I-seminarium-parkowe_mapa.jpg\" target=\"_blank\" rel=\"noreferrer noopener\">Mapa dojazdu na seminarium\/Anfahrtsplan zum Seminar<\/a>:<\/p>\n\n\n\n<figure class=\"wp-block-image size-large is-resized\"><img loading=\"lazy\" decoding=\"async\" src=\"https:\/\/nid.pl\/wp-content\/uploads\/2022\/11\/Park-Muzakowski_I-seminarium-parkowe_mapa-1024x626.jpg\" alt=\"\" class=\"wp-image-9015\" width=\"822\" height=\"502\"\/><\/figure>\n\n\n\n<p><\/p>\n\n\n\n<p><\/p>\n\n\n\n<figure class=\"wp-block-image size-full is-resized\"><img loading=\"lazy\" decoding=\"async\" src=\"https:\/\/nid.pl\/wp-content\/uploads\/2022\/11\/Flaga-Niemcy.jpg\" alt=\"\" class=\"wp-image-8993\" width=\"36\" height=\"21\" srcset=\"https:\/\/nid.pl\/wp-content\/uploads\/2022\/11\/Flaga-Niemcy.jpg 301w, https:\/\/nid.pl\/wp-content\/uploads\/2022\/11\/Flaga-Niemcy-18x12.jpg 18w\" sizes=\"(max-width: 36px) 100vw, 36px\" \/><figcaption>Die deutsche Version:<\/figcaption><\/figure>\n\n\n\n<p><\/p>\n\n\n\n<p><strong>Workshop zur Erhaltung historischer Parks &#8211; 1. Parkseminar in \u0141\u0119knica<\/strong><\/p>\n\n\n\n<p><\/p>\n\n\n\n<p>Am 18. November 2022, zwischen 9:00 und 16:00 Uhr, findet im Muskauer Park in \u0141\u0119knica ein deutsch-polnischer Workshop zur Erhaltung historischer Parks statt, der von der Au\u00dfenstelle des Nationalen Instituts f\u00fcr Kulturelles Erbe \u201eMuskauer Schlosspark\u201c in \u0141\u0119knica veranstaltet wird. W\u00e4hrend des 1. Parkseminars in \u0141\u0119knica wird es m\u00f6glich sein, die Techniken der laufenden Gr\u00fcnfl\u00e4chenpflege sowohl theoretisch als auch praktisch zu erkunden. Die Workshop-Teilnehmer haben die M\u00f6glichkeit, Erfahrungen mit der Pflege von Obstb\u00e4umen in der \u00fcber 20 ha gro\u00dfen historischen Baumschule des Muskauer Parks zu sammeln.<\/p>\n\n\n\n<p>Der Muskauer Park ist eine der weitl\u00e4ufigsten historischen Parkanlagen in Europa, in der das Kompositionsprogramm eines englischen Parks realisiert wurde, und zugleich eines der herausragendsten Highlights der europ\u00e4ischen Gartenkunst. Gegr\u00fcndet wurde er in der ersten H\u00e4lfte des 19. Jahrhunderts vom Besitzer der hiesigen L\u00e4ndereien, F\u00fcrst Hermann von P\u00fcckler-Muskau. Der Park, der sich auf beiden Ufern der Lausitzer Nei\u00dfe erstreckt, ist ein gemeinsames deutsch-polnisches Kulturerbe. Seit 1992 wird der polnische Teil des historischen Parks mit einer Fl\u00e4che von \u00fcber 500 ha vom Nationalen Institut f\u00fcr Kulturelles Erbe verwaltet. Dank der Wiederherstellung der historischen Parkanlage wurde der Muskauer Park 2004 aufgrund seines au\u00dfergew\u00f6hnlichen historischen und landschaftlichen Wertes in die UNESCO-Liste des Weltkulturerbes aufgenommen und zum Denkmal der Geschichte erkl\u00e4rt. Mehr Informationen \u00fcber den Park finden Sie unter <a href=\"https:\/\/zabytek.pl\/pl\/obiekty\/leknica-park-muzakowski-w-leknicy-park-w-stylu-krajobrazowym\" target=\"_blank\" rel=\"noreferrer noopener\">https:\/\/zabytek.pl\/pl\/obiekty\/leknica-park-muzakowski-w-leknicy-park-w-stylu-krajobrazowym<\/a>.<\/p>\n\n\n\n<p>Wir laden Sie herzlich zur Teilnahme am Workshop ein! Es ist nicht nur eine Gelegenheit, neue Fertigkeiten zu erlernen und sich mit dem Park vertraut zu machen, sondern auch eine Gelegenheit f\u00fcr aktive Freizeitgestaltung und sich f\u00fcr den gemeinsamen Raum einzusetzen.<\/p>\n\n\n\n<p>Wenn Sie an einer Teilnahme interessiert sind, f\u00fcllen Sie bitte das beigef\u00fcgte Anmeldeformular aus und senden es bis zum 14. November 2022 an die dort angegebene Adresse. Die Veranstalter stellen die f\u00fcr die Teilnahme an dem Workshop erforderlichen Werkzeuge zur Verf\u00fcgung.<\/p>\n\n\n\n<p><strong>Dateien zum Herunterladen:<\/strong><\/p>\n\n\n\n<ul class=\"wp-block-list\"><li><a href=\"https:\/\/nid.pl\/wp-content\/uploads\/2022\/11\/Programm_de.pdf\" target=\"_blank\" rel=\"noreferrer noopener\">das Programm<\/a>,<\/li><li><a href=\"https:\/\/nid.pl\/wp-content\/uploads\/2022\/11\/Regelwelk_de.pdf\" target=\"_blank\" rel=\"noreferrer noopener\">das Regelwerk<\/a>,<\/li><li><a href=\"https:\/\/nid.pl\/wp-content\/uploads\/2022\/11\/Anmeldung-zur-teilnahme_de.pdf\">das Anmeldeformular f\u00fc<\/a><a href=\"https:\/\/nid.pl\/wp-content\/uploads\/2022\/11\/Anmeldung-zur-teilnahme_de.pdf\" target=\"_blank\" rel=\"noreferrer noopener\">r den Workshop<\/a>.<\/li><\/ul>\n\n\n\n<p>Die Veranstaltung wird vom Nationalen Institut f\u00fcr Kulturelles Erbe organisiert.<\/p>\n\n\n\n<p>Die Aufgabe erfolgt im Rahmen des Projektes \u201eNachhaltige St\u00e4rkung und Neuausrichtung des Europ\u00e4ischen Parkverbundes Lausitz 2021\u201c, kofinanziert durch den Europ\u00e4ischen Fonds f\u00fcr Regionale Entwicklung im Kooperationsprogramm INTERREG VA Brandenburg-Polen 2014-2020.<\/p>\n\n\n\n<p>Die Veranstaltung wird unterst\u00fctzt durch: den Europ\u00e4ischen Fonds f\u00fcr Regionale Entwicklung, den Europ\u00e4ischen Parkverbund Lausitz und die Stadt Cottbus.<\/p>\n\n\n\n<p><\/p>\n\n\n\n<figure class=\"wp-block-gallery has-nested-images columns-default is-cropped wp-block-gallery-1 is-layout-flex wp-block-gallery-is-layout-flex\">\n<figure class=\"wp-block-image size-large\"><img loading=\"lazy\" decoding=\"async\" width=\"1000\" height=\"667\" data-id=\"8981\" src=\"https:\/\/nid.pl\/wp-content\/uploads\/2022\/11\/Park-Muzakowski_I-seminarium-parkowe_01.jpg\" alt=\"\" class=\"wp-image-8981\" srcset=\"https:\/\/nid.pl\/wp-content\/uploads\/2022\/11\/Park-Muzakowski_I-seminarium-parkowe_01.jpg 1000w, https:\/\/nid.pl\/wp-content\/uploads\/2022\/11\/Park-Muzakowski_I-seminarium-parkowe_01-980x654.jpg 980w, https:\/\/nid.pl\/wp-content\/uploads\/2022\/11\/Park-Muzakowski_I-seminarium-parkowe_01-480x320.jpg 480w\" sizes=\"(min-width: 0px) and (max-width: 480px) 480px, (min-width: 481px) and (max-width: 980px) 980px, (min-width: 981px) 1000px, 100vw\" \/><\/figure>\n<\/figure>\n\n\n\n<figure class=\"wp-block-image size-full\"><img loading=\"lazy\" decoding=\"async\" width=\"1000\" height=\"667\" src=\"https:\/\/nid.pl\/wp-content\/uploads\/2022\/11\/Park-Muzakowski_I-seminarium-parkowe_02.jpg\" alt=\"\" class=\"wp-image-8982\" srcset=\"https:\/\/nid.pl\/wp-content\/uploads\/2022\/11\/Park-Muzakowski_I-seminarium-parkowe_02.jpg 1000w, https:\/\/nid.pl\/wp-content\/uploads\/2022\/11\/Park-Muzakowski_I-seminarium-parkowe_02-980x654.jpg 980w, https:\/\/nid.pl\/wp-content\/uploads\/2022\/11\/Park-Muzakowski_I-seminarium-parkowe_02-480x320.jpg 480w\" sizes=\"(min-width: 0px) and (max-width: 480px) 480px, (min-width: 481px) and (max-width: 980px) 980px, (min-width: 981px) 1000px, 100vw\" \/><\/figure>","protected":false},"excerpt":{"rendered":"<p>18 listopada 2022 w godz. 9:00-16:00 w Parku Mu\u017cakowskim w \u0141\u0119knicy odb\u0119d\u0105 si\u0119 polsko-niemieckie warsztaty konserwacji zabytkowych park\u00f3w organizowane przez Specjalistyczn\u0105 Pracowni\u0119 Terenow\u0105 NID \u201ePark Mu\u017cakowski\u201d w \u0141\u0119knicy. W trakcie [&hellip;]<\/p>","protected":false},"author":7,"featured_media":8969,"comment_status":"open","ping_status":"open","sticky":false,"template":"","format":"standard","meta":{"_et_pb_use_builder":"off","_et_pb_old_content":"","_et_gb_content_width":"","_monsterinsights_skip_tracking":false,"_monsterinsights_sitenote_active":false,"_monsterinsights_sitenote_note":"","_monsterinsights_sitenote_category":0,"footnotes":""},"categories":[3],"tags":[],"class_list":["post-8977","post","type-post","status-publish","format-standard","has-post-thumbnail","hentry","category-aktualnosci"],"yoast_head":"<!-- This site is optimized with the Yoast SEO plugin v26.5 - https:\/\/yoast.com\/wordpress\/plugins\/seo\/ -->\n<title>Warsztaty konserwacji zabytkowych park\u00f3w \u2013 I Seminarium Parkowe w \u0141\u0119knicy - NID<\/title>\n<meta name=\"robots\" content=\"index, follow, max-snippet:-1, max-image-preview:large, max-video-preview:-1\" \/>\n<link rel=\"canonical\" href=\"https:\/\/nid.pl\/en\/2022\/11\/08\/warsztaty-konserwacji-zabytkowych-parkow-i-seminarium-parkowe-w-leknicy\/\" \/>\n<meta property=\"og:locale\" content=\"en_GB\" \/>\n<meta property=\"og:type\" content=\"article\" \/>\n<meta property=\"og:title\" content=\"Warsztaty konserwacji zabytkowych park\u00f3w \u2013 I Seminarium Parkowe w \u0141\u0119knicy - NID\" \/>\n<meta property=\"og:description\" content=\"18 listopada 2022 w godz. 9:00-16:00 w Parku Mu\u017cakowskim w \u0141\u0119knicy odb\u0119d\u0105 si\u0119 polsko-niemieckie warsztaty konserwacji zabytkowych park\u00f3w organizowane przez Specjalistyczn\u0105 Pracowni\u0119 Terenow\u0105 NID \u201ePark Mu\u017cakowski\u201d w \u0141\u0119knicy. W trakcie [&hellip;]\" \/>\n<meta property=\"og:url\" content=\"https:\/\/nid.pl\/en\/2022\/11\/08\/warsztaty-konserwacji-zabytkowych-parkow-i-seminarium-parkowe-w-leknicy\/\" \/>\n<meta property=\"og:site_name\" content=\"NID\" \/>\n<meta property=\"article:publisher\" content=\"https:\/\/www.facebook.com\/zabytek\" \/>\n<meta property=\"article:published_time\" content=\"2022-11-08T09:49:17+00:00\" \/>\n<meta property=\"article:modified_time\" content=\"2022-11-10T11:36:28+00:00\" \/>\n<meta property=\"og:image\" content=\"https:\/\/nid.pl\/wp-content\/uploads\/2022\/11\/Park-Muzakowski_I-seminarium-parkowe_aktual.jpg\" \/>\n\t<meta property=\"og:image:width\" content=\"954\" \/>\n\t<meta property=\"og:image:height\" content=\"636\" \/>\n\t<meta property=\"og:image:type\" content=\"image\/jpeg\" \/>\n<meta name=\"author\" content=\"Barbara Halliop\" \/>\n<meta name=\"twitter:card\" content=\"summary_large_image\" \/>\n<meta name=\"twitter:creator\" content=\"@NarIDpl\" \/>\n<meta name=\"twitter:site\" content=\"@NarIDpl\" \/>\n<meta name=\"twitter:label1\" content=\"Written by\" \/>\n\t<meta name=\"twitter:data1\" content=\"Barbara Halliop\" \/>\n\t<meta name=\"twitter:label2\" content=\"Estimated reading time\" \/>\n\t<meta name=\"twitter:data2\" content=\"4 minutes\" \/>\n<script type=\"application\/ld+json\" class=\"yoast-schema-graph\">{\"@context\":\"https:\/\/schema.org\",\"@graph\":[{\"@type\":\"Article\",\"@id\":\"https:\/\/nid.pl\/2022\/11\/08\/warsztaty-konserwacji-zabytkowych-parkow-i-seminarium-parkowe-w-leknicy\/#article\",\"isPartOf\":{\"@id\":\"https:\/\/nid.pl\/2022\/11\/08\/warsztaty-konserwacji-zabytkowych-parkow-i-seminarium-parkowe-w-leknicy\/\"},\"author\":{\"name\":\"Barbara Halliop\",\"@id\":\"https:\/\/nid.pl\/#\/schema\/person\/1b690a8998a5111cfb9f0ffe24195a15\"},\"headline\":\"Warsztaty konserwacji zabytkowych park\u00f3w \u2013 I Seminarium Parkowe w \u0141\u0119knicy\",\"datePublished\":\"2022-11-08T09:49:17+00:00\",\"dateModified\":\"2022-11-10T11:36:28+00:00\",\"mainEntityOfPage\":{\"@id\":\"https:\/\/nid.pl\/2022\/11\/08\/warsztaty-konserwacji-zabytkowych-parkow-i-seminarium-parkowe-w-leknicy\/\"},\"wordCount\":809,\"commentCount\":0,\"publisher\":{\"@id\":\"https:\/\/nid.pl\/#organization\"},\"image\":{\"@id\":\"https:\/\/nid.pl\/2022\/11\/08\/warsztaty-konserwacji-zabytkowych-parkow-i-seminarium-parkowe-w-leknicy\/#primaryimage\"},\"thumbnailUrl\":\"https:\/\/nid.pl\/wp-content\/uploads\/2022\/11\/Park-Muzakowski_I-seminarium-parkowe_aktual.jpg\",\"articleSection\":[\"Aktualno\u015bci\"],\"inLanguage\":\"en-GB\"},{\"@type\":\"WebPage\",\"@id\":\"https:\/\/nid.pl\/2022\/11\/08\/warsztaty-konserwacji-zabytkowych-parkow-i-seminarium-parkowe-w-leknicy\/\",\"url\":\"https:\/\/nid.pl\/2022\/11\/08\/warsztaty-konserwacji-zabytkowych-parkow-i-seminarium-parkowe-w-leknicy\/\",\"name\":\"Warsztaty konserwacji zabytkowych park\u00f3w \u2013 I Seminarium Parkowe w \u0141\u0119knicy - NID\",\"isPartOf\":{\"@id\":\"https:\/\/nid.pl\/#website\"},\"primaryImageOfPage\":{\"@id\":\"https:\/\/nid.pl\/2022\/11\/08\/warsztaty-konserwacji-zabytkowych-parkow-i-seminarium-parkowe-w-leknicy\/#primaryimage\"},\"image\":{\"@id\":\"https:\/\/nid.pl\/2022\/11\/08\/warsztaty-konserwacji-zabytkowych-parkow-i-seminarium-parkowe-w-leknicy\/#primaryimage\"},\"thumbnailUrl\":\"https:\/\/nid.pl\/wp-content\/uploads\/2022\/11\/Park-Muzakowski_I-seminarium-parkowe_aktual.jpg\",\"datePublished\":\"2022-11-08T09:49:17+00:00\",\"dateModified\":\"2022-11-10T11:36:28+00:00\",\"breadcrumb\":{\"@id\":\"https:\/\/nid.pl\/2022\/11\/08\/warsztaty-konserwacji-zabytkowych-parkow-i-seminarium-parkowe-w-leknicy\/#breadcrumb\"},\"inLanguage\":\"en-GB\",\"potentialAction\":[{\"@type\":\"ReadAction\",\"target\":[\"https:\/\/nid.pl\/2022\/11\/08\/warsztaty-konserwacji-zabytkowych-parkow-i-seminarium-parkowe-w-leknicy\/\"]}]},{\"@type\":\"ImageObject\",\"inLanguage\":\"en-GB\",\"@id\":\"https:\/\/nid.pl\/2022\/11\/08\/warsztaty-konserwacji-zabytkowych-parkow-i-seminarium-parkowe-w-leknicy\/#primaryimage\",\"url\":\"https:\/\/nid.pl\/wp-content\/uploads\/2022\/11\/Park-Muzakowski_I-seminarium-parkowe_aktual.jpg\",\"contentUrl\":\"https:\/\/nid.pl\/wp-content\/uploads\/2022\/11\/Park-Muzakowski_I-seminarium-parkowe_aktual.jpg\",\"width\":954,\"height\":636,\"caption\":\"Park Muzakowski I seminarium parkowe aktual\"},{\"@type\":\"BreadcrumbList\",\"@id\":\"https:\/\/nid.pl\/2022\/11\/08\/warsztaty-konserwacji-zabytkowych-parkow-i-seminarium-parkowe-w-leknicy\/#breadcrumb\",\"itemListElement\":[{\"@type\":\"ListItem\",\"position\":1,\"name\":\"Home\",\"item\":\"https:\/\/nid.pl\/\"},{\"@type\":\"ListItem\",\"position\":2,\"name\":\"Warsztaty konserwacji zabytkowych park\u00f3w \u2013 I Seminarium Parkowe w \u0141\u0119knicy\"}]},{\"@type\":\"WebSite\",\"@id\":\"https:\/\/nid.pl\/#website\",\"url\":\"https:\/\/nid.pl\/\",\"name\":\"NID\",\"description\":\"Narodowy Instytut Dziedzictwa\",\"publisher\":{\"@id\":\"https:\/\/nid.pl\/#organization\"},\"potentialAction\":[{\"@type\":\"SearchAction\",\"target\":{\"@type\":\"EntryPoint\",\"urlTemplate\":\"https:\/\/nid.pl\/?s={search_term_string}\"},\"query-input\":{\"@type\":\"PropertyValueSpecification\",\"valueRequired\":true,\"valueName\":\"search_term_string\"}}],\"inLanguage\":\"en-GB\"},{\"@type\":\"Organization\",\"@id\":\"https:\/\/nid.pl\/#organization\",\"name\":\"Narodowy Instytut Dziedzictwa\",\"url\":\"https:\/\/nid.pl\/\",\"logo\":{\"@type\":\"ImageObject\",\"inLanguage\":\"en-GB\",\"@id\":\"https:\/\/nid.pl\/#\/schema\/logo\/image\/\",\"url\":\"https:\/\/nid.pl\/wp-content\/uploads\/2022\/10\/logoRedDark.png\",\"contentUrl\":\"https:\/\/nid.pl\/wp-content\/uploads\/2022\/10\/logoRedDark.png\",\"width\":200,\"height\":197,\"caption\":\"Narodowy Instytut Dziedzictwa\"},\"image\":{\"@id\":\"https:\/\/nid.pl\/#\/schema\/logo\/image\/\"},\"sameAs\":[\"https:\/\/www.facebook.com\/zabytek\",\"https:\/\/x.com\/NarIDpl\",\"https:\/\/www.instagram.com\/nid.pl\/?hl=pl\",\"https:\/\/www.linkedin.com\/company\/narodowy-instytut-dziedzictwa\",\"https:\/\/www.youtube.com\/channel\/UCQXuhKa2uHtmNvLRUSx40JA\"]},{\"@type\":\"Person\",\"@id\":\"https:\/\/nid.pl\/#\/schema\/person\/1b690a8998a5111cfb9f0ffe24195a15\",\"name\":\"Barbara Halliop\",\"image\":{\"@type\":\"ImageObject\",\"inLanguage\":\"en-GB\",\"@id\":\"https:\/\/nid.pl\/#\/schema\/person\/image\/\",\"url\":\"https:\/\/nid.pl\/wp-content\/litespeed\/avatar\/924046d17dd0c842c9fa9ccf489bc6dc.jpg?ver=1777444967\",\"contentUrl\":\"https:\/\/nid.pl\/wp-content\/litespeed\/avatar\/924046d17dd0c842c9fa9ccf489bc6dc.jpg?ver=1777444967\",\"caption\":\"Barbara Halliop\"},\"url\":\"https:\/\/nid.pl\/en\/author\/bhalliop\/\"}]}<\/script>\n<!-- \/ Yoast SEO plugin. -->","yoast_head_json":{"title":"Warsztaty konserwacji zabytkowych park\u00f3w \u2013 I Seminarium Parkowe w \u0141\u0119knicy - NID","robots":{"index":"index","follow":"follow","max-snippet":"max-snippet:-1","max-image-preview":"max-image-preview:large","max-video-preview":"max-video-preview:-1"},"canonical":"https:\/\/nid.pl\/en\/2022\/11\/08\/warsztaty-konserwacji-zabytkowych-parkow-i-seminarium-parkowe-w-leknicy\/","og_locale":"en_GB","og_type":"article","og_title":"Warsztaty konserwacji zabytkowych park\u00f3w \u2013 I Seminarium Parkowe w \u0141\u0119knicy - NID","og_description":"18 listopada 2022 w godz. 9:00-16:00 w Parku Mu\u017cakowskim w \u0141\u0119knicy odb\u0119d\u0105 si\u0119 polsko-niemieckie warsztaty konserwacji zabytkowych park\u00f3w organizowane przez Specjalistyczn\u0105 Pracowni\u0119 Terenow\u0105 NID \u201ePark Mu\u017cakowski\u201d w \u0141\u0119knicy. W trakcie [&hellip;]","og_url":"https:\/\/nid.pl\/en\/2022\/11\/08\/warsztaty-konserwacji-zabytkowych-parkow-i-seminarium-parkowe-w-leknicy\/","og_site_name":"NID","article_publisher":"https:\/\/www.facebook.com\/zabytek","article_published_time":"2022-11-08T09:49:17+00:00","article_modified_time":"2022-11-10T11:36:28+00:00","og_image":[{"width":954,"height":636,"url":"https:\/\/nid.pl\/wp-content\/uploads\/2022\/11\/Park-Muzakowski_I-seminarium-parkowe_aktual.jpg","type":"image\/jpeg"}],"author":"Barbara Halliop","twitter_card":"summary_large_image","twitter_creator":"@NarIDpl","twitter_site":"@NarIDpl","twitter_misc":{"Written by":"Barbara Halliop","Estimated reading time":"4 minutes"},"schema":{"@context":"https:\/\/schema.org","@graph":[{"@type":"Article","@id":"https:\/\/nid.pl\/2022\/11\/08\/warsztaty-konserwacji-zabytkowych-parkow-i-seminarium-parkowe-w-leknicy\/#article","isPartOf":{"@id":"https:\/\/nid.pl\/2022\/11\/08\/warsztaty-konserwacji-zabytkowych-parkow-i-seminarium-parkowe-w-leknicy\/"},"author":{"name":"Barbara Halliop","@id":"https:\/\/nid.pl\/#\/schema\/person\/1b690a8998a5111cfb9f0ffe24195a15"},"headline":"Warsztaty konserwacji zabytkowych park\u00f3w \u2013 I Seminarium Parkowe w \u0141\u0119knicy","datePublished":"2022-11-08T09:49:17+00:00","dateModified":"2022-11-10T11:36:28+00:00","mainEntityOfPage":{"@id":"https:\/\/nid.pl\/2022\/11\/08\/warsztaty-konserwacji-zabytkowych-parkow-i-seminarium-parkowe-w-leknicy\/"},"wordCount":809,"commentCount":0,"publisher":{"@id":"https:\/\/nid.pl\/#organization"},"image":{"@id":"https:\/\/nid.pl\/2022\/11\/08\/warsztaty-konserwacji-zabytkowych-parkow-i-seminarium-parkowe-w-leknicy\/#primaryimage"},"thumbnailUrl":"https:\/\/nid.pl\/wp-content\/uploads\/2022\/11\/Park-Muzakowski_I-seminarium-parkowe_aktual.jpg","articleSection":["Aktualno\u015bci"],"inLanguage":"en-GB"},{"@type":"WebPage","@id":"https:\/\/nid.pl\/2022\/11\/08\/warsztaty-konserwacji-zabytkowych-parkow-i-seminarium-parkowe-w-leknicy\/","url":"https:\/\/nid.pl\/2022\/11\/08\/warsztaty-konserwacji-zabytkowych-parkow-i-seminarium-parkowe-w-leknicy\/","name":"Warsztaty konserwacji zabytkowych park\u00f3w \u2013 I Seminarium Parkowe w \u0141\u0119knicy - NID","isPartOf":{"@id":"https:\/\/nid.pl\/#website"},"primaryImageOfPage":{"@id":"https:\/\/nid.pl\/2022\/11\/08\/warsztaty-konserwacji-zabytkowych-parkow-i-seminarium-parkowe-w-leknicy\/#primaryimage"},"image":{"@id":"https:\/\/nid.pl\/2022\/11\/08\/warsztaty-konserwacji-zabytkowych-parkow-i-seminarium-parkowe-w-leknicy\/#primaryimage"},"thumbnailUrl":"https:\/\/nid.pl\/wp-content\/uploads\/2022\/11\/Park-Muzakowski_I-seminarium-parkowe_aktual.jpg","datePublished":"2022-11-08T09:49:17+00:00","dateModified":"2022-11-10T11:36:28+00:00","breadcrumb":{"@id":"https:\/\/nid.pl\/2022\/11\/08\/warsztaty-konserwacji-zabytkowych-parkow-i-seminarium-parkowe-w-leknicy\/#breadcrumb"},"inLanguage":"en-GB","potentialAction":[{"@type":"ReadAction","target":["https:\/\/nid.pl\/2022\/11\/08\/warsztaty-konserwacji-zabytkowych-parkow-i-seminarium-parkowe-w-leknicy\/"]}]},{"@type":"ImageObject","inLanguage":"en-GB","@id":"https:\/\/nid.pl\/2022\/11\/08\/warsztaty-konserwacji-zabytkowych-parkow-i-seminarium-parkowe-w-leknicy\/#primaryimage","url":"https:\/\/nid.pl\/wp-content\/uploads\/2022\/11\/Park-Muzakowski_I-seminarium-parkowe_aktual.jpg","contentUrl":"https:\/\/nid.pl\/wp-content\/uploads\/2022\/11\/Park-Muzakowski_I-seminarium-parkowe_aktual.jpg","width":954,"height":636,"caption":"Park Muzakowski I seminarium parkowe aktual"},{"@type":"BreadcrumbList","@id":"https:\/\/nid.pl\/2022\/11\/08\/warsztaty-konserwacji-zabytkowych-parkow-i-seminarium-parkowe-w-leknicy\/#breadcrumb","itemListElement":[{"@type":"ListItem","position":1,"name":"Home","item":"https:\/\/nid.pl\/"},{"@type":"ListItem","position":2,"name":"Warsztaty konserwacji zabytkowych park\u00f3w \u2013 I Seminarium Parkowe w \u0141\u0119knicy"}]},{"@type":"WebSite","@id":"https:\/\/nid.pl\/#website","url":"https:\/\/nid.pl\/","name":"NID","description":"Narodowy Instytut Dziedzictwa","publisher":{"@id":"https:\/\/nid.pl\/#organization"},"potentialAction":[{"@type":"SearchAction","target":{"@type":"EntryPoint","urlTemplate":"https:\/\/nid.pl\/?s={search_term_string}"},"query-input":{"@type":"PropertyValueSpecification","valueRequired":true,"valueName":"search_term_string"}}],"inLanguage":"en-GB"},{"@type":"Organization","@id":"https:\/\/nid.pl\/#organization","name":"Narodowy Instytut Dziedzictwa","url":"https:\/\/nid.pl\/","logo":{"@type":"ImageObject","inLanguage":"en-GB","@id":"https:\/\/nid.pl\/#\/schema\/logo\/image\/","url":"https:\/\/nid.pl\/wp-content\/uploads\/2022\/10\/logoRedDark.png","contentUrl":"https:\/\/nid.pl\/wp-content\/uploads\/2022\/10\/logoRedDark.png","width":200,"height":197,"caption":"Narodowy Instytut Dziedzictwa"},"image":{"@id":"https:\/\/nid.pl\/#\/schema\/logo\/image\/"},"sameAs":["https:\/\/www.facebook.com\/zabytek","https:\/\/x.com\/NarIDpl","https:\/\/www.instagram.com\/nid.pl\/?hl=pl","https:\/\/www.linkedin.com\/company\/narodowy-instytut-dziedzictwa","https:\/\/www.youtube.com\/channel\/UCQXuhKa2uHtmNvLRUSx40JA"]},{"@type":"Person","@id":"https:\/\/nid.pl\/#\/schema\/person\/1b690a8998a5111cfb9f0ffe24195a15","name":"Barbara Halliop","image":{"@type":"ImageObject","inLanguage":"en-GB","@id":"https:\/\/nid.pl\/#\/schema\/person\/image\/","url":"https:\/\/nid.pl\/wp-content\/litespeed\/avatar\/924046d17dd0c842c9fa9ccf489bc6dc.jpg?ver=1777444967","contentUrl":"https:\/\/nid.pl\/wp-content\/litespeed\/avatar\/924046d17dd0c842c9fa9ccf489bc6dc.jpg?ver=1777444967","caption":"Barbara Halliop"},"url":"https:\/\/nid.pl\/en\/author\/bhalliop\/"}]}},"_links":{"self":[{"href":"https:\/\/nid.pl\/en\/wp-json\/wp\/v2\/posts\/8977","targetHints":{"allow":["GET"]}}],"collection":[{"href":"https:\/\/nid.pl\/en\/wp-json\/wp\/v2\/posts"}],"about":[{"href":"https:\/\/nid.pl\/en\/wp-json\/wp\/v2\/types\/post"}],"author":[{"embeddable":true,"href":"https:\/\/nid.pl\/en\/wp-json\/wp\/v2\/users\/7"}],"replies":[{"embeddable":true,"href":"https:\/\/nid.pl\/en\/wp-json\/wp\/v2\/comments?post=8977"}],"version-history":[{"count":0,"href":"https:\/\/nid.pl\/en\/wp-json\/wp\/v2\/posts\/8977\/revisions"}],"wp:featuredmedia":[{"embeddable":true,"href":"https:\/\/nid.pl\/en\/wp-json\/wp\/v2\/media\/8969"}],"wp:attachment":[{"href":"https:\/\/nid.pl\/en\/wp-json\/wp\/v2\/media?parent=8977"}],"wp:term":[{"taxonomy":"category","embeddable":true,"href":"https:\/\/nid.pl\/en\/wp-json\/wp\/v2\/categories?post=8977"},{"taxonomy":"post_tag","embeddable":true,"href":"https:\/\/nid.pl\/en\/wp-json\/wp\/v2\/tags?post=8977"}],"curies":[{"name":"wp","href":"https:\/\/api.w.org\/{rel}","templated":true}]}}