{"id":8926,"date":"2022-11-04T09:50:09","date_gmt":"2022-11-04T08:50:09","guid":{"rendered":"https:\/\/nid.pl\/?p=8926"},"modified":"2022-11-04T09:51:34","modified_gmt":"2022-11-04T08:51:34","slug":"ksztaltowanie-nowej-architektury-w-srodowisku-zabytkowym","status":"publish","type":"post","link":"https:\/\/nid.pl\/en\/2022\/11\/04\/ksztaltowanie-nowej-architektury-w-srodowisku-zabytkowym\/","title":{"rendered":"Seminarium &#8220;Kszta\u0142towanie nowej architektury w \u015brodowisku zabytkowym&#8221;"},"content":{"rendered":"<p><strong>Zagadnienie kszta\u0142towania przestrzeni miejskich w spos\u00f3b sp\u00f3jny i kompleksowy, z uwzgl\u0119dnieniem obiekt\u00f3w zabytkowych jest jednym z wa\u017cniejszych problem\u00f3w wsp\u00f3\u0142czesnej urbanistyki. W ramach rozm\u00f3w o obszarach ochrony zabytk\u00f3w jak i kreowania nowych rozwi\u0105za\u0144 architektonicznych i urbanistycznych, 3 listopada w Gda\u0144sku, odby\u0142o si\u0119 seminarium <em>\u201eKszta\u0142towanie nowej architektury w \u015brodowisku zabytkowym<\/em>\u201d. W wydarzeniu wzi\u0119\u0142a udzia\u0142 wicedyrektor Narodowego Instytutu Dziedzictwa, dr hab. Monika Bogdanowska.<\/strong><\/p>\n\n\n\n<p>Wsp\u00f3\u0142czesne procesy urbanizacyjne w wielu wypadkach wi\u0105\u017c\u0105 si\u0119 z przekszta\u0142caniem istniej\u0105cych obszar\u00f3w. Przemiany dotykaj\u0105 r\u00f3wnie\u017c przestrzeni o walorach historycznych i\u00a0kulturowych. Z uwagi na szczeg\u00f3lny charakter tych obszar\u00f3w oraz pojawiaj\u0105ce si\u0119 wymogi zwi\u0105zane z ochron\u0105 konserwatorsk\u0105, inwestycje te wymagaj\u0105 szczeg\u00f3lnej rozwagi. Celem seminarium by\u0142a dyskusja na temat zagadnie\u0144 zwi\u0105zanych z wkomponowywaniem nowej architektury w zabytkowe \u015brodowiska miejskie.<\/p>\n\n\n\n<p>Podczas wyk\u0142adu wprowadzaj\u0105cego pt. Rozwa\u017cania o plombowaniu historycznych miast wicedyrektor NID, dr hab. Monika Bogdanowska, przedstawi\u0142a przyk\u0142ady wsp\u00f3\u0142czesnych ekspansywnych realizacji na terenie historycznego centrum Krakowa. Zwr\u00f3ci\u0142a jednocze\u015bnie uwag\u0119 na istot\u0119 doktryny konserwatorskiej wynikaj\u0105cej z zapis\u00f3w Karty Weneckiej, a tak\u017ce na pokus\u0119 nadinterpretacji jej tre\u015bci.<\/p>\n\n\n\n<p>Szczeg\u00f3ln\u0105 uwag\u0119, ze wzgl\u0119du na miejsce spotkania, zwr\u00f3cono na obszar historycznego \u015br\u00f3dmie\u015bcia Gda\u0144ska, przywo\u0142uj\u0105c zar\u00f3wno ponad stuletnie spory o kszta\u0142t architektoniczny tego obszaru, jak i wskazuj\u0105c na wsp\u00f3\u0142czesne wyzwania projektowe. Tomasz B\u0142yskosz, kierownik Oddzia\u0142u Terenowego Narodowego Instytutu Dziedzictwa w Gda\u0144sku podczas swojego wyk\u0142adu przedstawi\u0142 uwarunkowania konserwatorskie wynikaj\u0105ce z wpisu do rejestru uk\u0142adu urbanistycznego historycznego \u015ar\u00f3dmie\u015bcia Gda\u0144ska. Kierownik Oddzia\u0142u Terenowego NID nakre\u015bli\u0142 r\u00f3wnie\u017c zasady konserwatorskie, jakie powinny by\u0107 stosowane w odniesieniu do nowych inwestycji tj. m.in. lokalizowania nowej zabudowy na historycznych podzia\u0142ach parcelacyjnych, zachowania siatki ulic czy wpisywania skali nowej zabudowy z zasad\u0105 respektowania zabytkowego s\u0105siedztwa i otoczenia.<\/p>\n\n\n\n<p>Spotkanie by\u0142o okazj\u0105 do przedstawienia stanowisk zar\u00f3wno specjalist\u00f3w z obszaru ochrony zabytk\u00f3w, jak i kreowania nowych rozwi\u0105za\u0144 architektonicznych i urbanistycznych.<\/p>\n\n\n\n<p><\/p>\n\n\n\n<figure class=\"wp-block-gallery has-nested-images columns-default is-cropped wp-block-gallery-1 is-layout-flex wp-block-gallery-is-layout-flex\">\n<figure class=\"wp-block-image size-large\"><img loading=\"lazy\" decoding=\"async\" width=\"1350\" height=\"900\" data-id=\"8921\" src=\"https:\/\/nid.pl\/wp-content\/uploads\/2022\/11\/Gdansk_1.jpeg\" alt=\"\" class=\"wp-image-8921\" srcset=\"https:\/\/nid.pl\/wp-content\/uploads\/2022\/11\/Gdansk_1.jpeg 1350w, https:\/\/nid.pl\/wp-content\/uploads\/2022\/11\/Gdansk_1-1280x853.jpeg 1280w, https:\/\/nid.pl\/wp-content\/uploads\/2022\/11\/Gdansk_1-980x653.jpeg 980w, https:\/\/nid.pl\/wp-content\/uploads\/2022\/11\/Gdansk_1-480x320.jpeg 480w\" sizes=\"(min-width: 0px) and (max-width: 480px) 480px, (min-width: 481px) and (max-width: 980px) 980px, (min-width: 981px) and (max-width: 1280px) 1280px, (min-width: 1281px) 1350px, 100vw\" \/><\/figure>\n<\/figure>\n\n\n\n<figure class=\"wp-block-gallery has-nested-images columns-default is-cropped wp-block-gallery-2 is-layout-flex wp-block-gallery-is-layout-flex\">\n<figure class=\"wp-block-image size-large\"><img loading=\"lazy\" decoding=\"async\" width=\"1349\" height=\"900\" data-id=\"8923\" src=\"https:\/\/nid.pl\/wp-content\/uploads\/2022\/11\/Gdansk_3.jpeg\" alt=\"\" class=\"wp-image-8923\" srcset=\"https:\/\/nid.pl\/wp-content\/uploads\/2022\/11\/Gdansk_3.jpeg 1349w, https:\/\/nid.pl\/wp-content\/uploads\/2022\/11\/Gdansk_3-1280x854.jpeg 1280w, https:\/\/nid.pl\/wp-content\/uploads\/2022\/11\/Gdansk_3-980x654.jpeg 980w, https:\/\/nid.pl\/wp-content\/uploads\/2022\/11\/Gdansk_3-480x320.jpeg 480w\" sizes=\"(min-width: 0px) and (max-width: 480px) 480px, (min-width: 481px) and (max-width: 980px) 980px, (min-width: 981px) and (max-width: 1280px) 1280px, (min-width: 1281px) 1349px, 100vw\" \/><\/figure>\n\n\n\n<figure class=\"wp-block-image size-large\"><img loading=\"lazy\" decoding=\"async\" width=\"1350\" height=\"900\" data-id=\"8922\" src=\"https:\/\/nid.pl\/wp-content\/uploads\/2022\/11\/Gdansk_2.jpeg\" alt=\"\" class=\"wp-image-8922\" srcset=\"https:\/\/nid.pl\/wp-content\/uploads\/2022\/11\/Gdansk_2.jpeg 1350w, https:\/\/nid.pl\/wp-content\/uploads\/2022\/11\/Gdansk_2-1280x853.jpeg 1280w, https:\/\/nid.pl\/wp-content\/uploads\/2022\/11\/Gdansk_2-980x653.jpeg 980w, https:\/\/nid.pl\/wp-content\/uploads\/2022\/11\/Gdansk_2-480x320.jpeg 480w\" sizes=\"(min-width: 0px) and (max-width: 480px) 480px, (min-width: 481px) and (max-width: 980px) 980px, (min-width: 981px) and (max-width: 1280px) 1280px, (min-width: 1281px) 1350px, 100vw\" \/><\/figure>\n\n\n\n<figure class=\"wp-block-image size-large\"><img loading=\"lazy\" decoding=\"async\" width=\"953\" height=\"636\" data-id=\"8924\" src=\"https:\/\/nid.pl\/wp-content\/uploads\/2022\/11\/Gdansk_4.jpeg\" alt=\"\" class=\"wp-image-8924\" srcset=\"https:\/\/nid.pl\/wp-content\/uploads\/2022\/11\/Gdansk_4.jpeg 953w, https:\/\/nid.pl\/wp-content\/uploads\/2022\/11\/Gdansk_4-480x320.jpeg 480w\" sizes=\"(min-width: 0px) and (max-width: 480px) 480px, (min-width: 481px) 953px, 100vw\" \/><\/figure>\n<\/figure>","protected":false},"excerpt":{"rendered":"<p>Zagadnienie kszta\u0142towania przestrzeni miejskich w spos\u00f3b sp\u00f3jny i kompleksowy, z uwzgl\u0119dnieniem obiekt\u00f3w zabytkowych jest jednym z wa\u017cniejszych problem\u00f3w wsp\u00f3\u0142czesnej urbanistyki. W ramach rozm\u00f3w o obszarach ochrony zabytk\u00f3w jak i kreowania [&hellip;]<\/p>","protected":false},"author":7,"featured_media":8925,"comment_status":"open","ping_status":"open","sticky":false,"template":"","format":"standard","meta":{"_et_pb_use_builder":"off","_et_pb_old_content":"","_et_gb_content_width":"","_monsterinsights_skip_tracking":false,"_monsterinsights_sitenote_active":false,"_monsterinsights_sitenote_note":"","_monsterinsights_sitenote_category":0,"footnotes":""},"categories":[3],"tags":[],"class_list":["post-8926","post","type-post","status-publish","format-standard","has-post-thumbnail","hentry","category-aktualnosci"],"yoast_head":"<!-- This site is optimized with the Yoast SEO plugin v26.5 - https:\/\/yoast.com\/wordpress\/plugins\/seo\/ -->\n<title>Seminarium &quot;Kszta\u0142towanie nowej architektury w \u015brodowisku zabytkowym&quot; - NID<\/title>\n<meta name=\"robots\" content=\"index, follow, max-snippet:-1, max-image-preview:large, max-video-preview:-1\" \/>\n<link rel=\"canonical\" href=\"https:\/\/nid.pl\/en\/2022\/11\/04\/ksztaltowanie-nowej-architektury-w-srodowisku-zabytkowym\/\" \/>\n<meta property=\"og:locale\" content=\"en_GB\" \/>\n<meta property=\"og:type\" content=\"article\" \/>\n<meta property=\"og:title\" content=\"Seminarium &quot;Kszta\u0142towanie nowej architektury w \u015brodowisku zabytkowym&quot; - NID\" \/>\n<meta property=\"og:description\" content=\"Zagadnienie kszta\u0142towania przestrzeni miejskich w spos\u00f3b sp\u00f3jny i kompleksowy, z uwzgl\u0119dnieniem obiekt\u00f3w zabytkowych jest jednym z wa\u017cniejszych problem\u00f3w wsp\u00f3\u0142czesnej urbanistyki. W ramach rozm\u00f3w o obszarach ochrony zabytk\u00f3w jak i kreowania [&hellip;]\" \/>\n<meta property=\"og:url\" content=\"https:\/\/nid.pl\/en\/2022\/11\/04\/ksztaltowanie-nowej-architektury-w-srodowisku-zabytkowym\/\" \/>\n<meta property=\"og:site_name\" content=\"NID\" \/>\n<meta property=\"article:publisher\" content=\"https:\/\/www.facebook.com\/zabytek\" \/>\n<meta property=\"article:published_time\" content=\"2022-11-04T08:50:09+00:00\" \/>\n<meta property=\"article:modified_time\" content=\"2022-11-04T08:51:34+00:00\" \/>\n<meta property=\"og:image\" content=\"https:\/\/nid.pl\/wp-content\/uploads\/2022\/11\/Gdansk_aktual.jpg\" \/>\n\t<meta property=\"og:image:width\" content=\"1349\" \/>\n\t<meta property=\"og:image:height\" content=\"900\" \/>\n\t<meta property=\"og:image:type\" content=\"image\/jpeg\" \/>\n<meta name=\"author\" content=\"Barbara Halliop\" \/>\n<meta name=\"twitter:card\" content=\"summary_large_image\" \/>\n<meta name=\"twitter:creator\" content=\"@NarIDpl\" \/>\n<meta name=\"twitter:site\" content=\"@NarIDpl\" \/>\n<meta name=\"twitter:label1\" content=\"Written by\" \/>\n\t<meta name=\"twitter:data1\" content=\"Barbara Halliop\" \/>\n\t<meta name=\"twitter:label2\" content=\"Estimated reading time\" \/>\n\t<meta name=\"twitter:data2\" content=\"3 minutes\" \/>\n<script type=\"application\/ld+json\" class=\"yoast-schema-graph\">{\"@context\":\"https:\/\/schema.org\",\"@graph\":[{\"@type\":\"Article\",\"@id\":\"https:\/\/nid.pl\/2022\/11\/04\/ksztaltowanie-nowej-architektury-w-srodowisku-zabytkowym\/#article\",\"isPartOf\":{\"@id\":\"https:\/\/nid.pl\/2022\/11\/04\/ksztaltowanie-nowej-architektury-w-srodowisku-zabytkowym\/\"},\"author\":{\"name\":\"Barbara Halliop\",\"@id\":\"https:\/\/nid.pl\/#\/schema\/person\/1b690a8998a5111cfb9f0ffe24195a15\"},\"headline\":\"Seminarium &#8220;Kszta\u0142towanie nowej architektury w \u015brodowisku zabytkowym&#8221;\",\"datePublished\":\"2022-11-04T08:50:09+00:00\",\"dateModified\":\"2022-11-04T08:51:34+00:00\",\"mainEntityOfPage\":{\"@id\":\"https:\/\/nid.pl\/2022\/11\/04\/ksztaltowanie-nowej-architektury-w-srodowisku-zabytkowym\/\"},\"wordCount\":357,\"commentCount\":0,\"publisher\":{\"@id\":\"https:\/\/nid.pl\/#organization\"},\"image\":{\"@id\":\"https:\/\/nid.pl\/2022\/11\/04\/ksztaltowanie-nowej-architektury-w-srodowisku-zabytkowym\/#primaryimage\"},\"thumbnailUrl\":\"https:\/\/nid.pl\/wp-content\/uploads\/2022\/11\/Gdansk_aktual.jpg\",\"articleSection\":[\"Aktualno\u015bci\"],\"inLanguage\":\"en-GB\"},{\"@type\":\"WebPage\",\"@id\":\"https:\/\/nid.pl\/2022\/11\/04\/ksztaltowanie-nowej-architektury-w-srodowisku-zabytkowym\/\",\"url\":\"https:\/\/nid.pl\/2022\/11\/04\/ksztaltowanie-nowej-architektury-w-srodowisku-zabytkowym\/\",\"name\":\"Seminarium \\\"Kszta\u0142towanie nowej architektury w \u015brodowisku zabytkowym\\\" - NID\",\"isPartOf\":{\"@id\":\"https:\/\/nid.pl\/#website\"},\"primaryImageOfPage\":{\"@id\":\"https:\/\/nid.pl\/2022\/11\/04\/ksztaltowanie-nowej-architektury-w-srodowisku-zabytkowym\/#primaryimage\"},\"image\":{\"@id\":\"https:\/\/nid.pl\/2022\/11\/04\/ksztaltowanie-nowej-architektury-w-srodowisku-zabytkowym\/#primaryimage\"},\"thumbnailUrl\":\"https:\/\/nid.pl\/wp-content\/uploads\/2022\/11\/Gdansk_aktual.jpg\",\"datePublished\":\"2022-11-04T08:50:09+00:00\",\"dateModified\":\"2022-11-04T08:51:34+00:00\",\"breadcrumb\":{\"@id\":\"https:\/\/nid.pl\/2022\/11\/04\/ksztaltowanie-nowej-architektury-w-srodowisku-zabytkowym\/#breadcrumb\"},\"inLanguage\":\"en-GB\",\"potentialAction\":[{\"@type\":\"ReadAction\",\"target\":[\"https:\/\/nid.pl\/2022\/11\/04\/ksztaltowanie-nowej-architektury-w-srodowisku-zabytkowym\/\"]}]},{\"@type\":\"ImageObject\",\"inLanguage\":\"en-GB\",\"@id\":\"https:\/\/nid.pl\/2022\/11\/04\/ksztaltowanie-nowej-architektury-w-srodowisku-zabytkowym\/#primaryimage\",\"url\":\"https:\/\/nid.pl\/wp-content\/uploads\/2022\/11\/Gdansk_aktual.jpg\",\"contentUrl\":\"https:\/\/nid.pl\/wp-content\/uploads\/2022\/11\/Gdansk_aktual.jpg\",\"width\":1349,\"height\":900,\"caption\":\"Gdansk aktual\"},{\"@type\":\"BreadcrumbList\",\"@id\":\"https:\/\/nid.pl\/2022\/11\/04\/ksztaltowanie-nowej-architektury-w-srodowisku-zabytkowym\/#breadcrumb\",\"itemListElement\":[{\"@type\":\"ListItem\",\"position\":1,\"name\":\"Home\",\"item\":\"https:\/\/nid.pl\/\"},{\"@type\":\"ListItem\",\"position\":2,\"name\":\"Seminarium &#8220;Kszta\u0142towanie nowej architektury w \u015brodowisku zabytkowym&#8221;\"}]},{\"@type\":\"WebSite\",\"@id\":\"https:\/\/nid.pl\/#website\",\"url\":\"https:\/\/nid.pl\/\",\"name\":\"NID\",\"description\":\"Narodowy Instytut Dziedzictwa\",\"publisher\":{\"@id\":\"https:\/\/nid.pl\/#organization\"},\"potentialAction\":[{\"@type\":\"SearchAction\",\"target\":{\"@type\":\"EntryPoint\",\"urlTemplate\":\"https:\/\/nid.pl\/?s={search_term_string}\"},\"query-input\":{\"@type\":\"PropertyValueSpecification\",\"valueRequired\":true,\"valueName\":\"search_term_string\"}}],\"inLanguage\":\"en-GB\"},{\"@type\":\"Organization\",\"@id\":\"https:\/\/nid.pl\/#organization\",\"name\":\"Narodowy Instytut Dziedzictwa\",\"url\":\"https:\/\/nid.pl\/\",\"logo\":{\"@type\":\"ImageObject\",\"inLanguage\":\"en-GB\",\"@id\":\"https:\/\/nid.pl\/#\/schema\/logo\/image\/\",\"url\":\"https:\/\/nid.pl\/wp-content\/uploads\/2022\/10\/logoRedDark.png\",\"contentUrl\":\"https:\/\/nid.pl\/wp-content\/uploads\/2022\/10\/logoRedDark.png\",\"width\":200,\"height\":197,\"caption\":\"Narodowy Instytut Dziedzictwa\"},\"image\":{\"@id\":\"https:\/\/nid.pl\/#\/schema\/logo\/image\/\"},\"sameAs\":[\"https:\/\/www.facebook.com\/zabytek\",\"https:\/\/x.com\/NarIDpl\",\"https:\/\/www.instagram.com\/nid.pl\/?hl=pl\",\"https:\/\/www.linkedin.com\/company\/narodowy-instytut-dziedzictwa\",\"https:\/\/www.youtube.com\/channel\/UCQXuhKa2uHtmNvLRUSx40JA\"]},{\"@type\":\"Person\",\"@id\":\"https:\/\/nid.pl\/#\/schema\/person\/1b690a8998a5111cfb9f0ffe24195a15\",\"name\":\"Barbara Halliop\",\"image\":{\"@type\":\"ImageObject\",\"inLanguage\":\"en-GB\",\"@id\":\"https:\/\/nid.pl\/#\/schema\/person\/image\/\",\"url\":\"https:\/\/nid.pl\/wp-content\/litespeed\/avatar\/924046d17dd0c842c9fa9ccf489bc6dc.jpg?ver=1777444967\",\"contentUrl\":\"https:\/\/nid.pl\/wp-content\/litespeed\/avatar\/924046d17dd0c842c9fa9ccf489bc6dc.jpg?ver=1777444967\",\"caption\":\"Barbara Halliop\"},\"url\":\"https:\/\/nid.pl\/en\/author\/bhalliop\/\"}]}<\/script>\n<!-- \/ Yoast SEO plugin. -->","yoast_head_json":{"title":"Seminarium \"Kszta\u0142towanie nowej architektury w \u015brodowisku zabytkowym\" - NID","robots":{"index":"index","follow":"follow","max-snippet":"max-snippet:-1","max-image-preview":"max-image-preview:large","max-video-preview":"max-video-preview:-1"},"canonical":"https:\/\/nid.pl\/en\/2022\/11\/04\/ksztaltowanie-nowej-architektury-w-srodowisku-zabytkowym\/","og_locale":"en_GB","og_type":"article","og_title":"Seminarium \"Kszta\u0142towanie nowej architektury w \u015brodowisku zabytkowym\" - NID","og_description":"Zagadnienie kszta\u0142towania przestrzeni miejskich w spos\u00f3b sp\u00f3jny i kompleksowy, z uwzgl\u0119dnieniem obiekt\u00f3w zabytkowych jest jednym z wa\u017cniejszych problem\u00f3w wsp\u00f3\u0142czesnej urbanistyki. W ramach rozm\u00f3w o obszarach ochrony zabytk\u00f3w jak i kreowania [&hellip;]","og_url":"https:\/\/nid.pl\/en\/2022\/11\/04\/ksztaltowanie-nowej-architektury-w-srodowisku-zabytkowym\/","og_site_name":"NID","article_publisher":"https:\/\/www.facebook.com\/zabytek","article_published_time":"2022-11-04T08:50:09+00:00","article_modified_time":"2022-11-04T08:51:34+00:00","og_image":[{"width":1349,"height":900,"url":"https:\/\/nid.pl\/wp-content\/uploads\/2022\/11\/Gdansk_aktual.jpg","type":"image\/jpeg"}],"author":"Barbara Halliop","twitter_card":"summary_large_image","twitter_creator":"@NarIDpl","twitter_site":"@NarIDpl","twitter_misc":{"Written by":"Barbara Halliop","Estimated reading time":"3 minutes"},"schema":{"@context":"https:\/\/schema.org","@graph":[{"@type":"Article","@id":"https:\/\/nid.pl\/2022\/11\/04\/ksztaltowanie-nowej-architektury-w-srodowisku-zabytkowym\/#article","isPartOf":{"@id":"https:\/\/nid.pl\/2022\/11\/04\/ksztaltowanie-nowej-architektury-w-srodowisku-zabytkowym\/"},"author":{"name":"Barbara Halliop","@id":"https:\/\/nid.pl\/#\/schema\/person\/1b690a8998a5111cfb9f0ffe24195a15"},"headline":"Seminarium &#8220;Kszta\u0142towanie nowej architektury w \u015brodowisku zabytkowym&#8221;","datePublished":"2022-11-04T08:50:09+00:00","dateModified":"2022-11-04T08:51:34+00:00","mainEntityOfPage":{"@id":"https:\/\/nid.pl\/2022\/11\/04\/ksztaltowanie-nowej-architektury-w-srodowisku-zabytkowym\/"},"wordCount":357,"commentCount":0,"publisher":{"@id":"https:\/\/nid.pl\/#organization"},"image":{"@id":"https:\/\/nid.pl\/2022\/11\/04\/ksztaltowanie-nowej-architektury-w-srodowisku-zabytkowym\/#primaryimage"},"thumbnailUrl":"https:\/\/nid.pl\/wp-content\/uploads\/2022\/11\/Gdansk_aktual.jpg","articleSection":["Aktualno\u015bci"],"inLanguage":"en-GB"},{"@type":"WebPage","@id":"https:\/\/nid.pl\/2022\/11\/04\/ksztaltowanie-nowej-architektury-w-srodowisku-zabytkowym\/","url":"https:\/\/nid.pl\/2022\/11\/04\/ksztaltowanie-nowej-architektury-w-srodowisku-zabytkowym\/","name":"Seminarium \"Kszta\u0142towanie nowej architektury w \u015brodowisku zabytkowym\" - NID","isPartOf":{"@id":"https:\/\/nid.pl\/#website"},"primaryImageOfPage":{"@id":"https:\/\/nid.pl\/2022\/11\/04\/ksztaltowanie-nowej-architektury-w-srodowisku-zabytkowym\/#primaryimage"},"image":{"@id":"https:\/\/nid.pl\/2022\/11\/04\/ksztaltowanie-nowej-architektury-w-srodowisku-zabytkowym\/#primaryimage"},"thumbnailUrl":"https:\/\/nid.pl\/wp-content\/uploads\/2022\/11\/Gdansk_aktual.jpg","datePublished":"2022-11-04T08:50:09+00:00","dateModified":"2022-11-04T08:51:34+00:00","breadcrumb":{"@id":"https:\/\/nid.pl\/2022\/11\/04\/ksztaltowanie-nowej-architektury-w-srodowisku-zabytkowym\/#breadcrumb"},"inLanguage":"en-GB","potentialAction":[{"@type":"ReadAction","target":["https:\/\/nid.pl\/2022\/11\/04\/ksztaltowanie-nowej-architektury-w-srodowisku-zabytkowym\/"]}]},{"@type":"ImageObject","inLanguage":"en-GB","@id":"https:\/\/nid.pl\/2022\/11\/04\/ksztaltowanie-nowej-architektury-w-srodowisku-zabytkowym\/#primaryimage","url":"https:\/\/nid.pl\/wp-content\/uploads\/2022\/11\/Gdansk_aktual.jpg","contentUrl":"https:\/\/nid.pl\/wp-content\/uploads\/2022\/11\/Gdansk_aktual.jpg","width":1349,"height":900,"caption":"Gdansk aktual"},{"@type":"BreadcrumbList","@id":"https:\/\/nid.pl\/2022\/11\/04\/ksztaltowanie-nowej-architektury-w-srodowisku-zabytkowym\/#breadcrumb","itemListElement":[{"@type":"ListItem","position":1,"name":"Home","item":"https:\/\/nid.pl\/"},{"@type":"ListItem","position":2,"name":"Seminarium &#8220;Kszta\u0142towanie nowej architektury w \u015brodowisku zabytkowym&#8221;"}]},{"@type":"WebSite","@id":"https:\/\/nid.pl\/#website","url":"https:\/\/nid.pl\/","name":"NID","description":"Narodowy Instytut Dziedzictwa","publisher":{"@id":"https:\/\/nid.pl\/#organization"},"potentialAction":[{"@type":"SearchAction","target":{"@type":"EntryPoint","urlTemplate":"https:\/\/nid.pl\/?s={search_term_string}"},"query-input":{"@type":"PropertyValueSpecification","valueRequired":true,"valueName":"search_term_string"}}],"inLanguage":"en-GB"},{"@type":"Organization","@id":"https:\/\/nid.pl\/#organization","name":"Narodowy Instytut Dziedzictwa","url":"https:\/\/nid.pl\/","logo":{"@type":"ImageObject","inLanguage":"en-GB","@id":"https:\/\/nid.pl\/#\/schema\/logo\/image\/","url":"https:\/\/nid.pl\/wp-content\/uploads\/2022\/10\/logoRedDark.png","contentUrl":"https:\/\/nid.pl\/wp-content\/uploads\/2022\/10\/logoRedDark.png","width":200,"height":197,"caption":"Narodowy Instytut Dziedzictwa"},"image":{"@id":"https:\/\/nid.pl\/#\/schema\/logo\/image\/"},"sameAs":["https:\/\/www.facebook.com\/zabytek","https:\/\/x.com\/NarIDpl","https:\/\/www.instagram.com\/nid.pl\/?hl=pl","https:\/\/www.linkedin.com\/company\/narodowy-instytut-dziedzictwa","https:\/\/www.youtube.com\/channel\/UCQXuhKa2uHtmNvLRUSx40JA"]},{"@type":"Person","@id":"https:\/\/nid.pl\/#\/schema\/person\/1b690a8998a5111cfb9f0ffe24195a15","name":"Barbara Halliop","image":{"@type":"ImageObject","inLanguage":"en-GB","@id":"https:\/\/nid.pl\/#\/schema\/person\/image\/","url":"https:\/\/nid.pl\/wp-content\/litespeed\/avatar\/924046d17dd0c842c9fa9ccf489bc6dc.jpg?ver=1777444967","contentUrl":"https:\/\/nid.pl\/wp-content\/litespeed\/avatar\/924046d17dd0c842c9fa9ccf489bc6dc.jpg?ver=1777444967","caption":"Barbara Halliop"},"url":"https:\/\/nid.pl\/en\/author\/bhalliop\/"}]}},"_links":{"self":[{"href":"https:\/\/nid.pl\/en\/wp-json\/wp\/v2\/posts\/8926","targetHints":{"allow":["GET"]}}],"collection":[{"href":"https:\/\/nid.pl\/en\/wp-json\/wp\/v2\/posts"}],"about":[{"href":"https:\/\/nid.pl\/en\/wp-json\/wp\/v2\/types\/post"}],"author":[{"embeddable":true,"href":"https:\/\/nid.pl\/en\/wp-json\/wp\/v2\/users\/7"}],"replies":[{"embeddable":true,"href":"https:\/\/nid.pl\/en\/wp-json\/wp\/v2\/comments?post=8926"}],"version-history":[{"count":0,"href":"https:\/\/nid.pl\/en\/wp-json\/wp\/v2\/posts\/8926\/revisions"}],"wp:featuredmedia":[{"embeddable":true,"href":"https:\/\/nid.pl\/en\/wp-json\/wp\/v2\/media\/8925"}],"wp:attachment":[{"href":"https:\/\/nid.pl\/en\/wp-json\/wp\/v2\/media?parent=8926"}],"wp:term":[{"taxonomy":"category","embeddable":true,"href":"https:\/\/nid.pl\/en\/wp-json\/wp\/v2\/categories?post=8926"},{"taxonomy":"post_tag","embeddable":true,"href":"https:\/\/nid.pl\/en\/wp-json\/wp\/v2\/tags?post=8926"}],"curies":[{"name":"wp","href":"https:\/\/api.w.org\/{rel}","templated":true}]}}