{"id":8907,"date":"2022-11-03T16:04:24","date_gmt":"2022-11-03T15:04:24","guid":{"rendered":"https:\/\/nid.pl\/?p=8907"},"modified":"2022-11-03T16:04:26","modified_gmt":"2022-11-03T15:04:26","slug":"muzealnicy-z-ukrainy-z-wizyta-studyjna","status":"publish","type":"post","link":"https:\/\/nid.pl\/en\/2022\/11\/03\/muzealnicy-z-ukrainy-z-wizyta-studyjna\/","title":{"rendered":"Muzealnicy z Ukrainy z wizyt\u0105 studyjn\u0105\u00a0"},"content":{"rendered":"<p><strong>NID odwiedzi\u0142a grupa muzealnik\u00f3w z Ukrainy, kt\u00f3ra przyjecha\u0142a do Polski z wizyt\u0105 studyjn\u0105 przygotowan\u0105 przez Instytut Polski w Kijowie. Spotkanie by\u0142o okazj\u0105 do bezpo\u015bredniego kontaktu pracownik\u00f3w Centrum Pomocy dla Kultury na Ukrainie z pracownikami muze\u00f3w, kt\u00f3re w ostatnich miesi\u0105cach otrzymywa\u0142y z Polski pomoc do zabezpieczania i ochrony swoich obiekt\u00f3w przed zniszczeniem.<\/strong><\/p>\n\n\n\n<p>Podczas spotkania, Centrum Pomocy dla Kultury na Ukrainie otrzyma\u0142o Dyplom wdzi\u0119czno\u015bci i uznania od Heritage Emergency Response Initiative \u201ew uznaniu trwa\u0142ego zaanga\u017cowania i wybitnego wk\u0142adu w ochron\u0119 dziedzictwa kulturowego Ukrainy w czasie wojny\u201d. Muzeum Majdanu by\u0142o jednym z g\u0142\u00f3wnych partner\u00f3w Centrum, kt\u00f3re po\u015bredniczy\u0142o w dostarczaniu pomocy z Polski do instytucji kultury na terenie Ukrainy.<\/p>\n\n\n\n<p>Poza rozmowami na temat aktualnych zagro\u017ce\u0144 dla dziedzictwa kulturowego na Ukrainie, pracownicy Instytutu dzielili si\u0119 swoimi do\u015bwiadczeniami w zakresie cyfryzacji, w tym digitalizacji jako najlepszej formy dokumentacji zabytk\u00f3w. Instytut prowadzi centrum kompetencji w zakresie digitalizacji zabytk\u00f3w w Polsce, wyznacza standardy i prowadzi szkolenia r\u00f3wnie\u017c dla specjalist\u00f3w z Ukrainy.<\/p>\n\n\n\n<p>Narodowy Instytut Dziedzictwa poprzez Centrum Pomocy dla Kultury na Ukrainie wspiera instytucje kultury na Ukrainie od pierwszych dni rosyjskiej inwazji. Od marca przekaza\u0142 pomoc o warto\u015bci ponad miliona euro dla 111 instytucji kultury, z czego prawie po\u0142owa pochodzi\u0142a z dotacji Ministra Kultury i Dziedzictwa Narodowego. Instytut wykorzystuj\u0105c swoje wieloletnie do\u015bwiadczenie oraz wiedz\u0119 eksperck\u0105 pracownik\u00f3w, monitoruje stan zniszcze\u0144 na Ukrainie i identyfikuje zagro\u017cenia dla jego dziedzictwa kulturowego. Poza dostaw\u0105 \u015brodk\u00f3w do fizycznego ratowania mienia, wspiera ukrai\u0144skie instytucje oraz raportuje o sytuacji na Ukrainie na forum mi\u0119dzynarodowych organizacji, jak UNESCO, ONZ, ICOMOS.<\/p>\n\n\n\n<p><\/p>\n\n\n\n<figure class=\"wp-block-gallery has-nested-images columns-default is-cropped wp-block-gallery-1 is-layout-flex wp-block-gallery-is-layout-flex\">\n<figure class=\"wp-block-image size-large\"><img loading=\"lazy\" decoding=\"async\" width=\"1374\" height=\"937\" data-id=\"8893\" src=\"https:\/\/nid.pl\/wp-content\/uploads\/2022\/11\/Ukraina_01.jpg\" alt=\"\" class=\"wp-image-8893\" srcset=\"https:\/\/nid.pl\/wp-content\/uploads\/2022\/11\/Ukraina_01.jpg 1374w, https:\/\/nid.pl\/wp-content\/uploads\/2022\/11\/Ukraina_01-1280x873.jpg 1280w, https:\/\/nid.pl\/wp-content\/uploads\/2022\/11\/Ukraina_01-980x668.jpg 980w, https:\/\/nid.pl\/wp-content\/uploads\/2022\/11\/Ukraina_01-480x327.jpg 480w\" sizes=\"(min-width: 0px) and (max-width: 480px) 480px, (min-width: 481px) and (max-width: 980px) 980px, (min-width: 981px) and (max-width: 1280px) 1280px, (min-width: 1281px) 1374px, 100vw\" \/><\/figure>\n\n\n\n<figure class=\"wp-block-image size-large\"><img loading=\"lazy\" decoding=\"async\" width=\"1331\" height=\"888\" data-id=\"8894\" src=\"https:\/\/nid.pl\/wp-content\/uploads\/2022\/11\/Ukraina_02.jpg\" alt=\"\" class=\"wp-image-8894\" srcset=\"https:\/\/nid.pl\/wp-content\/uploads\/2022\/11\/Ukraina_02.jpg 1331w, https:\/\/nid.pl\/wp-content\/uploads\/2022\/11\/Ukraina_02-1280x854.jpg 1280w, https:\/\/nid.pl\/wp-content\/uploads\/2022\/11\/Ukraina_02-980x654.jpg 980w, https:\/\/nid.pl\/wp-content\/uploads\/2022\/11\/Ukraina_02-480x320.jpg 480w\" sizes=\"(min-width: 0px) and (max-width: 480px) 480px, (min-width: 481px) and (max-width: 980px) 980px, (min-width: 981px) and (max-width: 1280px) 1280px, (min-width: 1281px) 1331px, 100vw\" \/><\/figure>\n<\/figure>\n\n\n\n<figure class=\"wp-block-gallery has-nested-images columns-default is-cropped wp-block-gallery-2 is-layout-flex wp-block-gallery-is-layout-flex\">\n<figure class=\"wp-block-image size-large\"><img loading=\"lazy\" decoding=\"async\" width=\"1810\" height=\"2560\" data-id=\"8906\" src=\"https:\/\/nid.pl\/wp-content\/uploads\/2022\/11\/Ukraina_05-scaled.jpg\" alt=\"\" class=\"wp-image-8906\" srcset=\"https:\/\/nid.pl\/wp-content\/uploads\/2022\/11\/Ukraina_05-scaled.jpg 1810w, https:\/\/nid.pl\/wp-content\/uploads\/2022\/11\/Ukraina_05-1280x1810.jpg 1280w, https:\/\/nid.pl\/wp-content\/uploads\/2022\/11\/Ukraina_05-980x1386.jpg 980w, https:\/\/nid.pl\/wp-content\/uploads\/2022\/11\/Ukraina_05-480x679.jpg 480w\" sizes=\"(min-width: 0px) and (max-width: 480px) 480px, (min-width: 481px) and (max-width: 980px) 980px, (min-width: 981px) and (max-width: 1280px) 1280px, (min-width: 1281px) 1810px, 100vw\" \/><\/figure>\n\n\n\n<figure class=\"wp-block-image size-large\"><img loading=\"lazy\" decoding=\"async\" width=\"1425\" height=\"950\" data-id=\"8895\" src=\"https:\/\/nid.pl\/wp-content\/uploads\/2022\/11\/Ukraina_03.jpg\" alt=\"\" class=\"wp-image-8895\" srcset=\"https:\/\/nid.pl\/wp-content\/uploads\/2022\/11\/Ukraina_03.jpg 1425w, https:\/\/nid.pl\/wp-content\/uploads\/2022\/11\/Ukraina_03-1280x853.jpg 1280w, https:\/\/nid.pl\/wp-content\/uploads\/2022\/11\/Ukraina_03-980x653.jpg 980w, https:\/\/nid.pl\/wp-content\/uploads\/2022\/11\/Ukraina_03-480x320.jpg 480w\" sizes=\"(min-width: 0px) and (max-width: 480px) 480px, (min-width: 481px) and (max-width: 980px) 980px, (min-width: 981px) and (max-width: 1280px) 1280px, (min-width: 1281px) 1425px, 100vw\" \/><\/figure>\n<\/figure>\n\n\n\n<figure class=\"wp-block-gallery has-nested-images columns-default is-cropped wp-block-gallery-3 is-layout-flex wp-block-gallery-is-layout-flex\">\n<figure class=\"wp-block-image size-large\"><img loading=\"lazy\" decoding=\"async\" width=\"2560\" height=\"1704\" data-id=\"8903\" src=\"https:\/\/nid.pl\/wp-content\/uploads\/2022\/11\/Ukraina_04-scaled.jpg\" alt=\"\" class=\"wp-image-8903\" srcset=\"https:\/\/nid.pl\/wp-content\/uploads\/2022\/11\/Ukraina_04-scaled.jpg 2560w, https:\/\/nid.pl\/wp-content\/uploads\/2022\/11\/Ukraina_04-1280x852.jpg 1280w, https:\/\/nid.pl\/wp-content\/uploads\/2022\/11\/Ukraina_04-980x652.jpg 980w, https:\/\/nid.pl\/wp-content\/uploads\/2022\/11\/Ukraina_04-480x320.jpg 480w\" sizes=\"(min-width: 0px) and (max-width: 480px) 480px, (min-width: 481px) and (max-width: 980px) 980px, (min-width: 981px) and (max-width: 1280px) 1280px, (min-width: 1281px) 2560px, 100vw\" \/><\/figure>\n<\/figure>","protected":false},"excerpt":{"rendered":"<p>NID odwiedzi\u0142a grupa muzealnik\u00f3w z Ukrainy, kt\u00f3ra przyjecha\u0142a do Polski z wizyt\u0105 studyjn\u0105 przygotowan\u0105 przez Instytut Polski w Kijowie. Spotkanie by\u0142o okazj\u0105 do bezpo\u015bredniego kontaktu pracownik\u00f3w Centrum Pomocy dla Kultury [&hellip;]<\/p>","protected":false},"author":7,"featured_media":8904,"comment_status":"open","ping_status":"open","sticky":false,"template":"","format":"standard","meta":{"_et_pb_use_builder":"off","_et_pb_old_content":"","_et_gb_content_width":"","_monsterinsights_skip_tracking":false,"_monsterinsights_sitenote_active":false,"_monsterinsights_sitenote_note":"","_monsterinsights_sitenote_category":0,"footnotes":""},"categories":[3],"tags":[],"class_list":["post-8907","post","type-post","status-publish","format-standard","has-post-thumbnail","hentry","category-aktualnosci"],"yoast_head":"<!-- This site is optimized with the Yoast SEO plugin v26.5 - https:\/\/yoast.com\/wordpress\/plugins\/seo\/ -->\n<title>Muzealnicy z Ukrainy z wizyt\u0105 studyjn\u0105\u00a0 - NID<\/title>\n<meta name=\"robots\" content=\"index, follow, max-snippet:-1, max-image-preview:large, max-video-preview:-1\" \/>\n<link rel=\"canonical\" href=\"https:\/\/nid.pl\/en\/2022\/11\/03\/muzealnicy-z-ukrainy-z-wizyta-studyjna\/\" \/>\n<meta property=\"og:locale\" content=\"en_GB\" \/>\n<meta property=\"og:type\" content=\"article\" \/>\n<meta property=\"og:title\" content=\"Muzealnicy z Ukrainy z wizyt\u0105 studyjn\u0105\u00a0 - NID\" \/>\n<meta property=\"og:description\" content=\"NID odwiedzi\u0142a grupa muzealnik\u00f3w z Ukrainy, kt\u00f3ra przyjecha\u0142a do Polski z wizyt\u0105 studyjn\u0105 przygotowan\u0105 przez Instytut Polski w Kijowie. Spotkanie by\u0142o okazj\u0105 do bezpo\u015bredniego kontaktu pracownik\u00f3w Centrum Pomocy dla Kultury [&hellip;]\" \/>\n<meta property=\"og:url\" content=\"https:\/\/nid.pl\/en\/2022\/11\/03\/muzealnicy-z-ukrainy-z-wizyta-studyjna\/\" \/>\n<meta property=\"og:site_name\" content=\"NID\" \/>\n<meta property=\"article:publisher\" content=\"https:\/\/www.facebook.com\/zabytek\" \/>\n<meta property=\"article:published_time\" content=\"2022-11-03T15:04:24+00:00\" \/>\n<meta property=\"article:modified_time\" content=\"2022-11-03T15:04:26+00:00\" \/>\n<meta property=\"og:image\" content=\"https:\/\/nid.pl\/wp-content\/uploads\/2022\/11\/Ukraina_a.jpg\" \/>\n\t<meta property=\"og:image:width\" content=\"1418\" \/>\n\t<meta property=\"og:image:height\" content=\"946\" \/>\n\t<meta property=\"og:image:type\" content=\"image\/jpeg\" \/>\n<meta name=\"author\" content=\"Barbara Halliop\" \/>\n<meta name=\"twitter:card\" content=\"summary_large_image\" \/>\n<meta name=\"twitter:creator\" content=\"@NarIDpl\" \/>\n<meta name=\"twitter:site\" content=\"@NarIDpl\" \/>\n<meta name=\"twitter:label1\" content=\"Written by\" \/>\n\t<meta name=\"twitter:data1\" content=\"Barbara Halliop\" \/>\n\t<meta name=\"twitter:label2\" content=\"Estimated reading time\" \/>\n\t<meta name=\"twitter:data2\" content=\"3 minutes\" \/>\n<script type=\"application\/ld+json\" class=\"yoast-schema-graph\">{\"@context\":\"https:\/\/schema.org\",\"@graph\":[{\"@type\":\"Article\",\"@id\":\"https:\/\/nid.pl\/2022\/11\/03\/muzealnicy-z-ukrainy-z-wizyta-studyjna\/#article\",\"isPartOf\":{\"@id\":\"https:\/\/nid.pl\/2022\/11\/03\/muzealnicy-z-ukrainy-z-wizyta-studyjna\/\"},\"author\":{\"name\":\"Barbara Halliop\",\"@id\":\"https:\/\/nid.pl\/#\/schema\/person\/1b690a8998a5111cfb9f0ffe24195a15\"},\"headline\":\"Muzealnicy z Ukrainy z wizyt\u0105 studyjn\u0105\u00a0\",\"datePublished\":\"2022-11-03T15:04:24+00:00\",\"dateModified\":\"2022-11-03T15:04:26+00:00\",\"mainEntityOfPage\":{\"@id\":\"https:\/\/nid.pl\/2022\/11\/03\/muzealnicy-z-ukrainy-z-wizyta-studyjna\/\"},\"wordCount\":288,\"commentCount\":0,\"publisher\":{\"@id\":\"https:\/\/nid.pl\/#organization\"},\"image\":{\"@id\":\"https:\/\/nid.pl\/2022\/11\/03\/muzealnicy-z-ukrainy-z-wizyta-studyjna\/#primaryimage\"},\"thumbnailUrl\":\"https:\/\/nid.pl\/wp-content\/uploads\/2022\/11\/Ukraina_a.jpg\",\"articleSection\":[\"Aktualno\u015bci\"],\"inLanguage\":\"en-GB\"},{\"@type\":\"WebPage\",\"@id\":\"https:\/\/nid.pl\/2022\/11\/03\/muzealnicy-z-ukrainy-z-wizyta-studyjna\/\",\"url\":\"https:\/\/nid.pl\/2022\/11\/03\/muzealnicy-z-ukrainy-z-wizyta-studyjna\/\",\"name\":\"Muzealnicy z Ukrainy z wizyt\u0105 studyjn\u0105\u00a0 - NID\",\"isPartOf\":{\"@id\":\"https:\/\/nid.pl\/#website\"},\"primaryImageOfPage\":{\"@id\":\"https:\/\/nid.pl\/2022\/11\/03\/muzealnicy-z-ukrainy-z-wizyta-studyjna\/#primaryimage\"},\"image\":{\"@id\":\"https:\/\/nid.pl\/2022\/11\/03\/muzealnicy-z-ukrainy-z-wizyta-studyjna\/#primaryimage\"},\"thumbnailUrl\":\"https:\/\/nid.pl\/wp-content\/uploads\/2022\/11\/Ukraina_a.jpg\",\"datePublished\":\"2022-11-03T15:04:24+00:00\",\"dateModified\":\"2022-11-03T15:04:26+00:00\",\"breadcrumb\":{\"@id\":\"https:\/\/nid.pl\/2022\/11\/03\/muzealnicy-z-ukrainy-z-wizyta-studyjna\/#breadcrumb\"},\"inLanguage\":\"en-GB\",\"potentialAction\":[{\"@type\":\"ReadAction\",\"target\":[\"https:\/\/nid.pl\/2022\/11\/03\/muzealnicy-z-ukrainy-z-wizyta-studyjna\/\"]}]},{\"@type\":\"ImageObject\",\"inLanguage\":\"en-GB\",\"@id\":\"https:\/\/nid.pl\/2022\/11\/03\/muzealnicy-z-ukrainy-z-wizyta-studyjna\/#primaryimage\",\"url\":\"https:\/\/nid.pl\/wp-content\/uploads\/2022\/11\/Ukraina_a.jpg\",\"contentUrl\":\"https:\/\/nid.pl\/wp-content\/uploads\/2022\/11\/Ukraina_a.jpg\",\"width\":1418,\"height\":946,\"caption\":\"Ukraina a\"},{\"@type\":\"BreadcrumbList\",\"@id\":\"https:\/\/nid.pl\/2022\/11\/03\/muzealnicy-z-ukrainy-z-wizyta-studyjna\/#breadcrumb\",\"itemListElement\":[{\"@type\":\"ListItem\",\"position\":1,\"name\":\"Home\",\"item\":\"https:\/\/nid.pl\/\"},{\"@type\":\"ListItem\",\"position\":2,\"name\":\"Muzealnicy z Ukrainy z wizyt\u0105 studyjn\u0105\u00a0\"}]},{\"@type\":\"WebSite\",\"@id\":\"https:\/\/nid.pl\/#website\",\"url\":\"https:\/\/nid.pl\/\",\"name\":\"NID\",\"description\":\"Narodowy Instytut Dziedzictwa\",\"publisher\":{\"@id\":\"https:\/\/nid.pl\/#organization\"},\"potentialAction\":[{\"@type\":\"SearchAction\",\"target\":{\"@type\":\"EntryPoint\",\"urlTemplate\":\"https:\/\/nid.pl\/?s={search_term_string}\"},\"query-input\":{\"@type\":\"PropertyValueSpecification\",\"valueRequired\":true,\"valueName\":\"search_term_string\"}}],\"inLanguage\":\"en-GB\"},{\"@type\":\"Organization\",\"@id\":\"https:\/\/nid.pl\/#organization\",\"name\":\"Narodowy Instytut Dziedzictwa\",\"url\":\"https:\/\/nid.pl\/\",\"logo\":{\"@type\":\"ImageObject\",\"inLanguage\":\"en-GB\",\"@id\":\"https:\/\/nid.pl\/#\/schema\/logo\/image\/\",\"url\":\"https:\/\/nid.pl\/wp-content\/uploads\/2022\/10\/logoRedDark.png\",\"contentUrl\":\"https:\/\/nid.pl\/wp-content\/uploads\/2022\/10\/logoRedDark.png\",\"width\":200,\"height\":197,\"caption\":\"Narodowy Instytut Dziedzictwa\"},\"image\":{\"@id\":\"https:\/\/nid.pl\/#\/schema\/logo\/image\/\"},\"sameAs\":[\"https:\/\/www.facebook.com\/zabytek\",\"https:\/\/x.com\/NarIDpl\",\"https:\/\/www.instagram.com\/nid.pl\/?hl=pl\",\"https:\/\/www.linkedin.com\/company\/narodowy-instytut-dziedzictwa\",\"https:\/\/www.youtube.com\/channel\/UCQXuhKa2uHtmNvLRUSx40JA\"]},{\"@type\":\"Person\",\"@id\":\"https:\/\/nid.pl\/#\/schema\/person\/1b690a8998a5111cfb9f0ffe24195a15\",\"name\":\"Barbara Halliop\",\"image\":{\"@type\":\"ImageObject\",\"inLanguage\":\"en-GB\",\"@id\":\"https:\/\/nid.pl\/#\/schema\/person\/image\/\",\"url\":\"https:\/\/nid.pl\/wp-content\/litespeed\/avatar\/924046d17dd0c842c9fa9ccf489bc6dc.jpg?ver=1777444967\",\"contentUrl\":\"https:\/\/nid.pl\/wp-content\/litespeed\/avatar\/924046d17dd0c842c9fa9ccf489bc6dc.jpg?ver=1777444967\",\"caption\":\"Barbara Halliop\"},\"url\":\"https:\/\/nid.pl\/en\/author\/bhalliop\/\"}]}<\/script>\n<!-- \/ Yoast SEO plugin. -->","yoast_head_json":{"title":"Muzealnicy z Ukrainy z wizyt\u0105 studyjn\u0105\u00a0 - NID","robots":{"index":"index","follow":"follow","max-snippet":"max-snippet:-1","max-image-preview":"max-image-preview:large","max-video-preview":"max-video-preview:-1"},"canonical":"https:\/\/nid.pl\/en\/2022\/11\/03\/muzealnicy-z-ukrainy-z-wizyta-studyjna\/","og_locale":"en_GB","og_type":"article","og_title":"Muzealnicy z Ukrainy z wizyt\u0105 studyjn\u0105\u00a0 - NID","og_description":"NID odwiedzi\u0142a grupa muzealnik\u00f3w z Ukrainy, kt\u00f3ra przyjecha\u0142a do Polski z wizyt\u0105 studyjn\u0105 przygotowan\u0105 przez Instytut Polski w Kijowie. Spotkanie by\u0142o okazj\u0105 do bezpo\u015bredniego kontaktu pracownik\u00f3w Centrum Pomocy dla Kultury [&hellip;]","og_url":"https:\/\/nid.pl\/en\/2022\/11\/03\/muzealnicy-z-ukrainy-z-wizyta-studyjna\/","og_site_name":"NID","article_publisher":"https:\/\/www.facebook.com\/zabytek","article_published_time":"2022-11-03T15:04:24+00:00","article_modified_time":"2022-11-03T15:04:26+00:00","og_image":[{"width":1418,"height":946,"url":"https:\/\/nid.pl\/wp-content\/uploads\/2022\/11\/Ukraina_a.jpg","type":"image\/jpeg"}],"author":"Barbara Halliop","twitter_card":"summary_large_image","twitter_creator":"@NarIDpl","twitter_site":"@NarIDpl","twitter_misc":{"Written by":"Barbara Halliop","Estimated reading time":"3 minutes"},"schema":{"@context":"https:\/\/schema.org","@graph":[{"@type":"Article","@id":"https:\/\/nid.pl\/2022\/11\/03\/muzealnicy-z-ukrainy-z-wizyta-studyjna\/#article","isPartOf":{"@id":"https:\/\/nid.pl\/2022\/11\/03\/muzealnicy-z-ukrainy-z-wizyta-studyjna\/"},"author":{"name":"Barbara Halliop","@id":"https:\/\/nid.pl\/#\/schema\/person\/1b690a8998a5111cfb9f0ffe24195a15"},"headline":"Muzealnicy z Ukrainy z wizyt\u0105 studyjn\u0105\u00a0","datePublished":"2022-11-03T15:04:24+00:00","dateModified":"2022-11-03T15:04:26+00:00","mainEntityOfPage":{"@id":"https:\/\/nid.pl\/2022\/11\/03\/muzealnicy-z-ukrainy-z-wizyta-studyjna\/"},"wordCount":288,"commentCount":0,"publisher":{"@id":"https:\/\/nid.pl\/#organization"},"image":{"@id":"https:\/\/nid.pl\/2022\/11\/03\/muzealnicy-z-ukrainy-z-wizyta-studyjna\/#primaryimage"},"thumbnailUrl":"https:\/\/nid.pl\/wp-content\/uploads\/2022\/11\/Ukraina_a.jpg","articleSection":["Aktualno\u015bci"],"inLanguage":"en-GB"},{"@type":"WebPage","@id":"https:\/\/nid.pl\/2022\/11\/03\/muzealnicy-z-ukrainy-z-wizyta-studyjna\/","url":"https:\/\/nid.pl\/2022\/11\/03\/muzealnicy-z-ukrainy-z-wizyta-studyjna\/","name":"Muzealnicy z Ukrainy z wizyt\u0105 studyjn\u0105\u00a0 - NID","isPartOf":{"@id":"https:\/\/nid.pl\/#website"},"primaryImageOfPage":{"@id":"https:\/\/nid.pl\/2022\/11\/03\/muzealnicy-z-ukrainy-z-wizyta-studyjna\/#primaryimage"},"image":{"@id":"https:\/\/nid.pl\/2022\/11\/03\/muzealnicy-z-ukrainy-z-wizyta-studyjna\/#primaryimage"},"thumbnailUrl":"https:\/\/nid.pl\/wp-content\/uploads\/2022\/11\/Ukraina_a.jpg","datePublished":"2022-11-03T15:04:24+00:00","dateModified":"2022-11-03T15:04:26+00:00","breadcrumb":{"@id":"https:\/\/nid.pl\/2022\/11\/03\/muzealnicy-z-ukrainy-z-wizyta-studyjna\/#breadcrumb"},"inLanguage":"en-GB","potentialAction":[{"@type":"ReadAction","target":["https:\/\/nid.pl\/2022\/11\/03\/muzealnicy-z-ukrainy-z-wizyta-studyjna\/"]}]},{"@type":"ImageObject","inLanguage":"en-GB","@id":"https:\/\/nid.pl\/2022\/11\/03\/muzealnicy-z-ukrainy-z-wizyta-studyjna\/#primaryimage","url":"https:\/\/nid.pl\/wp-content\/uploads\/2022\/11\/Ukraina_a.jpg","contentUrl":"https:\/\/nid.pl\/wp-content\/uploads\/2022\/11\/Ukraina_a.jpg","width":1418,"height":946,"caption":"Ukraina a"},{"@type":"BreadcrumbList","@id":"https:\/\/nid.pl\/2022\/11\/03\/muzealnicy-z-ukrainy-z-wizyta-studyjna\/#breadcrumb","itemListElement":[{"@type":"ListItem","position":1,"name":"Home","item":"https:\/\/nid.pl\/"},{"@type":"ListItem","position":2,"name":"Muzealnicy z Ukrainy z wizyt\u0105 studyjn\u0105\u00a0"}]},{"@type":"WebSite","@id":"https:\/\/nid.pl\/#website","url":"https:\/\/nid.pl\/","name":"NID","description":"Narodowy Instytut Dziedzictwa","publisher":{"@id":"https:\/\/nid.pl\/#organization"},"potentialAction":[{"@type":"SearchAction","target":{"@type":"EntryPoint","urlTemplate":"https:\/\/nid.pl\/?s={search_term_string}"},"query-input":{"@type":"PropertyValueSpecification","valueRequired":true,"valueName":"search_term_string"}}],"inLanguage":"en-GB"},{"@type":"Organization","@id":"https:\/\/nid.pl\/#organization","name":"Narodowy Instytut Dziedzictwa","url":"https:\/\/nid.pl\/","logo":{"@type":"ImageObject","inLanguage":"en-GB","@id":"https:\/\/nid.pl\/#\/schema\/logo\/image\/","url":"https:\/\/nid.pl\/wp-content\/uploads\/2022\/10\/logoRedDark.png","contentUrl":"https:\/\/nid.pl\/wp-content\/uploads\/2022\/10\/logoRedDark.png","width":200,"height":197,"caption":"Narodowy Instytut Dziedzictwa"},"image":{"@id":"https:\/\/nid.pl\/#\/schema\/logo\/image\/"},"sameAs":["https:\/\/www.facebook.com\/zabytek","https:\/\/x.com\/NarIDpl","https:\/\/www.instagram.com\/nid.pl\/?hl=pl","https:\/\/www.linkedin.com\/company\/narodowy-instytut-dziedzictwa","https:\/\/www.youtube.com\/channel\/UCQXuhKa2uHtmNvLRUSx40JA"]},{"@type":"Person","@id":"https:\/\/nid.pl\/#\/schema\/person\/1b690a8998a5111cfb9f0ffe24195a15","name":"Barbara Halliop","image":{"@type":"ImageObject","inLanguage":"en-GB","@id":"https:\/\/nid.pl\/#\/schema\/person\/image\/","url":"https:\/\/nid.pl\/wp-content\/litespeed\/avatar\/924046d17dd0c842c9fa9ccf489bc6dc.jpg?ver=1777444967","contentUrl":"https:\/\/nid.pl\/wp-content\/litespeed\/avatar\/924046d17dd0c842c9fa9ccf489bc6dc.jpg?ver=1777444967","caption":"Barbara Halliop"},"url":"https:\/\/nid.pl\/en\/author\/bhalliop\/"}]}},"_links":{"self":[{"href":"https:\/\/nid.pl\/en\/wp-json\/wp\/v2\/posts\/8907","targetHints":{"allow":["GET"]}}],"collection":[{"href":"https:\/\/nid.pl\/en\/wp-json\/wp\/v2\/posts"}],"about":[{"href":"https:\/\/nid.pl\/en\/wp-json\/wp\/v2\/types\/post"}],"author":[{"embeddable":true,"href":"https:\/\/nid.pl\/en\/wp-json\/wp\/v2\/users\/7"}],"replies":[{"embeddable":true,"href":"https:\/\/nid.pl\/en\/wp-json\/wp\/v2\/comments?post=8907"}],"version-history":[{"count":0,"href":"https:\/\/nid.pl\/en\/wp-json\/wp\/v2\/posts\/8907\/revisions"}],"wp:featuredmedia":[{"embeddable":true,"href":"https:\/\/nid.pl\/en\/wp-json\/wp\/v2\/media\/8904"}],"wp:attachment":[{"href":"https:\/\/nid.pl\/en\/wp-json\/wp\/v2\/media?parent=8907"}],"wp:term":[{"taxonomy":"category","embeddable":true,"href":"https:\/\/nid.pl\/en\/wp-json\/wp\/v2\/categories?post=8907"},{"taxonomy":"post_tag","embeddable":true,"href":"https:\/\/nid.pl\/en\/wp-json\/wp\/v2\/tags?post=8907"}],"curies":[{"name":"wp","href":"https:\/\/api.w.org\/{rel}","templated":true}]}}