{"id":8881,"date":"2022-11-03T12:57:40","date_gmt":"2022-11-03T11:57:40","guid":{"rendered":"https:\/\/nid.pl\/?p=8881"},"modified":"2022-11-03T12:59:52","modified_gmt":"2022-11-03T11:59:52","slug":"miedzynarodowa-konferencja-naukowa-explicitus-est-liber-dziedzictwo-sztuki-drukarskiej-do-roku-1800","status":"publish","type":"post","link":"https:\/\/nid.pl\/en\/2022\/11\/03\/miedzynarodowa-konferencja-naukowa-explicitus-est-liber-dziedzictwo-sztuki-drukarskiej-do-roku-1800\/","title":{"rendered":"Mi\u0119dzynarodowa konferencja naukowa \u201eExplicitus est liber\u201d. Dziedzictwo sztuki drukarskiej do roku 1800"},"content":{"rendered":"<p>Zapraszamy do udzia\u0142u w konferencji naukowej organizowanej przez Bibliotek\u0119 Naukow\u0105 Pa\u0144stwowej Akademii Umiej\u0119tno\u015bci i Pa\u0144stwowej Akademii Nauk w Krakowie, nad kt\u00f3r\u0105 patronat obj\u0105\u0142 Narodowy Instytut Dziedzictwa. Ze wzgl\u0119du na interdyscyplinarny charakter przedsi\u0119wzi\u0119cie skierowane jest do szerokiego grona badaczy z r\u00f3\u017cnych dziedzin i dyscyplin naukowych oraz dziedzin kultury \u2013 m.in. historyk\u00f3w, historyk\u00f3w sztuki, bibliolog\u00f3w, bibliotekarzy, archiwist\u00f3w i muzealnik\u00f3w. Wydarzenie odb\u0119dzie si\u0119 w dn. 17 \u2013 18 listopada br. w Krakowie.<\/p>\n\n\n\n<p>Niemal\u017ce 550 lat temu ukaza\u0142 si\u0119 w Krakowie pierwszy znany polski druk \u2013 przygotowany w krakowskiej oficynie Kaspra Straubego kalendarz na rok 1474, wydany najprawdopodobniej w roku 1473. Krak\u00f3w \u2013 jako kolebka drukarstwa polskiego i miejsce dzia\u0142alno\u015bci najs\u0142ynniejszych pierwszych oficyn (m.in. Szwajpolta Fiola, Kaspra Hochfedera, Jana Halera, Ungler\u00f3w, Hieronima, Wietora, Scharffenberg\u00f3w, Cezarych, Piotrkowczyk\u00f3w, Schedl\u00f3w) \u2013 jest r\u00f3wnie\u017c doskona\u0142ym miejscem, by o historii drukarstwa debatowa\u0107. Celem trzeciej, zaplanowanej jako cykliczne spotkania konferencji po\u015bwi\u0119conych zbiorom specjalnym, b\u0119dzie kompleksowa refleksja nad zagadnieniami zwi\u0105zanymi z rozwojem i dziedzictwem sztuki drukarskiej \u2013 starych druk\u00f3w, czyli publikacji wydanych do roku 1800, a b\u0119d\u0105cych obiektami bada\u0144 wielu dziedzin.<\/p>\n\n\n\n<p>Obrady b\u0119d\u0105 skupione wok\u00f3\u0142 zagadnie\u0144 tworzenia, gromadzenia, opracowania, przechowywania, zabezpieczania, konserwacji i udost\u0119pniania zbior\u00f3w starodrucznych<br>(w formie tradycyjnej, jak i zdigitalizowanej), jak r\u00f3wnie\u017c fenomenu pierwszych druk\u00f3w<br>i ksi\u0119gozbior\u00f3w, ich dost\u0119pno\u015bci i wykorzystywania. Od strony technicznej produkcji pojawi\u0105 si\u0119 np. oficyny, papiernie, gisernie, mecenasi, problematyka tegumentologiczna i cenzorska;<br>z perspektywy odbiorcy \u2013 zakupy, katalogi, spo\u0142eczne i edukacyjne aspekty upowszechnienia druku, w\u0142a\u015bciciele i znaki w\u0142asno\u015bciowe, kolekcje, biblioteki historyczne i tzw. \u017cycie ksi\u0105\u017cki. Spotkanie b\u0119dzie tak\u017ce okazj\u0105 do dyskusji na temat wsp\u00f3\u0142czesnego statusu starych druk\u00f3w \u2013 od postulatu zmiany cezury czasowej po funkcjonowanie najstarszych wydawnictw na rynku antykwarycznym.<\/p>\n\n\n\n<p>Has\u0142o przewodnie <em><strong>\u201eExplicitus est liber\u201d<\/strong><\/em>, czyli zamieszczany na ko\u0144cu zwoj\u00f3w zapis informuj\u0105cy o tym, \u017ce ksi\u0105\u017cka zosta\u0142a rozwini\u0119ta, daje mo\u017cliwo\u015b\u0107 wieloaspektowego spojrzenia na stare druki \u2013 jako pewien etap w rozwoju \u015brodk\u00f3w komunikacji oraz ich ewolucji i znaczenia jako materialnego no\u015bnika informacji.<\/p>\n\n\n\n<p>Rejestracja na konferencj\u0119 jest zako\u0144czona. Wydarzenie b\u0119dzie transmitowane online.<\/p>\n\n\n\n<p><strong>Link do strony wydarzenia:<\/strong> <a href=\"http:\/\/biblioteka.pau.krakow.pl\/explicitus-est-liber\" target=\"_blank\" rel=\"noreferrer noopener\">http:\/\/biblioteka.pau.krakow.pl\/explicitus-est-liber<\/a><\/p>\n\n\n\n<p><strong>Wydarzenie na Facebooku:<\/strong> <a href=\"https:\/\/www.facebook.com\/events\/1322418634907819\">https:\/\/www.facebook.com\/<\/a><a href=\"https:\/\/www.facebook.com\/events\/1322418634907819\" target=\"_blank\" rel=\"noreferrer noopener\">events\/1322418634907819<\/a><\/p>\n\n\n\n<p><\/p>\n\n\n\n<figure class=\"wp-block-gallery has-nested-images columns-default is-cropped wp-block-gallery-1 is-layout-flex wp-block-gallery-is-layout-flex\">\n<figure class=\"wp-block-image size-large\"><img loading=\"lazy\" decoding=\"async\" width=\"1810\" height=\"2560\" data-id=\"8880\" src=\"https:\/\/nid.pl\/wp-content\/uploads\/2022\/11\/Patronaty2022_Biblioteka-PAU-i-PAN-w-Krakowie_plakat-scaled.jpg\" alt=\"\" class=\"wp-image-8880\" srcset=\"https:\/\/nid.pl\/wp-content\/uploads\/2022\/11\/Patronaty2022_Biblioteka-PAU-i-PAN-w-Krakowie_plakat-scaled.jpg 1810w, https:\/\/nid.pl\/wp-content\/uploads\/2022\/11\/Patronaty2022_Biblioteka-PAU-i-PAN-w-Krakowie_plakat-1280x1810.jpg 1280w, https:\/\/nid.pl\/wp-content\/uploads\/2022\/11\/Patronaty2022_Biblioteka-PAU-i-PAN-w-Krakowie_plakat-980x1386.jpg 980w, https:\/\/nid.pl\/wp-content\/uploads\/2022\/11\/Patronaty2022_Biblioteka-PAU-i-PAN-w-Krakowie_plakat-480x679.jpg 480w\" sizes=\"(min-width: 0px) and (max-width: 480px) 480px, (min-width: 481px) and (max-width: 980px) 980px, (min-width: 981px) and (max-width: 1280px) 1280px, (min-width: 1281px) 1810px, 100vw\" \/><\/figure>\n<\/figure>","protected":false},"excerpt":{"rendered":"<p>Zapraszamy do udzia\u0142u w konferencji naukowej organizowanej przez Bibliotek\u0119 Naukow\u0105 Pa\u0144stwowej Akademii Umiej\u0119tno\u015bci i Pa\u0144stwowej Akademii Nauk w Krakowie, nad kt\u00f3r\u0105 patronat obj\u0105\u0142 Narodowy Instytut Dziedzictwa. Ze wzgl\u0119du na interdyscyplinarny [&hellip;]<\/p>","protected":false},"author":7,"featured_media":8886,"comment_status":"open","ping_status":"open","sticky":false,"template":"","format":"standard","meta":{"_et_pb_use_builder":"off","_et_pb_old_content":"","_et_gb_content_width":"","_monsterinsights_skip_tracking":false,"_monsterinsights_sitenote_active":false,"_monsterinsights_sitenote_note":"","_monsterinsights_sitenote_category":0,"footnotes":""},"categories":[28],"tags":[],"class_list":["post-8881","post","type-post","status-publish","format-standard","has-post-thumbnail","hentry","category-patronaty"],"yoast_head":"<!-- This site is optimized with the Yoast SEO plugin v26.5 - https:\/\/yoast.com\/wordpress\/plugins\/seo\/ -->\n<title>Mi\u0119dzynarodowa konferencja naukowa \u201eExplicitus est liber\u201d. Dziedzictwo sztuki drukarskiej do roku 1800 - NID<\/title>\n<meta name=\"robots\" content=\"index, follow, max-snippet:-1, max-image-preview:large, max-video-preview:-1\" \/>\n<link rel=\"canonical\" href=\"https:\/\/nid.pl\/en\/2022\/11\/03\/miedzynarodowa-konferencja-naukowa-explicitus-est-liber-dziedzictwo-sztuki-drukarskiej-do-roku-1800\/\" \/>\n<meta property=\"og:locale\" content=\"en_GB\" \/>\n<meta property=\"og:type\" content=\"article\" \/>\n<meta property=\"og:title\" content=\"Mi\u0119dzynarodowa konferencja naukowa \u201eExplicitus est liber\u201d. Dziedzictwo sztuki drukarskiej do roku 1800 - NID\" \/>\n<meta property=\"og:description\" content=\"Zapraszamy do udzia\u0142u w konferencji naukowej organizowanej przez Bibliotek\u0119 Naukow\u0105 Pa\u0144stwowej Akademii Umiej\u0119tno\u015bci i Pa\u0144stwowej Akademii Nauk w Krakowie, nad kt\u00f3r\u0105 patronat obj\u0105\u0142 Narodowy Instytut Dziedzictwa. Ze wzgl\u0119du na interdyscyplinarny [&hellip;]\" \/>\n<meta property=\"og:url\" content=\"https:\/\/nid.pl\/en\/2022\/11\/03\/miedzynarodowa-konferencja-naukowa-explicitus-est-liber-dziedzictwo-sztuki-drukarskiej-do-roku-1800\/\" \/>\n<meta property=\"og:site_name\" content=\"NID\" \/>\n<meta property=\"article:publisher\" content=\"https:\/\/www.facebook.com\/zabytek\" \/>\n<meta property=\"article:published_time\" content=\"2022-11-03T11:57:40+00:00\" \/>\n<meta property=\"article:modified_time\" content=\"2022-11-03T11:59:52+00:00\" \/>\n<meta property=\"og:image\" content=\"https:\/\/nid.pl\/wp-content\/uploads\/2022\/11\/Patronaty2022_Biblioteka-PAU-i-PAN_aktualno.jpg\" \/>\n\t<meta property=\"og:image:width\" content=\"1918\" \/>\n\t<meta property=\"og:image:height\" content=\"1278\" \/>\n\t<meta property=\"og:image:type\" content=\"image\/jpeg\" \/>\n<meta name=\"author\" content=\"Barbara Halliop\" \/>\n<meta name=\"twitter:card\" content=\"summary_large_image\" \/>\n<meta name=\"twitter:creator\" content=\"@NarIDpl\" \/>\n<meta name=\"twitter:site\" content=\"@NarIDpl\" \/>\n<meta name=\"twitter:label1\" content=\"Written by\" \/>\n\t<meta name=\"twitter:data1\" content=\"Barbara Halliop\" \/>\n\t<meta name=\"twitter:label2\" content=\"Estimated reading time\" \/>\n\t<meta name=\"twitter:data2\" content=\"2 minutes\" \/>\n<script type=\"application\/ld+json\" class=\"yoast-schema-graph\">{\"@context\":\"https:\/\/schema.org\",\"@graph\":[{\"@type\":\"Article\",\"@id\":\"https:\/\/nid.pl\/2022\/11\/03\/miedzynarodowa-konferencja-naukowa-explicitus-est-liber-dziedzictwo-sztuki-drukarskiej-do-roku-1800\/#article\",\"isPartOf\":{\"@id\":\"https:\/\/nid.pl\/2022\/11\/03\/miedzynarodowa-konferencja-naukowa-explicitus-est-liber-dziedzictwo-sztuki-drukarskiej-do-roku-1800\/\"},\"author\":{\"name\":\"Barbara Halliop\",\"@id\":\"https:\/\/nid.pl\/#\/schema\/person\/1b690a8998a5111cfb9f0ffe24195a15\"},\"headline\":\"Mi\u0119dzynarodowa konferencja naukowa \u201eExplicitus est liber\u201d. Dziedzictwo sztuki drukarskiej do roku 1800\",\"datePublished\":\"2022-11-03T11:57:40+00:00\",\"dateModified\":\"2022-11-03T11:59:52+00:00\",\"mainEntityOfPage\":{\"@id\":\"https:\/\/nid.pl\/2022\/11\/03\/miedzynarodowa-konferencja-naukowa-explicitus-est-liber-dziedzictwo-sztuki-drukarskiej-do-roku-1800\/\"},\"wordCount\":397,\"commentCount\":0,\"publisher\":{\"@id\":\"https:\/\/nid.pl\/#organization\"},\"image\":{\"@id\":\"https:\/\/nid.pl\/2022\/11\/03\/miedzynarodowa-konferencja-naukowa-explicitus-est-liber-dziedzictwo-sztuki-drukarskiej-do-roku-1800\/#primaryimage\"},\"thumbnailUrl\":\"https:\/\/nid.pl\/wp-content\/uploads\/2022\/11\/Patronaty2022_Biblioteka-PAU-i-PAN_aktualno.jpg\",\"articleSection\":[\"Patronaty\"],\"inLanguage\":\"en-GB\"},{\"@type\":\"WebPage\",\"@id\":\"https:\/\/nid.pl\/2022\/11\/03\/miedzynarodowa-konferencja-naukowa-explicitus-est-liber-dziedzictwo-sztuki-drukarskiej-do-roku-1800\/\",\"url\":\"https:\/\/nid.pl\/2022\/11\/03\/miedzynarodowa-konferencja-naukowa-explicitus-est-liber-dziedzictwo-sztuki-drukarskiej-do-roku-1800\/\",\"name\":\"Mi\u0119dzynarodowa konferencja naukowa \u201eExplicitus est liber\u201d. Dziedzictwo sztuki drukarskiej do roku 1800 - NID\",\"isPartOf\":{\"@id\":\"https:\/\/nid.pl\/#website\"},\"primaryImageOfPage\":{\"@id\":\"https:\/\/nid.pl\/2022\/11\/03\/miedzynarodowa-konferencja-naukowa-explicitus-est-liber-dziedzictwo-sztuki-drukarskiej-do-roku-1800\/#primaryimage\"},\"image\":{\"@id\":\"https:\/\/nid.pl\/2022\/11\/03\/miedzynarodowa-konferencja-naukowa-explicitus-est-liber-dziedzictwo-sztuki-drukarskiej-do-roku-1800\/#primaryimage\"},\"thumbnailUrl\":\"https:\/\/nid.pl\/wp-content\/uploads\/2022\/11\/Patronaty2022_Biblioteka-PAU-i-PAN_aktualno.jpg\",\"datePublished\":\"2022-11-03T11:57:40+00:00\",\"dateModified\":\"2022-11-03T11:59:52+00:00\",\"breadcrumb\":{\"@id\":\"https:\/\/nid.pl\/2022\/11\/03\/miedzynarodowa-konferencja-naukowa-explicitus-est-liber-dziedzictwo-sztuki-drukarskiej-do-roku-1800\/#breadcrumb\"},\"inLanguage\":\"en-GB\",\"potentialAction\":[{\"@type\":\"ReadAction\",\"target\":[\"https:\/\/nid.pl\/2022\/11\/03\/miedzynarodowa-konferencja-naukowa-explicitus-est-liber-dziedzictwo-sztuki-drukarskiej-do-roku-1800\/\"]}]},{\"@type\":\"ImageObject\",\"inLanguage\":\"en-GB\",\"@id\":\"https:\/\/nid.pl\/2022\/11\/03\/miedzynarodowa-konferencja-naukowa-explicitus-est-liber-dziedzictwo-sztuki-drukarskiej-do-roku-1800\/#primaryimage\",\"url\":\"https:\/\/nid.pl\/wp-content\/uploads\/2022\/11\/Patronaty2022_Biblioteka-PAU-i-PAN_aktualno.jpg\",\"contentUrl\":\"https:\/\/nid.pl\/wp-content\/uploads\/2022\/11\/Patronaty2022_Biblioteka-PAU-i-PAN_aktualno.jpg\",\"width\":1918,\"height\":1278,\"caption\":\"Patronaty Biblioteka PAU i PAN aktualno\"},{\"@type\":\"BreadcrumbList\",\"@id\":\"https:\/\/nid.pl\/2022\/11\/03\/miedzynarodowa-konferencja-naukowa-explicitus-est-liber-dziedzictwo-sztuki-drukarskiej-do-roku-1800\/#breadcrumb\",\"itemListElement\":[{\"@type\":\"ListItem\",\"position\":1,\"name\":\"Home\",\"item\":\"https:\/\/nid.pl\/\"},{\"@type\":\"ListItem\",\"position\":2,\"name\":\"Mi\u0119dzynarodowa konferencja naukowa \u201eExplicitus est liber\u201d. Dziedzictwo sztuki drukarskiej do roku 1800\"}]},{\"@type\":\"WebSite\",\"@id\":\"https:\/\/nid.pl\/#website\",\"url\":\"https:\/\/nid.pl\/\",\"name\":\"NID\",\"description\":\"Narodowy Instytut Dziedzictwa\",\"publisher\":{\"@id\":\"https:\/\/nid.pl\/#organization\"},\"potentialAction\":[{\"@type\":\"SearchAction\",\"target\":{\"@type\":\"EntryPoint\",\"urlTemplate\":\"https:\/\/nid.pl\/?s={search_term_string}\"},\"query-input\":{\"@type\":\"PropertyValueSpecification\",\"valueRequired\":true,\"valueName\":\"search_term_string\"}}],\"inLanguage\":\"en-GB\"},{\"@type\":\"Organization\",\"@id\":\"https:\/\/nid.pl\/#organization\",\"name\":\"Narodowy Instytut Dziedzictwa\",\"url\":\"https:\/\/nid.pl\/\",\"logo\":{\"@type\":\"ImageObject\",\"inLanguage\":\"en-GB\",\"@id\":\"https:\/\/nid.pl\/#\/schema\/logo\/image\/\",\"url\":\"https:\/\/nid.pl\/wp-content\/uploads\/2022\/10\/logoRedDark.png\",\"contentUrl\":\"https:\/\/nid.pl\/wp-content\/uploads\/2022\/10\/logoRedDark.png\",\"width\":200,\"height\":197,\"caption\":\"Narodowy Instytut Dziedzictwa\"},\"image\":{\"@id\":\"https:\/\/nid.pl\/#\/schema\/logo\/image\/\"},\"sameAs\":[\"https:\/\/www.facebook.com\/zabytek\",\"https:\/\/x.com\/NarIDpl\",\"https:\/\/www.instagram.com\/nid.pl\/?hl=pl\",\"https:\/\/www.linkedin.com\/company\/narodowy-instytut-dziedzictwa\",\"https:\/\/www.youtube.com\/channel\/UCQXuhKa2uHtmNvLRUSx40JA\"]},{\"@type\":\"Person\",\"@id\":\"https:\/\/nid.pl\/#\/schema\/person\/1b690a8998a5111cfb9f0ffe24195a15\",\"name\":\"Barbara Halliop\",\"image\":{\"@type\":\"ImageObject\",\"inLanguage\":\"en-GB\",\"@id\":\"https:\/\/nid.pl\/#\/schema\/person\/image\/\",\"url\":\"https:\/\/nid.pl\/wp-content\/litespeed\/avatar\/924046d17dd0c842c9fa9ccf489bc6dc.jpg?ver=1777444967\",\"contentUrl\":\"https:\/\/nid.pl\/wp-content\/litespeed\/avatar\/924046d17dd0c842c9fa9ccf489bc6dc.jpg?ver=1777444967\",\"caption\":\"Barbara Halliop\"},\"url\":\"https:\/\/nid.pl\/en\/author\/bhalliop\/\"}]}<\/script>\n<!-- \/ Yoast SEO plugin. -->","yoast_head_json":{"title":"Mi\u0119dzynarodowa konferencja naukowa \u201eExplicitus est liber\u201d. Dziedzictwo sztuki drukarskiej do roku 1800 - NID","robots":{"index":"index","follow":"follow","max-snippet":"max-snippet:-1","max-image-preview":"max-image-preview:large","max-video-preview":"max-video-preview:-1"},"canonical":"https:\/\/nid.pl\/en\/2022\/11\/03\/miedzynarodowa-konferencja-naukowa-explicitus-est-liber-dziedzictwo-sztuki-drukarskiej-do-roku-1800\/","og_locale":"en_GB","og_type":"article","og_title":"Mi\u0119dzynarodowa konferencja naukowa \u201eExplicitus est liber\u201d. Dziedzictwo sztuki drukarskiej do roku 1800 - NID","og_description":"Zapraszamy do udzia\u0142u w konferencji naukowej organizowanej przez Bibliotek\u0119 Naukow\u0105 Pa\u0144stwowej Akademii Umiej\u0119tno\u015bci i Pa\u0144stwowej Akademii Nauk w Krakowie, nad kt\u00f3r\u0105 patronat obj\u0105\u0142 Narodowy Instytut Dziedzictwa. Ze wzgl\u0119du na interdyscyplinarny [&hellip;]","og_url":"https:\/\/nid.pl\/en\/2022\/11\/03\/miedzynarodowa-konferencja-naukowa-explicitus-est-liber-dziedzictwo-sztuki-drukarskiej-do-roku-1800\/","og_site_name":"NID","article_publisher":"https:\/\/www.facebook.com\/zabytek","article_published_time":"2022-11-03T11:57:40+00:00","article_modified_time":"2022-11-03T11:59:52+00:00","og_image":[{"width":1918,"height":1278,"url":"https:\/\/nid.pl\/wp-content\/uploads\/2022\/11\/Patronaty2022_Biblioteka-PAU-i-PAN_aktualno.jpg","type":"image\/jpeg"}],"author":"Barbara Halliop","twitter_card":"summary_large_image","twitter_creator":"@NarIDpl","twitter_site":"@NarIDpl","twitter_misc":{"Written by":"Barbara Halliop","Estimated reading time":"2 minutes"},"schema":{"@context":"https:\/\/schema.org","@graph":[{"@type":"Article","@id":"https:\/\/nid.pl\/2022\/11\/03\/miedzynarodowa-konferencja-naukowa-explicitus-est-liber-dziedzictwo-sztuki-drukarskiej-do-roku-1800\/#article","isPartOf":{"@id":"https:\/\/nid.pl\/2022\/11\/03\/miedzynarodowa-konferencja-naukowa-explicitus-est-liber-dziedzictwo-sztuki-drukarskiej-do-roku-1800\/"},"author":{"name":"Barbara Halliop","@id":"https:\/\/nid.pl\/#\/schema\/person\/1b690a8998a5111cfb9f0ffe24195a15"},"headline":"Mi\u0119dzynarodowa konferencja naukowa \u201eExplicitus est liber\u201d. Dziedzictwo sztuki drukarskiej do roku 1800","datePublished":"2022-11-03T11:57:40+00:00","dateModified":"2022-11-03T11:59:52+00:00","mainEntityOfPage":{"@id":"https:\/\/nid.pl\/2022\/11\/03\/miedzynarodowa-konferencja-naukowa-explicitus-est-liber-dziedzictwo-sztuki-drukarskiej-do-roku-1800\/"},"wordCount":397,"commentCount":0,"publisher":{"@id":"https:\/\/nid.pl\/#organization"},"image":{"@id":"https:\/\/nid.pl\/2022\/11\/03\/miedzynarodowa-konferencja-naukowa-explicitus-est-liber-dziedzictwo-sztuki-drukarskiej-do-roku-1800\/#primaryimage"},"thumbnailUrl":"https:\/\/nid.pl\/wp-content\/uploads\/2022\/11\/Patronaty2022_Biblioteka-PAU-i-PAN_aktualno.jpg","articleSection":["Patronaty"],"inLanguage":"en-GB"},{"@type":"WebPage","@id":"https:\/\/nid.pl\/2022\/11\/03\/miedzynarodowa-konferencja-naukowa-explicitus-est-liber-dziedzictwo-sztuki-drukarskiej-do-roku-1800\/","url":"https:\/\/nid.pl\/2022\/11\/03\/miedzynarodowa-konferencja-naukowa-explicitus-est-liber-dziedzictwo-sztuki-drukarskiej-do-roku-1800\/","name":"Mi\u0119dzynarodowa konferencja naukowa \u201eExplicitus est liber\u201d. Dziedzictwo sztuki drukarskiej do roku 1800 - NID","isPartOf":{"@id":"https:\/\/nid.pl\/#website"},"primaryImageOfPage":{"@id":"https:\/\/nid.pl\/2022\/11\/03\/miedzynarodowa-konferencja-naukowa-explicitus-est-liber-dziedzictwo-sztuki-drukarskiej-do-roku-1800\/#primaryimage"},"image":{"@id":"https:\/\/nid.pl\/2022\/11\/03\/miedzynarodowa-konferencja-naukowa-explicitus-est-liber-dziedzictwo-sztuki-drukarskiej-do-roku-1800\/#primaryimage"},"thumbnailUrl":"https:\/\/nid.pl\/wp-content\/uploads\/2022\/11\/Patronaty2022_Biblioteka-PAU-i-PAN_aktualno.jpg","datePublished":"2022-11-03T11:57:40+00:00","dateModified":"2022-11-03T11:59:52+00:00","breadcrumb":{"@id":"https:\/\/nid.pl\/2022\/11\/03\/miedzynarodowa-konferencja-naukowa-explicitus-est-liber-dziedzictwo-sztuki-drukarskiej-do-roku-1800\/#breadcrumb"},"inLanguage":"en-GB","potentialAction":[{"@type":"ReadAction","target":["https:\/\/nid.pl\/2022\/11\/03\/miedzynarodowa-konferencja-naukowa-explicitus-est-liber-dziedzictwo-sztuki-drukarskiej-do-roku-1800\/"]}]},{"@type":"ImageObject","inLanguage":"en-GB","@id":"https:\/\/nid.pl\/2022\/11\/03\/miedzynarodowa-konferencja-naukowa-explicitus-est-liber-dziedzictwo-sztuki-drukarskiej-do-roku-1800\/#primaryimage","url":"https:\/\/nid.pl\/wp-content\/uploads\/2022\/11\/Patronaty2022_Biblioteka-PAU-i-PAN_aktualno.jpg","contentUrl":"https:\/\/nid.pl\/wp-content\/uploads\/2022\/11\/Patronaty2022_Biblioteka-PAU-i-PAN_aktualno.jpg","width":1918,"height":1278,"caption":"Patronaty Biblioteka PAU i PAN aktualno"},{"@type":"BreadcrumbList","@id":"https:\/\/nid.pl\/2022\/11\/03\/miedzynarodowa-konferencja-naukowa-explicitus-est-liber-dziedzictwo-sztuki-drukarskiej-do-roku-1800\/#breadcrumb","itemListElement":[{"@type":"ListItem","position":1,"name":"Home","item":"https:\/\/nid.pl\/"},{"@type":"ListItem","position":2,"name":"Mi\u0119dzynarodowa konferencja naukowa \u201eExplicitus est liber\u201d. Dziedzictwo sztuki drukarskiej do roku 1800"}]},{"@type":"WebSite","@id":"https:\/\/nid.pl\/#website","url":"https:\/\/nid.pl\/","name":"NID","description":"Narodowy Instytut Dziedzictwa","publisher":{"@id":"https:\/\/nid.pl\/#organization"},"potentialAction":[{"@type":"SearchAction","target":{"@type":"EntryPoint","urlTemplate":"https:\/\/nid.pl\/?s={search_term_string}"},"query-input":{"@type":"PropertyValueSpecification","valueRequired":true,"valueName":"search_term_string"}}],"inLanguage":"en-GB"},{"@type":"Organization","@id":"https:\/\/nid.pl\/#organization","name":"Narodowy Instytut Dziedzictwa","url":"https:\/\/nid.pl\/","logo":{"@type":"ImageObject","inLanguage":"en-GB","@id":"https:\/\/nid.pl\/#\/schema\/logo\/image\/","url":"https:\/\/nid.pl\/wp-content\/uploads\/2022\/10\/logoRedDark.png","contentUrl":"https:\/\/nid.pl\/wp-content\/uploads\/2022\/10\/logoRedDark.png","width":200,"height":197,"caption":"Narodowy Instytut Dziedzictwa"},"image":{"@id":"https:\/\/nid.pl\/#\/schema\/logo\/image\/"},"sameAs":["https:\/\/www.facebook.com\/zabytek","https:\/\/x.com\/NarIDpl","https:\/\/www.instagram.com\/nid.pl\/?hl=pl","https:\/\/www.linkedin.com\/company\/narodowy-instytut-dziedzictwa","https:\/\/www.youtube.com\/channel\/UCQXuhKa2uHtmNvLRUSx40JA"]},{"@type":"Person","@id":"https:\/\/nid.pl\/#\/schema\/person\/1b690a8998a5111cfb9f0ffe24195a15","name":"Barbara Halliop","image":{"@type":"ImageObject","inLanguage":"en-GB","@id":"https:\/\/nid.pl\/#\/schema\/person\/image\/","url":"https:\/\/nid.pl\/wp-content\/litespeed\/avatar\/924046d17dd0c842c9fa9ccf489bc6dc.jpg?ver=1777444967","contentUrl":"https:\/\/nid.pl\/wp-content\/litespeed\/avatar\/924046d17dd0c842c9fa9ccf489bc6dc.jpg?ver=1777444967","caption":"Barbara Halliop"},"url":"https:\/\/nid.pl\/en\/author\/bhalliop\/"}]}},"_links":{"self":[{"href":"https:\/\/nid.pl\/en\/wp-json\/wp\/v2\/posts\/8881","targetHints":{"allow":["GET"]}}],"collection":[{"href":"https:\/\/nid.pl\/en\/wp-json\/wp\/v2\/posts"}],"about":[{"href":"https:\/\/nid.pl\/en\/wp-json\/wp\/v2\/types\/post"}],"author":[{"embeddable":true,"href":"https:\/\/nid.pl\/en\/wp-json\/wp\/v2\/users\/7"}],"replies":[{"embeddable":true,"href":"https:\/\/nid.pl\/en\/wp-json\/wp\/v2\/comments?post=8881"}],"version-history":[{"count":0,"href":"https:\/\/nid.pl\/en\/wp-json\/wp\/v2\/posts\/8881\/revisions"}],"wp:featuredmedia":[{"embeddable":true,"href":"https:\/\/nid.pl\/en\/wp-json\/wp\/v2\/media\/8886"}],"wp:attachment":[{"href":"https:\/\/nid.pl\/en\/wp-json\/wp\/v2\/media?parent=8881"}],"wp:term":[{"taxonomy":"category","embeddable":true,"href":"https:\/\/nid.pl\/en\/wp-json\/wp\/v2\/categories?post=8881"},{"taxonomy":"post_tag","embeddable":true,"href":"https:\/\/nid.pl\/en\/wp-json\/wp\/v2\/tags?post=8881"}],"curies":[{"name":"wp","href":"https:\/\/api.w.org\/{rel}","templated":true}]}}