{"id":8829,"date":"2022-10-28T14:07:52","date_gmt":"2022-10-28T12:07:52","guid":{"rendered":"https:\/\/nid.pl\/?p=8829"},"modified":"2022-10-28T14:07:55","modified_gmt":"2022-10-28T12:07:55","slug":"szkolenia-dla-gmin-wojewodztwa-dolnoslaskiego-i-pomorskiego","status":"publish","type":"post","link":"https:\/\/nid.pl\/en\/2022\/10\/28\/szkolenia-dla-gmin-wojewodztwa-dolnoslaskiego-i-pomorskiego\/","title":{"rendered":"Szkolenia dla gmin wojew\u00f3dztwa dolno\u015bl\u0105skiego i pomorskiego"},"content":{"rendered":"<p><strong>Zapraszamy na kolejne szkolenia Narodowego Instytutu Dziedzictwa z cyklu \u201eZarz\u0105dzanie dziedzictwem lokalnym i ujmowanie dziedzictwa w rewitalizacji\u201d, zorganizowane dla gmin wojew\u00f3dztwa dolno\u015bl\u0105skiego i pomorskiego.<\/strong><\/p>\n\n\n\n<p>Skuteczne zarz\u0105dzanie dziedzictwem w gminie to szansa na jej rozw\u00f3j, polepszenie atrakcyjno\u015bci, podniesienie poziomu \u017cycia mieszka\u0144c\u00f3w i budowanie przewag konkurencyjnych. Szkolenie zosta\u0142o podzielone na 14 blok\u00f3w tematycznych, odpowiadaj\u0105cych na najbardziej istotne problemy oraz pokazuj\u0105ce praktyczne rozwi\u0105zania. Tre\u015bci szkole\u0144 zosta\u0142y dopasowane do charakterystyki region\u00f3w dolno\u015bl\u0105skiego i pomorskiego.<br>Szkolenie przydatne b\u0119dzie dla urz\u0119dnik\u00f3w gminnych odpowiedzialnych za zabytki, rozw\u00f3j gospodarczy, promocj\u0119, kultur\u0119 i planowanie przestrzenne. <\/p>\n\n\n\n<p>Zapraszamy tak\u017ce przedstawicieli lokalnych i regionalnych instytucji kultury, organizacji pozarz\u0105dowych, muze\u00f3w, przedsi\u0119biorc\u00f3w, aktywist\u00f3w \u2013 wszystkie organizacje i osoby, kt\u00f3re zajmuj\u0105 si\u0119 dziedzictwem lokalnym.<\/p>\n\n\n\n<p>Szkolenie jest bezp\u0142atne i nie ma limit\u00f3w liczby zg\u0142osze\u0144. Obowi\u0105zuje <strong>oddzielna<\/strong> rejestracja na ka\u017cdy dzie\u0144 szkoleniowy.<br>Szkolenie odb\u0119dzie si\u0119 online w trybie modu\u0142owym, w dniach 18, 21, 22, 23 i 25 listopada 2022 r.<br>System rejestruje obecno\u015b\u0107 zapisanych uczestnik\u00f3w na szkoleniu w kolejnych dniach, co pozwala na wydanie certyfikat\u00f3w uczestnictwa zainteresowanym osobom.<\/p>\n\n\n\n<p>Szkolenia zosta\u0142y przygotowane we wsp\u00f3\u0142pracy i przy wsparciu urz\u0119d\u00f3w marsza\u0142kowskich wojew\u00f3dztwa dolno\u015bl\u0105skiego i pomorskiego.<\/p>\n\n\n\n<p>Szkolenia zosta\u0142y przygotowane w ramach \u201eKrajowego programu ochrony zabytk\u00f3w i opieki nad zabytkami\u201d.<\/p>\n\n\n\n<p><\/p>\n\n\n\n<p>Linki rejestracyjne:<\/p>\n\n\n\n<p>Dzie\u0144 1: <a href=\"https:\/\/livewebinar.com\/940-146-801\/3275eabc5923564ce871ac4cf68c1f00\" target=\"_blank\" rel=\"noreferrer noopener\">https:\/\/livewebinar.com\/940-146-801\/3275eabc5923564ce871ac4cf68c1f00<\/a><\/p>\n\n\n\n<p>Dzie\u0144 2: <a href=\"https:\/\/livewebinar.com\/525-179-430\/28a532574bbf7236f920063fabea1c86\" target=\"_blank\" rel=\"noreferrer noopener\">https:\/\/livewebinar.com\/525-179-430\/28a532574bbf7236f920063fabea1c86<\/a><\/p>\n\n\n\n<p>Dzie\u0144 3: <a href=\"https:\/\/livewebinar.com\/940-189-062\/fc5bc5858c67a22c56cded2e1f00280d\" target=\"_blank\" rel=\"noreferrer noopener\">https:\/\/livewebinar.com\/940-189-062\/fc5bc5858c67a22c56cded2e1f00280d<\/a><\/p>\n\n\n\n<p>Dzie\u0144 4: <a href=\"https:\/\/livewebinar.com\/757-980-259\/8926e2211299c17008c833a7f5166ea5\" target=\"_blank\" rel=\"noreferrer noopener\">https:\/\/livewebinar.com\/757-980-259\/8926e2211299c17008c833a7f5166ea5<\/a><\/p>\n\n\n\n<p>Dzie\u0144 5: <a href=\"https:\/\/livewebinar.com\/159-662-779\/872c6527f7584244584d4fd71829849f\" target=\"_blank\" rel=\"noreferrer noopener\">https:\/\/livewebinar.com\/159-662-779\/872c6527f7584244584d4fd71829849f<\/a><\/p>\n\n\n\n<p><\/p>\n\n\n\n<p><strong>Download<\/strong><\/p>\n\n\n\n<p>&#8220;Zarz\u0105dzanie dziedzictwem na poziomie lokalnym i ujmowanie dziedzictwa w rewitalizacji&#8221; &#8211;  <a href=\"https:\/\/nid.pl\/wp-content\/uploads\/2022\/10\/szkolenie_zarzadzanie-dziedzictwem-na-poziomie-lokalnym_NID_2022.pdf\">Inf<\/a><a href=\"https:\/\/nid.pl\/wp-content\/uploads\/2022\/10\/szkolenie_zarzadzanie-dziedzictwem-na-poziomie-lokalnym_NID_2022.pdf\" target=\"_blank\" rel=\"noreferrer noopener\">ormator<\/a><\/p>","protected":false},"excerpt":{"rendered":"<p>Zapraszamy na kolejne szkolenia Narodowego Instytutu Dziedzictwa z cyklu \u201eZarz\u0105dzanie dziedzictwem lokalnym i ujmowanie dziedzictwa w rewitalizacji\u201d, zorganizowane dla gmin wojew\u00f3dztwa dolno\u015bl\u0105skiego i pomorskiego. Skuteczne zarz\u0105dzanie dziedzictwem w gminie to [&hellip;]<\/p>","protected":false},"author":7,"featured_media":8827,"comment_status":"open","ping_status":"open","sticky":false,"template":"","format":"standard","meta":{"_et_pb_use_builder":"off","_et_pb_old_content":"","_et_gb_content_width":"","_monsterinsights_skip_tracking":false,"_monsterinsights_sitenote_active":false,"_monsterinsights_sitenote_note":"","_monsterinsights_sitenote_category":0,"footnotes":""},"categories":[3],"tags":[],"class_list":["post-8829","post","type-post","status-publish","format-standard","has-post-thumbnail","hentry","category-aktualnosci"],"yoast_head":"<!-- This site is optimized with the Yoast SEO plugin v26.5 - https:\/\/yoast.com\/wordpress\/plugins\/seo\/ -->\n<title>Szkolenia dla gmin wojew\u00f3dztwa dolno\u015bl\u0105skiego i pomorskiego - NID<\/title>\n<meta name=\"robots\" content=\"index, follow, max-snippet:-1, max-image-preview:large, max-video-preview:-1\" \/>\n<link rel=\"canonical\" href=\"https:\/\/nid.pl\/en\/2022\/10\/28\/szkolenia-dla-gmin-wojewodztwa-dolnoslaskiego-i-pomorskiego\/\" \/>\n<meta property=\"og:locale\" content=\"en_GB\" \/>\n<meta property=\"og:type\" content=\"article\" \/>\n<meta property=\"og:title\" content=\"Szkolenia dla gmin wojew\u00f3dztwa dolno\u015bl\u0105skiego i pomorskiego - NID\" \/>\n<meta property=\"og:description\" content=\"Zapraszamy na kolejne szkolenia Narodowego Instytutu Dziedzictwa z cyklu \u201eZarz\u0105dzanie dziedzictwem lokalnym i ujmowanie dziedzictwa w rewitalizacji\u201d, zorganizowane dla gmin wojew\u00f3dztwa dolno\u015bl\u0105skiego i pomorskiego. Skuteczne zarz\u0105dzanie dziedzictwem w gminie to [&hellip;]\" \/>\n<meta property=\"og:url\" content=\"https:\/\/nid.pl\/en\/2022\/10\/28\/szkolenia-dla-gmin-wojewodztwa-dolnoslaskiego-i-pomorskiego\/\" \/>\n<meta property=\"og:site_name\" content=\"NID\" \/>\n<meta property=\"article:publisher\" content=\"https:\/\/www.facebook.com\/zabytek\" \/>\n<meta property=\"article:published_time\" content=\"2022-10-28T12:07:52+00:00\" \/>\n<meta property=\"article:modified_time\" content=\"2022-10-28T12:07:55+00:00\" \/>\n<meta property=\"og:image\" content=\"https:\/\/nid.pl\/wp-content\/uploads\/2022\/10\/Szkolenie_aktual.jpg\" \/>\n\t<meta property=\"og:image:width\" content=\"784\" \/>\n\t<meta property=\"og:image:height\" content=\"523\" \/>\n\t<meta property=\"og:image:type\" content=\"image\/jpeg\" \/>\n<meta name=\"author\" content=\"Barbara Halliop\" \/>\n<meta name=\"twitter:card\" content=\"summary_large_image\" \/>\n<meta name=\"twitter:creator\" content=\"@NarIDpl\" \/>\n<meta name=\"twitter:site\" content=\"@NarIDpl\" \/>\n<meta name=\"twitter:label1\" content=\"Written by\" \/>\n\t<meta name=\"twitter:data1\" content=\"Barbara Halliop\" \/>\n\t<meta name=\"twitter:label2\" content=\"Estimated reading time\" \/>\n\t<meta name=\"twitter:data2\" content=\"1 minute\" \/>\n<script type=\"application\/ld+json\" class=\"yoast-schema-graph\">{\"@context\":\"https:\/\/schema.org\",\"@graph\":[{\"@type\":\"Article\",\"@id\":\"https:\/\/nid.pl\/2022\/10\/28\/szkolenia-dla-gmin-wojewodztwa-dolnoslaskiego-i-pomorskiego\/#article\",\"isPartOf\":{\"@id\":\"https:\/\/nid.pl\/2022\/10\/28\/szkolenia-dla-gmin-wojewodztwa-dolnoslaskiego-i-pomorskiego\/\"},\"author\":{\"name\":\"Barbara Halliop\",\"@id\":\"https:\/\/nid.pl\/#\/schema\/person\/1b690a8998a5111cfb9f0ffe24195a15\"},\"headline\":\"Szkolenia dla gmin wojew\u00f3dztwa dolno\u015bl\u0105skiego i pomorskiego\",\"datePublished\":\"2022-10-28T12:07:52+00:00\",\"dateModified\":\"2022-10-28T12:07:55+00:00\",\"mainEntityOfPage\":{\"@id\":\"https:\/\/nid.pl\/2022\/10\/28\/szkolenia-dla-gmin-wojewodztwa-dolnoslaskiego-i-pomorskiego\/\"},\"wordCount\":318,\"commentCount\":0,\"publisher\":{\"@id\":\"https:\/\/nid.pl\/#organization\"},\"image\":{\"@id\":\"https:\/\/nid.pl\/2022\/10\/28\/szkolenia-dla-gmin-wojewodztwa-dolnoslaskiego-i-pomorskiego\/#primaryimage\"},\"thumbnailUrl\":\"https:\/\/nid.pl\/wp-content\/uploads\/2022\/10\/Szkolenie_aktual.jpg\",\"articleSection\":[\"Aktualno\u015bci\"],\"inLanguage\":\"en-GB\"},{\"@type\":\"WebPage\",\"@id\":\"https:\/\/nid.pl\/2022\/10\/28\/szkolenia-dla-gmin-wojewodztwa-dolnoslaskiego-i-pomorskiego\/\",\"url\":\"https:\/\/nid.pl\/2022\/10\/28\/szkolenia-dla-gmin-wojewodztwa-dolnoslaskiego-i-pomorskiego\/\",\"name\":\"Szkolenia dla gmin wojew\u00f3dztwa dolno\u015bl\u0105skiego i pomorskiego - NID\",\"isPartOf\":{\"@id\":\"https:\/\/nid.pl\/#website\"},\"primaryImageOfPage\":{\"@id\":\"https:\/\/nid.pl\/2022\/10\/28\/szkolenia-dla-gmin-wojewodztwa-dolnoslaskiego-i-pomorskiego\/#primaryimage\"},\"image\":{\"@id\":\"https:\/\/nid.pl\/2022\/10\/28\/szkolenia-dla-gmin-wojewodztwa-dolnoslaskiego-i-pomorskiego\/#primaryimage\"},\"thumbnailUrl\":\"https:\/\/nid.pl\/wp-content\/uploads\/2022\/10\/Szkolenie_aktual.jpg\",\"datePublished\":\"2022-10-28T12:07:52+00:00\",\"dateModified\":\"2022-10-28T12:07:55+00:00\",\"breadcrumb\":{\"@id\":\"https:\/\/nid.pl\/2022\/10\/28\/szkolenia-dla-gmin-wojewodztwa-dolnoslaskiego-i-pomorskiego\/#breadcrumb\"},\"inLanguage\":\"en-GB\",\"potentialAction\":[{\"@type\":\"ReadAction\",\"target\":[\"https:\/\/nid.pl\/2022\/10\/28\/szkolenia-dla-gmin-wojewodztwa-dolnoslaskiego-i-pomorskiego\/\"]}]},{\"@type\":\"ImageObject\",\"inLanguage\":\"en-GB\",\"@id\":\"https:\/\/nid.pl\/2022\/10\/28\/szkolenia-dla-gmin-wojewodztwa-dolnoslaskiego-i-pomorskiego\/#primaryimage\",\"url\":\"https:\/\/nid.pl\/wp-content\/uploads\/2022\/10\/Szkolenie_aktual.jpg\",\"contentUrl\":\"https:\/\/nid.pl\/wp-content\/uploads\/2022\/10\/Szkolenie_aktual.jpg\",\"width\":784,\"height\":523,\"caption\":\"Szkolenie aktual\"},{\"@type\":\"BreadcrumbList\",\"@id\":\"https:\/\/nid.pl\/2022\/10\/28\/szkolenia-dla-gmin-wojewodztwa-dolnoslaskiego-i-pomorskiego\/#breadcrumb\",\"itemListElement\":[{\"@type\":\"ListItem\",\"position\":1,\"name\":\"Home\",\"item\":\"https:\/\/nid.pl\/\"},{\"@type\":\"ListItem\",\"position\":2,\"name\":\"Szkolenia dla gmin wojew\u00f3dztwa dolno\u015bl\u0105skiego i pomorskiego\"}]},{\"@type\":\"WebSite\",\"@id\":\"https:\/\/nid.pl\/#website\",\"url\":\"https:\/\/nid.pl\/\",\"name\":\"NID\",\"description\":\"Narodowy Instytut Dziedzictwa\",\"publisher\":{\"@id\":\"https:\/\/nid.pl\/#organization\"},\"potentialAction\":[{\"@type\":\"SearchAction\",\"target\":{\"@type\":\"EntryPoint\",\"urlTemplate\":\"https:\/\/nid.pl\/?s={search_term_string}\"},\"query-input\":{\"@type\":\"PropertyValueSpecification\",\"valueRequired\":true,\"valueName\":\"search_term_string\"}}],\"inLanguage\":\"en-GB\"},{\"@type\":\"Organization\",\"@id\":\"https:\/\/nid.pl\/#organization\",\"name\":\"Narodowy Instytut Dziedzictwa\",\"url\":\"https:\/\/nid.pl\/\",\"logo\":{\"@type\":\"ImageObject\",\"inLanguage\":\"en-GB\",\"@id\":\"https:\/\/nid.pl\/#\/schema\/logo\/image\/\",\"url\":\"https:\/\/nid.pl\/wp-content\/uploads\/2022\/10\/logoRedDark.png\",\"contentUrl\":\"https:\/\/nid.pl\/wp-content\/uploads\/2022\/10\/logoRedDark.png\",\"width\":200,\"height\":197,\"caption\":\"Narodowy Instytut Dziedzictwa\"},\"image\":{\"@id\":\"https:\/\/nid.pl\/#\/schema\/logo\/image\/\"},\"sameAs\":[\"https:\/\/www.facebook.com\/zabytek\",\"https:\/\/x.com\/NarIDpl\",\"https:\/\/www.instagram.com\/nid.pl\/?hl=pl\",\"https:\/\/www.linkedin.com\/company\/narodowy-instytut-dziedzictwa\",\"https:\/\/www.youtube.com\/channel\/UCQXuhKa2uHtmNvLRUSx40JA\"]},{\"@type\":\"Person\",\"@id\":\"https:\/\/nid.pl\/#\/schema\/person\/1b690a8998a5111cfb9f0ffe24195a15\",\"name\":\"Barbara Halliop\",\"image\":{\"@type\":\"ImageObject\",\"inLanguage\":\"en-GB\",\"@id\":\"https:\/\/nid.pl\/#\/schema\/person\/image\/\",\"url\":\"https:\/\/nid.pl\/wp-content\/litespeed\/avatar\/924046d17dd0c842c9fa9ccf489bc6dc.jpg?ver=1777444967\",\"contentUrl\":\"https:\/\/nid.pl\/wp-content\/litespeed\/avatar\/924046d17dd0c842c9fa9ccf489bc6dc.jpg?ver=1777444967\",\"caption\":\"Barbara Halliop\"},\"url\":\"https:\/\/nid.pl\/en\/author\/bhalliop\/\"}]}<\/script>\n<!-- \/ Yoast SEO plugin. -->","yoast_head_json":{"title":"Szkolenia dla gmin wojew\u00f3dztwa dolno\u015bl\u0105skiego i pomorskiego - NID","robots":{"index":"index","follow":"follow","max-snippet":"max-snippet:-1","max-image-preview":"max-image-preview:large","max-video-preview":"max-video-preview:-1"},"canonical":"https:\/\/nid.pl\/en\/2022\/10\/28\/szkolenia-dla-gmin-wojewodztwa-dolnoslaskiego-i-pomorskiego\/","og_locale":"en_GB","og_type":"article","og_title":"Szkolenia dla gmin wojew\u00f3dztwa dolno\u015bl\u0105skiego i pomorskiego - NID","og_description":"Zapraszamy na kolejne szkolenia Narodowego Instytutu Dziedzictwa z cyklu \u201eZarz\u0105dzanie dziedzictwem lokalnym i ujmowanie dziedzictwa w rewitalizacji\u201d, zorganizowane dla gmin wojew\u00f3dztwa dolno\u015bl\u0105skiego i pomorskiego. Skuteczne zarz\u0105dzanie dziedzictwem w gminie to [&hellip;]","og_url":"https:\/\/nid.pl\/en\/2022\/10\/28\/szkolenia-dla-gmin-wojewodztwa-dolnoslaskiego-i-pomorskiego\/","og_site_name":"NID","article_publisher":"https:\/\/www.facebook.com\/zabytek","article_published_time":"2022-10-28T12:07:52+00:00","article_modified_time":"2022-10-28T12:07:55+00:00","og_image":[{"width":784,"height":523,"url":"https:\/\/nid.pl\/wp-content\/uploads\/2022\/10\/Szkolenie_aktual.jpg","type":"image\/jpeg"}],"author":"Barbara Halliop","twitter_card":"summary_large_image","twitter_creator":"@NarIDpl","twitter_site":"@NarIDpl","twitter_misc":{"Written by":"Barbara Halliop","Estimated reading time":"1 minute"},"schema":{"@context":"https:\/\/schema.org","@graph":[{"@type":"Article","@id":"https:\/\/nid.pl\/2022\/10\/28\/szkolenia-dla-gmin-wojewodztwa-dolnoslaskiego-i-pomorskiego\/#article","isPartOf":{"@id":"https:\/\/nid.pl\/2022\/10\/28\/szkolenia-dla-gmin-wojewodztwa-dolnoslaskiego-i-pomorskiego\/"},"author":{"name":"Barbara Halliop","@id":"https:\/\/nid.pl\/#\/schema\/person\/1b690a8998a5111cfb9f0ffe24195a15"},"headline":"Szkolenia dla gmin wojew\u00f3dztwa dolno\u015bl\u0105skiego i pomorskiego","datePublished":"2022-10-28T12:07:52+00:00","dateModified":"2022-10-28T12:07:55+00:00","mainEntityOfPage":{"@id":"https:\/\/nid.pl\/2022\/10\/28\/szkolenia-dla-gmin-wojewodztwa-dolnoslaskiego-i-pomorskiego\/"},"wordCount":318,"commentCount":0,"publisher":{"@id":"https:\/\/nid.pl\/#organization"},"image":{"@id":"https:\/\/nid.pl\/2022\/10\/28\/szkolenia-dla-gmin-wojewodztwa-dolnoslaskiego-i-pomorskiego\/#primaryimage"},"thumbnailUrl":"https:\/\/nid.pl\/wp-content\/uploads\/2022\/10\/Szkolenie_aktual.jpg","articleSection":["Aktualno\u015bci"],"inLanguage":"en-GB"},{"@type":"WebPage","@id":"https:\/\/nid.pl\/2022\/10\/28\/szkolenia-dla-gmin-wojewodztwa-dolnoslaskiego-i-pomorskiego\/","url":"https:\/\/nid.pl\/2022\/10\/28\/szkolenia-dla-gmin-wojewodztwa-dolnoslaskiego-i-pomorskiego\/","name":"Szkolenia dla gmin wojew\u00f3dztwa dolno\u015bl\u0105skiego i pomorskiego - NID","isPartOf":{"@id":"https:\/\/nid.pl\/#website"},"primaryImageOfPage":{"@id":"https:\/\/nid.pl\/2022\/10\/28\/szkolenia-dla-gmin-wojewodztwa-dolnoslaskiego-i-pomorskiego\/#primaryimage"},"image":{"@id":"https:\/\/nid.pl\/2022\/10\/28\/szkolenia-dla-gmin-wojewodztwa-dolnoslaskiego-i-pomorskiego\/#primaryimage"},"thumbnailUrl":"https:\/\/nid.pl\/wp-content\/uploads\/2022\/10\/Szkolenie_aktual.jpg","datePublished":"2022-10-28T12:07:52+00:00","dateModified":"2022-10-28T12:07:55+00:00","breadcrumb":{"@id":"https:\/\/nid.pl\/2022\/10\/28\/szkolenia-dla-gmin-wojewodztwa-dolnoslaskiego-i-pomorskiego\/#breadcrumb"},"inLanguage":"en-GB","potentialAction":[{"@type":"ReadAction","target":["https:\/\/nid.pl\/2022\/10\/28\/szkolenia-dla-gmin-wojewodztwa-dolnoslaskiego-i-pomorskiego\/"]}]},{"@type":"ImageObject","inLanguage":"en-GB","@id":"https:\/\/nid.pl\/2022\/10\/28\/szkolenia-dla-gmin-wojewodztwa-dolnoslaskiego-i-pomorskiego\/#primaryimage","url":"https:\/\/nid.pl\/wp-content\/uploads\/2022\/10\/Szkolenie_aktual.jpg","contentUrl":"https:\/\/nid.pl\/wp-content\/uploads\/2022\/10\/Szkolenie_aktual.jpg","width":784,"height":523,"caption":"Szkolenie aktual"},{"@type":"BreadcrumbList","@id":"https:\/\/nid.pl\/2022\/10\/28\/szkolenia-dla-gmin-wojewodztwa-dolnoslaskiego-i-pomorskiego\/#breadcrumb","itemListElement":[{"@type":"ListItem","position":1,"name":"Home","item":"https:\/\/nid.pl\/"},{"@type":"ListItem","position":2,"name":"Szkolenia dla gmin wojew\u00f3dztwa dolno\u015bl\u0105skiego i pomorskiego"}]},{"@type":"WebSite","@id":"https:\/\/nid.pl\/#website","url":"https:\/\/nid.pl\/","name":"NID","description":"Narodowy Instytut Dziedzictwa","publisher":{"@id":"https:\/\/nid.pl\/#organization"},"potentialAction":[{"@type":"SearchAction","target":{"@type":"EntryPoint","urlTemplate":"https:\/\/nid.pl\/?s={search_term_string}"},"query-input":{"@type":"PropertyValueSpecification","valueRequired":true,"valueName":"search_term_string"}}],"inLanguage":"en-GB"},{"@type":"Organization","@id":"https:\/\/nid.pl\/#organization","name":"Narodowy Instytut Dziedzictwa","url":"https:\/\/nid.pl\/","logo":{"@type":"ImageObject","inLanguage":"en-GB","@id":"https:\/\/nid.pl\/#\/schema\/logo\/image\/","url":"https:\/\/nid.pl\/wp-content\/uploads\/2022\/10\/logoRedDark.png","contentUrl":"https:\/\/nid.pl\/wp-content\/uploads\/2022\/10\/logoRedDark.png","width":200,"height":197,"caption":"Narodowy Instytut Dziedzictwa"},"image":{"@id":"https:\/\/nid.pl\/#\/schema\/logo\/image\/"},"sameAs":["https:\/\/www.facebook.com\/zabytek","https:\/\/x.com\/NarIDpl","https:\/\/www.instagram.com\/nid.pl\/?hl=pl","https:\/\/www.linkedin.com\/company\/narodowy-instytut-dziedzictwa","https:\/\/www.youtube.com\/channel\/UCQXuhKa2uHtmNvLRUSx40JA"]},{"@type":"Person","@id":"https:\/\/nid.pl\/#\/schema\/person\/1b690a8998a5111cfb9f0ffe24195a15","name":"Barbara Halliop","image":{"@type":"ImageObject","inLanguage":"en-GB","@id":"https:\/\/nid.pl\/#\/schema\/person\/image\/","url":"https:\/\/nid.pl\/wp-content\/litespeed\/avatar\/924046d17dd0c842c9fa9ccf489bc6dc.jpg?ver=1777444967","contentUrl":"https:\/\/nid.pl\/wp-content\/litespeed\/avatar\/924046d17dd0c842c9fa9ccf489bc6dc.jpg?ver=1777444967","caption":"Barbara Halliop"},"url":"https:\/\/nid.pl\/en\/author\/bhalliop\/"}]}},"_links":{"self":[{"href":"https:\/\/nid.pl\/en\/wp-json\/wp\/v2\/posts\/8829","targetHints":{"allow":["GET"]}}],"collection":[{"href":"https:\/\/nid.pl\/en\/wp-json\/wp\/v2\/posts"}],"about":[{"href":"https:\/\/nid.pl\/en\/wp-json\/wp\/v2\/types\/post"}],"author":[{"embeddable":true,"href":"https:\/\/nid.pl\/en\/wp-json\/wp\/v2\/users\/7"}],"replies":[{"embeddable":true,"href":"https:\/\/nid.pl\/en\/wp-json\/wp\/v2\/comments?post=8829"}],"version-history":[{"count":0,"href":"https:\/\/nid.pl\/en\/wp-json\/wp\/v2\/posts\/8829\/revisions"}],"wp:featuredmedia":[{"embeddable":true,"href":"https:\/\/nid.pl\/en\/wp-json\/wp\/v2\/media\/8827"}],"wp:attachment":[{"href":"https:\/\/nid.pl\/en\/wp-json\/wp\/v2\/media?parent=8829"}],"wp:term":[{"taxonomy":"category","embeddable":true,"href":"https:\/\/nid.pl\/en\/wp-json\/wp\/v2\/categories?post=8829"},{"taxonomy":"post_tag","embeddable":true,"href":"https:\/\/nid.pl\/en\/wp-json\/wp\/v2\/tags?post=8829"}],"curies":[{"name":"wp","href":"https:\/\/api.w.org\/{rel}","templated":true}]}}