{"id":8771,"date":"2022-11-04T14:53:00","date_gmt":"2022-11-04T13:53:00","guid":{"rendered":"https:\/\/nid.pl\/?p=8771"},"modified":"2022-11-14T08:43:21","modified_gmt":"2022-11-14T07:43:21","slug":"ii-konferencja-hydrologiczna-dziedzictwo-kulturowe-wobec-zmian-klimatu-problemy-hydrologiczne-zabytkow-archeologicznych-i-terenow-zieleni","status":"publish","type":"post","link":"https:\/\/nid.pl\/en\/2022\/11\/04\/ii-konferencja-hydrologiczna-dziedzictwo-kulturowe-wobec-zmian-klimatu-problemy-hydrologiczne-zabytkow-archeologicznych-i-terenow-zieleni\/","title":{"rendered":"II Konferencja hydrologiczna. Dziedzictwo kulturowe wobec zmian klimatu"},"content":{"rendered":"<p><strong>Narodowy Instytut Dziedzictwa oraz Katedra Architektury Krajobrazu (Wydzia\u0142 Architektury, Politechnika Krakowska) zapraszaj\u0105 na drug\u0105 edycj\u0119 konferencji hydrologicznej, po\u015bwi\u0119conej kwestiom zagro\u017ce\u0144 zwi\u0105zanych ze zmianami klimatu i stosunk\u00f3w wodnych dla stanowisk archeologicznych oraz zieleni. Konferencja odb\u0119dzie si\u0119 w dniach 14 \u2013 15 listopada 2022 roku w Krakowie.<\/strong> <\/p>\n\n\n\n<p><\/p>\n\n\n\n<p>Warunkiem udzia\u0142u w konferencji jest wcze\u015bniejsza <a href=\"http:\/\/zabytki-klimat.pk.edu.pl\/\" target=\"_blank\" rel=\"noreferrer noopener\">rejestracja<\/a>.<\/p>\n\n\n\n<p><strong>Download<\/strong><br><a href=\"https:\/\/nid.pl\/wp-content\/uploads\/2022\/11\/Program-Konferencji-hydrogicznej-4.11.22.pdf\" target=\"_blank\" rel=\"noreferrer noopener\">Szczeg\u00f3\u0142owy program konferencji<\/a><\/p>\n\n\n\n<p><\/p>\n\n\n\n<p>Obserwowane w ostatnich latach negatywne zjawiska wynikaj\u0105ce ze zmian klimatu, troska o \u015brodowisko, potrzeba dba\u0142o\u015bci o prawdziwie zr\u00f3wnowa\u017cony rozw\u00f3j wobec intensyfikacji i skali prowadzonych inwestycji zmuszaj\u0105 wszystkich obywateli do aktywno\u015bci i czynnego dzia\u0142ania. Na \u015brodowisku naukowym spoczywa wsp\u00f3\u0142odpowiedzialno\u015b\u0107 za poszukiwanie rozwi\u0105za\u0144 pozwalaj\u0105cych minimalizowa\u0107 negatywne skutki zmian klimatu na dziedzictwo kulturowe oraz wskazywanie, jak w najmniej obci\u0105\u017caj\u0105cy spos\u00f3b prowadzi\u0107 inwestycje i remonty w terenach zurbanizowanych i otwartych<\/p>\n\n\n\n<p>W aspekcie zmian klimatu sporo m\u00f3wi si\u0119 o potrzebie uwzgl\u0119dnienia skutk\u00f3w tego procesu w szeroko rozumianej ochronie dziedzictwa oraz jego adaptacji do nowych uwarunkowa\u0144 zmieniaj\u0105cego si\u0119 \u015brodowiska. Tematem poprzedniej konferencji by\u0142y zjawiska hydrologiczne na obszarze historycznego miasta, w tej chcemy skoncentrowa\u0107 si\u0119 na kwestiach negatywnego wp\u0142ywu zmian hydrologicznych na zabytki archeologiczne oraz ziele\u0144.<\/p>\n\n\n\n<p>Celem debaty jest przedstawienie istniej\u0105cych zagro\u017ce\u0144. Wbrew pozorom tej kwestii po\u015bwi\u0119ca si\u0119 ma\u0142o uwagi, przesuwaj\u0105c ci\u0119\u017car dyskusji na ju\u017c stosowane w r\u00f3\u017cnych regionach rozwi\u0105zania. Jednak zachodz\u0105ce zjawiska w r\u00f3\u017cnych regionach Europy maj\u0105 r\u00f3\u017cny charakter, w Polsce jest to przede wszystkim susza hydrologiczna i og\u00f3lny niedob\u00f3r wody. Dlatego temat zmian hydrologicznych nast\u0119puj\u0105cych czy to na skutek zjawisk klimatycznych, czy prowadzonych inwestycji wymaga w pierwszej kolejno\u015bci rzetelnej i krytycznej diagnozy.<\/p>\n\n\n\n<p>Obok zmian globalnych, mamy tak\u017ce do czynienia za zmianami lokalnymi, kt\u00f3rych skala, nasilenie oraz skutki s\u0105 wynikiem dzia\u0142ania cz\u0142owieka na okre\u015blonym obszarze. Zmiany poziomu lustra w\u00f3d gruntowych, zanikanie ciek\u00f3w wodnych, zmniejszenie ilo\u015bci opad\u00f3w, ale tak\u017ce wyst\u0119powanie ekstremalnych zdarze\u0144 pogodowych takich jak deszcze nawalne, gwa\u0142towne burze, to przyk\u0142ady zjawisk, kt\u00f3re s\u0105 wynikiem zmian klimatu, ale efekt ich oddzia\u0142ywania mo\u017ce by\u0107 zar\u00f3wno wzmacniany, jak i os\u0142abiany przez inne, mniej lub bardziej \u015bwiadome dzia\u0142ania. Miejskie wyspy ciep\u0142a, brak mikroretencji, uszczelnianie nawierzchni, przeci\u0105\u017cenie inwestycyjnie niekt\u00f3rych obszar\u00f3w wzmacniaj\u0105 negatywne skutki.<\/p>\n\n\n\n<p>Konferencja ma charakter interdyscyplinarny i zosta\u0142a podzielona na dwie cz\u0119\u015bci. W pierwszym dniu zajmiemy si\u0119 zagadnieniami ochrony zabytk\u00f3w archeologicznych, w tym przede wszystkim zasobami, kt\u00f3re znajduj\u0105 si\u0119 w \u015brodowisku wodnym. Trwaj\u0105ce przez setki, a nawet tysi\u0105ce lat stabilne warunki wilgotno\u015bciowe pozwoli\u0142y na przetrwanie licznych artefakt\u00f3w i struktur drewnianych, kt\u00f3re obecnie, wobec zmiany poziomu w\u00f3d gruntowych s\u0105 krytycznie zagro\u017cone. Wiele z nich, w szczeg\u00f3lno\u015bci stanowiska archeologiczne zlokalizowane w strefach przybrze\u017cnych w\u00f3d \u015br\u00f3dl\u0105dowych, czy nawarstwienia miast historycznych jest nara\u017conych na nieodwracalne zniszczenia na skutek obni\u017cenia lub waha\u0144 poziomu wody spowodowanych zar\u00f3wno zmianami klimatycznymi, jak i dzia\u0142alno\u015bci\u0105 inwestycyjn\u0105.<\/p>\n\n\n\n<p>Drugi dzie\u0144 konferencji po\u015bwi\u0119cimy na kwestie zwi\u0105zane z zieleni\u0105. Ro\u015blinno\u015b\u0107, tereny zieleni i otwarte przestrzenie zielone w miastach wspomagaj\u0105 walk\u0119 ze skutkami zmian klimatu. Zapewniaj\u0105 naturalne ch\u0142odzenie powietrza i powierzchni, wspieraj\u0105 gospodark\u0119 wodn\u0105 w miastach, poch\u0142aniaj\u0105 dwutlenek w\u0119gla, wspomagaj\u0105 r\u00f3wnowa\u017cenie emisji gaz\u00f3w cieplarnianych. Ro\u015blinno\u015b\u0107 w ka\u017cdej skali wyst\u0119powania \u2013 od drzewa, poprzez podw\u00f3rko, skwer, ma\u0142y i du\u017cy park, teren otwarty, ziele\u0144 forteczn\u0105 czy alej\u0119 i zielony trakt \u2013 wspomaga odporno\u015b\u0107 \u015brodowiska i przyczynia si\u0119 do zmniejszenia \u015bladu wodnego. W tym przypadku w szczeg\u00f3lno\u015bci ma wp\u0142yw na zu\u017cycie wody \u2013 parowanie wody deszczowej, wody powierzchniowej lub gruntowej czy zanieczyszczenie wody, a tak\u017ce miejsce i czas zu\u017cycia wody \u2013 np. ogrody deszczowe, niecki retencyjne, zbiorniki.<\/p>\n\n\n\n<p>Szczeg\u00f3lnym wyzwaniem jest zapewnienie dobrostanu ro\u015blinom na obszarach wielkoskalowych za\u0142o\u017ce\u0144 parkowych, gdzie obserwowa\u0107 mo\u017cna zamieranie starych drzew, zanikania niekt\u00f3rych gatunk\u00f3w i pojawiania si\u0119 innych, bardziej odpornych na niedobory wody. Ziele\u0144, powierzchnia biologicznie czynna i woda pe\u0142ni\u0105 obecnie kluczow\u0105 rol\u0119 w mitygacji skutk\u00f3w zmian klimatu, a na obszarach miejskich s\u0105 jedynym skutecznym antidotum na szczeg\u00f3lnie uci\u0105\u017cliwe zjawisko wysp ciep\u0142a. I cho\u0107 w Europie stosuje si\u0119 r\u00f3\u017cne rozwi\u0105zania, jak cho\u0107by mini ogrody deszczowe, to wobec braku opad\u00f3w w Polsce takie mikroskalowe dzia\u0142ania s\u0105 w naszych realiach raczej ciekawostk\u0105, a nie propozycj\u0105 rozwi\u0105za\u0144 o charakterze systemowym. Cho\u0107 wiele m\u00f3wi si\u0119 o potrzebie ochrony zieleni w miastach, od kilkudziesi\u0119ciu lat obserwujemy jej sta\u0142y ubytek \u2013 jest to zjawisko skrajnie niekorzystne, kt\u00f3re zagra\u017ca nie tylko substancji budowlanej, ale przede wszystkim mieszka\u0144com teren\u00f3w zurbanizowanych.<\/p>\n\n\n\n<p>Przyj\u0119ty w za\u0142o\u017ceniach konferencji cel dotyczy w\u0142\u0105czenia kwestii adaptacji do zmian klimatu w ochron\u0119 dziedzictwa kulturowego i zarz\u0105dzanie tak postrzeganym dziedzictwem, do czego niezb\u0119dne jest rozpoznanie stanu i identyfikacja priorytet\u00f3w dla przyj\u0119cia metodologii post\u0119powania i planowania strategicznego.<\/p>\n\n\n\n<p>W trakcie konferencji przedstawione zostan\u0105 tak\u017ce \u201eRekomendacje\u201d dotycz\u0105ce zasad post\u0119powania podczas inwestycji na terenie miasta historycznego w celu ograniczenia negatywnych zjawisk hydrologicznych. Materia\u0142 ten jest pok\u0142osiem poprzedniej konferencji, zosta\u0142 opracowany przez zesp\u00f3\u0142 autor\u00f3w &#8211; uczestnik\u00f3w debaty, na zam\u00f3wienie Departamentu Ochrony Zabytk\u00f3w Ministerstwa Kultury i Dziedzictwa Narodowego.<\/p>\n\n\n\n<p><\/p>\n\n\n\n<p>Wydarzenie odb\u0119dzie si\u0119 pod honorowym patronatem Sekretarza Stanu w Ministerstwie Kultury i Dziedzictwa Narodowego, Generalnego Konserwatora Zabytk\u00f3w dra Jaros\u0142awa Sellina. Patronat\u00f3w udzielili tak\u017ce JM Rektor Politechniki Krakowskiej Andrzej Bia\u0142kiewicz, Prezydent Miasta Krakowa, Jacek Majchrowski oraz Ma\u0142opolski Wojew\u00f3dzki Konserwator Zabytk\u00f3w, Piotr Turkiewicz, jak r\u00f3wnie\u017c Narodowy Fundusz Ochrony \u015arodowiska i Gospodarki Wodnej, Polski Komitet Narodowy ICOMOS, Spo\u0142eczny Komitet Odnowy Zabytk\u00f3w, Stowarzyszenie Architektury Krajobrazu, Stowarzyszenie Konserwator\u00f3w Zabytk\u00f3w, Stowarzyszenie Polskich Architekt\u00f3w Krajobrazu.<\/p>\n\n\n\n<p><\/p>\n\n\n\n<p><\/p>\n\n\n\n<p>Konferencja zosta\u0142a przygotowana w ramach \u201eKrajowego programu ochrony zabytk\u00f3w i opieki nad zabytkami na lata 2019-2022\u201d, dofinansowano ze \u015brodk\u00f3w Ministerstwa Kultury i Dziedzictwa Narodowego.<\/p>","protected":false},"excerpt":{"rendered":"<p>Narodowy Instytut Dziedzictwa oraz Katedra Architektury Krajobrazu (Wydzia\u0142 Architektury, Politechnika Krakowska) zapraszaj\u0105 na drug\u0105 edycj\u0119 konferencji hydrologicznej, po\u015bwi\u0119conej kwestiom zagro\u017ce\u0144 zwi\u0105zanych ze zmianami klimatu i stosunk\u00f3w wodnych dla stanowisk archeologicznych [&hellip;]<\/p>","protected":false},"author":7,"featured_media":8776,"comment_status":"open","ping_status":"open","sticky":false,"template":"","format":"standard","meta":{"_et_pb_use_builder":"off","_et_pb_old_content":"","_et_gb_content_width":"","_monsterinsights_skip_tracking":false,"_monsterinsights_sitenote_active":false,"_monsterinsights_sitenote_note":"","_monsterinsights_sitenote_category":0,"footnotes":""},"categories":[3],"tags":[],"class_list":["post-8771","post","type-post","status-publish","format-standard","has-post-thumbnail","hentry","category-aktualnosci"],"yoast_head":"<!-- This site is optimized with the Yoast SEO plugin v26.5 - https:\/\/yoast.com\/wordpress\/plugins\/seo\/ -->\n<title>II Konferencja hydrologiczna. Dziedzictwo kulturowe wobec zmian klimatu - NID<\/title>\n<meta name=\"robots\" content=\"index, follow, max-snippet:-1, max-image-preview:large, max-video-preview:-1\" \/>\n<link rel=\"canonical\" href=\"https:\/\/nid.pl\/en\/2022\/11\/04\/ii-konferencja-hydrologiczna-dziedzictwo-kulturowe-wobec-zmian-klimatu-problemy-hydrologiczne-zabytkow-archeologicznych-i-terenow-zieleni\/\" \/>\n<meta property=\"og:locale\" content=\"en_GB\" \/>\n<meta property=\"og:type\" content=\"article\" \/>\n<meta property=\"og:title\" content=\"II Konferencja hydrologiczna. Dziedzictwo kulturowe wobec zmian klimatu - NID\" \/>\n<meta property=\"og:description\" content=\"Narodowy Instytut Dziedzictwa oraz Katedra Architektury Krajobrazu (Wydzia\u0142 Architektury, Politechnika Krakowska) zapraszaj\u0105 na drug\u0105 edycj\u0119 konferencji hydrologicznej, po\u015bwi\u0119conej kwestiom zagro\u017ce\u0144 zwi\u0105zanych ze zmianami klimatu i stosunk\u00f3w wodnych dla stanowisk archeologicznych [&hellip;]\" \/>\n<meta property=\"og:url\" content=\"https:\/\/nid.pl\/en\/2022\/11\/04\/ii-konferencja-hydrologiczna-dziedzictwo-kulturowe-wobec-zmian-klimatu-problemy-hydrologiczne-zabytkow-archeologicznych-i-terenow-zieleni\/\" \/>\n<meta property=\"og:site_name\" content=\"NID\" \/>\n<meta property=\"article:publisher\" content=\"https:\/\/www.facebook.com\/zabytek\" \/>\n<meta property=\"article:published_time\" content=\"2022-11-04T13:53:00+00:00\" \/>\n<meta property=\"article:modified_time\" content=\"2022-11-14T07:43:21+00:00\" \/>\n<meta property=\"og:image\" content=\"https:\/\/nid.pl\/wp-content\/uploads\/2022\/10\/II-konferencja-hydrologiczna_aktual.jpg\" \/>\n\t<meta property=\"og:image:width\" content=\"1920\" \/>\n\t<meta property=\"og:image:height\" content=\"1282\" \/>\n\t<meta property=\"og:image:type\" content=\"image\/jpeg\" \/>\n<meta name=\"author\" content=\"Barbara Halliop\" \/>\n<meta name=\"twitter:card\" content=\"summary_large_image\" \/>\n<meta name=\"twitter:creator\" content=\"@NarIDpl\" \/>\n<meta name=\"twitter:site\" content=\"@NarIDpl\" \/>\n<meta name=\"twitter:label1\" content=\"Written by\" \/>\n\t<meta name=\"twitter:data1\" content=\"Barbara Halliop\" \/>\n\t<meta name=\"twitter:label2\" content=\"Estimated reading time\" \/>\n\t<meta name=\"twitter:data2\" content=\"4 minutes\" \/>\n<script type=\"application\/ld+json\" class=\"yoast-schema-graph\">{\"@context\":\"https:\/\/schema.org\",\"@graph\":[{\"@type\":\"Article\",\"@id\":\"https:\/\/nid.pl\/2022\/11\/04\/ii-konferencja-hydrologiczna-dziedzictwo-kulturowe-wobec-zmian-klimatu-problemy-hydrologiczne-zabytkow-archeologicznych-i-terenow-zieleni\/#article\",\"isPartOf\":{\"@id\":\"https:\/\/nid.pl\/2022\/11\/04\/ii-konferencja-hydrologiczna-dziedzictwo-kulturowe-wobec-zmian-klimatu-problemy-hydrologiczne-zabytkow-archeologicznych-i-terenow-zieleni\/\"},\"author\":{\"name\":\"Barbara Halliop\",\"@id\":\"https:\/\/nid.pl\/#\/schema\/person\/1b690a8998a5111cfb9f0ffe24195a15\"},\"headline\":\"II Konferencja hydrologiczna. Dziedzictwo kulturowe wobec zmian klimatu\",\"datePublished\":\"2022-11-04T13:53:00+00:00\",\"dateModified\":\"2022-11-14T07:43:21+00:00\",\"mainEntityOfPage\":{\"@id\":\"https:\/\/nid.pl\/2022\/11\/04\/ii-konferencja-hydrologiczna-dziedzictwo-kulturowe-wobec-zmian-klimatu-problemy-hydrologiczne-zabytkow-archeologicznych-i-terenow-zieleni\/\"},\"wordCount\":1013,\"commentCount\":0,\"publisher\":{\"@id\":\"https:\/\/nid.pl\/#organization\"},\"image\":{\"@id\":\"https:\/\/nid.pl\/2022\/11\/04\/ii-konferencja-hydrologiczna-dziedzictwo-kulturowe-wobec-zmian-klimatu-problemy-hydrologiczne-zabytkow-archeologicznych-i-terenow-zieleni\/#primaryimage\"},\"thumbnailUrl\":\"https:\/\/nid.pl\/wp-content\/uploads\/2022\/10\/II-konferencja-hydrologiczna_aktual.jpg\",\"articleSection\":[\"Aktualno\u015bci\"],\"inLanguage\":\"en-GB\"},{\"@type\":\"WebPage\",\"@id\":\"https:\/\/nid.pl\/2022\/11\/04\/ii-konferencja-hydrologiczna-dziedzictwo-kulturowe-wobec-zmian-klimatu-problemy-hydrologiczne-zabytkow-archeologicznych-i-terenow-zieleni\/\",\"url\":\"https:\/\/nid.pl\/2022\/11\/04\/ii-konferencja-hydrologiczna-dziedzictwo-kulturowe-wobec-zmian-klimatu-problemy-hydrologiczne-zabytkow-archeologicznych-i-terenow-zieleni\/\",\"name\":\"II Konferencja hydrologiczna. Dziedzictwo kulturowe wobec zmian klimatu - NID\",\"isPartOf\":{\"@id\":\"https:\/\/nid.pl\/#website\"},\"primaryImageOfPage\":{\"@id\":\"https:\/\/nid.pl\/2022\/11\/04\/ii-konferencja-hydrologiczna-dziedzictwo-kulturowe-wobec-zmian-klimatu-problemy-hydrologiczne-zabytkow-archeologicznych-i-terenow-zieleni\/#primaryimage\"},\"image\":{\"@id\":\"https:\/\/nid.pl\/2022\/11\/04\/ii-konferencja-hydrologiczna-dziedzictwo-kulturowe-wobec-zmian-klimatu-problemy-hydrologiczne-zabytkow-archeologicznych-i-terenow-zieleni\/#primaryimage\"},\"thumbnailUrl\":\"https:\/\/nid.pl\/wp-content\/uploads\/2022\/10\/II-konferencja-hydrologiczna_aktual.jpg\",\"datePublished\":\"2022-11-04T13:53:00+00:00\",\"dateModified\":\"2022-11-14T07:43:21+00:00\",\"breadcrumb\":{\"@id\":\"https:\/\/nid.pl\/2022\/11\/04\/ii-konferencja-hydrologiczna-dziedzictwo-kulturowe-wobec-zmian-klimatu-problemy-hydrologiczne-zabytkow-archeologicznych-i-terenow-zieleni\/#breadcrumb\"},\"inLanguage\":\"en-GB\",\"potentialAction\":[{\"@type\":\"ReadAction\",\"target\":[\"https:\/\/nid.pl\/2022\/11\/04\/ii-konferencja-hydrologiczna-dziedzictwo-kulturowe-wobec-zmian-klimatu-problemy-hydrologiczne-zabytkow-archeologicznych-i-terenow-zieleni\/\"]}]},{\"@type\":\"ImageObject\",\"inLanguage\":\"en-GB\",\"@id\":\"https:\/\/nid.pl\/2022\/11\/04\/ii-konferencja-hydrologiczna-dziedzictwo-kulturowe-wobec-zmian-klimatu-problemy-hydrologiczne-zabytkow-archeologicznych-i-terenow-zieleni\/#primaryimage\",\"url\":\"https:\/\/nid.pl\/wp-content\/uploads\/2022\/10\/II-konferencja-hydrologiczna_aktual.jpg\",\"contentUrl\":\"https:\/\/nid.pl\/wp-content\/uploads\/2022\/10\/II-konferencja-hydrologiczna_aktual.jpg\",\"width\":1920,\"height\":1282,\"caption\":\"II konferencja hydrologiczna aktual\"},{\"@type\":\"BreadcrumbList\",\"@id\":\"https:\/\/nid.pl\/2022\/11\/04\/ii-konferencja-hydrologiczna-dziedzictwo-kulturowe-wobec-zmian-klimatu-problemy-hydrologiczne-zabytkow-archeologicznych-i-terenow-zieleni\/#breadcrumb\",\"itemListElement\":[{\"@type\":\"ListItem\",\"position\":1,\"name\":\"Home\",\"item\":\"https:\/\/nid.pl\/\"},{\"@type\":\"ListItem\",\"position\":2,\"name\":\"II Konferencja hydrologiczna. Dziedzictwo kulturowe wobec zmian klimatu\"}]},{\"@type\":\"WebSite\",\"@id\":\"https:\/\/nid.pl\/#website\",\"url\":\"https:\/\/nid.pl\/\",\"name\":\"NID\",\"description\":\"Narodowy Instytut Dziedzictwa\",\"publisher\":{\"@id\":\"https:\/\/nid.pl\/#organization\"},\"potentialAction\":[{\"@type\":\"SearchAction\",\"target\":{\"@type\":\"EntryPoint\",\"urlTemplate\":\"https:\/\/nid.pl\/?s={search_term_string}\"},\"query-input\":{\"@type\":\"PropertyValueSpecification\",\"valueRequired\":true,\"valueName\":\"search_term_string\"}}],\"inLanguage\":\"en-GB\"},{\"@type\":\"Organization\",\"@id\":\"https:\/\/nid.pl\/#organization\",\"name\":\"Narodowy Instytut Dziedzictwa\",\"url\":\"https:\/\/nid.pl\/\",\"logo\":{\"@type\":\"ImageObject\",\"inLanguage\":\"en-GB\",\"@id\":\"https:\/\/nid.pl\/#\/schema\/logo\/image\/\",\"url\":\"https:\/\/nid.pl\/wp-content\/uploads\/2022\/10\/logoRedDark.png\",\"contentUrl\":\"https:\/\/nid.pl\/wp-content\/uploads\/2022\/10\/logoRedDark.png\",\"width\":200,\"height\":197,\"caption\":\"Narodowy Instytut Dziedzictwa\"},\"image\":{\"@id\":\"https:\/\/nid.pl\/#\/schema\/logo\/image\/\"},\"sameAs\":[\"https:\/\/www.facebook.com\/zabytek\",\"https:\/\/x.com\/NarIDpl\",\"https:\/\/www.instagram.com\/nid.pl\/?hl=pl\",\"https:\/\/www.linkedin.com\/company\/narodowy-instytut-dziedzictwa\",\"https:\/\/www.youtube.com\/channel\/UCQXuhKa2uHtmNvLRUSx40JA\"]},{\"@type\":\"Person\",\"@id\":\"https:\/\/nid.pl\/#\/schema\/person\/1b690a8998a5111cfb9f0ffe24195a15\",\"name\":\"Barbara Halliop\",\"image\":{\"@type\":\"ImageObject\",\"inLanguage\":\"en-GB\",\"@id\":\"https:\/\/nid.pl\/#\/schema\/person\/image\/\",\"url\":\"https:\/\/nid.pl\/wp-content\/litespeed\/avatar\/924046d17dd0c842c9fa9ccf489bc6dc.jpg?ver=1777444967\",\"contentUrl\":\"https:\/\/nid.pl\/wp-content\/litespeed\/avatar\/924046d17dd0c842c9fa9ccf489bc6dc.jpg?ver=1777444967\",\"caption\":\"Barbara Halliop\"},\"url\":\"https:\/\/nid.pl\/en\/author\/bhalliop\/\"}]}<\/script>\n<!-- \/ Yoast SEO plugin. -->","yoast_head_json":{"title":"II Konferencja hydrologiczna. Dziedzictwo kulturowe wobec zmian klimatu - NID","robots":{"index":"index","follow":"follow","max-snippet":"max-snippet:-1","max-image-preview":"max-image-preview:large","max-video-preview":"max-video-preview:-1"},"canonical":"https:\/\/nid.pl\/en\/2022\/11\/04\/ii-konferencja-hydrologiczna-dziedzictwo-kulturowe-wobec-zmian-klimatu-problemy-hydrologiczne-zabytkow-archeologicznych-i-terenow-zieleni\/","og_locale":"en_GB","og_type":"article","og_title":"II Konferencja hydrologiczna. Dziedzictwo kulturowe wobec zmian klimatu - NID","og_description":"Narodowy Instytut Dziedzictwa oraz Katedra Architektury Krajobrazu (Wydzia\u0142 Architektury, Politechnika Krakowska) zapraszaj\u0105 na drug\u0105 edycj\u0119 konferencji hydrologicznej, po\u015bwi\u0119conej kwestiom zagro\u017ce\u0144 zwi\u0105zanych ze zmianami klimatu i stosunk\u00f3w wodnych dla stanowisk archeologicznych [&hellip;]","og_url":"https:\/\/nid.pl\/en\/2022\/11\/04\/ii-konferencja-hydrologiczna-dziedzictwo-kulturowe-wobec-zmian-klimatu-problemy-hydrologiczne-zabytkow-archeologicznych-i-terenow-zieleni\/","og_site_name":"NID","article_publisher":"https:\/\/www.facebook.com\/zabytek","article_published_time":"2022-11-04T13:53:00+00:00","article_modified_time":"2022-11-14T07:43:21+00:00","og_image":[{"width":1920,"height":1282,"url":"https:\/\/nid.pl\/wp-content\/uploads\/2022\/10\/II-konferencja-hydrologiczna_aktual.jpg","type":"image\/jpeg"}],"author":"Barbara Halliop","twitter_card":"summary_large_image","twitter_creator":"@NarIDpl","twitter_site":"@NarIDpl","twitter_misc":{"Written by":"Barbara Halliop","Estimated reading time":"4 minutes"},"schema":{"@context":"https:\/\/schema.org","@graph":[{"@type":"Article","@id":"https:\/\/nid.pl\/2022\/11\/04\/ii-konferencja-hydrologiczna-dziedzictwo-kulturowe-wobec-zmian-klimatu-problemy-hydrologiczne-zabytkow-archeologicznych-i-terenow-zieleni\/#article","isPartOf":{"@id":"https:\/\/nid.pl\/2022\/11\/04\/ii-konferencja-hydrologiczna-dziedzictwo-kulturowe-wobec-zmian-klimatu-problemy-hydrologiczne-zabytkow-archeologicznych-i-terenow-zieleni\/"},"author":{"name":"Barbara Halliop","@id":"https:\/\/nid.pl\/#\/schema\/person\/1b690a8998a5111cfb9f0ffe24195a15"},"headline":"II Konferencja hydrologiczna. Dziedzictwo kulturowe wobec zmian klimatu","datePublished":"2022-11-04T13:53:00+00:00","dateModified":"2022-11-14T07:43:21+00:00","mainEntityOfPage":{"@id":"https:\/\/nid.pl\/2022\/11\/04\/ii-konferencja-hydrologiczna-dziedzictwo-kulturowe-wobec-zmian-klimatu-problemy-hydrologiczne-zabytkow-archeologicznych-i-terenow-zieleni\/"},"wordCount":1013,"commentCount":0,"publisher":{"@id":"https:\/\/nid.pl\/#organization"},"image":{"@id":"https:\/\/nid.pl\/2022\/11\/04\/ii-konferencja-hydrologiczna-dziedzictwo-kulturowe-wobec-zmian-klimatu-problemy-hydrologiczne-zabytkow-archeologicznych-i-terenow-zieleni\/#primaryimage"},"thumbnailUrl":"https:\/\/nid.pl\/wp-content\/uploads\/2022\/10\/II-konferencja-hydrologiczna_aktual.jpg","articleSection":["Aktualno\u015bci"],"inLanguage":"en-GB"},{"@type":"WebPage","@id":"https:\/\/nid.pl\/2022\/11\/04\/ii-konferencja-hydrologiczna-dziedzictwo-kulturowe-wobec-zmian-klimatu-problemy-hydrologiczne-zabytkow-archeologicznych-i-terenow-zieleni\/","url":"https:\/\/nid.pl\/2022\/11\/04\/ii-konferencja-hydrologiczna-dziedzictwo-kulturowe-wobec-zmian-klimatu-problemy-hydrologiczne-zabytkow-archeologicznych-i-terenow-zieleni\/","name":"II Konferencja hydrologiczna. Dziedzictwo kulturowe wobec zmian klimatu - NID","isPartOf":{"@id":"https:\/\/nid.pl\/#website"},"primaryImageOfPage":{"@id":"https:\/\/nid.pl\/2022\/11\/04\/ii-konferencja-hydrologiczna-dziedzictwo-kulturowe-wobec-zmian-klimatu-problemy-hydrologiczne-zabytkow-archeologicznych-i-terenow-zieleni\/#primaryimage"},"image":{"@id":"https:\/\/nid.pl\/2022\/11\/04\/ii-konferencja-hydrologiczna-dziedzictwo-kulturowe-wobec-zmian-klimatu-problemy-hydrologiczne-zabytkow-archeologicznych-i-terenow-zieleni\/#primaryimage"},"thumbnailUrl":"https:\/\/nid.pl\/wp-content\/uploads\/2022\/10\/II-konferencja-hydrologiczna_aktual.jpg","datePublished":"2022-11-04T13:53:00+00:00","dateModified":"2022-11-14T07:43:21+00:00","breadcrumb":{"@id":"https:\/\/nid.pl\/2022\/11\/04\/ii-konferencja-hydrologiczna-dziedzictwo-kulturowe-wobec-zmian-klimatu-problemy-hydrologiczne-zabytkow-archeologicznych-i-terenow-zieleni\/#breadcrumb"},"inLanguage":"en-GB","potentialAction":[{"@type":"ReadAction","target":["https:\/\/nid.pl\/2022\/11\/04\/ii-konferencja-hydrologiczna-dziedzictwo-kulturowe-wobec-zmian-klimatu-problemy-hydrologiczne-zabytkow-archeologicznych-i-terenow-zieleni\/"]}]},{"@type":"ImageObject","inLanguage":"en-GB","@id":"https:\/\/nid.pl\/2022\/11\/04\/ii-konferencja-hydrologiczna-dziedzictwo-kulturowe-wobec-zmian-klimatu-problemy-hydrologiczne-zabytkow-archeologicznych-i-terenow-zieleni\/#primaryimage","url":"https:\/\/nid.pl\/wp-content\/uploads\/2022\/10\/II-konferencja-hydrologiczna_aktual.jpg","contentUrl":"https:\/\/nid.pl\/wp-content\/uploads\/2022\/10\/II-konferencja-hydrologiczna_aktual.jpg","width":1920,"height":1282,"caption":"II konferencja hydrologiczna aktual"},{"@type":"BreadcrumbList","@id":"https:\/\/nid.pl\/2022\/11\/04\/ii-konferencja-hydrologiczna-dziedzictwo-kulturowe-wobec-zmian-klimatu-problemy-hydrologiczne-zabytkow-archeologicznych-i-terenow-zieleni\/#breadcrumb","itemListElement":[{"@type":"ListItem","position":1,"name":"Home","item":"https:\/\/nid.pl\/"},{"@type":"ListItem","position":2,"name":"II Konferencja hydrologiczna. Dziedzictwo kulturowe wobec zmian klimatu"}]},{"@type":"WebSite","@id":"https:\/\/nid.pl\/#website","url":"https:\/\/nid.pl\/","name":"NID","description":"Narodowy Instytut Dziedzictwa","publisher":{"@id":"https:\/\/nid.pl\/#organization"},"potentialAction":[{"@type":"SearchAction","target":{"@type":"EntryPoint","urlTemplate":"https:\/\/nid.pl\/?s={search_term_string}"},"query-input":{"@type":"PropertyValueSpecification","valueRequired":true,"valueName":"search_term_string"}}],"inLanguage":"en-GB"},{"@type":"Organization","@id":"https:\/\/nid.pl\/#organization","name":"Narodowy Instytut Dziedzictwa","url":"https:\/\/nid.pl\/","logo":{"@type":"ImageObject","inLanguage":"en-GB","@id":"https:\/\/nid.pl\/#\/schema\/logo\/image\/","url":"https:\/\/nid.pl\/wp-content\/uploads\/2022\/10\/logoRedDark.png","contentUrl":"https:\/\/nid.pl\/wp-content\/uploads\/2022\/10\/logoRedDark.png","width":200,"height":197,"caption":"Narodowy Instytut Dziedzictwa"},"image":{"@id":"https:\/\/nid.pl\/#\/schema\/logo\/image\/"},"sameAs":["https:\/\/www.facebook.com\/zabytek","https:\/\/x.com\/NarIDpl","https:\/\/www.instagram.com\/nid.pl\/?hl=pl","https:\/\/www.linkedin.com\/company\/narodowy-instytut-dziedzictwa","https:\/\/www.youtube.com\/channel\/UCQXuhKa2uHtmNvLRUSx40JA"]},{"@type":"Person","@id":"https:\/\/nid.pl\/#\/schema\/person\/1b690a8998a5111cfb9f0ffe24195a15","name":"Barbara Halliop","image":{"@type":"ImageObject","inLanguage":"en-GB","@id":"https:\/\/nid.pl\/#\/schema\/person\/image\/","url":"https:\/\/nid.pl\/wp-content\/litespeed\/avatar\/924046d17dd0c842c9fa9ccf489bc6dc.jpg?ver=1777444967","contentUrl":"https:\/\/nid.pl\/wp-content\/litespeed\/avatar\/924046d17dd0c842c9fa9ccf489bc6dc.jpg?ver=1777444967","caption":"Barbara Halliop"},"url":"https:\/\/nid.pl\/en\/author\/bhalliop\/"}]}},"_links":{"self":[{"href":"https:\/\/nid.pl\/en\/wp-json\/wp\/v2\/posts\/8771","targetHints":{"allow":["GET"]}}],"collection":[{"href":"https:\/\/nid.pl\/en\/wp-json\/wp\/v2\/posts"}],"about":[{"href":"https:\/\/nid.pl\/en\/wp-json\/wp\/v2\/types\/post"}],"author":[{"embeddable":true,"href":"https:\/\/nid.pl\/en\/wp-json\/wp\/v2\/users\/7"}],"replies":[{"embeddable":true,"href":"https:\/\/nid.pl\/en\/wp-json\/wp\/v2\/comments?post=8771"}],"version-history":[{"count":0,"href":"https:\/\/nid.pl\/en\/wp-json\/wp\/v2\/posts\/8771\/revisions"}],"wp:featuredmedia":[{"embeddable":true,"href":"https:\/\/nid.pl\/en\/wp-json\/wp\/v2\/media\/8776"}],"wp:attachment":[{"href":"https:\/\/nid.pl\/en\/wp-json\/wp\/v2\/media?parent=8771"}],"wp:term":[{"taxonomy":"category","embeddable":true,"href":"https:\/\/nid.pl\/en\/wp-json\/wp\/v2\/categories?post=8771"},{"taxonomy":"post_tag","embeddable":true,"href":"https:\/\/nid.pl\/en\/wp-json\/wp\/v2\/tags?post=8771"}],"curies":[{"name":"wp","href":"https:\/\/api.w.org\/{rel}","templated":true}]}}