{"id":8752,"date":"2022-10-17T13:19:47","date_gmt":"2022-10-17T11:19:47","guid":{"rendered":"https:\/\/nid.pl\/?p=8752"},"modified":"2022-10-17T13:19:50","modified_gmt":"2022-10-17T11:19:50","slug":"wyklady-i-warsztaty-poznaj-historie-kieleckich-spoldzielni-zabawkarskich","status":"publish","type":"post","link":"https:\/\/nid.pl\/en\/2022\/10\/17\/wyklady-i-warsztaty-poznaj-historie-kieleckich-spoldzielni-zabawkarskich\/","title":{"rendered":"Wyk\u0142ady i warsztaty \u201ePoznaj histori\u0119 kieleckich sp\u00f3\u0142dzielni zabawkarskich\u201d"},"content":{"rendered":"<p><strong>Przedsi\u0119wzi\u0119cie organizowane przez Muzeum Zabawek i Zabawy w Kielcach otrzyma\u0142o patronat Narodowego Instytutu Dziedzictwa.<\/strong><\/p>\n\n\n\n<p>Celem wydarzenia jest przybli\u017cenie i popularyzowanie historii kieleckich sp\u00f3\u0142dzielni pracy przemys\u0142u zabawkarskiego dzia\u0142aj\u0105cych w latach 1939 \u2013 2002.<\/p>\n\n\n\n<p>Adresatami wyk\u0142ad\u00f3w s\u0105 osoby zajmuj\u0105ce si\u0119 naukowo, zawodowo lub hobbistycznie histori\u0105 zabawkarstwa i produkcj\u0105 zabawek oraz histori\u0105 dziedzictwa materialnego Kielecczyzny, projektanci, pedagodzy, uczniowie i absolwenci uczelni plastycznych o kierunkach zwi\u0105zanych z projektowaniem sztuki u\u017cytkowej. Adresatami cz\u0119\u015bci warsztatowej s\u0105 przede wszystkim dzieci i m\u0142odzie\u017c w wieku szkolnym oraz ich opiekunowie. Planowana liczba uczestnik\u00f3w \u2013 200 os\u00f3b.<\/p>\n\n\n\n<p>W Kielcach istnia\u0142y trzy du\u017ce sp\u00f3\u0142dzielnie zabawkarskie: SPP \u201eGromada\u201d, SP \u201ePrecyzja\u201d, SP \u201e\u015awi\u0119tokrzyska\u201d. W 1972 r. w Kielcach powo\u0142ano Krajowy Zwi\u0105zek Sp\u00f3\u0142dzielni Zabawkarskich, kt\u00f3ry koordynowa\u0142 produkcj\u0119 zabawkarsk\u0105 w kraju. W 1979 r. w ramach KZSZ powsta\u0142o Muzeum Zabawkarstwa dzisiejsze Muzeum Zabawek i Zabawy. Obecnie Muzeum w swoich zbiorach posiada ok. 6000 eksponat\u00f3w \u2013 zabawek z okresu funkcjonowania w\/w sp\u00f3\u0142dzielni. Na wystawie sta\u0142ej prezentowana jest cz\u0119\u015b\u0107 z nich.<\/p>\n\n\n\n<p><\/p>\n\n\n\n<p><\/p>\n\n\n\n<p><strong>Program wydarzenia:<\/strong><\/p>\n\n\n\n<p><strong>16 pa\u017adziernika 2022,\u00a0\u00a0 Muzeum Zabawek i Zabawy<\/strong><br><strong><em>\u201eProdukt pilnie poszukiwany\u201d,<\/em><\/strong> godz. 15:00-16:00<br>wyk\u0142ad dla doros\u0142ych \/sala konferencyjna\/ wst\u0119p wolny<\/p>\n\n\n\n<p>Wyk\u0142ad dotyczy\u0107 b\u0119dzie \u201eGromady\u201d, kt\u00f3ra wyewoluowa\u0142a z tworu o jeszcze przedwojennych korzeniach, w 1956 r. przybra\u0142a nazw\u0119 wyra\u017anie akcentuj\u0105c\u0105 rodzaj produkcji- Sp\u00f3\u0142dzielnia Pracy Przemys\u0142u Zabawkarskiego.<\/p>\n\n\n\n<p>Om\u00f3wione zostan\u0105 wybrane zagadnienia z historii sp\u00f3\u0142dzielni, w tym kwestie zwi\u0105zane z projektowaniem zabawek, charakterystyk\u0105 asortymentu, organizacj\u0105 pracy, problemami z jakimi zmagali si\u0119 na co dzie\u0144 producenci zabawek. Podj\u0119ta zostanie tak\u017ce kwestia umiejscowienia w topografii miasta poszczeg\u00f3lnych element\u00f3w sp\u00f3\u0142dzielczej infrastruktury oraz pr\u00f3ba uchwycenia zwi\u0105zk\u00f3w z miastem, znaczenia dla mieszka\u0144c\u00f3w i spo\u0142ecznego odbioru. \u00a0<\/p>\n\n\n\n<p>Prowadzenie: dr Anna Tyszewicz-Obara &#8211; Adiunkt w Pracowni Historii Zabawki i Zabawy do 1939 roku w Muzeum Zabawek i Zabawy<\/p>\n\n\n\n<p><\/p>\n\n\n\n<p><strong><em>,,Zr\u00f3b sobie zabawk\u0119\u201d,<\/em><\/strong> godz.15:00-16:00\u00a0\u00a0<br>warsztaty rodzinne<\/p>\n\n\n\n<p>Na warsztatach uczestnicy wykonaj\u0105 wybran\u0105 zabawk\u0119 wzorowan\u0105 na eksponacie ze Sp\u00f3\u0142dzielni Pracy Przemys\u0142u Zabawkarskiego ,,Gromada\u201d.\u00a0\u00a0\u00a0<\/p>\n\n\n\n<p>Prowadzenie: edukatorzy Muzeum Zabawek i Zabawy\u00a0<\/p>\n\n\n\n<p><\/p>\n\n\n\n<p><\/p>\n\n\n\n<p><strong>13 listopada 2022, Muzeum Zabawek i Zabawy<\/strong><br><strong><em>\u201eSpod znaku blachy i pluszu\u201d<\/em><\/strong>, godz. 15:00 \u2013 16:00<br>wyk\u0142ad dla doros\u0142ych \/sala konferencyjna\/ wst\u0119p wolny<\/p>\n\n\n\n<p>Wyk\u0142ad dotycz\u0105cy wybranych zagadnie\u0144 z historii Sp\u00f3\u0142dzielni Pracy Zabawkarsko-Metalowej \u201ePrecyzja\u201d oraz \u201e\u015awi\u0119tokrzyskiej\u201d Sp\u00f3\u0142dzielni Pracy Przemys\u0142u Zabawkarskiego, w tym kwestii organizacji produkcji, procesu projektowania zabawek, wykorzystywanych materia\u0142\u00f3w, charakterystycznych serii produkowanych zabawek.<\/p>\n\n\n\n<p>Prowadzenie: dr Anna Tyszewicz-Obara &#8211; Adiunkt w Pracowni Historii Zabawki i Zabawy do 1939 roku w Muzeum Zabawek i Zabawy.<\/p>\n\n\n\n<p><\/p>\n\n\n\n<p><em><strong>,,Zr\u00f3b sobie zabawk\u0119\u201d<\/strong><\/em>, godz.15:00-16:00<br>warsztaty rodzinne<\/p>\n\n\n\n<p>Na warsztatach uczestnicy wykonaj\u0105 wybran\u0105 zabawk\u0119 wzorowan\u0105 na eksponacie ze Sp\u00f3\u0142dzielni Pracy Przemys\u0142u Zabawkarskiego ,,\u015awi\u0119tokrzyska\u201d.<\/p>\n\n\n\n<p>Prowadzenie: edukatorzy Muzeum Zabawek i Zabawy\u00a0<\/p>\n\n\n\n<p><\/p>\n\n\n\n<p><\/p>\n\n\n\n<p><strong>27 listopada 2022, Muzeum Zabawek i Zabawy<\/strong><br><strong><em>\u201eArtystyczne zabawki Anny Narzymskiej-Prauss, czyli jak dizajn zawita\u0142 do Kielc\u201d<\/em><\/strong>, godz. 15:00 \u2013 16:00<br>wyk\u0142ad dla doros\u0142ych \/sala konferencyjna\/ wst\u0119p wolny<\/p>\n\n\n\n<p>W pierwszej cz\u0119\u015bci wyst\u0105pienia zostanie przedstawiona posta\u0107 artystki plastyczki Anny Narzymskiej-Prauss i jej udzia\u0142 w tworzeniu wzornictwa polskich zabawek z tkanin w pierwszym powojennym okresie \u2013 w latach 40. \u2013 50. XX wieku. Om\u00f3wiona zostanie r\u00f3wnie\u017c rola projektanta w produkcji zabawkarskiej, na przyk\u0142adzie kieleckiej sp\u00f3\u0142dzielni \u201eGromada\u201d, gdzie artystka organizowa\u0142a dzia\u0142 zabawek z tkanin. Na koniec zaprezentowana zostanie historia miniaturowych lalek autorstwa Anny Narzymskiej-Prauss ze zbior\u00f3w Muzeum Zabawek i Zabawy. Wyk\u0142ad uzupe\u0142ni prezentacja przedstawiaj\u0105ca prace artystki.<\/p>\n\n\n\n<p>Prowadzenie: Anna My\u015bliwiec, specjalista \u2013 Kustosz w Muzeum Zabawek i Zabawy<\/p>\n\n\n\n<p><\/p>\n\n\n\n<p><strong><em>,,Zr\u00f3b sobie zabawk\u0119\u201d<\/em><\/strong>, godz.15:00-16:00<br>warsztaty rodzinne<\/p>\n\n\n\n<p>Na warsztatach uczestnicy wykonaj\u0105 wybran\u0105 zabawk\u0119 tkaninow\u0105 wzorowan\u0105 na pracach Anny Narzymskiej-Prauss.<\/p>\n\n\n\n<p>Prowadzenie: edukatorzy Muzeum Zabawek i Zabawy&nbsp;<\/p>","protected":false},"excerpt":{"rendered":"<p>Przedsi\u0119wzi\u0119cie organizowane przez Muzeum Zabawek i Zabawy w Kielcach otrzyma\u0142o patronat Narodowego Instytutu Dziedzictwa. Celem wydarzenia jest przybli\u017cenie i popularyzowanie historii kieleckich sp\u00f3\u0142dzielni pracy przemys\u0142u zabawkarskiego dzia\u0142aj\u0105cych w latach 1939 [&hellip;]<\/p>","protected":false},"author":7,"featured_media":8753,"comment_status":"closed","ping_status":"closed","sticky":false,"template":"","format":"standard","meta":{"_et_pb_use_builder":"off","_et_pb_old_content":"","_et_gb_content_width":"","_monsterinsights_skip_tracking":false,"_monsterinsights_sitenote_active":false,"_monsterinsights_sitenote_note":"","_monsterinsights_sitenote_category":0,"footnotes":""},"categories":[28],"tags":[],"class_list":["post-8752","post","type-post","status-publish","format-standard","has-post-thumbnail","hentry","category-patronaty"],"yoast_head":"<!-- This site is optimized with the Yoast SEO plugin v26.5 - https:\/\/yoast.com\/wordpress\/plugins\/seo\/ -->\n<title>Wyk\u0142ady i warsztaty \u201ePoznaj histori\u0119 kieleckich sp\u00f3\u0142dzielni zabawkarskich\u201d - NID<\/title>\n<meta name=\"robots\" content=\"index, follow, max-snippet:-1, max-image-preview:large, max-video-preview:-1\" \/>\n<link rel=\"canonical\" href=\"https:\/\/nid.pl\/en\/2022\/10\/17\/wyklady-i-warsztaty-poznaj-historie-kieleckich-spoldzielni-zabawkarskich\/\" \/>\n<meta property=\"og:locale\" content=\"en_GB\" \/>\n<meta property=\"og:type\" content=\"article\" \/>\n<meta property=\"og:title\" content=\"Wyk\u0142ady i warsztaty \u201ePoznaj histori\u0119 kieleckich sp\u00f3\u0142dzielni zabawkarskich\u201d - NID\" \/>\n<meta property=\"og:description\" content=\"Przedsi\u0119wzi\u0119cie organizowane przez Muzeum Zabawek i Zabawy w Kielcach otrzyma\u0142o patronat Narodowego Instytutu Dziedzictwa. Celem wydarzenia jest przybli\u017cenie i popularyzowanie historii kieleckich sp\u00f3\u0142dzielni pracy przemys\u0142u zabawkarskiego dzia\u0142aj\u0105cych w latach 1939 [&hellip;]\" \/>\n<meta property=\"og:url\" content=\"https:\/\/nid.pl\/en\/2022\/10\/17\/wyklady-i-warsztaty-poznaj-historie-kieleckich-spoldzielni-zabawkarskich\/\" \/>\n<meta property=\"og:site_name\" content=\"NID\" \/>\n<meta property=\"article:publisher\" content=\"https:\/\/www.facebook.com\/zabytek\" \/>\n<meta property=\"article:published_time\" content=\"2022-10-17T11:19:47+00:00\" \/>\n<meta property=\"article:modified_time\" content=\"2022-10-17T11:19:50+00:00\" \/>\n<meta property=\"og:image\" content=\"https:\/\/nid.pl\/wp-content\/uploads\/2022\/10\/Patronaty-2022_Muzeum-Zabawek-i-Zabawy-w-Kielcach.jpg\" \/>\n\t<meta property=\"og:image:width\" content=\"440\" \/>\n\t<meta property=\"og:image:height\" content=\"294\" \/>\n\t<meta property=\"og:image:type\" content=\"image\/jpeg\" \/>\n<meta name=\"author\" content=\"Barbara Halliop\" \/>\n<meta name=\"twitter:card\" content=\"summary_large_image\" \/>\n<meta name=\"twitter:creator\" content=\"@NarIDpl\" \/>\n<meta name=\"twitter:site\" content=\"@NarIDpl\" \/>\n<meta name=\"twitter:label1\" content=\"Written by\" \/>\n\t<meta name=\"twitter:data1\" content=\"Barbara Halliop\" \/>\n\t<meta name=\"twitter:label2\" content=\"Estimated reading time\" \/>\n\t<meta name=\"twitter:data2\" content=\"3 minutes\" \/>\n<script type=\"application\/ld+json\" class=\"yoast-schema-graph\">{\"@context\":\"https:\/\/schema.org\",\"@graph\":[{\"@type\":\"Article\",\"@id\":\"https:\/\/nid.pl\/2022\/10\/17\/wyklady-i-warsztaty-poznaj-historie-kieleckich-spoldzielni-zabawkarskich\/#article\",\"isPartOf\":{\"@id\":\"https:\/\/nid.pl\/2022\/10\/17\/wyklady-i-warsztaty-poznaj-historie-kieleckich-spoldzielni-zabawkarskich\/\"},\"author\":{\"name\":\"Barbara Halliop\",\"@id\":\"https:\/\/nid.pl\/#\/schema\/person\/1b690a8998a5111cfb9f0ffe24195a15\"},\"headline\":\"Wyk\u0142ady i warsztaty \u201ePoznaj histori\u0119 kieleckich sp\u00f3\u0142dzielni zabawkarskich\u201d\",\"datePublished\":\"2022-10-17T11:19:47+00:00\",\"dateModified\":\"2022-10-17T11:19:50+00:00\",\"mainEntityOfPage\":{\"@id\":\"https:\/\/nid.pl\/2022\/10\/17\/wyklady-i-warsztaty-poznaj-historie-kieleckich-spoldzielni-zabawkarskich\/\"},\"wordCount\":612,\"publisher\":{\"@id\":\"https:\/\/nid.pl\/#organization\"},\"image\":{\"@id\":\"https:\/\/nid.pl\/2022\/10\/17\/wyklady-i-warsztaty-poznaj-historie-kieleckich-spoldzielni-zabawkarskich\/#primaryimage\"},\"thumbnailUrl\":\"https:\/\/nid.pl\/wp-content\/uploads\/2022\/10\/Patronaty-2022_Muzeum-Zabawek-i-Zabawy-w-Kielcach.jpg\",\"articleSection\":[\"Patronaty\"],\"inLanguage\":\"en-GB\"},{\"@type\":\"WebPage\",\"@id\":\"https:\/\/nid.pl\/2022\/10\/17\/wyklady-i-warsztaty-poznaj-historie-kieleckich-spoldzielni-zabawkarskich\/\",\"url\":\"https:\/\/nid.pl\/2022\/10\/17\/wyklady-i-warsztaty-poznaj-historie-kieleckich-spoldzielni-zabawkarskich\/\",\"name\":\"Wyk\u0142ady i warsztaty \u201ePoznaj histori\u0119 kieleckich sp\u00f3\u0142dzielni zabawkarskich\u201d - NID\",\"isPartOf\":{\"@id\":\"https:\/\/nid.pl\/#website\"},\"primaryImageOfPage\":{\"@id\":\"https:\/\/nid.pl\/2022\/10\/17\/wyklady-i-warsztaty-poznaj-historie-kieleckich-spoldzielni-zabawkarskich\/#primaryimage\"},\"image\":{\"@id\":\"https:\/\/nid.pl\/2022\/10\/17\/wyklady-i-warsztaty-poznaj-historie-kieleckich-spoldzielni-zabawkarskich\/#primaryimage\"},\"thumbnailUrl\":\"https:\/\/nid.pl\/wp-content\/uploads\/2022\/10\/Patronaty-2022_Muzeum-Zabawek-i-Zabawy-w-Kielcach.jpg\",\"datePublished\":\"2022-10-17T11:19:47+00:00\",\"dateModified\":\"2022-10-17T11:19:50+00:00\",\"breadcrumb\":{\"@id\":\"https:\/\/nid.pl\/2022\/10\/17\/wyklady-i-warsztaty-poznaj-historie-kieleckich-spoldzielni-zabawkarskich\/#breadcrumb\"},\"inLanguage\":\"en-GB\",\"potentialAction\":[{\"@type\":\"ReadAction\",\"target\":[\"https:\/\/nid.pl\/2022\/10\/17\/wyklady-i-warsztaty-poznaj-historie-kieleckich-spoldzielni-zabawkarskich\/\"]}]},{\"@type\":\"ImageObject\",\"inLanguage\":\"en-GB\",\"@id\":\"https:\/\/nid.pl\/2022\/10\/17\/wyklady-i-warsztaty-poznaj-historie-kieleckich-spoldzielni-zabawkarskich\/#primaryimage\",\"url\":\"https:\/\/nid.pl\/wp-content\/uploads\/2022\/10\/Patronaty-2022_Muzeum-Zabawek-i-Zabawy-w-Kielcach.jpg\",\"contentUrl\":\"https:\/\/nid.pl\/wp-content\/uploads\/2022\/10\/Patronaty-2022_Muzeum-Zabawek-i-Zabawy-w-Kielcach.jpg\",\"width\":440,\"height\":294,\"caption\":\"Patronaty Muzeum Zabawek i Zabawy w Kielcach\"},{\"@type\":\"BreadcrumbList\",\"@id\":\"https:\/\/nid.pl\/2022\/10\/17\/wyklady-i-warsztaty-poznaj-historie-kieleckich-spoldzielni-zabawkarskich\/#breadcrumb\",\"itemListElement\":[{\"@type\":\"ListItem\",\"position\":1,\"name\":\"Home\",\"item\":\"https:\/\/nid.pl\/\"},{\"@type\":\"ListItem\",\"position\":2,\"name\":\"Wyk\u0142ady i warsztaty \u201ePoznaj histori\u0119 kieleckich sp\u00f3\u0142dzielni zabawkarskich\u201d\"}]},{\"@type\":\"WebSite\",\"@id\":\"https:\/\/nid.pl\/#website\",\"url\":\"https:\/\/nid.pl\/\",\"name\":\"NID\",\"description\":\"Narodowy Instytut Dziedzictwa\",\"publisher\":{\"@id\":\"https:\/\/nid.pl\/#organization\"},\"potentialAction\":[{\"@type\":\"SearchAction\",\"target\":{\"@type\":\"EntryPoint\",\"urlTemplate\":\"https:\/\/nid.pl\/?s={search_term_string}\"},\"query-input\":{\"@type\":\"PropertyValueSpecification\",\"valueRequired\":true,\"valueName\":\"search_term_string\"}}],\"inLanguage\":\"en-GB\"},{\"@type\":\"Organization\",\"@id\":\"https:\/\/nid.pl\/#organization\",\"name\":\"Narodowy Instytut Dziedzictwa\",\"url\":\"https:\/\/nid.pl\/\",\"logo\":{\"@type\":\"ImageObject\",\"inLanguage\":\"en-GB\",\"@id\":\"https:\/\/nid.pl\/#\/schema\/logo\/image\/\",\"url\":\"https:\/\/nid.pl\/wp-content\/uploads\/2022\/10\/logoRedDark.png\",\"contentUrl\":\"https:\/\/nid.pl\/wp-content\/uploads\/2022\/10\/logoRedDark.png\",\"width\":200,\"height\":197,\"caption\":\"Narodowy Instytut Dziedzictwa\"},\"image\":{\"@id\":\"https:\/\/nid.pl\/#\/schema\/logo\/image\/\"},\"sameAs\":[\"https:\/\/www.facebook.com\/zabytek\",\"https:\/\/x.com\/NarIDpl\",\"https:\/\/www.instagram.com\/nid.pl\/?hl=pl\",\"https:\/\/www.linkedin.com\/company\/narodowy-instytut-dziedzictwa\",\"https:\/\/www.youtube.com\/channel\/UCQXuhKa2uHtmNvLRUSx40JA\"]},{\"@type\":\"Person\",\"@id\":\"https:\/\/nid.pl\/#\/schema\/person\/1b690a8998a5111cfb9f0ffe24195a15\",\"name\":\"Barbara Halliop\",\"image\":{\"@type\":\"ImageObject\",\"inLanguage\":\"en-GB\",\"@id\":\"https:\/\/nid.pl\/#\/schema\/person\/image\/\",\"url\":\"https:\/\/nid.pl\/wp-content\/litespeed\/avatar\/924046d17dd0c842c9fa9ccf489bc6dc.jpg?ver=1777444967\",\"contentUrl\":\"https:\/\/nid.pl\/wp-content\/litespeed\/avatar\/924046d17dd0c842c9fa9ccf489bc6dc.jpg?ver=1777444967\",\"caption\":\"Barbara Halliop\"},\"url\":\"https:\/\/nid.pl\/en\/author\/bhalliop\/\"}]}<\/script>\n<!-- \/ Yoast SEO plugin. -->","yoast_head_json":{"title":"Wyk\u0142ady i warsztaty \u201ePoznaj histori\u0119 kieleckich sp\u00f3\u0142dzielni zabawkarskich\u201d - NID","robots":{"index":"index","follow":"follow","max-snippet":"max-snippet:-1","max-image-preview":"max-image-preview:large","max-video-preview":"max-video-preview:-1"},"canonical":"https:\/\/nid.pl\/en\/2022\/10\/17\/wyklady-i-warsztaty-poznaj-historie-kieleckich-spoldzielni-zabawkarskich\/","og_locale":"en_GB","og_type":"article","og_title":"Wyk\u0142ady i warsztaty \u201ePoznaj histori\u0119 kieleckich sp\u00f3\u0142dzielni zabawkarskich\u201d - NID","og_description":"Przedsi\u0119wzi\u0119cie organizowane przez Muzeum Zabawek i Zabawy w Kielcach otrzyma\u0142o patronat Narodowego Instytutu Dziedzictwa. Celem wydarzenia jest przybli\u017cenie i popularyzowanie historii kieleckich sp\u00f3\u0142dzielni pracy przemys\u0142u zabawkarskiego dzia\u0142aj\u0105cych w latach 1939 [&hellip;]","og_url":"https:\/\/nid.pl\/en\/2022\/10\/17\/wyklady-i-warsztaty-poznaj-historie-kieleckich-spoldzielni-zabawkarskich\/","og_site_name":"NID","article_publisher":"https:\/\/www.facebook.com\/zabytek","article_published_time":"2022-10-17T11:19:47+00:00","article_modified_time":"2022-10-17T11:19:50+00:00","og_image":[{"width":440,"height":294,"url":"https:\/\/nid.pl\/wp-content\/uploads\/2022\/10\/Patronaty-2022_Muzeum-Zabawek-i-Zabawy-w-Kielcach.jpg","type":"image\/jpeg"}],"author":"Barbara Halliop","twitter_card":"summary_large_image","twitter_creator":"@NarIDpl","twitter_site":"@NarIDpl","twitter_misc":{"Written by":"Barbara Halliop","Estimated reading time":"3 minutes"},"schema":{"@context":"https:\/\/schema.org","@graph":[{"@type":"Article","@id":"https:\/\/nid.pl\/2022\/10\/17\/wyklady-i-warsztaty-poznaj-historie-kieleckich-spoldzielni-zabawkarskich\/#article","isPartOf":{"@id":"https:\/\/nid.pl\/2022\/10\/17\/wyklady-i-warsztaty-poznaj-historie-kieleckich-spoldzielni-zabawkarskich\/"},"author":{"name":"Barbara Halliop","@id":"https:\/\/nid.pl\/#\/schema\/person\/1b690a8998a5111cfb9f0ffe24195a15"},"headline":"Wyk\u0142ady i warsztaty \u201ePoznaj histori\u0119 kieleckich sp\u00f3\u0142dzielni zabawkarskich\u201d","datePublished":"2022-10-17T11:19:47+00:00","dateModified":"2022-10-17T11:19:50+00:00","mainEntityOfPage":{"@id":"https:\/\/nid.pl\/2022\/10\/17\/wyklady-i-warsztaty-poznaj-historie-kieleckich-spoldzielni-zabawkarskich\/"},"wordCount":612,"publisher":{"@id":"https:\/\/nid.pl\/#organization"},"image":{"@id":"https:\/\/nid.pl\/2022\/10\/17\/wyklady-i-warsztaty-poznaj-historie-kieleckich-spoldzielni-zabawkarskich\/#primaryimage"},"thumbnailUrl":"https:\/\/nid.pl\/wp-content\/uploads\/2022\/10\/Patronaty-2022_Muzeum-Zabawek-i-Zabawy-w-Kielcach.jpg","articleSection":["Patronaty"],"inLanguage":"en-GB"},{"@type":"WebPage","@id":"https:\/\/nid.pl\/2022\/10\/17\/wyklady-i-warsztaty-poznaj-historie-kieleckich-spoldzielni-zabawkarskich\/","url":"https:\/\/nid.pl\/2022\/10\/17\/wyklady-i-warsztaty-poznaj-historie-kieleckich-spoldzielni-zabawkarskich\/","name":"Wyk\u0142ady i warsztaty \u201ePoznaj histori\u0119 kieleckich sp\u00f3\u0142dzielni zabawkarskich\u201d - NID","isPartOf":{"@id":"https:\/\/nid.pl\/#website"},"primaryImageOfPage":{"@id":"https:\/\/nid.pl\/2022\/10\/17\/wyklady-i-warsztaty-poznaj-historie-kieleckich-spoldzielni-zabawkarskich\/#primaryimage"},"image":{"@id":"https:\/\/nid.pl\/2022\/10\/17\/wyklady-i-warsztaty-poznaj-historie-kieleckich-spoldzielni-zabawkarskich\/#primaryimage"},"thumbnailUrl":"https:\/\/nid.pl\/wp-content\/uploads\/2022\/10\/Patronaty-2022_Muzeum-Zabawek-i-Zabawy-w-Kielcach.jpg","datePublished":"2022-10-17T11:19:47+00:00","dateModified":"2022-10-17T11:19:50+00:00","breadcrumb":{"@id":"https:\/\/nid.pl\/2022\/10\/17\/wyklady-i-warsztaty-poznaj-historie-kieleckich-spoldzielni-zabawkarskich\/#breadcrumb"},"inLanguage":"en-GB","potentialAction":[{"@type":"ReadAction","target":["https:\/\/nid.pl\/2022\/10\/17\/wyklady-i-warsztaty-poznaj-historie-kieleckich-spoldzielni-zabawkarskich\/"]}]},{"@type":"ImageObject","inLanguage":"en-GB","@id":"https:\/\/nid.pl\/2022\/10\/17\/wyklady-i-warsztaty-poznaj-historie-kieleckich-spoldzielni-zabawkarskich\/#primaryimage","url":"https:\/\/nid.pl\/wp-content\/uploads\/2022\/10\/Patronaty-2022_Muzeum-Zabawek-i-Zabawy-w-Kielcach.jpg","contentUrl":"https:\/\/nid.pl\/wp-content\/uploads\/2022\/10\/Patronaty-2022_Muzeum-Zabawek-i-Zabawy-w-Kielcach.jpg","width":440,"height":294,"caption":"Patronaty Muzeum Zabawek i Zabawy w Kielcach"},{"@type":"BreadcrumbList","@id":"https:\/\/nid.pl\/2022\/10\/17\/wyklady-i-warsztaty-poznaj-historie-kieleckich-spoldzielni-zabawkarskich\/#breadcrumb","itemListElement":[{"@type":"ListItem","position":1,"name":"Home","item":"https:\/\/nid.pl\/"},{"@type":"ListItem","position":2,"name":"Wyk\u0142ady i warsztaty \u201ePoznaj histori\u0119 kieleckich sp\u00f3\u0142dzielni zabawkarskich\u201d"}]},{"@type":"WebSite","@id":"https:\/\/nid.pl\/#website","url":"https:\/\/nid.pl\/","name":"NID","description":"Narodowy Instytut Dziedzictwa","publisher":{"@id":"https:\/\/nid.pl\/#organization"},"potentialAction":[{"@type":"SearchAction","target":{"@type":"EntryPoint","urlTemplate":"https:\/\/nid.pl\/?s={search_term_string}"},"query-input":{"@type":"PropertyValueSpecification","valueRequired":true,"valueName":"search_term_string"}}],"inLanguage":"en-GB"},{"@type":"Organization","@id":"https:\/\/nid.pl\/#organization","name":"Narodowy Instytut Dziedzictwa","url":"https:\/\/nid.pl\/","logo":{"@type":"ImageObject","inLanguage":"en-GB","@id":"https:\/\/nid.pl\/#\/schema\/logo\/image\/","url":"https:\/\/nid.pl\/wp-content\/uploads\/2022\/10\/logoRedDark.png","contentUrl":"https:\/\/nid.pl\/wp-content\/uploads\/2022\/10\/logoRedDark.png","width":200,"height":197,"caption":"Narodowy Instytut Dziedzictwa"},"image":{"@id":"https:\/\/nid.pl\/#\/schema\/logo\/image\/"},"sameAs":["https:\/\/www.facebook.com\/zabytek","https:\/\/x.com\/NarIDpl","https:\/\/www.instagram.com\/nid.pl\/?hl=pl","https:\/\/www.linkedin.com\/company\/narodowy-instytut-dziedzictwa","https:\/\/www.youtube.com\/channel\/UCQXuhKa2uHtmNvLRUSx40JA"]},{"@type":"Person","@id":"https:\/\/nid.pl\/#\/schema\/person\/1b690a8998a5111cfb9f0ffe24195a15","name":"Barbara Halliop","image":{"@type":"ImageObject","inLanguage":"en-GB","@id":"https:\/\/nid.pl\/#\/schema\/person\/image\/","url":"https:\/\/nid.pl\/wp-content\/litespeed\/avatar\/924046d17dd0c842c9fa9ccf489bc6dc.jpg?ver=1777444967","contentUrl":"https:\/\/nid.pl\/wp-content\/litespeed\/avatar\/924046d17dd0c842c9fa9ccf489bc6dc.jpg?ver=1777444967","caption":"Barbara Halliop"},"url":"https:\/\/nid.pl\/en\/author\/bhalliop\/"}]}},"_links":{"self":[{"href":"https:\/\/nid.pl\/en\/wp-json\/wp\/v2\/posts\/8752","targetHints":{"allow":["GET"]}}],"collection":[{"href":"https:\/\/nid.pl\/en\/wp-json\/wp\/v2\/posts"}],"about":[{"href":"https:\/\/nid.pl\/en\/wp-json\/wp\/v2\/types\/post"}],"author":[{"embeddable":true,"href":"https:\/\/nid.pl\/en\/wp-json\/wp\/v2\/users\/7"}],"replies":[{"embeddable":true,"href":"https:\/\/nid.pl\/en\/wp-json\/wp\/v2\/comments?post=8752"}],"version-history":[{"count":0,"href":"https:\/\/nid.pl\/en\/wp-json\/wp\/v2\/posts\/8752\/revisions"}],"wp:featuredmedia":[{"embeddable":true,"href":"https:\/\/nid.pl\/en\/wp-json\/wp\/v2\/media\/8753"}],"wp:attachment":[{"href":"https:\/\/nid.pl\/en\/wp-json\/wp\/v2\/media?parent=8752"}],"wp:term":[{"taxonomy":"category","embeddable":true,"href":"https:\/\/nid.pl\/en\/wp-json\/wp\/v2\/categories?post=8752"},{"taxonomy":"post_tag","embeddable":true,"href":"https:\/\/nid.pl\/en\/wp-json\/wp\/v2\/tags?post=8752"}],"curies":[{"name":"wp","href":"https:\/\/api.w.org\/{rel}","templated":true}]}}