{"id":8209,"date":"2022-09-13T14:51:00","date_gmt":"2022-09-13T12:51:00","guid":{"rendered":"https:\/\/nid.pl\/?p=8209"},"modified":"2022-09-15T12:39:26","modified_gmt":"2022-09-15T10:39:26","slug":"inauguracyjne-posiedzenie-rady-programowej-nid","status":"publish","type":"post","link":"https:\/\/nid.pl\/en\/2022\/09\/13\/inauguracyjne-posiedzenie-rady-programowej-nid\/","title":{"rendered":"Inauguracyjne posiedzenie Rady Programowej NID"},"content":{"rendered":"<p><strong>12 wrze\u015bnia odby\u0142o si\u0119 inauguracyjne posiedzenie Rady Programowej Narodowego Instytutu Dziedzictwa.<\/strong><\/p>\n\n\n\n<p>Podczas spotkania dr hab. Katarzyna Zalasi\u0144ska \u2013 dyrektor Narodowego Instytutu Dziedzictwa, zaprezentowa\u0142a bie\u017c\u0105c\u0105 strategi\u0119 oraz przedstawi\u0142a plan dzia\u0142ania Instytutu.<\/p>\n\n\n\n<p><strong>Przewodnicz\u0105c\u0105<\/strong> <strong>Rady<\/strong> zosta\u0142a <strong>prof. dr hab. Jadwiga \u0141ukaszewicz<\/strong>, a <strong>zast\u0119pcami prof. dr hab. Jakub Lewicki i <strong>ks. Andrzej Rusak<\/strong>.<\/strong><\/p>\n\n\n\n<p><\/p>\n\n\n\n<p><strong>Nowy sk\u0142ad Rady Programowej NID:<\/strong><\/p>\n\n\n\n<p><strong>Przewodnicz\u0105cy<\/strong>: prof. dr hab. Jadwiga \u0141ukaszewicz<\/p>\n\n\n\n<p>Z<strong>ast\u0119pca Przewodnicz\u0105cego:<\/strong> prof. dr hab. Jakub Lewicki<\/p>\n\n\n\n<p><strong>Zast\u0119pca Przewodnicz\u0105cego:<\/strong> ks. Andrzej Rusak<\/p>\n\n\n\n<p>prof. dr hab. Piotr Dobosz<\/p>\n\n\n\n<p>Marek Konopka<\/p>\n\n\n\n<p>dr hab. Monika Murzyn-Kupisz, prof. UJ<\/p>\n\n\n\n<p>Barbara Nowak-Obelinda<\/p>\n\n\n\n<p>dr hab. in\u017c. Robert Olszewski, prof. PW<\/p>\n\n\n\n<p>prof. dr hab. W\u0142odzimierz R\u0105czkowski<\/p>\n\n\n\n<p>prof. dr hab. Bogumi\u0142a Rouba<\/p>\n\n\n\n<p>dr hab. Katarzyna Smyk, prof. UMCS<\/p>\n\n\n\n<p>prof. dr hab. Bogus\u0142aw Szmygin<\/p>\n\n\n\n<p>dr hab. Maciej Trzci\u0144ski, prof. UWr<\/p>\n\n\n\n<p>Wit Karol Wojtowicz<\/p>\n\n\n\n<p>prof. dr hab. in\u017c. arch. Agata Zachariasz<\/p>\n\n\n\n<div class=\"wp-block-image\"><figure class=\"aligncenter size-large\"><img loading=\"lazy\" decoding=\"async\" width=\"1024\" height=\"683\" src=\"https:\/\/nid.pl\/wp-content\/uploads\/2022\/09\/DCS_1098_Rada-Programowa-1024x683.jpg\" alt=\"\" class=\"wp-image-8211\" srcset=\"https:\/\/nid.pl\/wp-content\/uploads\/2022\/09\/DCS_1098_Rada-Programowa-980x653.jpg 980w, https:\/\/nid.pl\/wp-content\/uploads\/2022\/09\/DCS_1098_Rada-Programowa-480x320.jpg 480w\" sizes=\"(min-width: 0px) and (max-width: 480px) 480px, (min-width: 481px) and (max-width: 980px) 980px, (min-width: 981px) 1024px, 100vw\" \/><\/figure><\/div>","protected":false},"excerpt":{"rendered":"<p>12 wrze\u015bnia odby\u0142o si\u0119 inauguracyjne posiedzenie Rady Programowej Narodowego Instytutu Dziedzictwa. Podczas spotkania dr hab. Katarzyna Zalasi\u0144ska \u2013 dyrektor Narodowego Instytutu Dziedzictwa, zaprezentowa\u0142a bie\u017c\u0105c\u0105 strategi\u0119 oraz przedstawi\u0142a plan dzia\u0142ania Instytutu. [&hellip;]<\/p>","protected":false},"author":7,"featured_media":8210,"comment_status":"open","ping_status":"open","sticky":false,"template":"","format":"standard","meta":{"_et_pb_use_builder":"off","_et_pb_old_content":"","_et_gb_content_width":"","_monsterinsights_skip_tracking":false,"_monsterinsights_sitenote_active":false,"_monsterinsights_sitenote_note":"","_monsterinsights_sitenote_category":0,"footnotes":""},"categories":[3],"tags":[],"class_list":["post-8209","post","type-post","status-publish","format-standard","has-post-thumbnail","hentry","category-aktualnosci"],"yoast_head":"<!-- This site is optimized with the Yoast SEO plugin v26.5 - https:\/\/yoast.com\/wordpress\/plugins\/seo\/ -->\n<title>Inauguracyjne posiedzenie Rady Programowej NID - NID<\/title>\n<meta name=\"robots\" content=\"index, follow, max-snippet:-1, max-image-preview:large, max-video-preview:-1\" \/>\n<link rel=\"canonical\" href=\"https:\/\/nid.pl\/en\/2022\/09\/13\/inauguracyjne-posiedzenie-rady-programowej-nid\/\" \/>\n<meta property=\"og:locale\" content=\"en_GB\" \/>\n<meta property=\"og:type\" content=\"article\" \/>\n<meta property=\"og:title\" content=\"Inauguracyjne posiedzenie Rady Programowej NID - NID\" \/>\n<meta property=\"og:description\" content=\"12 wrze\u015bnia odby\u0142o si\u0119 inauguracyjne posiedzenie Rady Programowej Narodowego Instytutu Dziedzictwa. Podczas spotkania dr hab. Katarzyna Zalasi\u0144ska \u2013 dyrektor Narodowego Instytutu Dziedzictwa, zaprezentowa\u0142a bie\u017c\u0105c\u0105 strategi\u0119 oraz przedstawi\u0142a plan dzia\u0142ania Instytutu. [&hellip;]\" \/>\n<meta property=\"og:url\" content=\"https:\/\/nid.pl\/en\/2022\/09\/13\/inauguracyjne-posiedzenie-rady-programowej-nid\/\" \/>\n<meta property=\"og:site_name\" content=\"NID\" \/>\n<meta property=\"article:publisher\" content=\"https:\/\/www.facebook.com\/zabytek\" \/>\n<meta property=\"article:published_time\" content=\"2022-09-13T12:51:00+00:00\" \/>\n<meta property=\"article:modified_time\" content=\"2022-09-15T10:39:26+00:00\" \/>\n<meta property=\"og:image\" content=\"https:\/\/nid.pl\/wp-content\/uploads\/2022\/09\/DCS_1098_Rada-Programowa_aktualnosci.jpg\" \/>\n\t<meta property=\"og:image:width\" content=\"440\" \/>\n\t<meta property=\"og:image:height\" content=\"294\" \/>\n\t<meta property=\"og:image:type\" content=\"image\/jpeg\" \/>\n<meta name=\"author\" content=\"Barbara Halliop\" \/>\n<meta name=\"twitter:card\" content=\"summary_large_image\" \/>\n<meta name=\"twitter:creator\" content=\"@NarIDpl\" \/>\n<meta name=\"twitter:site\" content=\"@NarIDpl\" \/>\n<meta name=\"twitter:label1\" content=\"Written by\" \/>\n\t<meta name=\"twitter:data1\" content=\"Barbara Halliop\" \/>\n\t<meta name=\"twitter:label2\" content=\"Estimated reading time\" \/>\n\t<meta name=\"twitter:data2\" content=\"1 minute\" \/>\n<script type=\"application\/ld+json\" class=\"yoast-schema-graph\">{\"@context\":\"https:\/\/schema.org\",\"@graph\":[{\"@type\":\"Article\",\"@id\":\"https:\/\/nid.pl\/en\/2022\/09\/13\/inauguracyjne-posiedzenie-rady-programowej-nid\/#article\",\"isPartOf\":{\"@id\":\"https:\/\/nid.pl\/en\/2022\/09\/13\/inauguracyjne-posiedzenie-rady-programowej-nid\/\"},\"author\":{\"name\":\"Barbara Halliop\",\"@id\":\"https:\/\/nid.pl\/#\/schema\/person\/1b690a8998a5111cfb9f0ffe24195a15\"},\"headline\":\"Inauguracyjne posiedzenie Rady Programowej NID\",\"datePublished\":\"2022-09-13T12:51:00+00:00\",\"dateModified\":\"2022-09-15T10:39:26+00:00\",\"mainEntityOfPage\":{\"@id\":\"https:\/\/nid.pl\/en\/2022\/09\/13\/inauguracyjne-posiedzenie-rady-programowej-nid\/\"},\"wordCount\":155,\"commentCount\":0,\"publisher\":{\"@id\":\"https:\/\/nid.pl\/#organization\"},\"image\":{\"@id\":\"https:\/\/nid.pl\/en\/2022\/09\/13\/inauguracyjne-posiedzenie-rady-programowej-nid\/#primaryimage\"},\"thumbnailUrl\":\"https:\/\/nid.pl\/wp-content\/uploads\/2022\/09\/DCS_1098_Rada-Programowa_aktualnosci.jpg\",\"articleSection\":[\"Aktualno\u015bci\"],\"inLanguage\":\"en-GB\"},{\"@type\":\"WebPage\",\"@id\":\"https:\/\/nid.pl\/en\/2022\/09\/13\/inauguracyjne-posiedzenie-rady-programowej-nid\/\",\"url\":\"https:\/\/nid.pl\/en\/2022\/09\/13\/inauguracyjne-posiedzenie-rady-programowej-nid\/\",\"name\":\"Inauguracyjne posiedzenie Rady Programowej NID - NID\",\"isPartOf\":{\"@id\":\"https:\/\/nid.pl\/#website\"},\"primaryImageOfPage\":{\"@id\":\"https:\/\/nid.pl\/en\/2022\/09\/13\/inauguracyjne-posiedzenie-rady-programowej-nid\/#primaryimage\"},\"image\":{\"@id\":\"https:\/\/nid.pl\/en\/2022\/09\/13\/inauguracyjne-posiedzenie-rady-programowej-nid\/#primaryimage\"},\"thumbnailUrl\":\"https:\/\/nid.pl\/wp-content\/uploads\/2022\/09\/DCS_1098_Rada-Programowa_aktualnosci.jpg\",\"datePublished\":\"2022-09-13T12:51:00+00:00\",\"dateModified\":\"2022-09-15T10:39:26+00:00\",\"breadcrumb\":{\"@id\":\"https:\/\/nid.pl\/en\/2022\/09\/13\/inauguracyjne-posiedzenie-rady-programowej-nid\/#breadcrumb\"},\"inLanguage\":\"en-GB\",\"potentialAction\":[{\"@type\":\"ReadAction\",\"target\":[\"https:\/\/nid.pl\/en\/2022\/09\/13\/inauguracyjne-posiedzenie-rady-programowej-nid\/\"]}]},{\"@type\":\"ImageObject\",\"inLanguage\":\"en-GB\",\"@id\":\"https:\/\/nid.pl\/en\/2022\/09\/13\/inauguracyjne-posiedzenie-rady-programowej-nid\/#primaryimage\",\"url\":\"https:\/\/nid.pl\/wp-content\/uploads\/2022\/09\/DCS_1098_Rada-Programowa_aktualnosci.jpg\",\"contentUrl\":\"https:\/\/nid.pl\/wp-content\/uploads\/2022\/09\/DCS_1098_Rada-Programowa_aktualnosci.jpg\",\"width\":440,\"height\":294,\"caption\":\"DCS Rada Programowa aktualnosci\"},{\"@type\":\"BreadcrumbList\",\"@id\":\"https:\/\/nid.pl\/en\/2022\/09\/13\/inauguracyjne-posiedzenie-rady-programowej-nid\/#breadcrumb\",\"itemListElement\":[{\"@type\":\"ListItem\",\"position\":1,\"name\":\"Home\",\"item\":\"https:\/\/nid.pl\/\"},{\"@type\":\"ListItem\",\"position\":2,\"name\":\"Inauguracyjne posiedzenie Rady Programowej NID\"}]},{\"@type\":\"WebSite\",\"@id\":\"https:\/\/nid.pl\/#website\",\"url\":\"https:\/\/nid.pl\/\",\"name\":\"NID\",\"description\":\"Narodowy Instytut Dziedzictwa\",\"publisher\":{\"@id\":\"https:\/\/nid.pl\/#organization\"},\"potentialAction\":[{\"@type\":\"SearchAction\",\"target\":{\"@type\":\"EntryPoint\",\"urlTemplate\":\"https:\/\/nid.pl\/?s={search_term_string}\"},\"query-input\":{\"@type\":\"PropertyValueSpecification\",\"valueRequired\":true,\"valueName\":\"search_term_string\"}}],\"inLanguage\":\"en-GB\"},{\"@type\":\"Organization\",\"@id\":\"https:\/\/nid.pl\/#organization\",\"name\":\"Narodowy Instytut Dziedzictwa\",\"url\":\"https:\/\/nid.pl\/\",\"logo\":{\"@type\":\"ImageObject\",\"inLanguage\":\"en-GB\",\"@id\":\"https:\/\/nid.pl\/#\/schema\/logo\/image\/\",\"url\":\"https:\/\/nid.pl\/wp-content\/uploads\/2022\/10\/logoRedDark.png\",\"contentUrl\":\"https:\/\/nid.pl\/wp-content\/uploads\/2022\/10\/logoRedDark.png\",\"width\":200,\"height\":197,\"caption\":\"Narodowy Instytut Dziedzictwa\"},\"image\":{\"@id\":\"https:\/\/nid.pl\/#\/schema\/logo\/image\/\"},\"sameAs\":[\"https:\/\/www.facebook.com\/zabytek\",\"https:\/\/x.com\/NarIDpl\",\"https:\/\/www.instagram.com\/nid.pl\/?hl=pl\",\"https:\/\/www.linkedin.com\/company\/narodowy-instytut-dziedzictwa\",\"https:\/\/www.youtube.com\/channel\/UCQXuhKa2uHtmNvLRUSx40JA\"]},{\"@type\":\"Person\",\"@id\":\"https:\/\/nid.pl\/#\/schema\/person\/1b690a8998a5111cfb9f0ffe24195a15\",\"name\":\"Barbara Halliop\",\"image\":{\"@type\":\"ImageObject\",\"inLanguage\":\"en-GB\",\"@id\":\"https:\/\/nid.pl\/#\/schema\/person\/image\/\",\"url\":\"https:\/\/nid.pl\/wp-content\/litespeed\/avatar\/924046d17dd0c842c9fa9ccf489bc6dc.jpg?ver=1777444967\",\"contentUrl\":\"https:\/\/nid.pl\/wp-content\/litespeed\/avatar\/924046d17dd0c842c9fa9ccf489bc6dc.jpg?ver=1777444967\",\"caption\":\"Barbara Halliop\"},\"url\":\"https:\/\/nid.pl\/en\/author\/bhalliop\/\"}]}<\/script>\n<!-- \/ Yoast SEO plugin. -->","yoast_head_json":{"title":"Inauguracyjne posiedzenie Rady Programowej NID - NID","robots":{"index":"index","follow":"follow","max-snippet":"max-snippet:-1","max-image-preview":"max-image-preview:large","max-video-preview":"max-video-preview:-1"},"canonical":"https:\/\/nid.pl\/en\/2022\/09\/13\/inauguracyjne-posiedzenie-rady-programowej-nid\/","og_locale":"en_GB","og_type":"article","og_title":"Inauguracyjne posiedzenie Rady Programowej NID - NID","og_description":"12 wrze\u015bnia odby\u0142o si\u0119 inauguracyjne posiedzenie Rady Programowej Narodowego Instytutu Dziedzictwa. Podczas spotkania dr hab. Katarzyna Zalasi\u0144ska \u2013 dyrektor Narodowego Instytutu Dziedzictwa, zaprezentowa\u0142a bie\u017c\u0105c\u0105 strategi\u0119 oraz przedstawi\u0142a plan dzia\u0142ania Instytutu. [&hellip;]","og_url":"https:\/\/nid.pl\/en\/2022\/09\/13\/inauguracyjne-posiedzenie-rady-programowej-nid\/","og_site_name":"NID","article_publisher":"https:\/\/www.facebook.com\/zabytek","article_published_time":"2022-09-13T12:51:00+00:00","article_modified_time":"2022-09-15T10:39:26+00:00","og_image":[{"width":440,"height":294,"url":"https:\/\/nid.pl\/wp-content\/uploads\/2022\/09\/DCS_1098_Rada-Programowa_aktualnosci.jpg","type":"image\/jpeg"}],"author":"Barbara Halliop","twitter_card":"summary_large_image","twitter_creator":"@NarIDpl","twitter_site":"@NarIDpl","twitter_misc":{"Written by":"Barbara Halliop","Estimated reading time":"1 minute"},"schema":{"@context":"https:\/\/schema.org","@graph":[{"@type":"Article","@id":"https:\/\/nid.pl\/en\/2022\/09\/13\/inauguracyjne-posiedzenie-rady-programowej-nid\/#article","isPartOf":{"@id":"https:\/\/nid.pl\/en\/2022\/09\/13\/inauguracyjne-posiedzenie-rady-programowej-nid\/"},"author":{"name":"Barbara Halliop","@id":"https:\/\/nid.pl\/#\/schema\/person\/1b690a8998a5111cfb9f0ffe24195a15"},"headline":"Inauguracyjne posiedzenie Rady Programowej NID","datePublished":"2022-09-13T12:51:00+00:00","dateModified":"2022-09-15T10:39:26+00:00","mainEntityOfPage":{"@id":"https:\/\/nid.pl\/en\/2022\/09\/13\/inauguracyjne-posiedzenie-rady-programowej-nid\/"},"wordCount":155,"commentCount":0,"publisher":{"@id":"https:\/\/nid.pl\/#organization"},"image":{"@id":"https:\/\/nid.pl\/en\/2022\/09\/13\/inauguracyjne-posiedzenie-rady-programowej-nid\/#primaryimage"},"thumbnailUrl":"https:\/\/nid.pl\/wp-content\/uploads\/2022\/09\/DCS_1098_Rada-Programowa_aktualnosci.jpg","articleSection":["Aktualno\u015bci"],"inLanguage":"en-GB"},{"@type":"WebPage","@id":"https:\/\/nid.pl\/en\/2022\/09\/13\/inauguracyjne-posiedzenie-rady-programowej-nid\/","url":"https:\/\/nid.pl\/en\/2022\/09\/13\/inauguracyjne-posiedzenie-rady-programowej-nid\/","name":"Inauguracyjne posiedzenie Rady Programowej NID - NID","isPartOf":{"@id":"https:\/\/nid.pl\/#website"},"primaryImageOfPage":{"@id":"https:\/\/nid.pl\/en\/2022\/09\/13\/inauguracyjne-posiedzenie-rady-programowej-nid\/#primaryimage"},"image":{"@id":"https:\/\/nid.pl\/en\/2022\/09\/13\/inauguracyjne-posiedzenie-rady-programowej-nid\/#primaryimage"},"thumbnailUrl":"https:\/\/nid.pl\/wp-content\/uploads\/2022\/09\/DCS_1098_Rada-Programowa_aktualnosci.jpg","datePublished":"2022-09-13T12:51:00+00:00","dateModified":"2022-09-15T10:39:26+00:00","breadcrumb":{"@id":"https:\/\/nid.pl\/en\/2022\/09\/13\/inauguracyjne-posiedzenie-rady-programowej-nid\/#breadcrumb"},"inLanguage":"en-GB","potentialAction":[{"@type":"ReadAction","target":["https:\/\/nid.pl\/en\/2022\/09\/13\/inauguracyjne-posiedzenie-rady-programowej-nid\/"]}]},{"@type":"ImageObject","inLanguage":"en-GB","@id":"https:\/\/nid.pl\/en\/2022\/09\/13\/inauguracyjne-posiedzenie-rady-programowej-nid\/#primaryimage","url":"https:\/\/nid.pl\/wp-content\/uploads\/2022\/09\/DCS_1098_Rada-Programowa_aktualnosci.jpg","contentUrl":"https:\/\/nid.pl\/wp-content\/uploads\/2022\/09\/DCS_1098_Rada-Programowa_aktualnosci.jpg","width":440,"height":294,"caption":"DCS Rada Programowa aktualnosci"},{"@type":"BreadcrumbList","@id":"https:\/\/nid.pl\/en\/2022\/09\/13\/inauguracyjne-posiedzenie-rady-programowej-nid\/#breadcrumb","itemListElement":[{"@type":"ListItem","position":1,"name":"Home","item":"https:\/\/nid.pl\/"},{"@type":"ListItem","position":2,"name":"Inauguracyjne posiedzenie Rady Programowej NID"}]},{"@type":"WebSite","@id":"https:\/\/nid.pl\/#website","url":"https:\/\/nid.pl\/","name":"NID","description":"Narodowy Instytut Dziedzictwa","publisher":{"@id":"https:\/\/nid.pl\/#organization"},"potentialAction":[{"@type":"SearchAction","target":{"@type":"EntryPoint","urlTemplate":"https:\/\/nid.pl\/?s={search_term_string}"},"query-input":{"@type":"PropertyValueSpecification","valueRequired":true,"valueName":"search_term_string"}}],"inLanguage":"en-GB"},{"@type":"Organization","@id":"https:\/\/nid.pl\/#organization","name":"Narodowy Instytut Dziedzictwa","url":"https:\/\/nid.pl\/","logo":{"@type":"ImageObject","inLanguage":"en-GB","@id":"https:\/\/nid.pl\/#\/schema\/logo\/image\/","url":"https:\/\/nid.pl\/wp-content\/uploads\/2022\/10\/logoRedDark.png","contentUrl":"https:\/\/nid.pl\/wp-content\/uploads\/2022\/10\/logoRedDark.png","width":200,"height":197,"caption":"Narodowy Instytut Dziedzictwa"},"image":{"@id":"https:\/\/nid.pl\/#\/schema\/logo\/image\/"},"sameAs":["https:\/\/www.facebook.com\/zabytek","https:\/\/x.com\/NarIDpl","https:\/\/www.instagram.com\/nid.pl\/?hl=pl","https:\/\/www.linkedin.com\/company\/narodowy-instytut-dziedzictwa","https:\/\/www.youtube.com\/channel\/UCQXuhKa2uHtmNvLRUSx40JA"]},{"@type":"Person","@id":"https:\/\/nid.pl\/#\/schema\/person\/1b690a8998a5111cfb9f0ffe24195a15","name":"Barbara Halliop","image":{"@type":"ImageObject","inLanguage":"en-GB","@id":"https:\/\/nid.pl\/#\/schema\/person\/image\/","url":"https:\/\/nid.pl\/wp-content\/litespeed\/avatar\/924046d17dd0c842c9fa9ccf489bc6dc.jpg?ver=1777444967","contentUrl":"https:\/\/nid.pl\/wp-content\/litespeed\/avatar\/924046d17dd0c842c9fa9ccf489bc6dc.jpg?ver=1777444967","caption":"Barbara Halliop"},"url":"https:\/\/nid.pl\/en\/author\/bhalliop\/"}]}},"_links":{"self":[{"href":"https:\/\/nid.pl\/en\/wp-json\/wp\/v2\/posts\/8209","targetHints":{"allow":["GET"]}}],"collection":[{"href":"https:\/\/nid.pl\/en\/wp-json\/wp\/v2\/posts"}],"about":[{"href":"https:\/\/nid.pl\/en\/wp-json\/wp\/v2\/types\/post"}],"author":[{"embeddable":true,"href":"https:\/\/nid.pl\/en\/wp-json\/wp\/v2\/users\/7"}],"replies":[{"embeddable":true,"href":"https:\/\/nid.pl\/en\/wp-json\/wp\/v2\/comments?post=8209"}],"version-history":[{"count":0,"href":"https:\/\/nid.pl\/en\/wp-json\/wp\/v2\/posts\/8209\/revisions"}],"wp:featuredmedia":[{"embeddable":true,"href":"https:\/\/nid.pl\/en\/wp-json\/wp\/v2\/media\/8210"}],"wp:attachment":[{"href":"https:\/\/nid.pl\/en\/wp-json\/wp\/v2\/media?parent=8209"}],"wp:term":[{"taxonomy":"category","embeddable":true,"href":"https:\/\/nid.pl\/en\/wp-json\/wp\/v2\/categories?post=8209"},{"taxonomy":"post_tag","embeddable":true,"href":"https:\/\/nid.pl\/en\/wp-json\/wp\/v2\/tags?post=8209"}],"curies":[{"name":"wp","href":"https:\/\/api.w.org\/{rel}","templated":true}]}}