{"id":8172,"date":"2022-09-12T16:46:37","date_gmt":"2022-09-12T14:46:37","guid":{"rendered":"https:\/\/nid.pl\/?p=8172"},"modified":"2022-09-16T14:53:01","modified_gmt":"2022-09-16T12:53:01","slug":"konferencja-podsumowujaca-projekt-digitalizacja-i-udostepnianie-cyfrowych-dobr-kultury-zabytkow-oraz-grobow-i-cmentarzy-wojennych","status":"publish","type":"post","link":"https:\/\/nid.pl\/en\/2022\/09\/12\/konferencja-podsumowujaca-projekt-digitalizacja-i-udostepnianie-cyfrowych-dobr-kultury-zabytkow-oraz-grobow-i-cmentarzy-wojennych\/","title":{"rendered":"Konferencja podsumowuj\u0105ca projekt: \u201eDigitalizacja i udost\u0119pnianie cyfrowych d\u00f3br kultury \u2013 zabytk\u00f3w oraz grob\u00f3w i cmentarzy wojennych\u201d"},"content":{"rendered":"<p><strong>12 wrze\u015bnia 2022 r. w siedzibie Narodowego Instytutu Dziedzictwa odby\u0142a si\u0119 konferencja prasowa podsumowuj\u0105ca realizacj\u0119 projektu: <em>\u201eDigitalizacja i udost\u0119pnianie cyfrowych d\u00f3br kultury \u2013 zabytk\u00f3w oraz grob\u00f3w i cmentarzy wojennych\u201d<\/em>, konferencja by\u0142a r\u00f3wnie\u017c dost\u0119pna online na kanale YouTube NID.<\/strong><\/p>\n\n\n\n<p>W spotkaniu udzia\u0142 wzi\u0119\u0142a Marzenna Guz-Vetter, p.o. dyrektora przedstawicielstwa Komisji Europejskiej w Polsce, Ewa Siczek, dyrektor Biura Projekt\u00f3w Rozwoju Us\u0142ug Cyfrowych, Centrum Projekt\u00f3w Polska Cyfrowa oraz przedstawiciel Ministerstwa Kultury i Dziedzictwa Narodowego.<\/p>\n\n\n\n<p>Znaczenie projektu oraz jego przebieg przedstawi\u0142a dr hab. Katarzyna Zalasi\u0144ska, dyrektor Narodowego Instytutu Dziedzictwa oraz Piotr Skajewski \u2013 kierownik projektu. Szczeg\u00f3\u0142y realizacji jednego z element\u00f3w projektu, czyli scanowanie 3D, zaprezentowa\u0142 Karol Czajkowski, koordynator digitalizacji 3D, Dzia\u0142 Danych o Zabytkach, Centrum Kompetencji ds. Digitalizacji NID.<br>Po zako\u0144czeniu prezentacji, zebrani go\u015bcie udali si\u0119 na wizyt\u0119 do pracowni digitalizacji, gdzie mogli zapozna\u0107 si\u0119 z procesem digitalizacji oraz z opracowywanymi aktualnie materia\u0142ami \u017ar\u00f3d\u0142owymi.<\/p>\n\n\n\n<p>Zapis konferencji dost\u0119pny jest na kanale YouTube NID:<\/p>\n\n\n\n<figure class=\"wp-block-embed aligncenter is-type-video is-provider-youtube wp-block-embed-youtube wp-embed-aspect-16-9 wp-has-aspect-ratio\"><div class=\"wp-block-embed__wrapper\">\n<iframe loading=\"lazy\" title=\"Digitalizacja i udost\u0119pnianie cyfrowych d\u00f3br kultury - zabytk\u00f3w oraz grob\u00f3w i cmentarzy wojennych\" width=\"1080\" height=\"608\" src=\"https:\/\/www.youtube.com\/embed\/8TT3a2vwPKo?start=3395&#038;feature=oembed\"  allow=\"accelerometer; autoplay; clipboard-write; encrypted-media; gyroscope; picture-in-picture\" allowfullscreen><\/iframe>\n<\/div><\/figure>\n\n\n\n<div class=\"wp-block-image\"><figure class=\"aligncenter size-full\"><img loading=\"lazy\" decoding=\"async\" width=\"1024\" height=\"768\" src=\"https:\/\/nid.pl\/wp-content\/uploads\/2022\/09\/konferencja-POPC_1.jpeg\" alt=\"\" class=\"wp-image-8174\" srcset=\"https:\/\/nid.pl\/wp-content\/uploads\/2022\/09\/konferencja-POPC_1.jpeg 1024w, https:\/\/nid.pl\/wp-content\/uploads\/2022\/09\/konferencja-POPC_1-980x735.jpeg 980w, https:\/\/nid.pl\/wp-content\/uploads\/2022\/09\/konferencja-POPC_1-480x360.jpeg 480w\" sizes=\"(min-width: 0px) and (max-width: 480px) 480px, (min-width: 481px) and (max-width: 980px) 980px, (min-width: 981px) 1024px, 100vw\" \/><\/figure><\/div>\n\n\n\n<div class=\"wp-block-image\"><figure class=\"aligncenter size-full\"><img loading=\"lazy\" decoding=\"async\" width=\"847\" height=\"1024\" src=\"https:\/\/nid.pl\/wp-content\/uploads\/2022\/09\/konferencja-POPC_7.jpeg\" alt=\"\" class=\"wp-image-8184\" srcset=\"https:\/\/nid.pl\/wp-content\/uploads\/2022\/09\/konferencja-POPC_7.jpeg 847w, https:\/\/nid.pl\/wp-content\/uploads\/2022\/09\/konferencja-POPC_7-480x580.jpeg 480w\" sizes=\"(min-width: 0px) and (max-width: 480px) 480px, (min-width: 481px) 847px, 100vw\" \/><\/figure><\/div>\n\n\n\n<div class=\"wp-block-image\"><figure class=\"aligncenter size-full\"><img loading=\"lazy\" decoding=\"async\" width=\"1024\" height=\"768\" src=\"https:\/\/nid.pl\/wp-content\/uploads\/2022\/09\/konferencja-POPC_2.jpeg\" alt=\"\" class=\"wp-image-8175\" srcset=\"https:\/\/nid.pl\/wp-content\/uploads\/2022\/09\/konferencja-POPC_2.jpeg 1024w, https:\/\/nid.pl\/wp-content\/uploads\/2022\/09\/konferencja-POPC_2-980x735.jpeg 980w, https:\/\/nid.pl\/wp-content\/uploads\/2022\/09\/konferencja-POPC_2-480x360.jpeg 480w\" sizes=\"(min-width: 0px) and (max-width: 480px) 480px, (min-width: 481px) and (max-width: 980px) 980px, (min-width: 981px) 1024px, 100vw\" \/><\/figure><\/div>\n\n\n\n<div class=\"wp-block-image\"><figure class=\"aligncenter size-full\"><img loading=\"lazy\" decoding=\"async\" width=\"1024\" height=\"768\" src=\"https:\/\/nid.pl\/wp-content\/uploads\/2022\/09\/konferencja-POPC_3.jpeg\" alt=\"\" class=\"wp-image-8176\" srcset=\"https:\/\/nid.pl\/wp-content\/uploads\/2022\/09\/konferencja-POPC_3.jpeg 1024w, https:\/\/nid.pl\/wp-content\/uploads\/2022\/09\/konferencja-POPC_3-980x735.jpeg 980w, https:\/\/nid.pl\/wp-content\/uploads\/2022\/09\/konferencja-POPC_3-480x360.jpeg 480w\" sizes=\"(min-width: 0px) and (max-width: 480px) 480px, (min-width: 481px) and (max-width: 980px) 980px, (min-width: 981px) 1024px, 100vw\" \/><\/figure><\/div>\n\n\n\n<div class=\"wp-block-image\"><figure class=\"aligncenter size-full\"><img loading=\"lazy\" decoding=\"async\" width=\"768\" height=\"1024\" src=\"https:\/\/nid.pl\/wp-content\/uploads\/2022\/09\/konferencja-POPC_-4.jpeg\" alt=\"\" class=\"wp-image-8177\" srcset=\"https:\/\/nid.pl\/wp-content\/uploads\/2022\/09\/konferencja-POPC_-4.jpeg 768w, https:\/\/nid.pl\/wp-content\/uploads\/2022\/09\/konferencja-POPC_-4-480x640.jpeg 480w\" sizes=\"(min-width: 0px) and (max-width: 480px) 480px, (min-width: 481px) 768px, 100vw\" \/><\/figure><\/div>\n\n\n\n<div class=\"wp-block-image\"><figure class=\"aligncenter size-full\"><img loading=\"lazy\" decoding=\"async\" width=\"768\" height=\"1024\" src=\"https:\/\/nid.pl\/wp-content\/uploads\/2022\/09\/konferencja-POPC_5.jpeg\" alt=\"\" class=\"wp-image-8178\" srcset=\"https:\/\/nid.pl\/wp-content\/uploads\/2022\/09\/konferencja-POPC_5.jpeg 768w, https:\/\/nid.pl\/wp-content\/uploads\/2022\/09\/konferencja-POPC_5-480x640.jpeg 480w\" sizes=\"(min-width: 0px) and (max-width: 480px) 480px, (min-width: 481px) 768px, 100vw\" \/><\/figure><\/div>\n\n\n\n<div class=\"wp-block-image\"><figure class=\"aligncenter size-full\"><img loading=\"lazy\" decoding=\"async\" width=\"768\" height=\"1024\" src=\"https:\/\/nid.pl\/wp-content\/uploads\/2022\/09\/konferencja-POPC_6.jpeg\" alt=\"\" class=\"wp-image-8179\" srcset=\"https:\/\/nid.pl\/wp-content\/uploads\/2022\/09\/konferencja-POPC_6.jpeg 768w, https:\/\/nid.pl\/wp-content\/uploads\/2022\/09\/konferencja-POPC_6-480x640.jpeg 480w\" sizes=\"(min-width: 0px) and (max-width: 480px) 480px, (min-width: 481px) 768px, 100vw\" \/><\/figure><\/div>\n\n\n\n<p><\/p>\n\n\n\n<p>Projekt \u201eDigitalizacja i udost\u0119pnianie cyfrowych d\u00f3br kultury \u2013 zabytk\u00f3w oraz grob\u00f3w i Cmentarzy wojennych\u201d ma na celu cyfryzacj\u0119 dokument\u00f3w, takich jak: karty ewidencyjne, zdj\u0119cia, mapy, plany, schematy, ryciny i inne dokumenty znajduj\u0105ce si\u0119 w archiwum NID oraz udost\u0119pnienie ich w przestrzeni on-line na portalu zabytek.pl. Podj\u0119te dzia\u0142ania dotycz\u0105 wszystkich obiekt\u00f3w nieruchomych oraz archeologicznych wpisanych do Krajowej Ewidencji Zabytk\u00f3w oraz kart ewidencyjnych grob\u00f3w i cmentarzy wojennych znajduj\u0105cych si\u0119 w archiwum urz\u0119d\u00f3w wojew\u00f3dzkich. Projekt realizowany jest od 28 stycznia 2019 r. do wrze\u015bnia 2022 roku. Jego warto\u015b\u0107 zosta\u0142a ustalona na poziomie 37 mln z\u0142 z czego 31 mln z\u0142 pochodzi z bud\u017cetu Unii Europejskiej, w ramach <strong>Programu Operacyjnego Polska Cyfrowa<\/strong>, a 6 mln pochodzi ze \u015brodk\u00f3w <strong>Ministra Kultury i Dziedzictwa Narodowego.<\/strong><\/p>\n\n\n\n<p><\/p>\n\n\n\n<p><\/p>","protected":false},"excerpt":{"rendered":"<p>12 wrze\u015bnia 2022 r. w siedzibie Narodowego Instytutu Dziedzictwa odby\u0142a si\u0119 konferencja prasowa podsumowuj\u0105ca realizacj\u0119 projektu: \u201eDigitalizacja i udost\u0119pnianie cyfrowych d\u00f3br kultury \u2013 zabytk\u00f3w oraz grob\u00f3w i cmentarzy wojennych\u201d, konferencja [&hellip;]<\/p>","protected":false},"author":7,"featured_media":8171,"comment_status":"open","ping_status":"open","sticky":false,"template":"","format":"standard","meta":{"_et_pb_use_builder":"off","_et_pb_old_content":"","_et_gb_content_width":"","_monsterinsights_skip_tracking":false,"_monsterinsights_sitenote_active":false,"_monsterinsights_sitenote_note":"","_monsterinsights_sitenote_category":0,"footnotes":""},"categories":[3],"tags":[],"class_list":["post-8172","post","type-post","status-publish","format-standard","has-post-thumbnail","hentry","category-aktualnosci"],"yoast_head":"<!-- This site is optimized with the Yoast SEO plugin v26.5 - https:\/\/yoast.com\/wordpress\/plugins\/seo\/ -->\n<title>Konferencja podsumowuj\u0105ca projekt: \u201eDigitalizacja i udost\u0119pnianie cyfrowych d\u00f3br kultury \u2013 zabytk\u00f3w oraz grob\u00f3w i cmentarzy wojennych\u201d - NID<\/title>\n<meta name=\"robots\" content=\"index, follow, max-snippet:-1, max-image-preview:large, max-video-preview:-1\" \/>\n<link rel=\"canonical\" href=\"https:\/\/nid.pl\/en\/2022\/09\/12\/konferencja-podsumowujaca-projekt-digitalizacja-i-udostepnianie-cyfrowych-dobr-kultury-zabytkow-oraz-grobow-i-cmentarzy-wojennych\/\" \/>\n<meta property=\"og:locale\" content=\"en_GB\" \/>\n<meta property=\"og:type\" content=\"article\" \/>\n<meta property=\"og:title\" content=\"Konferencja podsumowuj\u0105ca projekt: \u201eDigitalizacja i udost\u0119pnianie cyfrowych d\u00f3br kultury \u2013 zabytk\u00f3w oraz grob\u00f3w i cmentarzy wojennych\u201d - NID\" \/>\n<meta property=\"og:description\" content=\"12 wrze\u015bnia 2022 r. w siedzibie Narodowego Instytutu Dziedzictwa odby\u0142a si\u0119 konferencja prasowa podsumowuj\u0105ca realizacj\u0119 projektu: \u201eDigitalizacja i udost\u0119pnianie cyfrowych d\u00f3br kultury \u2013 zabytk\u00f3w oraz grob\u00f3w i cmentarzy wojennych\u201d, konferencja [&hellip;]\" \/>\n<meta property=\"og:url\" content=\"https:\/\/nid.pl\/en\/2022\/09\/12\/konferencja-podsumowujaca-projekt-digitalizacja-i-udostepnianie-cyfrowych-dobr-kultury-zabytkow-oraz-grobow-i-cmentarzy-wojennych\/\" \/>\n<meta property=\"og:site_name\" content=\"NID\" \/>\n<meta property=\"article:publisher\" content=\"https:\/\/www.facebook.com\/zabytek\" \/>\n<meta property=\"article:published_time\" content=\"2022-09-12T14:46:37+00:00\" \/>\n<meta property=\"article:modified_time\" content=\"2022-09-16T12:53:01+00:00\" \/>\n<meta property=\"og:image\" content=\"https:\/\/nid.pl\/wp-content\/uploads\/2022\/09\/Konferencja-POPC_aktualnosci.jpg\" \/>\n\t<meta property=\"og:image:width\" content=\"440\" \/>\n\t<meta property=\"og:image:height\" content=\"294\" \/>\n\t<meta property=\"og:image:type\" content=\"image\/jpeg\" \/>\n<meta name=\"author\" content=\"Barbara Halliop\" \/>\n<meta name=\"twitter:card\" content=\"summary_large_image\" \/>\n<meta name=\"twitter:creator\" content=\"@NarIDpl\" \/>\n<meta name=\"twitter:site\" content=\"@NarIDpl\" \/>\n<meta name=\"twitter:label1\" content=\"Written by\" \/>\n\t<meta name=\"twitter:data1\" content=\"Barbara Halliop\" \/>\n\t<meta name=\"twitter:label2\" content=\"Estimated reading time\" \/>\n\t<meta name=\"twitter:data2\" content=\"3 minutes\" \/>\n<script type=\"application\/ld+json\" class=\"yoast-schema-graph\">{\"@context\":\"https:\/\/schema.org\",\"@graph\":[{\"@type\":\"Article\",\"@id\":\"https:\/\/nid.pl\/2022\/09\/12\/konferencja-podsumowujaca-projekt-digitalizacja-i-udostepnianie-cyfrowych-dobr-kultury-zabytkow-oraz-grobow-i-cmentarzy-wojennych\/#article\",\"isPartOf\":{\"@id\":\"https:\/\/nid.pl\/2022\/09\/12\/konferencja-podsumowujaca-projekt-digitalizacja-i-udostepnianie-cyfrowych-dobr-kultury-zabytkow-oraz-grobow-i-cmentarzy-wojennych\/\"},\"author\":{\"name\":\"Barbara Halliop\",\"@id\":\"https:\/\/nid.pl\/#\/schema\/person\/1b690a8998a5111cfb9f0ffe24195a15\"},\"headline\":\"Konferencja podsumowuj\u0105ca projekt: \u201eDigitalizacja i udost\u0119pnianie cyfrowych d\u00f3br kultury \u2013 zabytk\u00f3w oraz grob\u00f3w i cmentarzy wojennych\u201d\",\"datePublished\":\"2022-09-12T14:46:37+00:00\",\"dateModified\":\"2022-09-16T12:53:01+00:00\",\"mainEntityOfPage\":{\"@id\":\"https:\/\/nid.pl\/2022\/09\/12\/konferencja-podsumowujaca-projekt-digitalizacja-i-udostepnianie-cyfrowych-dobr-kultury-zabytkow-oraz-grobow-i-cmentarzy-wojennych\/\"},\"wordCount\":334,\"commentCount\":0,\"publisher\":{\"@id\":\"https:\/\/nid.pl\/#organization\"},\"image\":{\"@id\":\"https:\/\/nid.pl\/2022\/09\/12\/konferencja-podsumowujaca-projekt-digitalizacja-i-udostepnianie-cyfrowych-dobr-kultury-zabytkow-oraz-grobow-i-cmentarzy-wojennych\/#primaryimage\"},\"thumbnailUrl\":\"https:\/\/nid.pl\/wp-content\/uploads\/2022\/09\/Konferencja-POPC_aktualnosci.jpg\",\"articleSection\":[\"Aktualno\u015bci\"],\"inLanguage\":\"en-GB\"},{\"@type\":\"WebPage\",\"@id\":\"https:\/\/nid.pl\/2022\/09\/12\/konferencja-podsumowujaca-projekt-digitalizacja-i-udostepnianie-cyfrowych-dobr-kultury-zabytkow-oraz-grobow-i-cmentarzy-wojennych\/\",\"url\":\"https:\/\/nid.pl\/2022\/09\/12\/konferencja-podsumowujaca-projekt-digitalizacja-i-udostepnianie-cyfrowych-dobr-kultury-zabytkow-oraz-grobow-i-cmentarzy-wojennych\/\",\"name\":\"Konferencja podsumowuj\u0105ca projekt: \u201eDigitalizacja i udost\u0119pnianie cyfrowych d\u00f3br kultury \u2013 zabytk\u00f3w oraz grob\u00f3w i cmentarzy wojennych\u201d - NID\",\"isPartOf\":{\"@id\":\"https:\/\/nid.pl\/#website\"},\"primaryImageOfPage\":{\"@id\":\"https:\/\/nid.pl\/2022\/09\/12\/konferencja-podsumowujaca-projekt-digitalizacja-i-udostepnianie-cyfrowych-dobr-kultury-zabytkow-oraz-grobow-i-cmentarzy-wojennych\/#primaryimage\"},\"image\":{\"@id\":\"https:\/\/nid.pl\/2022\/09\/12\/konferencja-podsumowujaca-projekt-digitalizacja-i-udostepnianie-cyfrowych-dobr-kultury-zabytkow-oraz-grobow-i-cmentarzy-wojennych\/#primaryimage\"},\"thumbnailUrl\":\"https:\/\/nid.pl\/wp-content\/uploads\/2022\/09\/Konferencja-POPC_aktualnosci.jpg\",\"datePublished\":\"2022-09-12T14:46:37+00:00\",\"dateModified\":\"2022-09-16T12:53:01+00:00\",\"breadcrumb\":{\"@id\":\"https:\/\/nid.pl\/2022\/09\/12\/konferencja-podsumowujaca-projekt-digitalizacja-i-udostepnianie-cyfrowych-dobr-kultury-zabytkow-oraz-grobow-i-cmentarzy-wojennych\/#breadcrumb\"},\"inLanguage\":\"en-GB\",\"potentialAction\":[{\"@type\":\"ReadAction\",\"target\":[\"https:\/\/nid.pl\/2022\/09\/12\/konferencja-podsumowujaca-projekt-digitalizacja-i-udostepnianie-cyfrowych-dobr-kultury-zabytkow-oraz-grobow-i-cmentarzy-wojennych\/\"]}]},{\"@type\":\"ImageObject\",\"inLanguage\":\"en-GB\",\"@id\":\"https:\/\/nid.pl\/2022\/09\/12\/konferencja-podsumowujaca-projekt-digitalizacja-i-udostepnianie-cyfrowych-dobr-kultury-zabytkow-oraz-grobow-i-cmentarzy-wojennych\/#primaryimage\",\"url\":\"https:\/\/nid.pl\/wp-content\/uploads\/2022\/09\/Konferencja-POPC_aktualnosci.jpg\",\"contentUrl\":\"https:\/\/nid.pl\/wp-content\/uploads\/2022\/09\/Konferencja-POPC_aktualnosci.jpg\",\"width\":440,\"height\":294,\"caption\":\"Konferencja POPC aktualnosci\"},{\"@type\":\"BreadcrumbList\",\"@id\":\"https:\/\/nid.pl\/2022\/09\/12\/konferencja-podsumowujaca-projekt-digitalizacja-i-udostepnianie-cyfrowych-dobr-kultury-zabytkow-oraz-grobow-i-cmentarzy-wojennych\/#breadcrumb\",\"itemListElement\":[{\"@type\":\"ListItem\",\"position\":1,\"name\":\"Home\",\"item\":\"https:\/\/nid.pl\/\"},{\"@type\":\"ListItem\",\"position\":2,\"name\":\"Konferencja podsumowuj\u0105ca projekt: \u201eDigitalizacja i udost\u0119pnianie cyfrowych d\u00f3br kultury \u2013 zabytk\u00f3w oraz grob\u00f3w i cmentarzy wojennych\u201d\"}]},{\"@type\":\"WebSite\",\"@id\":\"https:\/\/nid.pl\/#website\",\"url\":\"https:\/\/nid.pl\/\",\"name\":\"NID\",\"description\":\"Narodowy Instytut Dziedzictwa\",\"publisher\":{\"@id\":\"https:\/\/nid.pl\/#organization\"},\"potentialAction\":[{\"@type\":\"SearchAction\",\"target\":{\"@type\":\"EntryPoint\",\"urlTemplate\":\"https:\/\/nid.pl\/?s={search_term_string}\"},\"query-input\":{\"@type\":\"PropertyValueSpecification\",\"valueRequired\":true,\"valueName\":\"search_term_string\"}}],\"inLanguage\":\"en-GB\"},{\"@type\":\"Organization\",\"@id\":\"https:\/\/nid.pl\/#organization\",\"name\":\"Narodowy Instytut Dziedzictwa\",\"url\":\"https:\/\/nid.pl\/\",\"logo\":{\"@type\":\"ImageObject\",\"inLanguage\":\"en-GB\",\"@id\":\"https:\/\/nid.pl\/#\/schema\/logo\/image\/\",\"url\":\"https:\/\/nid.pl\/wp-content\/uploads\/2022\/10\/logoRedDark.png\",\"contentUrl\":\"https:\/\/nid.pl\/wp-content\/uploads\/2022\/10\/logoRedDark.png\",\"width\":200,\"height\":197,\"caption\":\"Narodowy Instytut Dziedzictwa\"},\"image\":{\"@id\":\"https:\/\/nid.pl\/#\/schema\/logo\/image\/\"},\"sameAs\":[\"https:\/\/www.facebook.com\/zabytek\",\"https:\/\/x.com\/NarIDpl\",\"https:\/\/www.instagram.com\/nid.pl\/?hl=pl\",\"https:\/\/www.linkedin.com\/company\/narodowy-instytut-dziedzictwa\",\"https:\/\/www.youtube.com\/channel\/UCQXuhKa2uHtmNvLRUSx40JA\"]},{\"@type\":\"Person\",\"@id\":\"https:\/\/nid.pl\/#\/schema\/person\/1b690a8998a5111cfb9f0ffe24195a15\",\"name\":\"Barbara Halliop\",\"image\":{\"@type\":\"ImageObject\",\"inLanguage\":\"en-GB\",\"@id\":\"https:\/\/nid.pl\/#\/schema\/person\/image\/\",\"url\":\"https:\/\/nid.pl\/wp-content\/litespeed\/avatar\/924046d17dd0c842c9fa9ccf489bc6dc.jpg?ver=1777444967\",\"contentUrl\":\"https:\/\/nid.pl\/wp-content\/litespeed\/avatar\/924046d17dd0c842c9fa9ccf489bc6dc.jpg?ver=1777444967\",\"caption\":\"Barbara Halliop\"},\"url\":\"https:\/\/nid.pl\/en\/author\/bhalliop\/\"}]}<\/script>\n<!-- \/ Yoast SEO plugin. -->","yoast_head_json":{"title":"Konferencja podsumowuj\u0105ca projekt: \u201eDigitalizacja i udost\u0119pnianie cyfrowych d\u00f3br kultury \u2013 zabytk\u00f3w oraz grob\u00f3w i cmentarzy wojennych\u201d - NID","robots":{"index":"index","follow":"follow","max-snippet":"max-snippet:-1","max-image-preview":"max-image-preview:large","max-video-preview":"max-video-preview:-1"},"canonical":"https:\/\/nid.pl\/en\/2022\/09\/12\/konferencja-podsumowujaca-projekt-digitalizacja-i-udostepnianie-cyfrowych-dobr-kultury-zabytkow-oraz-grobow-i-cmentarzy-wojennych\/","og_locale":"en_GB","og_type":"article","og_title":"Konferencja podsumowuj\u0105ca projekt: \u201eDigitalizacja i udost\u0119pnianie cyfrowych d\u00f3br kultury \u2013 zabytk\u00f3w oraz grob\u00f3w i cmentarzy wojennych\u201d - NID","og_description":"12 wrze\u015bnia 2022 r. w siedzibie Narodowego Instytutu Dziedzictwa odby\u0142a si\u0119 konferencja prasowa podsumowuj\u0105ca realizacj\u0119 projektu: \u201eDigitalizacja i udost\u0119pnianie cyfrowych d\u00f3br kultury \u2013 zabytk\u00f3w oraz grob\u00f3w i cmentarzy wojennych\u201d, konferencja [&hellip;]","og_url":"https:\/\/nid.pl\/en\/2022\/09\/12\/konferencja-podsumowujaca-projekt-digitalizacja-i-udostepnianie-cyfrowych-dobr-kultury-zabytkow-oraz-grobow-i-cmentarzy-wojennych\/","og_site_name":"NID","article_publisher":"https:\/\/www.facebook.com\/zabytek","article_published_time":"2022-09-12T14:46:37+00:00","article_modified_time":"2022-09-16T12:53:01+00:00","og_image":[{"width":440,"height":294,"url":"https:\/\/nid.pl\/wp-content\/uploads\/2022\/09\/Konferencja-POPC_aktualnosci.jpg","type":"image\/jpeg"}],"author":"Barbara Halliop","twitter_card":"summary_large_image","twitter_creator":"@NarIDpl","twitter_site":"@NarIDpl","twitter_misc":{"Written by":"Barbara Halliop","Estimated reading time":"3 minutes"},"schema":{"@context":"https:\/\/schema.org","@graph":[{"@type":"Article","@id":"https:\/\/nid.pl\/2022\/09\/12\/konferencja-podsumowujaca-projekt-digitalizacja-i-udostepnianie-cyfrowych-dobr-kultury-zabytkow-oraz-grobow-i-cmentarzy-wojennych\/#article","isPartOf":{"@id":"https:\/\/nid.pl\/2022\/09\/12\/konferencja-podsumowujaca-projekt-digitalizacja-i-udostepnianie-cyfrowych-dobr-kultury-zabytkow-oraz-grobow-i-cmentarzy-wojennych\/"},"author":{"name":"Barbara Halliop","@id":"https:\/\/nid.pl\/#\/schema\/person\/1b690a8998a5111cfb9f0ffe24195a15"},"headline":"Konferencja podsumowuj\u0105ca projekt: \u201eDigitalizacja i udost\u0119pnianie cyfrowych d\u00f3br kultury \u2013 zabytk\u00f3w oraz grob\u00f3w i cmentarzy wojennych\u201d","datePublished":"2022-09-12T14:46:37+00:00","dateModified":"2022-09-16T12:53:01+00:00","mainEntityOfPage":{"@id":"https:\/\/nid.pl\/2022\/09\/12\/konferencja-podsumowujaca-projekt-digitalizacja-i-udostepnianie-cyfrowych-dobr-kultury-zabytkow-oraz-grobow-i-cmentarzy-wojennych\/"},"wordCount":334,"commentCount":0,"publisher":{"@id":"https:\/\/nid.pl\/#organization"},"image":{"@id":"https:\/\/nid.pl\/2022\/09\/12\/konferencja-podsumowujaca-projekt-digitalizacja-i-udostepnianie-cyfrowych-dobr-kultury-zabytkow-oraz-grobow-i-cmentarzy-wojennych\/#primaryimage"},"thumbnailUrl":"https:\/\/nid.pl\/wp-content\/uploads\/2022\/09\/Konferencja-POPC_aktualnosci.jpg","articleSection":["Aktualno\u015bci"],"inLanguage":"en-GB"},{"@type":"WebPage","@id":"https:\/\/nid.pl\/2022\/09\/12\/konferencja-podsumowujaca-projekt-digitalizacja-i-udostepnianie-cyfrowych-dobr-kultury-zabytkow-oraz-grobow-i-cmentarzy-wojennych\/","url":"https:\/\/nid.pl\/2022\/09\/12\/konferencja-podsumowujaca-projekt-digitalizacja-i-udostepnianie-cyfrowych-dobr-kultury-zabytkow-oraz-grobow-i-cmentarzy-wojennych\/","name":"Konferencja podsumowuj\u0105ca projekt: \u201eDigitalizacja i udost\u0119pnianie cyfrowych d\u00f3br kultury \u2013 zabytk\u00f3w oraz grob\u00f3w i cmentarzy wojennych\u201d - NID","isPartOf":{"@id":"https:\/\/nid.pl\/#website"},"primaryImageOfPage":{"@id":"https:\/\/nid.pl\/2022\/09\/12\/konferencja-podsumowujaca-projekt-digitalizacja-i-udostepnianie-cyfrowych-dobr-kultury-zabytkow-oraz-grobow-i-cmentarzy-wojennych\/#primaryimage"},"image":{"@id":"https:\/\/nid.pl\/2022\/09\/12\/konferencja-podsumowujaca-projekt-digitalizacja-i-udostepnianie-cyfrowych-dobr-kultury-zabytkow-oraz-grobow-i-cmentarzy-wojennych\/#primaryimage"},"thumbnailUrl":"https:\/\/nid.pl\/wp-content\/uploads\/2022\/09\/Konferencja-POPC_aktualnosci.jpg","datePublished":"2022-09-12T14:46:37+00:00","dateModified":"2022-09-16T12:53:01+00:00","breadcrumb":{"@id":"https:\/\/nid.pl\/2022\/09\/12\/konferencja-podsumowujaca-projekt-digitalizacja-i-udostepnianie-cyfrowych-dobr-kultury-zabytkow-oraz-grobow-i-cmentarzy-wojennych\/#breadcrumb"},"inLanguage":"en-GB","potentialAction":[{"@type":"ReadAction","target":["https:\/\/nid.pl\/2022\/09\/12\/konferencja-podsumowujaca-projekt-digitalizacja-i-udostepnianie-cyfrowych-dobr-kultury-zabytkow-oraz-grobow-i-cmentarzy-wojennych\/"]}]},{"@type":"ImageObject","inLanguage":"en-GB","@id":"https:\/\/nid.pl\/2022\/09\/12\/konferencja-podsumowujaca-projekt-digitalizacja-i-udostepnianie-cyfrowych-dobr-kultury-zabytkow-oraz-grobow-i-cmentarzy-wojennych\/#primaryimage","url":"https:\/\/nid.pl\/wp-content\/uploads\/2022\/09\/Konferencja-POPC_aktualnosci.jpg","contentUrl":"https:\/\/nid.pl\/wp-content\/uploads\/2022\/09\/Konferencja-POPC_aktualnosci.jpg","width":440,"height":294,"caption":"Konferencja POPC aktualnosci"},{"@type":"BreadcrumbList","@id":"https:\/\/nid.pl\/2022\/09\/12\/konferencja-podsumowujaca-projekt-digitalizacja-i-udostepnianie-cyfrowych-dobr-kultury-zabytkow-oraz-grobow-i-cmentarzy-wojennych\/#breadcrumb","itemListElement":[{"@type":"ListItem","position":1,"name":"Home","item":"https:\/\/nid.pl\/"},{"@type":"ListItem","position":2,"name":"Konferencja podsumowuj\u0105ca projekt: \u201eDigitalizacja i udost\u0119pnianie cyfrowych d\u00f3br kultury \u2013 zabytk\u00f3w oraz grob\u00f3w i cmentarzy wojennych\u201d"}]},{"@type":"WebSite","@id":"https:\/\/nid.pl\/#website","url":"https:\/\/nid.pl\/","name":"NID","description":"Narodowy Instytut Dziedzictwa","publisher":{"@id":"https:\/\/nid.pl\/#organization"},"potentialAction":[{"@type":"SearchAction","target":{"@type":"EntryPoint","urlTemplate":"https:\/\/nid.pl\/?s={search_term_string}"},"query-input":{"@type":"PropertyValueSpecification","valueRequired":true,"valueName":"search_term_string"}}],"inLanguage":"en-GB"},{"@type":"Organization","@id":"https:\/\/nid.pl\/#organization","name":"Narodowy Instytut Dziedzictwa","url":"https:\/\/nid.pl\/","logo":{"@type":"ImageObject","inLanguage":"en-GB","@id":"https:\/\/nid.pl\/#\/schema\/logo\/image\/","url":"https:\/\/nid.pl\/wp-content\/uploads\/2022\/10\/logoRedDark.png","contentUrl":"https:\/\/nid.pl\/wp-content\/uploads\/2022\/10\/logoRedDark.png","width":200,"height":197,"caption":"Narodowy Instytut Dziedzictwa"},"image":{"@id":"https:\/\/nid.pl\/#\/schema\/logo\/image\/"},"sameAs":["https:\/\/www.facebook.com\/zabytek","https:\/\/x.com\/NarIDpl","https:\/\/www.instagram.com\/nid.pl\/?hl=pl","https:\/\/www.linkedin.com\/company\/narodowy-instytut-dziedzictwa","https:\/\/www.youtube.com\/channel\/UCQXuhKa2uHtmNvLRUSx40JA"]},{"@type":"Person","@id":"https:\/\/nid.pl\/#\/schema\/person\/1b690a8998a5111cfb9f0ffe24195a15","name":"Barbara Halliop","image":{"@type":"ImageObject","inLanguage":"en-GB","@id":"https:\/\/nid.pl\/#\/schema\/person\/image\/","url":"https:\/\/nid.pl\/wp-content\/litespeed\/avatar\/924046d17dd0c842c9fa9ccf489bc6dc.jpg?ver=1777444967","contentUrl":"https:\/\/nid.pl\/wp-content\/litespeed\/avatar\/924046d17dd0c842c9fa9ccf489bc6dc.jpg?ver=1777444967","caption":"Barbara Halliop"},"url":"https:\/\/nid.pl\/en\/author\/bhalliop\/"}]}},"_links":{"self":[{"href":"https:\/\/nid.pl\/en\/wp-json\/wp\/v2\/posts\/8172","targetHints":{"allow":["GET"]}}],"collection":[{"href":"https:\/\/nid.pl\/en\/wp-json\/wp\/v2\/posts"}],"about":[{"href":"https:\/\/nid.pl\/en\/wp-json\/wp\/v2\/types\/post"}],"author":[{"embeddable":true,"href":"https:\/\/nid.pl\/en\/wp-json\/wp\/v2\/users\/7"}],"replies":[{"embeddable":true,"href":"https:\/\/nid.pl\/en\/wp-json\/wp\/v2\/comments?post=8172"}],"version-history":[{"count":0,"href":"https:\/\/nid.pl\/en\/wp-json\/wp\/v2\/posts\/8172\/revisions"}],"wp:featuredmedia":[{"embeddable":true,"href":"https:\/\/nid.pl\/en\/wp-json\/wp\/v2\/media\/8171"}],"wp:attachment":[{"href":"https:\/\/nid.pl\/en\/wp-json\/wp\/v2\/media?parent=8172"}],"wp:term":[{"taxonomy":"category","embeddable":true,"href":"https:\/\/nid.pl\/en\/wp-json\/wp\/v2\/categories?post=8172"},{"taxonomy":"post_tag","embeddable":true,"href":"https:\/\/nid.pl\/en\/wp-json\/wp\/v2\/tags?post=8172"}],"curies":[{"name":"wp","href":"https:\/\/api.w.org\/{rel}","templated":true}]}}