{"id":7780,"date":"2022-08-09T14:46:41","date_gmt":"2022-08-09T12:46:41","guid":{"rendered":"https:\/\/nid.pl\/?p=7780"},"modified":"2022-12-06T15:14:30","modified_gmt":"2022-12-06T14:14:30","slug":"szkola-letnia-tloka-ciesielska-podstawy-oceny-stanu-technicznego-zabytkow-drewnianych-teoria-i-praktyka-w-skansenach-podlaskich-2","status":"publish","type":"post","link":"https:\/\/nid.pl\/en\/2022\/08\/09\/szkola-letnia-tloka-ciesielska-podstawy-oceny-stanu-technicznego-zabytkow-drewnianych-teoria-i-praktyka-w-skansenach-podlaskich-2\/","title":{"rendered":"Szko\u0142a letnia \u201eT\u0142oka ciesielska. Podstawy oceny stanu technicznego zabytk\u00f3w drewnianych. Teoria  i praktyka w skansenach podlaskich\u201d"},"content":{"rendered":"<p><strong>W dn. 25-29 lipca 2022 odby\u0142a si\u0119 druga edycja szko\u0142y letniej \u201eT\u0142oka ciesielska\u201d, organizowanej wsp\u00f3lnie z Muzeum Rolnictwa im. ks. Krzysztofa Kluka w Ciechanowcu. W tym roku wydarzenie skierowane by\u0142o do pracownik\u00f3w Wojew\u00f3dzkich Urz\u0119d\u00f3w Ochrony Zabytk\u00f3w. W szkole uczestniczy\u0142o 15 os\u00f3b z ca\u0142ej Polski.<\/strong><\/p>\n\n\n\n<p>Przez pi\u0119\u0107 dni uczestnicy brali udzia\u0142 w warsztatach praktycznych i wyk\u0142adach, zwi\u0105zanych z inwentaryzacj\u0105, ochron\u0105 i konserwacj\u0105 architektury drewnianej, na przyk\u0142adzie budownictwa drewnianego z pogranicza wojew\u00f3dztw podlaskiego i mazowieckiego. Wyk\u0142ady i zaj\u0119cia praktyczne prowadzili pracownicy Politechniki Warszawskiej, Szko\u0142y G\u0142\u00f3wnej Gospodarstwa Wiejskiego oraz eksperci ze Stowarzyszenia Konserwator\u00f3w Zabytk\u00f3w, Polskiego Komitetu Narodowego Mi\u0119dzynarodowej Rady Ochrony Zabytk\u00f3w (PKN ICOMOS) oraz skansen\u00f3w.<\/p>\n\n\n\n<p>Pierwszego dnia uczestnicy poznali zasoby Muzeum Rolnictwa w Ciechanowcu, ze szczeg\u00f3lnym uwzgl\u0119dnieniem charakterystyki budownictwa drewnianego dla tego obszaru oraz zagadnie\u0144 zwi\u0105zanych z konserwacj\u0105 i translokacj\u0105. Popo\u0142udniu odby\u0142y si\u0119 zaj\u0119cia terenowe, kt\u00f3rych tematem by\u0142a ochrona zabytk\u00f3w budownictwa drewnianego in situ, na przyk\u0142adzie wiatraka w Drewnowie-Ziemakach oraz szko\u0142y w Winnej-Chro\u0142ach. Tego dnia program dope\u0142ni\u0142y wieczorne wyk\u0142ady poprowadzone przez Agnieszk\u0119 Mielnik i Paw\u0142a Kinsnera, dotycz\u0105ce grzyb\u00f3w i owad\u00f3w niszcz\u0105cych drewno, oceny stanu zachowania obiekt\u00f3w oraz dokumentacji i ekspertyzy mikologicznej obiekt\u00f3w.<\/p>\n\n\n\n<p>W trakcie kolejnych dni uczestnicy odwiedzali poszczeg\u00f3lne skanseny, kt\u00f3re stanowi\u0142y przestrze\u0144<br>i materia\u0142 badawczy dla zaj\u0119\u0107 praktycznych. Na terenie Muzeum-Skansenu im. Adama Ch\u0119tnika w Nowogrodzie odby\u0142y si\u0119 warsztaty z podstaw mykologii budowlanej i oceny stanu zachowania obiekt\u00f3w, poprowadzone przez dra in\u017c. Bogus\u0142awa Andresa. Program merytoryczny zosta\u0142 uzupe\u0142niony wyk\u0142adami Krzysztofa Wieczorka i Dominika M\u0105czy\u0144skiego dotycz\u0105cymi prac przedprojektowych i inwentaryzacyjnych przy obiektach przeznaczonych do translokacji oraz problematyki badawczo-konserwatorskiej ciesielskich znak\u00f3w monta\u017cowych.<\/p>\n\n\n\n<p>Kolejnego dnia zaj\u0119cia odbywa\u0142y si\u0119 na terenie Podlaskiego Muzeum Kultury Ludowej w Wasilkowie. Uczestnicy zg\u0142\u0119biali problematyk\u0119 konserwatorsk\u0105 zwi\u0105zan\u0105 z translokacj\u0105, na przyk\u0142adzie obiekt\u00f3w przeniesionych na teren Muzeum, kt\u00f3r\u0105 przedstawi\u0142 Karol Wi\u015bniewski, konserwator Muzeum. Kierownik Dzia\u0142u Budowlano-Techicznego, Tomasz Klimaszewski opowiedzia\u0142 o procedurach formalno-prawnych zwi\u0105zanych z translokacj\u0105 obiekt\u00f3w z perspektywy skansenu. Przedostatni dzie\u0144 zosta\u0142 po\u015bwi\u0119cony na poznanie problematyki zwi\u0105zanej z konstrukcjami obiekt\u00f3w, do kt\u00f3rych budowy wykorzystywano glin\u0119, s\u0142om\u0119, drewno, wapno i kamie\u0144. Edwin Wilbik, Kierownik Dzia\u0142u Budownictwa Wiejskiego Muzeum Rolnictwa w Ciechanowcu zabra\u0142 uczestnik\u00f3w na poszukiwania obiekt\u00f3w wzniesionych z materia\u0142\u00f3w niekonwencjonalnych oraz przedstawi\u0142 zagadnienia konserwatorskie i dokumentacyjne zwi\u0105zane z ochron\u0105 tej szczeg\u00f3lnej grupy obiekt\u00f3w budownictwa wiejskiego Podlasia.<\/p>\n\n\n\n<p>Na zako\u0144czenie szko\u0142y uczestnicy odebrali dyplomy z r\u0105k El\u017cbiety Ofat, Zast\u0119pcy Dyrektora Narodowego Instytutu Dziedzictwa oraz Doroty \u0141apiak, Dyrektora Muzeum Rolnictwa im. ks. Krzysztofa Kluka. Dzi\u0119kujemy serdecznie wszystkim uczestnikom i wyk\u0142adowcom za ich udzia\u0142 i zaanga\u017cowanie.<\/p>\n\n\n\n<p><\/p>\n\n\n\n<div class=\"wp-block-image\"><figure class=\"aligncenter size-large\"><img loading=\"lazy\" decoding=\"async\" width=\"1024\" height=\"768\" src=\"https:\/\/nid.pl\/wp-content\/uploads\/2022\/08\/Tloka-ciesielska_2-fot.-Dominik-Maczynski-1-1024x768.jpg\" alt=\"\" class=\"wp-image-7766\" srcset=\"https:\/\/nid.pl\/wp-content\/uploads\/2022\/08\/Tloka-ciesielska_2-fot.-Dominik-Maczynski-1-980x735.jpg 980w, https:\/\/nid.pl\/wp-content\/uploads\/2022\/08\/Tloka-ciesielska_2-fot.-Dominik-Maczynski-1-480x360.jpg 480w\" sizes=\"(min-width: 0px) and (max-width: 480px) 480px, (min-width: 481px) and (max-width: 980px) 980px, (min-width: 981px) 1024px, 100vw\" \/><figcaption>fot. Dominik Maczynski<\/figcaption><\/figure><\/div>\n\n\n\n<div class=\"wp-block-image\"><figure class=\"aligncenter size-large\"><img loading=\"lazy\" decoding=\"async\" width=\"1024\" height=\"768\" src=\"https:\/\/nid.pl\/wp-content\/uploads\/2022\/08\/Tloka-ciesielska_3-fot.-Dominik-Maczynski-1-1024x768.jpg\" alt=\"\" class=\"wp-image-7767\" srcset=\"https:\/\/nid.pl\/wp-content\/uploads\/2022\/08\/Tloka-ciesielska_3-fot.-Dominik-Maczynski-1-980x735.jpg 980w, https:\/\/nid.pl\/wp-content\/uploads\/2022\/08\/Tloka-ciesielska_3-fot.-Dominik-Maczynski-1-480x360.jpg 480w\" sizes=\"(min-width: 0px) and (max-width: 480px) 480px, (min-width: 481px) and (max-width: 980px) 980px, (min-width: 981px) 1024px, 100vw\" \/><figcaption>fot. Dominik Maczynski<\/figcaption><\/figure><\/div>\n\n\n\n<div class=\"wp-block-image\"><figure class=\"aligncenter size-large\"><img loading=\"lazy\" decoding=\"async\" width=\"1024\" height=\"768\" src=\"https:\/\/nid.pl\/wp-content\/uploads\/2022\/08\/Tloka-ciesielska_4-fot.-Dominik-Maczynski-1-1024x768.jpg\" alt=\"\" class=\"wp-image-7768\" srcset=\"https:\/\/nid.pl\/wp-content\/uploads\/2022\/08\/Tloka-ciesielska_4-fot.-Dominik-Maczynski-1-980x735.jpg 980w, https:\/\/nid.pl\/wp-content\/uploads\/2022\/08\/Tloka-ciesielska_4-fot.-Dominik-Maczynski-1-480x360.jpg 480w\" sizes=\"(min-width: 0px) and (max-width: 480px) 480px, (min-width: 481px) and (max-width: 980px) 980px, (min-width: 981px) 1024px, 100vw\" \/><figcaption>fot. Dominik Maczynski<\/figcaption><\/figure><\/div>\n\n\n\n<div class=\"wp-block-image\"><figure class=\"aligncenter size-large\"><img loading=\"lazy\" decoding=\"async\" width=\"768\" height=\"1024\" src=\"https:\/\/nid.pl\/wp-content\/uploads\/2022\/08\/Tloka-ciesielska_5-fot.-Dominik-Maczynski-1-768x1024.jpg\" alt=\"\" class=\"wp-image-7769\"\/><figcaption>fot. Dominik Maczynski<\/figcaption><\/figure><\/div>\n\n\n\n<div class=\"wp-block-image\"><figure class=\"aligncenter size-large\"><img loading=\"lazy\" decoding=\"async\" width=\"1024\" height=\"684\" src=\"https:\/\/nid.pl\/wp-content\/uploads\/2022\/08\/Tloka-ciesielska_7-1024x684.jpg\" alt=\"\" class=\"wp-image-7771\" srcset=\"https:\/\/nid.pl\/wp-content\/uploads\/2022\/08\/Tloka-ciesielska_7-980x654.jpg 980w, https:\/\/nid.pl\/wp-content\/uploads\/2022\/08\/Tloka-ciesielska_7-480x320.jpg 480w\" sizes=\"(min-width: 0px) and (max-width: 480px) 480px, (min-width: 481px) and (max-width: 980px) 980px, (min-width: 981px) 1024px, 100vw\" \/><figcaption>fot. NID<\/figcaption><\/figure><\/div>\n\n\n\n<div class=\"wp-block-image\"><figure class=\"aligncenter size-full\"><img decoding=\"async\" src=\"https:\/\/nid.pl\/wp-content\/uploads\/2022\/08\/Tloka-ciesielska_8.jpg\" alt=\"\" class=\"wp-image-7772\"\/><figcaption>fot. NID<\/figcaption><\/figure><\/div>","protected":false},"excerpt":{"rendered":"<p>W dn. 25-29 lipca 2022 odby\u0142a si\u0119 druga edycja szko\u0142y letniej \u201eT\u0142oka ciesielska\u201d, organizowanej wsp\u00f3lnie z Muzeum Rolnictwa im. ks. Krzysztofa Kluka w Ciechanowcu. W tym roku wydarzenie skierowane by\u0142o [&hellip;]<\/p>","protected":false},"author":7,"featured_media":7765,"comment_status":"open","ping_status":"open","sticky":false,"template":"","format":"standard","meta":{"_et_pb_use_builder":"off","_et_pb_old_content":"","_et_gb_content_width":"","_monsterinsights_skip_tracking":false,"_monsterinsights_sitenote_active":false,"_monsterinsights_sitenote_note":"","_monsterinsights_sitenote_category":0,"footnotes":""},"categories":[3,77],"tags":[],"class_list":["post-7780","post","type-post","status-publish","format-standard","has-post-thumbnail","hentry","category-aktualnosci","category-centrum-architektury-drewnianej"],"yoast_head":"<!-- This site is optimized with the Yoast SEO plugin v26.5 - https:\/\/yoast.com\/wordpress\/plugins\/seo\/ -->\n<title>Szko\u0142a letnia \u201eT\u0142oka ciesielska. Podstawy oceny stanu technicznego zabytk\u00f3w drewnianych. Teoria i praktyka w skansenach podlaskich\u201d - NID<\/title>\n<meta name=\"robots\" content=\"index, follow, max-snippet:-1, max-image-preview:large, max-video-preview:-1\" \/>\n<link rel=\"canonical\" href=\"https:\/\/nid.pl\/en\/2022\/08\/09\/szkola-letnia-tloka-ciesielska-podstawy-oceny-stanu-technicznego-zabytkow-drewnianych-teoria-i-praktyka-w-skansenach-podlaskich-2\/\" \/>\n<meta property=\"og:locale\" content=\"en_GB\" \/>\n<meta property=\"og:type\" content=\"article\" \/>\n<meta property=\"og:title\" content=\"Szko\u0142a letnia \u201eT\u0142oka ciesielska. Podstawy oceny stanu technicznego zabytk\u00f3w drewnianych. Teoria i praktyka w skansenach podlaskich\u201d - NID\" \/>\n<meta property=\"og:description\" content=\"W dn. 25-29 lipca 2022 odby\u0142a si\u0119 druga edycja szko\u0142y letniej \u201eT\u0142oka ciesielska\u201d, organizowanej wsp\u00f3lnie z Muzeum Rolnictwa im. ks. Krzysztofa Kluka w Ciechanowcu. W tym roku wydarzenie skierowane by\u0142o [&hellip;]\" \/>\n<meta property=\"og:url\" content=\"https:\/\/nid.pl\/en\/2022\/08\/09\/szkola-letnia-tloka-ciesielska-podstawy-oceny-stanu-technicznego-zabytkow-drewnianych-teoria-i-praktyka-w-skansenach-podlaskich-2\/\" \/>\n<meta property=\"og:site_name\" content=\"NID\" \/>\n<meta property=\"article:publisher\" content=\"https:\/\/www.facebook.com\/zabytek\" \/>\n<meta property=\"article:published_time\" content=\"2022-08-09T12:46:41+00:00\" \/>\n<meta property=\"article:modified_time\" content=\"2022-12-06T14:14:30+00:00\" \/>\n<meta property=\"og:image\" content=\"https:\/\/nid.pl\/wp-content\/uploads\/2022\/08\/Tloka-ciesielska_aktualnosci1.jpg\" \/>\n\t<meta property=\"og:image:width\" content=\"440\" \/>\n\t<meta property=\"og:image:height\" content=\"294\" \/>\n\t<meta property=\"og:image:type\" content=\"image\/jpeg\" \/>\n<meta name=\"author\" content=\"Barbara Halliop\" \/>\n<meta name=\"twitter:card\" content=\"summary_large_image\" \/>\n<meta name=\"twitter:creator\" content=\"@NarIDpl\" \/>\n<meta name=\"twitter:site\" content=\"@NarIDpl\" \/>\n<meta name=\"twitter:label1\" content=\"Written by\" \/>\n\t<meta name=\"twitter:data1\" content=\"Barbara Halliop\" \/>\n\t<meta name=\"twitter:label2\" content=\"Estimated reading time\" \/>\n\t<meta name=\"twitter:data2\" content=\"3 minutes\" \/>\n<script type=\"application\/ld+json\" class=\"yoast-schema-graph\">{\"@context\":\"https:\/\/schema.org\",\"@graph\":[{\"@type\":\"Article\",\"@id\":\"https:\/\/nid.pl\/2022\/08\/09\/szkola-letnia-tloka-ciesielska-podstawy-oceny-stanu-technicznego-zabytkow-drewnianych-teoria-i-praktyka-w-skansenach-podlaskich-2\/#article\",\"isPartOf\":{\"@id\":\"https:\/\/nid.pl\/2022\/08\/09\/szkola-letnia-tloka-ciesielska-podstawy-oceny-stanu-technicznego-zabytkow-drewnianych-teoria-i-praktyka-w-skansenach-podlaskich-2\/\"},\"author\":{\"name\":\"Barbara Halliop\",\"@id\":\"https:\/\/nid.pl\/#\/schema\/person\/1b690a8998a5111cfb9f0ffe24195a15\"},\"headline\":\"Szko\u0142a letnia \u201eT\u0142oka ciesielska. Podstawy oceny stanu technicznego zabytk\u00f3w drewnianych. Teoria i praktyka w skansenach podlaskich\u201d\",\"datePublished\":\"2022-08-09T12:46:41+00:00\",\"dateModified\":\"2022-12-06T14:14:30+00:00\",\"mainEntityOfPage\":{\"@id\":\"https:\/\/nid.pl\/2022\/08\/09\/szkola-letnia-tloka-ciesielska-podstawy-oceny-stanu-technicznego-zabytkow-drewnianych-teoria-i-praktyka-w-skansenach-podlaskich-2\/\"},\"wordCount\":516,\"commentCount\":0,\"publisher\":{\"@id\":\"https:\/\/nid.pl\/#organization\"},\"image\":{\"@id\":\"https:\/\/nid.pl\/2022\/08\/09\/szkola-letnia-tloka-ciesielska-podstawy-oceny-stanu-technicznego-zabytkow-drewnianych-teoria-i-praktyka-w-skansenach-podlaskich-2\/#primaryimage\"},\"thumbnailUrl\":\"https:\/\/nid.pl\/wp-content\/uploads\/2022\/08\/Tloka-ciesielska_aktualnosci1.jpg\",\"articleSection\":[\"Aktualno\u015bci\",\"Centrum Architektury Drewnianej\"],\"inLanguage\":\"en-GB\"},{\"@type\":\"WebPage\",\"@id\":\"https:\/\/nid.pl\/2022\/08\/09\/szkola-letnia-tloka-ciesielska-podstawy-oceny-stanu-technicznego-zabytkow-drewnianych-teoria-i-praktyka-w-skansenach-podlaskich-2\/\",\"url\":\"https:\/\/nid.pl\/2022\/08\/09\/szkola-letnia-tloka-ciesielska-podstawy-oceny-stanu-technicznego-zabytkow-drewnianych-teoria-i-praktyka-w-skansenach-podlaskich-2\/\",\"name\":\"Szko\u0142a letnia \u201eT\u0142oka ciesielska. Podstawy oceny stanu technicznego zabytk\u00f3w drewnianych. Teoria i praktyka w skansenach podlaskich\u201d - NID\",\"isPartOf\":{\"@id\":\"https:\/\/nid.pl\/#website\"},\"primaryImageOfPage\":{\"@id\":\"https:\/\/nid.pl\/2022\/08\/09\/szkola-letnia-tloka-ciesielska-podstawy-oceny-stanu-technicznego-zabytkow-drewnianych-teoria-i-praktyka-w-skansenach-podlaskich-2\/#primaryimage\"},\"image\":{\"@id\":\"https:\/\/nid.pl\/2022\/08\/09\/szkola-letnia-tloka-ciesielska-podstawy-oceny-stanu-technicznego-zabytkow-drewnianych-teoria-i-praktyka-w-skansenach-podlaskich-2\/#primaryimage\"},\"thumbnailUrl\":\"https:\/\/nid.pl\/wp-content\/uploads\/2022\/08\/Tloka-ciesielska_aktualnosci1.jpg\",\"datePublished\":\"2022-08-09T12:46:41+00:00\",\"dateModified\":\"2022-12-06T14:14:30+00:00\",\"breadcrumb\":{\"@id\":\"https:\/\/nid.pl\/2022\/08\/09\/szkola-letnia-tloka-ciesielska-podstawy-oceny-stanu-technicznego-zabytkow-drewnianych-teoria-i-praktyka-w-skansenach-podlaskich-2\/#breadcrumb\"},\"inLanguage\":\"en-GB\",\"potentialAction\":[{\"@type\":\"ReadAction\",\"target\":[\"https:\/\/nid.pl\/2022\/08\/09\/szkola-letnia-tloka-ciesielska-podstawy-oceny-stanu-technicznego-zabytkow-drewnianych-teoria-i-praktyka-w-skansenach-podlaskich-2\/\"]}]},{\"@type\":\"ImageObject\",\"inLanguage\":\"en-GB\",\"@id\":\"https:\/\/nid.pl\/2022\/08\/09\/szkola-letnia-tloka-ciesielska-podstawy-oceny-stanu-technicznego-zabytkow-drewnianych-teoria-i-praktyka-w-skansenach-podlaskich-2\/#primaryimage\",\"url\":\"https:\/\/nid.pl\/wp-content\/uploads\/2022\/08\/Tloka-ciesielska_aktualnosci1.jpg\",\"contentUrl\":\"https:\/\/nid.pl\/wp-content\/uploads\/2022\/08\/Tloka-ciesielska_aktualnosci1.jpg\",\"width\":440,\"height\":294,\"caption\":\"Tloka ciesielska aktualnosci\"},{\"@type\":\"BreadcrumbList\",\"@id\":\"https:\/\/nid.pl\/2022\/08\/09\/szkola-letnia-tloka-ciesielska-podstawy-oceny-stanu-technicznego-zabytkow-drewnianych-teoria-i-praktyka-w-skansenach-podlaskich-2\/#breadcrumb\",\"itemListElement\":[{\"@type\":\"ListItem\",\"position\":1,\"name\":\"Home\",\"item\":\"https:\/\/nid.pl\/\"},{\"@type\":\"ListItem\",\"position\":2,\"name\":\"Szko\u0142a letnia \u201eT\u0142oka ciesielska. Podstawy oceny stanu technicznego zabytk\u00f3w drewnianych. Teoria i praktyka w skansenach podlaskich\u201d\"}]},{\"@type\":\"WebSite\",\"@id\":\"https:\/\/nid.pl\/#website\",\"url\":\"https:\/\/nid.pl\/\",\"name\":\"NID\",\"description\":\"Narodowy Instytut Dziedzictwa\",\"publisher\":{\"@id\":\"https:\/\/nid.pl\/#organization\"},\"potentialAction\":[{\"@type\":\"SearchAction\",\"target\":{\"@type\":\"EntryPoint\",\"urlTemplate\":\"https:\/\/nid.pl\/?s={search_term_string}\"},\"query-input\":{\"@type\":\"PropertyValueSpecification\",\"valueRequired\":true,\"valueName\":\"search_term_string\"}}],\"inLanguage\":\"en-GB\"},{\"@type\":\"Organization\",\"@id\":\"https:\/\/nid.pl\/#organization\",\"name\":\"Narodowy Instytut Dziedzictwa\",\"url\":\"https:\/\/nid.pl\/\",\"logo\":{\"@type\":\"ImageObject\",\"inLanguage\":\"en-GB\",\"@id\":\"https:\/\/nid.pl\/#\/schema\/logo\/image\/\",\"url\":\"https:\/\/nid.pl\/wp-content\/uploads\/2022\/10\/logoRedDark.png\",\"contentUrl\":\"https:\/\/nid.pl\/wp-content\/uploads\/2022\/10\/logoRedDark.png\",\"width\":200,\"height\":197,\"caption\":\"Narodowy Instytut Dziedzictwa\"},\"image\":{\"@id\":\"https:\/\/nid.pl\/#\/schema\/logo\/image\/\"},\"sameAs\":[\"https:\/\/www.facebook.com\/zabytek\",\"https:\/\/x.com\/NarIDpl\",\"https:\/\/www.instagram.com\/nid.pl\/?hl=pl\",\"https:\/\/www.linkedin.com\/company\/narodowy-instytut-dziedzictwa\",\"https:\/\/www.youtube.com\/channel\/UCQXuhKa2uHtmNvLRUSx40JA\"]},{\"@type\":\"Person\",\"@id\":\"https:\/\/nid.pl\/#\/schema\/person\/1b690a8998a5111cfb9f0ffe24195a15\",\"name\":\"Barbara Halliop\",\"image\":{\"@type\":\"ImageObject\",\"inLanguage\":\"en-GB\",\"@id\":\"https:\/\/nid.pl\/#\/schema\/person\/image\/\",\"url\":\"https:\/\/nid.pl\/wp-content\/litespeed\/avatar\/924046d17dd0c842c9fa9ccf489bc6dc.jpg?ver=1777444967\",\"contentUrl\":\"https:\/\/nid.pl\/wp-content\/litespeed\/avatar\/924046d17dd0c842c9fa9ccf489bc6dc.jpg?ver=1777444967\",\"caption\":\"Barbara Halliop\"},\"url\":\"https:\/\/nid.pl\/en\/author\/bhalliop\/\"}]}<\/script>\n<!-- \/ Yoast SEO plugin. -->","yoast_head_json":{"title":"Szko\u0142a letnia \u201eT\u0142oka ciesielska. Podstawy oceny stanu technicznego zabytk\u00f3w drewnianych. Teoria i praktyka w skansenach podlaskich\u201d - NID","robots":{"index":"index","follow":"follow","max-snippet":"max-snippet:-1","max-image-preview":"max-image-preview:large","max-video-preview":"max-video-preview:-1"},"canonical":"https:\/\/nid.pl\/en\/2022\/08\/09\/szkola-letnia-tloka-ciesielska-podstawy-oceny-stanu-technicznego-zabytkow-drewnianych-teoria-i-praktyka-w-skansenach-podlaskich-2\/","og_locale":"en_GB","og_type":"article","og_title":"Szko\u0142a letnia \u201eT\u0142oka ciesielska. Podstawy oceny stanu technicznego zabytk\u00f3w drewnianych. Teoria i praktyka w skansenach podlaskich\u201d - NID","og_description":"W dn. 25-29 lipca 2022 odby\u0142a si\u0119 druga edycja szko\u0142y letniej \u201eT\u0142oka ciesielska\u201d, organizowanej wsp\u00f3lnie z Muzeum Rolnictwa im. ks. Krzysztofa Kluka w Ciechanowcu. W tym roku wydarzenie skierowane by\u0142o [&hellip;]","og_url":"https:\/\/nid.pl\/en\/2022\/08\/09\/szkola-letnia-tloka-ciesielska-podstawy-oceny-stanu-technicznego-zabytkow-drewnianych-teoria-i-praktyka-w-skansenach-podlaskich-2\/","og_site_name":"NID","article_publisher":"https:\/\/www.facebook.com\/zabytek","article_published_time":"2022-08-09T12:46:41+00:00","article_modified_time":"2022-12-06T14:14:30+00:00","og_image":[{"width":440,"height":294,"url":"https:\/\/nid.pl\/wp-content\/uploads\/2022\/08\/Tloka-ciesielska_aktualnosci1.jpg","type":"image\/jpeg"}],"author":"Barbara Halliop","twitter_card":"summary_large_image","twitter_creator":"@NarIDpl","twitter_site":"@NarIDpl","twitter_misc":{"Written by":"Barbara Halliop","Estimated reading time":"3 minutes"},"schema":{"@context":"https:\/\/schema.org","@graph":[{"@type":"Article","@id":"https:\/\/nid.pl\/2022\/08\/09\/szkola-letnia-tloka-ciesielska-podstawy-oceny-stanu-technicznego-zabytkow-drewnianych-teoria-i-praktyka-w-skansenach-podlaskich-2\/#article","isPartOf":{"@id":"https:\/\/nid.pl\/2022\/08\/09\/szkola-letnia-tloka-ciesielska-podstawy-oceny-stanu-technicznego-zabytkow-drewnianych-teoria-i-praktyka-w-skansenach-podlaskich-2\/"},"author":{"name":"Barbara Halliop","@id":"https:\/\/nid.pl\/#\/schema\/person\/1b690a8998a5111cfb9f0ffe24195a15"},"headline":"Szko\u0142a letnia \u201eT\u0142oka ciesielska. Podstawy oceny stanu technicznego zabytk\u00f3w drewnianych. Teoria i praktyka w skansenach podlaskich\u201d","datePublished":"2022-08-09T12:46:41+00:00","dateModified":"2022-12-06T14:14:30+00:00","mainEntityOfPage":{"@id":"https:\/\/nid.pl\/2022\/08\/09\/szkola-letnia-tloka-ciesielska-podstawy-oceny-stanu-technicznego-zabytkow-drewnianych-teoria-i-praktyka-w-skansenach-podlaskich-2\/"},"wordCount":516,"commentCount":0,"publisher":{"@id":"https:\/\/nid.pl\/#organization"},"image":{"@id":"https:\/\/nid.pl\/2022\/08\/09\/szkola-letnia-tloka-ciesielska-podstawy-oceny-stanu-technicznego-zabytkow-drewnianych-teoria-i-praktyka-w-skansenach-podlaskich-2\/#primaryimage"},"thumbnailUrl":"https:\/\/nid.pl\/wp-content\/uploads\/2022\/08\/Tloka-ciesielska_aktualnosci1.jpg","articleSection":["Aktualno\u015bci","Centrum Architektury Drewnianej"],"inLanguage":"en-GB"},{"@type":"WebPage","@id":"https:\/\/nid.pl\/2022\/08\/09\/szkola-letnia-tloka-ciesielska-podstawy-oceny-stanu-technicznego-zabytkow-drewnianych-teoria-i-praktyka-w-skansenach-podlaskich-2\/","url":"https:\/\/nid.pl\/2022\/08\/09\/szkola-letnia-tloka-ciesielska-podstawy-oceny-stanu-technicznego-zabytkow-drewnianych-teoria-i-praktyka-w-skansenach-podlaskich-2\/","name":"Szko\u0142a letnia \u201eT\u0142oka ciesielska. Podstawy oceny stanu technicznego zabytk\u00f3w drewnianych. Teoria i praktyka w skansenach podlaskich\u201d - NID","isPartOf":{"@id":"https:\/\/nid.pl\/#website"},"primaryImageOfPage":{"@id":"https:\/\/nid.pl\/2022\/08\/09\/szkola-letnia-tloka-ciesielska-podstawy-oceny-stanu-technicznego-zabytkow-drewnianych-teoria-i-praktyka-w-skansenach-podlaskich-2\/#primaryimage"},"image":{"@id":"https:\/\/nid.pl\/2022\/08\/09\/szkola-letnia-tloka-ciesielska-podstawy-oceny-stanu-technicznego-zabytkow-drewnianych-teoria-i-praktyka-w-skansenach-podlaskich-2\/#primaryimage"},"thumbnailUrl":"https:\/\/nid.pl\/wp-content\/uploads\/2022\/08\/Tloka-ciesielska_aktualnosci1.jpg","datePublished":"2022-08-09T12:46:41+00:00","dateModified":"2022-12-06T14:14:30+00:00","breadcrumb":{"@id":"https:\/\/nid.pl\/2022\/08\/09\/szkola-letnia-tloka-ciesielska-podstawy-oceny-stanu-technicznego-zabytkow-drewnianych-teoria-i-praktyka-w-skansenach-podlaskich-2\/#breadcrumb"},"inLanguage":"en-GB","potentialAction":[{"@type":"ReadAction","target":["https:\/\/nid.pl\/2022\/08\/09\/szkola-letnia-tloka-ciesielska-podstawy-oceny-stanu-technicznego-zabytkow-drewnianych-teoria-i-praktyka-w-skansenach-podlaskich-2\/"]}]},{"@type":"ImageObject","inLanguage":"en-GB","@id":"https:\/\/nid.pl\/2022\/08\/09\/szkola-letnia-tloka-ciesielska-podstawy-oceny-stanu-technicznego-zabytkow-drewnianych-teoria-i-praktyka-w-skansenach-podlaskich-2\/#primaryimage","url":"https:\/\/nid.pl\/wp-content\/uploads\/2022\/08\/Tloka-ciesielska_aktualnosci1.jpg","contentUrl":"https:\/\/nid.pl\/wp-content\/uploads\/2022\/08\/Tloka-ciesielska_aktualnosci1.jpg","width":440,"height":294,"caption":"Tloka ciesielska aktualnosci"},{"@type":"BreadcrumbList","@id":"https:\/\/nid.pl\/2022\/08\/09\/szkola-letnia-tloka-ciesielska-podstawy-oceny-stanu-technicznego-zabytkow-drewnianych-teoria-i-praktyka-w-skansenach-podlaskich-2\/#breadcrumb","itemListElement":[{"@type":"ListItem","position":1,"name":"Home","item":"https:\/\/nid.pl\/"},{"@type":"ListItem","position":2,"name":"Szko\u0142a letnia \u201eT\u0142oka ciesielska. Podstawy oceny stanu technicznego zabytk\u00f3w drewnianych. Teoria i praktyka w skansenach podlaskich\u201d"}]},{"@type":"WebSite","@id":"https:\/\/nid.pl\/#website","url":"https:\/\/nid.pl\/","name":"NID","description":"Narodowy Instytut Dziedzictwa","publisher":{"@id":"https:\/\/nid.pl\/#organization"},"potentialAction":[{"@type":"SearchAction","target":{"@type":"EntryPoint","urlTemplate":"https:\/\/nid.pl\/?s={search_term_string}"},"query-input":{"@type":"PropertyValueSpecification","valueRequired":true,"valueName":"search_term_string"}}],"inLanguage":"en-GB"},{"@type":"Organization","@id":"https:\/\/nid.pl\/#organization","name":"Narodowy Instytut Dziedzictwa","url":"https:\/\/nid.pl\/","logo":{"@type":"ImageObject","inLanguage":"en-GB","@id":"https:\/\/nid.pl\/#\/schema\/logo\/image\/","url":"https:\/\/nid.pl\/wp-content\/uploads\/2022\/10\/logoRedDark.png","contentUrl":"https:\/\/nid.pl\/wp-content\/uploads\/2022\/10\/logoRedDark.png","width":200,"height":197,"caption":"Narodowy Instytut Dziedzictwa"},"image":{"@id":"https:\/\/nid.pl\/#\/schema\/logo\/image\/"},"sameAs":["https:\/\/www.facebook.com\/zabytek","https:\/\/x.com\/NarIDpl","https:\/\/www.instagram.com\/nid.pl\/?hl=pl","https:\/\/www.linkedin.com\/company\/narodowy-instytut-dziedzictwa","https:\/\/www.youtube.com\/channel\/UCQXuhKa2uHtmNvLRUSx40JA"]},{"@type":"Person","@id":"https:\/\/nid.pl\/#\/schema\/person\/1b690a8998a5111cfb9f0ffe24195a15","name":"Barbara Halliop","image":{"@type":"ImageObject","inLanguage":"en-GB","@id":"https:\/\/nid.pl\/#\/schema\/person\/image\/","url":"https:\/\/nid.pl\/wp-content\/litespeed\/avatar\/924046d17dd0c842c9fa9ccf489bc6dc.jpg?ver=1777444967","contentUrl":"https:\/\/nid.pl\/wp-content\/litespeed\/avatar\/924046d17dd0c842c9fa9ccf489bc6dc.jpg?ver=1777444967","caption":"Barbara Halliop"},"url":"https:\/\/nid.pl\/en\/author\/bhalliop\/"}]}},"_links":{"self":[{"href":"https:\/\/nid.pl\/en\/wp-json\/wp\/v2\/posts\/7780","targetHints":{"allow":["GET"]}}],"collection":[{"href":"https:\/\/nid.pl\/en\/wp-json\/wp\/v2\/posts"}],"about":[{"href":"https:\/\/nid.pl\/en\/wp-json\/wp\/v2\/types\/post"}],"author":[{"embeddable":true,"href":"https:\/\/nid.pl\/en\/wp-json\/wp\/v2\/users\/7"}],"replies":[{"embeddable":true,"href":"https:\/\/nid.pl\/en\/wp-json\/wp\/v2\/comments?post=7780"}],"version-history":[{"count":0,"href":"https:\/\/nid.pl\/en\/wp-json\/wp\/v2\/posts\/7780\/revisions"}],"wp:featuredmedia":[{"embeddable":true,"href":"https:\/\/nid.pl\/en\/wp-json\/wp\/v2\/media\/7765"}],"wp:attachment":[{"href":"https:\/\/nid.pl\/en\/wp-json\/wp\/v2\/media?parent=7780"}],"wp:term":[{"taxonomy":"category","embeddable":true,"href":"https:\/\/nid.pl\/en\/wp-json\/wp\/v2\/categories?post=7780"},{"taxonomy":"post_tag","embeddable":true,"href":"https:\/\/nid.pl\/en\/wp-json\/wp\/v2\/tags?post=7780"}],"curies":[{"name":"wp","href":"https:\/\/api.w.org\/{rel}","templated":true}]}}