{"id":7587,"date":"2022-07-25T13:25:03","date_gmt":"2022-07-25T11:25:03","guid":{"rendered":"https:\/\/nid.pl\/?p=7587"},"modified":"2022-07-25T13:26:56","modified_gmt":"2022-07-25T11:26:56","slug":"wystawa-plenerowa-warstwy-dziedzictwo-archeologiczne-mazowsza","status":"publish","type":"post","link":"https:\/\/nid.pl\/en\/2022\/07\/25\/wystawa-plenerowa-warstwy-dziedzictwo-archeologiczne-mazowsza\/","title":{"rendered":"Wystawa plenerowa &#8220;Warstwy. Dziedzictwo archeologiczne Mazowsza&#8221;"},"content":{"rendered":"<p><strong>Narodowy Instytut Dziedzictwa obj\u0105\u0142 patronatem honorowym wystaw\u0119 plenerow\u0105 \u201eWarstwy. Dziedzictwo archeologiczne Mazowsza&#8221;, kt\u00f3ra przybli\u017ca widzom badania archeologiczne, kwestie konserwacji zabytk\u00f3w, a tak\u017ce fenomen regionu \u2013 Mazowieckie Centrum Metalurgiczne. Staro\u017cytny \u015bwiat dawnych mistrz\u00f3w metalurgicznych mo\u017cna ogl\u0105da\u0107 na dziedzi\u0144cu Wojew\u00f3dzkiego Urz\u0119du Ochrony Zabytk\u00f3w w Warszawie do 31 sierpnia.<\/strong><\/p>\n\n\n\n<p>Wystawa popularyzuje podstawowe zagadnienia archeologii oraz poszerza \u015bwiadomo\u015b\u0107 dotycz\u0105c\u0105 ochrony zabytk\u00f3w. Ukazuje temat w spos\u00f3b szczeg\u00f3lny: przez pryzmat jednego z najciekawszych odkry\u0107 archeologicznych w powojennej Polsce \u2013 staro\u017cytnego centrum metalurgicznego na dzisiejszym Mazowszu.<\/p>\n\n\n\n<p>Istnienie tego o\u015brodka hutniczego dostrze\u017cono w latach 60. ubieg\u0142ego wieku dzi\u0119ki szeroko zakrojonemu programowi bada\u0144 powierzchniowych. Jego tw\u00f3rc\u0105 by\u0142 \u00f3wczesny konserwator zabytk\u00f3w na woj. warszawskie Stefan Woyda, p\u00f3\u017aniejszy za\u0142o\u017cyciel, a dzi\u015b patron Muzeum Staro\u017cytnego Hutnictwa Mazowieckiego.<\/p>\n\n\n\n<p>Dla zwiedzaj\u0105cych przygotowane zosta\u0142y <strong>cztery \u015bcie\u017cki tematyczne<\/strong>: \u201eArcheologia\u201d, \u201eKonserwacja zabytk\u00f3w\u201d, \u201eMazowieckie Centrum Metalurgiczne\u201d i \u201eMa\u0142y odkrywca\u201d. Ostatnia, przygotowana z my\u015bl\u0105 o dzieciach, pozwoli najm\u0142odszym wciela\u0107 si\u0119 w archeolog\u00f3w: b\u0119d\u0105 poszukiwa\u0107 zabytku, uk\u0142ada\u0107 go z puzzli czy &#8211; jak prawdziwy badacz, rysowa\u0107 i dokumentowa\u0107 obiekt na specjalnej karcie.<\/p>\n\n\n\n<p><strong>Dlaczego <em>warstwy<\/em>?<\/strong><\/p>\n\n\n\n<p>W archeologii warstwy (kulturowe) to nak\u0142adaj\u0105ce si\u0119 na siebie warstwy ziemi zawieraj\u0105ce \u015blady dzia\u0142alno\u015bci cz\u0142owieka w dawnych, mniej lub bardziej odleg\u0142ych czasach. Wystawa nawi\u0105zuje do tego poj\u0119cia dwojako: poprzez odniesienie do wynik\u00f3w bada\u0144 oraz metaforycznie. Opowiada zar\u00f3wno o dalekiej przesz\u0142o\u015bci, jak i o dniu dzisiejszym, o wci\u0105\u017c dokonywanych odkryciach i ich wp\u0142ywie na nasz spos\u00f3b interpretowania i rozumienia przesz\u0142o\u015bci oraz na nasz\u0105 to\u017csamo\u015b\u0107. Jeszcze na pocz\u0105tku lat 60. XX wieku mieszkaniec Mazowsza nie mia\u0142 poj\u0119cia o staro\u017cytnej przesz\u0142o\u015bci regionu. Dzi\u015b mo\u017ce wiedzie\u0107, \u017ce t\u0119tni\u0142o tu \u017cycie, dociera\u0142y wyroby z Rzymu, a \u017celazo wytapiano na skal\u0119 masow\u0105, znacznie przekraczaj\u0105c\u0105 lokalne potrzeby.<\/p>\n\n\n\n<p>Warstwy nawi\u0105zuj\u0105 tak\u017ce do sposobu, w jaki mo\u017cna wystaw\u0119 ogl\u0105da\u0107 \u2013 podzielona jest na cztery \u015bcie\u017cki-warstwy kolejnych zagadnie\u0144 \u2013 s\u0105 oddzielne, a jednocze\u015bnie ka\u017cda z nich stanowi istotn\u0105 cz\u0119\u015b\u0107 ca\u0142o\u015bci. Wzajemnie si\u0119 uzupe\u0142niaj\u0105.<\/p>\n\n\n\n<p><\/p>\n\n\n\n<p>Wystaw\u0119 mo\u017cna ogl\u0105da\u0107 do 31 sierpnia 2022 r. na dziedzi\u0144cu Wojew\u00f3dzkiego Urz\u0119du Ochrony Zabytk\u00f3w w Warszawie przy ul. Nowy \u015awiat 18\/20.<br>Od 17 wrze\u015bnia b\u0119dzie udost\u0119pniona w ogrodzie Muzeum Staro\u017cytnego Hutnictwa Mazowieckiego w Pruszkowie &#8211; pl. Jana Paw\u0142a II 2.<\/p>\n\n\n\n<p><\/p>\n\n\n\n<p><strong>Organizatorami wystawy s\u0105:<\/strong><\/p>\n\n\n\n<ul class=\"wp-block-list\"><li>Mazowiecki Wojew\u00f3dzki Konserwator Zabytk\u00f3w;<\/li><li>Muzeum Staro\u017cytnego Hutnictwa Mazowieckiego im. S. Woydy w Pruszkowie.<\/li><\/ul>\n\n\n\n<p><strong>Patronat honorowy nad wystaw\u0105 obj\u0119li:<\/strong><\/p>\n\n\n\n<ul class=\"wp-block-list\"><li>Prezydent Miasta Pruszkowa Pawe\u0142 Makuch;<\/li><li>Narodowy Instytut Dziedzictwa.<\/li><\/ul>\n\n\n\n<p>Wystaw\u0119 dofinansowano ze \u015brodk\u00f3w Ministra Kultury i Dziedzictwa Narodowego pochodz\u0105cych z Funduszu Promocji Kultury \u2013 pa\u0144stwowego funduszu celowego.<\/p>\n\n\n\n<p><\/p>\n\n\n\n<div class=\"wp-block-image\"><figure class=\"aligncenter size-large\"><img loading=\"lazy\" decoding=\"async\" width=\"724\" height=\"1024\" src=\"https:\/\/nid.pl\/wp-content\/uploads\/2022\/07\/Patronaty_warstwy_plakat-724x1024.jpg\" alt=\"\" class=\"wp-image-7586\"\/><\/figure><\/div>","protected":false},"excerpt":{"rendered":"<p>Narodowy Instytut Dziedzictwa obj\u0105\u0142 patronatem honorowym wystaw\u0119 plenerow\u0105 \u201eWarstwy. Dziedzictwo archeologiczne Mazowsza&#8221;, kt\u00f3ra przybli\u017ca widzom badania archeologiczne, kwestie konserwacji zabytk\u00f3w, a tak\u017ce fenomen regionu \u2013 Mazowieckie Centrum Metalurgiczne. Staro\u017cytny \u015bwiat [&hellip;]<\/p>","protected":false},"author":7,"featured_media":7585,"comment_status":"open","ping_status":"open","sticky":false,"template":"","format":"standard","meta":{"_et_pb_use_builder":"off","_et_pb_old_content":"","_et_gb_content_width":"","_monsterinsights_skip_tracking":false,"_monsterinsights_sitenote_active":false,"_monsterinsights_sitenote_note":"","_monsterinsights_sitenote_category":0,"footnotes":""},"categories":[28],"tags":[],"class_list":["post-7587","post","type-post","status-publish","format-standard","has-post-thumbnail","hentry","category-patronaty"],"yoast_head":"<!-- This site is optimized with the Yoast SEO plugin v26.5 - https:\/\/yoast.com\/wordpress\/plugins\/seo\/ -->\n<title>Wystawa plenerowa &quot;Warstwy. Dziedzictwo archeologiczne Mazowsza&quot; - NID<\/title>\n<meta name=\"robots\" content=\"index, follow, max-snippet:-1, max-image-preview:large, max-video-preview:-1\" \/>\n<link rel=\"canonical\" href=\"http:\/\/nid.pl\/en\/2022\/07\/25\/wystawa-plenerowa-warstwy-dziedzictwo-archeologiczne-mazowsza\/\" \/>\n<meta property=\"og:locale\" content=\"en_GB\" \/>\n<meta property=\"og:type\" content=\"article\" \/>\n<meta property=\"og:title\" content=\"Wystawa plenerowa &quot;Warstwy. Dziedzictwo archeologiczne Mazowsza&quot; - NID\" \/>\n<meta property=\"og:description\" content=\"Narodowy Instytut Dziedzictwa obj\u0105\u0142 patronatem honorowym wystaw\u0119 plenerow\u0105 \u201eWarstwy. Dziedzictwo archeologiczne Mazowsza&#8221;, kt\u00f3ra przybli\u017ca widzom badania archeologiczne, kwestie konserwacji zabytk\u00f3w, a tak\u017ce fenomen regionu \u2013 Mazowieckie Centrum Metalurgiczne. Staro\u017cytny \u015bwiat [&hellip;]\" \/>\n<meta property=\"og:url\" content=\"http:\/\/nid.pl\/en\/2022\/07\/25\/wystawa-plenerowa-warstwy-dziedzictwo-archeologiczne-mazowsza\/\" \/>\n<meta property=\"og:site_name\" content=\"NID\" \/>\n<meta property=\"article:publisher\" content=\"https:\/\/www.facebook.com\/zabytek\" \/>\n<meta property=\"article:published_time\" content=\"2022-07-25T11:25:03+00:00\" \/>\n<meta property=\"article:modified_time\" content=\"2022-07-25T11:26:56+00:00\" \/>\n<meta property=\"og:image\" content=\"https:\/\/nid.pl\/wp-content\/uploads\/2022\/07\/Patronaty_warstwy_aktualnosci.jpg\" \/>\n\t<meta property=\"og:image:width\" content=\"437\" \/>\n\t<meta property=\"og:image:height\" content=\"292\" \/>\n\t<meta property=\"og:image:type\" content=\"image\/jpeg\" \/>\n<meta name=\"author\" content=\"Barbara Halliop\" \/>\n<meta name=\"twitter:card\" content=\"summary_large_image\" \/>\n<meta name=\"twitter:creator\" content=\"@NarIDpl\" \/>\n<meta name=\"twitter:site\" content=\"@NarIDpl\" \/>\n<meta name=\"twitter:label1\" content=\"Written by\" \/>\n\t<meta name=\"twitter:data1\" content=\"Barbara Halliop\" \/>\n\t<meta name=\"twitter:label2\" content=\"Estimated reading time\" \/>\n\t<meta name=\"twitter:data2\" content=\"2 minutes\" \/>\n<script type=\"application\/ld+json\" class=\"yoast-schema-graph\">{\"@context\":\"https:\/\/schema.org\",\"@graph\":[{\"@type\":\"Article\",\"@id\":\"http:\/\/nid.pl\/en\/2022\/07\/25\/wystawa-plenerowa-warstwy-dziedzictwo-archeologiczne-mazowsza\/#article\",\"isPartOf\":{\"@id\":\"http:\/\/nid.pl\/en\/2022\/07\/25\/wystawa-plenerowa-warstwy-dziedzictwo-archeologiczne-mazowsza\/\"},\"author\":{\"name\":\"Barbara Halliop\",\"@id\":\"https:\/\/nid.pl\/#\/schema\/person\/1b690a8998a5111cfb9f0ffe24195a15\"},\"headline\":\"Wystawa plenerowa &#8220;Warstwy. Dziedzictwo archeologiczne Mazowsza&#8221;\",\"datePublished\":\"2022-07-25T11:25:03+00:00\",\"dateModified\":\"2022-07-25T11:26:56+00:00\",\"mainEntityOfPage\":{\"@id\":\"http:\/\/nid.pl\/en\/2022\/07\/25\/wystawa-plenerowa-warstwy-dziedzictwo-archeologiczne-mazowsza\/\"},\"wordCount\":470,\"commentCount\":0,\"publisher\":{\"@id\":\"https:\/\/nid.pl\/#organization\"},\"image\":{\"@id\":\"http:\/\/nid.pl\/en\/2022\/07\/25\/wystawa-plenerowa-warstwy-dziedzictwo-archeologiczne-mazowsza\/#primaryimage\"},\"thumbnailUrl\":\"https:\/\/nid.pl\/wp-content\/uploads\/2022\/07\/Patronaty_warstwy_aktualnosci.jpg\",\"articleSection\":[\"Patronaty\"],\"inLanguage\":\"en-GB\"},{\"@type\":\"WebPage\",\"@id\":\"http:\/\/nid.pl\/en\/2022\/07\/25\/wystawa-plenerowa-warstwy-dziedzictwo-archeologiczne-mazowsza\/\",\"url\":\"http:\/\/nid.pl\/en\/2022\/07\/25\/wystawa-plenerowa-warstwy-dziedzictwo-archeologiczne-mazowsza\/\",\"name\":\"Wystawa plenerowa \\\"Warstwy. Dziedzictwo archeologiczne Mazowsza\\\" - NID\",\"isPartOf\":{\"@id\":\"https:\/\/nid.pl\/#website\"},\"primaryImageOfPage\":{\"@id\":\"http:\/\/nid.pl\/en\/2022\/07\/25\/wystawa-plenerowa-warstwy-dziedzictwo-archeologiczne-mazowsza\/#primaryimage\"},\"image\":{\"@id\":\"http:\/\/nid.pl\/en\/2022\/07\/25\/wystawa-plenerowa-warstwy-dziedzictwo-archeologiczne-mazowsza\/#primaryimage\"},\"thumbnailUrl\":\"https:\/\/nid.pl\/wp-content\/uploads\/2022\/07\/Patronaty_warstwy_aktualnosci.jpg\",\"datePublished\":\"2022-07-25T11:25:03+00:00\",\"dateModified\":\"2022-07-25T11:26:56+00:00\",\"breadcrumb\":{\"@id\":\"http:\/\/nid.pl\/en\/2022\/07\/25\/wystawa-plenerowa-warstwy-dziedzictwo-archeologiczne-mazowsza\/#breadcrumb\"},\"inLanguage\":\"en-GB\",\"potentialAction\":[{\"@type\":\"ReadAction\",\"target\":[\"http:\/\/nid.pl\/en\/2022\/07\/25\/wystawa-plenerowa-warstwy-dziedzictwo-archeologiczne-mazowsza\/\"]}]},{\"@type\":\"ImageObject\",\"inLanguage\":\"en-GB\",\"@id\":\"http:\/\/nid.pl\/en\/2022\/07\/25\/wystawa-plenerowa-warstwy-dziedzictwo-archeologiczne-mazowsza\/#primaryimage\",\"url\":\"https:\/\/nid.pl\/wp-content\/uploads\/2022\/07\/Patronaty_warstwy_aktualnosci.jpg\",\"contentUrl\":\"https:\/\/nid.pl\/wp-content\/uploads\/2022\/07\/Patronaty_warstwy_aktualnosci.jpg\",\"width\":437,\"height\":292,\"caption\":\"Patronaty warstwy aktualnosci\"},{\"@type\":\"BreadcrumbList\",\"@id\":\"http:\/\/nid.pl\/en\/2022\/07\/25\/wystawa-plenerowa-warstwy-dziedzictwo-archeologiczne-mazowsza\/#breadcrumb\",\"itemListElement\":[{\"@type\":\"ListItem\",\"position\":1,\"name\":\"Home\",\"item\":\"https:\/\/nid.pl\/\"},{\"@type\":\"ListItem\",\"position\":2,\"name\":\"Wystawa plenerowa &#8220;Warstwy. Dziedzictwo archeologiczne Mazowsza&#8221;\"}]},{\"@type\":\"WebSite\",\"@id\":\"https:\/\/nid.pl\/#website\",\"url\":\"https:\/\/nid.pl\/\",\"name\":\"NID\",\"description\":\"Narodowy Instytut Dziedzictwa\",\"publisher\":{\"@id\":\"https:\/\/nid.pl\/#organization\"},\"potentialAction\":[{\"@type\":\"SearchAction\",\"target\":{\"@type\":\"EntryPoint\",\"urlTemplate\":\"https:\/\/nid.pl\/?s={search_term_string}\"},\"query-input\":{\"@type\":\"PropertyValueSpecification\",\"valueRequired\":true,\"valueName\":\"search_term_string\"}}],\"inLanguage\":\"en-GB\"},{\"@type\":\"Organization\",\"@id\":\"https:\/\/nid.pl\/#organization\",\"name\":\"Narodowy Instytut Dziedzictwa\",\"url\":\"https:\/\/nid.pl\/\",\"logo\":{\"@type\":\"ImageObject\",\"inLanguage\":\"en-GB\",\"@id\":\"https:\/\/nid.pl\/#\/schema\/logo\/image\/\",\"url\":\"https:\/\/nid.pl\/wp-content\/uploads\/2022\/10\/logoRedDark.png\",\"contentUrl\":\"https:\/\/nid.pl\/wp-content\/uploads\/2022\/10\/logoRedDark.png\",\"width\":200,\"height\":197,\"caption\":\"Narodowy Instytut Dziedzictwa\"},\"image\":{\"@id\":\"https:\/\/nid.pl\/#\/schema\/logo\/image\/\"},\"sameAs\":[\"https:\/\/www.facebook.com\/zabytek\",\"https:\/\/x.com\/NarIDpl\",\"https:\/\/www.instagram.com\/nid.pl\/?hl=pl\",\"https:\/\/www.linkedin.com\/company\/narodowy-instytut-dziedzictwa\",\"https:\/\/www.youtube.com\/channel\/UCQXuhKa2uHtmNvLRUSx40JA\"]},{\"@type\":\"Person\",\"@id\":\"https:\/\/nid.pl\/#\/schema\/person\/1b690a8998a5111cfb9f0ffe24195a15\",\"name\":\"Barbara Halliop\",\"image\":{\"@type\":\"ImageObject\",\"inLanguage\":\"en-GB\",\"@id\":\"https:\/\/nid.pl\/#\/schema\/person\/image\/\",\"url\":\"https:\/\/nid.pl\/wp-content\/litespeed\/avatar\/924046d17dd0c842c9fa9ccf489bc6dc.jpg?ver=1777444967\",\"contentUrl\":\"https:\/\/nid.pl\/wp-content\/litespeed\/avatar\/924046d17dd0c842c9fa9ccf489bc6dc.jpg?ver=1777444967\",\"caption\":\"Barbara Halliop\"},\"url\":\"https:\/\/nid.pl\/en\/author\/bhalliop\/\"}]}<\/script>\n<!-- \/ Yoast SEO plugin. -->","yoast_head_json":{"title":"Wystawa plenerowa \"Warstwy. Dziedzictwo archeologiczne Mazowsza\" - NID","robots":{"index":"index","follow":"follow","max-snippet":"max-snippet:-1","max-image-preview":"max-image-preview:large","max-video-preview":"max-video-preview:-1"},"canonical":"http:\/\/nid.pl\/en\/2022\/07\/25\/wystawa-plenerowa-warstwy-dziedzictwo-archeologiczne-mazowsza\/","og_locale":"en_GB","og_type":"article","og_title":"Wystawa plenerowa \"Warstwy. Dziedzictwo archeologiczne Mazowsza\" - NID","og_description":"Narodowy Instytut Dziedzictwa obj\u0105\u0142 patronatem honorowym wystaw\u0119 plenerow\u0105 \u201eWarstwy. Dziedzictwo archeologiczne Mazowsza&#8221;, kt\u00f3ra przybli\u017ca widzom badania archeologiczne, kwestie konserwacji zabytk\u00f3w, a tak\u017ce fenomen regionu \u2013 Mazowieckie Centrum Metalurgiczne. Staro\u017cytny \u015bwiat [&hellip;]","og_url":"http:\/\/nid.pl\/en\/2022\/07\/25\/wystawa-plenerowa-warstwy-dziedzictwo-archeologiczne-mazowsza\/","og_site_name":"NID","article_publisher":"https:\/\/www.facebook.com\/zabytek","article_published_time":"2022-07-25T11:25:03+00:00","article_modified_time":"2022-07-25T11:26:56+00:00","og_image":[{"width":437,"height":292,"url":"https:\/\/nid.pl\/wp-content\/uploads\/2022\/07\/Patronaty_warstwy_aktualnosci.jpg","type":"image\/jpeg"}],"author":"Barbara Halliop","twitter_card":"summary_large_image","twitter_creator":"@NarIDpl","twitter_site":"@NarIDpl","twitter_misc":{"Written by":"Barbara Halliop","Estimated reading time":"2 minutes"},"schema":{"@context":"https:\/\/schema.org","@graph":[{"@type":"Article","@id":"http:\/\/nid.pl\/en\/2022\/07\/25\/wystawa-plenerowa-warstwy-dziedzictwo-archeologiczne-mazowsza\/#article","isPartOf":{"@id":"http:\/\/nid.pl\/en\/2022\/07\/25\/wystawa-plenerowa-warstwy-dziedzictwo-archeologiczne-mazowsza\/"},"author":{"name":"Barbara Halliop","@id":"https:\/\/nid.pl\/#\/schema\/person\/1b690a8998a5111cfb9f0ffe24195a15"},"headline":"Wystawa plenerowa &#8220;Warstwy. Dziedzictwo archeologiczne Mazowsza&#8221;","datePublished":"2022-07-25T11:25:03+00:00","dateModified":"2022-07-25T11:26:56+00:00","mainEntityOfPage":{"@id":"http:\/\/nid.pl\/en\/2022\/07\/25\/wystawa-plenerowa-warstwy-dziedzictwo-archeologiczne-mazowsza\/"},"wordCount":470,"commentCount":0,"publisher":{"@id":"https:\/\/nid.pl\/#organization"},"image":{"@id":"http:\/\/nid.pl\/en\/2022\/07\/25\/wystawa-plenerowa-warstwy-dziedzictwo-archeologiczne-mazowsza\/#primaryimage"},"thumbnailUrl":"https:\/\/nid.pl\/wp-content\/uploads\/2022\/07\/Patronaty_warstwy_aktualnosci.jpg","articleSection":["Patronaty"],"inLanguage":"en-GB"},{"@type":"WebPage","@id":"http:\/\/nid.pl\/en\/2022\/07\/25\/wystawa-plenerowa-warstwy-dziedzictwo-archeologiczne-mazowsza\/","url":"http:\/\/nid.pl\/en\/2022\/07\/25\/wystawa-plenerowa-warstwy-dziedzictwo-archeologiczne-mazowsza\/","name":"Wystawa plenerowa \"Warstwy. Dziedzictwo archeologiczne Mazowsza\" - NID","isPartOf":{"@id":"https:\/\/nid.pl\/#website"},"primaryImageOfPage":{"@id":"http:\/\/nid.pl\/en\/2022\/07\/25\/wystawa-plenerowa-warstwy-dziedzictwo-archeologiczne-mazowsza\/#primaryimage"},"image":{"@id":"http:\/\/nid.pl\/en\/2022\/07\/25\/wystawa-plenerowa-warstwy-dziedzictwo-archeologiczne-mazowsza\/#primaryimage"},"thumbnailUrl":"https:\/\/nid.pl\/wp-content\/uploads\/2022\/07\/Patronaty_warstwy_aktualnosci.jpg","datePublished":"2022-07-25T11:25:03+00:00","dateModified":"2022-07-25T11:26:56+00:00","breadcrumb":{"@id":"http:\/\/nid.pl\/en\/2022\/07\/25\/wystawa-plenerowa-warstwy-dziedzictwo-archeologiczne-mazowsza\/#breadcrumb"},"inLanguage":"en-GB","potentialAction":[{"@type":"ReadAction","target":["http:\/\/nid.pl\/en\/2022\/07\/25\/wystawa-plenerowa-warstwy-dziedzictwo-archeologiczne-mazowsza\/"]}]},{"@type":"ImageObject","inLanguage":"en-GB","@id":"http:\/\/nid.pl\/en\/2022\/07\/25\/wystawa-plenerowa-warstwy-dziedzictwo-archeologiczne-mazowsza\/#primaryimage","url":"https:\/\/nid.pl\/wp-content\/uploads\/2022\/07\/Patronaty_warstwy_aktualnosci.jpg","contentUrl":"https:\/\/nid.pl\/wp-content\/uploads\/2022\/07\/Patronaty_warstwy_aktualnosci.jpg","width":437,"height":292,"caption":"Patronaty warstwy aktualnosci"},{"@type":"BreadcrumbList","@id":"http:\/\/nid.pl\/en\/2022\/07\/25\/wystawa-plenerowa-warstwy-dziedzictwo-archeologiczne-mazowsza\/#breadcrumb","itemListElement":[{"@type":"ListItem","position":1,"name":"Home","item":"https:\/\/nid.pl\/"},{"@type":"ListItem","position":2,"name":"Wystawa plenerowa &#8220;Warstwy. Dziedzictwo archeologiczne Mazowsza&#8221;"}]},{"@type":"WebSite","@id":"https:\/\/nid.pl\/#website","url":"https:\/\/nid.pl\/","name":"NID","description":"Narodowy Instytut Dziedzictwa","publisher":{"@id":"https:\/\/nid.pl\/#organization"},"potentialAction":[{"@type":"SearchAction","target":{"@type":"EntryPoint","urlTemplate":"https:\/\/nid.pl\/?s={search_term_string}"},"query-input":{"@type":"PropertyValueSpecification","valueRequired":true,"valueName":"search_term_string"}}],"inLanguage":"en-GB"},{"@type":"Organization","@id":"https:\/\/nid.pl\/#organization","name":"Narodowy Instytut Dziedzictwa","url":"https:\/\/nid.pl\/","logo":{"@type":"ImageObject","inLanguage":"en-GB","@id":"https:\/\/nid.pl\/#\/schema\/logo\/image\/","url":"https:\/\/nid.pl\/wp-content\/uploads\/2022\/10\/logoRedDark.png","contentUrl":"https:\/\/nid.pl\/wp-content\/uploads\/2022\/10\/logoRedDark.png","width":200,"height":197,"caption":"Narodowy Instytut Dziedzictwa"},"image":{"@id":"https:\/\/nid.pl\/#\/schema\/logo\/image\/"},"sameAs":["https:\/\/www.facebook.com\/zabytek","https:\/\/x.com\/NarIDpl","https:\/\/www.instagram.com\/nid.pl\/?hl=pl","https:\/\/www.linkedin.com\/company\/narodowy-instytut-dziedzictwa","https:\/\/www.youtube.com\/channel\/UCQXuhKa2uHtmNvLRUSx40JA"]},{"@type":"Person","@id":"https:\/\/nid.pl\/#\/schema\/person\/1b690a8998a5111cfb9f0ffe24195a15","name":"Barbara Halliop","image":{"@type":"ImageObject","inLanguage":"en-GB","@id":"https:\/\/nid.pl\/#\/schema\/person\/image\/","url":"https:\/\/nid.pl\/wp-content\/litespeed\/avatar\/924046d17dd0c842c9fa9ccf489bc6dc.jpg?ver=1777444967","contentUrl":"https:\/\/nid.pl\/wp-content\/litespeed\/avatar\/924046d17dd0c842c9fa9ccf489bc6dc.jpg?ver=1777444967","caption":"Barbara Halliop"},"url":"https:\/\/nid.pl\/en\/author\/bhalliop\/"}]}},"_links":{"self":[{"href":"https:\/\/nid.pl\/en\/wp-json\/wp\/v2\/posts\/7587","targetHints":{"allow":["GET"]}}],"collection":[{"href":"https:\/\/nid.pl\/en\/wp-json\/wp\/v2\/posts"}],"about":[{"href":"https:\/\/nid.pl\/en\/wp-json\/wp\/v2\/types\/post"}],"author":[{"embeddable":true,"href":"https:\/\/nid.pl\/en\/wp-json\/wp\/v2\/users\/7"}],"replies":[{"embeddable":true,"href":"https:\/\/nid.pl\/en\/wp-json\/wp\/v2\/comments?post=7587"}],"version-history":[{"count":0,"href":"https:\/\/nid.pl\/en\/wp-json\/wp\/v2\/posts\/7587\/revisions"}],"wp:featuredmedia":[{"embeddable":true,"href":"https:\/\/nid.pl\/en\/wp-json\/wp\/v2\/media\/7585"}],"wp:attachment":[{"href":"https:\/\/nid.pl\/en\/wp-json\/wp\/v2\/media?parent=7587"}],"wp:term":[{"taxonomy":"category","embeddable":true,"href":"https:\/\/nid.pl\/en\/wp-json\/wp\/v2\/categories?post=7587"},{"taxonomy":"post_tag","embeddable":true,"href":"https:\/\/nid.pl\/en\/wp-json\/wp\/v2\/tags?post=7587"}],"curies":[{"name":"wp","href":"https:\/\/api.w.org\/{rel}","templated":true}]}}