{"id":7446,"date":"2022-04-21T14:58:00","date_gmt":"2022-04-21T12:58:00","guid":{"rendered":"https:\/\/nid.pl\/?p=7446"},"modified":"2022-07-08T15:05:08","modified_gmt":"2022-07-08T13:05:08","slug":"viii-ogolnopolska-konferencja-naukowa-rozpoznac-przeszlosc-w-terazniejszosci-postdziedzictwo","status":"publish","type":"post","link":"https:\/\/nid.pl\/en\/2022\/04\/21\/viii-ogolnopolska-konferencja-naukowa-rozpoznac-przeszlosc-w-terazniejszosci-postdziedzictwo\/","title":{"rendered":"VIII Og\u00f3lnopolska Konferencja Naukowa \u201eRozpozna\u0107 przesz\u0142o\u015b\u0107 w tera\u017aniejszo\u015bci. Postdziedzictwo\u201d"},"content":{"rendered":"<p><strong>Narodowy Instytut Dziedzictwa obj\u0105\u0142 patronatem VIII Og\u00f3lnopolsk\u0105 Konferencj\u0119 Naukow\u0105 \u201eRozpozna\u0107 przesz\u0142o\u015b\u0107 w tera\u017aniejszo\u015bci. Postdziedzictwo\u201d organizowan\u0105 przez Akademickie Ko\u0142o Student\u00f3w Ochrony D\u00f3br Kultury Uniwersytetu Jagiello\u0144skiego i Instytut Historii Sztuki UJ.<\/strong> <\/p>\n\n\n\n<p>Celem spotkania jest pochylenie si\u0119 nad \u201epostdziedzictwem\u201d, nad tym czy dobie cybernetyzacji, pandemii, kryzysu klimatycznego \u2013 \u201edziedzictwo\u201d to nadal aktualna, przystaj\u0105ca do nowych okoliczno\u015bci koncepcja. Organizatorzy tworz\u0105 przestrze\u0144 do interdyscyplinarnej dyskusji i refleksji nad dziedzictwem \u201epozaborczym\u201d, \u201epost-industrialnym\u201d, \u201epo-niemieckim\u201d, a nawet \u201epostkomunistycznym\u201d oraz do podzielenia si\u0119 wynikami bada\u0144 nad szeroko poj\u0119tym dziedzictwem i nowymi technologiami w zakresie konserwacji zabytk\u00f3w ruchomych i nieruchomych.<\/p>\n\n\n\n<div class=\"wp-block-image\"><figure class=\"aligncenter size-large is-resized\"><img loading=\"lazy\" decoding=\"async\" src=\"https:\/\/nid.pl\/wp-content\/uploads\/2022\/07\/Patronaty2022_Postdziedzictwo_plakat_Page_1-724x1024.jpeg\" alt=\"\" class=\"wp-image-7448\" width=\"570\" height=\"806\"\/><\/figure><\/div>","protected":false},"excerpt":{"rendered":"<p>Narodowy Instytut Dziedzictwa obj\u0105\u0142 patronatem VIII Og\u00f3lnopolsk\u0105 Konferencj\u0119 Naukow\u0105 \u201eRozpozna\u0107 przesz\u0142o\u015b\u0107 w tera\u017aniejszo\u015bci. Postdziedzictwo\u201d organizowan\u0105 przez Akademickie Ko\u0142o Student\u00f3w Ochrony D\u00f3br Kultury Uniwersytetu Jagiello\u0144skiego i Instytut Historii Sztuki UJ. Celem [&hellip;]<\/p>","protected":false},"author":7,"featured_media":7450,"comment_status":"open","ping_status":"open","sticky":false,"template":"","format":"standard","meta":{"_et_pb_use_builder":"off","_et_pb_old_content":"","_et_gb_content_width":"","_monsterinsights_skip_tracking":false,"_monsterinsights_sitenote_active":false,"_monsterinsights_sitenote_note":"","_monsterinsights_sitenote_category":0,"footnotes":""},"categories":[28],"tags":[],"class_list":["post-7446","post","type-post","status-publish","format-standard","has-post-thumbnail","hentry","category-patronaty"],"yoast_head":"<!-- This site is optimized with the Yoast SEO plugin v26.5 - https:\/\/yoast.com\/wordpress\/plugins\/seo\/ -->\n<title>VIII Og\u00f3lnopolska Konferencja Naukowa \u201eRozpozna\u0107 przesz\u0142o\u015b\u0107 w tera\u017aniejszo\u015bci. Postdziedzictwo\u201d - NID<\/title>\n<meta name=\"robots\" content=\"index, follow, max-snippet:-1, max-image-preview:large, max-video-preview:-1\" \/>\n<link rel=\"canonical\" href=\"https:\/\/nid.pl\/en\/2022\/04\/21\/viii-ogolnopolska-konferencja-naukowa-rozpoznac-przeszlosc-w-terazniejszosci-postdziedzictwo\/\" \/>\n<meta property=\"og:locale\" content=\"en_GB\" \/>\n<meta property=\"og:type\" content=\"article\" \/>\n<meta property=\"og:title\" content=\"VIII Og\u00f3lnopolska Konferencja Naukowa \u201eRozpozna\u0107 przesz\u0142o\u015b\u0107 w tera\u017aniejszo\u015bci. Postdziedzictwo\u201d - NID\" \/>\n<meta property=\"og:description\" content=\"Narodowy Instytut Dziedzictwa obj\u0105\u0142 patronatem VIII Og\u00f3lnopolsk\u0105 Konferencj\u0119 Naukow\u0105 \u201eRozpozna\u0107 przesz\u0142o\u015b\u0107 w tera\u017aniejszo\u015bci. Postdziedzictwo\u201d organizowan\u0105 przez Akademickie Ko\u0142o Student\u00f3w Ochrony D\u00f3br Kultury Uniwersytetu Jagiello\u0144skiego i Instytut Historii Sztuki UJ. Celem [&hellip;]\" \/>\n<meta property=\"og:url\" content=\"https:\/\/nid.pl\/en\/2022\/04\/21\/viii-ogolnopolska-konferencja-naukowa-rozpoznac-przeszlosc-w-terazniejszosci-postdziedzictwo\/\" \/>\n<meta property=\"og:site_name\" content=\"NID\" \/>\n<meta property=\"article:publisher\" content=\"https:\/\/www.facebook.com\/zabytek\" \/>\n<meta property=\"article:published_time\" content=\"2022-04-21T12:58:00+00:00\" \/>\n<meta property=\"article:modified_time\" content=\"2022-07-08T13:05:08+00:00\" \/>\n<meta property=\"og:image\" content=\"https:\/\/nid.pl\/wp-content\/uploads\/2022\/07\/Patronaty2022_Postdziedzictwo_pl.jpg\" \/>\n\t<meta property=\"og:image:width\" content=\"440\" \/>\n\t<meta property=\"og:image:height\" content=\"294\" \/>\n\t<meta property=\"og:image:type\" content=\"image\/jpeg\" \/>\n<meta name=\"author\" content=\"Barbara Halliop\" \/>\n<meta name=\"twitter:card\" content=\"summary_large_image\" \/>\n<meta name=\"twitter:creator\" content=\"@NarIDpl\" \/>\n<meta name=\"twitter:site\" content=\"@NarIDpl\" \/>\n<meta name=\"twitter:label1\" content=\"Written by\" \/>\n\t<meta name=\"twitter:data1\" content=\"Barbara Halliop\" \/>\n\t<meta name=\"twitter:label2\" content=\"Estimated reading time\" \/>\n\t<meta name=\"twitter:data2\" content=\"1 minute\" \/>\n<script type=\"application\/ld+json\" class=\"yoast-schema-graph\">{\"@context\":\"https:\/\/schema.org\",\"@graph\":[{\"@type\":\"Article\",\"@id\":\"https:\/\/nid.pl\/2022\/04\/21\/viii-ogolnopolska-konferencja-naukowa-rozpoznac-przeszlosc-w-terazniejszosci-postdziedzictwo\/#article\",\"isPartOf\":{\"@id\":\"https:\/\/nid.pl\/2022\/04\/21\/viii-ogolnopolska-konferencja-naukowa-rozpoznac-przeszlosc-w-terazniejszosci-postdziedzictwo\/\"},\"author\":{\"name\":\"Barbara Halliop\",\"@id\":\"https:\/\/nid.pl\/#\/schema\/person\/1b690a8998a5111cfb9f0ffe24195a15\"},\"headline\":\"VIII Og\u00f3lnopolska Konferencja Naukowa \u201eRozpozna\u0107 przesz\u0142o\u015b\u0107 w tera\u017aniejszo\u015bci. Postdziedzictwo\u201d\",\"datePublished\":\"2022-04-21T12:58:00+00:00\",\"dateModified\":\"2022-07-08T13:05:08+00:00\",\"mainEntityOfPage\":{\"@id\":\"https:\/\/nid.pl\/2022\/04\/21\/viii-ogolnopolska-konferencja-naukowa-rozpoznac-przeszlosc-w-terazniejszosci-postdziedzictwo\/\"},\"wordCount\":114,\"commentCount\":0,\"publisher\":{\"@id\":\"https:\/\/nid.pl\/#organization\"},\"image\":{\"@id\":\"https:\/\/nid.pl\/2022\/04\/21\/viii-ogolnopolska-konferencja-naukowa-rozpoznac-przeszlosc-w-terazniejszosci-postdziedzictwo\/#primaryimage\"},\"thumbnailUrl\":\"https:\/\/nid.pl\/wp-content\/uploads\/2022\/07\/Patronaty2022_Postdziedzictwo_pl.jpg\",\"articleSection\":[\"Patronaty\"],\"inLanguage\":\"en-GB\"},{\"@type\":\"WebPage\",\"@id\":\"https:\/\/nid.pl\/2022\/04\/21\/viii-ogolnopolska-konferencja-naukowa-rozpoznac-przeszlosc-w-terazniejszosci-postdziedzictwo\/\",\"url\":\"https:\/\/nid.pl\/2022\/04\/21\/viii-ogolnopolska-konferencja-naukowa-rozpoznac-przeszlosc-w-terazniejszosci-postdziedzictwo\/\",\"name\":\"VIII Og\u00f3lnopolska Konferencja Naukowa \u201eRozpozna\u0107 przesz\u0142o\u015b\u0107 w tera\u017aniejszo\u015bci. Postdziedzictwo\u201d - NID\",\"isPartOf\":{\"@id\":\"https:\/\/nid.pl\/#website\"},\"primaryImageOfPage\":{\"@id\":\"https:\/\/nid.pl\/2022\/04\/21\/viii-ogolnopolska-konferencja-naukowa-rozpoznac-przeszlosc-w-terazniejszosci-postdziedzictwo\/#primaryimage\"},\"image\":{\"@id\":\"https:\/\/nid.pl\/2022\/04\/21\/viii-ogolnopolska-konferencja-naukowa-rozpoznac-przeszlosc-w-terazniejszosci-postdziedzictwo\/#primaryimage\"},\"thumbnailUrl\":\"https:\/\/nid.pl\/wp-content\/uploads\/2022\/07\/Patronaty2022_Postdziedzictwo_pl.jpg\",\"datePublished\":\"2022-04-21T12:58:00+00:00\",\"dateModified\":\"2022-07-08T13:05:08+00:00\",\"breadcrumb\":{\"@id\":\"https:\/\/nid.pl\/2022\/04\/21\/viii-ogolnopolska-konferencja-naukowa-rozpoznac-przeszlosc-w-terazniejszosci-postdziedzictwo\/#breadcrumb\"},\"inLanguage\":\"en-GB\",\"potentialAction\":[{\"@type\":\"ReadAction\",\"target\":[\"https:\/\/nid.pl\/2022\/04\/21\/viii-ogolnopolska-konferencja-naukowa-rozpoznac-przeszlosc-w-terazniejszosci-postdziedzictwo\/\"]}]},{\"@type\":\"ImageObject\",\"inLanguage\":\"en-GB\",\"@id\":\"https:\/\/nid.pl\/2022\/04\/21\/viii-ogolnopolska-konferencja-naukowa-rozpoznac-przeszlosc-w-terazniejszosci-postdziedzictwo\/#primaryimage\",\"url\":\"https:\/\/nid.pl\/wp-content\/uploads\/2022\/07\/Patronaty2022_Postdziedzictwo_pl.jpg\",\"contentUrl\":\"https:\/\/nid.pl\/wp-content\/uploads\/2022\/07\/Patronaty2022_Postdziedzictwo_pl.jpg\",\"width\":440,\"height\":294,\"caption\":\"Patronaty Postdziedzictwo pl\"},{\"@type\":\"BreadcrumbList\",\"@id\":\"https:\/\/nid.pl\/2022\/04\/21\/viii-ogolnopolska-konferencja-naukowa-rozpoznac-przeszlosc-w-terazniejszosci-postdziedzictwo\/#breadcrumb\",\"itemListElement\":[{\"@type\":\"ListItem\",\"position\":1,\"name\":\"Home\",\"item\":\"https:\/\/nid.pl\/\"},{\"@type\":\"ListItem\",\"position\":2,\"name\":\"VIII Og\u00f3lnopolska Konferencja Naukowa \u201eRozpozna\u0107 przesz\u0142o\u015b\u0107 w tera\u017aniejszo\u015bci. Postdziedzictwo\u201d\"}]},{\"@type\":\"WebSite\",\"@id\":\"https:\/\/nid.pl\/#website\",\"url\":\"https:\/\/nid.pl\/\",\"name\":\"NID\",\"description\":\"Narodowy Instytut Dziedzictwa\",\"publisher\":{\"@id\":\"https:\/\/nid.pl\/#organization\"},\"potentialAction\":[{\"@type\":\"SearchAction\",\"target\":{\"@type\":\"EntryPoint\",\"urlTemplate\":\"https:\/\/nid.pl\/?s={search_term_string}\"},\"query-input\":{\"@type\":\"PropertyValueSpecification\",\"valueRequired\":true,\"valueName\":\"search_term_string\"}}],\"inLanguage\":\"en-GB\"},{\"@type\":\"Organization\",\"@id\":\"https:\/\/nid.pl\/#organization\",\"name\":\"Narodowy Instytut Dziedzictwa\",\"url\":\"https:\/\/nid.pl\/\",\"logo\":{\"@type\":\"ImageObject\",\"inLanguage\":\"en-GB\",\"@id\":\"https:\/\/nid.pl\/#\/schema\/logo\/image\/\",\"url\":\"https:\/\/nid.pl\/wp-content\/uploads\/2022\/10\/logoRedDark.png\",\"contentUrl\":\"https:\/\/nid.pl\/wp-content\/uploads\/2022\/10\/logoRedDark.png\",\"width\":200,\"height\":197,\"caption\":\"Narodowy Instytut Dziedzictwa\"},\"image\":{\"@id\":\"https:\/\/nid.pl\/#\/schema\/logo\/image\/\"},\"sameAs\":[\"https:\/\/www.facebook.com\/zabytek\",\"https:\/\/x.com\/NarIDpl\",\"https:\/\/www.instagram.com\/nid.pl\/?hl=pl\",\"https:\/\/www.linkedin.com\/company\/narodowy-instytut-dziedzictwa\",\"https:\/\/www.youtube.com\/channel\/UCQXuhKa2uHtmNvLRUSx40JA\"]},{\"@type\":\"Person\",\"@id\":\"https:\/\/nid.pl\/#\/schema\/person\/1b690a8998a5111cfb9f0ffe24195a15\",\"name\":\"Barbara Halliop\",\"image\":{\"@type\":\"ImageObject\",\"inLanguage\":\"en-GB\",\"@id\":\"https:\/\/nid.pl\/#\/schema\/person\/image\/\",\"url\":\"https:\/\/nid.pl\/wp-content\/litespeed\/avatar\/924046d17dd0c842c9fa9ccf489bc6dc.jpg?ver=1777444967\",\"contentUrl\":\"https:\/\/nid.pl\/wp-content\/litespeed\/avatar\/924046d17dd0c842c9fa9ccf489bc6dc.jpg?ver=1777444967\",\"caption\":\"Barbara Halliop\"},\"url\":\"https:\/\/nid.pl\/en\/author\/bhalliop\/\"}]}<\/script>\n<!-- \/ Yoast SEO plugin. -->","yoast_head_json":{"title":"VIII Og\u00f3lnopolska Konferencja Naukowa \u201eRozpozna\u0107 przesz\u0142o\u015b\u0107 w tera\u017aniejszo\u015bci. Postdziedzictwo\u201d - NID","robots":{"index":"index","follow":"follow","max-snippet":"max-snippet:-1","max-image-preview":"max-image-preview:large","max-video-preview":"max-video-preview:-1"},"canonical":"https:\/\/nid.pl\/en\/2022\/04\/21\/viii-ogolnopolska-konferencja-naukowa-rozpoznac-przeszlosc-w-terazniejszosci-postdziedzictwo\/","og_locale":"en_GB","og_type":"article","og_title":"VIII Og\u00f3lnopolska Konferencja Naukowa \u201eRozpozna\u0107 przesz\u0142o\u015b\u0107 w tera\u017aniejszo\u015bci. Postdziedzictwo\u201d - NID","og_description":"Narodowy Instytut Dziedzictwa obj\u0105\u0142 patronatem VIII Og\u00f3lnopolsk\u0105 Konferencj\u0119 Naukow\u0105 \u201eRozpozna\u0107 przesz\u0142o\u015b\u0107 w tera\u017aniejszo\u015bci. Postdziedzictwo\u201d organizowan\u0105 przez Akademickie Ko\u0142o Student\u00f3w Ochrony D\u00f3br Kultury Uniwersytetu Jagiello\u0144skiego i Instytut Historii Sztuki UJ. Celem [&hellip;]","og_url":"https:\/\/nid.pl\/en\/2022\/04\/21\/viii-ogolnopolska-konferencja-naukowa-rozpoznac-przeszlosc-w-terazniejszosci-postdziedzictwo\/","og_site_name":"NID","article_publisher":"https:\/\/www.facebook.com\/zabytek","article_published_time":"2022-04-21T12:58:00+00:00","article_modified_time":"2022-07-08T13:05:08+00:00","og_image":[{"width":440,"height":294,"url":"https:\/\/nid.pl\/wp-content\/uploads\/2022\/07\/Patronaty2022_Postdziedzictwo_pl.jpg","type":"image\/jpeg"}],"author":"Barbara Halliop","twitter_card":"summary_large_image","twitter_creator":"@NarIDpl","twitter_site":"@NarIDpl","twitter_misc":{"Written by":"Barbara Halliop","Estimated reading time":"1 minute"},"schema":{"@context":"https:\/\/schema.org","@graph":[{"@type":"Article","@id":"https:\/\/nid.pl\/2022\/04\/21\/viii-ogolnopolska-konferencja-naukowa-rozpoznac-przeszlosc-w-terazniejszosci-postdziedzictwo\/#article","isPartOf":{"@id":"https:\/\/nid.pl\/2022\/04\/21\/viii-ogolnopolska-konferencja-naukowa-rozpoznac-przeszlosc-w-terazniejszosci-postdziedzictwo\/"},"author":{"name":"Barbara Halliop","@id":"https:\/\/nid.pl\/#\/schema\/person\/1b690a8998a5111cfb9f0ffe24195a15"},"headline":"VIII Og\u00f3lnopolska Konferencja Naukowa \u201eRozpozna\u0107 przesz\u0142o\u015b\u0107 w tera\u017aniejszo\u015bci. Postdziedzictwo\u201d","datePublished":"2022-04-21T12:58:00+00:00","dateModified":"2022-07-08T13:05:08+00:00","mainEntityOfPage":{"@id":"https:\/\/nid.pl\/2022\/04\/21\/viii-ogolnopolska-konferencja-naukowa-rozpoznac-przeszlosc-w-terazniejszosci-postdziedzictwo\/"},"wordCount":114,"commentCount":0,"publisher":{"@id":"https:\/\/nid.pl\/#organization"},"image":{"@id":"https:\/\/nid.pl\/2022\/04\/21\/viii-ogolnopolska-konferencja-naukowa-rozpoznac-przeszlosc-w-terazniejszosci-postdziedzictwo\/#primaryimage"},"thumbnailUrl":"https:\/\/nid.pl\/wp-content\/uploads\/2022\/07\/Patronaty2022_Postdziedzictwo_pl.jpg","articleSection":["Patronaty"],"inLanguage":"en-GB"},{"@type":"WebPage","@id":"https:\/\/nid.pl\/2022\/04\/21\/viii-ogolnopolska-konferencja-naukowa-rozpoznac-przeszlosc-w-terazniejszosci-postdziedzictwo\/","url":"https:\/\/nid.pl\/2022\/04\/21\/viii-ogolnopolska-konferencja-naukowa-rozpoznac-przeszlosc-w-terazniejszosci-postdziedzictwo\/","name":"VIII Og\u00f3lnopolska Konferencja Naukowa \u201eRozpozna\u0107 przesz\u0142o\u015b\u0107 w tera\u017aniejszo\u015bci. Postdziedzictwo\u201d - NID","isPartOf":{"@id":"https:\/\/nid.pl\/#website"},"primaryImageOfPage":{"@id":"https:\/\/nid.pl\/2022\/04\/21\/viii-ogolnopolska-konferencja-naukowa-rozpoznac-przeszlosc-w-terazniejszosci-postdziedzictwo\/#primaryimage"},"image":{"@id":"https:\/\/nid.pl\/2022\/04\/21\/viii-ogolnopolska-konferencja-naukowa-rozpoznac-przeszlosc-w-terazniejszosci-postdziedzictwo\/#primaryimage"},"thumbnailUrl":"https:\/\/nid.pl\/wp-content\/uploads\/2022\/07\/Patronaty2022_Postdziedzictwo_pl.jpg","datePublished":"2022-04-21T12:58:00+00:00","dateModified":"2022-07-08T13:05:08+00:00","breadcrumb":{"@id":"https:\/\/nid.pl\/2022\/04\/21\/viii-ogolnopolska-konferencja-naukowa-rozpoznac-przeszlosc-w-terazniejszosci-postdziedzictwo\/#breadcrumb"},"inLanguage":"en-GB","potentialAction":[{"@type":"ReadAction","target":["https:\/\/nid.pl\/2022\/04\/21\/viii-ogolnopolska-konferencja-naukowa-rozpoznac-przeszlosc-w-terazniejszosci-postdziedzictwo\/"]}]},{"@type":"ImageObject","inLanguage":"en-GB","@id":"https:\/\/nid.pl\/2022\/04\/21\/viii-ogolnopolska-konferencja-naukowa-rozpoznac-przeszlosc-w-terazniejszosci-postdziedzictwo\/#primaryimage","url":"https:\/\/nid.pl\/wp-content\/uploads\/2022\/07\/Patronaty2022_Postdziedzictwo_pl.jpg","contentUrl":"https:\/\/nid.pl\/wp-content\/uploads\/2022\/07\/Patronaty2022_Postdziedzictwo_pl.jpg","width":440,"height":294,"caption":"Patronaty Postdziedzictwo pl"},{"@type":"BreadcrumbList","@id":"https:\/\/nid.pl\/2022\/04\/21\/viii-ogolnopolska-konferencja-naukowa-rozpoznac-przeszlosc-w-terazniejszosci-postdziedzictwo\/#breadcrumb","itemListElement":[{"@type":"ListItem","position":1,"name":"Home","item":"https:\/\/nid.pl\/"},{"@type":"ListItem","position":2,"name":"VIII Og\u00f3lnopolska Konferencja Naukowa \u201eRozpozna\u0107 przesz\u0142o\u015b\u0107 w tera\u017aniejszo\u015bci. Postdziedzictwo\u201d"}]},{"@type":"WebSite","@id":"https:\/\/nid.pl\/#website","url":"https:\/\/nid.pl\/","name":"NID","description":"Narodowy Instytut Dziedzictwa","publisher":{"@id":"https:\/\/nid.pl\/#organization"},"potentialAction":[{"@type":"SearchAction","target":{"@type":"EntryPoint","urlTemplate":"https:\/\/nid.pl\/?s={search_term_string}"},"query-input":{"@type":"PropertyValueSpecification","valueRequired":true,"valueName":"search_term_string"}}],"inLanguage":"en-GB"},{"@type":"Organization","@id":"https:\/\/nid.pl\/#organization","name":"Narodowy Instytut Dziedzictwa","url":"https:\/\/nid.pl\/","logo":{"@type":"ImageObject","inLanguage":"en-GB","@id":"https:\/\/nid.pl\/#\/schema\/logo\/image\/","url":"https:\/\/nid.pl\/wp-content\/uploads\/2022\/10\/logoRedDark.png","contentUrl":"https:\/\/nid.pl\/wp-content\/uploads\/2022\/10\/logoRedDark.png","width":200,"height":197,"caption":"Narodowy Instytut Dziedzictwa"},"image":{"@id":"https:\/\/nid.pl\/#\/schema\/logo\/image\/"},"sameAs":["https:\/\/www.facebook.com\/zabytek","https:\/\/x.com\/NarIDpl","https:\/\/www.instagram.com\/nid.pl\/?hl=pl","https:\/\/www.linkedin.com\/company\/narodowy-instytut-dziedzictwa","https:\/\/www.youtube.com\/channel\/UCQXuhKa2uHtmNvLRUSx40JA"]},{"@type":"Person","@id":"https:\/\/nid.pl\/#\/schema\/person\/1b690a8998a5111cfb9f0ffe24195a15","name":"Barbara Halliop","image":{"@type":"ImageObject","inLanguage":"en-GB","@id":"https:\/\/nid.pl\/#\/schema\/person\/image\/","url":"https:\/\/nid.pl\/wp-content\/litespeed\/avatar\/924046d17dd0c842c9fa9ccf489bc6dc.jpg?ver=1777444967","contentUrl":"https:\/\/nid.pl\/wp-content\/litespeed\/avatar\/924046d17dd0c842c9fa9ccf489bc6dc.jpg?ver=1777444967","caption":"Barbara Halliop"},"url":"https:\/\/nid.pl\/en\/author\/bhalliop\/"}]}},"_links":{"self":[{"href":"https:\/\/nid.pl\/en\/wp-json\/wp\/v2\/posts\/7446","targetHints":{"allow":["GET"]}}],"collection":[{"href":"https:\/\/nid.pl\/en\/wp-json\/wp\/v2\/posts"}],"about":[{"href":"https:\/\/nid.pl\/en\/wp-json\/wp\/v2\/types\/post"}],"author":[{"embeddable":true,"href":"https:\/\/nid.pl\/en\/wp-json\/wp\/v2\/users\/7"}],"replies":[{"embeddable":true,"href":"https:\/\/nid.pl\/en\/wp-json\/wp\/v2\/comments?post=7446"}],"version-history":[{"count":0,"href":"https:\/\/nid.pl\/en\/wp-json\/wp\/v2\/posts\/7446\/revisions"}],"wp:featuredmedia":[{"embeddable":true,"href":"https:\/\/nid.pl\/en\/wp-json\/wp\/v2\/media\/7450"}],"wp:attachment":[{"href":"https:\/\/nid.pl\/en\/wp-json\/wp\/v2\/media?parent=7446"}],"wp:term":[{"taxonomy":"category","embeddable":true,"href":"https:\/\/nid.pl\/en\/wp-json\/wp\/v2\/categories?post=7446"},{"taxonomy":"post_tag","embeddable":true,"href":"https:\/\/nid.pl\/en\/wp-json\/wp\/v2\/tags?post=7446"}],"curies":[{"name":"wp","href":"https:\/\/api.w.org\/{rel}","templated":true}]}}