{"id":7307,"date":"2022-06-30T11:06:30","date_gmt":"2022-06-30T09:06:30","guid":{"rendered":"https:\/\/nid.pl\/?p=7307"},"modified":"2022-06-30T11:06:39","modified_gmt":"2022-06-30T09:06:39","slug":"wystawa-przyszlym-pokoleniom-60-lat-misji-narodowego-instytutu-dziedzictwa-w-bialymstoku-poznaniu-kielcach-i-katowicach","status":"publish","type":"post","link":"https:\/\/nid.pl\/en\/2022\/06\/30\/wystawa-przyszlym-pokoleniom-60-lat-misji-narodowego-instytutu-dziedzictwa-w-bialymstoku-poznaniu-kielcach-i-katowicach\/","title":{"rendered":"Wystawa \u201cPrzysz\u0142ym pokoleniom. 60 lat misji Narodowego Instytutu Dziedzictwa\u201d w Bia\u0142ymstoku, Poznaniu, Kielcach i Katowicach"},"content":{"rendered":"<p><strong>Jubileuszowa wystawa <em>\u201cPrzysz\u0142ym pokoleniom. 60 lat misji Narodowego Instytutu Dziedzictwa\u201d<\/em> odwiedza kolejne miasta w Polsce. W lipcu plenerow\u0105 ekspozycj\u0119 Instytutu b\u0119dzie mo\u017cna ogl\u0105da\u0107 w Bia\u0142ymstoku, Poznaniu, Kielcach i Katowicach. Wydarzeniom b\u0119d\u0105 towarzyszy\u0142y konferencje, prezentacje oraz spotkania z pracownikami NID.<\/strong><\/p>\n\n\n\n<p>Narodowy Instytut Dziedzictwa jest instytucj\u0105 kultury dzia\u0142aj\u0105c\u0105 pod zwierzchnictwem Ministra Kultury i Dziedzictwa Narodowego. Funkcjonuj\u0105cy od 1962 roku Instytut w rocznic\u0119 60-lecia swojego istnienia postanowi\u0142 zaprezentowa\u0107 szerszej publiczno\u015bci zakres swojego dzia\u0142ania, misj\u0119, a tak\u017ce przedstawi\u0107 efekty pracy poszczeg\u00f3lnych Pracowni i Oddzia\u0142\u00f3w Terenowych NID.<\/p>\n\n\n\n<p>&#8211; <em>W ramach Jubileuszu postanowili\u015bmy przedstawi\u0107 dorobek Narodowego Instytutu Dziedzictwa oraz umo\u017cliwi\u0107 Polakom zapoznanie si\u0119 z nasz\u0105 misj\u0105. Dzia\u0142ania na rzecz ochrony zabytk\u00f3w, zachowania niematerialnego dziedzictwa Polski dla przysz\u0142ych pokole\u0144, programy i projekty edukacyjne, to tylko niekt\u00f3re z d\u0142ugiej listy obowi\u0105zk\u00f3w realizowanych przez Instytut. Wystawa plenerowa, kt\u00f3r\u0105 prezentujemy w 15 miastach na terenie kraju to r\u00f3wnie\u017c doskona\u0142a okazja do organizacji konferencji czy spotka\u0144 z ekspertami, kt\u00f3rzy przybli\u017caj\u0105 dzia\u0142alno\u015b\u0107 NID. Za nami, ciesz\u0105ce si\u0119 zainteresowaniem wystawy w Olsztynie, Krakowie, \u0141odzi i Opolu. W lipcu wystawa b\u0119dzie w Bia\u0142ymstoku, Poznaniu, Kielcach oraz Katowicach. Serdecznie zapraszam do odwiedzania naszej plenerowej ekspozycji w tych w\u0142a\u015bnie miastach<\/em> &#8211; podkre\u015bli\u0142a dr hab. Katarzyna Zalasi\u0144ska, Dyrektor Narodowego Instytutu Dziedzictwa.<\/p>\n\n\n\n<p><strong>Pierwsza z lipcowych wystaw<\/strong> <strong>\u201cPrzysz\u0142ym pokoleniom\u201d zaprezentowana zostanie ju\u017c 1\u00a0lipca o godz. 13:00 na Rynku Ko\u015bciuszki przy ul. Sienkiewicza 4 w Bia\u0142ymstoku<\/strong><\/p>\n\n\n\n<p>Wydarzeniu b\u0119dzie towarzyszy\u0142a prezentacja <em>\u201cKartki z kalendarza. Historia dzia\u0142alno\u015bci Pracowni Terenowej NID w Bia\u0142ymstoku\u201d<\/em>, kt\u00f3ra rozpocznie si\u0119 o godz. 14:15 w foyer i sali warsztatowej na II pi\u0119trze \u201cNIE teatru\u201d przy ul. Sienkiewicza 4. W ramach prezentacji bia\u0142ostocki zesp\u00f3\u0142 przybli\u017cy uczestnikom zakres dzia\u0142alno\u015bci Pracowni, opowie o dziedzictwie kulturowym wojew\u00f3dztwa podlaskiego oraz projektach prowadzonych przez plac\u00f3wk\u0119.<\/p>\n\n\n\n<p>Pracownia Terenowa NID w Bia\u0142ymstoku powsta\u0142a w 1991 roku. Do jej g\u0142\u00f3wnych zada\u0144 nale\u017cy naukowe rozpoznanie dziedzictwa kulturowego, w tym r\u00f3wnie\u017c jego niematerialnych warto\u015bci oraz dokumentacja i ewidencja zabytk\u00f3w.<\/p>\n\n\n\n<p><strong>Kolejn\u0105 wystaw\u0119 \u201cPrzysz\u0142ym pokoleniom\u201d b\u0119dzie mo\u017cna zobaczy\u0107 w Oddziale Terenowym w Poznaniu. Otwarcie wystawy dla zwiedzaj\u0105cych zaplanowano 5 lipca o godz. 13:00 przy Okr\u0105glaku, pomi\u0119dzy ul. Miel\u017cy\u0144skiego, a ul. 27 Grudnia.<\/strong><\/p>\n\n\n\n<p>Wystawie w Poznaniu b\u0119dzie towarzyszy\u0142a konferencja\u00a0 \u201c<em>Dziedzictwo kulturowe Wielkopolski. Dzia\u0142alno\u015b\u0107 Oddzia\u0142u Terenowego NID w Poznaniu<\/em>\u201d, kt\u00f3ra rozpocznie si\u0119 o godz. 14:30 w siedzibie Pozna\u0144skiego Towarzystwa Przyjaci\u00f3\u0142 Nauki przy ul. Miel\u017cy\u0144skiego 27\/29 w Poznaniu. Uczestnicy wydarzenia b\u0119d\u0105 mieli okazj\u0119 pozna\u0107 zabytki oraz niematerialne dziedzictwo kulturowe wojew\u00f3dztwa wielkopolskiego, a tak\u017ce histori\u0119 i dzia\u0142alno\u015b\u0107 pozna\u0144skiego Oddzia\u0142u. W konferencji wezm\u0105 udzia\u0142: prof. UAM dr hab. Anna Weronika Brzezi\u0144ska &#8211; cz\u0142onkini rady ds. Niematerialnego Dziedzictwa kulturowego przy Ministrze Kultury i Dziedzictwa Narodowego oraz dr Karolina Dziubat &#8211; cz\u0142onkini Polskiego Towarzystwa Ludoznawczego, organu doradczego przy UNESCO.<\/p>\n\n\n\n<p>Oddzia\u0142 Terenowy NID w Poznaniu powsta\u0142 w 1991 roku, a do 2002 roku funkcjonowa\u0142 pod nazw\u0105 Wielkopolski O\u015brodek Studi\u00f3w i Ochrony \u015arodowiska Kulturowego. W tym roku Oddzia\u0142 \u015bwi\u0119tuje 30-lecie istnienia. Dzia\u0142ania pozna\u0144skiego Oddzia\u0142u skupione s\u0105 wok\u00f3\u0142 ochrony zabytk\u00f3w i niematerialnego dziedzictwa kulturowego zw\u0142aszcza dotycz\u0105cego wojew\u00f3dztwa wielkopolskiego. Realizuje r\u00f3wnie\u017c misj\u0119 edukacyjn\u0105 oraz wspiera lokalne organy przygotowuj\u0105c specjalistyczne ekspertyzy.<\/p>\n\n\n\n<p><strong>Jako trzeci przystanek na lipcowej mapie wystawy \u201dPrzysz\u0142ym pokoleniom\u201d znalaz\u0142y si\u0119 Kielce, gdzie otwarcie odb\u0119dzie si\u0119 6 lipca o godz. 11:00 na Dziedzi\u0144cu Instytucji Kultury &#8220;Wzg\u00f3rza Zamkowe\u201d przy ul. Zamkowej 3<\/strong><\/p>\n\n\n\n<p>Podczas otwarcia wystawy zorganizowanej we wsp\u00f3\u0142pracy z Pracowni\u0105 Terenow\u0105 NID w Kielcach swoje przem\u00f3wienia wyg\u0142osz\u0105 m.in. Zbigniew Koniusz &#8211; Wojewoda \u015awi\u0119tokrzyski, Andrzej B\u0119tkowski &#8211; Marsza\u0142ek Wojew\u00f3dztwa \u015awi\u0119tokrzyskiego, Joanna Modras &#8211; \u015awi\u0119tokrzyski Wojew\u00f3dzki Konserwator Zabytk\u00f3w oraz dr hab. Monika Bogdanowska &#8211; Zast\u0119pca Dyrektora Narodowego Instytutu Dziedzictwa. Inauguracji pokazu plenerowego b\u0119dzie towarzyszy\u0142a konferencja <em>\u201cZnane i mniej znane dziedzictwo kulturowe regionu \u015bwi\u0119tokrzyskiego\u201d<\/em>, kt\u00f3ra rozpocznie si\u0119 o godz. 12:45 na I pi\u0119trze siedziby O\u015brodka My\u015bli Patriotycznej i Obywatelskiej przy ul. Zamkowej 3 w Kielcach. W trakcie spotkania om\u00f3wione zostan\u0105 takie zagadnienia jak np. zabytki archeologiczne wojew\u00f3dztwa \u015bwi\u0119tokrzyskiego, staropolska kultura w inskrypcjach, dziedzictwo przemys\u0142owe Staropolskiego Okr\u0119gu Przemys\u0142owego czy przywracanie \u015bwietno\u015bci dawnej rezydencji biskupiej jako jedno z dzia\u0142a\u0144 Muzeum Narodowego w Kielcach.<\/p>\n\n\n\n<p>Organizatorzy zapraszaj\u0105 r\u00f3wnie\u017c do zwiedzania Skarbca Katedralnego, wystaw i obiektu dawnego pa\u0142acu Biskup\u00f3w Krakowskich w Katedrze kieleckiej pw. Wniebowzi\u0119cia NMP w Kielcach przy ul. Zamkowej, kt\u00f3re rozpocznie si\u0119 o godz. 15:45.<\/p>\n\n\n\n<p>Pracownia Terenowa NID w Kielcach powsta\u0142a w 1991 roku. Kielecki zesp\u00f3\u0142 wykonuje ekspertyzy i opinie dla organ\u00f3w administracji publicznej, opracowania studialne, a tak\u017ce prowadzi projekty badawcze oraz dzia\u0142alno\u015b\u0107 edukacyjno-wydawcz\u0105. Promuje r\u00f3wnie\u017c lokalne dziedzictwo zar\u00f3wno materialne jak i niematerialne.<\/p>\n\n\n\n<p><strong>Lipcowe prezentacje wystawy \u201dPrzysz\u0142ym pokoleniom\u201d zako\u0144czy pokaz w Pracowni Terenowej NID w Katowicach, kt\u00f3r\u0105 b\u0119dzie mo\u017cna ogl\u0105da\u0107 ju\u017c 12 lipca od godz. 13.00 na Placu Grubiorza ul. Dobrowolskiego 1<\/strong><\/p>\n\n\n\n<p>Otwarciu wystawy b\u0119dzie towarzyszy\u0142a konferencja<em> \u201eDziedzictwo kulturowe \u015al\u0105ska. Dzia\u0142alno\u015b\u0107 Pracowni Terenowej NID w Katowicach\u201d<\/em>, kt\u00f3ra rozpocznie si\u0119 o godz. 14.15 w Muzeum \u015al\u0105skim.<\/p>\n\n\n\n<p>Pracownia Terenowa NID w Katowicach jest najm\u0142odsz\u0105 jednostk\u0105 terenow\u0105 w strukturze NID, kt\u00f3ra powsta\u0142a w 2008 roku, funkcjonuj\u0105c na pocz\u0105tku jako Regionalny O\u015brodek Bada\u0144 i Dokumentacji Zabytk\u00f3w. Od momentu powo\u0142ania o\u015brodka istotn\u0105 cz\u0119\u015b\u0107 dzia\u0142alno\u015bci zajmuje gromadzenie, przetwarzanie oraz udost\u0119pnianie informacji o dziedzictwie i krajobrazie kulturowym wojew\u00f3dztwa \u015bl\u0105skiego.<br>Dzia\u0142ania Pracowni koncentruj\u0105 si\u0119 m.in. na waloryzacji, dokumentowaniu i monitorowaniu dziedzictwa materialnego i niematerialnego, merytorycznym wsparciu \u015brodowiska konserwatorskiego, samorz\u0105d\u00f3w, w\u0142a\u015bcicieli zabytk\u00f3w i depozytariuszy dziedzictwa niematerialnego, anga\u017cowaniu si\u0119 w kampanie spo\u0142eczne i dzia\u0142ania edukacyjne upowszechniaj\u0105ce standardy ochrony i opieki nad zabytkami. Koordynuje te\u017c organizacj\u0119 Europejskich Dni Dziedzictwa w regionie.<br>Pracownia \u015bci\u015ble wsp\u00f3\u0142pracuje z Wojew\u00f3dzkim Urz\u0119dem Ochrony Zabytk\u00f3w w Katowicach, samorz\u0105dowymi i diecezjalnymi konserwatorami zabytk\u00f3w. Przy okazji realizacji zada\u0144 oraz kampanii spo\u0142ecznych niejednokrotnie wsp\u00f3\u0142dzia\u0142a\u0142a m.in. z Urz\u0119dem Wojew\u00f3dzkim i Urz\u0119dem Marsza\u0142kowskim w Katowicach, Instytutem Korfantego, Stowarzyszeniem Architekt\u00f3w Polskich O. Katowice, samorz\u0105dami, Uniwersytetem \u015al\u0105skim, Zamkiem Cieszyn, organizacjami pozarz\u0105dowymi oraz \u015brodowiskami depozytariuszy. W ramach koordynacji EDD corocznie wsp\u00f3\u0142dzia\u0142a z wieloma regionalnymi instytucjami kultury, \u015brodowiskiem NGO, samorz\u0105dami, parafiami, w\u0142a\u015bcicielami i mi\u0142o\u015bnikami zabytk\u00f3w oraz depozytariuszami.<\/p>\n\n\n\n<p><strong>Jubileusz 60-lecia Narodowego Instytutu Dziedzictwa obchodzony jest pod Honorowym Patronatem Prezydenta RP Andrzeja Dudy<\/strong>.<\/p>\n\n\n\n<p>Wydarzenia organizowane w ramach Jubileuszu 60 lat misji NID s\u0105 finansowane ze \u015brodk\u00f3w Ministra Kultury i Dziedzictwa Narodowego.<\/p>\n\n\n\n<p><strong>Patron medialny Jubileuszu 60 lat misji NID:<\/strong><\/p>\n\n\n\n<figure class=\"wp-block-image size-full is-resized\"><img loading=\"lazy\" decoding=\"async\" src=\"https:\/\/nid.pl\/wp-content\/uploads\/2022\/05\/PR_korpo_wersja-podstawowa_kolor.jpg\" alt=\"\" class=\"wp-image-6414\" width=\"129\" height=\"46\" srcset=\"https:\/\/nid.pl\/wp-content\/uploads\/2022\/05\/PR_korpo_wersja-podstawowa_kolor.jpg 175w, https:\/\/nid.pl\/wp-content\/uploads\/2022\/05\/PR_korpo_wersja-podstawowa_kolor-18x6.jpg 18w\" sizes=\"(max-width: 129px) 100vw, 129px\" \/><\/figure>\n\n\n\n<div class=\"wp-block-image\"><figure class=\"aligncenter size-large\"><img loading=\"lazy\" decoding=\"async\" width=\"1024\" height=\"576\" src=\"https:\/\/nid.pl\/wp-content\/uploads\/2022\/05\/60-lat-misji-NID-_wersja_A_plansza_1100px_prezydent-1024x576.jpg\" alt=\"\" class=\"wp-image-6121\" srcset=\"https:\/\/nid.pl\/wp-content\/uploads\/2022\/05\/60-lat-misji-NID-_wersja_A_plansza_1100px_prezydent-1024x576.jpg 1024w, https:\/\/nid.pl\/wp-content\/uploads\/2022\/05\/60-lat-misji-NID-_wersja_A_plansza_1100px_prezydent-980x551.jpg 980w, https:\/\/nid.pl\/wp-content\/uploads\/2022\/05\/60-lat-misji-NID-_wersja_A_plansza_1100px_prezydent-480x270.jpg 480w\" sizes=\"(min-width: 0px) and (max-width: 480px) 480px, (min-width: 481px) and (max-width: 980px) 980px, (min-width: 981px) 1024px, 100vw\" \/><\/figure><\/div>","protected":false},"excerpt":{"rendered":"<p>Jubileuszowa wystawa \u201cPrzysz\u0142ym pokoleniom. 60 lat misji Narodowego Instytutu Dziedzictwa\u201d odwiedza kolejne miasta w Polsce. W lipcu plenerow\u0105 ekspozycj\u0119 Instytutu b\u0119dzie mo\u017cna ogl\u0105da\u0107 w Bia\u0142ymstoku, Poznaniu, Kielcach i Katowicach. Wydarzeniom [&hellip;]<\/p>","protected":false},"author":7,"featured_media":7208,"comment_status":"open","ping_status":"open","sticky":false,"template":"","format":"standard","meta":{"_et_pb_use_builder":"off","_et_pb_old_content":"","_et_gb_content_width":"","_monsterinsights_skip_tracking":false,"_monsterinsights_sitenote_active":false,"_monsterinsights_sitenote_note":"","_monsterinsights_sitenote_category":0,"footnotes":""},"categories":[3],"tags":[],"class_list":["post-7307","post","type-post","status-publish","format-standard","has-post-thumbnail","hentry","category-aktualnosci"],"yoast_head":"<!-- This site is optimized with the Yoast SEO plugin v26.5 - https:\/\/yoast.com\/wordpress\/plugins\/seo\/ -->\n<title>Wystawa \u201cPrzysz\u0142ym pokoleniom. 60 lat misji Narodowego Instytutu Dziedzictwa\u201d w Bia\u0142ymstoku, Poznaniu, Kielcach i Katowicach - NID<\/title>\n<meta name=\"robots\" content=\"index, follow, max-snippet:-1, max-image-preview:large, max-video-preview:-1\" \/>\n<link rel=\"canonical\" href=\"https:\/\/nid.pl\/en\/2022\/06\/30\/wystawa-przyszlym-pokoleniom-60-lat-misji-narodowego-instytutu-dziedzictwa-w-bialymstoku-poznaniu-kielcach-i-katowicach\/\" \/>\n<meta property=\"og:locale\" content=\"en_GB\" \/>\n<meta property=\"og:type\" content=\"article\" \/>\n<meta property=\"og:title\" content=\"Wystawa \u201cPrzysz\u0142ym pokoleniom. 60 lat misji Narodowego Instytutu Dziedzictwa\u201d w Bia\u0142ymstoku, Poznaniu, Kielcach i Katowicach - NID\" \/>\n<meta property=\"og:description\" content=\"Jubileuszowa wystawa \u201cPrzysz\u0142ym pokoleniom. 60 lat misji Narodowego Instytutu Dziedzictwa\u201d odwiedza kolejne miasta w Polsce. W lipcu plenerow\u0105 ekspozycj\u0119 Instytutu b\u0119dzie mo\u017cna ogl\u0105da\u0107 w Bia\u0142ymstoku, Poznaniu, Kielcach i Katowicach. Wydarzeniom [&hellip;]\" \/>\n<meta property=\"og:url\" content=\"https:\/\/nid.pl\/en\/2022\/06\/30\/wystawa-przyszlym-pokoleniom-60-lat-misji-narodowego-instytutu-dziedzictwa-w-bialymstoku-poznaniu-kielcach-i-katowicach\/\" \/>\n<meta property=\"og:site_name\" content=\"NID\" \/>\n<meta property=\"article:publisher\" content=\"https:\/\/www.facebook.com\/zabytek\" \/>\n<meta property=\"article:published_time\" content=\"2022-06-30T09:06:30+00:00\" \/>\n<meta property=\"article:modified_time\" content=\"2022-06-30T09:06:39+00:00\" \/>\n<meta property=\"og:image\" content=\"https:\/\/nid.pl\/wp-content\/uploads\/2022\/06\/60-lat-misji-NID_poziom_aktualnosci-NID.jpg\" \/>\n\t<meta property=\"og:image:width\" content=\"440\" \/>\n\t<meta property=\"og:image:height\" content=\"294\" \/>\n\t<meta property=\"og:image:type\" content=\"image\/jpeg\" \/>\n<meta name=\"author\" content=\"Barbara Halliop\" \/>\n<meta name=\"twitter:card\" content=\"summary_large_image\" \/>\n<meta name=\"twitter:creator\" content=\"@NarIDpl\" \/>\n<meta name=\"twitter:site\" content=\"@NarIDpl\" \/>\n<meta name=\"twitter:label1\" content=\"Written by\" \/>\n\t<meta name=\"twitter:data1\" content=\"Barbara Halliop\" \/>\n\t<meta name=\"twitter:label2\" content=\"Estimated reading time\" \/>\n\t<meta name=\"twitter:data2\" content=\"5 minutes\" \/>\n<script type=\"application\/ld+json\" class=\"yoast-schema-graph\">{\"@context\":\"https:\/\/schema.org\",\"@graph\":[{\"@type\":\"Article\",\"@id\":\"https:\/\/nid.pl\/2022\/06\/30\/wystawa-przyszlym-pokoleniom-60-lat-misji-narodowego-instytutu-dziedzictwa-w-bialymstoku-poznaniu-kielcach-i-katowicach\/#article\",\"isPartOf\":{\"@id\":\"https:\/\/nid.pl\/2022\/06\/30\/wystawa-przyszlym-pokoleniom-60-lat-misji-narodowego-instytutu-dziedzictwa-w-bialymstoku-poznaniu-kielcach-i-katowicach\/\"},\"author\":{\"name\":\"Barbara Halliop\",\"@id\":\"https:\/\/nid.pl\/#\/schema\/person\/1b690a8998a5111cfb9f0ffe24195a15\"},\"headline\":\"Wystawa \u201cPrzysz\u0142ym pokoleniom. 60 lat misji Narodowego Instytutu Dziedzictwa\u201d w Bia\u0142ymstoku, Poznaniu, Kielcach i Katowicach\",\"datePublished\":\"2022-06-30T09:06:30+00:00\",\"dateModified\":\"2022-06-30T09:06:39+00:00\",\"mainEntityOfPage\":{\"@id\":\"https:\/\/nid.pl\/2022\/06\/30\/wystawa-przyszlym-pokoleniom-60-lat-misji-narodowego-instytutu-dziedzictwa-w-bialymstoku-poznaniu-kielcach-i-katowicach\/\"},\"wordCount\":1146,\"commentCount\":0,\"publisher\":{\"@id\":\"https:\/\/nid.pl\/#organization\"},\"image\":{\"@id\":\"https:\/\/nid.pl\/2022\/06\/30\/wystawa-przyszlym-pokoleniom-60-lat-misji-narodowego-instytutu-dziedzictwa-w-bialymstoku-poznaniu-kielcach-i-katowicach\/#primaryimage\"},\"thumbnailUrl\":\"https:\/\/nid.pl\/wp-content\/uploads\/2022\/06\/60-lat-misji-NID_poziom_aktualnosci-NID.jpg\",\"articleSection\":[\"Aktualno\u015bci\"],\"inLanguage\":\"en-GB\"},{\"@type\":\"WebPage\",\"@id\":\"https:\/\/nid.pl\/2022\/06\/30\/wystawa-przyszlym-pokoleniom-60-lat-misji-narodowego-instytutu-dziedzictwa-w-bialymstoku-poznaniu-kielcach-i-katowicach\/\",\"url\":\"https:\/\/nid.pl\/2022\/06\/30\/wystawa-przyszlym-pokoleniom-60-lat-misji-narodowego-instytutu-dziedzictwa-w-bialymstoku-poznaniu-kielcach-i-katowicach\/\",\"name\":\"Wystawa \u201cPrzysz\u0142ym pokoleniom. 60 lat misji Narodowego Instytutu Dziedzictwa\u201d w Bia\u0142ymstoku, Poznaniu, Kielcach i Katowicach - NID\",\"isPartOf\":{\"@id\":\"https:\/\/nid.pl\/#website\"},\"primaryImageOfPage\":{\"@id\":\"https:\/\/nid.pl\/2022\/06\/30\/wystawa-przyszlym-pokoleniom-60-lat-misji-narodowego-instytutu-dziedzictwa-w-bialymstoku-poznaniu-kielcach-i-katowicach\/#primaryimage\"},\"image\":{\"@id\":\"https:\/\/nid.pl\/2022\/06\/30\/wystawa-przyszlym-pokoleniom-60-lat-misji-narodowego-instytutu-dziedzictwa-w-bialymstoku-poznaniu-kielcach-i-katowicach\/#primaryimage\"},\"thumbnailUrl\":\"https:\/\/nid.pl\/wp-content\/uploads\/2022\/06\/60-lat-misji-NID_poziom_aktualnosci-NID.jpg\",\"datePublished\":\"2022-06-30T09:06:30+00:00\",\"dateModified\":\"2022-06-30T09:06:39+00:00\",\"breadcrumb\":{\"@id\":\"https:\/\/nid.pl\/2022\/06\/30\/wystawa-przyszlym-pokoleniom-60-lat-misji-narodowego-instytutu-dziedzictwa-w-bialymstoku-poznaniu-kielcach-i-katowicach\/#breadcrumb\"},\"inLanguage\":\"en-GB\",\"potentialAction\":[{\"@type\":\"ReadAction\",\"target\":[\"https:\/\/nid.pl\/2022\/06\/30\/wystawa-przyszlym-pokoleniom-60-lat-misji-narodowego-instytutu-dziedzictwa-w-bialymstoku-poznaniu-kielcach-i-katowicach\/\"]}]},{\"@type\":\"ImageObject\",\"inLanguage\":\"en-GB\",\"@id\":\"https:\/\/nid.pl\/2022\/06\/30\/wystawa-przyszlym-pokoleniom-60-lat-misji-narodowego-instytutu-dziedzictwa-w-bialymstoku-poznaniu-kielcach-i-katowicach\/#primaryimage\",\"url\":\"https:\/\/nid.pl\/wp-content\/uploads\/2022\/06\/60-lat-misji-NID_poziom_aktualnosci-NID.jpg\",\"contentUrl\":\"https:\/\/nid.pl\/wp-content\/uploads\/2022\/06\/60-lat-misji-NID_poziom_aktualnosci-NID.jpg\",\"width\":440,\"height\":294,\"caption\":\"lat misji NID poziom aktualnosci NID\"},{\"@type\":\"BreadcrumbList\",\"@id\":\"https:\/\/nid.pl\/2022\/06\/30\/wystawa-przyszlym-pokoleniom-60-lat-misji-narodowego-instytutu-dziedzictwa-w-bialymstoku-poznaniu-kielcach-i-katowicach\/#breadcrumb\",\"itemListElement\":[{\"@type\":\"ListItem\",\"position\":1,\"name\":\"Home\",\"item\":\"https:\/\/nid.pl\/\"},{\"@type\":\"ListItem\",\"position\":2,\"name\":\"Wystawa \u201cPrzysz\u0142ym pokoleniom. 60 lat misji Narodowego Instytutu Dziedzictwa\u201d w Bia\u0142ymstoku, Poznaniu, Kielcach i Katowicach\"}]},{\"@type\":\"WebSite\",\"@id\":\"https:\/\/nid.pl\/#website\",\"url\":\"https:\/\/nid.pl\/\",\"name\":\"NID\",\"description\":\"Narodowy Instytut Dziedzictwa\",\"publisher\":{\"@id\":\"https:\/\/nid.pl\/#organization\"},\"potentialAction\":[{\"@type\":\"SearchAction\",\"target\":{\"@type\":\"EntryPoint\",\"urlTemplate\":\"https:\/\/nid.pl\/?s={search_term_string}\"},\"query-input\":{\"@type\":\"PropertyValueSpecification\",\"valueRequired\":true,\"valueName\":\"search_term_string\"}}],\"inLanguage\":\"en-GB\"},{\"@type\":\"Organization\",\"@id\":\"https:\/\/nid.pl\/#organization\",\"name\":\"Narodowy Instytut Dziedzictwa\",\"url\":\"https:\/\/nid.pl\/\",\"logo\":{\"@type\":\"ImageObject\",\"inLanguage\":\"en-GB\",\"@id\":\"https:\/\/nid.pl\/#\/schema\/logo\/image\/\",\"url\":\"https:\/\/nid.pl\/wp-content\/uploads\/2022\/10\/logoRedDark.png\",\"contentUrl\":\"https:\/\/nid.pl\/wp-content\/uploads\/2022\/10\/logoRedDark.png\",\"width\":200,\"height\":197,\"caption\":\"Narodowy Instytut Dziedzictwa\"},\"image\":{\"@id\":\"https:\/\/nid.pl\/#\/schema\/logo\/image\/\"},\"sameAs\":[\"https:\/\/www.facebook.com\/zabytek\",\"https:\/\/x.com\/NarIDpl\",\"https:\/\/www.instagram.com\/nid.pl\/?hl=pl\",\"https:\/\/www.linkedin.com\/company\/narodowy-instytut-dziedzictwa\",\"https:\/\/www.youtube.com\/channel\/UCQXuhKa2uHtmNvLRUSx40JA\"]},{\"@type\":\"Person\",\"@id\":\"https:\/\/nid.pl\/#\/schema\/person\/1b690a8998a5111cfb9f0ffe24195a15\",\"name\":\"Barbara Halliop\",\"image\":{\"@type\":\"ImageObject\",\"inLanguage\":\"en-GB\",\"@id\":\"https:\/\/nid.pl\/#\/schema\/person\/image\/\",\"url\":\"https:\/\/nid.pl\/wp-content\/litespeed\/avatar\/924046d17dd0c842c9fa9ccf489bc6dc.jpg?ver=1777444967\",\"contentUrl\":\"https:\/\/nid.pl\/wp-content\/litespeed\/avatar\/924046d17dd0c842c9fa9ccf489bc6dc.jpg?ver=1777444967\",\"caption\":\"Barbara Halliop\"},\"url\":\"https:\/\/nid.pl\/en\/author\/bhalliop\/\"}]}<\/script>\n<!-- \/ Yoast SEO plugin. -->","yoast_head_json":{"title":"Wystawa \u201cPrzysz\u0142ym pokoleniom. 60 lat misji Narodowego Instytutu Dziedzictwa\u201d w Bia\u0142ymstoku, Poznaniu, Kielcach i Katowicach - NID","robots":{"index":"index","follow":"follow","max-snippet":"max-snippet:-1","max-image-preview":"max-image-preview:large","max-video-preview":"max-video-preview:-1"},"canonical":"https:\/\/nid.pl\/en\/2022\/06\/30\/wystawa-przyszlym-pokoleniom-60-lat-misji-narodowego-instytutu-dziedzictwa-w-bialymstoku-poznaniu-kielcach-i-katowicach\/","og_locale":"en_GB","og_type":"article","og_title":"Wystawa \u201cPrzysz\u0142ym pokoleniom. 60 lat misji Narodowego Instytutu Dziedzictwa\u201d w Bia\u0142ymstoku, Poznaniu, Kielcach i Katowicach - NID","og_description":"Jubileuszowa wystawa \u201cPrzysz\u0142ym pokoleniom. 60 lat misji Narodowego Instytutu Dziedzictwa\u201d odwiedza kolejne miasta w Polsce. W lipcu plenerow\u0105 ekspozycj\u0119 Instytutu b\u0119dzie mo\u017cna ogl\u0105da\u0107 w Bia\u0142ymstoku, Poznaniu, Kielcach i Katowicach. Wydarzeniom [&hellip;]","og_url":"https:\/\/nid.pl\/en\/2022\/06\/30\/wystawa-przyszlym-pokoleniom-60-lat-misji-narodowego-instytutu-dziedzictwa-w-bialymstoku-poznaniu-kielcach-i-katowicach\/","og_site_name":"NID","article_publisher":"https:\/\/www.facebook.com\/zabytek","article_published_time":"2022-06-30T09:06:30+00:00","article_modified_time":"2022-06-30T09:06:39+00:00","og_image":[{"width":440,"height":294,"url":"https:\/\/nid.pl\/wp-content\/uploads\/2022\/06\/60-lat-misji-NID_poziom_aktualnosci-NID.jpg","type":"image\/jpeg"}],"author":"Barbara Halliop","twitter_card":"summary_large_image","twitter_creator":"@NarIDpl","twitter_site":"@NarIDpl","twitter_misc":{"Written by":"Barbara Halliop","Estimated reading time":"5 minutes"},"schema":{"@context":"https:\/\/schema.org","@graph":[{"@type":"Article","@id":"https:\/\/nid.pl\/2022\/06\/30\/wystawa-przyszlym-pokoleniom-60-lat-misji-narodowego-instytutu-dziedzictwa-w-bialymstoku-poznaniu-kielcach-i-katowicach\/#article","isPartOf":{"@id":"https:\/\/nid.pl\/2022\/06\/30\/wystawa-przyszlym-pokoleniom-60-lat-misji-narodowego-instytutu-dziedzictwa-w-bialymstoku-poznaniu-kielcach-i-katowicach\/"},"author":{"name":"Barbara Halliop","@id":"https:\/\/nid.pl\/#\/schema\/person\/1b690a8998a5111cfb9f0ffe24195a15"},"headline":"Wystawa \u201cPrzysz\u0142ym pokoleniom. 60 lat misji Narodowego Instytutu Dziedzictwa\u201d w Bia\u0142ymstoku, Poznaniu, Kielcach i Katowicach","datePublished":"2022-06-30T09:06:30+00:00","dateModified":"2022-06-30T09:06:39+00:00","mainEntityOfPage":{"@id":"https:\/\/nid.pl\/2022\/06\/30\/wystawa-przyszlym-pokoleniom-60-lat-misji-narodowego-instytutu-dziedzictwa-w-bialymstoku-poznaniu-kielcach-i-katowicach\/"},"wordCount":1146,"commentCount":0,"publisher":{"@id":"https:\/\/nid.pl\/#organization"},"image":{"@id":"https:\/\/nid.pl\/2022\/06\/30\/wystawa-przyszlym-pokoleniom-60-lat-misji-narodowego-instytutu-dziedzictwa-w-bialymstoku-poznaniu-kielcach-i-katowicach\/#primaryimage"},"thumbnailUrl":"https:\/\/nid.pl\/wp-content\/uploads\/2022\/06\/60-lat-misji-NID_poziom_aktualnosci-NID.jpg","articleSection":["Aktualno\u015bci"],"inLanguage":"en-GB"},{"@type":"WebPage","@id":"https:\/\/nid.pl\/2022\/06\/30\/wystawa-przyszlym-pokoleniom-60-lat-misji-narodowego-instytutu-dziedzictwa-w-bialymstoku-poznaniu-kielcach-i-katowicach\/","url":"https:\/\/nid.pl\/2022\/06\/30\/wystawa-przyszlym-pokoleniom-60-lat-misji-narodowego-instytutu-dziedzictwa-w-bialymstoku-poznaniu-kielcach-i-katowicach\/","name":"Wystawa \u201cPrzysz\u0142ym pokoleniom. 60 lat misji Narodowego Instytutu Dziedzictwa\u201d w Bia\u0142ymstoku, Poznaniu, Kielcach i Katowicach - NID","isPartOf":{"@id":"https:\/\/nid.pl\/#website"},"primaryImageOfPage":{"@id":"https:\/\/nid.pl\/2022\/06\/30\/wystawa-przyszlym-pokoleniom-60-lat-misji-narodowego-instytutu-dziedzictwa-w-bialymstoku-poznaniu-kielcach-i-katowicach\/#primaryimage"},"image":{"@id":"https:\/\/nid.pl\/2022\/06\/30\/wystawa-przyszlym-pokoleniom-60-lat-misji-narodowego-instytutu-dziedzictwa-w-bialymstoku-poznaniu-kielcach-i-katowicach\/#primaryimage"},"thumbnailUrl":"https:\/\/nid.pl\/wp-content\/uploads\/2022\/06\/60-lat-misji-NID_poziom_aktualnosci-NID.jpg","datePublished":"2022-06-30T09:06:30+00:00","dateModified":"2022-06-30T09:06:39+00:00","breadcrumb":{"@id":"https:\/\/nid.pl\/2022\/06\/30\/wystawa-przyszlym-pokoleniom-60-lat-misji-narodowego-instytutu-dziedzictwa-w-bialymstoku-poznaniu-kielcach-i-katowicach\/#breadcrumb"},"inLanguage":"en-GB","potentialAction":[{"@type":"ReadAction","target":["https:\/\/nid.pl\/2022\/06\/30\/wystawa-przyszlym-pokoleniom-60-lat-misji-narodowego-instytutu-dziedzictwa-w-bialymstoku-poznaniu-kielcach-i-katowicach\/"]}]},{"@type":"ImageObject","inLanguage":"en-GB","@id":"https:\/\/nid.pl\/2022\/06\/30\/wystawa-przyszlym-pokoleniom-60-lat-misji-narodowego-instytutu-dziedzictwa-w-bialymstoku-poznaniu-kielcach-i-katowicach\/#primaryimage","url":"https:\/\/nid.pl\/wp-content\/uploads\/2022\/06\/60-lat-misji-NID_poziom_aktualnosci-NID.jpg","contentUrl":"https:\/\/nid.pl\/wp-content\/uploads\/2022\/06\/60-lat-misji-NID_poziom_aktualnosci-NID.jpg","width":440,"height":294,"caption":"lat misji NID poziom aktualnosci NID"},{"@type":"BreadcrumbList","@id":"https:\/\/nid.pl\/2022\/06\/30\/wystawa-przyszlym-pokoleniom-60-lat-misji-narodowego-instytutu-dziedzictwa-w-bialymstoku-poznaniu-kielcach-i-katowicach\/#breadcrumb","itemListElement":[{"@type":"ListItem","position":1,"name":"Home","item":"https:\/\/nid.pl\/"},{"@type":"ListItem","position":2,"name":"Wystawa \u201cPrzysz\u0142ym pokoleniom. 60 lat misji Narodowego Instytutu Dziedzictwa\u201d w Bia\u0142ymstoku, Poznaniu, Kielcach i Katowicach"}]},{"@type":"WebSite","@id":"https:\/\/nid.pl\/#website","url":"https:\/\/nid.pl\/","name":"NID","description":"Narodowy Instytut Dziedzictwa","publisher":{"@id":"https:\/\/nid.pl\/#organization"},"potentialAction":[{"@type":"SearchAction","target":{"@type":"EntryPoint","urlTemplate":"https:\/\/nid.pl\/?s={search_term_string}"},"query-input":{"@type":"PropertyValueSpecification","valueRequired":true,"valueName":"search_term_string"}}],"inLanguage":"en-GB"},{"@type":"Organization","@id":"https:\/\/nid.pl\/#organization","name":"Narodowy Instytut Dziedzictwa","url":"https:\/\/nid.pl\/","logo":{"@type":"ImageObject","inLanguage":"en-GB","@id":"https:\/\/nid.pl\/#\/schema\/logo\/image\/","url":"https:\/\/nid.pl\/wp-content\/uploads\/2022\/10\/logoRedDark.png","contentUrl":"https:\/\/nid.pl\/wp-content\/uploads\/2022\/10\/logoRedDark.png","width":200,"height":197,"caption":"Narodowy Instytut Dziedzictwa"},"image":{"@id":"https:\/\/nid.pl\/#\/schema\/logo\/image\/"},"sameAs":["https:\/\/www.facebook.com\/zabytek","https:\/\/x.com\/NarIDpl","https:\/\/www.instagram.com\/nid.pl\/?hl=pl","https:\/\/www.linkedin.com\/company\/narodowy-instytut-dziedzictwa","https:\/\/www.youtube.com\/channel\/UCQXuhKa2uHtmNvLRUSx40JA"]},{"@type":"Person","@id":"https:\/\/nid.pl\/#\/schema\/person\/1b690a8998a5111cfb9f0ffe24195a15","name":"Barbara Halliop","image":{"@type":"ImageObject","inLanguage":"en-GB","@id":"https:\/\/nid.pl\/#\/schema\/person\/image\/","url":"https:\/\/nid.pl\/wp-content\/litespeed\/avatar\/924046d17dd0c842c9fa9ccf489bc6dc.jpg?ver=1777444967","contentUrl":"https:\/\/nid.pl\/wp-content\/litespeed\/avatar\/924046d17dd0c842c9fa9ccf489bc6dc.jpg?ver=1777444967","caption":"Barbara Halliop"},"url":"https:\/\/nid.pl\/en\/author\/bhalliop\/"}]}},"_links":{"self":[{"href":"https:\/\/nid.pl\/en\/wp-json\/wp\/v2\/posts\/7307","targetHints":{"allow":["GET"]}}],"collection":[{"href":"https:\/\/nid.pl\/en\/wp-json\/wp\/v2\/posts"}],"about":[{"href":"https:\/\/nid.pl\/en\/wp-json\/wp\/v2\/types\/post"}],"author":[{"embeddable":true,"href":"https:\/\/nid.pl\/en\/wp-json\/wp\/v2\/users\/7"}],"replies":[{"embeddable":true,"href":"https:\/\/nid.pl\/en\/wp-json\/wp\/v2\/comments?post=7307"}],"version-history":[{"count":0,"href":"https:\/\/nid.pl\/en\/wp-json\/wp\/v2\/posts\/7307\/revisions"}],"wp:featuredmedia":[{"embeddable":true,"href":"https:\/\/nid.pl\/en\/wp-json\/wp\/v2\/media\/7208"}],"wp:attachment":[{"href":"https:\/\/nid.pl\/en\/wp-json\/wp\/v2\/media?parent=7307"}],"wp:term":[{"taxonomy":"category","embeddable":true,"href":"https:\/\/nid.pl\/en\/wp-json\/wp\/v2\/categories?post=7307"},{"taxonomy":"post_tag","embeddable":true,"href":"https:\/\/nid.pl\/en\/wp-json\/wp\/v2\/tags?post=7307"}],"curies":[{"name":"wp","href":"https:\/\/api.w.org\/{rel}","templated":true}]}}