{"id":7299,"date":"2022-06-30T10:20:23","date_gmt":"2022-06-30T08:20:23","guid":{"rendered":"https:\/\/nid.pl\/?p=7299"},"modified":"2024-04-19T10:03:04","modified_gmt":"2024-04-19T08:03:04","slug":"gmach-dawnego-ministerstwa-wyznan-religijnych-i-oswiecenia-publicznego-w-warszawie-nowym-pomnikiem-historii","status":"publish","type":"post","link":"https:\/\/nid.pl\/en\/2022\/06\/30\/gmach-dawnego-ministerstwa-wyznan-religijnych-i-oswiecenia-publicznego-w-warszawie-nowym-pomnikiem-historii\/","title":{"rendered":"Gmach dawnego Ministerstwa Wyzna\u0144 Religijnych i O\u015bwiecenia Publicznego w Warszawie nowym Pomnikiem Historii"},"content":{"rendered":"<p><strong>W dniu 28 czerwca 2022 r. Prezydent RP podpisa\u0142 rozporz\u0105dzenie o uznaniu za Pomnik Historii gmachu dawnego Ministerstwa<\/strong> <strong>Wyzna\u0144 Religijnych i O\u015bwiecenia Publicznego w Warszawie. Kolejny obiekt do\u0142\u0105cza niniejszym do grupy zabytk\u00f3w o szczeg\u00f3lnym znaczeniu dla kultury naszego kraju. Obecnie Pomnikami Historii jest 117 zabytk\u00f3w.<\/strong><\/p>\n\n\n\n<p><br>Wi\u0119cej informacji na temat Pomnika Historii &#8220;Gmach dawnego Ministerstwa Wyzna\u0144 Religijnych i O\u015bwiecenia Publicznego w Warszawie&#8221; <br>znajduje si\u0119 <a href=\"https:\/\/zabytek.pl\/pl\/obiekty\/warszawa-gmach-dawnego-Ministerstwa-WRiOP\" target=\"_blank\" rel=\"noreferrer noopener\">TUTAJ<\/a><br>Wi\u0119cej informacji na temat Pomnik\u00f3w Historii mo\u017cna znale\u017a\u0107 na <a href=\"https:\/\/zabytek.pl\/pl\" target=\"_blank\" rel=\"noreferrer noopener\">zabytek.pl<\/a><br><\/p>\n\n\n\n<p>Download<br><a href=\"https:\/\/nid.pl\/wp-content\/uploads\/2022\/06\/Pomnik-Historii_-Rozporzadzenie-Prezydenta-RP_Warszawa-gmach-dawnego-MWRiOP.pdf\">Rozporz\u0105dzenie<\/a><a href=\"https:\/\/nid.pl\/wp-content\/uploads\/2022\/06\/Pomnik-Historii_-Rozporzadzenie-Prezydenta-RP_Warszawa-gmach-dawnego-MWRiOP.pdf\" target=\"_blank\" rel=\"noreferrer noopener\"> Prezydenta RP<\/a><\/p>","protected":false},"excerpt":{"rendered":"<p>W dniu 28 czerwca 2022 r. Prezydent RP podpisa\u0142 rozporz\u0105dzenie o uznaniu za Pomnik Historii gmachu dawnego Ministerstwa Wyzna\u0144 Religijnych i O\u015bwiecenia Publicznego w Warszawie. Kolejny obiekt do\u0142\u0105cza niniejszym do [&hellip;]<\/p>","protected":false},"author":7,"featured_media":7304,"comment_status":"open","ping_status":"open","sticky":false,"template":"","format":"standard","meta":{"_et_pb_use_builder":"off","_et_pb_old_content":"","_et_gb_content_width":"","_monsterinsights_skip_tracking":false,"_monsterinsights_sitenote_active":false,"_monsterinsights_sitenote_note":"","_monsterinsights_sitenote_category":0,"footnotes":""},"categories":[3,109],"tags":[],"class_list":["post-7299","post","type-post","status-publish","format-standard","has-post-thumbnail","hentry","category-aktualnosci","category-pomniki-historii"],"yoast_head":"<!-- This site is optimized with the Yoast SEO plugin v26.5 - https:\/\/yoast.com\/wordpress\/plugins\/seo\/ -->\n<title>Gmach dawnego Ministerstwa Wyzna\u0144 Religijnych i O\u015bwiecenia Publicznego w Warszawie nowym Pomnikiem Historii - NID<\/title>\n<meta name=\"robots\" content=\"index, follow, max-snippet:-1, max-image-preview:large, max-video-preview:-1\" \/>\n<link rel=\"canonical\" href=\"https:\/\/nid.pl\/en\/2022\/06\/30\/gmach-dawnego-ministerstwa-wyznan-religijnych-i-oswiecenia-publicznego-w-warszawie-nowym-pomnikiem-historii\/\" \/>\n<meta property=\"og:locale\" content=\"en_GB\" \/>\n<meta property=\"og:type\" content=\"article\" \/>\n<meta property=\"og:title\" content=\"Gmach dawnego Ministerstwa Wyzna\u0144 Religijnych i O\u015bwiecenia Publicznego w Warszawie nowym Pomnikiem Historii - NID\" \/>\n<meta property=\"og:description\" content=\"W dniu 28 czerwca 2022 r. Prezydent RP podpisa\u0142 rozporz\u0105dzenie o uznaniu za Pomnik Historii gmachu dawnego Ministerstwa Wyzna\u0144 Religijnych i O\u015bwiecenia Publicznego w Warszawie. Kolejny obiekt do\u0142\u0105cza niniejszym do [&hellip;]\" \/>\n<meta property=\"og:url\" content=\"https:\/\/nid.pl\/en\/2022\/06\/30\/gmach-dawnego-ministerstwa-wyznan-religijnych-i-oswiecenia-publicznego-w-warszawie-nowym-pomnikiem-historii\/\" \/>\n<meta property=\"og:site_name\" content=\"NID\" \/>\n<meta property=\"article:publisher\" content=\"https:\/\/www.facebook.com\/zabytek\" \/>\n<meta property=\"article:published_time\" content=\"2022-06-30T08:20:23+00:00\" \/>\n<meta property=\"article:modified_time\" content=\"2024-04-19T08:03:04+00:00\" \/>\n<meta property=\"og:image\" content=\"https:\/\/nid.pl\/wp-content\/uploads\/2022\/06\/Pomnik-Hisotrii_Warszwa-Gmach-M_aktualnosci.jpg\" \/>\n\t<meta property=\"og:image:width\" content=\"440\" \/>\n\t<meta property=\"og:image:height\" content=\"294\" \/>\n\t<meta property=\"og:image:type\" content=\"image\/jpeg\" \/>\n<meta name=\"author\" content=\"Barbara Halliop\" \/>\n<meta name=\"twitter:card\" content=\"summary_large_image\" \/>\n<meta name=\"twitter:creator\" content=\"@NarIDpl\" \/>\n<meta name=\"twitter:site\" content=\"@NarIDpl\" \/>\n<meta name=\"twitter:label1\" content=\"Written by\" \/>\n\t<meta name=\"twitter:data1\" content=\"Barbara Halliop\" \/>\n\t<meta name=\"twitter:label2\" content=\"Estimated reading time\" \/>\n\t<meta name=\"twitter:data2\" content=\"1 minute\" \/>\n<script type=\"application\/ld+json\" class=\"yoast-schema-graph\">{\"@context\":\"https:\/\/schema.org\",\"@graph\":[{\"@type\":\"Article\",\"@id\":\"https:\/\/nid.pl\/2022\/06\/30\/gmach-dawnego-ministerstwa-wyznan-religijnych-i-oswiecenia-publicznego-w-warszawie-nowym-pomnikiem-historii\/#article\",\"isPartOf\":{\"@id\":\"https:\/\/nid.pl\/2022\/06\/30\/gmach-dawnego-ministerstwa-wyznan-religijnych-i-oswiecenia-publicznego-w-warszawie-nowym-pomnikiem-historii\/\"},\"author\":{\"name\":\"Barbara Halliop\",\"@id\":\"https:\/\/nid.pl\/#\/schema\/person\/1b690a8998a5111cfb9f0ffe24195a15\"},\"headline\":\"Gmach dawnego Ministerstwa Wyzna\u0144 Religijnych i O\u015bwiecenia Publicznego w Warszawie nowym Pomnikiem Historii\",\"datePublished\":\"2022-06-30T08:20:23+00:00\",\"dateModified\":\"2024-04-19T08:03:04+00:00\",\"mainEntityOfPage\":{\"@id\":\"https:\/\/nid.pl\/2022\/06\/30\/gmach-dawnego-ministerstwa-wyznan-religijnych-i-oswiecenia-publicznego-w-warszawie-nowym-pomnikiem-historii\/\"},\"wordCount\":103,\"commentCount\":0,\"publisher\":{\"@id\":\"https:\/\/nid.pl\/#organization\"},\"image\":{\"@id\":\"https:\/\/nid.pl\/2022\/06\/30\/gmach-dawnego-ministerstwa-wyznan-religijnych-i-oswiecenia-publicznego-w-warszawie-nowym-pomnikiem-historii\/#primaryimage\"},\"thumbnailUrl\":\"https:\/\/nid.pl\/wp-content\/uploads\/2022\/06\/Pomnik-Hisotrii_Warszwa-Gmach-M_aktualnosci.jpg\",\"articleSection\":[\"Aktualno\u015bci\",\"Pomniki historii\"],\"inLanguage\":\"en-GB\"},{\"@type\":\"WebPage\",\"@id\":\"https:\/\/nid.pl\/2022\/06\/30\/gmach-dawnego-ministerstwa-wyznan-religijnych-i-oswiecenia-publicznego-w-warszawie-nowym-pomnikiem-historii\/\",\"url\":\"https:\/\/nid.pl\/2022\/06\/30\/gmach-dawnego-ministerstwa-wyznan-religijnych-i-oswiecenia-publicznego-w-warszawie-nowym-pomnikiem-historii\/\",\"name\":\"Gmach dawnego Ministerstwa Wyzna\u0144 Religijnych i O\u015bwiecenia Publicznego w Warszawie nowym Pomnikiem Historii - NID\",\"isPartOf\":{\"@id\":\"https:\/\/nid.pl\/#website\"},\"primaryImageOfPage\":{\"@id\":\"https:\/\/nid.pl\/2022\/06\/30\/gmach-dawnego-ministerstwa-wyznan-religijnych-i-oswiecenia-publicznego-w-warszawie-nowym-pomnikiem-historii\/#primaryimage\"},\"image\":{\"@id\":\"https:\/\/nid.pl\/2022\/06\/30\/gmach-dawnego-ministerstwa-wyznan-religijnych-i-oswiecenia-publicznego-w-warszawie-nowym-pomnikiem-historii\/#primaryimage\"},\"thumbnailUrl\":\"https:\/\/nid.pl\/wp-content\/uploads\/2022\/06\/Pomnik-Hisotrii_Warszwa-Gmach-M_aktualnosci.jpg\",\"datePublished\":\"2022-06-30T08:20:23+00:00\",\"dateModified\":\"2024-04-19T08:03:04+00:00\",\"breadcrumb\":{\"@id\":\"https:\/\/nid.pl\/2022\/06\/30\/gmach-dawnego-ministerstwa-wyznan-religijnych-i-oswiecenia-publicznego-w-warszawie-nowym-pomnikiem-historii\/#breadcrumb\"},\"inLanguage\":\"en-GB\",\"potentialAction\":[{\"@type\":\"ReadAction\",\"target\":[\"https:\/\/nid.pl\/2022\/06\/30\/gmach-dawnego-ministerstwa-wyznan-religijnych-i-oswiecenia-publicznego-w-warszawie-nowym-pomnikiem-historii\/\"]}]},{\"@type\":\"ImageObject\",\"inLanguage\":\"en-GB\",\"@id\":\"https:\/\/nid.pl\/2022\/06\/30\/gmach-dawnego-ministerstwa-wyznan-religijnych-i-oswiecenia-publicznego-w-warszawie-nowym-pomnikiem-historii\/#primaryimage\",\"url\":\"https:\/\/nid.pl\/wp-content\/uploads\/2022\/06\/Pomnik-Hisotrii_Warszwa-Gmach-M_aktualnosci.jpg\",\"contentUrl\":\"https:\/\/nid.pl\/wp-content\/uploads\/2022\/06\/Pomnik-Hisotrii_Warszwa-Gmach-M_aktualnosci.jpg\",\"width\":440,\"height\":294,\"caption\":\"Pomnik Hisotrii Warszwa Gmach M aktualnosci\"},{\"@type\":\"BreadcrumbList\",\"@id\":\"https:\/\/nid.pl\/2022\/06\/30\/gmach-dawnego-ministerstwa-wyznan-religijnych-i-oswiecenia-publicznego-w-warszawie-nowym-pomnikiem-historii\/#breadcrumb\",\"itemListElement\":[{\"@type\":\"ListItem\",\"position\":1,\"name\":\"Home\",\"item\":\"https:\/\/nid.pl\/\"},{\"@type\":\"ListItem\",\"position\":2,\"name\":\"Gmach dawnego Ministerstwa Wyzna\u0144 Religijnych i O\u015bwiecenia Publicznego w Warszawie nowym Pomnikiem Historii\"}]},{\"@type\":\"WebSite\",\"@id\":\"https:\/\/nid.pl\/#website\",\"url\":\"https:\/\/nid.pl\/\",\"name\":\"NID\",\"description\":\"Narodowy Instytut Dziedzictwa\",\"publisher\":{\"@id\":\"https:\/\/nid.pl\/#organization\"},\"potentialAction\":[{\"@type\":\"SearchAction\",\"target\":{\"@type\":\"EntryPoint\",\"urlTemplate\":\"https:\/\/nid.pl\/?s={search_term_string}\"},\"query-input\":{\"@type\":\"PropertyValueSpecification\",\"valueRequired\":true,\"valueName\":\"search_term_string\"}}],\"inLanguage\":\"en-GB\"},{\"@type\":\"Organization\",\"@id\":\"https:\/\/nid.pl\/#organization\",\"name\":\"Narodowy Instytut Dziedzictwa\",\"url\":\"https:\/\/nid.pl\/\",\"logo\":{\"@type\":\"ImageObject\",\"inLanguage\":\"en-GB\",\"@id\":\"https:\/\/nid.pl\/#\/schema\/logo\/image\/\",\"url\":\"https:\/\/nid.pl\/wp-content\/uploads\/2022\/10\/logoRedDark.png\",\"contentUrl\":\"https:\/\/nid.pl\/wp-content\/uploads\/2022\/10\/logoRedDark.png\",\"width\":200,\"height\":197,\"caption\":\"Narodowy Instytut Dziedzictwa\"},\"image\":{\"@id\":\"https:\/\/nid.pl\/#\/schema\/logo\/image\/\"},\"sameAs\":[\"https:\/\/www.facebook.com\/zabytek\",\"https:\/\/x.com\/NarIDpl\",\"https:\/\/www.instagram.com\/nid.pl\/?hl=pl\",\"https:\/\/www.linkedin.com\/company\/narodowy-instytut-dziedzictwa\",\"https:\/\/www.youtube.com\/channel\/UCQXuhKa2uHtmNvLRUSx40JA\"]},{\"@type\":\"Person\",\"@id\":\"https:\/\/nid.pl\/#\/schema\/person\/1b690a8998a5111cfb9f0ffe24195a15\",\"name\":\"Barbara Halliop\",\"image\":{\"@type\":\"ImageObject\",\"inLanguage\":\"en-GB\",\"@id\":\"https:\/\/nid.pl\/#\/schema\/person\/image\/\",\"url\":\"https:\/\/nid.pl\/wp-content\/litespeed\/avatar\/924046d17dd0c842c9fa9ccf489bc6dc.jpg?ver=1776840122\",\"contentUrl\":\"https:\/\/nid.pl\/wp-content\/litespeed\/avatar\/924046d17dd0c842c9fa9ccf489bc6dc.jpg?ver=1776840122\",\"caption\":\"Barbara Halliop\"},\"url\":\"https:\/\/nid.pl\/en\/author\/bhalliop\/\"}]}<\/script>\n<!-- \/ Yoast SEO plugin. -->","yoast_head_json":{"title":"Gmach dawnego Ministerstwa Wyzna\u0144 Religijnych i O\u015bwiecenia Publicznego w Warszawie nowym Pomnikiem Historii - NID","robots":{"index":"index","follow":"follow","max-snippet":"max-snippet:-1","max-image-preview":"max-image-preview:large","max-video-preview":"max-video-preview:-1"},"canonical":"https:\/\/nid.pl\/en\/2022\/06\/30\/gmach-dawnego-ministerstwa-wyznan-religijnych-i-oswiecenia-publicznego-w-warszawie-nowym-pomnikiem-historii\/","og_locale":"en_GB","og_type":"article","og_title":"Gmach dawnego Ministerstwa Wyzna\u0144 Religijnych i O\u015bwiecenia Publicznego w Warszawie nowym Pomnikiem Historii - NID","og_description":"W dniu 28 czerwca 2022 r. Prezydent RP podpisa\u0142 rozporz\u0105dzenie o uznaniu za Pomnik Historii gmachu dawnego Ministerstwa Wyzna\u0144 Religijnych i O\u015bwiecenia Publicznego w Warszawie. Kolejny obiekt do\u0142\u0105cza niniejszym do [&hellip;]","og_url":"https:\/\/nid.pl\/en\/2022\/06\/30\/gmach-dawnego-ministerstwa-wyznan-religijnych-i-oswiecenia-publicznego-w-warszawie-nowym-pomnikiem-historii\/","og_site_name":"NID","article_publisher":"https:\/\/www.facebook.com\/zabytek","article_published_time":"2022-06-30T08:20:23+00:00","article_modified_time":"2024-04-19T08:03:04+00:00","og_image":[{"width":440,"height":294,"url":"https:\/\/nid.pl\/wp-content\/uploads\/2022\/06\/Pomnik-Hisotrii_Warszwa-Gmach-M_aktualnosci.jpg","type":"image\/jpeg"}],"author":"Barbara Halliop","twitter_card":"summary_large_image","twitter_creator":"@NarIDpl","twitter_site":"@NarIDpl","twitter_misc":{"Written by":"Barbara Halliop","Estimated reading time":"1 minute"},"schema":{"@context":"https:\/\/schema.org","@graph":[{"@type":"Article","@id":"https:\/\/nid.pl\/2022\/06\/30\/gmach-dawnego-ministerstwa-wyznan-religijnych-i-oswiecenia-publicznego-w-warszawie-nowym-pomnikiem-historii\/#article","isPartOf":{"@id":"https:\/\/nid.pl\/2022\/06\/30\/gmach-dawnego-ministerstwa-wyznan-religijnych-i-oswiecenia-publicznego-w-warszawie-nowym-pomnikiem-historii\/"},"author":{"name":"Barbara Halliop","@id":"https:\/\/nid.pl\/#\/schema\/person\/1b690a8998a5111cfb9f0ffe24195a15"},"headline":"Gmach dawnego Ministerstwa Wyzna\u0144 Religijnych i O\u015bwiecenia Publicznego w Warszawie nowym Pomnikiem Historii","datePublished":"2022-06-30T08:20:23+00:00","dateModified":"2024-04-19T08:03:04+00:00","mainEntityOfPage":{"@id":"https:\/\/nid.pl\/2022\/06\/30\/gmach-dawnego-ministerstwa-wyznan-religijnych-i-oswiecenia-publicznego-w-warszawie-nowym-pomnikiem-historii\/"},"wordCount":103,"commentCount":0,"publisher":{"@id":"https:\/\/nid.pl\/#organization"},"image":{"@id":"https:\/\/nid.pl\/2022\/06\/30\/gmach-dawnego-ministerstwa-wyznan-religijnych-i-oswiecenia-publicznego-w-warszawie-nowym-pomnikiem-historii\/#primaryimage"},"thumbnailUrl":"https:\/\/nid.pl\/wp-content\/uploads\/2022\/06\/Pomnik-Hisotrii_Warszwa-Gmach-M_aktualnosci.jpg","articleSection":["Aktualno\u015bci","Pomniki historii"],"inLanguage":"en-GB"},{"@type":"WebPage","@id":"https:\/\/nid.pl\/2022\/06\/30\/gmach-dawnego-ministerstwa-wyznan-religijnych-i-oswiecenia-publicznego-w-warszawie-nowym-pomnikiem-historii\/","url":"https:\/\/nid.pl\/2022\/06\/30\/gmach-dawnego-ministerstwa-wyznan-religijnych-i-oswiecenia-publicznego-w-warszawie-nowym-pomnikiem-historii\/","name":"Gmach dawnego Ministerstwa Wyzna\u0144 Religijnych i O\u015bwiecenia Publicznego w Warszawie nowym Pomnikiem Historii - NID","isPartOf":{"@id":"https:\/\/nid.pl\/#website"},"primaryImageOfPage":{"@id":"https:\/\/nid.pl\/2022\/06\/30\/gmach-dawnego-ministerstwa-wyznan-religijnych-i-oswiecenia-publicznego-w-warszawie-nowym-pomnikiem-historii\/#primaryimage"},"image":{"@id":"https:\/\/nid.pl\/2022\/06\/30\/gmach-dawnego-ministerstwa-wyznan-religijnych-i-oswiecenia-publicznego-w-warszawie-nowym-pomnikiem-historii\/#primaryimage"},"thumbnailUrl":"https:\/\/nid.pl\/wp-content\/uploads\/2022\/06\/Pomnik-Hisotrii_Warszwa-Gmach-M_aktualnosci.jpg","datePublished":"2022-06-30T08:20:23+00:00","dateModified":"2024-04-19T08:03:04+00:00","breadcrumb":{"@id":"https:\/\/nid.pl\/2022\/06\/30\/gmach-dawnego-ministerstwa-wyznan-religijnych-i-oswiecenia-publicznego-w-warszawie-nowym-pomnikiem-historii\/#breadcrumb"},"inLanguage":"en-GB","potentialAction":[{"@type":"ReadAction","target":["https:\/\/nid.pl\/2022\/06\/30\/gmach-dawnego-ministerstwa-wyznan-religijnych-i-oswiecenia-publicznego-w-warszawie-nowym-pomnikiem-historii\/"]}]},{"@type":"ImageObject","inLanguage":"en-GB","@id":"https:\/\/nid.pl\/2022\/06\/30\/gmach-dawnego-ministerstwa-wyznan-religijnych-i-oswiecenia-publicznego-w-warszawie-nowym-pomnikiem-historii\/#primaryimage","url":"https:\/\/nid.pl\/wp-content\/uploads\/2022\/06\/Pomnik-Hisotrii_Warszwa-Gmach-M_aktualnosci.jpg","contentUrl":"https:\/\/nid.pl\/wp-content\/uploads\/2022\/06\/Pomnik-Hisotrii_Warszwa-Gmach-M_aktualnosci.jpg","width":440,"height":294,"caption":"Pomnik Hisotrii Warszwa Gmach M aktualnosci"},{"@type":"BreadcrumbList","@id":"https:\/\/nid.pl\/2022\/06\/30\/gmach-dawnego-ministerstwa-wyznan-religijnych-i-oswiecenia-publicznego-w-warszawie-nowym-pomnikiem-historii\/#breadcrumb","itemListElement":[{"@type":"ListItem","position":1,"name":"Home","item":"https:\/\/nid.pl\/"},{"@type":"ListItem","position":2,"name":"Gmach dawnego Ministerstwa Wyzna\u0144 Religijnych i O\u015bwiecenia Publicznego w Warszawie nowym Pomnikiem Historii"}]},{"@type":"WebSite","@id":"https:\/\/nid.pl\/#website","url":"https:\/\/nid.pl\/","name":"NID","description":"Narodowy Instytut Dziedzictwa","publisher":{"@id":"https:\/\/nid.pl\/#organization"},"potentialAction":[{"@type":"SearchAction","target":{"@type":"EntryPoint","urlTemplate":"https:\/\/nid.pl\/?s={search_term_string}"},"query-input":{"@type":"PropertyValueSpecification","valueRequired":true,"valueName":"search_term_string"}}],"inLanguage":"en-GB"},{"@type":"Organization","@id":"https:\/\/nid.pl\/#organization","name":"Narodowy Instytut Dziedzictwa","url":"https:\/\/nid.pl\/","logo":{"@type":"ImageObject","inLanguage":"en-GB","@id":"https:\/\/nid.pl\/#\/schema\/logo\/image\/","url":"https:\/\/nid.pl\/wp-content\/uploads\/2022\/10\/logoRedDark.png","contentUrl":"https:\/\/nid.pl\/wp-content\/uploads\/2022\/10\/logoRedDark.png","width":200,"height":197,"caption":"Narodowy Instytut Dziedzictwa"},"image":{"@id":"https:\/\/nid.pl\/#\/schema\/logo\/image\/"},"sameAs":["https:\/\/www.facebook.com\/zabytek","https:\/\/x.com\/NarIDpl","https:\/\/www.instagram.com\/nid.pl\/?hl=pl","https:\/\/www.linkedin.com\/company\/narodowy-instytut-dziedzictwa","https:\/\/www.youtube.com\/channel\/UCQXuhKa2uHtmNvLRUSx40JA"]},{"@type":"Person","@id":"https:\/\/nid.pl\/#\/schema\/person\/1b690a8998a5111cfb9f0ffe24195a15","name":"Barbara Halliop","image":{"@type":"ImageObject","inLanguage":"en-GB","@id":"https:\/\/nid.pl\/#\/schema\/person\/image\/","url":"https:\/\/nid.pl\/wp-content\/litespeed\/avatar\/924046d17dd0c842c9fa9ccf489bc6dc.jpg?ver=1776840122","contentUrl":"https:\/\/nid.pl\/wp-content\/litespeed\/avatar\/924046d17dd0c842c9fa9ccf489bc6dc.jpg?ver=1776840122","caption":"Barbara Halliop"},"url":"https:\/\/nid.pl\/en\/author\/bhalliop\/"}]}},"_links":{"self":[{"href":"https:\/\/nid.pl\/en\/wp-json\/wp\/v2\/posts\/7299","targetHints":{"allow":["GET"]}}],"collection":[{"href":"https:\/\/nid.pl\/en\/wp-json\/wp\/v2\/posts"}],"about":[{"href":"https:\/\/nid.pl\/en\/wp-json\/wp\/v2\/types\/post"}],"author":[{"embeddable":true,"href":"https:\/\/nid.pl\/en\/wp-json\/wp\/v2\/users\/7"}],"replies":[{"embeddable":true,"href":"https:\/\/nid.pl\/en\/wp-json\/wp\/v2\/comments?post=7299"}],"version-history":[{"count":0,"href":"https:\/\/nid.pl\/en\/wp-json\/wp\/v2\/posts\/7299\/revisions"}],"wp:featuredmedia":[{"embeddable":true,"href":"https:\/\/nid.pl\/en\/wp-json\/wp\/v2\/media\/7304"}],"wp:attachment":[{"href":"https:\/\/nid.pl\/en\/wp-json\/wp\/v2\/media?parent=7299"}],"wp:term":[{"taxonomy":"category","embeddable":true,"href":"https:\/\/nid.pl\/en\/wp-json\/wp\/v2\/categories?post=7299"},{"taxonomy":"post_tag","embeddable":true,"href":"https:\/\/nid.pl\/en\/wp-json\/wp\/v2\/tags?post=7299"}],"curies":[{"name":"wp","href":"https:\/\/api.w.org\/{rel}","templated":true}]}}