{"id":7292,"date":"2022-06-29T15:22:49","date_gmt":"2022-06-29T13:22:49","guid":{"rendered":"https:\/\/nid.pl\/?p=7292"},"modified":"2022-06-29T15:22:54","modified_gmt":"2022-06-29T13:22:54","slug":"wystawa-przyszlym-pokoleniom-60-lat-misji-narodowego-instytutu-dziedzictwa-w-bialymstoku","status":"publish","type":"post","link":"https:\/\/nid.pl\/en\/2022\/06\/29\/wystawa-przyszlym-pokoleniom-60-lat-misji-narodowego-instytutu-dziedzictwa-w-bialymstoku\/","title":{"rendered":"Wystawa \u201cPrzysz\u0142ym pokoleniom. 60 lat misji Narodowego Instytutu Dziedzictwa\u201d w Bia\u0142ymstoku"},"content":{"rendered":"<p><strong>Ju\u017c 1 lipca o godz. 13:00 na Rynku Ko\u015bciuszki przy ul. Sienkiewicza 4 w Bia\u0142ymstoku odb\u0119dzie si\u0119 uroczyste otwarcie wystawy \u201cPrzysz\u0142ym pokoleniom. 60 lat misji Narodowego Instytutu Dziedzictwa\u201d. Otwarciu b\u0119dzie towarzyszy\u0142a prezentacja dzia\u0142alno\u015bci Pracowni Terenowej NID w Bia\u0142ymstoku. Jubileusz 60-lecia misji Narodowego Instytutu Dziedzictwa, obchodzony pod Honorowym Patronatem Prezydenta RP Andrzeja Dudy, zosta\u0142 po\u0142\u0105czony z cyklem wystaw organizowanych w 15 miastach na terenie kraju.<\/strong><\/p>\n\n\n\n<p>Wystawa \u201c<em>Przysz\u0142ym pokoleniom. 60 lat misji Narodowego Instytutu Dziedzictwa<\/em>\u201d w Bia\u0142ymstoku to pi\u0105ta z cyklu 15 wystaw, prezentowana przez NID. Wcze\u015bniej plenery mieli ju\u017c okazj\u0119 podziwia\u0107 mieszka\u0144cy Olsztyna, Krakowa, \u0141odzi i Opola.<\/p>\n\n\n\n<p>&#8211; <em>Sze\u015b\u0107 dekad dzia\u0142alno\u015bci Narodowego Instytutu Dziedzictwa zobowi\u0105zuje do podzielenia si\u0119 efektami realizowanej przez nas misji. NID powsta\u0142 w 1962 roku, funkcjonuj\u0105c na pocz\u0105tku pod nazw\u0105 O\u015brodka Dokumentacji Zabytk\u00f3w. W 2002 roku zosta\u0142 on po\u0142\u0105czony <\/em><br><em>z O\u015brodkiem Ochrony Zabytkowego Krajobrazu, a w 2011 roku nazw\u0119 zmieniono na obecn\u0105. Jubileusz to dla nas doskona\u0142a okazja <\/em><br><em>by przedstawi\u0107 dokonania Instytutu i funkcjonuj\u0105cych w jego strukturze oddzia\u0142\u00f3w i pracowni terenowych, w tym Pracowni Terenowej NID w Bia\u0142ymstoku. Robimy to w formie specjalnie przygotowanej wystawy \u201cPrzysz\u0142ym pokoleniom. 60 lat misji Narodowego Instytutu Dziedzictwa\u201d, kt\u00f3ra ju\u017c od 1 lipca zostanie zaprezentowana mieszka\u0144com Podlasia<\/em> &#8211; podkre\u015bli\u0142a dr hab. Katarzyna Zalasi\u0144ska &#8211; Dyrektor Narodowego Instytutu Dziedzictwa.<\/p>\n\n\n\n<p>Otwarciu wystawy b\u0119dzie towarzyszy\u0142a prezentacja <em>\u201cKartki z kalendarza. Historii dzia\u0142alno\u015bci Pracowni Terenowej NID w Bia\u0142ymstoku\u201d<\/em>, kt\u00f3ra rozpocznie si\u0119 o godz. 14:15 w foyer i sali warsztatowej na II pi\u0119trze \u201cNIE teatru\u201d przy ul. Sienkiewicza 4 w Bia\u0142ymstoku. Zesp\u00f3\u0142 przybli\u017cy uczestnikom spotkania zakres swojej dzia\u0142alno\u015bci, opowie o dziedzictwie kulturowym wojew\u00f3dztwa podlaskiego oraz om\u00f3wi kluczowe projekty realizowane przez Pracowni\u0119 NID.<\/p>\n\n\n\n<p><\/p>\n\n\n\n<p><strong>Narodowy Instytut Dziedzictwa<\/strong><\/p>\n\n\n\n<p>Historia Narodowego Instytutu Dziedzictwa si\u0119ga 1962 roku, gdy utworzony zosta\u0142 O\u015brodek Dokumentacji Zabytk\u00f3w. W 2002 roku zosta\u0142 on po\u0142\u0105czony z O\u015brodkiem Ochrony Zabytkowego Krajobrazu, a nazw\u0119 zmieniono na Krajowy O\u015brodek Bada\u0144 <br>i Dokumentacji Zabytk\u00f3w. Kolejnym krokiem by\u0142o przy\u0142\u0105czenie do KOBiDZ O\u015brodka Ochrony Dziedzictwa Archeologicznego. Skupione instytucje z dniem 1 stycznia 2011 roku zyska\u0142y obecn\u0105 nazw\u0119 Narodowy Instytut Dziedzictwa. Instytucja znajduje si\u0119 pod zwierzchnictwem Ministra Kultury i Dziedzictwa Narodowego. Jak podkre\u015bla dr Katarzyna Zalasi\u0144ska, dyrektor Narodowego Instytutu Dziedzictwa:<\/p>\n\n\n\n<p>&#8211; <em>Narodowemu Instytutowi Dziedzictwa zosta\u0142a powierzona szczeg\u00f3lna misja, a w\u015br\u00f3d dzia\u0142a\u0144 podejmowanych przez konserwator\u00f3w, historyk\u00f3w sztuki i archeolog\u00f3w znajduj\u0105 si\u0119 m.in. gromadzenie i udost\u0119pnianie dokumentacji b\u0119d\u0105cej podstaw\u0105 wpisania zabytk\u00f3w do rejestru oraz Krajowej Ewidencji Zabytk\u00f3w czy opracowywanie standard\u00f3w konserwatorskich. Uczestniczymy r\u00f3wnie\u017c <\/em><br><em>w przygotowaniu wniosk\u00f3w o wpisanie polskich zabytk\u00f3w na List\u0119 \u015bwiatowego dziedzictwa UNESCO czy opiniowaniu wniosk\u00f3w dla obiekt\u00f3w ubiegaj\u0105cych si\u0119 o miano Pomnika Historii. Dbamy r\u00f3wnie\u017c o niematerialne dziedzictwo kulturowe takie jak tradycje, <\/em><br><em>by ocali\u0107 je dla przysz\u0142ych pokole\u0144.<\/em><\/p>\n\n\n\n<p>Misj\u0105 NID jest dbanie o zr\u00f3wnowa\u017con\u0105 ochron\u0119 dziedzictwa kulturowego poprzez wyznaczanie i nadzorowanie standard\u00f3w ochrony oraz konserwacji zabytk\u00f3w, a tak\u017ce prowadzenie dzia\u0142a\u0144 edukacyjnych maj\u0105cych na celu upowszechnianie wiedzy <br>i znaczenia dziedzictwa narodowego. Narodowy Instytut Dziedzictwa posiada 15 oddzia\u0142\u00f3w terenowych w ca\u0142ym kraju i kieruje si\u0119 takimi warto\u015bciami jak: tradycja i rozw\u00f3j, niezale\u017cno\u015b\u0107 i wiedza, s\u0142u\u017cba i edukacja oraz pracownicy i zasoby.<\/p>\n\n\n\n<p><\/p>\n\n\n\n<p><strong>Pracownia Terenowa Narodowego Instytutu Dziedzictwa w Bia\u0142ymstoku<\/strong><\/p>\n\n\n\n<p>Regionalny O\u015brodek Studi\u00f3w i Ochrony \u015arodowiska Kulturowego w Bia\u0142ymstoku (ROSiO\u015aK) powsta\u0142 jesieni\u0105 1991 roku, jako jeden z oddzia\u0142\u00f3w regionalnych O\u015brodka Dokumentacji Zabytk\u00f3w w Warszawie. Do g\u0142\u00f3wnych zada\u0144 O\u015brodka nale\u017ca\u0142o naukowe rozpoznanie dziedzictwa kulturowego, w tym r\u00f3wnie\u017c jego niematerialnych warto\u015bci oraz dokumentacja i ewidencja zabytk\u00f3w. Regionalny O\u015brodek pe\u0142ni\u0142 funkcj\u0119 centrum informacyjnego o materia\u0142ach do bada\u0144 nad \u015brodowiskiem kulturowym regionu. Kwerendy archiwalne i biblioteczne sta\u0142y si\u0119 wizyt\u00f3wk\u0105 bia\u0142ostockiego oddzia\u0142u. Naukowcy z \u00f3wczesnego ROSiO\u015aK (a p\u00f3\u017aniej wraz z ewolucj\u0105 instytucji &#8211; ROBIDZ, KOBIDZ, NID) byli niejednokrotnie pionierami w poszukiwaniach archiwalnych na Wschodzie, wyprzedzaj\u0105c w tym i przecieraj\u0105c szlaki innym instytucjom badawczym. Dzi\u0119ki tej pracy i pozyskaniu wcze\u015bniej niedost\u0119pnych materia\u0142\u00f3w, O\u015brodek m\u00f3g\u0142 podj\u0105\u0107 rzetelne prace naukowe na rzecz Ministra Kultury \u2013 Generalnego Konserwatora Zabytk\u00f3w, Wojew\u00f3dzkiego Konserwatora Zabytk\u00f3w, samorz\u0105d\u00f3w czy instytucji wyznaniowych. Na podstawie opracowa\u0144 mo\u017cna by\u0142o okre\u015bli\u0107 autentyczne warto\u015bci \u015brodowiska kulturowego regionu, a pozyskane z archiw\u00f3w Grodna czy Moskwy plany i inwentaryzacje budynk\u00f3w, cerkwi, ko\u015bcio\u0142\u00f3w, zbor\u00f3w, synagog, a tak\u017ce szczeg\u00f3\u0142owe, nieznane dotychczas plany miast i mapy wi\u0119kszych obszar\u00f3w &#8211; stanowczo zmieni\u0142y stan wiedzy na temat \u015brodowiska kulturowego, umo\u017cliwiaj\u0105c jednocze\u015bnie prace konserwatorskie oraz podejmowanie decyzji, co do ich kierunku. Materia\u0142y te by\u0142y publikowane i popularyzowane w licznych wydawnictwach takich jak wydawany we wsp\u00f3\u0142pracy z Bia\u0142ostockim Towarzystwem Naukowym kwartalnik \u201eBia\u0142ostocczyzna\u201d, tematyczne publikacje zwi\u0105zane z organizowanymi przez O\u015brodek obchodami Europejskich Dni Dziedzictwa (m.in. \u201eBia\u0142ystok Manchester P\u00f3\u0142nocy\u201d, \u201e1863 \u2013 katalog miejsc pami\u0119ci Powstania Styczniowego w wojew\u00f3dztwie podlaskim\u201d). We wsp\u00f3\u0142pracy z bia\u0142ostockim oddzia\u0142em Towarzystwa Opieki nad Zabytkami przygotowano liczne wystawy, konkursy i wsp\u00f3lne publikacje. Pracownicy O\u015brodka od 2000 roku stale wsp\u00f3\u0142tworzyli wydawany przez WKZ \u201eBiuletyn Konserwatorski Wojew\u00f3dztwa Podlaskiego\u201d, umieszczaj\u0105c tam wyniki swoich bada\u0144. Prac\u0105 szczeg\u00f3ln\u0105 o kt\u00f3rej nale\u017cy wspomnie\u0107, by\u0142o przygotowanie licz\u0105cej blisko 1000 stron monografii \u201eSoko\u0142\u00f3w Podlaski. Dzieje miasta i okolic\u201d wydanej w 2006 roku. Kontynuacj\u0105 wsp\u00f3\u0142pracy z samorz\u0105dem Soko\u0142owa Podlaskiego trwaj\u0105cej po dzi\u015b dzie\u0144, jest udzia\u0142 w znanym i nagrodzonym ju\u017c w Europie projekcie \u201eWielki Go\u015bciniec Litewski\u201d.<br>W latach 2009 &#8211; 2010 Pracownia Terenowa NID w Bia\u0142ymstoku przeprowadzi\u0142a weryfikacj\u0119 rejestru zabytk\u00f3w (ponad 2500 zabytk\u00f3w nieruchomych). W projekcie dotycz\u0105cym cmentarzy \u017cydowskich zilustrowano i opisano ponad 100 zlokalizowanych na terenie wojew\u00f3dztwa. Realizuj\u0105c liczne potrzeby Wojew\u00f3dzkiego Konserwatora Zabytk\u00f3w, zesp\u00f3\u0142 z Bia\u0142egostoku rozpozna\u0142 zas\u00f3b zabytk\u00f3w kolejnictwa, m\u0142yn\u00f3w wodnych czy cmentarzy wojennych z I wojny \u015bwiatowej. W ostatnich latach opr\u00f3cz setek opinii i ekspertyz na rzecz Podlaskiego Wojew\u00f3dzkiego Konserwatora Zabytk\u00f3w oraz Ministerstwa Kultury i Dziedzictwa Narodowego, przygotowa\u0142 r\u00f3wnie\u017c<strong> trzy wnioski o uznanie za Pomniki Historii: Meczety i mizary w Bohonikach i Kruszynianach, Ko\u015bci\u00f3\u0142 pw. Chrystusa Kr\u00f3la i \u015bw. Rocha w Bia\u0142ymstoku, a tak\u017ce Tykocin \u2013 miasto historyczne<\/strong>. Wykonano te\u017c studia warto\u015bci kulturowych miasta Goni\u0105dz oraz wsi Plutycze. Specyfik\u0105 wojew\u00f3dztwa podlaskiego jest budownictwo drewniane, kt\u00f3re naturalnie sta\u0142o si\u0119 tematem wiod\u0105cym w pracach bia\u0142ostockiej plac\u00f3wki. Wiele obiekt\u00f3w dzi\u0119ki rozpoznaniu naukowemu zosta\u0142o wpisanych do rejestru zabytk\u00f3w wojew\u00f3dztwa podlaskiego, niekt\u00f3re z nich zosta\u0142y laureatami w konkursie Generalnego Konserwatora Zabytk\u00f3w \u201eZabytek Zadbany\u201d. Od 2005 roku wraz z instytucjami kultury samorz\u0105du wojew\u00f3dzkiego, Pracownia Terenowa NID w Bia\u0142ymstoku realizuje konkurs \u201eNa Najlepiej Zachowany Zabytek Wiejskiego Budownictwa Drewnianego w Wojew\u00f3dztwie Podlaskim\u201d. W 2021 roku wraz z Oddzia\u0142em w Olsztynie zrealizowano projekt \u201eTw\u00f3j dom \u2013 dialog z tradycj\u0105\u201d. Na co dzie\u0144 plac\u00f3wka sprawuje r\u00f3wnie\u017c piecz\u0119 nad archiwum po bia\u0142ostockim oddziale Przedsi\u0119biorstwa Pa\u0144stwowego Pracownie Konserwacji Zabytk\u00f3w. Jak podkre\u015bli\u0142a Iwona G\u00f3rska &#8211; kierownik Pracowni Terenowej NID w Bia\u0142ymstoku:<\/p>\n\n\n\n<p>&#8211; <em>Dzia\u0142alno\u015b\u0107 naszej Pracowni idealnie oddaj\u0105 s\u0142owa Jana Matejki z listu otwartego, opublikowanego w krakowskim \u201cCzasie\u201d: 27 kwietnia 1883 roku \u201cNie niszczcie, ani niepotrzebnych nowo\u015bci nie zaprowadzajcie (\u2026). Niech potomni nie skar\u017c\u0105 was o zag\u0142ad\u0119, <\/em><br><em>a nas o wygodn\u0105, lecz wstr\u0119tn\u0105 oboj\u0119tno\u015b\u0107. Nie jeste\u015bmy bogaci zbytnio, ani dzie\u0142 sztuki u nas za wiele. Piel\u0119gnujmy te resztki\u201d. Ka\u017cdego dnia nasz zesp\u00f3\u0142 stara si\u0119 ocali\u0107 od zapomnienia i zachowa\u0107 dla przysz\u0142ych pokole\u0144 zabytki i niematerialn\u0105 kultur\u0119 wojew\u00f3dztwa podlaskiego. Dlatego tym bardziej cieszymy si\u0119, \u017ce wystawa \u201cPrzysz\u0142ym pokoleniom. 60 lat misji Narodowego Instytutu Dziedzictwa\u201d zostanie zaprezentowana w\u0142a\u015bnie <\/em>w<em> Bia\u0142ymstoku.<\/em><\/p>\n\n\n\n<p>Jeszcze w lipcu wystawa zostanie otwarta w Kielcach, Katowicach i Poznaniu.<\/p>\n\n\n\n<p><strong>Jubileusz Narodowego Instytutu Dziedzictwa odbywa si\u0119 pod Honorowym Patronatem Prezydenta Rzeczypospolitej Polskiej Pana Andrzeja Dudy<\/strong>.<\/p>\n\n\n\n<p>Wydarzenia organizowane w ramach Jubileuszu 60 lat misji NID s\u0105 finansowane ze \u015brodk\u00f3w Ministra Kultury i Dziedzictwa Narodowego.<\/p>\n\n\n\n<p><strong>Patron medialny Jubileuszu 60 lat misji NID<\/strong>:<\/p>\n\n\n\n<figure class=\"wp-block-image size-full is-resized\"><img loading=\"lazy\" decoding=\"async\" src=\"https:\/\/nid.pl\/wp-content\/uploads\/2022\/05\/PR_korpo_wersja-podstawowa_kolor.jpg\" alt=\"\" class=\"wp-image-6414\" width=\"144\" height=\"51\" srcset=\"https:\/\/nid.pl\/wp-content\/uploads\/2022\/05\/PR_korpo_wersja-podstawowa_kolor.jpg 175w, https:\/\/nid.pl\/wp-content\/uploads\/2022\/05\/PR_korpo_wersja-podstawowa_kolor-18x6.jpg 18w\" sizes=\"(max-width: 144px) 100vw, 144px\" \/><\/figure>\n\n\n\n<div class=\"wp-block-image\"><figure class=\"aligncenter size-large\"><img loading=\"lazy\" decoding=\"async\" width=\"1024\" height=\"576\" src=\"https:\/\/nid.pl\/wp-content\/uploads\/2022\/05\/60-lat-misji-NID-_wersja_A_plansza_1100px_prezydent-1024x576.jpg\" alt=\"\" class=\"wp-image-6121\" srcset=\"https:\/\/nid.pl\/wp-content\/uploads\/2022\/05\/60-lat-misji-NID-_wersja_A_plansza_1100px_prezydent-1024x576.jpg 1024w, https:\/\/nid.pl\/wp-content\/uploads\/2022\/05\/60-lat-misji-NID-_wersja_A_plansza_1100px_prezydent-980x551.jpg 980w, https:\/\/nid.pl\/wp-content\/uploads\/2022\/05\/60-lat-misji-NID-_wersja_A_plansza_1100px_prezydent-480x270.jpg 480w\" sizes=\"(min-width: 0px) and (max-width: 480px) 480px, (min-width: 481px) and (max-width: 980px) 980px, (min-width: 981px) 1024px, 100vw\" \/><\/figure><\/div>","protected":false},"excerpt":{"rendered":"<p>Ju\u017c 1 lipca o godz. 13:00 na Rynku Ko\u015bciuszki przy ul. Sienkiewicza 4 w Bia\u0142ymstoku odb\u0119dzie si\u0119 uroczyste otwarcie wystawy \u201cPrzysz\u0142ym pokoleniom. 60 lat misji Narodowego Instytutu Dziedzictwa\u201d. Otwarciu b\u0119dzie [&hellip;]<\/p>","protected":false},"author":7,"featured_media":7296,"comment_status":"open","ping_status":"open","sticky":false,"template":"","format":"standard","meta":{"_et_pb_use_builder":"off","_et_pb_old_content":"","_et_gb_content_width":"","_monsterinsights_skip_tracking":false,"_monsterinsights_sitenote_active":false,"_monsterinsights_sitenote_note":"","_monsterinsights_sitenote_category":0,"footnotes":""},"categories":[3],"tags":[],"class_list":["post-7292","post","type-post","status-publish","format-standard","has-post-thumbnail","hentry","category-aktualnosci"],"yoast_head":"<!-- This site is optimized with the Yoast SEO plugin v26.5 - https:\/\/yoast.com\/wordpress\/plugins\/seo\/ -->\n<title>Wystawa \u201cPrzysz\u0142ym pokoleniom. 60 lat misji Narodowego Instytutu Dziedzictwa\u201d w Bia\u0142ymstoku - NID<\/title>\n<meta name=\"robots\" content=\"index, follow, max-snippet:-1, max-image-preview:large, max-video-preview:-1\" \/>\n<link rel=\"canonical\" href=\"https:\/\/nid.pl\/en\/2022\/06\/29\/wystawa-przyszlym-pokoleniom-60-lat-misji-narodowego-instytutu-dziedzictwa-w-bialymstoku\/\" \/>\n<meta property=\"og:locale\" content=\"en_GB\" \/>\n<meta property=\"og:type\" content=\"article\" \/>\n<meta property=\"og:title\" content=\"Wystawa \u201cPrzysz\u0142ym pokoleniom. 60 lat misji Narodowego Instytutu Dziedzictwa\u201d w Bia\u0142ymstoku - NID\" \/>\n<meta property=\"og:description\" content=\"Ju\u017c 1 lipca o godz. 13:00 na Rynku Ko\u015bciuszki przy ul. Sienkiewicza 4 w Bia\u0142ymstoku odb\u0119dzie si\u0119 uroczyste otwarcie wystawy \u201cPrzysz\u0142ym pokoleniom. 60 lat misji Narodowego Instytutu Dziedzictwa\u201d. Otwarciu b\u0119dzie [&hellip;]\" \/>\n<meta property=\"og:url\" content=\"https:\/\/nid.pl\/en\/2022\/06\/29\/wystawa-przyszlym-pokoleniom-60-lat-misji-narodowego-instytutu-dziedzictwa-w-bialymstoku\/\" \/>\n<meta property=\"og:site_name\" content=\"NID\" \/>\n<meta property=\"article:publisher\" content=\"https:\/\/www.facebook.com\/zabytek\" \/>\n<meta property=\"article:published_time\" content=\"2022-06-29T13:22:49+00:00\" \/>\n<meta property=\"article:modified_time\" content=\"2022-06-29T13:22:54+00:00\" \/>\n<meta property=\"og:image\" content=\"https:\/\/nid.pl\/wp-content\/uploads\/2022\/06\/Wystawa-w-Bialymstoku_aktualnosci.jpg\" \/>\n\t<meta property=\"og:image:width\" content=\"440\" \/>\n\t<meta property=\"og:image:height\" content=\"294\" \/>\n\t<meta property=\"og:image:type\" content=\"image\/jpeg\" \/>\n<meta name=\"author\" content=\"Barbara Halliop\" \/>\n<meta name=\"twitter:card\" content=\"summary_large_image\" \/>\n<meta name=\"twitter:creator\" content=\"@NarIDpl\" \/>\n<meta name=\"twitter:site\" content=\"@NarIDpl\" \/>\n<meta name=\"twitter:label1\" content=\"Written by\" \/>\n\t<meta name=\"twitter:data1\" content=\"Barbara Halliop\" \/>\n\t<meta name=\"twitter:label2\" content=\"Estimated reading time\" \/>\n\t<meta name=\"twitter:data2\" content=\"6 minutes\" \/>\n<script type=\"application\/ld+json\" class=\"yoast-schema-graph\">{\"@context\":\"https:\/\/schema.org\",\"@graph\":[{\"@type\":\"Article\",\"@id\":\"https:\/\/nid.pl\/2022\/06\/29\/wystawa-przyszlym-pokoleniom-60-lat-misji-narodowego-instytutu-dziedzictwa-w-bialymstoku\/#article\",\"isPartOf\":{\"@id\":\"https:\/\/nid.pl\/2022\/06\/29\/wystawa-przyszlym-pokoleniom-60-lat-misji-narodowego-instytutu-dziedzictwa-w-bialymstoku\/\"},\"author\":{\"name\":\"Barbara Halliop\",\"@id\":\"https:\/\/nid.pl\/#\/schema\/person\/1b690a8998a5111cfb9f0ffe24195a15\"},\"headline\":\"Wystawa \u201cPrzysz\u0142ym pokoleniom. 60 lat misji Narodowego Instytutu Dziedzictwa\u201d w Bia\u0142ymstoku\",\"datePublished\":\"2022-06-29T13:22:49+00:00\",\"dateModified\":\"2022-06-29T13:22:54+00:00\",\"mainEntityOfPage\":{\"@id\":\"https:\/\/nid.pl\/2022\/06\/29\/wystawa-przyszlym-pokoleniom-60-lat-misji-narodowego-instytutu-dziedzictwa-w-bialymstoku\/\"},\"wordCount\":1396,\"commentCount\":0,\"publisher\":{\"@id\":\"https:\/\/nid.pl\/#organization\"},\"image\":{\"@id\":\"https:\/\/nid.pl\/2022\/06\/29\/wystawa-przyszlym-pokoleniom-60-lat-misji-narodowego-instytutu-dziedzictwa-w-bialymstoku\/#primaryimage\"},\"thumbnailUrl\":\"https:\/\/nid.pl\/wp-content\/uploads\/2022\/06\/Wystawa-w-Bialymstoku_aktualnosci.jpg\",\"articleSection\":[\"Aktualno\u015bci\"],\"inLanguage\":\"en-GB\"},{\"@type\":\"WebPage\",\"@id\":\"https:\/\/nid.pl\/2022\/06\/29\/wystawa-przyszlym-pokoleniom-60-lat-misji-narodowego-instytutu-dziedzictwa-w-bialymstoku\/\",\"url\":\"https:\/\/nid.pl\/2022\/06\/29\/wystawa-przyszlym-pokoleniom-60-lat-misji-narodowego-instytutu-dziedzictwa-w-bialymstoku\/\",\"name\":\"Wystawa \u201cPrzysz\u0142ym pokoleniom. 60 lat misji Narodowego Instytutu Dziedzictwa\u201d w Bia\u0142ymstoku - NID\",\"isPartOf\":{\"@id\":\"https:\/\/nid.pl\/#website\"},\"primaryImageOfPage\":{\"@id\":\"https:\/\/nid.pl\/2022\/06\/29\/wystawa-przyszlym-pokoleniom-60-lat-misji-narodowego-instytutu-dziedzictwa-w-bialymstoku\/#primaryimage\"},\"image\":{\"@id\":\"https:\/\/nid.pl\/2022\/06\/29\/wystawa-przyszlym-pokoleniom-60-lat-misji-narodowego-instytutu-dziedzictwa-w-bialymstoku\/#primaryimage\"},\"thumbnailUrl\":\"https:\/\/nid.pl\/wp-content\/uploads\/2022\/06\/Wystawa-w-Bialymstoku_aktualnosci.jpg\",\"datePublished\":\"2022-06-29T13:22:49+00:00\",\"dateModified\":\"2022-06-29T13:22:54+00:00\",\"breadcrumb\":{\"@id\":\"https:\/\/nid.pl\/2022\/06\/29\/wystawa-przyszlym-pokoleniom-60-lat-misji-narodowego-instytutu-dziedzictwa-w-bialymstoku\/#breadcrumb\"},\"inLanguage\":\"en-GB\",\"potentialAction\":[{\"@type\":\"ReadAction\",\"target\":[\"https:\/\/nid.pl\/2022\/06\/29\/wystawa-przyszlym-pokoleniom-60-lat-misji-narodowego-instytutu-dziedzictwa-w-bialymstoku\/\"]}]},{\"@type\":\"ImageObject\",\"inLanguage\":\"en-GB\",\"@id\":\"https:\/\/nid.pl\/2022\/06\/29\/wystawa-przyszlym-pokoleniom-60-lat-misji-narodowego-instytutu-dziedzictwa-w-bialymstoku\/#primaryimage\",\"url\":\"https:\/\/nid.pl\/wp-content\/uploads\/2022\/06\/Wystawa-w-Bialymstoku_aktualnosci.jpg\",\"contentUrl\":\"https:\/\/nid.pl\/wp-content\/uploads\/2022\/06\/Wystawa-w-Bialymstoku_aktualnosci.jpg\",\"width\":440,\"height\":294,\"caption\":\"Wystawa w Bialymstoku aktualnosci\"},{\"@type\":\"BreadcrumbList\",\"@id\":\"https:\/\/nid.pl\/2022\/06\/29\/wystawa-przyszlym-pokoleniom-60-lat-misji-narodowego-instytutu-dziedzictwa-w-bialymstoku\/#breadcrumb\",\"itemListElement\":[{\"@type\":\"ListItem\",\"position\":1,\"name\":\"Home\",\"item\":\"https:\/\/nid.pl\/\"},{\"@type\":\"ListItem\",\"position\":2,\"name\":\"Wystawa \u201cPrzysz\u0142ym pokoleniom. 60 lat misji Narodowego Instytutu Dziedzictwa\u201d w Bia\u0142ymstoku\"}]},{\"@type\":\"WebSite\",\"@id\":\"https:\/\/nid.pl\/#website\",\"url\":\"https:\/\/nid.pl\/\",\"name\":\"NID\",\"description\":\"Narodowy Instytut Dziedzictwa\",\"publisher\":{\"@id\":\"https:\/\/nid.pl\/#organization\"},\"potentialAction\":[{\"@type\":\"SearchAction\",\"target\":{\"@type\":\"EntryPoint\",\"urlTemplate\":\"https:\/\/nid.pl\/?s={search_term_string}\"},\"query-input\":{\"@type\":\"PropertyValueSpecification\",\"valueRequired\":true,\"valueName\":\"search_term_string\"}}],\"inLanguage\":\"en-GB\"},{\"@type\":\"Organization\",\"@id\":\"https:\/\/nid.pl\/#organization\",\"name\":\"Narodowy Instytut Dziedzictwa\",\"url\":\"https:\/\/nid.pl\/\",\"logo\":{\"@type\":\"ImageObject\",\"inLanguage\":\"en-GB\",\"@id\":\"https:\/\/nid.pl\/#\/schema\/logo\/image\/\",\"url\":\"https:\/\/nid.pl\/wp-content\/uploads\/2022\/10\/logoRedDark.png\",\"contentUrl\":\"https:\/\/nid.pl\/wp-content\/uploads\/2022\/10\/logoRedDark.png\",\"width\":200,\"height\":197,\"caption\":\"Narodowy Instytut Dziedzictwa\"},\"image\":{\"@id\":\"https:\/\/nid.pl\/#\/schema\/logo\/image\/\"},\"sameAs\":[\"https:\/\/www.facebook.com\/zabytek\",\"https:\/\/x.com\/NarIDpl\",\"https:\/\/www.instagram.com\/nid.pl\/?hl=pl\",\"https:\/\/www.linkedin.com\/company\/narodowy-instytut-dziedzictwa\",\"https:\/\/www.youtube.com\/channel\/UCQXuhKa2uHtmNvLRUSx40JA\"]},{\"@type\":\"Person\",\"@id\":\"https:\/\/nid.pl\/#\/schema\/person\/1b690a8998a5111cfb9f0ffe24195a15\",\"name\":\"Barbara Halliop\",\"image\":{\"@type\":\"ImageObject\",\"inLanguage\":\"en-GB\",\"@id\":\"https:\/\/nid.pl\/#\/schema\/person\/image\/\",\"url\":\"https:\/\/nid.pl\/wp-content\/litespeed\/avatar\/924046d17dd0c842c9fa9ccf489bc6dc.jpg?ver=1777444967\",\"contentUrl\":\"https:\/\/nid.pl\/wp-content\/litespeed\/avatar\/924046d17dd0c842c9fa9ccf489bc6dc.jpg?ver=1777444967\",\"caption\":\"Barbara Halliop\"},\"url\":\"https:\/\/nid.pl\/en\/author\/bhalliop\/\"}]}<\/script>\n<!-- \/ Yoast SEO plugin. -->","yoast_head_json":{"title":"Wystawa \u201cPrzysz\u0142ym pokoleniom. 60 lat misji Narodowego Instytutu Dziedzictwa\u201d w Bia\u0142ymstoku - NID","robots":{"index":"index","follow":"follow","max-snippet":"max-snippet:-1","max-image-preview":"max-image-preview:large","max-video-preview":"max-video-preview:-1"},"canonical":"https:\/\/nid.pl\/en\/2022\/06\/29\/wystawa-przyszlym-pokoleniom-60-lat-misji-narodowego-instytutu-dziedzictwa-w-bialymstoku\/","og_locale":"en_GB","og_type":"article","og_title":"Wystawa \u201cPrzysz\u0142ym pokoleniom. 60 lat misji Narodowego Instytutu Dziedzictwa\u201d w Bia\u0142ymstoku - NID","og_description":"Ju\u017c 1 lipca o godz. 13:00 na Rynku Ko\u015bciuszki przy ul. Sienkiewicza 4 w Bia\u0142ymstoku odb\u0119dzie si\u0119 uroczyste otwarcie wystawy \u201cPrzysz\u0142ym pokoleniom. 60 lat misji Narodowego Instytutu Dziedzictwa\u201d. Otwarciu b\u0119dzie [&hellip;]","og_url":"https:\/\/nid.pl\/en\/2022\/06\/29\/wystawa-przyszlym-pokoleniom-60-lat-misji-narodowego-instytutu-dziedzictwa-w-bialymstoku\/","og_site_name":"NID","article_publisher":"https:\/\/www.facebook.com\/zabytek","article_published_time":"2022-06-29T13:22:49+00:00","article_modified_time":"2022-06-29T13:22:54+00:00","og_image":[{"width":440,"height":294,"url":"https:\/\/nid.pl\/wp-content\/uploads\/2022\/06\/Wystawa-w-Bialymstoku_aktualnosci.jpg","type":"image\/jpeg"}],"author":"Barbara Halliop","twitter_card":"summary_large_image","twitter_creator":"@NarIDpl","twitter_site":"@NarIDpl","twitter_misc":{"Written by":"Barbara Halliop","Estimated reading time":"6 minutes"},"schema":{"@context":"https:\/\/schema.org","@graph":[{"@type":"Article","@id":"https:\/\/nid.pl\/2022\/06\/29\/wystawa-przyszlym-pokoleniom-60-lat-misji-narodowego-instytutu-dziedzictwa-w-bialymstoku\/#article","isPartOf":{"@id":"https:\/\/nid.pl\/2022\/06\/29\/wystawa-przyszlym-pokoleniom-60-lat-misji-narodowego-instytutu-dziedzictwa-w-bialymstoku\/"},"author":{"name":"Barbara Halliop","@id":"https:\/\/nid.pl\/#\/schema\/person\/1b690a8998a5111cfb9f0ffe24195a15"},"headline":"Wystawa \u201cPrzysz\u0142ym pokoleniom. 60 lat misji Narodowego Instytutu Dziedzictwa\u201d w Bia\u0142ymstoku","datePublished":"2022-06-29T13:22:49+00:00","dateModified":"2022-06-29T13:22:54+00:00","mainEntityOfPage":{"@id":"https:\/\/nid.pl\/2022\/06\/29\/wystawa-przyszlym-pokoleniom-60-lat-misji-narodowego-instytutu-dziedzictwa-w-bialymstoku\/"},"wordCount":1396,"commentCount":0,"publisher":{"@id":"https:\/\/nid.pl\/#organization"},"image":{"@id":"https:\/\/nid.pl\/2022\/06\/29\/wystawa-przyszlym-pokoleniom-60-lat-misji-narodowego-instytutu-dziedzictwa-w-bialymstoku\/#primaryimage"},"thumbnailUrl":"https:\/\/nid.pl\/wp-content\/uploads\/2022\/06\/Wystawa-w-Bialymstoku_aktualnosci.jpg","articleSection":["Aktualno\u015bci"],"inLanguage":"en-GB"},{"@type":"WebPage","@id":"https:\/\/nid.pl\/2022\/06\/29\/wystawa-przyszlym-pokoleniom-60-lat-misji-narodowego-instytutu-dziedzictwa-w-bialymstoku\/","url":"https:\/\/nid.pl\/2022\/06\/29\/wystawa-przyszlym-pokoleniom-60-lat-misji-narodowego-instytutu-dziedzictwa-w-bialymstoku\/","name":"Wystawa \u201cPrzysz\u0142ym pokoleniom. 60 lat misji Narodowego Instytutu Dziedzictwa\u201d w Bia\u0142ymstoku - NID","isPartOf":{"@id":"https:\/\/nid.pl\/#website"},"primaryImageOfPage":{"@id":"https:\/\/nid.pl\/2022\/06\/29\/wystawa-przyszlym-pokoleniom-60-lat-misji-narodowego-instytutu-dziedzictwa-w-bialymstoku\/#primaryimage"},"image":{"@id":"https:\/\/nid.pl\/2022\/06\/29\/wystawa-przyszlym-pokoleniom-60-lat-misji-narodowego-instytutu-dziedzictwa-w-bialymstoku\/#primaryimage"},"thumbnailUrl":"https:\/\/nid.pl\/wp-content\/uploads\/2022\/06\/Wystawa-w-Bialymstoku_aktualnosci.jpg","datePublished":"2022-06-29T13:22:49+00:00","dateModified":"2022-06-29T13:22:54+00:00","breadcrumb":{"@id":"https:\/\/nid.pl\/2022\/06\/29\/wystawa-przyszlym-pokoleniom-60-lat-misji-narodowego-instytutu-dziedzictwa-w-bialymstoku\/#breadcrumb"},"inLanguage":"en-GB","potentialAction":[{"@type":"ReadAction","target":["https:\/\/nid.pl\/2022\/06\/29\/wystawa-przyszlym-pokoleniom-60-lat-misji-narodowego-instytutu-dziedzictwa-w-bialymstoku\/"]}]},{"@type":"ImageObject","inLanguage":"en-GB","@id":"https:\/\/nid.pl\/2022\/06\/29\/wystawa-przyszlym-pokoleniom-60-lat-misji-narodowego-instytutu-dziedzictwa-w-bialymstoku\/#primaryimage","url":"https:\/\/nid.pl\/wp-content\/uploads\/2022\/06\/Wystawa-w-Bialymstoku_aktualnosci.jpg","contentUrl":"https:\/\/nid.pl\/wp-content\/uploads\/2022\/06\/Wystawa-w-Bialymstoku_aktualnosci.jpg","width":440,"height":294,"caption":"Wystawa w Bialymstoku aktualnosci"},{"@type":"BreadcrumbList","@id":"https:\/\/nid.pl\/2022\/06\/29\/wystawa-przyszlym-pokoleniom-60-lat-misji-narodowego-instytutu-dziedzictwa-w-bialymstoku\/#breadcrumb","itemListElement":[{"@type":"ListItem","position":1,"name":"Home","item":"https:\/\/nid.pl\/"},{"@type":"ListItem","position":2,"name":"Wystawa \u201cPrzysz\u0142ym pokoleniom. 60 lat misji Narodowego Instytutu Dziedzictwa\u201d w Bia\u0142ymstoku"}]},{"@type":"WebSite","@id":"https:\/\/nid.pl\/#website","url":"https:\/\/nid.pl\/","name":"NID","description":"Narodowy Instytut Dziedzictwa","publisher":{"@id":"https:\/\/nid.pl\/#organization"},"potentialAction":[{"@type":"SearchAction","target":{"@type":"EntryPoint","urlTemplate":"https:\/\/nid.pl\/?s={search_term_string}"},"query-input":{"@type":"PropertyValueSpecification","valueRequired":true,"valueName":"search_term_string"}}],"inLanguage":"en-GB"},{"@type":"Organization","@id":"https:\/\/nid.pl\/#organization","name":"Narodowy Instytut Dziedzictwa","url":"https:\/\/nid.pl\/","logo":{"@type":"ImageObject","inLanguage":"en-GB","@id":"https:\/\/nid.pl\/#\/schema\/logo\/image\/","url":"https:\/\/nid.pl\/wp-content\/uploads\/2022\/10\/logoRedDark.png","contentUrl":"https:\/\/nid.pl\/wp-content\/uploads\/2022\/10\/logoRedDark.png","width":200,"height":197,"caption":"Narodowy Instytut Dziedzictwa"},"image":{"@id":"https:\/\/nid.pl\/#\/schema\/logo\/image\/"},"sameAs":["https:\/\/www.facebook.com\/zabytek","https:\/\/x.com\/NarIDpl","https:\/\/www.instagram.com\/nid.pl\/?hl=pl","https:\/\/www.linkedin.com\/company\/narodowy-instytut-dziedzictwa","https:\/\/www.youtube.com\/channel\/UCQXuhKa2uHtmNvLRUSx40JA"]},{"@type":"Person","@id":"https:\/\/nid.pl\/#\/schema\/person\/1b690a8998a5111cfb9f0ffe24195a15","name":"Barbara Halliop","image":{"@type":"ImageObject","inLanguage":"en-GB","@id":"https:\/\/nid.pl\/#\/schema\/person\/image\/","url":"https:\/\/nid.pl\/wp-content\/litespeed\/avatar\/924046d17dd0c842c9fa9ccf489bc6dc.jpg?ver=1777444967","contentUrl":"https:\/\/nid.pl\/wp-content\/litespeed\/avatar\/924046d17dd0c842c9fa9ccf489bc6dc.jpg?ver=1777444967","caption":"Barbara Halliop"},"url":"https:\/\/nid.pl\/en\/author\/bhalliop\/"}]}},"_links":{"self":[{"href":"https:\/\/nid.pl\/en\/wp-json\/wp\/v2\/posts\/7292","targetHints":{"allow":["GET"]}}],"collection":[{"href":"https:\/\/nid.pl\/en\/wp-json\/wp\/v2\/posts"}],"about":[{"href":"https:\/\/nid.pl\/en\/wp-json\/wp\/v2\/types\/post"}],"author":[{"embeddable":true,"href":"https:\/\/nid.pl\/en\/wp-json\/wp\/v2\/users\/7"}],"replies":[{"embeddable":true,"href":"https:\/\/nid.pl\/en\/wp-json\/wp\/v2\/comments?post=7292"}],"version-history":[{"count":0,"href":"https:\/\/nid.pl\/en\/wp-json\/wp\/v2\/posts\/7292\/revisions"}],"wp:featuredmedia":[{"embeddable":true,"href":"https:\/\/nid.pl\/en\/wp-json\/wp\/v2\/media\/7296"}],"wp:attachment":[{"href":"https:\/\/nid.pl\/en\/wp-json\/wp\/v2\/media?parent=7292"}],"wp:term":[{"taxonomy":"category","embeddable":true,"href":"https:\/\/nid.pl\/en\/wp-json\/wp\/v2\/categories?post=7292"},{"taxonomy":"post_tag","embeddable":true,"href":"https:\/\/nid.pl\/en\/wp-json\/wp\/v2\/tags?post=7292"}],"curies":[{"name":"wp","href":"https:\/\/api.w.org\/{rel}","templated":true}]}}