{"id":7242,"date":"2022-06-28T15:35:05","date_gmt":"2022-06-28T13:35:05","guid":{"rendered":"https:\/\/nid.pl\/?p=7242"},"modified":"2022-06-28T15:54:32","modified_gmt":"2022-06-28T13:54:32","slug":"konferencja-naukowa-ochrona-dziedzictwa-kulturowego-miasta-i-gminy-czaplinek-w-siemczynie","status":"publish","type":"post","link":"https:\/\/nid.pl\/en\/2022\/06\/28\/konferencja-naukowa-ochrona-dziedzictwa-kulturowego-miasta-i-gminy-czaplinek-w-siemczynie\/","title":{"rendered":"Konferencja naukowa \u201eOchrona dziedzictwa kulturowego miasta i gminy Czaplinek\u201d w Siemczynie"},"content":{"rendered":"<p><strong>W ramach regionalnych obchod\u00f3w Jubileuszu 60-lecia dzia\u0142alno\u015bci Narodowego Instytutu Dziedzictwa, Pracownia Terenowa NID w Szczecinie wsp\u00f3\u0142organizuje konferencj\u0119 naukow\u0105 pn. <em>\u201eOchrona dziedzictwa<\/em> <em>kulturowego miasta i gminy<\/em> <em>Czaplinek\u201d<\/em>, kt\u00f3ra odb\u0119dzie w dniu 02 lipca 2022 r., w zespole pa\u0142acowo-folwarcznym Siemczyno, w ramach \u201eXIX Henrykowskich Dni w Siemczynie\u201d.<\/strong><\/p>\n\n\n\n<p>Program konferencji wi\u0105\u017ce si\u0119 z ustaleniami wynikaj\u0105cymi z opracowanego przez Pracowni\u0119 Terenow\u0105 NID w Szczecinie <em>\u201eStudium Ochrony Warto\u015bci Kulturowych gminy Czaplinek\u201d<\/em>. Powy\u017csza dokumentacja zosta\u0142a zrealizowana w ramach wsparcia samorz\u0105du lokalnego w zakresie aktualizacji Gminnego Programu Rewitalizacji.<\/p>\n\n\n\n<p>W ramach konferencji zostan\u0105 zaprezentowane referaty dotycz\u0105ce krajobrazu kulturowego gminy Czaplinek, \u015brodowiska archeologicznego, zagadnie\u0144 urbanistycznych oraz architektury. Biuro Dokumentacji Zabytk\u00f3w w Szczecinie przedstawi wyniki cyfryzacji zagro\u017conych zabytk\u00f3w, w tym z terenu gminy Czaplinek. Uzupe\u0142nieniem konferencji b\u0119dzie prezentacja filmu pt. <em>\u201eKrajobraz Kulturowy Miasta \u2013 Pomniki Historii\u201d<\/em> po\u0142\u0105czona z dyskusj\u0105.<\/p>\n\n\n\n<p><\/p>\n\n\n\n<p>\u201eHenrykowskie Dni w Siemczynie\u201d to coroczne (od 2004 r.) wydarzenie kulturalne, kt\u00f3rego osnow\u0119 stanowi\u0105 dzia\u0142ania na rzecz zachowania dziedzictwa kulturowego Pomorza Zachodniego, w przestrzeni zabytkowego zespo\u0142u pa\u0142acowo-folwarcznego. Organizatorem jest Henrykowskie Stowarzyszenie w Siemczynie, kt\u00f3re zaanga\u017cowane jest w r\u00f3\u017cne dzia\u0142ania kulturalne, m.in.: Europejskie i Zachodniopomorskie Dni Dziedzictwa, Europejskie S\u0142oneczne Dni, Spotkania Kulturalne, konferencje naukowo-historyczne i popularnonaukowe, a tak\u017ce ekspozycje muzealne, artystyczne, rzemie\u015blnicze, koncerty plenerowe oraz inscenizacje i rekonstrukcje \u017cycia dworsko-folwarcznego epoki baroku.<\/p>\n\n\n\n<p><\/p>\n\n\n\n<div class=\"wp-block-image\"><figure class=\"aligncenter size-large is-resized\"><img loading=\"lazy\" decoding=\"async\" src=\"https:\/\/nid.pl\/wp-content\/uploads\/2022\/06\/Konferencja-naukowa-Czaplinek_01A.-Witek_NID-Stare-Drawsko-1024x642.jpg\" alt=\"\" class=\"wp-image-7235\" width=\"821\" height=\"514\"\/><figcaption>Czaplinek, fot. A. Witek<\/figcaption><\/figure><\/div>\n\n\n\n<div class=\"wp-block-image\"><figure class=\"aligncenter size-large\"><img loading=\"lazy\" decoding=\"async\" width=\"1024\" height=\"552\" src=\"https:\/\/nid.pl\/wp-content\/uploads\/2022\/06\/Konferencja-naukowa-Czaplinek_02A.-Bosy_NID-PIaseczno_grod-1-1024x552.jpg\" alt=\"\" class=\"wp-image-7236\" srcset=\"https:\/\/nid.pl\/wp-content\/uploads\/2022\/06\/Konferencja-naukowa-Czaplinek_02A.-Bosy_NID-PIaseczno_grod-1-980x529.jpg 980w, https:\/\/nid.pl\/wp-content\/uploads\/2022\/06\/Konferencja-naukowa-Czaplinek_02A.-Bosy_NID-PIaseczno_grod-1-480x259.jpg 480w\" sizes=\"(min-width: 0px) and (max-width: 480px) 480px, (min-width: 481px) and (max-width: 980px) 980px, (min-width: 981px) 1024px, 100vw\" \/><figcaption>Czaplinek, fot. A. Bosy<\/figcaption><\/figure><\/div>\n\n\n\n<div class=\"wp-block-image\"><figure class=\"aligncenter size-large is-resized\"><img loading=\"lazy\" decoding=\"async\" src=\"https:\/\/nid.pl\/wp-content\/uploads\/2022\/06\/Konferencja-naukowa-Czaplinek_03A.-Walkiewicz_NID-Czaplinek_mapa-1024x769.jpg\" alt=\"\" class=\"wp-image-7237\" width=\"821\" height=\"616\"\/><figcaption>Mapa Czaplinka, fot. A. Walkiewicz<\/figcaption><\/figure><\/div>\n\n\n\n<div class=\"wp-block-image\"><figure class=\"aligncenter size-full\"><img loading=\"lazy\" decoding=\"async\" width=\"800\" height=\"578\" src=\"https:\/\/nid.pl\/wp-content\/uploads\/2022\/06\/Konferencja-naukowa-Czaplinek_04B.-Slominski_NID-Czaplinek_bank.jpg\" alt=\"\" class=\"wp-image-7238\" srcset=\"https:\/\/nid.pl\/wp-content\/uploads\/2022\/06\/Konferencja-naukowa-Czaplinek_04B.-Slominski_NID-Czaplinek_bank.jpg 800w, https:\/\/nid.pl\/wp-content\/uploads\/2022\/06\/Konferencja-naukowa-Czaplinek_04B.-Slominski_NID-Czaplinek_bank-480x347.jpg 480w\" sizes=\"(min-width: 0px) and (max-width: 480px) 480px, (min-width: 481px) 800px, 100vw\" \/><figcaption>Czaplinek, fot. B. S\u0142omi\u0144ski<\/figcaption><\/figure><\/div>\n\n\n\n<div class=\"wp-block-image\"><figure class=\"aligncenter size-full\"><img loading=\"lazy\" decoding=\"async\" width=\"646\" height=\"488\" src=\"https:\/\/nid.pl\/wp-content\/uploads\/2022\/06\/Konferencja-naukowa-Czaplinek_05A..jpg\" alt=\"\" class=\"wp-image-7239\" srcset=\"https:\/\/nid.pl\/wp-content\/uploads\/2022\/06\/Konferencja-naukowa-Czaplinek_05A..jpg 646w, https:\/\/nid.pl\/wp-content\/uploads\/2022\/06\/Konferencja-naukowa-Czaplinek_05A.-480x363.jpg 480w\" sizes=\"(min-width: 0px) and (max-width: 480px) 480px, (min-width: 481px) 646px, 100vw\" \/><figcaption>Zabytkowy m\u0142yn, G\u0142\u0119boczek, fot. A. Witek<\/figcaption><\/figure><\/div>\n\n\n\n<div class=\"wp-block-image\"><figure class=\"aligncenter size-large\"><img loading=\"lazy\" decoding=\"async\" width=\"1024\" height=\"768\" src=\"https:\/\/nid.pl\/wp-content\/uploads\/2022\/06\/Konferencja-naukowa-Czaplinek_Siemczyno-palac_folwark-1-1024x768.jpg\" alt=\"\" class=\"wp-image-7240\" srcset=\"https:\/\/nid.pl\/wp-content\/uploads\/2022\/06\/Konferencja-naukowa-Czaplinek_Siemczyno-palac_folwark-1-980x735.jpg 980w, https:\/\/nid.pl\/wp-content\/uploads\/2022\/06\/Konferencja-naukowa-Czaplinek_Siemczyno-palac_folwark-1-480x360.jpg 480w\" sizes=\"(min-width: 0px) and (max-width: 480px) 480px, (min-width: 481px) and (max-width: 980px) 980px, (min-width: 981px) 1024px, 100vw\" \/><figcaption>Zesp\u00f3\u0142 pa\u0142acowo-folwarczny w Siemczynie<\/figcaption><\/figure><\/div>\n\n\n\n<div class=\"wp-block-image\"><figure class=\"aligncenter size-large\"><img loading=\"lazy\" decoding=\"async\" width=\"1024\" height=\"768\" src=\"https:\/\/nid.pl\/wp-content\/uploads\/2022\/06\/Konferencja-naukowa-Czaplinek_Siemczyno-palac_folwark-2-1024x768.jpg\" alt=\"\" class=\"wp-image-7241\" srcset=\"https:\/\/nid.pl\/wp-content\/uploads\/2022\/06\/Konferencja-naukowa-Czaplinek_Siemczyno-palac_folwark-2-980x735.jpg 980w, https:\/\/nid.pl\/wp-content\/uploads\/2022\/06\/Konferencja-naukowa-Czaplinek_Siemczyno-palac_folwark-2-480x360.jpg 480w\" sizes=\"(min-width: 0px) and (max-width: 480px) 480px, (min-width: 481px) and (max-width: 980px) 980px, (min-width: 981px) 1024px, 100vw\" \/><figcaption>Zesp\u00f3\u0142 pa\u0142acowo-folwarczny w Siemczynie<\/figcaption><\/figure><\/div>\n\n\n\n<figure class=\"wp-block-image size-large\"><img loading=\"lazy\" decoding=\"async\" width=\"768\" height=\"1024\" src=\"https:\/\/nid.pl\/wp-content\/uploads\/2022\/06\/XIX-Henrykowskie-Dni-w-Siemczynie_konferencja-768x1024.jpg\" alt=\"\" class=\"wp-image-7143\"\/><\/figure>","protected":false},"excerpt":{"rendered":"<p>W ramach regionalnych obchod\u00f3w Jubileuszu 60-lecia dzia\u0142alno\u015bci Narodowego Instytutu Dziedzictwa, Pracownia Terenowa NID w Szczecinie wsp\u00f3\u0142organizuje konferencj\u0119 naukow\u0105 pn. \u201eOchrona dziedzictwa kulturowego miasta i gminy Czaplinek\u201d, kt\u00f3ra odb\u0119dzie w dniu [&hellip;]<\/p>","protected":false},"author":7,"featured_media":7208,"comment_status":"open","ping_status":"open","sticky":false,"template":"","format":"standard","meta":{"_et_pb_use_builder":"off","_et_pb_old_content":"","_et_gb_content_width":"","_monsterinsights_skip_tracking":false,"_monsterinsights_sitenote_active":false,"_monsterinsights_sitenote_note":"","_monsterinsights_sitenote_category":0,"footnotes":""},"categories":[3],"tags":[],"class_list":["post-7242","post","type-post","status-publish","format-standard","has-post-thumbnail","hentry","category-aktualnosci"],"yoast_head":"<!-- This site is optimized with the Yoast SEO plugin v26.5 - https:\/\/yoast.com\/wordpress\/plugins\/seo\/ -->\n<title>Konferencja naukowa \u201eOchrona dziedzictwa kulturowego miasta i gminy Czaplinek\u201d w Siemczynie - NID<\/title>\n<meta name=\"robots\" content=\"index, follow, max-snippet:-1, max-image-preview:large, max-video-preview:-1\" \/>\n<link rel=\"canonical\" href=\"https:\/\/nid.pl\/en\/2022\/06\/28\/konferencja-naukowa-ochrona-dziedzictwa-kulturowego-miasta-i-gminy-czaplinek-w-siemczynie\/\" \/>\n<meta property=\"og:locale\" content=\"en_GB\" \/>\n<meta property=\"og:type\" content=\"article\" \/>\n<meta property=\"og:title\" content=\"Konferencja naukowa \u201eOchrona dziedzictwa kulturowego miasta i gminy Czaplinek\u201d w Siemczynie - NID\" \/>\n<meta property=\"og:description\" content=\"W ramach regionalnych obchod\u00f3w Jubileuszu 60-lecia dzia\u0142alno\u015bci Narodowego Instytutu Dziedzictwa, Pracownia Terenowa NID w Szczecinie wsp\u00f3\u0142organizuje konferencj\u0119 naukow\u0105 pn. \u201eOchrona dziedzictwa kulturowego miasta i gminy Czaplinek\u201d, kt\u00f3ra odb\u0119dzie w dniu [&hellip;]\" \/>\n<meta property=\"og:url\" content=\"https:\/\/nid.pl\/en\/2022\/06\/28\/konferencja-naukowa-ochrona-dziedzictwa-kulturowego-miasta-i-gminy-czaplinek-w-siemczynie\/\" \/>\n<meta property=\"og:site_name\" content=\"NID\" \/>\n<meta property=\"article:publisher\" content=\"https:\/\/www.facebook.com\/zabytek\" \/>\n<meta property=\"article:published_time\" content=\"2022-06-28T13:35:05+00:00\" \/>\n<meta property=\"article:modified_time\" content=\"2022-06-28T13:54:32+00:00\" \/>\n<meta property=\"og:image\" content=\"https:\/\/nid.pl\/wp-content\/uploads\/2022\/06\/60-lat-misji-NID_poziom_aktualnosci-NID.jpg\" \/>\n\t<meta property=\"og:image:width\" content=\"440\" \/>\n\t<meta property=\"og:image:height\" content=\"294\" \/>\n\t<meta property=\"og:image:type\" content=\"image\/jpeg\" \/>\n<meta name=\"author\" content=\"Barbara Halliop\" \/>\n<meta name=\"twitter:card\" content=\"summary_large_image\" \/>\n<meta name=\"twitter:creator\" content=\"@NarIDpl\" \/>\n<meta name=\"twitter:site\" content=\"@NarIDpl\" \/>\n<meta name=\"twitter:label1\" content=\"Written by\" \/>\n\t<meta name=\"twitter:data1\" content=\"Barbara Halliop\" \/>\n\t<meta name=\"twitter:label2\" content=\"Estimated reading time\" \/>\n\t<meta name=\"twitter:data2\" content=\"3 minutes\" \/>\n<script type=\"application\/ld+json\" class=\"yoast-schema-graph\">{\"@context\":\"https:\/\/schema.org\",\"@graph\":[{\"@type\":\"Article\",\"@id\":\"https:\/\/nid.pl\/2022\/06\/28\/konferencja-naukowa-ochrona-dziedzictwa-kulturowego-miasta-i-gminy-czaplinek-w-siemczynie\/#article\",\"isPartOf\":{\"@id\":\"https:\/\/nid.pl\/2022\/06\/28\/konferencja-naukowa-ochrona-dziedzictwa-kulturowego-miasta-i-gminy-czaplinek-w-siemczynie\/\"},\"author\":{\"name\":\"Barbara Halliop\",\"@id\":\"https:\/\/nid.pl\/#\/schema\/person\/1b690a8998a5111cfb9f0ffe24195a15\"},\"headline\":\"Konferencja naukowa \u201eOchrona dziedzictwa kulturowego miasta i gminy Czaplinek\u201d w Siemczynie\",\"datePublished\":\"2022-06-28T13:35:05+00:00\",\"dateModified\":\"2022-06-28T13:54:32+00:00\",\"mainEntityOfPage\":{\"@id\":\"https:\/\/nid.pl\/2022\/06\/28\/konferencja-naukowa-ochrona-dziedzictwa-kulturowego-miasta-i-gminy-czaplinek-w-siemczynie\/\"},\"wordCount\":276,\"commentCount\":0,\"publisher\":{\"@id\":\"https:\/\/nid.pl\/#organization\"},\"image\":{\"@id\":\"https:\/\/nid.pl\/2022\/06\/28\/konferencja-naukowa-ochrona-dziedzictwa-kulturowego-miasta-i-gminy-czaplinek-w-siemczynie\/#primaryimage\"},\"thumbnailUrl\":\"https:\/\/nid.pl\/wp-content\/uploads\/2022\/06\/60-lat-misji-NID_poziom_aktualnosci-NID.jpg\",\"articleSection\":[\"Aktualno\u015bci\"],\"inLanguage\":\"en-GB\"},{\"@type\":\"WebPage\",\"@id\":\"https:\/\/nid.pl\/2022\/06\/28\/konferencja-naukowa-ochrona-dziedzictwa-kulturowego-miasta-i-gminy-czaplinek-w-siemczynie\/\",\"url\":\"https:\/\/nid.pl\/2022\/06\/28\/konferencja-naukowa-ochrona-dziedzictwa-kulturowego-miasta-i-gminy-czaplinek-w-siemczynie\/\",\"name\":\"Konferencja naukowa \u201eOchrona dziedzictwa kulturowego miasta i gminy Czaplinek\u201d w Siemczynie - NID\",\"isPartOf\":{\"@id\":\"https:\/\/nid.pl\/#website\"},\"primaryImageOfPage\":{\"@id\":\"https:\/\/nid.pl\/2022\/06\/28\/konferencja-naukowa-ochrona-dziedzictwa-kulturowego-miasta-i-gminy-czaplinek-w-siemczynie\/#primaryimage\"},\"image\":{\"@id\":\"https:\/\/nid.pl\/2022\/06\/28\/konferencja-naukowa-ochrona-dziedzictwa-kulturowego-miasta-i-gminy-czaplinek-w-siemczynie\/#primaryimage\"},\"thumbnailUrl\":\"https:\/\/nid.pl\/wp-content\/uploads\/2022\/06\/60-lat-misji-NID_poziom_aktualnosci-NID.jpg\",\"datePublished\":\"2022-06-28T13:35:05+00:00\",\"dateModified\":\"2022-06-28T13:54:32+00:00\",\"breadcrumb\":{\"@id\":\"https:\/\/nid.pl\/2022\/06\/28\/konferencja-naukowa-ochrona-dziedzictwa-kulturowego-miasta-i-gminy-czaplinek-w-siemczynie\/#breadcrumb\"},\"inLanguage\":\"en-GB\",\"potentialAction\":[{\"@type\":\"ReadAction\",\"target\":[\"https:\/\/nid.pl\/2022\/06\/28\/konferencja-naukowa-ochrona-dziedzictwa-kulturowego-miasta-i-gminy-czaplinek-w-siemczynie\/\"]}]},{\"@type\":\"ImageObject\",\"inLanguage\":\"en-GB\",\"@id\":\"https:\/\/nid.pl\/2022\/06\/28\/konferencja-naukowa-ochrona-dziedzictwa-kulturowego-miasta-i-gminy-czaplinek-w-siemczynie\/#primaryimage\",\"url\":\"https:\/\/nid.pl\/wp-content\/uploads\/2022\/06\/60-lat-misji-NID_poziom_aktualnosci-NID.jpg\",\"contentUrl\":\"https:\/\/nid.pl\/wp-content\/uploads\/2022\/06\/60-lat-misji-NID_poziom_aktualnosci-NID.jpg\",\"width\":440,\"height\":294,\"caption\":\"lat misji NID poziom aktualnosci NID\"},{\"@type\":\"BreadcrumbList\",\"@id\":\"https:\/\/nid.pl\/2022\/06\/28\/konferencja-naukowa-ochrona-dziedzictwa-kulturowego-miasta-i-gminy-czaplinek-w-siemczynie\/#breadcrumb\",\"itemListElement\":[{\"@type\":\"ListItem\",\"position\":1,\"name\":\"Home\",\"item\":\"https:\/\/nid.pl\/\"},{\"@type\":\"ListItem\",\"position\":2,\"name\":\"Konferencja naukowa \u201eOchrona dziedzictwa kulturowego miasta i gminy Czaplinek\u201d w Siemczynie\"}]},{\"@type\":\"WebSite\",\"@id\":\"https:\/\/nid.pl\/#website\",\"url\":\"https:\/\/nid.pl\/\",\"name\":\"NID\",\"description\":\"Narodowy Instytut Dziedzictwa\",\"publisher\":{\"@id\":\"https:\/\/nid.pl\/#organization\"},\"potentialAction\":[{\"@type\":\"SearchAction\",\"target\":{\"@type\":\"EntryPoint\",\"urlTemplate\":\"https:\/\/nid.pl\/?s={search_term_string}\"},\"query-input\":{\"@type\":\"PropertyValueSpecification\",\"valueRequired\":true,\"valueName\":\"search_term_string\"}}],\"inLanguage\":\"en-GB\"},{\"@type\":\"Organization\",\"@id\":\"https:\/\/nid.pl\/#organization\",\"name\":\"Narodowy Instytut Dziedzictwa\",\"url\":\"https:\/\/nid.pl\/\",\"logo\":{\"@type\":\"ImageObject\",\"inLanguage\":\"en-GB\",\"@id\":\"https:\/\/nid.pl\/#\/schema\/logo\/image\/\",\"url\":\"https:\/\/nid.pl\/wp-content\/uploads\/2022\/10\/logoRedDark.png\",\"contentUrl\":\"https:\/\/nid.pl\/wp-content\/uploads\/2022\/10\/logoRedDark.png\",\"width\":200,\"height\":197,\"caption\":\"Narodowy Instytut Dziedzictwa\"},\"image\":{\"@id\":\"https:\/\/nid.pl\/#\/schema\/logo\/image\/\"},\"sameAs\":[\"https:\/\/www.facebook.com\/zabytek\",\"https:\/\/x.com\/NarIDpl\",\"https:\/\/www.instagram.com\/nid.pl\/?hl=pl\",\"https:\/\/www.linkedin.com\/company\/narodowy-instytut-dziedzictwa\",\"https:\/\/www.youtube.com\/channel\/UCQXuhKa2uHtmNvLRUSx40JA\"]},{\"@type\":\"Person\",\"@id\":\"https:\/\/nid.pl\/#\/schema\/person\/1b690a8998a5111cfb9f0ffe24195a15\",\"name\":\"Barbara Halliop\",\"image\":{\"@type\":\"ImageObject\",\"inLanguage\":\"en-GB\",\"@id\":\"https:\/\/nid.pl\/#\/schema\/person\/image\/\",\"url\":\"https:\/\/nid.pl\/wp-content\/litespeed\/avatar\/924046d17dd0c842c9fa9ccf489bc6dc.jpg?ver=1777444967\",\"contentUrl\":\"https:\/\/nid.pl\/wp-content\/litespeed\/avatar\/924046d17dd0c842c9fa9ccf489bc6dc.jpg?ver=1777444967\",\"caption\":\"Barbara Halliop\"},\"url\":\"https:\/\/nid.pl\/en\/author\/bhalliop\/\"}]}<\/script>\n<!-- \/ Yoast SEO plugin. -->","yoast_head_json":{"title":"Konferencja naukowa \u201eOchrona dziedzictwa kulturowego miasta i gminy Czaplinek\u201d w Siemczynie - NID","robots":{"index":"index","follow":"follow","max-snippet":"max-snippet:-1","max-image-preview":"max-image-preview:large","max-video-preview":"max-video-preview:-1"},"canonical":"https:\/\/nid.pl\/en\/2022\/06\/28\/konferencja-naukowa-ochrona-dziedzictwa-kulturowego-miasta-i-gminy-czaplinek-w-siemczynie\/","og_locale":"en_GB","og_type":"article","og_title":"Konferencja naukowa \u201eOchrona dziedzictwa kulturowego miasta i gminy Czaplinek\u201d w Siemczynie - NID","og_description":"W ramach regionalnych obchod\u00f3w Jubileuszu 60-lecia dzia\u0142alno\u015bci Narodowego Instytutu Dziedzictwa, Pracownia Terenowa NID w Szczecinie wsp\u00f3\u0142organizuje konferencj\u0119 naukow\u0105 pn. \u201eOchrona dziedzictwa kulturowego miasta i gminy Czaplinek\u201d, kt\u00f3ra odb\u0119dzie w dniu [&hellip;]","og_url":"https:\/\/nid.pl\/en\/2022\/06\/28\/konferencja-naukowa-ochrona-dziedzictwa-kulturowego-miasta-i-gminy-czaplinek-w-siemczynie\/","og_site_name":"NID","article_publisher":"https:\/\/www.facebook.com\/zabytek","article_published_time":"2022-06-28T13:35:05+00:00","article_modified_time":"2022-06-28T13:54:32+00:00","og_image":[{"width":440,"height":294,"url":"https:\/\/nid.pl\/wp-content\/uploads\/2022\/06\/60-lat-misji-NID_poziom_aktualnosci-NID.jpg","type":"image\/jpeg"}],"author":"Barbara Halliop","twitter_card":"summary_large_image","twitter_creator":"@NarIDpl","twitter_site":"@NarIDpl","twitter_misc":{"Written by":"Barbara Halliop","Estimated reading time":"3 minutes"},"schema":{"@context":"https:\/\/schema.org","@graph":[{"@type":"Article","@id":"https:\/\/nid.pl\/2022\/06\/28\/konferencja-naukowa-ochrona-dziedzictwa-kulturowego-miasta-i-gminy-czaplinek-w-siemczynie\/#article","isPartOf":{"@id":"https:\/\/nid.pl\/2022\/06\/28\/konferencja-naukowa-ochrona-dziedzictwa-kulturowego-miasta-i-gminy-czaplinek-w-siemczynie\/"},"author":{"name":"Barbara Halliop","@id":"https:\/\/nid.pl\/#\/schema\/person\/1b690a8998a5111cfb9f0ffe24195a15"},"headline":"Konferencja naukowa \u201eOchrona dziedzictwa kulturowego miasta i gminy Czaplinek\u201d w Siemczynie","datePublished":"2022-06-28T13:35:05+00:00","dateModified":"2022-06-28T13:54:32+00:00","mainEntityOfPage":{"@id":"https:\/\/nid.pl\/2022\/06\/28\/konferencja-naukowa-ochrona-dziedzictwa-kulturowego-miasta-i-gminy-czaplinek-w-siemczynie\/"},"wordCount":276,"commentCount":0,"publisher":{"@id":"https:\/\/nid.pl\/#organization"},"image":{"@id":"https:\/\/nid.pl\/2022\/06\/28\/konferencja-naukowa-ochrona-dziedzictwa-kulturowego-miasta-i-gminy-czaplinek-w-siemczynie\/#primaryimage"},"thumbnailUrl":"https:\/\/nid.pl\/wp-content\/uploads\/2022\/06\/60-lat-misji-NID_poziom_aktualnosci-NID.jpg","articleSection":["Aktualno\u015bci"],"inLanguage":"en-GB"},{"@type":"WebPage","@id":"https:\/\/nid.pl\/2022\/06\/28\/konferencja-naukowa-ochrona-dziedzictwa-kulturowego-miasta-i-gminy-czaplinek-w-siemczynie\/","url":"https:\/\/nid.pl\/2022\/06\/28\/konferencja-naukowa-ochrona-dziedzictwa-kulturowego-miasta-i-gminy-czaplinek-w-siemczynie\/","name":"Konferencja naukowa \u201eOchrona dziedzictwa kulturowego miasta i gminy Czaplinek\u201d w Siemczynie - NID","isPartOf":{"@id":"https:\/\/nid.pl\/#website"},"primaryImageOfPage":{"@id":"https:\/\/nid.pl\/2022\/06\/28\/konferencja-naukowa-ochrona-dziedzictwa-kulturowego-miasta-i-gminy-czaplinek-w-siemczynie\/#primaryimage"},"image":{"@id":"https:\/\/nid.pl\/2022\/06\/28\/konferencja-naukowa-ochrona-dziedzictwa-kulturowego-miasta-i-gminy-czaplinek-w-siemczynie\/#primaryimage"},"thumbnailUrl":"https:\/\/nid.pl\/wp-content\/uploads\/2022\/06\/60-lat-misji-NID_poziom_aktualnosci-NID.jpg","datePublished":"2022-06-28T13:35:05+00:00","dateModified":"2022-06-28T13:54:32+00:00","breadcrumb":{"@id":"https:\/\/nid.pl\/2022\/06\/28\/konferencja-naukowa-ochrona-dziedzictwa-kulturowego-miasta-i-gminy-czaplinek-w-siemczynie\/#breadcrumb"},"inLanguage":"en-GB","potentialAction":[{"@type":"ReadAction","target":["https:\/\/nid.pl\/2022\/06\/28\/konferencja-naukowa-ochrona-dziedzictwa-kulturowego-miasta-i-gminy-czaplinek-w-siemczynie\/"]}]},{"@type":"ImageObject","inLanguage":"en-GB","@id":"https:\/\/nid.pl\/2022\/06\/28\/konferencja-naukowa-ochrona-dziedzictwa-kulturowego-miasta-i-gminy-czaplinek-w-siemczynie\/#primaryimage","url":"https:\/\/nid.pl\/wp-content\/uploads\/2022\/06\/60-lat-misji-NID_poziom_aktualnosci-NID.jpg","contentUrl":"https:\/\/nid.pl\/wp-content\/uploads\/2022\/06\/60-lat-misji-NID_poziom_aktualnosci-NID.jpg","width":440,"height":294,"caption":"lat misji NID poziom aktualnosci NID"},{"@type":"BreadcrumbList","@id":"https:\/\/nid.pl\/2022\/06\/28\/konferencja-naukowa-ochrona-dziedzictwa-kulturowego-miasta-i-gminy-czaplinek-w-siemczynie\/#breadcrumb","itemListElement":[{"@type":"ListItem","position":1,"name":"Home","item":"https:\/\/nid.pl\/"},{"@type":"ListItem","position":2,"name":"Konferencja naukowa \u201eOchrona dziedzictwa kulturowego miasta i gminy Czaplinek\u201d w Siemczynie"}]},{"@type":"WebSite","@id":"https:\/\/nid.pl\/#website","url":"https:\/\/nid.pl\/","name":"NID","description":"Narodowy Instytut Dziedzictwa","publisher":{"@id":"https:\/\/nid.pl\/#organization"},"potentialAction":[{"@type":"SearchAction","target":{"@type":"EntryPoint","urlTemplate":"https:\/\/nid.pl\/?s={search_term_string}"},"query-input":{"@type":"PropertyValueSpecification","valueRequired":true,"valueName":"search_term_string"}}],"inLanguage":"en-GB"},{"@type":"Organization","@id":"https:\/\/nid.pl\/#organization","name":"Narodowy Instytut Dziedzictwa","url":"https:\/\/nid.pl\/","logo":{"@type":"ImageObject","inLanguage":"en-GB","@id":"https:\/\/nid.pl\/#\/schema\/logo\/image\/","url":"https:\/\/nid.pl\/wp-content\/uploads\/2022\/10\/logoRedDark.png","contentUrl":"https:\/\/nid.pl\/wp-content\/uploads\/2022\/10\/logoRedDark.png","width":200,"height":197,"caption":"Narodowy Instytut Dziedzictwa"},"image":{"@id":"https:\/\/nid.pl\/#\/schema\/logo\/image\/"},"sameAs":["https:\/\/www.facebook.com\/zabytek","https:\/\/x.com\/NarIDpl","https:\/\/www.instagram.com\/nid.pl\/?hl=pl","https:\/\/www.linkedin.com\/company\/narodowy-instytut-dziedzictwa","https:\/\/www.youtube.com\/channel\/UCQXuhKa2uHtmNvLRUSx40JA"]},{"@type":"Person","@id":"https:\/\/nid.pl\/#\/schema\/person\/1b690a8998a5111cfb9f0ffe24195a15","name":"Barbara Halliop","image":{"@type":"ImageObject","inLanguage":"en-GB","@id":"https:\/\/nid.pl\/#\/schema\/person\/image\/","url":"https:\/\/nid.pl\/wp-content\/litespeed\/avatar\/924046d17dd0c842c9fa9ccf489bc6dc.jpg?ver=1777444967","contentUrl":"https:\/\/nid.pl\/wp-content\/litespeed\/avatar\/924046d17dd0c842c9fa9ccf489bc6dc.jpg?ver=1777444967","caption":"Barbara Halliop"},"url":"https:\/\/nid.pl\/en\/author\/bhalliop\/"}]}},"_links":{"self":[{"href":"https:\/\/nid.pl\/en\/wp-json\/wp\/v2\/posts\/7242","targetHints":{"allow":["GET"]}}],"collection":[{"href":"https:\/\/nid.pl\/en\/wp-json\/wp\/v2\/posts"}],"about":[{"href":"https:\/\/nid.pl\/en\/wp-json\/wp\/v2\/types\/post"}],"author":[{"embeddable":true,"href":"https:\/\/nid.pl\/en\/wp-json\/wp\/v2\/users\/7"}],"replies":[{"embeddable":true,"href":"https:\/\/nid.pl\/en\/wp-json\/wp\/v2\/comments?post=7242"}],"version-history":[{"count":0,"href":"https:\/\/nid.pl\/en\/wp-json\/wp\/v2\/posts\/7242\/revisions"}],"wp:featuredmedia":[{"embeddable":true,"href":"https:\/\/nid.pl\/en\/wp-json\/wp\/v2\/media\/7208"}],"wp:attachment":[{"href":"https:\/\/nid.pl\/en\/wp-json\/wp\/v2\/media?parent=7242"}],"wp:term":[{"taxonomy":"category","embeddable":true,"href":"https:\/\/nid.pl\/en\/wp-json\/wp\/v2\/categories?post=7242"},{"taxonomy":"post_tag","embeddable":true,"href":"https:\/\/nid.pl\/en\/wp-json\/wp\/v2\/tags?post=7242"}],"curies":[{"name":"wp","href":"https:\/\/api.w.org\/{rel}","templated":true}]}}