{"id":7218,"date":"2022-06-24T16:08:50","date_gmt":"2022-06-24T14:08:50","guid":{"rendered":"https:\/\/nid.pl\/?p=7218"},"modified":"2022-08-11T09:31:15","modified_gmt":"2022-08-11T07:31:15","slug":"otwarcie-wystawy-przyszlym-pokoleniom-oraz-briefing-prasowy-podsumowujacy-60-lecie-misji-nid-w-opolu","status":"publish","type":"post","link":"https:\/\/nid.pl\/en\/2022\/06\/24\/otwarcie-wystawy-przyszlym-pokoleniom-oraz-briefing-prasowy-podsumowujacy-60-lecie-misji-nid-w-opolu\/","title":{"rendered":"Otwarcie wystawy \u201cPrzysz\u0142ym pokoleniom\u201d oraz briefing prasowy podsumowuj\u0105cy 60-lecie misji NID w Opolu"},"content":{"rendered":"<p><strong>22 czerwca przy ul. Krakowskiej w Opolu odby\u0142o si\u0119 uroczyste otwarcie wystawy plenerowej \u201cPrzysz\u0142ym pokoleniom. 60 lat misji Narodowego Instytutu Dziedzictwa\u201d, organizowanej pod Honorowym Patronatem Prezydenta RP Andrzeja Dudy. Opolskim obchodom towarzyszy\u0142 briefing mediowy w czasie kt\u00f3rego Dyrektor NID dr hab. Katarzyna Zalasi\u0144ska podsumowa\u0142a 60 lat pracy Instytutu.<br>Wystawa w Opolu to czwarta z cyklu 15 planowanych wystaw plenerowych, odbywaj\u0105cych si\u0119 na terenie ca\u0142ego kraju.<\/strong><\/p>\n\n\n\n<p>Jubileusz 60-lecia Narodowego Instytutu Dziedzictwa to czas nie tylko \u015bwi\u0119towania i podsumowania dotychczasowych osi\u0105gni\u0119\u0107, ale tak\u017ce doskona\u0142a okazja do przedstawienia szerszej publiczno\u015bci dokona\u0144 Pracowni i O\u015brodk\u00f3w Terenowych dzia\u0142aj\u0105cych na terenie 15 miast w Polsce. Zaplanowane wystawy plenerowe zosta\u0142y po\u0142\u0105czone z prezentacj\u0105 zabytk\u00f3w, kultury niematerialnej oraz siedzib oddzia\u0142\u00f3w NID. Otwarciu wystawy <em>\u201cPrzysz\u0142ym Pokoleniom. 60 lat misji Narodowego Instytutu Dziedzictwa\u201d<\/em> w Opolu, kt\u00f3ra odby\u0142a si\u0119 przy Gmachu Filharmonii Opolskiej towarzyszy\u0142o spotkanie z przedstawicielami medi\u00f3w. Briefing prasowy otworzy\u0142o przem\u00f3wienie dr hab. Katarzyny Zalasi\u0144skiej &#8211; Dyrektor Narodowego Instytutu Dziedzictwa, kt\u00f3ra podkre\u015bli\u0142a:<\/p>\n\n\n\n<p>&#8211;<em> Jeste\u015bmy niezwykle dumni, otwieraj\u0105c czwart\u0105 ju\u017c wystaw\u0119 plenerow\u0105 \u201cPrzysz\u0142ym Pokoleniom. 60 lat misji Narodowego Instytutu Dziedzictwa\u201d w\u0142a\u015bnie tu, w Opolu. Wojew\u00f3dztwo opolskie, to teren bogaty w zabytki, a jeszcze bardziej obfity w tradycje i zwyczaje stanowi\u0105ce tak wa\u017cne dziedzictwo niematerialne Polski. Tylko z tego terenu na Krajow\u0105 List\u0119 Zabytk\u00f3w wpisanych zosta\u0142o ju\u017c dziewi\u0119\u0107 zwyczaj\u00f3w, a wkr\u00f3tce pojawi\u0105 si\u0119 na niej kolejne. W\u015br\u00f3d ju\u017c obecnych tradycji z teren\u00f3w wojew\u00f3dztwa opolskiego, na szczeg\u00f3ln\u0105 uwag\u0119 zas\u0142uguj\u0105 pi\u0119kne pisanki, tradycje zwi\u0105zane z obchodami \u015awi\u0105t Bo\u017cego Narodzenia, a tak\u017ce wpisane na Reprezentatywn\u0105 list\u0119 niematerialnego dziedzictwa kulturowego ludzko\u015bci, prowadzon\u0105 przez UNESCO obrz\u0119dy uk\u0142adania kwietnych dywan\u00f3w m.in. w Kluczu, Olszowej, Zalesiu \u015al\u0105skim i Zimnej W\u00f3dce. Dlatego tym bardziej mi\u0142o nam go\u015bci\u0107 Pa\u0144stwa w rejonie tak obfituj\u0105cym w tradycje i zabytki, jakim jest Opole i jego okolice<\/em>.<\/p>\n\n\n\n<p>W czasie wydarzenia, uczestnicy mieli r\u00f3wnie\u017c mo\u017cliwo\u015b\u0107 wys\u0142uchania przem\u00f3wie\u0144: Doroty Koncewicz &#8211; Burmistrz Niemodlina, Joanny Kardasi\u0144skiej &#8211; Prezes Fundacji na Rzecz Zamku Niemodlin 1313, Iwony Solisz &#8211; Dyrektor Muzeum \u015al\u0105ska Opolskiego i Prezes Stowarzyszenia Konserwator\u00f3w Zabytk\u00f3w (Oddzia\u0142 w Opolu) oraz Janusza Wojczyszyna &#8211; Sekretarza Gminy Olesno.<\/p>\n\n\n\n<p><\/p>\n\n\n\n<p>Oddzia\u0142 Terenowy NID w Opolu, okre\u015blany r\u00f3wnie\u017c jako \u201cOpolski NID\u201d powsta\u0142 w 2006 roku jako Regionalny O\u015brodek Bada\u0144 i Dokumentacji Zabytk\u00f3w. W 2011 roku po restrukturyzacji zosta\u0142 przekszta\u0142cony na Oddzia\u0142 Terenowy Narodowego Instytutu Dziedzictwa. G\u0142\u00f3wn\u0105 misj\u0105 O\u015brodka s\u0105 dzia\u0142ania promuj\u0105ce i dokumentuj\u0105ce dziedzictwo materialne i niematerialne wojew\u00f3dztwa opolskiego. Pracownicy opolskiego O\u015brodka k\u0142ad\u0105 r\u00f3wnie\u017c du\u017cy nacisk na realizacj\u0119 dzia\u0142a\u0144 edukacyjnych jak np. Europejskich Dni Dziedzictwa. S\u0105 r\u00f3wnie\u017c inicjatorami og\u00f3lnopolskiej Gali Europejskich Dni Dziedzictwa w Warszawie, stanowi\u0105cych form\u0119 podzi\u0119kowania dla zaanga\u017cowanych w organizacj\u0119 tego spo\u0142eczno-edukacyjnego projektu.<\/p>\n\n\n\n<p>Wystaw\u0119<strong> \u201cPrzysz\u0142ym pokoleniom. 60 lat misji Narodowego Instytutu Dziedzictwa\u201d<\/strong> w Opolu mo\u017cna ogl\u0105da\u0107 codziennie do 7 lipca 2022 roku.<\/p>\n\n\n\n<p>Obchody otwarcia wystawy \u201ePrzysz\u0142ym pokoleniom. 60 lat misji Narodowego Instytutu Dziedzictwa\u201d dofinansowane zosta\u0142y ze \u015brodk\u00f3w Ministerstwa Kultury i Dziedzictwa Narodowego.<\/p>\n\n\n\n<figure class=\"wp-block-image size-large\"><img loading=\"lazy\" decoding=\"async\" width=\"1024\" height=\"683\" src=\"https:\/\/nid.pl\/wp-content\/uploads\/2022\/06\/60-lat-Opole-1-1024x683.jpg\" alt=\"\" class=\"wp-image-7212\" srcset=\"https:\/\/nid.pl\/wp-content\/uploads\/2022\/06\/60-lat-Opole-1-980x653.jpg 980w, https:\/\/nid.pl\/wp-content\/uploads\/2022\/06\/60-lat-Opole-1-480x320.jpg 480w\" sizes=\"(min-width: 0px) and (max-width: 480px) 480px, (min-width: 481px) and (max-width: 980px) 980px, (min-width: 981px) 1024px, 100vw\" \/><\/figure>\n\n\n\n<div class=\"wp-block-image\"><figure class=\"aligncenter size-large\"><img loading=\"lazy\" decoding=\"async\" width=\"1024\" height=\"683\" src=\"https:\/\/nid.pl\/wp-content\/uploads\/2022\/06\/60-lat-Opole-3-1024x683.jpg\" alt=\"\" class=\"wp-image-7214\" srcset=\"https:\/\/nid.pl\/wp-content\/uploads\/2022\/06\/60-lat-Opole-3-980x653.jpg 980w, https:\/\/nid.pl\/wp-content\/uploads\/2022\/06\/60-lat-Opole-3-480x320.jpg 480w\" sizes=\"(min-width: 0px) and (max-width: 480px) 480px, (min-width: 481px) and (max-width: 980px) 980px, (min-width: 981px) 1024px, 100vw\" \/><\/figure><\/div>\n\n\n\n<div class=\"wp-block-image\"><figure class=\"aligncenter size-large\"><img loading=\"lazy\" decoding=\"async\" width=\"1024\" height=\"683\" src=\"https:\/\/nid.pl\/wp-content\/uploads\/2022\/06\/60-lat-Opole-2-1024x683.jpg\" alt=\"\" class=\"wp-image-7213\" srcset=\"https:\/\/nid.pl\/wp-content\/uploads\/2022\/06\/60-lat-Opole-2-980x653.jpg 980w, https:\/\/nid.pl\/wp-content\/uploads\/2022\/06\/60-lat-Opole-2-480x320.jpg 480w\" sizes=\"(min-width: 0px) and (max-width: 480px) 480px, (min-width: 481px) and (max-width: 980px) 980px, (min-width: 981px) 1024px, 100vw\" \/><\/figure><\/div>\n\n\n\n<figure class=\"wp-block-image size-large\"><img loading=\"lazy\" decoding=\"async\" width=\"1024\" height=\"683\" src=\"https:\/\/nid.pl\/wp-content\/uploads\/2022\/06\/60-lat-Opole-4-1024x683.jpg\" alt=\"\" class=\"wp-image-7215\" srcset=\"https:\/\/nid.pl\/wp-content\/uploads\/2022\/06\/60-lat-Opole-4-980x653.jpg 980w, https:\/\/nid.pl\/wp-content\/uploads\/2022\/06\/60-lat-Opole-4-480x320.jpg 480w\" sizes=\"(min-width: 0px) and (max-width: 480px) 480px, (min-width: 481px) and (max-width: 980px) 980px, (min-width: 981px) 1024px, 100vw\" \/><\/figure>","protected":false},"excerpt":{"rendered":"<p>22 czerwca przy ul. Krakowskiej w Opolu odby\u0142o si\u0119 uroczyste otwarcie wystawy plenerowej \u201cPrzysz\u0142ym pokoleniom. 60 lat misji Narodowego Instytutu Dziedzictwa\u201d, organizowanej pod Honorowym Patronatem Prezydenta RP Andrzeja Dudy. Opolskim [&hellip;]<\/p>","protected":false},"author":7,"featured_media":7217,"comment_status":"open","ping_status":"open","sticky":false,"template":"","format":"standard","meta":{"_et_pb_use_builder":"off","_et_pb_old_content":"","_et_gb_content_width":"","_monsterinsights_skip_tracking":false,"_monsterinsights_sitenote_active":false,"_monsterinsights_sitenote_note":"","_monsterinsights_sitenote_category":0,"footnotes":""},"categories":[3],"tags":[],"class_list":["post-7218","post","type-post","status-publish","format-standard","has-post-thumbnail","hentry","category-aktualnosci"],"yoast_head":"<!-- This site is optimized with the Yoast SEO plugin v26.5 - https:\/\/yoast.com\/wordpress\/plugins\/seo\/ -->\n<title>Otwarcie wystawy \u201cPrzysz\u0142ym pokoleniom\u201d oraz briefing prasowy podsumowuj\u0105cy 60-lecie misji NID w Opolu - NID<\/title>\n<meta name=\"robots\" content=\"index, follow, max-snippet:-1, max-image-preview:large, max-video-preview:-1\" \/>\n<link rel=\"canonical\" href=\"https:\/\/nid.pl\/en\/2022\/06\/24\/otwarcie-wystawy-przyszlym-pokoleniom-oraz-briefing-prasowy-podsumowujacy-60-lecie-misji-nid-w-opolu\/\" \/>\n<meta property=\"og:locale\" content=\"en_GB\" \/>\n<meta property=\"og:type\" content=\"article\" \/>\n<meta property=\"og:title\" content=\"Otwarcie wystawy \u201cPrzysz\u0142ym pokoleniom\u201d oraz briefing prasowy podsumowuj\u0105cy 60-lecie misji NID w Opolu - NID\" \/>\n<meta property=\"og:description\" content=\"22 czerwca przy ul. Krakowskiej w Opolu odby\u0142o si\u0119 uroczyste otwarcie wystawy plenerowej \u201cPrzysz\u0142ym pokoleniom. 60 lat misji Narodowego Instytutu Dziedzictwa\u201d, organizowanej pod Honorowym Patronatem Prezydenta RP Andrzeja Dudy. Opolskim [&hellip;]\" \/>\n<meta property=\"og:url\" content=\"https:\/\/nid.pl\/en\/2022\/06\/24\/otwarcie-wystawy-przyszlym-pokoleniom-oraz-briefing-prasowy-podsumowujacy-60-lecie-misji-nid-w-opolu\/\" \/>\n<meta property=\"og:site_name\" content=\"NID\" \/>\n<meta property=\"article:publisher\" content=\"https:\/\/www.facebook.com\/zabytek\" \/>\n<meta property=\"article:published_time\" content=\"2022-06-24T14:08:50+00:00\" \/>\n<meta property=\"article:modified_time\" content=\"2022-08-11T07:31:15+00:00\" \/>\n<meta property=\"og:image\" content=\"https:\/\/nid.pl\/wp-content\/uploads\/2022\/06\/60-lat-Opole-1_aktualnosci.jpg\" \/>\n\t<meta property=\"og:image:width\" content=\"440\" \/>\n\t<meta property=\"og:image:height\" content=\"294\" \/>\n\t<meta property=\"og:image:type\" content=\"image\/jpeg\" \/>\n<meta name=\"author\" content=\"Barbara Halliop\" \/>\n<meta name=\"twitter:card\" content=\"summary_large_image\" \/>\n<meta name=\"twitter:creator\" content=\"@NarIDpl\" \/>\n<meta name=\"twitter:site\" content=\"@NarIDpl\" \/>\n<meta name=\"twitter:label1\" content=\"Written by\" \/>\n\t<meta name=\"twitter:data1\" content=\"Barbara Halliop\" \/>\n\t<meta name=\"twitter:label2\" content=\"Estimated reading time\" \/>\n\t<meta name=\"twitter:data2\" content=\"3 minutes\" \/>\n<script type=\"application\/ld+json\" class=\"yoast-schema-graph\">{\"@context\":\"https:\/\/schema.org\",\"@graph\":[{\"@type\":\"Article\",\"@id\":\"https:\/\/nid.pl\/2022\/06\/24\/otwarcie-wystawy-przyszlym-pokoleniom-oraz-briefing-prasowy-podsumowujacy-60-lecie-misji-nid-w-opolu\/#article\",\"isPartOf\":{\"@id\":\"https:\/\/nid.pl\/2022\/06\/24\/otwarcie-wystawy-przyszlym-pokoleniom-oraz-briefing-prasowy-podsumowujacy-60-lecie-misji-nid-w-opolu\/\"},\"author\":{\"name\":\"Barbara Halliop\",\"@id\":\"https:\/\/nid.pl\/#\/schema\/person\/1b690a8998a5111cfb9f0ffe24195a15\"},\"headline\":\"Otwarcie wystawy \u201cPrzysz\u0142ym pokoleniom\u201d oraz briefing prasowy podsumowuj\u0105cy 60-lecie misji NID w Opolu\",\"datePublished\":\"2022-06-24T14:08:50+00:00\",\"dateModified\":\"2022-08-11T07:31:15+00:00\",\"mainEntityOfPage\":{\"@id\":\"https:\/\/nid.pl\/2022\/06\/24\/otwarcie-wystawy-przyszlym-pokoleniom-oraz-briefing-prasowy-podsumowujacy-60-lecie-misji-nid-w-opolu\/\"},\"wordCount\":553,\"commentCount\":0,\"publisher\":{\"@id\":\"https:\/\/nid.pl\/#organization\"},\"image\":{\"@id\":\"https:\/\/nid.pl\/2022\/06\/24\/otwarcie-wystawy-przyszlym-pokoleniom-oraz-briefing-prasowy-podsumowujacy-60-lecie-misji-nid-w-opolu\/#primaryimage\"},\"thumbnailUrl\":\"https:\/\/nid.pl\/wp-content\/uploads\/2022\/06\/60-lat-Opole-1_aktualnosci.jpg\",\"articleSection\":[\"Aktualno\u015bci\"],\"inLanguage\":\"en-GB\"},{\"@type\":\"WebPage\",\"@id\":\"https:\/\/nid.pl\/2022\/06\/24\/otwarcie-wystawy-przyszlym-pokoleniom-oraz-briefing-prasowy-podsumowujacy-60-lecie-misji-nid-w-opolu\/\",\"url\":\"https:\/\/nid.pl\/2022\/06\/24\/otwarcie-wystawy-przyszlym-pokoleniom-oraz-briefing-prasowy-podsumowujacy-60-lecie-misji-nid-w-opolu\/\",\"name\":\"Otwarcie wystawy \u201cPrzysz\u0142ym pokoleniom\u201d oraz briefing prasowy podsumowuj\u0105cy 60-lecie misji NID w Opolu - NID\",\"isPartOf\":{\"@id\":\"https:\/\/nid.pl\/#website\"},\"primaryImageOfPage\":{\"@id\":\"https:\/\/nid.pl\/2022\/06\/24\/otwarcie-wystawy-przyszlym-pokoleniom-oraz-briefing-prasowy-podsumowujacy-60-lecie-misji-nid-w-opolu\/#primaryimage\"},\"image\":{\"@id\":\"https:\/\/nid.pl\/2022\/06\/24\/otwarcie-wystawy-przyszlym-pokoleniom-oraz-briefing-prasowy-podsumowujacy-60-lecie-misji-nid-w-opolu\/#primaryimage\"},\"thumbnailUrl\":\"https:\/\/nid.pl\/wp-content\/uploads\/2022\/06\/60-lat-Opole-1_aktualnosci.jpg\",\"datePublished\":\"2022-06-24T14:08:50+00:00\",\"dateModified\":\"2022-08-11T07:31:15+00:00\",\"breadcrumb\":{\"@id\":\"https:\/\/nid.pl\/2022\/06\/24\/otwarcie-wystawy-przyszlym-pokoleniom-oraz-briefing-prasowy-podsumowujacy-60-lecie-misji-nid-w-opolu\/#breadcrumb\"},\"inLanguage\":\"en-GB\",\"potentialAction\":[{\"@type\":\"ReadAction\",\"target\":[\"https:\/\/nid.pl\/2022\/06\/24\/otwarcie-wystawy-przyszlym-pokoleniom-oraz-briefing-prasowy-podsumowujacy-60-lecie-misji-nid-w-opolu\/\"]}]},{\"@type\":\"ImageObject\",\"inLanguage\":\"en-GB\",\"@id\":\"https:\/\/nid.pl\/2022\/06\/24\/otwarcie-wystawy-przyszlym-pokoleniom-oraz-briefing-prasowy-podsumowujacy-60-lecie-misji-nid-w-opolu\/#primaryimage\",\"url\":\"https:\/\/nid.pl\/wp-content\/uploads\/2022\/06\/60-lat-Opole-1_aktualnosci.jpg\",\"contentUrl\":\"https:\/\/nid.pl\/wp-content\/uploads\/2022\/06\/60-lat-Opole-1_aktualnosci.jpg\",\"width\":440,\"height\":294,\"caption\":\"lat Opole aktualnosci\"},{\"@type\":\"BreadcrumbList\",\"@id\":\"https:\/\/nid.pl\/2022\/06\/24\/otwarcie-wystawy-przyszlym-pokoleniom-oraz-briefing-prasowy-podsumowujacy-60-lecie-misji-nid-w-opolu\/#breadcrumb\",\"itemListElement\":[{\"@type\":\"ListItem\",\"position\":1,\"name\":\"Home\",\"item\":\"https:\/\/nid.pl\/\"},{\"@type\":\"ListItem\",\"position\":2,\"name\":\"Otwarcie wystawy \u201cPrzysz\u0142ym pokoleniom\u201d oraz briefing prasowy podsumowuj\u0105cy 60-lecie misji NID w Opolu\"}]},{\"@type\":\"WebSite\",\"@id\":\"https:\/\/nid.pl\/#website\",\"url\":\"https:\/\/nid.pl\/\",\"name\":\"NID\",\"description\":\"Narodowy Instytut Dziedzictwa\",\"publisher\":{\"@id\":\"https:\/\/nid.pl\/#organization\"},\"potentialAction\":[{\"@type\":\"SearchAction\",\"target\":{\"@type\":\"EntryPoint\",\"urlTemplate\":\"https:\/\/nid.pl\/?s={search_term_string}\"},\"query-input\":{\"@type\":\"PropertyValueSpecification\",\"valueRequired\":true,\"valueName\":\"search_term_string\"}}],\"inLanguage\":\"en-GB\"},{\"@type\":\"Organization\",\"@id\":\"https:\/\/nid.pl\/#organization\",\"name\":\"Narodowy Instytut Dziedzictwa\",\"url\":\"https:\/\/nid.pl\/\",\"logo\":{\"@type\":\"ImageObject\",\"inLanguage\":\"en-GB\",\"@id\":\"https:\/\/nid.pl\/#\/schema\/logo\/image\/\",\"url\":\"https:\/\/nid.pl\/wp-content\/uploads\/2022\/10\/logoRedDark.png\",\"contentUrl\":\"https:\/\/nid.pl\/wp-content\/uploads\/2022\/10\/logoRedDark.png\",\"width\":200,\"height\":197,\"caption\":\"Narodowy Instytut Dziedzictwa\"},\"image\":{\"@id\":\"https:\/\/nid.pl\/#\/schema\/logo\/image\/\"},\"sameAs\":[\"https:\/\/www.facebook.com\/zabytek\",\"https:\/\/x.com\/NarIDpl\",\"https:\/\/www.instagram.com\/nid.pl\/?hl=pl\",\"https:\/\/www.linkedin.com\/company\/narodowy-instytut-dziedzictwa\",\"https:\/\/www.youtube.com\/channel\/UCQXuhKa2uHtmNvLRUSx40JA\"]},{\"@type\":\"Person\",\"@id\":\"https:\/\/nid.pl\/#\/schema\/person\/1b690a8998a5111cfb9f0ffe24195a15\",\"name\":\"Barbara Halliop\",\"image\":{\"@type\":\"ImageObject\",\"inLanguage\":\"en-GB\",\"@id\":\"https:\/\/nid.pl\/#\/schema\/person\/image\/\",\"url\":\"https:\/\/nid.pl\/wp-content\/litespeed\/avatar\/924046d17dd0c842c9fa9ccf489bc6dc.jpg?ver=1777444967\",\"contentUrl\":\"https:\/\/nid.pl\/wp-content\/litespeed\/avatar\/924046d17dd0c842c9fa9ccf489bc6dc.jpg?ver=1777444967\",\"caption\":\"Barbara Halliop\"},\"url\":\"https:\/\/nid.pl\/en\/author\/bhalliop\/\"}]}<\/script>\n<!-- \/ Yoast SEO plugin. -->","yoast_head_json":{"title":"Otwarcie wystawy \u201cPrzysz\u0142ym pokoleniom\u201d oraz briefing prasowy podsumowuj\u0105cy 60-lecie misji NID w Opolu - NID","robots":{"index":"index","follow":"follow","max-snippet":"max-snippet:-1","max-image-preview":"max-image-preview:large","max-video-preview":"max-video-preview:-1"},"canonical":"https:\/\/nid.pl\/en\/2022\/06\/24\/otwarcie-wystawy-przyszlym-pokoleniom-oraz-briefing-prasowy-podsumowujacy-60-lecie-misji-nid-w-opolu\/","og_locale":"en_GB","og_type":"article","og_title":"Otwarcie wystawy \u201cPrzysz\u0142ym pokoleniom\u201d oraz briefing prasowy podsumowuj\u0105cy 60-lecie misji NID w Opolu - NID","og_description":"22 czerwca przy ul. Krakowskiej w Opolu odby\u0142o si\u0119 uroczyste otwarcie wystawy plenerowej \u201cPrzysz\u0142ym pokoleniom. 60 lat misji Narodowego Instytutu Dziedzictwa\u201d, organizowanej pod Honorowym Patronatem Prezydenta RP Andrzeja Dudy. Opolskim [&hellip;]","og_url":"https:\/\/nid.pl\/en\/2022\/06\/24\/otwarcie-wystawy-przyszlym-pokoleniom-oraz-briefing-prasowy-podsumowujacy-60-lecie-misji-nid-w-opolu\/","og_site_name":"NID","article_publisher":"https:\/\/www.facebook.com\/zabytek","article_published_time":"2022-06-24T14:08:50+00:00","article_modified_time":"2022-08-11T07:31:15+00:00","og_image":[{"width":440,"height":294,"url":"https:\/\/nid.pl\/wp-content\/uploads\/2022\/06\/60-lat-Opole-1_aktualnosci.jpg","type":"image\/jpeg"}],"author":"Barbara Halliop","twitter_card":"summary_large_image","twitter_creator":"@NarIDpl","twitter_site":"@NarIDpl","twitter_misc":{"Written by":"Barbara Halliop","Estimated reading time":"3 minutes"},"schema":{"@context":"https:\/\/schema.org","@graph":[{"@type":"Article","@id":"https:\/\/nid.pl\/2022\/06\/24\/otwarcie-wystawy-przyszlym-pokoleniom-oraz-briefing-prasowy-podsumowujacy-60-lecie-misji-nid-w-opolu\/#article","isPartOf":{"@id":"https:\/\/nid.pl\/2022\/06\/24\/otwarcie-wystawy-przyszlym-pokoleniom-oraz-briefing-prasowy-podsumowujacy-60-lecie-misji-nid-w-opolu\/"},"author":{"name":"Barbara Halliop","@id":"https:\/\/nid.pl\/#\/schema\/person\/1b690a8998a5111cfb9f0ffe24195a15"},"headline":"Otwarcie wystawy \u201cPrzysz\u0142ym pokoleniom\u201d oraz briefing prasowy podsumowuj\u0105cy 60-lecie misji NID w Opolu","datePublished":"2022-06-24T14:08:50+00:00","dateModified":"2022-08-11T07:31:15+00:00","mainEntityOfPage":{"@id":"https:\/\/nid.pl\/2022\/06\/24\/otwarcie-wystawy-przyszlym-pokoleniom-oraz-briefing-prasowy-podsumowujacy-60-lecie-misji-nid-w-opolu\/"},"wordCount":553,"commentCount":0,"publisher":{"@id":"https:\/\/nid.pl\/#organization"},"image":{"@id":"https:\/\/nid.pl\/2022\/06\/24\/otwarcie-wystawy-przyszlym-pokoleniom-oraz-briefing-prasowy-podsumowujacy-60-lecie-misji-nid-w-opolu\/#primaryimage"},"thumbnailUrl":"https:\/\/nid.pl\/wp-content\/uploads\/2022\/06\/60-lat-Opole-1_aktualnosci.jpg","articleSection":["Aktualno\u015bci"],"inLanguage":"en-GB"},{"@type":"WebPage","@id":"https:\/\/nid.pl\/2022\/06\/24\/otwarcie-wystawy-przyszlym-pokoleniom-oraz-briefing-prasowy-podsumowujacy-60-lecie-misji-nid-w-opolu\/","url":"https:\/\/nid.pl\/2022\/06\/24\/otwarcie-wystawy-przyszlym-pokoleniom-oraz-briefing-prasowy-podsumowujacy-60-lecie-misji-nid-w-opolu\/","name":"Otwarcie wystawy \u201cPrzysz\u0142ym pokoleniom\u201d oraz briefing prasowy podsumowuj\u0105cy 60-lecie misji NID w Opolu - NID","isPartOf":{"@id":"https:\/\/nid.pl\/#website"},"primaryImageOfPage":{"@id":"https:\/\/nid.pl\/2022\/06\/24\/otwarcie-wystawy-przyszlym-pokoleniom-oraz-briefing-prasowy-podsumowujacy-60-lecie-misji-nid-w-opolu\/#primaryimage"},"image":{"@id":"https:\/\/nid.pl\/2022\/06\/24\/otwarcie-wystawy-przyszlym-pokoleniom-oraz-briefing-prasowy-podsumowujacy-60-lecie-misji-nid-w-opolu\/#primaryimage"},"thumbnailUrl":"https:\/\/nid.pl\/wp-content\/uploads\/2022\/06\/60-lat-Opole-1_aktualnosci.jpg","datePublished":"2022-06-24T14:08:50+00:00","dateModified":"2022-08-11T07:31:15+00:00","breadcrumb":{"@id":"https:\/\/nid.pl\/2022\/06\/24\/otwarcie-wystawy-przyszlym-pokoleniom-oraz-briefing-prasowy-podsumowujacy-60-lecie-misji-nid-w-opolu\/#breadcrumb"},"inLanguage":"en-GB","potentialAction":[{"@type":"ReadAction","target":["https:\/\/nid.pl\/2022\/06\/24\/otwarcie-wystawy-przyszlym-pokoleniom-oraz-briefing-prasowy-podsumowujacy-60-lecie-misji-nid-w-opolu\/"]}]},{"@type":"ImageObject","inLanguage":"en-GB","@id":"https:\/\/nid.pl\/2022\/06\/24\/otwarcie-wystawy-przyszlym-pokoleniom-oraz-briefing-prasowy-podsumowujacy-60-lecie-misji-nid-w-opolu\/#primaryimage","url":"https:\/\/nid.pl\/wp-content\/uploads\/2022\/06\/60-lat-Opole-1_aktualnosci.jpg","contentUrl":"https:\/\/nid.pl\/wp-content\/uploads\/2022\/06\/60-lat-Opole-1_aktualnosci.jpg","width":440,"height":294,"caption":"lat Opole aktualnosci"},{"@type":"BreadcrumbList","@id":"https:\/\/nid.pl\/2022\/06\/24\/otwarcie-wystawy-przyszlym-pokoleniom-oraz-briefing-prasowy-podsumowujacy-60-lecie-misji-nid-w-opolu\/#breadcrumb","itemListElement":[{"@type":"ListItem","position":1,"name":"Home","item":"https:\/\/nid.pl\/"},{"@type":"ListItem","position":2,"name":"Otwarcie wystawy \u201cPrzysz\u0142ym pokoleniom\u201d oraz briefing prasowy podsumowuj\u0105cy 60-lecie misji NID w Opolu"}]},{"@type":"WebSite","@id":"https:\/\/nid.pl\/#website","url":"https:\/\/nid.pl\/","name":"NID","description":"Narodowy Instytut Dziedzictwa","publisher":{"@id":"https:\/\/nid.pl\/#organization"},"potentialAction":[{"@type":"SearchAction","target":{"@type":"EntryPoint","urlTemplate":"https:\/\/nid.pl\/?s={search_term_string}"},"query-input":{"@type":"PropertyValueSpecification","valueRequired":true,"valueName":"search_term_string"}}],"inLanguage":"en-GB"},{"@type":"Organization","@id":"https:\/\/nid.pl\/#organization","name":"Narodowy Instytut Dziedzictwa","url":"https:\/\/nid.pl\/","logo":{"@type":"ImageObject","inLanguage":"en-GB","@id":"https:\/\/nid.pl\/#\/schema\/logo\/image\/","url":"https:\/\/nid.pl\/wp-content\/uploads\/2022\/10\/logoRedDark.png","contentUrl":"https:\/\/nid.pl\/wp-content\/uploads\/2022\/10\/logoRedDark.png","width":200,"height":197,"caption":"Narodowy Instytut Dziedzictwa"},"image":{"@id":"https:\/\/nid.pl\/#\/schema\/logo\/image\/"},"sameAs":["https:\/\/www.facebook.com\/zabytek","https:\/\/x.com\/NarIDpl","https:\/\/www.instagram.com\/nid.pl\/?hl=pl","https:\/\/www.linkedin.com\/company\/narodowy-instytut-dziedzictwa","https:\/\/www.youtube.com\/channel\/UCQXuhKa2uHtmNvLRUSx40JA"]},{"@type":"Person","@id":"https:\/\/nid.pl\/#\/schema\/person\/1b690a8998a5111cfb9f0ffe24195a15","name":"Barbara Halliop","image":{"@type":"ImageObject","inLanguage":"en-GB","@id":"https:\/\/nid.pl\/#\/schema\/person\/image\/","url":"https:\/\/nid.pl\/wp-content\/litespeed\/avatar\/924046d17dd0c842c9fa9ccf489bc6dc.jpg?ver=1777444967","contentUrl":"https:\/\/nid.pl\/wp-content\/litespeed\/avatar\/924046d17dd0c842c9fa9ccf489bc6dc.jpg?ver=1777444967","caption":"Barbara Halliop"},"url":"https:\/\/nid.pl\/en\/author\/bhalliop\/"}]}},"_links":{"self":[{"href":"https:\/\/nid.pl\/en\/wp-json\/wp\/v2\/posts\/7218","targetHints":{"allow":["GET"]}}],"collection":[{"href":"https:\/\/nid.pl\/en\/wp-json\/wp\/v2\/posts"}],"about":[{"href":"https:\/\/nid.pl\/en\/wp-json\/wp\/v2\/types\/post"}],"author":[{"embeddable":true,"href":"https:\/\/nid.pl\/en\/wp-json\/wp\/v2\/users\/7"}],"replies":[{"embeddable":true,"href":"https:\/\/nid.pl\/en\/wp-json\/wp\/v2\/comments?post=7218"}],"version-history":[{"count":0,"href":"https:\/\/nid.pl\/en\/wp-json\/wp\/v2\/posts\/7218\/revisions"}],"wp:featuredmedia":[{"embeddable":true,"href":"https:\/\/nid.pl\/en\/wp-json\/wp\/v2\/media\/7217"}],"wp:attachment":[{"href":"https:\/\/nid.pl\/en\/wp-json\/wp\/v2\/media?parent=7218"}],"wp:term":[{"taxonomy":"category","embeddable":true,"href":"https:\/\/nid.pl\/en\/wp-json\/wp\/v2\/categories?post=7218"},{"taxonomy":"post_tag","embeddable":true,"href":"https:\/\/nid.pl\/en\/wp-json\/wp\/v2\/tags?post=7218"}],"curies":[{"name":"wp","href":"https:\/\/api.w.org\/{rel}","templated":true}]}}