{"id":7207,"date":"2022-06-24T09:54:38","date_gmt":"2022-06-24T07:54:38","guid":{"rendered":"https:\/\/nid.pl\/?p=7207"},"modified":"2022-06-24T09:54:42","modified_gmt":"2022-06-24T07:54:42","slug":"zespol-fortyfikacji-obszaru-warownego-slask-dalsze-perspektywy-ochrony-opieki-i-zarzadzania-zabytkami-militarnymi-z-1-pol-xx-w","status":"publish","type":"post","link":"https:\/\/nid.pl\/en\/2022\/06\/24\/zespol-fortyfikacji-obszaru-warownego-slask-dalsze-perspektywy-ochrony-opieki-i-zarzadzania-zabytkami-militarnymi-z-1-pol-xx-w\/","title":{"rendered":"\u201eZesp\u00f3\u0142 fortyfikacji Obszaru Warownego &#8220;\u015al\u0105sk&#8221;. Dalsze perspektywy ochrony, opieki i zarz\u0105dzania zabytkami militarnymi z 1 po\u0142. XX w.\u201d"},"content":{"rendered":"<p><strong>W ramach regionalnych obchod\u00f3w Jubileuszu 60-lecia dzia\u0142alno\u015bci Narodowego Instytutu Dziedzictwa, Pracownia Terenowa NID w Katowicach organizuje sesj\u0119 konserwatorsk\u0105 pn. \u201eZesp\u00f3\u0142 fortyfikacji Obszaru Warownego \u201e\u015al\u0105sk\u201d \u2013 dalsze perspektywy ochrony, opieki i zarz\u0105dzania zabytkami militarnymi z 1 po\u0142. XX w.\u201d, kt\u00f3ra odb\u0119dzie w dniu 29 czerwca 2022 r. w Miejskiej Bibliotece Publicznej \u2013 Stacji Biblioteka w Rudzie \u015al\u0105skiej.<\/strong><\/p>\n\n\n\n<p>Tematyka sesji wi\u0105\u017ce si\u0119 z aktualn\u0105, wa\u017cn\u0105 szczeg\u00f3lnie w ostatnich latach problematyk\u0105 waloryzacji i ochrony zabytkowych fortyfikacji z XX w., jak r\u00f3wnie\u017c z do\u015bwiadczeniami zebranymi przez zesp\u00f3\u0142 Pracowni Terenowej w Katowicach w toku prac nad opracowaniem po\u015bwi\u0119conym ocenie warto\u015bci zabytkowych i stanu zachowania umocnie\u0144 Obszaru Warownego \u201e\u015al\u0105sk\u201d (OW\u015a). Zesp\u00f3\u0142 fortyfikacji OW\u015a, b\u0119d\u0105cy jednym z najwa\u017cniejszych na terenie kraju przyk\u0142ad\u00f3w system\u00f3w polskich umocnie\u0144 obronnych z 1 po\u0142. XX w., pomimo cz\u0119\u015bciowego obj\u0119cia ochron\u0105 prawn\u0105 i opiek\u0105, jest symptomatycznym przyk\u0142adem zabytku, kt\u00f3rego warto\u015bci zabytkowe i potencja\u0142 nie s\u0105 jeszcze powszechnie zrozumia\u0142e, zar\u00f3wno w \u015bwiadomo\u015bci w\u0142adz samorz\u0105dowych, jak i og\u00f3\u0142u spo\u0142ecze\u0144stwa.<\/p>\n\n\n\n<p>Sesja w za\u0142o\u017ceniu stanowi\u0107 ma okazj\u0119 do szerszego zaprezentowania OW\u015a jako cennego zabytkowego zespo\u0142u fortyfikacyjnego, podsumowania dotychczasowych wysi\u0142k\u00f3w w zakresie jego ochrony, opieki i popularyzacji oraz dyskusji o dalszych niezb\u0119dnych dzia\u0142aniach na tle przygotowywanych obecnie standard\u00f3w i wytycznych GKZ w zakresie ochrony fortyfikacji oraz wybranych przyk\u0142ad\u00f3w zarz\u0105dzania za\u0142o\u017ceniami fortyfikacyjnymi na terenie kraju.<\/p>\n\n\n\n<p>W programie sesji znajd\u0105 si\u0119 wyst\u0105pienia po\u015bwi\u0119cone zar\u00f3wno zespo\u0142owi umocnieniom OW\u015a w kontek\u015bcie oceny stanu zachowania, waloryzacji, wytycznych konserwatorskich, dzia\u0142a\u0144 w zakresie ochrony prawnej, popularyzacji oraz opieki sprawowanej przez organizacje pozarz\u0105dowe i samorz\u0105d, jak i prezentacje standard\u00f3w i wytycznych GKZ w zakresie ochrony fortyfikacji z XX i XIX w. oraz dobrych praktyk w zarz\u0105dzaniu zespo\u0142ami fortyfikacyjnymi.<\/p>\n\n\n\n<p><\/p>\n\n\n\n<div class=\"wp-block-image\"><figure class=\"aligncenter size-large\"><img loading=\"lazy\" decoding=\"async\" width=\"724\" height=\"1024\" src=\"https:\/\/nid.pl\/wp-content\/uploads\/2022\/06\/SESJA_konserwatorska_Ruda-Slaska_zaproszenie_29.06.2022-724x1024.jpg\" alt=\"\" class=\"wp-image-7206\"\/><\/figure><\/div>\n\n\n\n<p><\/p>","protected":false},"excerpt":{"rendered":"<p>W ramach regionalnych obchod\u00f3w Jubileuszu 60-lecia dzia\u0142alno\u015bci Narodowego Instytutu Dziedzictwa, Pracownia Terenowa NID w Katowicach organizuje sesj\u0119 konserwatorsk\u0105 pn. \u201eZesp\u00f3\u0142 fortyfikacji Obszaru Warownego \u201e\u015al\u0105sk\u201d \u2013 dalsze perspektywy ochrony, opieki i [&hellip;]<\/p>","protected":false},"author":7,"featured_media":7208,"comment_status":"open","ping_status":"open","sticky":false,"template":"","format":"standard","meta":{"_et_pb_use_builder":"off","_et_pb_old_content":"","_et_gb_content_width":"","_monsterinsights_skip_tracking":false,"_monsterinsights_sitenote_active":false,"_monsterinsights_sitenote_note":"","_monsterinsights_sitenote_category":0,"footnotes":""},"categories":[3],"tags":[],"class_list":["post-7207","post","type-post","status-publish","format-standard","has-post-thumbnail","hentry","category-aktualnosci"],"yoast_head":"<!-- This site is optimized with the Yoast SEO plugin v26.5 - https:\/\/yoast.com\/wordpress\/plugins\/seo\/ -->\n<title>\u201eZesp\u00f3\u0142 fortyfikacji Obszaru Warownego &quot;\u015al\u0105sk&quot;. Dalsze perspektywy ochrony, opieki i zarz\u0105dzania zabytkami militarnymi z 1 po\u0142. XX w.\u201d - NID<\/title>\n<meta name=\"robots\" content=\"index, follow, max-snippet:-1, max-image-preview:large, max-video-preview:-1\" \/>\n<link rel=\"canonical\" href=\"https:\/\/nid.pl\/en\/2022\/06\/24\/zespol-fortyfikacji-obszaru-warownego-slask-dalsze-perspektywy-ochrony-opieki-i-zarzadzania-zabytkami-militarnymi-z-1-pol-xx-w\/\" \/>\n<meta property=\"og:locale\" content=\"en_GB\" \/>\n<meta property=\"og:type\" content=\"article\" \/>\n<meta property=\"og:title\" content=\"\u201eZesp\u00f3\u0142 fortyfikacji Obszaru Warownego &quot;\u015al\u0105sk&quot;. Dalsze perspektywy ochrony, opieki i zarz\u0105dzania zabytkami militarnymi z 1 po\u0142. XX w.\u201d - NID\" \/>\n<meta property=\"og:description\" content=\"W ramach regionalnych obchod\u00f3w Jubileuszu 60-lecia dzia\u0142alno\u015bci Narodowego Instytutu Dziedzictwa, Pracownia Terenowa NID w Katowicach organizuje sesj\u0119 konserwatorsk\u0105 pn. \u201eZesp\u00f3\u0142 fortyfikacji Obszaru Warownego \u201e\u015al\u0105sk\u201d \u2013 dalsze perspektywy ochrony, opieki i [&hellip;]\" \/>\n<meta property=\"og:url\" content=\"https:\/\/nid.pl\/en\/2022\/06\/24\/zespol-fortyfikacji-obszaru-warownego-slask-dalsze-perspektywy-ochrony-opieki-i-zarzadzania-zabytkami-militarnymi-z-1-pol-xx-w\/\" \/>\n<meta property=\"og:site_name\" content=\"NID\" \/>\n<meta property=\"article:publisher\" content=\"https:\/\/www.facebook.com\/zabytek\" \/>\n<meta property=\"article:published_time\" content=\"2022-06-24T07:54:38+00:00\" \/>\n<meta property=\"article:modified_time\" content=\"2022-06-24T07:54:42+00:00\" \/>\n<meta property=\"og:image\" content=\"https:\/\/nid.pl\/wp-content\/uploads\/2022\/06\/60-lat-misji-NID_poziom_aktualnosci-NID.jpg\" \/>\n\t<meta property=\"og:image:width\" content=\"440\" \/>\n\t<meta property=\"og:image:height\" content=\"294\" \/>\n\t<meta property=\"og:image:type\" content=\"image\/jpeg\" \/>\n<meta name=\"author\" content=\"Barbara Halliop\" \/>\n<meta name=\"twitter:card\" content=\"summary_large_image\" \/>\n<meta name=\"twitter:creator\" content=\"@NarIDpl\" \/>\n<meta name=\"twitter:site\" content=\"@NarIDpl\" \/>\n<meta name=\"twitter:label1\" content=\"Written by\" \/>\n\t<meta name=\"twitter:data1\" content=\"Barbara Halliop\" \/>\n\t<meta name=\"twitter:label2\" content=\"Estimated reading time\" \/>\n\t<meta name=\"twitter:data2\" content=\"2 minutes\" \/>\n<script type=\"application\/ld+json\" class=\"yoast-schema-graph\">{\"@context\":\"https:\/\/schema.org\",\"@graph\":[{\"@type\":\"Article\",\"@id\":\"https:\/\/nid.pl\/en\/2022\/06\/24\/zespol-fortyfikacji-obszaru-warownego-slask-dalsze-perspektywy-ochrony-opieki-i-zarzadzania-zabytkami-militarnymi-z-1-pol-xx-w\/#article\",\"isPartOf\":{\"@id\":\"https:\/\/nid.pl\/en\/2022\/06\/24\/zespol-fortyfikacji-obszaru-warownego-slask-dalsze-perspektywy-ochrony-opieki-i-zarzadzania-zabytkami-militarnymi-z-1-pol-xx-w\/\"},\"author\":{\"name\":\"Barbara Halliop\",\"@id\":\"https:\/\/nid.pl\/#\/schema\/person\/1b690a8998a5111cfb9f0ffe24195a15\"},\"headline\":\"\u201eZesp\u00f3\u0142 fortyfikacji Obszaru Warownego &#8220;\u015al\u0105sk&#8221;. Dalsze perspektywy ochrony, opieki i zarz\u0105dzania zabytkami militarnymi z 1 po\u0142. XX w.\u201d\",\"datePublished\":\"2022-06-24T07:54:38+00:00\",\"dateModified\":\"2022-06-24T07:54:42+00:00\",\"mainEntityOfPage\":{\"@id\":\"https:\/\/nid.pl\/en\/2022\/06\/24\/zespol-fortyfikacji-obszaru-warownego-slask-dalsze-perspektywy-ochrony-opieki-i-zarzadzania-zabytkami-militarnymi-z-1-pol-xx-w\/\"},\"wordCount\":336,\"commentCount\":0,\"publisher\":{\"@id\":\"https:\/\/nid.pl\/#organization\"},\"image\":{\"@id\":\"https:\/\/nid.pl\/en\/2022\/06\/24\/zespol-fortyfikacji-obszaru-warownego-slask-dalsze-perspektywy-ochrony-opieki-i-zarzadzania-zabytkami-militarnymi-z-1-pol-xx-w\/#primaryimage\"},\"thumbnailUrl\":\"https:\/\/nid.pl\/wp-content\/uploads\/2022\/06\/60-lat-misji-NID_poziom_aktualnosci-NID.jpg\",\"articleSection\":[\"Aktualno\u015bci\"],\"inLanguage\":\"en-GB\"},{\"@type\":\"WebPage\",\"@id\":\"https:\/\/nid.pl\/en\/2022\/06\/24\/zespol-fortyfikacji-obszaru-warownego-slask-dalsze-perspektywy-ochrony-opieki-i-zarzadzania-zabytkami-militarnymi-z-1-pol-xx-w\/\",\"url\":\"https:\/\/nid.pl\/en\/2022\/06\/24\/zespol-fortyfikacji-obszaru-warownego-slask-dalsze-perspektywy-ochrony-opieki-i-zarzadzania-zabytkami-militarnymi-z-1-pol-xx-w\/\",\"name\":\"\u201eZesp\u00f3\u0142 fortyfikacji Obszaru Warownego \\\"\u015al\u0105sk\\\". Dalsze perspektywy ochrony, opieki i zarz\u0105dzania zabytkami militarnymi z 1 po\u0142. XX w.\u201d - NID\",\"isPartOf\":{\"@id\":\"https:\/\/nid.pl\/#website\"},\"primaryImageOfPage\":{\"@id\":\"https:\/\/nid.pl\/en\/2022\/06\/24\/zespol-fortyfikacji-obszaru-warownego-slask-dalsze-perspektywy-ochrony-opieki-i-zarzadzania-zabytkami-militarnymi-z-1-pol-xx-w\/#primaryimage\"},\"image\":{\"@id\":\"https:\/\/nid.pl\/en\/2022\/06\/24\/zespol-fortyfikacji-obszaru-warownego-slask-dalsze-perspektywy-ochrony-opieki-i-zarzadzania-zabytkami-militarnymi-z-1-pol-xx-w\/#primaryimage\"},\"thumbnailUrl\":\"https:\/\/nid.pl\/wp-content\/uploads\/2022\/06\/60-lat-misji-NID_poziom_aktualnosci-NID.jpg\",\"datePublished\":\"2022-06-24T07:54:38+00:00\",\"dateModified\":\"2022-06-24T07:54:42+00:00\",\"breadcrumb\":{\"@id\":\"https:\/\/nid.pl\/en\/2022\/06\/24\/zespol-fortyfikacji-obszaru-warownego-slask-dalsze-perspektywy-ochrony-opieki-i-zarzadzania-zabytkami-militarnymi-z-1-pol-xx-w\/#breadcrumb\"},\"inLanguage\":\"en-GB\",\"potentialAction\":[{\"@type\":\"ReadAction\",\"target\":[\"https:\/\/nid.pl\/en\/2022\/06\/24\/zespol-fortyfikacji-obszaru-warownego-slask-dalsze-perspektywy-ochrony-opieki-i-zarzadzania-zabytkami-militarnymi-z-1-pol-xx-w\/\"]}]},{\"@type\":\"ImageObject\",\"inLanguage\":\"en-GB\",\"@id\":\"https:\/\/nid.pl\/en\/2022\/06\/24\/zespol-fortyfikacji-obszaru-warownego-slask-dalsze-perspektywy-ochrony-opieki-i-zarzadzania-zabytkami-militarnymi-z-1-pol-xx-w\/#primaryimage\",\"url\":\"https:\/\/nid.pl\/wp-content\/uploads\/2022\/06\/60-lat-misji-NID_poziom_aktualnosci-NID.jpg\",\"contentUrl\":\"https:\/\/nid.pl\/wp-content\/uploads\/2022\/06\/60-lat-misji-NID_poziom_aktualnosci-NID.jpg\",\"width\":440,\"height\":294,\"caption\":\"lat misji NID poziom aktualnosci NID\"},{\"@type\":\"BreadcrumbList\",\"@id\":\"https:\/\/nid.pl\/en\/2022\/06\/24\/zespol-fortyfikacji-obszaru-warownego-slask-dalsze-perspektywy-ochrony-opieki-i-zarzadzania-zabytkami-militarnymi-z-1-pol-xx-w\/#breadcrumb\",\"itemListElement\":[{\"@type\":\"ListItem\",\"position\":1,\"name\":\"Home\",\"item\":\"https:\/\/nid.pl\/\"},{\"@type\":\"ListItem\",\"position\":2,\"name\":\"\u201eZesp\u00f3\u0142 fortyfikacji Obszaru Warownego &#8220;\u015al\u0105sk&#8221;. Dalsze perspektywy ochrony, opieki i zarz\u0105dzania zabytkami militarnymi z 1 po\u0142. XX w.\u201d\"}]},{\"@type\":\"WebSite\",\"@id\":\"https:\/\/nid.pl\/#website\",\"url\":\"https:\/\/nid.pl\/\",\"name\":\"NID\",\"description\":\"Narodowy Instytut Dziedzictwa\",\"publisher\":{\"@id\":\"https:\/\/nid.pl\/#organization\"},\"potentialAction\":[{\"@type\":\"SearchAction\",\"target\":{\"@type\":\"EntryPoint\",\"urlTemplate\":\"https:\/\/nid.pl\/?s={search_term_string}\"},\"query-input\":{\"@type\":\"PropertyValueSpecification\",\"valueRequired\":true,\"valueName\":\"search_term_string\"}}],\"inLanguage\":\"en-GB\"},{\"@type\":\"Organization\",\"@id\":\"https:\/\/nid.pl\/#organization\",\"name\":\"Narodowy Instytut Dziedzictwa\",\"url\":\"https:\/\/nid.pl\/\",\"logo\":{\"@type\":\"ImageObject\",\"inLanguage\":\"en-GB\",\"@id\":\"https:\/\/nid.pl\/#\/schema\/logo\/image\/\",\"url\":\"https:\/\/nid.pl\/wp-content\/uploads\/2022\/10\/logoRedDark.png\",\"contentUrl\":\"https:\/\/nid.pl\/wp-content\/uploads\/2022\/10\/logoRedDark.png\",\"width\":200,\"height\":197,\"caption\":\"Narodowy Instytut Dziedzictwa\"},\"image\":{\"@id\":\"https:\/\/nid.pl\/#\/schema\/logo\/image\/\"},\"sameAs\":[\"https:\/\/www.facebook.com\/zabytek\",\"https:\/\/x.com\/NarIDpl\",\"https:\/\/www.instagram.com\/nid.pl\/?hl=pl\",\"https:\/\/www.linkedin.com\/company\/narodowy-instytut-dziedzictwa\",\"https:\/\/www.youtube.com\/channel\/UCQXuhKa2uHtmNvLRUSx40JA\"]},{\"@type\":\"Person\",\"@id\":\"https:\/\/nid.pl\/#\/schema\/person\/1b690a8998a5111cfb9f0ffe24195a15\",\"name\":\"Barbara Halliop\",\"image\":{\"@type\":\"ImageObject\",\"inLanguage\":\"en-GB\",\"@id\":\"https:\/\/nid.pl\/#\/schema\/person\/image\/\",\"url\":\"https:\/\/nid.pl\/wp-content\/litespeed\/avatar\/924046d17dd0c842c9fa9ccf489bc6dc.jpg?ver=1777444967\",\"contentUrl\":\"https:\/\/nid.pl\/wp-content\/litespeed\/avatar\/924046d17dd0c842c9fa9ccf489bc6dc.jpg?ver=1777444967\",\"caption\":\"Barbara Halliop\"},\"url\":\"https:\/\/nid.pl\/en\/author\/bhalliop\/\"}]}<\/script>\n<!-- \/ Yoast SEO plugin. -->","yoast_head_json":{"title":"\u201eZesp\u00f3\u0142 fortyfikacji Obszaru Warownego \"\u015al\u0105sk\". Dalsze perspektywy ochrony, opieki i zarz\u0105dzania zabytkami militarnymi z 1 po\u0142. XX w.\u201d - NID","robots":{"index":"index","follow":"follow","max-snippet":"max-snippet:-1","max-image-preview":"max-image-preview:large","max-video-preview":"max-video-preview:-1"},"canonical":"https:\/\/nid.pl\/en\/2022\/06\/24\/zespol-fortyfikacji-obszaru-warownego-slask-dalsze-perspektywy-ochrony-opieki-i-zarzadzania-zabytkami-militarnymi-z-1-pol-xx-w\/","og_locale":"en_GB","og_type":"article","og_title":"\u201eZesp\u00f3\u0142 fortyfikacji Obszaru Warownego \"\u015al\u0105sk\". Dalsze perspektywy ochrony, opieki i zarz\u0105dzania zabytkami militarnymi z 1 po\u0142. XX w.\u201d - NID","og_description":"W ramach regionalnych obchod\u00f3w Jubileuszu 60-lecia dzia\u0142alno\u015bci Narodowego Instytutu Dziedzictwa, Pracownia Terenowa NID w Katowicach organizuje sesj\u0119 konserwatorsk\u0105 pn. \u201eZesp\u00f3\u0142 fortyfikacji Obszaru Warownego \u201e\u015al\u0105sk\u201d \u2013 dalsze perspektywy ochrony, opieki i [&hellip;]","og_url":"https:\/\/nid.pl\/en\/2022\/06\/24\/zespol-fortyfikacji-obszaru-warownego-slask-dalsze-perspektywy-ochrony-opieki-i-zarzadzania-zabytkami-militarnymi-z-1-pol-xx-w\/","og_site_name":"NID","article_publisher":"https:\/\/www.facebook.com\/zabytek","article_published_time":"2022-06-24T07:54:38+00:00","article_modified_time":"2022-06-24T07:54:42+00:00","og_image":[{"width":440,"height":294,"url":"https:\/\/nid.pl\/wp-content\/uploads\/2022\/06\/60-lat-misji-NID_poziom_aktualnosci-NID.jpg","type":"image\/jpeg"}],"author":"Barbara Halliop","twitter_card":"summary_large_image","twitter_creator":"@NarIDpl","twitter_site":"@NarIDpl","twitter_misc":{"Written by":"Barbara Halliop","Estimated reading time":"2 minutes"},"schema":{"@context":"https:\/\/schema.org","@graph":[{"@type":"Article","@id":"https:\/\/nid.pl\/en\/2022\/06\/24\/zespol-fortyfikacji-obszaru-warownego-slask-dalsze-perspektywy-ochrony-opieki-i-zarzadzania-zabytkami-militarnymi-z-1-pol-xx-w\/#article","isPartOf":{"@id":"https:\/\/nid.pl\/en\/2022\/06\/24\/zespol-fortyfikacji-obszaru-warownego-slask-dalsze-perspektywy-ochrony-opieki-i-zarzadzania-zabytkami-militarnymi-z-1-pol-xx-w\/"},"author":{"name":"Barbara Halliop","@id":"https:\/\/nid.pl\/#\/schema\/person\/1b690a8998a5111cfb9f0ffe24195a15"},"headline":"\u201eZesp\u00f3\u0142 fortyfikacji Obszaru Warownego &#8220;\u015al\u0105sk&#8221;. Dalsze perspektywy ochrony, opieki i zarz\u0105dzania zabytkami militarnymi z 1 po\u0142. XX w.\u201d","datePublished":"2022-06-24T07:54:38+00:00","dateModified":"2022-06-24T07:54:42+00:00","mainEntityOfPage":{"@id":"https:\/\/nid.pl\/en\/2022\/06\/24\/zespol-fortyfikacji-obszaru-warownego-slask-dalsze-perspektywy-ochrony-opieki-i-zarzadzania-zabytkami-militarnymi-z-1-pol-xx-w\/"},"wordCount":336,"commentCount":0,"publisher":{"@id":"https:\/\/nid.pl\/#organization"},"image":{"@id":"https:\/\/nid.pl\/en\/2022\/06\/24\/zespol-fortyfikacji-obszaru-warownego-slask-dalsze-perspektywy-ochrony-opieki-i-zarzadzania-zabytkami-militarnymi-z-1-pol-xx-w\/#primaryimage"},"thumbnailUrl":"https:\/\/nid.pl\/wp-content\/uploads\/2022\/06\/60-lat-misji-NID_poziom_aktualnosci-NID.jpg","articleSection":["Aktualno\u015bci"],"inLanguage":"en-GB"},{"@type":"WebPage","@id":"https:\/\/nid.pl\/en\/2022\/06\/24\/zespol-fortyfikacji-obszaru-warownego-slask-dalsze-perspektywy-ochrony-opieki-i-zarzadzania-zabytkami-militarnymi-z-1-pol-xx-w\/","url":"https:\/\/nid.pl\/en\/2022\/06\/24\/zespol-fortyfikacji-obszaru-warownego-slask-dalsze-perspektywy-ochrony-opieki-i-zarzadzania-zabytkami-militarnymi-z-1-pol-xx-w\/","name":"\u201eZesp\u00f3\u0142 fortyfikacji Obszaru Warownego \"\u015al\u0105sk\". Dalsze perspektywy ochrony, opieki i zarz\u0105dzania zabytkami militarnymi z 1 po\u0142. XX w.\u201d - NID","isPartOf":{"@id":"https:\/\/nid.pl\/#website"},"primaryImageOfPage":{"@id":"https:\/\/nid.pl\/en\/2022\/06\/24\/zespol-fortyfikacji-obszaru-warownego-slask-dalsze-perspektywy-ochrony-opieki-i-zarzadzania-zabytkami-militarnymi-z-1-pol-xx-w\/#primaryimage"},"image":{"@id":"https:\/\/nid.pl\/en\/2022\/06\/24\/zespol-fortyfikacji-obszaru-warownego-slask-dalsze-perspektywy-ochrony-opieki-i-zarzadzania-zabytkami-militarnymi-z-1-pol-xx-w\/#primaryimage"},"thumbnailUrl":"https:\/\/nid.pl\/wp-content\/uploads\/2022\/06\/60-lat-misji-NID_poziom_aktualnosci-NID.jpg","datePublished":"2022-06-24T07:54:38+00:00","dateModified":"2022-06-24T07:54:42+00:00","breadcrumb":{"@id":"https:\/\/nid.pl\/en\/2022\/06\/24\/zespol-fortyfikacji-obszaru-warownego-slask-dalsze-perspektywy-ochrony-opieki-i-zarzadzania-zabytkami-militarnymi-z-1-pol-xx-w\/#breadcrumb"},"inLanguage":"en-GB","potentialAction":[{"@type":"ReadAction","target":["https:\/\/nid.pl\/en\/2022\/06\/24\/zespol-fortyfikacji-obszaru-warownego-slask-dalsze-perspektywy-ochrony-opieki-i-zarzadzania-zabytkami-militarnymi-z-1-pol-xx-w\/"]}]},{"@type":"ImageObject","inLanguage":"en-GB","@id":"https:\/\/nid.pl\/en\/2022\/06\/24\/zespol-fortyfikacji-obszaru-warownego-slask-dalsze-perspektywy-ochrony-opieki-i-zarzadzania-zabytkami-militarnymi-z-1-pol-xx-w\/#primaryimage","url":"https:\/\/nid.pl\/wp-content\/uploads\/2022\/06\/60-lat-misji-NID_poziom_aktualnosci-NID.jpg","contentUrl":"https:\/\/nid.pl\/wp-content\/uploads\/2022\/06\/60-lat-misji-NID_poziom_aktualnosci-NID.jpg","width":440,"height":294,"caption":"lat misji NID poziom aktualnosci NID"},{"@type":"BreadcrumbList","@id":"https:\/\/nid.pl\/en\/2022\/06\/24\/zespol-fortyfikacji-obszaru-warownego-slask-dalsze-perspektywy-ochrony-opieki-i-zarzadzania-zabytkami-militarnymi-z-1-pol-xx-w\/#breadcrumb","itemListElement":[{"@type":"ListItem","position":1,"name":"Home","item":"https:\/\/nid.pl\/"},{"@type":"ListItem","position":2,"name":"\u201eZesp\u00f3\u0142 fortyfikacji Obszaru Warownego &#8220;\u015al\u0105sk&#8221;. Dalsze perspektywy ochrony, opieki i zarz\u0105dzania zabytkami militarnymi z 1 po\u0142. XX w.\u201d"}]},{"@type":"WebSite","@id":"https:\/\/nid.pl\/#website","url":"https:\/\/nid.pl\/","name":"NID","description":"Narodowy Instytut Dziedzictwa","publisher":{"@id":"https:\/\/nid.pl\/#organization"},"potentialAction":[{"@type":"SearchAction","target":{"@type":"EntryPoint","urlTemplate":"https:\/\/nid.pl\/?s={search_term_string}"},"query-input":{"@type":"PropertyValueSpecification","valueRequired":true,"valueName":"search_term_string"}}],"inLanguage":"en-GB"},{"@type":"Organization","@id":"https:\/\/nid.pl\/#organization","name":"Narodowy Instytut Dziedzictwa","url":"https:\/\/nid.pl\/","logo":{"@type":"ImageObject","inLanguage":"en-GB","@id":"https:\/\/nid.pl\/#\/schema\/logo\/image\/","url":"https:\/\/nid.pl\/wp-content\/uploads\/2022\/10\/logoRedDark.png","contentUrl":"https:\/\/nid.pl\/wp-content\/uploads\/2022\/10\/logoRedDark.png","width":200,"height":197,"caption":"Narodowy Instytut Dziedzictwa"},"image":{"@id":"https:\/\/nid.pl\/#\/schema\/logo\/image\/"},"sameAs":["https:\/\/www.facebook.com\/zabytek","https:\/\/x.com\/NarIDpl","https:\/\/www.instagram.com\/nid.pl\/?hl=pl","https:\/\/www.linkedin.com\/company\/narodowy-instytut-dziedzictwa","https:\/\/www.youtube.com\/channel\/UCQXuhKa2uHtmNvLRUSx40JA"]},{"@type":"Person","@id":"https:\/\/nid.pl\/#\/schema\/person\/1b690a8998a5111cfb9f0ffe24195a15","name":"Barbara Halliop","image":{"@type":"ImageObject","inLanguage":"en-GB","@id":"https:\/\/nid.pl\/#\/schema\/person\/image\/","url":"https:\/\/nid.pl\/wp-content\/litespeed\/avatar\/924046d17dd0c842c9fa9ccf489bc6dc.jpg?ver=1777444967","contentUrl":"https:\/\/nid.pl\/wp-content\/litespeed\/avatar\/924046d17dd0c842c9fa9ccf489bc6dc.jpg?ver=1777444967","caption":"Barbara Halliop"},"url":"https:\/\/nid.pl\/en\/author\/bhalliop\/"}]}},"_links":{"self":[{"href":"https:\/\/nid.pl\/en\/wp-json\/wp\/v2\/posts\/7207","targetHints":{"allow":["GET"]}}],"collection":[{"href":"https:\/\/nid.pl\/en\/wp-json\/wp\/v2\/posts"}],"about":[{"href":"https:\/\/nid.pl\/en\/wp-json\/wp\/v2\/types\/post"}],"author":[{"embeddable":true,"href":"https:\/\/nid.pl\/en\/wp-json\/wp\/v2\/users\/7"}],"replies":[{"embeddable":true,"href":"https:\/\/nid.pl\/en\/wp-json\/wp\/v2\/comments?post=7207"}],"version-history":[{"count":0,"href":"https:\/\/nid.pl\/en\/wp-json\/wp\/v2\/posts\/7207\/revisions"}],"wp:featuredmedia":[{"embeddable":true,"href":"https:\/\/nid.pl\/en\/wp-json\/wp\/v2\/media\/7208"}],"wp:attachment":[{"href":"https:\/\/nid.pl\/en\/wp-json\/wp\/v2\/media?parent=7207"}],"wp:term":[{"taxonomy":"category","embeddable":true,"href":"https:\/\/nid.pl\/en\/wp-json\/wp\/v2\/categories?post=7207"},{"taxonomy":"post_tag","embeddable":true,"href":"https:\/\/nid.pl\/en\/wp-json\/wp\/v2\/tags?post=7207"}],"curies":[{"name":"wp","href":"https:\/\/api.w.org\/{rel}","templated":true}]}}