{"id":6831,"date":"2022-06-10T16:28:20","date_gmt":"2022-06-10T14:28:20","guid":{"rendered":"https:\/\/nid.pl\/?p=6831"},"modified":"2022-06-27T12:36:15","modified_gmt":"2022-06-27T10:36:15","slug":"otwarcie-wystawy-przyszlym-pokoleniom-60-lat-misji-nid-z-udzialem-wicepremiera-prof-piotra-glinskiego-w-lodzi","status":"publish","type":"post","link":"https:\/\/nid.pl\/en\/2022\/06\/10\/otwarcie-wystawy-przyszlym-pokoleniom-60-lat-misji-nid-z-udzialem-wicepremiera-prof-piotra-glinskiego-w-lodzi\/","title":{"rendered":"Otwarcie wystawy \u201ePrzysz\u0142ym pokoleniom. 60 lat misji NID\u201d z udzia\u0142em Wicepremiera prof. Piotra Gli\u0144skiego w \u0141odzi"},"content":{"rendered":"<p><strong>10 czerwca na Rynku Manufaktury w \u0141odzi otwarta zosta\u0142a wystawa <em>\u201ePrzysz\u0142ym pokoleniom. 60 lat misji Narodowego Instytutu Dziedzictwa\u201d<\/em>. \u0141\u00f3dzka wystawa to trzeci z cyklu 15. planowanych w ramach jubileuszu Narodowego Instytutu Narodowego pokaz\u00f3w plenerowych, organizowanych we wsp\u00f3\u0142pracy z Oddzia\u0142ami i Pracowniami Terenowymi NID. W uroczystym otwarciu, kt\u00f3remu towarzyszy\u0142a konferencja \u201cCo jest zabytkiem?\u201d udzia\u0142 wzi\u0105\u0142 prof. dr hab. Piotr Gli\u0144ski &#8211; Wiceprezes Rady Ministr\u00f3w, Minister Kultury i Dziedzictwa Narodowego.<\/strong><\/p>\n\n\n\n<p>Minister Kultury i Dziedzictwa Narodowego podkre\u015bli\u0142, \u017ce do najwa\u017cniejszych zada\u0144 Narodowego Instytutu Dziedzictwa nale\u017c\u0105 praca ekspercka, kt\u00f3ra pozwala na gromadzenie wiedzy szczeg\u00f3lnie potrzebnej np. jako wiedza doradcza, ale tak\u017ce praca edukacyjna oraz popularyzatorska.<\/p>\n\n\n\n<p><em>&#8211; Instytut dzia\u0142a na terenie ca\u0142ego kraju, przejmuj\u0105c do\u015bwiadczenia poprzednich jednostek, kt\u00f3re zajmowa\u0142y si\u0119 dziedzictwem i opiek\u0105 nad zabytkami. Prowadzi wspania\u0142y portal zabytek.pl, kt\u00f3ry wzbogaca wiedz\u0119 na temat polskiego dziedzictwa. Obejmuje on ju\u017c milion zdigitalizowanych obiekt\u00f3w, a wi\u0119c wielki dorobek, bez kt\u00f3rego np. praca ekspercka nie by\u0142aby mo\u017cliwa. Bezcenne jest te\u017c uczestnictwo w programach europejskich, zwi\u0105zanych z dziedzictwem np. organizacja Europejskich Dni Dziedzictwa, kt\u00f3re u\u015bwiadamia spo\u0142ecze\u0144stwu jak wa\u017cna ze wzgl\u0119du na to\u017csamo\u015b\u0107 i racjonalny rozw\u00f3j jest praca z zabytkami<\/em> \u2013 powiedzia\u0142 prof. Piotr Gli\u0144ski.<\/p>\n\n\n\n<p>Wicepremier zwr\u00f3ci\u0142 uwag\u0119, \u017ce Narodowy Instytut Dziedzictwa jest zas\u0142u\u017cony w obszarze dziedzictwa niematerialnego. Wskaza\u0142, \u017ce tworzy on podstawy do prowadzenia Krajowej Listy Dziedzictwa Niematerialnego, na kt\u00f3rej znajduje si\u0119 ju\u017c 60 wpis\u00f3w. Przypomnia\u0142, \u017ce instytucja wsp\u00f3\u0142pracuje tak\u017ce przy polskich wnioskach do Listy Dziedzictwa Niematerialnego UNESCO, gdzie aktualnie znajduj\u0105 si\u0119 4 polskie wpisy: szopki krakowskie, sokolnictwo, bartnictwo i dywany kwietne.<\/p>\n\n\n\n<p><em>&#8211; Warto wspomnie\u0107 o obszarze, kt\u00f3ry jest szczeg\u00f3lnie bliski spo\u0142ecze\u0144stwu, a wi\u0119c dzia\u0142alno\u015bci eksperckiej w przygotowywaniu i weryfikacji wniosk\u00f3w na list\u0119 Pomnik\u00f3w Historii. W ci\u0105gu ostatnich 6 lat Pomniki Historii o prawie 100% zwi\u0119kszy\u0142y swoj\u0105 liczb\u0119. Jest ich ju\u017c 115 w ca\u0142ej Polsce. To \u015bwiadczy o tym, \u017ce jest to lista niezwykle presti\u017cowa i wiele spo\u0142eczno\u015bci lokalnych, wiele instytucji do niej aspiruje<\/em> \u2013 podkre\u015bli\u0142 Minister Kultury i Dziedzictwa Narodowego.<\/p>\n\n\n\n<p>Wiceprezes Rady Ministr\u00f3w wspomnia\u0142, \u017ce NID przygotowuje tak\u017ce wnioski o wpis na List\u0119 \u015awiatowego Dziedzictwa UNESCO, na kt\u00f3rej obecnie znajduje si\u0119 17 wpis\u00f3w, w tym 15 z obszaru kulturowego i 2 z obszaru naturalnego.<\/p>\n\n\n\n<p>Wicepremier zwr\u00f3ci\u0142 r\u00f3wnie\u017c uwag\u0119, \u017ce Instytut kontynuuje tradycje my\u015bli konserwatorskiej prof. Zachwatowicza oraz wielu s\u0142ynnych polskich profesor\u00f3w, kt\u00f3rzy formowali zasady konserwatorskie jeszcze przed wojn\u0105, a p\u00f3\u017aniej w okresie powojennym. Zauwa\u017cy\u0142, \u017ce sukcesem Instytutu jest nie tylko ostatnia sesja UNESCO w Polsce, kt\u00f3rej by\u0142 organizatorem, ale tak\u017ce Rekomendacja Warszawska, kt\u00f3ra okazuje si\u0119 wci\u0105\u017c aktualna.<\/p>\n\n\n\n<p>&#8211; <em>Tu\u017c po jej podpisaniu mieli\u015bmy wojn\u0119 w Syrii, gdzie za pomoc\u0105 bombardowania zabytk\u00f3w i ca\u0142ych zurbanizowanych przestrzeni mieli\u015bmy do czynienia z realizowaniem czyich\u015b cel\u00f3w politycznych. Teraz ten sam kto\u015b, czyli Putin, niszczy kultur\u0119 Ukrainy i jej zabytki. I znowu, niestety, Rekomendacja Warszawska jest aktualna <\/em>\u2013 wyja\u015bni\u0142 prof. Piotr Gli\u0144ski.<\/p>\n\n\n\n<p>Wicepremier przypomnia\u0142 tak\u017ce, \u017ce po wybuchu wojny, w NID zosta\u0142o zorganizowane Centrum Pomocy dla Kultury na Ukrainie, kt\u00f3re jest bardzo wa\u017cne i potrzebne.<\/p>\n\n\n\n<p>&#8211; <em>Naszym obowi\u0105zkiem jest przypomina\u0107 Europie, \u017ce na Ukrainie toczy si\u0119 wojna, \u017ce tam s\u0105 mordowani ludzie, tam s\u0105 pope\u0142niane zbrodnie wojenne, tak\u017ce na kulturze. Ta wojna toczy si\u0119 o kultur\u0119 i jest wygrywana przez Ukrain\u0119 dzi\u0119ki kulturze w\u0142a\u015bnie &#8211; bez kultury, bez poczucia to\u017csamo\u015bci, bez poczucia przynale\u017cno\u015bci do wsp\u00f3lnoty Ukraina nie mia\u0142aby szans na obron\u0119<\/em> &#8211; podkre\u015bli\u0142 prof. Piotr Gli\u0144ski.<\/p>\n\n\n\n<p>W otwarciu wzi\u0119\u0142a udzia\u0142 dr Anna Michalak &#8211; zast\u0119pca Wojew\u00f3dzkiego Konserwatora Zabytk\u00f3w, kt\u00f3ra odczyta\u0142a list w imieniu \u0141\u00f3dzkiego Wojew\u00f3dzkiego Konserwatora Zabytk\u00f3w Aleksandry St\u0119pie\u0144, podkre\u015blaj\u0105c znaczenie dziedzictwa narodowego dla tradycji i kultury Polski.<\/p>\n\n\n\n<p>Wszystkich zgromadzonych na wydarzeniu przywita\u0142a dr Katarzyna Zalasi\u0144ska &#8211; Dyrektor Narodowego Instytutu Dziedzictwa, kt\u00f3ra podkre\u015bli\u0142a, \u017ce:<\/p>\n\n\n\n<p><em>&#8211; Narodowy Instytut Dziedzictwa, Oddzia\u0142 Terenowy w \u0141odzi tworz\u0105 eksperci specjali\u015bci, zaanga\u017cowani pracownicy, kt\u00f3rzy na co dzie\u0144 zajmuj\u0105 si\u0119 dokumentowaniem i badaniem zabytk\u00f3w. Dzi\u0119ki ich pracy powstaj\u0105 programy rewitalizacji, studia ochrony warto\u015bci kulturowych, a tak\u017ce przygotowywane s\u0105 wnioski o uznanie zabytku za Pomnik Historii. To w\u0142a\u015bnie pracownicy z \u0141odzi byli prekursorami opracowania gminnych program\u00f3w opieki nad zabytkami. To tutaj rodzi\u0142o si\u0119 wsparcie eksperckie dla park\u00f3w kulturowych. Ciesz\u0119 si\u0119, \u017ce dzi\u015b mo\u017cemy podkre\u015bli\u0107 dzia\u0142alno\u015b\u0107 Oddzia\u0142u i zaprezentowa\u0107 j\u0105 w\u0142a\u015bnie tu, w \u0141odzi, w formie wystawy plenerowej.<\/em><\/p>\n\n\n\n<p>Uroczystemu otwarciu wystawy towarzyszy\u0142a konferencja <em>\u201cCo jest zabytkiem? Badania w procesie rozpoznania dziedzictwa kulturowego\u201d<\/em> , kt\u00f3ra odby\u0142a si\u0119 w Muzeum Sztuki ms2 Manufaktura w \u0141odzi. Podczas spotkania zaprezentowane zosta\u0142y prelekcje na temat wieloaspektowego rozpoznania dziedzictwa kulturowego w studium ochrony warto\u015bci kulturowych. Poruszona zosta\u0142a problematyka bada\u0144 i ochrony drewnianego dziedzictwa sakralnego, a tak\u017ce warto\u015bci i wiedza na temat zabytk\u00f3w, wynikaj\u0105cych z bada\u0144 zasob\u00f3w archiwalnych.<\/p>\n\n\n\n<p>Otwarcie wystawy <em>\u201cPrzysz\u0142ym pokoleniom\u201d<\/em> to r\u00f3wnie\u017c doskona\u0142a okazja do przedstawienia projekt\u00f3w prowadzonych przez Pracowni\u0119 Terenow\u0105 NID w \u0141odzi. Jak zauwa\u017cy\u0142a kierownik Agnieszka Lorenc\u2013Karczewska:<\/p>\n\n\n\n<p><em>&#8211; Pracownia Terenowa NID w \u0141odzi dzia\u0142a od 1991 roku, kiedy to funkcjonowa\u0142a jako Regionalny O\u015brodek Studi\u00f3w i Ochrony \u015arodowiska Kulturowego. W naszych codziennych dzia\u0142aniach wspieramy gminy w realizowaniu ich ustawowych obowi\u0105zk\u00f3w zwi\u0105zanych z ochron\u0105 zabytk\u00f3w i opiek\u0105 nad nimi. Chronimy r\u00f3wnie\u017c lokalne tradycje i zwyczaje, b\u0119d\u0105ce integraln\u0105 cz\u0119\u015bci\u0105 niematerialnego dziedzictwa kulturowego Polski. Zw\u0142aszcza, \u017ce obecnie na prowadzonej przez Narodowy Instytut Dziedzictwa Krajowej Li\u015bcie Dziedzictwa Niematerialnego, wojew\u00f3dztwo \u0142\u00f3dzkie reprezentuj\u0105 j\u0119zyk esperanto i dwie tradycje zwi\u0105zane z obchodami Bo\u017cego Cia\u0142a, kultywowane na tych terenach od wiek\u00f3w, czyli procesja w \u0141owiczu oraz sypanie kwietnych dywan\u00f3w w Spycimierzu. Kwietne dywany w 2021 roku zosta\u0142y wpisane na List\u0119 Reprezentatywn\u0105 Niematerialnego Dziedzictwa Kulturowego Ludzko\u015bci UNESCO, z czego jeste\u015bmy niezmiernie dumni.<\/em><\/p>\n\n\n\n<p>Uroczyste obchody 60-lecia Narodowego Instytutu Dziedzictwa obchodzone s\u0105 pod honorowym patronatem Prezydenta RP Andrzeja Dudy. Wystaw\u0119 <em>\u201ePrzysz\u0142ym pokoleniom. 60 lat misji Narodowego Instytutu Dziedzictwa\u201d <\/em>mo\u017cna ogl\u0105da\u0107 codziennie do 30 czerwca.<\/p>\n\n\n\n<p><\/p>\n\n\n\n<figure class=\"wp-block-gallery has-nested-images columns-default is-cropped wp-block-gallery-1 is-layout-flex wp-block-gallery-is-layout-flex\">\n<figure class=\"wp-block-image size-large\"><img loading=\"lazy\" decoding=\"async\" width=\"1828\" height=\"1218\" data-id=\"6838\" src=\"https:\/\/nid.pl\/wp-content\/uploads\/2022\/06\/Lodz-4.jpeg\" alt=\"\" class=\"wp-image-6838\" srcset=\"https:\/\/nid.pl\/wp-content\/uploads\/2022\/06\/Lodz-4.jpeg 1828w, https:\/\/nid.pl\/wp-content\/uploads\/2022\/06\/Lodz-4-1280x853.jpeg 1280w, https:\/\/nid.pl\/wp-content\/uploads\/2022\/06\/Lodz-4-980x653.jpeg 980w, https:\/\/nid.pl\/wp-content\/uploads\/2022\/06\/Lodz-4-480x320.jpeg 480w\" sizes=\"(min-width: 0px) and (max-width: 480px) 480px, (min-width: 481px) and (max-width: 980px) 980px, (min-width: 981px) and (max-width: 1280px) 1280px, (min-width: 1281px) 1828px, 100vw\" \/><\/figure>\n\n\n\n<figure class=\"wp-block-image size-large\"><img loading=\"lazy\" decoding=\"async\" width=\"2048\" height=\"1362\" data-id=\"6837\" src=\"https:\/\/nid.pl\/wp-content\/uploads\/2022\/06\/Lodz-3.jpeg\" alt=\"\" class=\"wp-image-6837\" srcset=\"https:\/\/nid.pl\/wp-content\/uploads\/2022\/06\/Lodz-3.jpeg 2048w, https:\/\/nid.pl\/wp-content\/uploads\/2022\/06\/Lodz-3-1280x851.jpeg 1280w, https:\/\/nid.pl\/wp-content\/uploads\/2022\/06\/Lodz-3-980x652.jpeg 980w, https:\/\/nid.pl\/wp-content\/uploads\/2022\/06\/Lodz-3-480x319.jpeg 480w\" sizes=\"(min-width: 0px) and (max-width: 480px) 480px, (min-width: 481px) and (max-width: 980px) 980px, (min-width: 981px) and (max-width: 1280px) 1280px, (min-width: 1281px) 2048px, 100vw\" \/><\/figure>\n\n\n\n<figure class=\"wp-block-image size-large\"><img loading=\"lazy\" decoding=\"async\" width=\"745\" height=\"1024\" data-id=\"6836\" src=\"https:\/\/nid.pl\/wp-content\/uploads\/2022\/06\/Lodz-2.jpeg\" alt=\"\" class=\"wp-image-6836\" srcset=\"https:\/\/nid.pl\/wp-content\/uploads\/2022\/06\/Lodz-2.jpeg 745w, https:\/\/nid.pl\/wp-content\/uploads\/2022\/06\/Lodz-2-480x660.jpeg 480w\" sizes=\"(min-width: 0px) and (max-width: 480px) 480px, (min-width: 481px) 745px, 100vw\" \/><\/figure>\n\n\n\n<figure class=\"wp-block-image size-large\"><img loading=\"lazy\" decoding=\"async\" width=\"2048\" height=\"1362\" data-id=\"6839\" src=\"https:\/\/nid.pl\/wp-content\/uploads\/2022\/06\/Lodz-5.jpeg\" alt=\"\" class=\"wp-image-6839\" srcset=\"https:\/\/nid.pl\/wp-content\/uploads\/2022\/06\/Lodz-5.jpeg 2048w, https:\/\/nid.pl\/wp-content\/uploads\/2022\/06\/Lodz-5-1280x851.jpeg 1280w, https:\/\/nid.pl\/wp-content\/uploads\/2022\/06\/Lodz-5-980x652.jpeg 980w, https:\/\/nid.pl\/wp-content\/uploads\/2022\/06\/Lodz-5-480x319.jpeg 480w\" sizes=\"(min-width: 0px) and (max-width: 480px) 480px, (min-width: 481px) and (max-width: 980px) 980px, (min-width: 981px) and (max-width: 1280px) 1280px, (min-width: 1281px) 2048px, 100vw\" \/><\/figure>\n\n\n\n<figure class=\"wp-block-image size-large\"><img loading=\"lazy\" decoding=\"async\" width=\"1024\" height=\"801\" data-id=\"6835\" src=\"https:\/\/nid.pl\/wp-content\/uploads\/2022\/06\/Lodz-1.jpeg\" alt=\"\" class=\"wp-image-6835\" srcset=\"https:\/\/nid.pl\/wp-content\/uploads\/2022\/06\/Lodz-1.jpeg 1024w, https:\/\/nid.pl\/wp-content\/uploads\/2022\/06\/Lodz-1-980x767.jpeg 980w, https:\/\/nid.pl\/wp-content\/uploads\/2022\/06\/Lodz-1-480x375.jpeg 480w\" sizes=\"(min-width: 0px) and (max-width: 480px) 480px, (min-width: 481px) and (max-width: 980px) 980px, (min-width: 981px) 1024px, 100vw\" \/><\/figure>\n\n\n\n<figure class=\"wp-block-image size-large\"><img loading=\"lazy\" decoding=\"async\" width=\"1403\" height=\"934\" data-id=\"6840\" src=\"https:\/\/nid.pl\/wp-content\/uploads\/2022\/06\/Lodz-6.jpeg\" alt=\"\" class=\"wp-image-6840\" srcset=\"https:\/\/nid.pl\/wp-content\/uploads\/2022\/06\/Lodz-6.jpeg 1403w, https:\/\/nid.pl\/wp-content\/uploads\/2022\/06\/Lodz-6-1280x852.jpeg 1280w, https:\/\/nid.pl\/wp-content\/uploads\/2022\/06\/Lodz-6-980x652.jpeg 980w, https:\/\/nid.pl\/wp-content\/uploads\/2022\/06\/Lodz-6-480x320.jpeg 480w\" sizes=\"(min-width: 0px) and (max-width: 480px) 480px, (min-width: 481px) and (max-width: 980px) 980px, (min-width: 981px) and (max-width: 1280px) 1280px, (min-width: 1281px) 1403px, 100vw\" \/><\/figure>\n<\/figure>\n\n\n\n<p>Obchody otwarcia wystawy \u201ePrzysz\u0142ym pokoleniom. 60 lat misji Narodowego Instytutu Dziedzictwa\u201d dofinansowane zosta\u0142y ze \u015brodk\u00f3w Ministerstwa Kultury i Dziedzictwa Narodowego.<\/p>","protected":false},"excerpt":{"rendered":"<p>10 czerwca na Rynku Manufaktury w \u0141odzi otwarta zosta\u0142a wystawa \u201ePrzysz\u0142ym pokoleniom. 60 lat misji Narodowego Instytutu Dziedzictwa\u201d. \u0141\u00f3dzka wystawa to trzeci z cyklu 15. planowanych w ramach jubileuszu Narodowego [&hellip;]<\/p>","protected":false},"author":7,"featured_media":6841,"comment_status":"open","ping_status":"open","sticky":false,"template":"","format":"standard","meta":{"_et_pb_use_builder":"off","_et_pb_old_content":"<!-- wp:paragraph -->\n<p><strong>10 czerwca na Rynku Manufaktury w \u0141odzi otwarta zosta\u0142a wystawa <em>\u201ePrzysz\u0142ym pokoleniom. 60 lat misji Narodowego Instytutu Dziedzictwa\u201d<\/em>. \u0141\u00f3dzka wystawa to trzeci z cyklu 15. planowanych w ramach jubileuszu Narodowego Instytutu Narodowego pokaz\u00f3w plenerowych, organizowanych we wsp\u00f3\u0142pracy z Oddzia\u0142ami i Pracowniami Terenowymi NID. W uroczystym otwarciu, kt\u00f3remu towarzyszy\u0142a konferencja \u201cCo jest zabytkiem?\u201d udzia\u0142 wzi\u0105\u0142 prof. dr hab. Piotr Gli\u0144ski - Wiceprezes Rady Ministr\u00f3w, Minister Kultury i Dziedzictwa Narodowego.<\/strong><\/p>\n<!-- \/wp:paragraph -->\n\n<!-- wp:paragraph -->\n<p>Minister Kultury i Dziedzictwa Narodowego podkre\u015bli\u0142, \u017ce do najwa\u017cniejszych zada\u0144 Narodowego Instytutu Dziedzictwa nale\u017c\u0105 praca ekspercka, kt\u00f3ra pozwala na gromadzenie wiedzy szczeg\u00f3lnie potrzebnej np. jako wiedza doradcza, ale tak\u017ce praca edukacyjna oraz popularyzatorska.<\/p>\n<!-- \/wp:paragraph -->\n\n<!-- wp:paragraph -->\n<p><em>- Instytut dzia\u0142a na terenie ca\u0142ego kraju, przejmuj\u0105c do\u015bwiadczenia poprzednich jednostek, kt\u00f3re zajmowa\u0142y si\u0119 dziedzictwem i opiek\u0105 nad zabytkami. Prowadzi wspania\u0142y portal zabytek.pl, kt\u00f3ry wzbogaca wiedz\u0119 na temat polskiego dziedzictwa. Obejmuje on ju\u017c milion zdigitalizowanych obiekt\u00f3w, a wi\u0119c wielki dorobek, bez kt\u00f3rego np. praca ekspercka nie by\u0142aby mo\u017cliwa. Bezcenne jest te\u017c uczestnictwo w programach europejskich, zwi\u0105zanych z dziedzictwem np. organizacja Europejskich Dni Dziedzictwa, kt\u00f3re u\u015bwiadamia spo\u0142ecze\u0144stwu jak wa\u017cna ze wzgl\u0119du na to\u017csamo\u015b\u0107 i racjonalny rozw\u00f3j jest praca z zabytkami<\/em> \u2013 powiedzia\u0142 prof. Piotr Gli\u0144ski.<\/p>\n<!-- \/wp:paragraph -->\n\n<!-- wp:paragraph -->\n<p>Wicepremier zwr\u00f3ci\u0142 uwag\u0119, \u017ce Narodowy Instytut Dziedzictwa jest zas\u0142u\u017cony w obszarze dziedzictwa niematerialnego. Wskaza\u0142, \u017ce tworzy on podstawy do prowadzenia Krajowej Listy Dziedzictwa Niematerialnego, na kt\u00f3rej znajduje si\u0119 ju\u017c 60 wpis\u00f3w. Przypomnia\u0142, \u017ce instytucja wsp\u00f3\u0142pracuje tak\u017ce przy polskich wnioskach do Listy Dziedzictwa Niematerialnego UNESCO, gdzie aktualnie znajduj\u0105 si\u0119 4 polskie wpisy: szopki krakowskie, sokolnictwo, bartnictwo i dywany kwietne.<\/p>\n<!-- \/wp:paragraph -->\n\n<!-- wp:paragraph -->\n<p><em>- Warto wspomnie\u0107 o obszarze, kt\u00f3ry jest szczeg\u00f3lnie bliski spo\u0142ecze\u0144stwu, a wi\u0119c dzia\u0142alno\u015bci eksperckiej w przygotowywaniu i weryfikacji wniosk\u00f3w na list\u0119 Pomnik\u00f3w Historii. W ci\u0105gu ostatnich 6 lat Pomniki Historii o prawie 100% zwi\u0119kszy\u0142y swoj\u0105 liczb\u0119. Jest ich ju\u017c 115 w ca\u0142ej Polsce. To \u015bwiadczy o tym, \u017ce jest to lista niezwykle presti\u017cowa i wiele spo\u0142eczno\u015bci lokalnych, wiele instytucji do niej aspiruje<\/em> \u2013 podkre\u015bli\u0142 Minister Kultury i Dziedzictwa Narodowego.<\/p>\n<!-- \/wp:paragraph -->\n\n<!-- wp:paragraph -->\n<p>Szef resortu kultury przypomnia\u0142 tak\u017ce, \u017ce NID przygotowuje tak\u017ce nasze wnioski o wpis na List\u0119 \u015awiatowego Dziedzictwa UNESCO, na kt\u00f3rej mamy obecnie 17 wpis\u00f3w, w tym 15 z obszaru kulturowego i 2 z obszaru naturalnego.<\/p>\n<!-- \/wp:paragraph -->\n\n<!-- wp:paragraph -->\n<p>Wicepremier zwr\u00f3ci\u0142 r\u00f3wnie\u017c uwag\u0119, \u017ce Instytut kontynuuje tradycje my\u015bli konserwatorskiej prof. Zachwatowicza oraz wielu s\u0142ynnych polskich profesor\u00f3w, kt\u00f3rzy formowali zasady konserwatorskie jeszcze przed wojn\u0105, a p\u00f3\u017aniej w okresie powojennym. Zauwa\u017cy\u0142, \u017ce sukcesem Instytutu jest nie tylko ostatnia sesja UNESCO w Polsce, kt\u00f3rej by\u0142 organizatorem, ale tak\u017ce Rekomendacja Warszawska, kt\u00f3ra okazuje si\u0119 wci\u0105\u017c aktualna.<\/p>\n<!-- \/wp:paragraph -->\n\n<!-- wp:paragraph -->\n<p>- <em>Tu\u017c po jej podpisaniu mieli\u015bmy wojn\u0119 w Syrii, gdzie za pomoc\u0105 bombardowania zabytk\u00f3w i ca\u0142ych zurbanizowanych przestrzeni mieli\u015bmy do czynienia z realizowaniem czyich\u015b cel\u00f3w politycznych. Teraz ten sam kto\u015b, czyli Putin, niszczy kultur\u0119 Ukrainy i jej zabytki. I znowu, niestety, Rekomendacja Warszawska jest aktualna <\/em>\u2013 wyja\u015bni\u0142 prof. Piotr Gli\u0144ski.<\/p>\n<!-- \/wp:paragraph -->\n\n<!-- wp:paragraph -->\n<p>Wicepremier przypomnia\u0142 tak\u017ce, \u017ce po wybuchu wojny, w NID zosta\u0142o zorganizowane Centrum Pomocy dla Kultury na Ukrainie, kt\u00f3re jest bardzo wa\u017cne i potrzebne.<\/p>\n<!-- \/wp:paragraph -->\n\n<!-- wp:paragraph -->\n<p>- <em>Naszym obowi\u0105zkiem jest przypomina\u0107 Europie, \u017ce na Ukrainie toczy si\u0119 wojna, \u017ce tam s\u0105 mordowani ludzie, tam s\u0105 pope\u0142niane zbrodnie wojenne, tak\u017ce na kulturze. Ta wojna toczy si\u0119 o kultur\u0119 i jest wygrywana przez Ukrain\u0119 dzi\u0119ki kulturze w\u0142a\u015bnie - bez kultury, bez poczucia to\u017csamo\u015bci, bez poczucia przynale\u017cno\u015bci do wsp\u00f3lnoty Ukraina nie mia\u0142aby szans na obron\u0119<\/em> - podkre\u015bli\u0142 prof. Piotr Gli\u0144ski.<\/p>\n<!-- \/wp:paragraph -->\n\n<!-- wp:paragraph -->\n<p>W otwarciu wzi\u0119\u0142a udzia\u0142 dr Anna Michalak - zast\u0119pca Wojew\u00f3dzkiego Konserwatora Zabytk\u00f3w, kt\u00f3ra odczyta\u0142a list w imieniu \u0141\u00f3dzkiego Wojew\u00f3dzkiego Konserwatora Zabytk\u00f3w Aleksandry St\u0119pie\u0144, podkre\u015blaj\u0105c znaczenie dziedzictwa narodowego dla tradycji i kultury Polski.<\/p>\n<!-- \/wp:paragraph -->\n\n<!-- wp:paragraph -->\n<p>Wszystkich zgromadzonych na wydarzeniu przywita\u0142a dr Katarzyna Zalasi\u0144ska - Dyrektor Narodowego Instytutu Dziedzictwa, kt\u00f3ra podkre\u015bli\u0142a, \u017ce:<\/p>\n<!-- \/wp:paragraph -->\n\n<!-- wp:paragraph -->\n<p><em>- Narodowy Instytut Dziedzictwa, Oddzia\u0142 Terenowy w \u0141odzi tworz\u0105 eksperci specjali\u015bci, zaanga\u017cowani pracownicy, kt\u00f3rzy na co dzie\u0144 zajmuj\u0105 si\u0119 dokumentowaniem i badaniem zabytk\u00f3w. Dzi\u0119ki ich pracy powstaj\u0105 programy rewitalizacji, studia ochrony warto\u015bci kulturowych, a tak\u017ce przygotowywane s\u0105 wnioski o uznanie zabytku za Pomnik Historii. To w\u0142a\u015bnie pracownicy z \u0141odzi byli prekursorami opracowania gminnych program\u00f3w opieki nad zabytkami. To tutaj rodzi\u0142o si\u0119 wsparcie eksperckie dla park\u00f3w kulturowych. Ciesz\u0119 si\u0119, \u017ce dzi\u015b mo\u017cemy podkre\u015bli\u0107 dzia\u0142alno\u015b\u0107 Oddzia\u0142u i zaprezentowa\u0107 j\u0105 w\u0142a\u015bnie tu, w \u0141odzi, w formie wystawy plenerowej.<\/em><\/p>\n<!-- \/wp:paragraph -->\n\n<!-- wp:paragraph -->\n<p>Uroczystemu otwarciu wystawy towarzyszy\u0142a konferencja <em>\u201cCo jest zabytkiem? Badania w procesie rozpoznania dziedzictwa kulturowego\u201d<\/em> , kt\u00f3ra odby\u0142a si\u0119 w Muzeum Sztuki ms2 Manufaktura w \u0141odzi. Podczas spotkania zaprezentowane zosta\u0142y prelekcje na temat wieloaspektowego rozpoznania dziedzictwa kulturowego w studium ochrony warto\u015bci kulturowych. Poruszona zosta\u0142a problematyka bada\u0144 i ochrony drewnianego dziedzictwa sakralnego, a tak\u017ce warto\u015bci i wiedza na temat zabytk\u00f3w, wynikaj\u0105cych z bada\u0144 zasob\u00f3w archiwalnych.<\/p>\n<!-- \/wp:paragraph -->\n\n<!-- wp:paragraph -->\n<p>Otwarcie wystawy <em>\u201cPrzysz\u0142ym pokoleniom\u201d<\/em> to r\u00f3wnie\u017c doskona\u0142a okazja do przedstawienia projekt\u00f3w prowadzonych przez Pracowni\u0119 Terenow\u0105 NID w \u0141odzi. Jak zauwa\u017cy\u0142a kierownik Agnieszka Lorenc\u2013Karczewska:<\/p>\n<!-- \/wp:paragraph -->\n\n<!-- wp:paragraph -->\n<p><em>- Pracownia Terenowa NID w \u0141odzi dzia\u0142a od 1991 roku, kiedy to funkcjonowa\u0142a jako Regionalny O\u015brodek Studi\u00f3w i Ochrony \u015arodowiska Kulturowego. W naszych codziennych dzia\u0142aniach wspieramy gminy w realizowaniu ich ustawowych obowi\u0105zk\u00f3w zwi\u0105zanych z ochron\u0105 zabytk\u00f3w i opiek\u0105 nad nimi. Chronimy r\u00f3wnie\u017c lokalne tradycje i zwyczaje, b\u0119d\u0105ce integraln\u0105 cz\u0119\u015bci\u0105 niematerialnego dziedzictwa kulturowego Polski. Zw\u0142aszcza, \u017ce obecnie na prowadzonej przez Narodowy Instytut Dziedzictwa Krajowej Li\u015bcie Dziedzictwa Niematerialnego, wojew\u00f3dztwo \u0142\u00f3dzkie reprezentuj\u0105 j\u0119zyk esperanto i dwie tradycje zwi\u0105zane z obchodami Bo\u017cego Cia\u0142a, kultywowane na tych terenach od wiek\u00f3w, czyli procesja w \u0141owiczu oraz sypanie kwietnych dywan\u00f3w w Spycimierzu. Kwietne dywany w 2021 roku zosta\u0142y wpisane na List\u0119 Reprezentatywn\u0105 Niematerialnego Dziedzictwa Kulturowego Ludzko\u015bci UNESCO, z czego jeste\u015bmy niezmiernie dumni.<\/em><\/p>\n<!-- \/wp:paragraph -->\n\n<!-- wp:paragraph -->\n<p>Uroczyste obchody 60-lecia Narodowego Instytutu Dziedzictwa obchodzone s\u0105 pod honorowym patronatem Prezydenta RP Andrzeja Dudy. Wystaw\u0119 <em>\u201ePrzysz\u0142ym pokoleniom. 60 lat misji Narodowego Instytutu Dziedzictwa\u201d <\/em>mo\u017cna ogl\u0105da\u0107 codziennie do 30 czerwca.<\/p>\n<!-- \/wp:paragraph -->\n\n<!-- wp:paragraph -->\n<p><\/p>\n<!-- \/wp:paragraph -->\n\n<!-- wp:gallery {\"linkTo\":\"none\"} -->\n<figure class=\"wp-block-gallery has-nested-images columns-default is-cropped\"><!-- wp:image {\"id\":6838,\"sizeSlug\":\"large\",\"linkDestination\":\"none\"} -->\n<figure class=\"wp-block-image size-large\"><img src=\"https:\/\/nid.pl\/wp-content\/uploads\/2022\/06\/Lodz-4.jpeg\" alt=\"\" class=\"wp-image-6838\"\/><\/figure>\n<!-- \/wp:image -->\n\n<!-- wp:image {\"id\":6837,\"sizeSlug\":\"large\",\"linkDestination\":\"none\"} -->\n<figure class=\"wp-block-image size-large\"><img src=\"https:\/\/nid.pl\/wp-content\/uploads\/2022\/06\/Lodz-3.jpeg\" alt=\"\" class=\"wp-image-6837\"\/><\/figure>\n<!-- \/wp:image -->\n\n<!-- wp:image {\"id\":6836,\"sizeSlug\":\"large\",\"linkDestination\":\"none\"} -->\n<figure class=\"wp-block-image size-large\"><img src=\"https:\/\/nid.pl\/wp-content\/uploads\/2022\/06\/Lodz-2.jpeg\" alt=\"\" class=\"wp-image-6836\"\/><\/figure>\n<!-- \/wp:image -->\n\n<!-- wp:image {\"id\":6839,\"sizeSlug\":\"large\",\"linkDestination\":\"none\"} -->\n<figure class=\"wp-block-image size-large\"><img src=\"https:\/\/nid.pl\/wp-content\/uploads\/2022\/06\/Lodz-5.jpeg\" alt=\"\" class=\"wp-image-6839\"\/><\/figure>\n<!-- \/wp:image -->\n\n<!-- wp:image {\"id\":6835,\"sizeSlug\":\"large\",\"linkDestination\":\"none\"} -->\n<figure class=\"wp-block-image size-large\"><img src=\"https:\/\/nid.pl\/wp-content\/uploads\/2022\/06\/Lodz-1.jpeg\" alt=\"\" class=\"wp-image-6835\"\/><\/figure>\n<!-- \/wp:image -->\n\n<!-- wp:image {\"id\":6840,\"sizeSlug\":\"large\",\"linkDestination\":\"none\"} -->\n<figure class=\"wp-block-image size-large\"><img src=\"https:\/\/nid.pl\/wp-content\/uploads\/2022\/06\/Lodz-6.jpeg\" alt=\"\" class=\"wp-image-6840\"\/><\/figure>\n<!-- \/wp:image --><\/figure>\n<!-- \/wp:gallery -->","_et_gb_content_width":"","_monsterinsights_skip_tracking":false,"_monsterinsights_sitenote_active":false,"_monsterinsights_sitenote_note":"","_monsterinsights_sitenote_category":0,"footnotes":""},"categories":[3],"tags":[],"class_list":["post-6831","post","type-post","status-publish","format-standard","has-post-thumbnail","hentry","category-aktualnosci"],"yoast_head":"<!-- This site is optimized with the Yoast SEO plugin v26.5 - https:\/\/yoast.com\/wordpress\/plugins\/seo\/ -->\n<title>Otwarcie wystawy \u201ePrzysz\u0142ym pokoleniom. 60 lat misji NID\u201d z udzia\u0142em Wicepremiera prof. Piotra Gli\u0144skiego w \u0141odzi - NID<\/title>\n<meta name=\"robots\" content=\"index, follow, max-snippet:-1, max-image-preview:large, max-video-preview:-1\" \/>\n<link rel=\"canonical\" href=\"https:\/\/nid.pl\/en\/2022\/06\/10\/otwarcie-wystawy-przyszlym-pokoleniom-60-lat-misji-nid-z-udzialem-wicepremiera-prof-piotra-glinskiego-w-lodzi\/\" \/>\n<meta property=\"og:locale\" content=\"en_GB\" \/>\n<meta property=\"og:type\" content=\"article\" \/>\n<meta property=\"og:title\" content=\"Otwarcie wystawy \u201ePrzysz\u0142ym pokoleniom. 60 lat misji NID\u201d z udzia\u0142em Wicepremiera prof. Piotra Gli\u0144skiego w \u0141odzi - NID\" \/>\n<meta property=\"og:description\" content=\"10 czerwca na Rynku Manufaktury w \u0141odzi otwarta zosta\u0142a wystawa \u201ePrzysz\u0142ym pokoleniom. 60 lat misji Narodowego Instytutu Dziedzictwa\u201d. \u0141\u00f3dzka wystawa to trzeci z cyklu 15. planowanych w ramach jubileuszu Narodowego [&hellip;]\" \/>\n<meta property=\"og:url\" content=\"https:\/\/nid.pl\/en\/2022\/06\/10\/otwarcie-wystawy-przyszlym-pokoleniom-60-lat-misji-nid-z-udzialem-wicepremiera-prof-piotra-glinskiego-w-lodzi\/\" \/>\n<meta property=\"og:site_name\" content=\"NID\" \/>\n<meta property=\"article:publisher\" content=\"https:\/\/www.facebook.com\/zabytek\" \/>\n<meta property=\"article:published_time\" content=\"2022-06-10T14:28:20+00:00\" \/>\n<meta property=\"article:modified_time\" content=\"2022-06-27T10:36:15+00:00\" \/>\n<meta property=\"og:image\" content=\"https:\/\/nid.pl\/wp-content\/uploads\/2022\/06\/WhatsApp-Image-2022-06-10-at-15..jpg\" \/>\n\t<meta property=\"og:image:width\" content=\"600\" \/>\n\t<meta property=\"og:image:height\" content=\"400\" \/>\n\t<meta property=\"og:image:type\" content=\"image\/jpeg\" \/>\n<meta name=\"author\" content=\"Barbara Halliop\" \/>\n<meta name=\"twitter:card\" content=\"summary_large_image\" \/>\n<meta name=\"twitter:creator\" content=\"@NarIDpl\" \/>\n<meta name=\"twitter:site\" content=\"@NarIDpl\" \/>\n<meta name=\"twitter:label1\" content=\"Written by\" \/>\n\t<meta name=\"twitter:data1\" content=\"Barbara Halliop\" \/>\n\t<meta name=\"twitter:label2\" content=\"Estimated reading time\" \/>\n\t<meta name=\"twitter:data2\" content=\"6 minutes\" \/>\n<script type=\"application\/ld+json\" class=\"yoast-schema-graph\">{\"@context\":\"https:\/\/schema.org\",\"@graph\":[{\"@type\":\"Article\",\"@id\":\"https:\/\/nid.pl\/2022\/06\/10\/otwarcie-wystawy-przyszlym-pokoleniom-60-lat-misji-nid-z-udzialem-wicepremiera-prof-piotra-glinskiego-w-lodzi\/#article\",\"isPartOf\":{\"@id\":\"https:\/\/nid.pl\/2022\/06\/10\/otwarcie-wystawy-przyszlym-pokoleniom-60-lat-misji-nid-z-udzialem-wicepremiera-prof-piotra-glinskiego-w-lodzi\/\"},\"author\":{\"name\":\"Barbara Halliop\",\"@id\":\"https:\/\/nid.pl\/#\/schema\/person\/1b690a8998a5111cfb9f0ffe24195a15\"},\"headline\":\"Otwarcie wystawy \u201ePrzysz\u0142ym pokoleniom. 60 lat misji NID\u201d z udzia\u0142em Wicepremiera prof. Piotra Gli\u0144skiego w \u0141odzi\",\"datePublished\":\"2022-06-10T14:28:20+00:00\",\"dateModified\":\"2022-06-27T10:36:15+00:00\",\"mainEntityOfPage\":{\"@id\":\"https:\/\/nid.pl\/2022\/06\/10\/otwarcie-wystawy-przyszlym-pokoleniom-60-lat-misji-nid-z-udzialem-wicepremiera-prof-piotra-glinskiego-w-lodzi\/\"},\"wordCount\":1100,\"commentCount\":0,\"publisher\":{\"@id\":\"https:\/\/nid.pl\/#organization\"},\"image\":{\"@id\":\"https:\/\/nid.pl\/2022\/06\/10\/otwarcie-wystawy-przyszlym-pokoleniom-60-lat-misji-nid-z-udzialem-wicepremiera-prof-piotra-glinskiego-w-lodzi\/#primaryimage\"},\"thumbnailUrl\":\"https:\/\/nid.pl\/wp-content\/uploads\/2022\/06\/WhatsApp-Image-2022-06-10-at-15..jpg\",\"articleSection\":[\"Aktualno\u015bci\"],\"inLanguage\":\"en-GB\"},{\"@type\":\"WebPage\",\"@id\":\"https:\/\/nid.pl\/2022\/06\/10\/otwarcie-wystawy-przyszlym-pokoleniom-60-lat-misji-nid-z-udzialem-wicepremiera-prof-piotra-glinskiego-w-lodzi\/\",\"url\":\"https:\/\/nid.pl\/2022\/06\/10\/otwarcie-wystawy-przyszlym-pokoleniom-60-lat-misji-nid-z-udzialem-wicepremiera-prof-piotra-glinskiego-w-lodzi\/\",\"name\":\"Otwarcie wystawy \u201ePrzysz\u0142ym pokoleniom. 60 lat misji NID\u201d z udzia\u0142em Wicepremiera prof. Piotra Gli\u0144skiego w \u0141odzi - NID\",\"isPartOf\":{\"@id\":\"https:\/\/nid.pl\/#website\"},\"primaryImageOfPage\":{\"@id\":\"https:\/\/nid.pl\/2022\/06\/10\/otwarcie-wystawy-przyszlym-pokoleniom-60-lat-misji-nid-z-udzialem-wicepremiera-prof-piotra-glinskiego-w-lodzi\/#primaryimage\"},\"image\":{\"@id\":\"https:\/\/nid.pl\/2022\/06\/10\/otwarcie-wystawy-przyszlym-pokoleniom-60-lat-misji-nid-z-udzialem-wicepremiera-prof-piotra-glinskiego-w-lodzi\/#primaryimage\"},\"thumbnailUrl\":\"https:\/\/nid.pl\/wp-content\/uploads\/2022\/06\/WhatsApp-Image-2022-06-10-at-15..jpg\",\"datePublished\":\"2022-06-10T14:28:20+00:00\",\"dateModified\":\"2022-06-27T10:36:15+00:00\",\"breadcrumb\":{\"@id\":\"https:\/\/nid.pl\/2022\/06\/10\/otwarcie-wystawy-przyszlym-pokoleniom-60-lat-misji-nid-z-udzialem-wicepremiera-prof-piotra-glinskiego-w-lodzi\/#breadcrumb\"},\"inLanguage\":\"en-GB\",\"potentialAction\":[{\"@type\":\"ReadAction\",\"target\":[\"https:\/\/nid.pl\/2022\/06\/10\/otwarcie-wystawy-przyszlym-pokoleniom-60-lat-misji-nid-z-udzialem-wicepremiera-prof-piotra-glinskiego-w-lodzi\/\"]}]},{\"@type\":\"ImageObject\",\"inLanguage\":\"en-GB\",\"@id\":\"https:\/\/nid.pl\/2022\/06\/10\/otwarcie-wystawy-przyszlym-pokoleniom-60-lat-misji-nid-z-udzialem-wicepremiera-prof-piotra-glinskiego-w-lodzi\/#primaryimage\",\"url\":\"https:\/\/nid.pl\/wp-content\/uploads\/2022\/06\/WhatsApp-Image-2022-06-10-at-15..jpg\",\"contentUrl\":\"https:\/\/nid.pl\/wp-content\/uploads\/2022\/06\/WhatsApp-Image-2022-06-10-at-15..jpg\",\"width\":600,\"height\":400,\"caption\":\"WhatsApp Image at\"},{\"@type\":\"BreadcrumbList\",\"@id\":\"https:\/\/nid.pl\/2022\/06\/10\/otwarcie-wystawy-przyszlym-pokoleniom-60-lat-misji-nid-z-udzialem-wicepremiera-prof-piotra-glinskiego-w-lodzi\/#breadcrumb\",\"itemListElement\":[{\"@type\":\"ListItem\",\"position\":1,\"name\":\"Home\",\"item\":\"https:\/\/nid.pl\/\"},{\"@type\":\"ListItem\",\"position\":2,\"name\":\"Otwarcie wystawy \u201ePrzysz\u0142ym pokoleniom. 60 lat misji NID\u201d z udzia\u0142em Wicepremiera prof. Piotra Gli\u0144skiego w \u0141odzi\"}]},{\"@type\":\"WebSite\",\"@id\":\"https:\/\/nid.pl\/#website\",\"url\":\"https:\/\/nid.pl\/\",\"name\":\"NID\",\"description\":\"Narodowy Instytut Dziedzictwa\",\"publisher\":{\"@id\":\"https:\/\/nid.pl\/#organization\"},\"potentialAction\":[{\"@type\":\"SearchAction\",\"target\":{\"@type\":\"EntryPoint\",\"urlTemplate\":\"https:\/\/nid.pl\/?s={search_term_string}\"},\"query-input\":{\"@type\":\"PropertyValueSpecification\",\"valueRequired\":true,\"valueName\":\"search_term_string\"}}],\"inLanguage\":\"en-GB\"},{\"@type\":\"Organization\",\"@id\":\"https:\/\/nid.pl\/#organization\",\"name\":\"Narodowy Instytut Dziedzictwa\",\"url\":\"https:\/\/nid.pl\/\",\"logo\":{\"@type\":\"ImageObject\",\"inLanguage\":\"en-GB\",\"@id\":\"https:\/\/nid.pl\/#\/schema\/logo\/image\/\",\"url\":\"https:\/\/nid.pl\/wp-content\/uploads\/2022\/10\/logoRedDark.png\",\"contentUrl\":\"https:\/\/nid.pl\/wp-content\/uploads\/2022\/10\/logoRedDark.png\",\"width\":200,\"height\":197,\"caption\":\"Narodowy Instytut Dziedzictwa\"},\"image\":{\"@id\":\"https:\/\/nid.pl\/#\/schema\/logo\/image\/\"},\"sameAs\":[\"https:\/\/www.facebook.com\/zabytek\",\"https:\/\/x.com\/NarIDpl\",\"https:\/\/www.instagram.com\/nid.pl\/?hl=pl\",\"https:\/\/www.linkedin.com\/company\/narodowy-instytut-dziedzictwa\",\"https:\/\/www.youtube.com\/channel\/UCQXuhKa2uHtmNvLRUSx40JA\"]},{\"@type\":\"Person\",\"@id\":\"https:\/\/nid.pl\/#\/schema\/person\/1b690a8998a5111cfb9f0ffe24195a15\",\"name\":\"Barbara Halliop\",\"image\":{\"@type\":\"ImageObject\",\"inLanguage\":\"en-GB\",\"@id\":\"https:\/\/nid.pl\/#\/schema\/person\/image\/\",\"url\":\"https:\/\/nid.pl\/wp-content\/litespeed\/avatar\/924046d17dd0c842c9fa9ccf489bc6dc.jpg?ver=1777444967\",\"contentUrl\":\"https:\/\/nid.pl\/wp-content\/litespeed\/avatar\/924046d17dd0c842c9fa9ccf489bc6dc.jpg?ver=1777444967\",\"caption\":\"Barbara Halliop\"},\"url\":\"https:\/\/nid.pl\/en\/author\/bhalliop\/\"}]}<\/script>\n<!-- \/ Yoast SEO plugin. -->","yoast_head_json":{"title":"Otwarcie wystawy \u201ePrzysz\u0142ym pokoleniom. 60 lat misji NID\u201d z udzia\u0142em Wicepremiera prof. Piotra Gli\u0144skiego w \u0141odzi - NID","robots":{"index":"index","follow":"follow","max-snippet":"max-snippet:-1","max-image-preview":"max-image-preview:large","max-video-preview":"max-video-preview:-1"},"canonical":"https:\/\/nid.pl\/en\/2022\/06\/10\/otwarcie-wystawy-przyszlym-pokoleniom-60-lat-misji-nid-z-udzialem-wicepremiera-prof-piotra-glinskiego-w-lodzi\/","og_locale":"en_GB","og_type":"article","og_title":"Otwarcie wystawy \u201ePrzysz\u0142ym pokoleniom. 60 lat misji NID\u201d z udzia\u0142em Wicepremiera prof. Piotra Gli\u0144skiego w \u0141odzi - NID","og_description":"10 czerwca na Rynku Manufaktury w \u0141odzi otwarta zosta\u0142a wystawa \u201ePrzysz\u0142ym pokoleniom. 60 lat misji Narodowego Instytutu Dziedzictwa\u201d. \u0141\u00f3dzka wystawa to trzeci z cyklu 15. planowanych w ramach jubileuszu Narodowego [&hellip;]","og_url":"https:\/\/nid.pl\/en\/2022\/06\/10\/otwarcie-wystawy-przyszlym-pokoleniom-60-lat-misji-nid-z-udzialem-wicepremiera-prof-piotra-glinskiego-w-lodzi\/","og_site_name":"NID","article_publisher":"https:\/\/www.facebook.com\/zabytek","article_published_time":"2022-06-10T14:28:20+00:00","article_modified_time":"2022-06-27T10:36:15+00:00","og_image":[{"width":600,"height":400,"url":"https:\/\/nid.pl\/wp-content\/uploads\/2022\/06\/WhatsApp-Image-2022-06-10-at-15..jpg","type":"image\/jpeg"}],"author":"Barbara Halliop","twitter_card":"summary_large_image","twitter_creator":"@NarIDpl","twitter_site":"@NarIDpl","twitter_misc":{"Written by":"Barbara Halliop","Estimated reading time":"6 minutes"},"schema":{"@context":"https:\/\/schema.org","@graph":[{"@type":"Article","@id":"https:\/\/nid.pl\/2022\/06\/10\/otwarcie-wystawy-przyszlym-pokoleniom-60-lat-misji-nid-z-udzialem-wicepremiera-prof-piotra-glinskiego-w-lodzi\/#article","isPartOf":{"@id":"https:\/\/nid.pl\/2022\/06\/10\/otwarcie-wystawy-przyszlym-pokoleniom-60-lat-misji-nid-z-udzialem-wicepremiera-prof-piotra-glinskiego-w-lodzi\/"},"author":{"name":"Barbara Halliop","@id":"https:\/\/nid.pl\/#\/schema\/person\/1b690a8998a5111cfb9f0ffe24195a15"},"headline":"Otwarcie wystawy \u201ePrzysz\u0142ym pokoleniom. 60 lat misji NID\u201d z udzia\u0142em Wicepremiera prof. Piotra Gli\u0144skiego w \u0141odzi","datePublished":"2022-06-10T14:28:20+00:00","dateModified":"2022-06-27T10:36:15+00:00","mainEntityOfPage":{"@id":"https:\/\/nid.pl\/2022\/06\/10\/otwarcie-wystawy-przyszlym-pokoleniom-60-lat-misji-nid-z-udzialem-wicepremiera-prof-piotra-glinskiego-w-lodzi\/"},"wordCount":1100,"commentCount":0,"publisher":{"@id":"https:\/\/nid.pl\/#organization"},"image":{"@id":"https:\/\/nid.pl\/2022\/06\/10\/otwarcie-wystawy-przyszlym-pokoleniom-60-lat-misji-nid-z-udzialem-wicepremiera-prof-piotra-glinskiego-w-lodzi\/#primaryimage"},"thumbnailUrl":"https:\/\/nid.pl\/wp-content\/uploads\/2022\/06\/WhatsApp-Image-2022-06-10-at-15..jpg","articleSection":["Aktualno\u015bci"],"inLanguage":"en-GB"},{"@type":"WebPage","@id":"https:\/\/nid.pl\/2022\/06\/10\/otwarcie-wystawy-przyszlym-pokoleniom-60-lat-misji-nid-z-udzialem-wicepremiera-prof-piotra-glinskiego-w-lodzi\/","url":"https:\/\/nid.pl\/2022\/06\/10\/otwarcie-wystawy-przyszlym-pokoleniom-60-lat-misji-nid-z-udzialem-wicepremiera-prof-piotra-glinskiego-w-lodzi\/","name":"Otwarcie wystawy \u201ePrzysz\u0142ym pokoleniom. 60 lat misji NID\u201d z udzia\u0142em Wicepremiera prof. Piotra Gli\u0144skiego w \u0141odzi - NID","isPartOf":{"@id":"https:\/\/nid.pl\/#website"},"primaryImageOfPage":{"@id":"https:\/\/nid.pl\/2022\/06\/10\/otwarcie-wystawy-przyszlym-pokoleniom-60-lat-misji-nid-z-udzialem-wicepremiera-prof-piotra-glinskiego-w-lodzi\/#primaryimage"},"image":{"@id":"https:\/\/nid.pl\/2022\/06\/10\/otwarcie-wystawy-przyszlym-pokoleniom-60-lat-misji-nid-z-udzialem-wicepremiera-prof-piotra-glinskiego-w-lodzi\/#primaryimage"},"thumbnailUrl":"https:\/\/nid.pl\/wp-content\/uploads\/2022\/06\/WhatsApp-Image-2022-06-10-at-15..jpg","datePublished":"2022-06-10T14:28:20+00:00","dateModified":"2022-06-27T10:36:15+00:00","breadcrumb":{"@id":"https:\/\/nid.pl\/2022\/06\/10\/otwarcie-wystawy-przyszlym-pokoleniom-60-lat-misji-nid-z-udzialem-wicepremiera-prof-piotra-glinskiego-w-lodzi\/#breadcrumb"},"inLanguage":"en-GB","potentialAction":[{"@type":"ReadAction","target":["https:\/\/nid.pl\/2022\/06\/10\/otwarcie-wystawy-przyszlym-pokoleniom-60-lat-misji-nid-z-udzialem-wicepremiera-prof-piotra-glinskiego-w-lodzi\/"]}]},{"@type":"ImageObject","inLanguage":"en-GB","@id":"https:\/\/nid.pl\/2022\/06\/10\/otwarcie-wystawy-przyszlym-pokoleniom-60-lat-misji-nid-z-udzialem-wicepremiera-prof-piotra-glinskiego-w-lodzi\/#primaryimage","url":"https:\/\/nid.pl\/wp-content\/uploads\/2022\/06\/WhatsApp-Image-2022-06-10-at-15..jpg","contentUrl":"https:\/\/nid.pl\/wp-content\/uploads\/2022\/06\/WhatsApp-Image-2022-06-10-at-15..jpg","width":600,"height":400,"caption":"WhatsApp Image at"},{"@type":"BreadcrumbList","@id":"https:\/\/nid.pl\/2022\/06\/10\/otwarcie-wystawy-przyszlym-pokoleniom-60-lat-misji-nid-z-udzialem-wicepremiera-prof-piotra-glinskiego-w-lodzi\/#breadcrumb","itemListElement":[{"@type":"ListItem","position":1,"name":"Home","item":"https:\/\/nid.pl\/"},{"@type":"ListItem","position":2,"name":"Otwarcie wystawy \u201ePrzysz\u0142ym pokoleniom. 60 lat misji NID\u201d z udzia\u0142em Wicepremiera prof. Piotra Gli\u0144skiego w \u0141odzi"}]},{"@type":"WebSite","@id":"https:\/\/nid.pl\/#website","url":"https:\/\/nid.pl\/","name":"NID","description":"Narodowy Instytut Dziedzictwa","publisher":{"@id":"https:\/\/nid.pl\/#organization"},"potentialAction":[{"@type":"SearchAction","target":{"@type":"EntryPoint","urlTemplate":"https:\/\/nid.pl\/?s={search_term_string}"},"query-input":{"@type":"PropertyValueSpecification","valueRequired":true,"valueName":"search_term_string"}}],"inLanguage":"en-GB"},{"@type":"Organization","@id":"https:\/\/nid.pl\/#organization","name":"Narodowy Instytut Dziedzictwa","url":"https:\/\/nid.pl\/","logo":{"@type":"ImageObject","inLanguage":"en-GB","@id":"https:\/\/nid.pl\/#\/schema\/logo\/image\/","url":"https:\/\/nid.pl\/wp-content\/uploads\/2022\/10\/logoRedDark.png","contentUrl":"https:\/\/nid.pl\/wp-content\/uploads\/2022\/10\/logoRedDark.png","width":200,"height":197,"caption":"Narodowy Instytut Dziedzictwa"},"image":{"@id":"https:\/\/nid.pl\/#\/schema\/logo\/image\/"},"sameAs":["https:\/\/www.facebook.com\/zabytek","https:\/\/x.com\/NarIDpl","https:\/\/www.instagram.com\/nid.pl\/?hl=pl","https:\/\/www.linkedin.com\/company\/narodowy-instytut-dziedzictwa","https:\/\/www.youtube.com\/channel\/UCQXuhKa2uHtmNvLRUSx40JA"]},{"@type":"Person","@id":"https:\/\/nid.pl\/#\/schema\/person\/1b690a8998a5111cfb9f0ffe24195a15","name":"Barbara Halliop","image":{"@type":"ImageObject","inLanguage":"en-GB","@id":"https:\/\/nid.pl\/#\/schema\/person\/image\/","url":"https:\/\/nid.pl\/wp-content\/litespeed\/avatar\/924046d17dd0c842c9fa9ccf489bc6dc.jpg?ver=1777444967","contentUrl":"https:\/\/nid.pl\/wp-content\/litespeed\/avatar\/924046d17dd0c842c9fa9ccf489bc6dc.jpg?ver=1777444967","caption":"Barbara Halliop"},"url":"https:\/\/nid.pl\/en\/author\/bhalliop\/"}]}},"_links":{"self":[{"href":"https:\/\/nid.pl\/en\/wp-json\/wp\/v2\/posts\/6831","targetHints":{"allow":["GET"]}}],"collection":[{"href":"https:\/\/nid.pl\/en\/wp-json\/wp\/v2\/posts"}],"about":[{"href":"https:\/\/nid.pl\/en\/wp-json\/wp\/v2\/types\/post"}],"author":[{"embeddable":true,"href":"https:\/\/nid.pl\/en\/wp-json\/wp\/v2\/users\/7"}],"replies":[{"embeddable":true,"href":"https:\/\/nid.pl\/en\/wp-json\/wp\/v2\/comments?post=6831"}],"version-history":[{"count":0,"href":"https:\/\/nid.pl\/en\/wp-json\/wp\/v2\/posts\/6831\/revisions"}],"wp:featuredmedia":[{"embeddable":true,"href":"https:\/\/nid.pl\/en\/wp-json\/wp\/v2\/media\/6841"}],"wp:attachment":[{"href":"https:\/\/nid.pl\/en\/wp-json\/wp\/v2\/media?parent=6831"}],"wp:term":[{"taxonomy":"category","embeddable":true,"href":"https:\/\/nid.pl\/en\/wp-json\/wp\/v2\/categories?post=6831"},{"taxonomy":"post_tag","embeddable":true,"href":"https:\/\/nid.pl\/en\/wp-json\/wp\/v2\/tags?post=6831"}],"curies":[{"name":"wp","href":"https:\/\/api.w.org\/{rel}","templated":true}]}}