{"id":6040,"date":"2022-04-15T09:28:00","date_gmt":"2022-04-15T07:28:00","guid":{"rendered":"https:\/\/nid.pl\/?p=6040"},"modified":"2022-04-27T10:03:23","modified_gmt":"2022-04-27T08:03:23","slug":"konferencja-cel-dziedzictwo-ochrona-dobr-kultury-polskie-odpowiedzi-na-biezace-wyzwania21-22-kwietnia-2022-r-willa-decjusza-krakow","status":"publish","type":"post","link":"https:\/\/nid.pl\/en\/2022\/04\/15\/konferencja-cel-dziedzictwo-ochrona-dobr-kultury-polskie-odpowiedzi-na-biezace-wyzwania21-22-kwietnia-2022-r-willa-decjusza-krakow\/","title":{"rendered":"Konferencja &#8220;CEL: DZIEDZICTWO. Ochrona d\u00f3br kultury &#8211; polskie odpowiedzi na bie\u017c\u0105ce wyzwania&#8221;"},"content":{"rendered":"<p>Narodowy Instytutu Dziedzictwa zaprasza do udzia\u0142u w Konferencji.<\/p>\n\n\n\n<p>Wskutek dzia\u0142a\u0144 wojennych wojsk rosyjskich na Ukrainie zniszczeniu uleg\u0142 Sob\u00f3r Za\u015bni\u0119cia Matki Bo\u017cej, zabytkowe budynki uniwersytetu im. Wasyla Karazina w Charkowie, Akademia Sztuk Pi\u0119knych w stolicy i muzeum znanej ludowej malarki Marii Prymaczenko, kt\u00f3rej prace, po raz pierwszy w Polsce, ogl\u0105dali\u015bmy w Willi Decjusza w 2020 r. Dyrektorzy i kustosze ukrai\u0144skich instytucji kultury kieruj\u0105 do mi\u0119dzynarodowej spo\u0142eczno\u015bci dramatyczne apele o pomoc. W odpowiedzi na nie trwaj\u0105 zbi\u00f3rki, organizowane s\u0105 transporty i inne dzia\u0142ania pomocowe. Wydarzenia ostatnich wojennych dni wymagaj\u0105 natychmiastowych dzia\u0142a\u0144, ale wiemy tak\u017ce, \u017ce proces zabezpieczania, odbudowy i restauracji zabytk\u00f3w i dzie\u0142 sztuki b\u0119dzie wymaga\u0142 d\u0142ugofalowego wysi\u0142ku spo\u0142eczno\u015bci mi\u0119dzynarodowej.<\/p>\n\n\n\n<p><strong>Konferencja, kt\u00f3ra odb\u0119dzie si\u0119 w dn. 21-22. kwietnia br. w Krakowie, w Willi Decjusza pt.: \u201eCEL: DZIEDZICTWO. Ochrona d\u00f3br kultury &#8211; polskie odpowiedzi na bie\u017c\u0105ce wyzwania\u201d <\/strong>zaplanowana zosta\u0142a kilka miesi\u0119cy temu i mia\u0142a na celu prezentacj\u0119 wynik\u00f3w dwuletniego projektu pt.: \u201eMi\u0119dzysektorowe wyzwania: specjalista ds. ochrony d\u00f3br kultury na wypadek sytuacji kryzysowej i wojny \u2013 opracowanie programu studi\u00f3w podyplomowych, dedykowanych pracownikom dzia\u0142aj\u0105cym na pograniczu dziedzin\u201d, realizowanego w latach 2020-2022, jako przedmiot wsp\u00f3\u0142pracy pomi\u0119dzy Stowarzyszeniem Willa Decjusza w Krakowie, Akademi\u0105 Marynarki Wojennej im. Bohater\u00f3w Westerplatte w Gdyni oraz Instytutem Kultury Willa Decjusza w Krakowie, w ramach Programu Edukacja, z funduszy Mechanizmu Finansowego Europejskiego Obszaru Gospodarczego 2014-2021 oraz bud\u017cetu Pa\u0144stwa Polskiego.<br>Celem projektu by\u0142o opracowanie od podstaw nowego kierunku studi\u00f3w podyplomowych, opracowanie programu kurs\u00f3w w zakresie ochrony d\u00f3br kultury oraz przygotowanie pakietu publikacji. Projekt pokaza\u0142 z\u0142o\u017cono\u015b\u0107 problematyki ochrony dziedzictwa kulturowego i zweryfikowa\u0142 ofert\u0119 programow\u0105, kt\u00f3ra jest obecnie dost\u0119pna na rynku.<br>Wypracowane efekty i wnioski z poszczeg\u00f3lnych etap\u00f3w projektu oraz przede wszystkim bie\u017c\u0105ce wydarzenia utwierdzaj\u0105 nas w przekonaniu, i\u017c ochrona d\u00f3br kultury to proces stale aktualny w ka\u017cdym kontek\u015bcie. Program konferencji obejmuje tematy takie jak: prawo humanitarne, obowi\u0105zki administrator\u00f3w i zarz\u0105dc\u00f3w zabytk\u00f3w, zagadnienia konserwacji ratunkowej czy plany ochrony zabytk\u00f3w i przygotowanie obiekt\u00f3w i zajmuj\u0105cego si\u0119 nimi personelu do sprostania zagro\u017ceniom i wyzwaniom to kwestie, kt\u00f3re w ci\u0105gu ostatnich dni nabra\u0142y priorytetowego znaczenia. Tym bardziej pokazanie dzia\u0142a\u0144 z perspektywy polskiej i mi\u0119dzynarodowej zyskuje na znaczeniu. Wojna i post\u0119puj\u0105ce zniszczenia w Ukrainie uzmys\u0142awiaj\u0105, \u017ce liczne dobra kultury, kt\u00f3re obj\u0119te s\u0105 ochron\u0105 Konwencji Haskiej, nadal pomimo wielu wysi\u0142k\u00f3w i apeli s\u0105 celem \u015bwiadomych atak\u00f3w.<\/p>\n\n\n\n<p>Ka\u017cda z sytuacji kryzysowych: konflikt zbrojny, katastrofa naturalna, przest\u0119pczo\u015b\u0107 czy nawet zaniedbanie, wymaga innego zestawu kompetencji i planu dziania. Niezb\u0119dne jest ugruntowywanie i systematyczne pog\u0142\u0119bianie wiedzy i umiej\u0119tno\u015bci w zakresie ochrony dziedzictwa kultury, w szczeg\u00f3lno\u015bci przez osoby odpowiedzialne za bezpiecze\u0144stwo obiekt\u00f3w zabytkowych i instytucji gromadz\u0105cych dobra kultury.<\/p>\n\n\n\n<p>Zapraszamy do udzia\u0142u w Konferencji!<\/p>\n\n\n\n<p>Szczeg\u00f3\u0142owe informacje znajduj\u0105 si\u0119 <a href=\"https:\/\/willadecjusza.pl\/aktualnosci\/konferencja-cel-dziedzictwo\" target=\"_blank\" rel=\"noreferrer noopener\">TUTAJ<\/a>. <br>Przewidziana jest transmisja online oraz t\u0142umaczenie PL_EN.<\/p>\n\n\n\n<p><a href=\"https:\/\/docs.google.com\/forms\/d\/e\/1FAIpQLScZ7tWEMPGOAB8N1ADw2AFqqqOHNS3J4_UEg6FiEAcszjKzcQ\/viewform\" target=\"_blank\" rel=\"noreferrer noopener\">Rejestracja<\/a><\/p>\n\n\n\n<p>W sprawach dotycz\u0105cych konferencji prosimy pisa\u0107 na adres:<br><a href=\"mailto:justyna.pawlik@willadecjusza.pl\">justyna.pawlik@willadecjusza.pl<\/a><\/p>\n\n\n\n<p><strong>PATRONAT HONOROWY:<\/strong><br>PROF. JACEK MAJCHROWSKI, PREZYDENT MIASTA KRAKOWA<\/p>\n\n\n\n<p><strong>PATRON WYDARZENIA:<\/strong><br>NARODOWY INSTYTUT DZIEDZICTWA<\/p>\n\n\n\n<p><strong>PATRONI MEDIALNI:<\/strong><br>POLSKIE RADIO DLA ZAGRANICY<br>RADIO KRAK\u00d3W<br>KWARTALNIK \u201eHERITO\u201d<br>MAGICZNY KRAK\u00d3W<\/p>\n\n\n\n<p>Do zobaczenia w Krakowie!<\/p>","protected":false},"excerpt":{"rendered":"<p>Narodowy Instytutu Dziedzictwa zaprasza do udzia\u0142u w Konferencji. Wskutek dzia\u0142a\u0144 wojennych wojsk rosyjskich na Ukrainie zniszczeniu uleg\u0142 Sob\u00f3r Za\u015bni\u0119cia Matki Bo\u017cej, zabytkowe budynki uniwersytetu im. Wasyla Karazina w Charkowie, Akademia [&hellip;]<\/p>","protected":false},"author":7,"featured_media":6041,"comment_status":"open","ping_status":"open","sticky":false,"template":"","format":"standard","meta":{"_et_pb_use_builder":"off","_et_pb_old_content":"","_et_gb_content_width":"","_monsterinsights_skip_tracking":false,"_monsterinsights_sitenote_active":false,"_monsterinsights_sitenote_note":"","_monsterinsights_sitenote_category":0,"footnotes":""},"categories":[28],"tags":[],"class_list":["post-6040","post","type-post","status-publish","format-standard","has-post-thumbnail","hentry","category-patronaty"],"yoast_head":"<!-- This site is optimized with the Yoast SEO plugin v26.5 - https:\/\/yoast.com\/wordpress\/plugins\/seo\/ -->\n<title>Konferencja &quot;CEL: DZIEDZICTWO. Ochrona d\u00f3br kultury - polskie odpowiedzi na bie\u017c\u0105ce wyzwania&quot; - NID<\/title>\n<meta name=\"robots\" content=\"index, follow, max-snippet:-1, max-image-preview:large, max-video-preview:-1\" \/>\n<link rel=\"canonical\" href=\"https:\/\/nid.pl\/en\/2022\/04\/15\/konferencja-cel-dziedzictwo-ochrona-dobr-kultury-polskie-odpowiedzi-na-biezace-wyzwania21-22-kwietnia-2022-r-willa-decjusza-krakow\/\" \/>\n<meta property=\"og:locale\" content=\"en_GB\" \/>\n<meta property=\"og:type\" content=\"article\" \/>\n<meta property=\"og:title\" content=\"Konferencja &quot;CEL: DZIEDZICTWO. Ochrona d\u00f3br kultury - polskie odpowiedzi na bie\u017c\u0105ce wyzwania&quot; - NID\" \/>\n<meta property=\"og:description\" content=\"Narodowy Instytutu Dziedzictwa zaprasza do udzia\u0142u w Konferencji. Wskutek dzia\u0142a\u0144 wojennych wojsk rosyjskich na Ukrainie zniszczeniu uleg\u0142 Sob\u00f3r Za\u015bni\u0119cia Matki Bo\u017cej, zabytkowe budynki uniwersytetu im. Wasyla Karazina w Charkowie, Akademia [&hellip;]\" \/>\n<meta property=\"og:url\" content=\"https:\/\/nid.pl\/en\/2022\/04\/15\/konferencja-cel-dziedzictwo-ochrona-dobr-kultury-polskie-odpowiedzi-na-biezace-wyzwania21-22-kwietnia-2022-r-willa-decjusza-krakow\/\" \/>\n<meta property=\"og:site_name\" content=\"NID\" \/>\n<meta property=\"article:publisher\" content=\"https:\/\/www.facebook.com\/zabytek\" \/>\n<meta property=\"article:published_time\" content=\"2022-04-15T07:28:00+00:00\" \/>\n<meta property=\"article:modified_time\" content=\"2022-04-27T08:03:23+00:00\" \/>\n<meta property=\"og:image\" content=\"https:\/\/nid.pl\/wp-content\/uploads\/2022\/04\/grafika.jpg\" \/>\n\t<meta property=\"og:image:width\" content=\"1080\" \/>\n\t<meta property=\"og:image:height\" content=\"1080\" \/>\n\t<meta property=\"og:image:type\" content=\"image\/jpeg\" \/>\n<meta name=\"author\" content=\"Barbara Halliop\" \/>\n<meta name=\"twitter:card\" content=\"summary_large_image\" \/>\n<meta name=\"twitter:creator\" content=\"@NarIDpl\" \/>\n<meta name=\"twitter:site\" content=\"@NarIDpl\" \/>\n<meta name=\"twitter:label1\" content=\"Written by\" \/>\n\t<meta name=\"twitter:data1\" content=\"Barbara Halliop\" \/>\n\t<meta name=\"twitter:label2\" content=\"Estimated reading time\" \/>\n\t<meta name=\"twitter:data2\" content=\"3 minutes\" \/>\n<script type=\"application\/ld+json\" class=\"yoast-schema-graph\">{\"@context\":\"https:\/\/schema.org\",\"@graph\":[{\"@type\":\"Article\",\"@id\":\"https:\/\/nid.pl\/2022\/04\/15\/konferencja-cel-dziedzictwo-ochrona-dobr-kultury-polskie-odpowiedzi-na-biezace-wyzwania21-22-kwietnia-2022-r-willa-decjusza-krakow\/#article\",\"isPartOf\":{\"@id\":\"https:\/\/nid.pl\/2022\/04\/15\/konferencja-cel-dziedzictwo-ochrona-dobr-kultury-polskie-odpowiedzi-na-biezace-wyzwania21-22-kwietnia-2022-r-willa-decjusza-krakow\/\"},\"author\":{\"name\":\"Barbara Halliop\",\"@id\":\"https:\/\/nid.pl\/#\/schema\/person\/1b690a8998a5111cfb9f0ffe24195a15\"},\"headline\":\"Konferencja &#8220;CEL: DZIEDZICTWO. Ochrona d\u00f3br kultury &#8211; polskie odpowiedzi na bie\u017c\u0105ce wyzwania&#8221;\",\"datePublished\":\"2022-04-15T07:28:00+00:00\",\"dateModified\":\"2022-04-27T08:03:23+00:00\",\"mainEntityOfPage\":{\"@id\":\"https:\/\/nid.pl\/2022\/04\/15\/konferencja-cel-dziedzictwo-ochrona-dobr-kultury-polskie-odpowiedzi-na-biezace-wyzwania21-22-kwietnia-2022-r-willa-decjusza-krakow\/\"},\"wordCount\":578,\"commentCount\":0,\"publisher\":{\"@id\":\"https:\/\/nid.pl\/#organization\"},\"image\":{\"@id\":\"https:\/\/nid.pl\/2022\/04\/15\/konferencja-cel-dziedzictwo-ochrona-dobr-kultury-polskie-odpowiedzi-na-biezace-wyzwania21-22-kwietnia-2022-r-willa-decjusza-krakow\/#primaryimage\"},\"thumbnailUrl\":\"https:\/\/nid.pl\/wp-content\/uploads\/2022\/04\/grafika.jpg\",\"articleSection\":[\"Patronaty\"],\"inLanguage\":\"en-GB\"},{\"@type\":\"WebPage\",\"@id\":\"https:\/\/nid.pl\/2022\/04\/15\/konferencja-cel-dziedzictwo-ochrona-dobr-kultury-polskie-odpowiedzi-na-biezace-wyzwania21-22-kwietnia-2022-r-willa-decjusza-krakow\/\",\"url\":\"https:\/\/nid.pl\/2022\/04\/15\/konferencja-cel-dziedzictwo-ochrona-dobr-kultury-polskie-odpowiedzi-na-biezace-wyzwania21-22-kwietnia-2022-r-willa-decjusza-krakow\/\",\"name\":\"Konferencja \\\"CEL: DZIEDZICTWO. Ochrona d\u00f3br kultury - polskie odpowiedzi na bie\u017c\u0105ce wyzwania\\\" - NID\",\"isPartOf\":{\"@id\":\"https:\/\/nid.pl\/#website\"},\"primaryImageOfPage\":{\"@id\":\"https:\/\/nid.pl\/2022\/04\/15\/konferencja-cel-dziedzictwo-ochrona-dobr-kultury-polskie-odpowiedzi-na-biezace-wyzwania21-22-kwietnia-2022-r-willa-decjusza-krakow\/#primaryimage\"},\"image\":{\"@id\":\"https:\/\/nid.pl\/2022\/04\/15\/konferencja-cel-dziedzictwo-ochrona-dobr-kultury-polskie-odpowiedzi-na-biezace-wyzwania21-22-kwietnia-2022-r-willa-decjusza-krakow\/#primaryimage\"},\"thumbnailUrl\":\"https:\/\/nid.pl\/wp-content\/uploads\/2022\/04\/grafika.jpg\",\"datePublished\":\"2022-04-15T07:28:00+00:00\",\"dateModified\":\"2022-04-27T08:03:23+00:00\",\"breadcrumb\":{\"@id\":\"https:\/\/nid.pl\/2022\/04\/15\/konferencja-cel-dziedzictwo-ochrona-dobr-kultury-polskie-odpowiedzi-na-biezace-wyzwania21-22-kwietnia-2022-r-willa-decjusza-krakow\/#breadcrumb\"},\"inLanguage\":\"en-GB\",\"potentialAction\":[{\"@type\":\"ReadAction\",\"target\":[\"https:\/\/nid.pl\/2022\/04\/15\/konferencja-cel-dziedzictwo-ochrona-dobr-kultury-polskie-odpowiedzi-na-biezace-wyzwania21-22-kwietnia-2022-r-willa-decjusza-krakow\/\"]}]},{\"@type\":\"ImageObject\",\"inLanguage\":\"en-GB\",\"@id\":\"https:\/\/nid.pl\/2022\/04\/15\/konferencja-cel-dziedzictwo-ochrona-dobr-kultury-polskie-odpowiedzi-na-biezace-wyzwania21-22-kwietnia-2022-r-willa-decjusza-krakow\/#primaryimage\",\"url\":\"https:\/\/nid.pl\/wp-content\/uploads\/2022\/04\/grafika.jpg\",\"contentUrl\":\"https:\/\/nid.pl\/wp-content\/uploads\/2022\/04\/grafika.jpg\",\"width\":1080,\"height\":1080,\"caption\":\"Plakat promuj\u0105cy Konferencj\u0119\"},{\"@type\":\"BreadcrumbList\",\"@id\":\"https:\/\/nid.pl\/2022\/04\/15\/konferencja-cel-dziedzictwo-ochrona-dobr-kultury-polskie-odpowiedzi-na-biezace-wyzwania21-22-kwietnia-2022-r-willa-decjusza-krakow\/#breadcrumb\",\"itemListElement\":[{\"@type\":\"ListItem\",\"position\":1,\"name\":\"Home\",\"item\":\"https:\/\/nid.pl\/\"},{\"@type\":\"ListItem\",\"position\":2,\"name\":\"Konferencja &#8220;CEL: DZIEDZICTWO. Ochrona d\u00f3br kultury &#8211; polskie odpowiedzi na bie\u017c\u0105ce wyzwania&#8221;\"}]},{\"@type\":\"WebSite\",\"@id\":\"https:\/\/nid.pl\/#website\",\"url\":\"https:\/\/nid.pl\/\",\"name\":\"NID\",\"description\":\"Narodowy Instytut Dziedzictwa\",\"publisher\":{\"@id\":\"https:\/\/nid.pl\/#organization\"},\"potentialAction\":[{\"@type\":\"SearchAction\",\"target\":{\"@type\":\"EntryPoint\",\"urlTemplate\":\"https:\/\/nid.pl\/?s={search_term_string}\"},\"query-input\":{\"@type\":\"PropertyValueSpecification\",\"valueRequired\":true,\"valueName\":\"search_term_string\"}}],\"inLanguage\":\"en-GB\"},{\"@type\":\"Organization\",\"@id\":\"https:\/\/nid.pl\/#organization\",\"name\":\"Narodowy Instytut Dziedzictwa\",\"url\":\"https:\/\/nid.pl\/\",\"logo\":{\"@type\":\"ImageObject\",\"inLanguage\":\"en-GB\",\"@id\":\"https:\/\/nid.pl\/#\/schema\/logo\/image\/\",\"url\":\"https:\/\/nid.pl\/wp-content\/uploads\/2022\/10\/logoRedDark.png\",\"contentUrl\":\"https:\/\/nid.pl\/wp-content\/uploads\/2022\/10\/logoRedDark.png\",\"width\":200,\"height\":197,\"caption\":\"Narodowy Instytut Dziedzictwa\"},\"image\":{\"@id\":\"https:\/\/nid.pl\/#\/schema\/logo\/image\/\"},\"sameAs\":[\"https:\/\/www.facebook.com\/zabytek\",\"https:\/\/x.com\/NarIDpl\",\"https:\/\/www.instagram.com\/nid.pl\/?hl=pl\",\"https:\/\/www.linkedin.com\/company\/narodowy-instytut-dziedzictwa\",\"https:\/\/www.youtube.com\/channel\/UCQXuhKa2uHtmNvLRUSx40JA\"]},{\"@type\":\"Person\",\"@id\":\"https:\/\/nid.pl\/#\/schema\/person\/1b690a8998a5111cfb9f0ffe24195a15\",\"name\":\"Barbara Halliop\",\"image\":{\"@type\":\"ImageObject\",\"inLanguage\":\"en-GB\",\"@id\":\"https:\/\/nid.pl\/#\/schema\/person\/image\/\",\"url\":\"https:\/\/nid.pl\/wp-content\/litespeed\/avatar\/924046d17dd0c842c9fa9ccf489bc6dc.jpg?ver=1777444967\",\"contentUrl\":\"https:\/\/nid.pl\/wp-content\/litespeed\/avatar\/924046d17dd0c842c9fa9ccf489bc6dc.jpg?ver=1777444967\",\"caption\":\"Barbara Halliop\"},\"url\":\"https:\/\/nid.pl\/en\/author\/bhalliop\/\"}]}<\/script>\n<!-- \/ Yoast SEO plugin. -->","yoast_head_json":{"title":"Konferencja \"CEL: DZIEDZICTWO. Ochrona d\u00f3br kultury - polskie odpowiedzi na bie\u017c\u0105ce wyzwania\" - NID","robots":{"index":"index","follow":"follow","max-snippet":"max-snippet:-1","max-image-preview":"max-image-preview:large","max-video-preview":"max-video-preview:-1"},"canonical":"https:\/\/nid.pl\/en\/2022\/04\/15\/konferencja-cel-dziedzictwo-ochrona-dobr-kultury-polskie-odpowiedzi-na-biezace-wyzwania21-22-kwietnia-2022-r-willa-decjusza-krakow\/","og_locale":"en_GB","og_type":"article","og_title":"Konferencja \"CEL: DZIEDZICTWO. Ochrona d\u00f3br kultury - polskie odpowiedzi na bie\u017c\u0105ce wyzwania\" - NID","og_description":"Narodowy Instytutu Dziedzictwa zaprasza do udzia\u0142u w Konferencji. Wskutek dzia\u0142a\u0144 wojennych wojsk rosyjskich na Ukrainie zniszczeniu uleg\u0142 Sob\u00f3r Za\u015bni\u0119cia Matki Bo\u017cej, zabytkowe budynki uniwersytetu im. Wasyla Karazina w Charkowie, Akademia [&hellip;]","og_url":"https:\/\/nid.pl\/en\/2022\/04\/15\/konferencja-cel-dziedzictwo-ochrona-dobr-kultury-polskie-odpowiedzi-na-biezace-wyzwania21-22-kwietnia-2022-r-willa-decjusza-krakow\/","og_site_name":"NID","article_publisher":"https:\/\/www.facebook.com\/zabytek","article_published_time":"2022-04-15T07:28:00+00:00","article_modified_time":"2022-04-27T08:03:23+00:00","og_image":[{"width":1080,"height":1080,"url":"https:\/\/nid.pl\/wp-content\/uploads\/2022\/04\/grafika.jpg","type":"image\/jpeg"}],"author":"Barbara Halliop","twitter_card":"summary_large_image","twitter_creator":"@NarIDpl","twitter_site":"@NarIDpl","twitter_misc":{"Written by":"Barbara Halliop","Estimated reading time":"3 minutes"},"schema":{"@context":"https:\/\/schema.org","@graph":[{"@type":"Article","@id":"https:\/\/nid.pl\/2022\/04\/15\/konferencja-cel-dziedzictwo-ochrona-dobr-kultury-polskie-odpowiedzi-na-biezace-wyzwania21-22-kwietnia-2022-r-willa-decjusza-krakow\/#article","isPartOf":{"@id":"https:\/\/nid.pl\/2022\/04\/15\/konferencja-cel-dziedzictwo-ochrona-dobr-kultury-polskie-odpowiedzi-na-biezace-wyzwania21-22-kwietnia-2022-r-willa-decjusza-krakow\/"},"author":{"name":"Barbara Halliop","@id":"https:\/\/nid.pl\/#\/schema\/person\/1b690a8998a5111cfb9f0ffe24195a15"},"headline":"Konferencja &#8220;CEL: DZIEDZICTWO. Ochrona d\u00f3br kultury &#8211; polskie odpowiedzi na bie\u017c\u0105ce wyzwania&#8221;","datePublished":"2022-04-15T07:28:00+00:00","dateModified":"2022-04-27T08:03:23+00:00","mainEntityOfPage":{"@id":"https:\/\/nid.pl\/2022\/04\/15\/konferencja-cel-dziedzictwo-ochrona-dobr-kultury-polskie-odpowiedzi-na-biezace-wyzwania21-22-kwietnia-2022-r-willa-decjusza-krakow\/"},"wordCount":578,"commentCount":0,"publisher":{"@id":"https:\/\/nid.pl\/#organization"},"image":{"@id":"https:\/\/nid.pl\/2022\/04\/15\/konferencja-cel-dziedzictwo-ochrona-dobr-kultury-polskie-odpowiedzi-na-biezace-wyzwania21-22-kwietnia-2022-r-willa-decjusza-krakow\/#primaryimage"},"thumbnailUrl":"https:\/\/nid.pl\/wp-content\/uploads\/2022\/04\/grafika.jpg","articleSection":["Patronaty"],"inLanguage":"en-GB"},{"@type":"WebPage","@id":"https:\/\/nid.pl\/2022\/04\/15\/konferencja-cel-dziedzictwo-ochrona-dobr-kultury-polskie-odpowiedzi-na-biezace-wyzwania21-22-kwietnia-2022-r-willa-decjusza-krakow\/","url":"https:\/\/nid.pl\/2022\/04\/15\/konferencja-cel-dziedzictwo-ochrona-dobr-kultury-polskie-odpowiedzi-na-biezace-wyzwania21-22-kwietnia-2022-r-willa-decjusza-krakow\/","name":"Konferencja \"CEL: DZIEDZICTWO. Ochrona d\u00f3br kultury - polskie odpowiedzi na bie\u017c\u0105ce wyzwania\" - NID","isPartOf":{"@id":"https:\/\/nid.pl\/#website"},"primaryImageOfPage":{"@id":"https:\/\/nid.pl\/2022\/04\/15\/konferencja-cel-dziedzictwo-ochrona-dobr-kultury-polskie-odpowiedzi-na-biezace-wyzwania21-22-kwietnia-2022-r-willa-decjusza-krakow\/#primaryimage"},"image":{"@id":"https:\/\/nid.pl\/2022\/04\/15\/konferencja-cel-dziedzictwo-ochrona-dobr-kultury-polskie-odpowiedzi-na-biezace-wyzwania21-22-kwietnia-2022-r-willa-decjusza-krakow\/#primaryimage"},"thumbnailUrl":"https:\/\/nid.pl\/wp-content\/uploads\/2022\/04\/grafika.jpg","datePublished":"2022-04-15T07:28:00+00:00","dateModified":"2022-04-27T08:03:23+00:00","breadcrumb":{"@id":"https:\/\/nid.pl\/2022\/04\/15\/konferencja-cel-dziedzictwo-ochrona-dobr-kultury-polskie-odpowiedzi-na-biezace-wyzwania21-22-kwietnia-2022-r-willa-decjusza-krakow\/#breadcrumb"},"inLanguage":"en-GB","potentialAction":[{"@type":"ReadAction","target":["https:\/\/nid.pl\/2022\/04\/15\/konferencja-cel-dziedzictwo-ochrona-dobr-kultury-polskie-odpowiedzi-na-biezace-wyzwania21-22-kwietnia-2022-r-willa-decjusza-krakow\/"]}]},{"@type":"ImageObject","inLanguage":"en-GB","@id":"https:\/\/nid.pl\/2022\/04\/15\/konferencja-cel-dziedzictwo-ochrona-dobr-kultury-polskie-odpowiedzi-na-biezace-wyzwania21-22-kwietnia-2022-r-willa-decjusza-krakow\/#primaryimage","url":"https:\/\/nid.pl\/wp-content\/uploads\/2022\/04\/grafika.jpg","contentUrl":"https:\/\/nid.pl\/wp-content\/uploads\/2022\/04\/grafika.jpg","width":1080,"height":1080,"caption":"Plakat promuj\u0105cy Konferencj\u0119"},{"@type":"BreadcrumbList","@id":"https:\/\/nid.pl\/2022\/04\/15\/konferencja-cel-dziedzictwo-ochrona-dobr-kultury-polskie-odpowiedzi-na-biezace-wyzwania21-22-kwietnia-2022-r-willa-decjusza-krakow\/#breadcrumb","itemListElement":[{"@type":"ListItem","position":1,"name":"Home","item":"https:\/\/nid.pl\/"},{"@type":"ListItem","position":2,"name":"Konferencja &#8220;CEL: DZIEDZICTWO. Ochrona d\u00f3br kultury &#8211; polskie odpowiedzi na bie\u017c\u0105ce wyzwania&#8221;"}]},{"@type":"WebSite","@id":"https:\/\/nid.pl\/#website","url":"https:\/\/nid.pl\/","name":"NID","description":"Narodowy Instytut Dziedzictwa","publisher":{"@id":"https:\/\/nid.pl\/#organization"},"potentialAction":[{"@type":"SearchAction","target":{"@type":"EntryPoint","urlTemplate":"https:\/\/nid.pl\/?s={search_term_string}"},"query-input":{"@type":"PropertyValueSpecification","valueRequired":true,"valueName":"search_term_string"}}],"inLanguage":"en-GB"},{"@type":"Organization","@id":"https:\/\/nid.pl\/#organization","name":"Narodowy Instytut Dziedzictwa","url":"https:\/\/nid.pl\/","logo":{"@type":"ImageObject","inLanguage":"en-GB","@id":"https:\/\/nid.pl\/#\/schema\/logo\/image\/","url":"https:\/\/nid.pl\/wp-content\/uploads\/2022\/10\/logoRedDark.png","contentUrl":"https:\/\/nid.pl\/wp-content\/uploads\/2022\/10\/logoRedDark.png","width":200,"height":197,"caption":"Narodowy Instytut Dziedzictwa"},"image":{"@id":"https:\/\/nid.pl\/#\/schema\/logo\/image\/"},"sameAs":["https:\/\/www.facebook.com\/zabytek","https:\/\/x.com\/NarIDpl","https:\/\/www.instagram.com\/nid.pl\/?hl=pl","https:\/\/www.linkedin.com\/company\/narodowy-instytut-dziedzictwa","https:\/\/www.youtube.com\/channel\/UCQXuhKa2uHtmNvLRUSx40JA"]},{"@type":"Person","@id":"https:\/\/nid.pl\/#\/schema\/person\/1b690a8998a5111cfb9f0ffe24195a15","name":"Barbara Halliop","image":{"@type":"ImageObject","inLanguage":"en-GB","@id":"https:\/\/nid.pl\/#\/schema\/person\/image\/","url":"https:\/\/nid.pl\/wp-content\/litespeed\/avatar\/924046d17dd0c842c9fa9ccf489bc6dc.jpg?ver=1777444967","contentUrl":"https:\/\/nid.pl\/wp-content\/litespeed\/avatar\/924046d17dd0c842c9fa9ccf489bc6dc.jpg?ver=1777444967","caption":"Barbara Halliop"},"url":"https:\/\/nid.pl\/en\/author\/bhalliop\/"}]}},"_links":{"self":[{"href":"https:\/\/nid.pl\/en\/wp-json\/wp\/v2\/posts\/6040","targetHints":{"allow":["GET"]}}],"collection":[{"href":"https:\/\/nid.pl\/en\/wp-json\/wp\/v2\/posts"}],"about":[{"href":"https:\/\/nid.pl\/en\/wp-json\/wp\/v2\/types\/post"}],"author":[{"embeddable":true,"href":"https:\/\/nid.pl\/en\/wp-json\/wp\/v2\/users\/7"}],"replies":[{"embeddable":true,"href":"https:\/\/nid.pl\/en\/wp-json\/wp\/v2\/comments?post=6040"}],"version-history":[{"count":0,"href":"https:\/\/nid.pl\/en\/wp-json\/wp\/v2\/posts\/6040\/revisions"}],"wp:featuredmedia":[{"embeddable":true,"href":"https:\/\/nid.pl\/en\/wp-json\/wp\/v2\/media\/6041"}],"wp:attachment":[{"href":"https:\/\/nid.pl\/en\/wp-json\/wp\/v2\/media?parent=6040"}],"wp:term":[{"taxonomy":"category","embeddable":true,"href":"https:\/\/nid.pl\/en\/wp-json\/wp\/v2\/categories?post=6040"},{"taxonomy":"post_tag","embeddable":true,"href":"https:\/\/nid.pl\/en\/wp-json\/wp\/v2\/tags?post=6040"}],"curies":[{"name":"wp","href":"https:\/\/api.w.org\/{rel}","templated":true}]}}