{"id":5877,"date":"2022-04-13T14:10:18","date_gmt":"2022-04-13T12:10:18","guid":{"rendered":"https:\/\/nid.pl\/?p=5877"},"modified":"2022-04-14T09:43:35","modified_gmt":"2022-04-14T07:43:35","slug":"ruszyl-nabor-do-programu-wspolnie-dla-dziedzictwa-w-2022-roku","status":"publish","type":"post","link":"https:\/\/nid.pl\/en\/2022\/04\/13\/ruszyl-nabor-do-programu-wspolnie-dla-dziedzictwa-w-2022-roku\/","title":{"rendered":"Ruszy\u0142 nab\u00f3r do Programu\u00a0 Wsp\u00f3lnie dla dziedzictwa w 2022 roku"},"content":{"rendered":"<p><strong>Celem Programu jest tworzenie warunk\u00f3w do zr\u00f3wnowa\u017conej ochrony dziedzictwa kulturowego i wykorzystania jago warto\u015bci dla rozwoju spo\u0142ecznego obecnych i przysz\u0142ych pokole\u0144.<\/strong><\/p>\n\n\n\n<p><strong>Program adresowany jest do\u00a0organizacji pozarz\u0105dowych.<\/strong><\/p>\n\n\n\n<p>W ramach Programu wnioskodawcy mog\u0105 ubiega\u0107 si\u0119 o dofinansowanie zada\u0144 adresowanych przede wszystkim do spo\u0142eczno\u015bci lokalnych, realizuj\u0105cych strategiczne cele Programu poprzez ni\u017cej wymienione dzia\u0142ania:<\/p>\n\n\n\n<ol class=\"wp-block-list\"><li>dzia\u0142ania przy identyfikowaniu, inwentaryzowaniu i dokumentowaniu dziedzictwa kulturowego (materialnego i niematerialnego), prowadz\u0105ce do rozpoznania, utrwalenia oraz zachowania dziedzictwa kulturowego i jego warto\u015bci; <\/li><li>dzia\u0142ania zmierzaj\u0105ce do wzmacniania praktyk spo\u0142eczno-kulturowych, tradycji, w tym tradycji r\u0119kodzielniczych i zwi\u0105zanych z przekazami ustnymi, upowszechniania umiej\u0119tno\u015bci, w tym umiej\u0119tno\u015bci zwi\u0105zanych z rzemios\u0142em lub tradycyjnymi technikami budowlanymi, umo\u017cliwiaj\u0105ce zachowanie zabytk\u00f3w i ich warto\u015bci;<\/li><li>dzia\u0142ania edukacyjne oraz popularyzuj\u0105ce lokalne dziedzictwo kulturowe (materialne i niematerialne) i wiedz\u0119 na jego temat lub na temat jego warto\u015bci, prowadz\u0105ce do zwi\u0119kszenia \u015bwiadomo\u015bci spo\u0142ecznej warto\u015bci dziedzictwa oraz wzmacniania spo\u0142ecznej woli zachowania dziedzictwa i korzystania z jego warto\u015bci;<\/li><li>dzia\u0142ania edukacyjne maj\u0105ce na celu zwi\u0119kszenie poziomu wiedzy na temat procedury zgodnego z obowi\u0105zuj\u0105cymi przepisami prawa poszukiwania zabytk\u00f3w i promocji dobrych praktyk w zakresie poszukiwania zabytk\u00f3w przy u\u017cyciu urz\u0105dze\u0144 elektronicznych i technicznych oraz sprz\u0119tu do nurkowania;<\/li><li>prace porz\u0105dkowe i zabezpieczaj\u0105ce przy zabytkach wpisanych do rejestru zabytk\u00f3w lub w\u0142\u0105czonych do gminnej lub wojew\u00f3dzkiej ewidencji zabytk\u00f3w oraz w ich otoczeniu, prowadz\u0105ce do zabezpieczenia, utrwalenia, uczytelnienia oraz zachowania substancji i warto\u015bci zabytku.<\/li><\/ol>\n\n\n\n<p>Aplikowanie odbywa si\u0119 za pomoc\u0105 platformy informatycznej Witkac &#8211; www.witkac.pl<\/p>\n\n\n\n<p><strong>Nab\u00f3r wniosk\u00f3w do programu trwa do 13 maja 2022 r. do godz. 15.00.<\/strong><\/p>\n\n\n\n<p><strong>UWAGA!<\/strong> Na etapie naboru nie jest wymagane podpisane papierowe potwierdzenie z\u0142o\u017cenia wniosku.<\/p>\n\n\n\n<p>Prosimy o uwa\u017cne zapoznanie si\u0119 z warunkami ubiegania si\u0119 o dofinansowanie zawartymi w <em><strong>Regulaminie Programu Wsp\u00f3lnie dla dziedzictwa 2022.<\/strong><\/em><\/p>\n\n\n\n<p>Wskaz\u00f3wki do prawid\u0142owego wype\u0142nienia wniosku o dofinansowanie znajduj\u0105 si\u0119 w za\u0142\u0105czonej <em><strong>Instrukcji wype\u0142niania wniosku WDD 2022<\/strong><\/em>.<\/p>\n\n\n\n<p>Download<br><a href=\"https:\/\/nid.pl\/wp-content\/uploads\/2022\/04\/Regulamin-Programu-Wspolnie-dla-dziedzictwa-2022.pdf\" target=\"_blank\" rel=\"noreferrer noopener\">Regulamin Programu Wsp\u00f3lnie dla dziedzictwa 2022<\/a><br><a href=\"https:\/\/nid.pl\/wp-content\/uploads\/2022\/04\/Instrukcja-wypelniania-wniosku-Wspolnie-dla-dziedzictwa-2022.pdf\" target=\"_blank\" rel=\"noreferrer noopener\">Instrukcja wype\u0142niania wniosku WDD 2022<\/a><\/p>\n\n\n\n<p><\/p>\n\n\n\n<p>Szczeg\u00f3\u0142owych informacji udziela w godz. 12.00-16.00 (pn \u2013 pt):<br>Renata Olech &#8211; koordynator programu<br>(022) 826 02 39 wew. 112<br>(+48) 506 364 492<br>rolech@nid.pl<\/p>","protected":false},"excerpt":{"rendered":"<p>Celem Programu jest tworzenie warunk\u00f3w do zr\u00f3wnowa\u017conej ochrony dziedzictwa kulturowego i wykorzystania jago warto\u015bci dla rozwoju spo\u0142ecznego obecnych i przysz\u0142ych pokole\u0144. Program adresowany jest do\u00a0organizacji pozarz\u0105dowych. W ramach Programu wnioskodawcy [&hellip;]<\/p>","protected":false},"author":7,"featured_media":2318,"comment_status":"open","ping_status":"open","sticky":false,"template":"","format":"standard","meta":{"_et_pb_use_builder":"off","_et_pb_old_content":"","_et_gb_content_width":"","_monsterinsights_skip_tracking":false,"_monsterinsights_sitenote_active":false,"_monsterinsights_sitenote_note":"","_monsterinsights_sitenote_category":0,"footnotes":""},"categories":[3,36],"tags":[],"class_list":["post-5877","post","type-post","status-publish","format-standard","has-post-thumbnail","hentry","category-aktualnosci","category-wspolnie-dla-dziedzictwa"],"yoast_head":"<!-- This site is optimized with the Yoast SEO plugin v26.5 - https:\/\/yoast.com\/wordpress\/plugins\/seo\/ -->\n<title>Ruszy\u0142 nab\u00f3r do Programu\u00a0 Wsp\u00f3lnie dla dziedzictwa w 2022 roku - NID<\/title>\n<meta name=\"robots\" content=\"index, follow, max-snippet:-1, max-image-preview:large, max-video-preview:-1\" \/>\n<link rel=\"canonical\" href=\"https:\/\/nid.pl\/en\/2022\/04\/13\/ruszyl-nabor-do-programu-wspolnie-dla-dziedzictwa-w-2022-roku\/\" \/>\n<meta property=\"og:locale\" content=\"en_GB\" \/>\n<meta property=\"og:type\" content=\"article\" \/>\n<meta property=\"og:title\" content=\"Ruszy\u0142 nab\u00f3r do Programu\u00a0 Wsp\u00f3lnie dla dziedzictwa w 2022 roku - NID\" \/>\n<meta property=\"og:description\" content=\"Celem Programu jest tworzenie warunk\u00f3w do zr\u00f3wnowa\u017conej ochrony dziedzictwa kulturowego i wykorzystania jago warto\u015bci dla rozwoju spo\u0142ecznego obecnych i przysz\u0142ych pokole\u0144. Program adresowany jest do\u00a0organizacji pozarz\u0105dowych. W ramach Programu wnioskodawcy [&hellip;]\" \/>\n<meta property=\"og:url\" content=\"https:\/\/nid.pl\/en\/2022\/04\/13\/ruszyl-nabor-do-programu-wspolnie-dla-dziedzictwa-w-2022-roku\/\" \/>\n<meta property=\"og:site_name\" content=\"NID\" \/>\n<meta property=\"article:publisher\" content=\"https:\/\/www.facebook.com\/zabytek\" \/>\n<meta property=\"article:published_time\" content=\"2022-04-13T12:10:18+00:00\" \/>\n<meta property=\"article:modified_time\" content=\"2022-04-14T07:43:35+00:00\" \/>\n<meta property=\"og:image\" content=\"https:\/\/nid.pl\/wp-content\/uploads\/2021\/07\/NID_wspolnie_dla_dziedzictwa_2.png\" \/>\n\t<meta property=\"og:image:width\" content=\"708\" \/>\n\t<meta property=\"og:image:height\" content=\"236\" \/>\n\t<meta property=\"og:image:type\" content=\"image\/png\" \/>\n<meta name=\"author\" content=\"Barbara Halliop\" \/>\n<meta name=\"twitter:card\" content=\"summary_large_image\" \/>\n<meta name=\"twitter:creator\" content=\"@NarIDpl\" \/>\n<meta name=\"twitter:site\" content=\"@NarIDpl\" \/>\n<meta name=\"twitter:label1\" content=\"Written by\" \/>\n\t<meta name=\"twitter:data1\" content=\"Barbara Halliop\" \/>\n\t<meta name=\"twitter:label2\" content=\"Estimated reading time\" \/>\n\t<meta name=\"twitter:data2\" content=\"2 minutes\" \/>\n<script type=\"application\/ld+json\" class=\"yoast-schema-graph\">{\"@context\":\"https:\/\/schema.org\",\"@graph\":[{\"@type\":\"Article\",\"@id\":\"https:\/\/nid.pl\/2022\/04\/13\/ruszyl-nabor-do-programu-wspolnie-dla-dziedzictwa-w-2022-roku\/#article\",\"isPartOf\":{\"@id\":\"https:\/\/nid.pl\/2022\/04\/13\/ruszyl-nabor-do-programu-wspolnie-dla-dziedzictwa-w-2022-roku\/\"},\"author\":{\"name\":\"Barbara Halliop\",\"@id\":\"https:\/\/nid.pl\/#\/schema\/person\/1b690a8998a5111cfb9f0ffe24195a15\"},\"headline\":\"Ruszy\u0142 nab\u00f3r do Programu\u00a0 Wsp\u00f3lnie dla dziedzictwa w 2022 roku\",\"datePublished\":\"2022-04-13T12:10:18+00:00\",\"dateModified\":\"2022-04-14T07:43:35+00:00\",\"mainEntityOfPage\":{\"@id\":\"https:\/\/nid.pl\/2022\/04\/13\/ruszyl-nabor-do-programu-wspolnie-dla-dziedzictwa-w-2022-roku\/\"},\"wordCount\":392,\"commentCount\":0,\"publisher\":{\"@id\":\"https:\/\/nid.pl\/#organization\"},\"image\":{\"@id\":\"https:\/\/nid.pl\/2022\/04\/13\/ruszyl-nabor-do-programu-wspolnie-dla-dziedzictwa-w-2022-roku\/#primaryimage\"},\"thumbnailUrl\":\"https:\/\/nid.pl\/wp-content\/uploads\/2021\/07\/NID_wspolnie_dla_dziedzictwa_2.png\",\"articleSection\":[\"Aktualno\u015bci\",\"Wsp\u00f3lnie dla dziedzictwa\"],\"inLanguage\":\"en-GB\"},{\"@type\":\"WebPage\",\"@id\":\"https:\/\/nid.pl\/2022\/04\/13\/ruszyl-nabor-do-programu-wspolnie-dla-dziedzictwa-w-2022-roku\/\",\"url\":\"https:\/\/nid.pl\/2022\/04\/13\/ruszyl-nabor-do-programu-wspolnie-dla-dziedzictwa-w-2022-roku\/\",\"name\":\"Ruszy\u0142 nab\u00f3r do Programu\u00a0 Wsp\u00f3lnie dla dziedzictwa w 2022 roku - NID\",\"isPartOf\":{\"@id\":\"https:\/\/nid.pl\/#website\"},\"primaryImageOfPage\":{\"@id\":\"https:\/\/nid.pl\/2022\/04\/13\/ruszyl-nabor-do-programu-wspolnie-dla-dziedzictwa-w-2022-roku\/#primaryimage\"},\"image\":{\"@id\":\"https:\/\/nid.pl\/2022\/04\/13\/ruszyl-nabor-do-programu-wspolnie-dla-dziedzictwa-w-2022-roku\/#primaryimage\"},\"thumbnailUrl\":\"https:\/\/nid.pl\/wp-content\/uploads\/2021\/07\/NID_wspolnie_dla_dziedzictwa_2.png\",\"datePublished\":\"2022-04-13T12:10:18+00:00\",\"dateModified\":\"2022-04-14T07:43:35+00:00\",\"breadcrumb\":{\"@id\":\"https:\/\/nid.pl\/2022\/04\/13\/ruszyl-nabor-do-programu-wspolnie-dla-dziedzictwa-w-2022-roku\/#breadcrumb\"},\"inLanguage\":\"en-GB\",\"potentialAction\":[{\"@type\":\"ReadAction\",\"target\":[\"https:\/\/nid.pl\/2022\/04\/13\/ruszyl-nabor-do-programu-wspolnie-dla-dziedzictwa-w-2022-roku\/\"]}]},{\"@type\":\"ImageObject\",\"inLanguage\":\"en-GB\",\"@id\":\"https:\/\/nid.pl\/2022\/04\/13\/ruszyl-nabor-do-programu-wspolnie-dla-dziedzictwa-w-2022-roku\/#primaryimage\",\"url\":\"https:\/\/nid.pl\/wp-content\/uploads\/2021\/07\/NID_wspolnie_dla_dziedzictwa_2.png\",\"contentUrl\":\"https:\/\/nid.pl\/wp-content\/uploads\/2021\/07\/NID_wspolnie_dla_dziedzictwa_2.png\",\"width\":708,\"height\":236,\"caption\":\"NID wspolnie dla dziedzictwa\"},{\"@type\":\"BreadcrumbList\",\"@id\":\"https:\/\/nid.pl\/2022\/04\/13\/ruszyl-nabor-do-programu-wspolnie-dla-dziedzictwa-w-2022-roku\/#breadcrumb\",\"itemListElement\":[{\"@type\":\"ListItem\",\"position\":1,\"name\":\"Home\",\"item\":\"https:\/\/nid.pl\/\"},{\"@type\":\"ListItem\",\"position\":2,\"name\":\"Ruszy\u0142 nab\u00f3r do Programu\u00a0 Wsp\u00f3lnie dla dziedzictwa w 2022 roku\"}]},{\"@type\":\"WebSite\",\"@id\":\"https:\/\/nid.pl\/#website\",\"url\":\"https:\/\/nid.pl\/\",\"name\":\"NID\",\"description\":\"Narodowy Instytut Dziedzictwa\",\"publisher\":{\"@id\":\"https:\/\/nid.pl\/#organization\"},\"potentialAction\":[{\"@type\":\"SearchAction\",\"target\":{\"@type\":\"EntryPoint\",\"urlTemplate\":\"https:\/\/nid.pl\/?s={search_term_string}\"},\"query-input\":{\"@type\":\"PropertyValueSpecification\",\"valueRequired\":true,\"valueName\":\"search_term_string\"}}],\"inLanguage\":\"en-GB\"},{\"@type\":\"Organization\",\"@id\":\"https:\/\/nid.pl\/#organization\",\"name\":\"Narodowy Instytut Dziedzictwa\",\"url\":\"https:\/\/nid.pl\/\",\"logo\":{\"@type\":\"ImageObject\",\"inLanguage\":\"en-GB\",\"@id\":\"https:\/\/nid.pl\/#\/schema\/logo\/image\/\",\"url\":\"https:\/\/nid.pl\/wp-content\/uploads\/2022\/10\/logoRedDark.png\",\"contentUrl\":\"https:\/\/nid.pl\/wp-content\/uploads\/2022\/10\/logoRedDark.png\",\"width\":200,\"height\":197,\"caption\":\"Narodowy Instytut Dziedzictwa\"},\"image\":{\"@id\":\"https:\/\/nid.pl\/#\/schema\/logo\/image\/\"},\"sameAs\":[\"https:\/\/www.facebook.com\/zabytek\",\"https:\/\/x.com\/NarIDpl\",\"https:\/\/www.instagram.com\/nid.pl\/?hl=pl\",\"https:\/\/www.linkedin.com\/company\/narodowy-instytut-dziedzictwa\",\"https:\/\/www.youtube.com\/channel\/UCQXuhKa2uHtmNvLRUSx40JA\"]},{\"@type\":\"Person\",\"@id\":\"https:\/\/nid.pl\/#\/schema\/person\/1b690a8998a5111cfb9f0ffe24195a15\",\"name\":\"Barbara Halliop\",\"image\":{\"@type\":\"ImageObject\",\"inLanguage\":\"en-GB\",\"@id\":\"https:\/\/nid.pl\/#\/schema\/person\/image\/\",\"url\":\"https:\/\/nid.pl\/wp-content\/litespeed\/avatar\/924046d17dd0c842c9fa9ccf489bc6dc.jpg?ver=1777444967\",\"contentUrl\":\"https:\/\/nid.pl\/wp-content\/litespeed\/avatar\/924046d17dd0c842c9fa9ccf489bc6dc.jpg?ver=1777444967\",\"caption\":\"Barbara Halliop\"},\"url\":\"https:\/\/nid.pl\/en\/author\/bhalliop\/\"}]}<\/script>\n<!-- \/ Yoast SEO plugin. -->","yoast_head_json":{"title":"Ruszy\u0142 nab\u00f3r do Programu\u00a0 Wsp\u00f3lnie dla dziedzictwa w 2022 roku - NID","robots":{"index":"index","follow":"follow","max-snippet":"max-snippet:-1","max-image-preview":"max-image-preview:large","max-video-preview":"max-video-preview:-1"},"canonical":"https:\/\/nid.pl\/en\/2022\/04\/13\/ruszyl-nabor-do-programu-wspolnie-dla-dziedzictwa-w-2022-roku\/","og_locale":"en_GB","og_type":"article","og_title":"Ruszy\u0142 nab\u00f3r do Programu\u00a0 Wsp\u00f3lnie dla dziedzictwa w 2022 roku - NID","og_description":"Celem Programu jest tworzenie warunk\u00f3w do zr\u00f3wnowa\u017conej ochrony dziedzictwa kulturowego i wykorzystania jago warto\u015bci dla rozwoju spo\u0142ecznego obecnych i przysz\u0142ych pokole\u0144. Program adresowany jest do\u00a0organizacji pozarz\u0105dowych. W ramach Programu wnioskodawcy [&hellip;]","og_url":"https:\/\/nid.pl\/en\/2022\/04\/13\/ruszyl-nabor-do-programu-wspolnie-dla-dziedzictwa-w-2022-roku\/","og_site_name":"NID","article_publisher":"https:\/\/www.facebook.com\/zabytek","article_published_time":"2022-04-13T12:10:18+00:00","article_modified_time":"2022-04-14T07:43:35+00:00","og_image":[{"width":708,"height":236,"url":"https:\/\/nid.pl\/wp-content\/uploads\/2021\/07\/NID_wspolnie_dla_dziedzictwa_2.png","type":"image\/png"}],"author":"Barbara Halliop","twitter_card":"summary_large_image","twitter_creator":"@NarIDpl","twitter_site":"@NarIDpl","twitter_misc":{"Written by":"Barbara Halliop","Estimated reading time":"2 minutes"},"schema":{"@context":"https:\/\/schema.org","@graph":[{"@type":"Article","@id":"https:\/\/nid.pl\/2022\/04\/13\/ruszyl-nabor-do-programu-wspolnie-dla-dziedzictwa-w-2022-roku\/#article","isPartOf":{"@id":"https:\/\/nid.pl\/2022\/04\/13\/ruszyl-nabor-do-programu-wspolnie-dla-dziedzictwa-w-2022-roku\/"},"author":{"name":"Barbara Halliop","@id":"https:\/\/nid.pl\/#\/schema\/person\/1b690a8998a5111cfb9f0ffe24195a15"},"headline":"Ruszy\u0142 nab\u00f3r do Programu\u00a0 Wsp\u00f3lnie dla dziedzictwa w 2022 roku","datePublished":"2022-04-13T12:10:18+00:00","dateModified":"2022-04-14T07:43:35+00:00","mainEntityOfPage":{"@id":"https:\/\/nid.pl\/2022\/04\/13\/ruszyl-nabor-do-programu-wspolnie-dla-dziedzictwa-w-2022-roku\/"},"wordCount":392,"commentCount":0,"publisher":{"@id":"https:\/\/nid.pl\/#organization"},"image":{"@id":"https:\/\/nid.pl\/2022\/04\/13\/ruszyl-nabor-do-programu-wspolnie-dla-dziedzictwa-w-2022-roku\/#primaryimage"},"thumbnailUrl":"https:\/\/nid.pl\/wp-content\/uploads\/2021\/07\/NID_wspolnie_dla_dziedzictwa_2.png","articleSection":["Aktualno\u015bci","Wsp\u00f3lnie dla dziedzictwa"],"inLanguage":"en-GB"},{"@type":"WebPage","@id":"https:\/\/nid.pl\/2022\/04\/13\/ruszyl-nabor-do-programu-wspolnie-dla-dziedzictwa-w-2022-roku\/","url":"https:\/\/nid.pl\/2022\/04\/13\/ruszyl-nabor-do-programu-wspolnie-dla-dziedzictwa-w-2022-roku\/","name":"Ruszy\u0142 nab\u00f3r do Programu\u00a0 Wsp\u00f3lnie dla dziedzictwa w 2022 roku - NID","isPartOf":{"@id":"https:\/\/nid.pl\/#website"},"primaryImageOfPage":{"@id":"https:\/\/nid.pl\/2022\/04\/13\/ruszyl-nabor-do-programu-wspolnie-dla-dziedzictwa-w-2022-roku\/#primaryimage"},"image":{"@id":"https:\/\/nid.pl\/2022\/04\/13\/ruszyl-nabor-do-programu-wspolnie-dla-dziedzictwa-w-2022-roku\/#primaryimage"},"thumbnailUrl":"https:\/\/nid.pl\/wp-content\/uploads\/2021\/07\/NID_wspolnie_dla_dziedzictwa_2.png","datePublished":"2022-04-13T12:10:18+00:00","dateModified":"2022-04-14T07:43:35+00:00","breadcrumb":{"@id":"https:\/\/nid.pl\/2022\/04\/13\/ruszyl-nabor-do-programu-wspolnie-dla-dziedzictwa-w-2022-roku\/#breadcrumb"},"inLanguage":"en-GB","potentialAction":[{"@type":"ReadAction","target":["https:\/\/nid.pl\/2022\/04\/13\/ruszyl-nabor-do-programu-wspolnie-dla-dziedzictwa-w-2022-roku\/"]}]},{"@type":"ImageObject","inLanguage":"en-GB","@id":"https:\/\/nid.pl\/2022\/04\/13\/ruszyl-nabor-do-programu-wspolnie-dla-dziedzictwa-w-2022-roku\/#primaryimage","url":"https:\/\/nid.pl\/wp-content\/uploads\/2021\/07\/NID_wspolnie_dla_dziedzictwa_2.png","contentUrl":"https:\/\/nid.pl\/wp-content\/uploads\/2021\/07\/NID_wspolnie_dla_dziedzictwa_2.png","width":708,"height":236,"caption":"NID wspolnie dla dziedzictwa"},{"@type":"BreadcrumbList","@id":"https:\/\/nid.pl\/2022\/04\/13\/ruszyl-nabor-do-programu-wspolnie-dla-dziedzictwa-w-2022-roku\/#breadcrumb","itemListElement":[{"@type":"ListItem","position":1,"name":"Home","item":"https:\/\/nid.pl\/"},{"@type":"ListItem","position":2,"name":"Ruszy\u0142 nab\u00f3r do Programu\u00a0 Wsp\u00f3lnie dla dziedzictwa w 2022 roku"}]},{"@type":"WebSite","@id":"https:\/\/nid.pl\/#website","url":"https:\/\/nid.pl\/","name":"NID","description":"Narodowy Instytut Dziedzictwa","publisher":{"@id":"https:\/\/nid.pl\/#organization"},"potentialAction":[{"@type":"SearchAction","target":{"@type":"EntryPoint","urlTemplate":"https:\/\/nid.pl\/?s={search_term_string}"},"query-input":{"@type":"PropertyValueSpecification","valueRequired":true,"valueName":"search_term_string"}}],"inLanguage":"en-GB"},{"@type":"Organization","@id":"https:\/\/nid.pl\/#organization","name":"Narodowy Instytut Dziedzictwa","url":"https:\/\/nid.pl\/","logo":{"@type":"ImageObject","inLanguage":"en-GB","@id":"https:\/\/nid.pl\/#\/schema\/logo\/image\/","url":"https:\/\/nid.pl\/wp-content\/uploads\/2022\/10\/logoRedDark.png","contentUrl":"https:\/\/nid.pl\/wp-content\/uploads\/2022\/10\/logoRedDark.png","width":200,"height":197,"caption":"Narodowy Instytut Dziedzictwa"},"image":{"@id":"https:\/\/nid.pl\/#\/schema\/logo\/image\/"},"sameAs":["https:\/\/www.facebook.com\/zabytek","https:\/\/x.com\/NarIDpl","https:\/\/www.instagram.com\/nid.pl\/?hl=pl","https:\/\/www.linkedin.com\/company\/narodowy-instytut-dziedzictwa","https:\/\/www.youtube.com\/channel\/UCQXuhKa2uHtmNvLRUSx40JA"]},{"@type":"Person","@id":"https:\/\/nid.pl\/#\/schema\/person\/1b690a8998a5111cfb9f0ffe24195a15","name":"Barbara Halliop","image":{"@type":"ImageObject","inLanguage":"en-GB","@id":"https:\/\/nid.pl\/#\/schema\/person\/image\/","url":"https:\/\/nid.pl\/wp-content\/litespeed\/avatar\/924046d17dd0c842c9fa9ccf489bc6dc.jpg?ver=1777444967","contentUrl":"https:\/\/nid.pl\/wp-content\/litespeed\/avatar\/924046d17dd0c842c9fa9ccf489bc6dc.jpg?ver=1777444967","caption":"Barbara Halliop"},"url":"https:\/\/nid.pl\/en\/author\/bhalliop\/"}]}},"_links":{"self":[{"href":"https:\/\/nid.pl\/en\/wp-json\/wp\/v2\/posts\/5877","targetHints":{"allow":["GET"]}}],"collection":[{"href":"https:\/\/nid.pl\/en\/wp-json\/wp\/v2\/posts"}],"about":[{"href":"https:\/\/nid.pl\/en\/wp-json\/wp\/v2\/types\/post"}],"author":[{"embeddable":true,"href":"https:\/\/nid.pl\/en\/wp-json\/wp\/v2\/users\/7"}],"replies":[{"embeddable":true,"href":"https:\/\/nid.pl\/en\/wp-json\/wp\/v2\/comments?post=5877"}],"version-history":[{"count":0,"href":"https:\/\/nid.pl\/en\/wp-json\/wp\/v2\/posts\/5877\/revisions"}],"wp:featuredmedia":[{"embeddable":true,"href":"https:\/\/nid.pl\/en\/wp-json\/wp\/v2\/media\/2318"}],"wp:attachment":[{"href":"https:\/\/nid.pl\/en\/wp-json\/wp\/v2\/media?parent=5877"}],"wp:term":[{"taxonomy":"category","embeddable":true,"href":"https:\/\/nid.pl\/en\/wp-json\/wp\/v2\/categories?post=5877"},{"taxonomy":"post_tag","embeddable":true,"href":"https:\/\/nid.pl\/en\/wp-json\/wp\/v2\/tags?post=5877"}],"curies":[{"name":"wp","href":"https:\/\/api.w.org\/{rel}","templated":true}]}}