{"id":5869,"date":"2022-04-13T14:20:59","date_gmt":"2022-04-13T12:20:59","guid":{"rendered":"https:\/\/nid.pl\/?p=5869"},"modified":"2022-05-09T08:34:42","modified_gmt":"2022-05-09T06:34:42","slug":"ponad-pol-wieku-ochrony-dziedzictwa-kulturowego-narodowy-instytut-dziedzictwa-obchodzi-jubileusz-60-lat-misji","status":"publish","type":"post","link":"https:\/\/nid.pl\/en\/2022\/04\/13\/ponad-pol-wieku-ochrony-dziedzictwa-kulturowego-narodowy-instytut-dziedzictwa-obchodzi-jubileusz-60-lat-misji\/","title":{"rendered":"Ponad p\u00f3\u0142 wieku ochrony dziedzictwa kulturowego. Narodowy Instytut Dziedzictwa obchodzi Jubileusz 60 lat misji"},"content":{"rendered":"<p><strong>Ochrona dziedzictwa kulturowego, by mog\u0142o cieszy\u0107 i rozwija\u0107 wra\u017cliwo\u015b\u0107 przysz\u0142ych pokole\u0144, to proces d\u0142ugotrwa\u0142y i niezwykle pracoch\u0142onny. Ponad p\u00f3\u0142 wieku temu misja ta zosta\u0142a powierzona O\u015brodkowi Dokumentacji Zabytk\u00f3w, a obecnie Narodowemu Instytutowi Dziedzictwa (NID), kt\u00f3ry zajmuje si\u0119 opiek\u0105 nad zabytkami, jak i ochron\u0105 dziedzictwa niematerialnego. W tym roku Instytut obchodzi Jubileusz 60 lat swojej misji, kt\u00f3ry zamierza \u015bwi\u0119towa\u0107 w Warszawie oraz w 15 miastach na terenie ca\u0142ego kraju, gdzie mieszcz\u0105 si\u0119 odzia\u0142y terenowe.<\/strong><\/p>\n\n\n\n<p>Gromadzenie i udost\u0119pnianie dokumentacji b\u0119d\u0105cej podstaw\u0105 wpisania zabytk\u00f3w do rejestru oraz Krajowej Ewidencji Zabytk\u00f3w, opracowywanie standard\u00f3w konserwatorskich, a przede wszystkim dbanie o dziedzictwo kulturowe, zar\u00f3wno materialne, jak i niematerialne &#8211; to tylko niekt\u00f3re z wa\u017cnych zada\u0144, powierzonych Narodowemu Instytutowi Dziedzictwa. Instytut uczestniczy w przygotowaniu wniosk\u00f3w o wpisanie polskich zabytk\u00f3w na List\u0119 dziedzictwa \u015bwiatowego UNESCO, a tak\u017ce opiniuje wnioski dla obiekt\u00f3w ubiegaj\u0105cych si\u0119 o miano Pomnika Historii, kt\u00f3re s\u0105 szczeg\u00f3lnie bliskie sercom Polak\u00f3w, a tak\u017ce najch\u0119tniej odwiedzane przez turyst\u00f3w. NID uczestniczy\u0142 w przygotowaniu Rekomendacji Warszawskiej w sprawie odbudowy i rekonstrukcji dziedzictwa kulturowego, przyj\u0119tej w 2017 r. na mi\u0119dzynarodowej konferencji UNESCO w Warszawie. <\/p>\n\n\n\n<p>Powsta\u0142a w 1962 roku instytucja, znajduj\u0105ca si\u0119 pod zwierzchnictwem Ministra Kultury i Dziedzictwa Narodowego, ma za sob\u0105 d\u0142ug\u0105 i ciekaw\u0105 histori\u0119.<\/p>\n\n\n\n<p>&#8211; <em>Na pocz\u0105tku, w 1962 roku funkcjonowali\u015bmy jako O\u015brodek Dokumentacji Zabytk\u00f3w, kt\u00f3ry w 2002 roku zosta\u0142 po\u0142\u0105czony z O\u015brodkiem Ochrony Zabytkowego Krajobrazu, a nazw\u0119 zmieniono na Krajowy O\u015brodek Bada\u0144 i Dokumentacji Zabytk\u00f3w. Kolejnym krokiem by\u0142o przy\u0142\u0105czenie do KOBiDZ O\u015brodka Ochrony Dziedzictwa Archeologicznego, Skupione instytucje z dniem 1 stycznia 2011 roku zyska\u0142y obecn\u0105 nazw\u0119 Narodowy Instytut Dziedzictwa<\/em> &#8211; podkre\u015bla dr hab. Katarzyna Zalasi\u0144ska, dyrektor Narodowego Instytutu Dziedzictwa.<\/p>\n\n\n\n<p>Cho\u0107 zmian na kartach historycznych NID by\u0142o wiele, a zakres jego dzia\u0142alno\u015bci stale si\u0119 poszerza\u0142 &#8211; w centrum uwagi zawsze znajdowa\u0142o si\u0119 dokumentowanie i badanie dziedzictwa kulturowego. <\/p>\n\n\n\n<p><strong>Jubileusz pe\u0142en historii<\/strong><br>Praca Narodowego Instytutu Dziedzictwa to wyzwanie, kt\u00f3re obejmuje badanie i dokumentowanie zabytk\u00f3w, wsp\u00f3\u0142prac\u0119 ze s\u0142u\u017cbami konserwatorskimi, wytyczanie standard\u00f3w konserwacji zabytk\u00f3w czy szerzenie w \u015bwiadomo\u015bci spo\u0142ecznej warto\u015bci dziedzictwa kulturowego. W latach 70. w O\u015brodku Dokumentacji Zabytk\u00f3w narodzi\u0142o si\u0119 czasopismo \u201eSpotkania z zabytkami\u201d popularyzuj\u0105ce z wielkim powodzeniem dziedzictwo kulturowe, kt\u00f3re od lat jest dost\u0119pne w sieci, a Instytut coraz cz\u0119\u015bciej korzysta w swojej dzia\u0142alno\u015bci z dobrodziejstw technologicznych i coraz \u015bmielej implementuje narz\u0119dzia umo\u017cliwiaj\u0105ce poznanie miejsc historycznych za pomoc\u0105 Internetu. Przyk\u0142adem mo\u017ce by\u0107 chocia\u017cby strona www.zabytek.pl, umo\u017cliwiaj\u0105ca nie tylko poznanie historii zabytk\u00f3w, ale np. skorzystanie z ju\u017c wytyczonych szlak\u00f3w tematycznych. Jubileusz to doskona\u0142y pretekst, by podzieli\u0107 si\u0119 dokonaniami, a tak\u017ce przedstawi\u0107 dzia\u0142alno\u015b\u0107 NID i zach\u0119ci\u0107 do skorzystania z proponowanych narz\u0119dzi.<br>Jak zauwa\u017cy\u0142a dr hab. Katarzyna Zalasi\u0144ska: <em>60 lat istnienia<\/em> <em>Narodowego Instytutu Dziedzictwa to niepowtarzalna okazja do zaproszenia szerszego grona os\u00f3b do zapoznania si\u0119 z nasz\u0105 dzia\u0142alno\u015bci\u0105. Podczas ca\u0142ego 2022 roku zapraszamy na spotkania, debaty, webinary oraz wystawy, jak i prezentacje naszych narz\u0119dzi, kt\u00f3re umo\u017cliwiaj\u0105 czerpanie z zasob\u00f3w NID za pomoc\u0105 Internetu.<\/em><\/p>\n\n\n\n<p><strong>Ochrona nie tylko zabytk\u00f3w<\/strong><br>Dzia\u0142alno\u015b\u0107 Narodowego Instytutu Dziedzictwa nie wi\u0105\u017ce si\u0119 jedynie z ochron\u0105 zabytk\u00f3w. R\u00f3wnie wa\u017cne jest dziedzictwo niematerialne czyli tradycje, zwyczaje i przekazy, od wiek\u00f3w kultywowane na terenie Polski. Ministerstwo Kultury i Dziedzictwa Narodowego przy zaanga\u017cowaniu Instytutu prowadzi Krajow\u0105 list\u0119 niematerialnego dziedzictwa kulturowego, na kt\u00f3r\u0105 wpisanych jest obecnie 57 obrz\u0119d\u00f3w i tradycji. El\u017cbieta Ofat, Zast\u0119pca Dyrektora NID dodaje, \u017ce: <em> Jeste\u015bmy narodem zwi\u0105zanym z tradycj\u0105, a w wielu<\/em> region<em>ach Polski wci\u0105\u017c jest ona silnie kultywowana. Co wi\u0119cej<\/em> &#8211; sami <em>dbamy o to, by pami\u0119\u0107 i wiedza o zwyczajach by\u0142a przekazywane z pokolenia na pokolenie. Narodowy Instytut Dziedzictwa prowadz\u0105c dzia\u0142ania edukacyjne promuje warto\u015bci p\u0142yn\u0105ce z dziedzictwa materialnego i niematerialnego. To wa\u017cne by ocali\u0107 od zapomnienia ciekawe, warto\u015bciowe, a przede wszystkim pi\u0119kne tradycje takie jak: konstruowanie szopek krakowskich, pisanie pisanek czy te\u017c polskie ta\u0144ce ludowe b\u0119d\u0105ce pomostem pomi\u0119dzy przesz\u0142o\u015bci\u0105 a tera\u017aniejszo\u015bci\u0105<\/em>.<\/p>\n\n\n\n<p>W 2011 roku Narodowy Instytut Dziedzictwa powo\u0142a\u0142 zesp\u00f3\u0142 ds. niematerialnego dziedzictwa kulturowego, kt\u00f3ry zajmuje si\u0119 wdra\u017caniem w \u017cycie postanowie\u0144 Konwencji UNESCO z 2003 roku w sprawie ochrony niematerialnego dziedzictwa kulturowego ratyfikowanej przez Polsk\u0119 w\u0142a\u015bnie w 2011 roku. W sk\u0142ad zespo\u0142u weszli m.in. regionalni koordynatorzy, pracownicy Oddzia\u0142\u00f3w Terenowych NID.<\/p>\n\n\n\n<p><strong>Wystawy \u201cPrzysz\u0142ym pokoleniom\u201d<\/strong><br>Narodowy Instytut Dziedzictwa postanowi\u0142 \u015bwi\u0119towa\u0107 okr\u0105g\u0142\u0105 rocznic\u0119 w ca\u0142ym kraju. W zwi\u0105zku z tym zaplanowano specjaln\u0105 wystaw\u0119 \u201cPrzysz\u0142ym pokoleniom. 60 lat misji Narodowego Instytutu Dziedzictwa\u201d, kt\u00f3ra zostanie zaprezentowana w 15 miastach w ca\u0142ej Polsce. Dr hab. Katarzyna Zalasi\u0144ska podkre\u015bli\u0142a, \u017ce: <em>Dzia\u0142alno\u015b\u0107 Instytutu jest szeroka, dlatego chcemy r\u00f3wnie szeroko \u015bwi\u0119towa\u0107 jubileusz. Mamy nadziej\u0119, \u017ce wystawa spotka si\u0119 z zainteresowaniem, a tak\u017ce spe\u0142ni sw\u00f3j aspekt edukacyjny. B\u0119dziemy prezentowali nasze zasoby, zgromadzon\u0105 dokumentacj\u0119, wsp\u00f3\u0142prac\u0119 z organizacjami mi\u0119dzynarodowymi oraz bie\u017c\u0105ce zadania realizowane przez Instytut.<\/em><\/p>\n\n\n\n<p>Wystawie b\u0119d\u0105 towarzyszy\u0142y sesje, spotkania oraz konferencje w regionach organizowane przez nasze lokalne oddzia\u0142y, zaplanowane w okresie od czerwca do wrze\u015bnia. W\u015br\u00f3d planowanych aktywno\u015bci Instytut zapowiedzia\u0142 r\u00f3wnie\u017c specjaln\u0105 jubileuszow\u0105 publikacj\u0119, opisuj\u0105c\u0105 60-lat dzia\u0142alno\u015bci. Jubileusz zako\u0144czy uroczysta Gala, podsumowuj\u0105ca Europejskie Dni Dziedzictwa.<\/p>\n\n\n\n<p>Jubileusz Narodowego Instytutu Dziedzictwa odbywa si\u0119 pod Honorowym Patronatem Prezydenta Rzeczypospolitej Polskiej Pana Andrzeja Dudy.<\/p>\n\n\n\n<figure class=\"wp-block-image size-large\"><img loading=\"lazy\" decoding=\"async\" width=\"1024\" height=\"576\" src=\"https:\/\/nid.pl\/wp-content\/uploads\/2022\/05\/60-lat-misji-NID-_wersja_A_plansza_1100px_prezydent-1024x576.jpg\" alt=\"\" class=\"wp-image-6121\" srcset=\"https:\/\/nid.pl\/wp-content\/uploads\/2022\/05\/60-lat-misji-NID-_wersja_A_plansza_1100px_prezydent-1024x576.jpg 1024w, https:\/\/nid.pl\/wp-content\/uploads\/2022\/05\/60-lat-misji-NID-_wersja_A_plansza_1100px_prezydent-980x551.jpg 980w, https:\/\/nid.pl\/wp-content\/uploads\/2022\/05\/60-lat-misji-NID-_wersja_A_plansza_1100px_prezydent-480x270.jpg 480w\" sizes=\"(min-width: 0px) and (max-width: 480px) 480px, (min-width: 481px) and (max-width: 980px) 980px, (min-width: 981px) 1024px, 100vw\" \/><\/figure>","protected":false},"excerpt":{"rendered":"<p>Ochrona dziedzictwa kulturowego, by mog\u0142o cieszy\u0107 i rozwija\u0107 wra\u017cliwo\u015b\u0107 przysz\u0142ych pokole\u0144, to proces d\u0142ugotrwa\u0142y i niezwykle pracoch\u0142onny. Ponad p\u00f3\u0142 wieku temu misja ta zosta\u0142a powierzona O\u015brodkowi Dokumentacji Zabytk\u00f3w, a obecnie [&hellip;]<\/p>","protected":false},"author":7,"featured_media":5872,"comment_status":"open","ping_status":"open","sticky":false,"template":"","format":"standard","meta":{"_et_pb_use_builder":"off","_et_pb_old_content":"","_et_gb_content_width":"","_monsterinsights_skip_tracking":false,"_monsterinsights_sitenote_active":false,"_monsterinsights_sitenote_note":"","_monsterinsights_sitenote_category":0,"footnotes":""},"categories":[3],"tags":[],"class_list":["post-5869","post","type-post","status-publish","format-standard","has-post-thumbnail","hentry","category-aktualnosci"],"yoast_head":"<!-- This site is optimized with the Yoast SEO plugin v26.5 - https:\/\/yoast.com\/wordpress\/plugins\/seo\/ -->\n<title>Ponad p\u00f3\u0142 wieku ochrony dziedzictwa kulturowego. Narodowy Instytut Dziedzictwa obchodzi Jubileusz 60 lat misji - NID<\/title>\n<meta name=\"robots\" content=\"index, follow, max-snippet:-1, max-image-preview:large, max-video-preview:-1\" \/>\n<link rel=\"canonical\" href=\"https:\/\/nid.pl\/en\/2022\/04\/13\/ponad-pol-wieku-ochrony-dziedzictwa-kulturowego-narodowy-instytut-dziedzictwa-obchodzi-jubileusz-60-lat-misji\/\" \/>\n<meta property=\"og:locale\" content=\"en_GB\" \/>\n<meta property=\"og:type\" content=\"article\" \/>\n<meta property=\"og:title\" content=\"Ponad p\u00f3\u0142 wieku ochrony dziedzictwa kulturowego. Narodowy Instytut Dziedzictwa obchodzi Jubileusz 60 lat misji - NID\" \/>\n<meta property=\"og:description\" content=\"Ochrona dziedzictwa kulturowego, by mog\u0142o cieszy\u0107 i rozwija\u0107 wra\u017cliwo\u015b\u0107 przysz\u0142ych pokole\u0144, to proces d\u0142ugotrwa\u0142y i niezwykle pracoch\u0142onny. Ponad p\u00f3\u0142 wieku temu misja ta zosta\u0142a powierzona O\u015brodkowi Dokumentacji Zabytk\u00f3w, a obecnie [&hellip;]\" \/>\n<meta property=\"og:url\" content=\"https:\/\/nid.pl\/en\/2022\/04\/13\/ponad-pol-wieku-ochrony-dziedzictwa-kulturowego-narodowy-instytut-dziedzictwa-obchodzi-jubileusz-60-lat-misji\/\" \/>\n<meta property=\"og:site_name\" content=\"NID\" \/>\n<meta property=\"article:publisher\" content=\"https:\/\/www.facebook.com\/zabytek\" \/>\n<meta property=\"article:published_time\" content=\"2022-04-13T12:20:59+00:00\" \/>\n<meta property=\"article:modified_time\" content=\"2022-05-09T06:34:42+00:00\" \/>\n<meta property=\"og:image\" content=\"https:\/\/nid.pl\/wp-content\/uploads\/2022\/04\/60_nid_aktualnosci.jpg\" \/>\n\t<meta property=\"og:image:width\" content=\"440\" \/>\n\t<meta property=\"og:image:height\" content=\"294\" \/>\n\t<meta property=\"og:image:type\" content=\"image\/jpeg\" \/>\n<meta name=\"author\" content=\"Barbara Halliop\" \/>\n<meta name=\"twitter:card\" content=\"summary_large_image\" \/>\n<meta name=\"twitter:creator\" content=\"@NarIDpl\" \/>\n<meta name=\"twitter:site\" content=\"@NarIDpl\" \/>\n<meta name=\"twitter:label1\" content=\"Written by\" \/>\n\t<meta name=\"twitter:data1\" content=\"Barbara Halliop\" \/>\n\t<meta name=\"twitter:label2\" content=\"Estimated reading time\" \/>\n\t<meta name=\"twitter:data2\" content=\"4 minutes\" \/>\n<script type=\"application\/ld+json\" class=\"yoast-schema-graph\">{\"@context\":\"https:\/\/schema.org\",\"@graph\":[{\"@type\":\"Article\",\"@id\":\"https:\/\/nid.pl\/2022\/04\/13\/ponad-pol-wieku-ochrony-dziedzictwa-kulturowego-narodowy-instytut-dziedzictwa-obchodzi-jubileusz-60-lat-misji\/#article\",\"isPartOf\":{\"@id\":\"https:\/\/nid.pl\/2022\/04\/13\/ponad-pol-wieku-ochrony-dziedzictwa-kulturowego-narodowy-instytut-dziedzictwa-obchodzi-jubileusz-60-lat-misji\/\"},\"author\":{\"name\":\"Barbara Halliop\",\"@id\":\"https:\/\/nid.pl\/#\/schema\/person\/1b690a8998a5111cfb9f0ffe24195a15\"},\"headline\":\"Ponad p\u00f3\u0142 wieku ochrony dziedzictwa kulturowego. Narodowy Instytut Dziedzictwa obchodzi Jubileusz 60 lat misji\",\"datePublished\":\"2022-04-13T12:20:59+00:00\",\"dateModified\":\"2022-05-09T06:34:42+00:00\",\"mainEntityOfPage\":{\"@id\":\"https:\/\/nid.pl\/2022\/04\/13\/ponad-pol-wieku-ochrony-dziedzictwa-kulturowego-narodowy-instytut-dziedzictwa-obchodzi-jubileusz-60-lat-misji\/\"},\"wordCount\":964,\"commentCount\":0,\"publisher\":{\"@id\":\"https:\/\/nid.pl\/#organization\"},\"image\":{\"@id\":\"https:\/\/nid.pl\/2022\/04\/13\/ponad-pol-wieku-ochrony-dziedzictwa-kulturowego-narodowy-instytut-dziedzictwa-obchodzi-jubileusz-60-lat-misji\/#primaryimage\"},\"thumbnailUrl\":\"https:\/\/nid.pl\/wp-content\/uploads\/2022\/04\/60_nid_aktualnosci.jpg\",\"articleSection\":[\"Aktualno\u015bci\"],\"inLanguage\":\"en-GB\"},{\"@type\":\"WebPage\",\"@id\":\"https:\/\/nid.pl\/2022\/04\/13\/ponad-pol-wieku-ochrony-dziedzictwa-kulturowego-narodowy-instytut-dziedzictwa-obchodzi-jubileusz-60-lat-misji\/\",\"url\":\"https:\/\/nid.pl\/2022\/04\/13\/ponad-pol-wieku-ochrony-dziedzictwa-kulturowego-narodowy-instytut-dziedzictwa-obchodzi-jubileusz-60-lat-misji\/\",\"name\":\"Ponad p\u00f3\u0142 wieku ochrony dziedzictwa kulturowego. Narodowy Instytut Dziedzictwa obchodzi Jubileusz 60 lat misji - NID\",\"isPartOf\":{\"@id\":\"https:\/\/nid.pl\/#website\"},\"primaryImageOfPage\":{\"@id\":\"https:\/\/nid.pl\/2022\/04\/13\/ponad-pol-wieku-ochrony-dziedzictwa-kulturowego-narodowy-instytut-dziedzictwa-obchodzi-jubileusz-60-lat-misji\/#primaryimage\"},\"image\":{\"@id\":\"https:\/\/nid.pl\/2022\/04\/13\/ponad-pol-wieku-ochrony-dziedzictwa-kulturowego-narodowy-instytut-dziedzictwa-obchodzi-jubileusz-60-lat-misji\/#primaryimage\"},\"thumbnailUrl\":\"https:\/\/nid.pl\/wp-content\/uploads\/2022\/04\/60_nid_aktualnosci.jpg\",\"datePublished\":\"2022-04-13T12:20:59+00:00\",\"dateModified\":\"2022-05-09T06:34:42+00:00\",\"breadcrumb\":{\"@id\":\"https:\/\/nid.pl\/2022\/04\/13\/ponad-pol-wieku-ochrony-dziedzictwa-kulturowego-narodowy-instytut-dziedzictwa-obchodzi-jubileusz-60-lat-misji\/#breadcrumb\"},\"inLanguage\":\"en-GB\",\"potentialAction\":[{\"@type\":\"ReadAction\",\"target\":[\"https:\/\/nid.pl\/2022\/04\/13\/ponad-pol-wieku-ochrony-dziedzictwa-kulturowego-narodowy-instytut-dziedzictwa-obchodzi-jubileusz-60-lat-misji\/\"]}]},{\"@type\":\"ImageObject\",\"inLanguage\":\"en-GB\",\"@id\":\"https:\/\/nid.pl\/2022\/04\/13\/ponad-pol-wieku-ochrony-dziedzictwa-kulturowego-narodowy-instytut-dziedzictwa-obchodzi-jubileusz-60-lat-misji\/#primaryimage\",\"url\":\"https:\/\/nid.pl\/wp-content\/uploads\/2022\/04\/60_nid_aktualnosci.jpg\",\"contentUrl\":\"https:\/\/nid.pl\/wp-content\/uploads\/2022\/04\/60_nid_aktualnosci.jpg\",\"width\":440,\"height\":294,\"caption\":\"Plakatpromuj\u0105cylatmisjiNID\"},{\"@type\":\"BreadcrumbList\",\"@id\":\"https:\/\/nid.pl\/2022\/04\/13\/ponad-pol-wieku-ochrony-dziedzictwa-kulturowego-narodowy-instytut-dziedzictwa-obchodzi-jubileusz-60-lat-misji\/#breadcrumb\",\"itemListElement\":[{\"@type\":\"ListItem\",\"position\":1,\"name\":\"Home\",\"item\":\"https:\/\/nid.pl\/\"},{\"@type\":\"ListItem\",\"position\":2,\"name\":\"Ponad p\u00f3\u0142 wieku ochrony dziedzictwa kulturowego. Narodowy Instytut Dziedzictwa obchodzi Jubileusz 60 lat misji\"}]},{\"@type\":\"WebSite\",\"@id\":\"https:\/\/nid.pl\/#website\",\"url\":\"https:\/\/nid.pl\/\",\"name\":\"NID\",\"description\":\"Narodowy Instytut Dziedzictwa\",\"publisher\":{\"@id\":\"https:\/\/nid.pl\/#organization\"},\"potentialAction\":[{\"@type\":\"SearchAction\",\"target\":{\"@type\":\"EntryPoint\",\"urlTemplate\":\"https:\/\/nid.pl\/?s={search_term_string}\"},\"query-input\":{\"@type\":\"PropertyValueSpecification\",\"valueRequired\":true,\"valueName\":\"search_term_string\"}}],\"inLanguage\":\"en-GB\"},{\"@type\":\"Organization\",\"@id\":\"https:\/\/nid.pl\/#organization\",\"name\":\"Narodowy Instytut Dziedzictwa\",\"url\":\"https:\/\/nid.pl\/\",\"logo\":{\"@type\":\"ImageObject\",\"inLanguage\":\"en-GB\",\"@id\":\"https:\/\/nid.pl\/#\/schema\/logo\/image\/\",\"url\":\"https:\/\/nid.pl\/wp-content\/uploads\/2022\/10\/logoRedDark.png\",\"contentUrl\":\"https:\/\/nid.pl\/wp-content\/uploads\/2022\/10\/logoRedDark.png\",\"width\":200,\"height\":197,\"caption\":\"Narodowy Instytut Dziedzictwa\"},\"image\":{\"@id\":\"https:\/\/nid.pl\/#\/schema\/logo\/image\/\"},\"sameAs\":[\"https:\/\/www.facebook.com\/zabytek\",\"https:\/\/x.com\/NarIDpl\",\"https:\/\/www.instagram.com\/nid.pl\/?hl=pl\",\"https:\/\/www.linkedin.com\/company\/narodowy-instytut-dziedzictwa\",\"https:\/\/www.youtube.com\/channel\/UCQXuhKa2uHtmNvLRUSx40JA\"]},{\"@type\":\"Person\",\"@id\":\"https:\/\/nid.pl\/#\/schema\/person\/1b690a8998a5111cfb9f0ffe24195a15\",\"name\":\"Barbara Halliop\",\"image\":{\"@type\":\"ImageObject\",\"inLanguage\":\"en-GB\",\"@id\":\"https:\/\/nid.pl\/#\/schema\/person\/image\/\",\"url\":\"https:\/\/nid.pl\/wp-content\/litespeed\/avatar\/924046d17dd0c842c9fa9ccf489bc6dc.jpg?ver=1776840122\",\"contentUrl\":\"https:\/\/nid.pl\/wp-content\/litespeed\/avatar\/924046d17dd0c842c9fa9ccf489bc6dc.jpg?ver=1776840122\",\"caption\":\"Barbara Halliop\"},\"url\":\"https:\/\/nid.pl\/en\/author\/bhalliop\/\"}]}<\/script>\n<!-- \/ Yoast SEO plugin. -->","yoast_head_json":{"title":"Ponad p\u00f3\u0142 wieku ochrony dziedzictwa kulturowego. Narodowy Instytut Dziedzictwa obchodzi Jubileusz 60 lat misji - NID","robots":{"index":"index","follow":"follow","max-snippet":"max-snippet:-1","max-image-preview":"max-image-preview:large","max-video-preview":"max-video-preview:-1"},"canonical":"https:\/\/nid.pl\/en\/2022\/04\/13\/ponad-pol-wieku-ochrony-dziedzictwa-kulturowego-narodowy-instytut-dziedzictwa-obchodzi-jubileusz-60-lat-misji\/","og_locale":"en_GB","og_type":"article","og_title":"Ponad p\u00f3\u0142 wieku ochrony dziedzictwa kulturowego. Narodowy Instytut Dziedzictwa obchodzi Jubileusz 60 lat misji - NID","og_description":"Ochrona dziedzictwa kulturowego, by mog\u0142o cieszy\u0107 i rozwija\u0107 wra\u017cliwo\u015b\u0107 przysz\u0142ych pokole\u0144, to proces d\u0142ugotrwa\u0142y i niezwykle pracoch\u0142onny. Ponad p\u00f3\u0142 wieku temu misja ta zosta\u0142a powierzona O\u015brodkowi Dokumentacji Zabytk\u00f3w, a obecnie [&hellip;]","og_url":"https:\/\/nid.pl\/en\/2022\/04\/13\/ponad-pol-wieku-ochrony-dziedzictwa-kulturowego-narodowy-instytut-dziedzictwa-obchodzi-jubileusz-60-lat-misji\/","og_site_name":"NID","article_publisher":"https:\/\/www.facebook.com\/zabytek","article_published_time":"2022-04-13T12:20:59+00:00","article_modified_time":"2022-05-09T06:34:42+00:00","og_image":[{"width":440,"height":294,"url":"https:\/\/nid.pl\/wp-content\/uploads\/2022\/04\/60_nid_aktualnosci.jpg","type":"image\/jpeg"}],"author":"Barbara Halliop","twitter_card":"summary_large_image","twitter_creator":"@NarIDpl","twitter_site":"@NarIDpl","twitter_misc":{"Written by":"Barbara Halliop","Estimated reading time":"4 minutes"},"schema":{"@context":"https:\/\/schema.org","@graph":[{"@type":"Article","@id":"https:\/\/nid.pl\/2022\/04\/13\/ponad-pol-wieku-ochrony-dziedzictwa-kulturowego-narodowy-instytut-dziedzictwa-obchodzi-jubileusz-60-lat-misji\/#article","isPartOf":{"@id":"https:\/\/nid.pl\/2022\/04\/13\/ponad-pol-wieku-ochrony-dziedzictwa-kulturowego-narodowy-instytut-dziedzictwa-obchodzi-jubileusz-60-lat-misji\/"},"author":{"name":"Barbara Halliop","@id":"https:\/\/nid.pl\/#\/schema\/person\/1b690a8998a5111cfb9f0ffe24195a15"},"headline":"Ponad p\u00f3\u0142 wieku ochrony dziedzictwa kulturowego. Narodowy Instytut Dziedzictwa obchodzi Jubileusz 60 lat misji","datePublished":"2022-04-13T12:20:59+00:00","dateModified":"2022-05-09T06:34:42+00:00","mainEntityOfPage":{"@id":"https:\/\/nid.pl\/2022\/04\/13\/ponad-pol-wieku-ochrony-dziedzictwa-kulturowego-narodowy-instytut-dziedzictwa-obchodzi-jubileusz-60-lat-misji\/"},"wordCount":964,"commentCount":0,"publisher":{"@id":"https:\/\/nid.pl\/#organization"},"image":{"@id":"https:\/\/nid.pl\/2022\/04\/13\/ponad-pol-wieku-ochrony-dziedzictwa-kulturowego-narodowy-instytut-dziedzictwa-obchodzi-jubileusz-60-lat-misji\/#primaryimage"},"thumbnailUrl":"https:\/\/nid.pl\/wp-content\/uploads\/2022\/04\/60_nid_aktualnosci.jpg","articleSection":["Aktualno\u015bci"],"inLanguage":"en-GB"},{"@type":"WebPage","@id":"https:\/\/nid.pl\/2022\/04\/13\/ponad-pol-wieku-ochrony-dziedzictwa-kulturowego-narodowy-instytut-dziedzictwa-obchodzi-jubileusz-60-lat-misji\/","url":"https:\/\/nid.pl\/2022\/04\/13\/ponad-pol-wieku-ochrony-dziedzictwa-kulturowego-narodowy-instytut-dziedzictwa-obchodzi-jubileusz-60-lat-misji\/","name":"Ponad p\u00f3\u0142 wieku ochrony dziedzictwa kulturowego. Narodowy Instytut Dziedzictwa obchodzi Jubileusz 60 lat misji - NID","isPartOf":{"@id":"https:\/\/nid.pl\/#website"},"primaryImageOfPage":{"@id":"https:\/\/nid.pl\/2022\/04\/13\/ponad-pol-wieku-ochrony-dziedzictwa-kulturowego-narodowy-instytut-dziedzictwa-obchodzi-jubileusz-60-lat-misji\/#primaryimage"},"image":{"@id":"https:\/\/nid.pl\/2022\/04\/13\/ponad-pol-wieku-ochrony-dziedzictwa-kulturowego-narodowy-instytut-dziedzictwa-obchodzi-jubileusz-60-lat-misji\/#primaryimage"},"thumbnailUrl":"https:\/\/nid.pl\/wp-content\/uploads\/2022\/04\/60_nid_aktualnosci.jpg","datePublished":"2022-04-13T12:20:59+00:00","dateModified":"2022-05-09T06:34:42+00:00","breadcrumb":{"@id":"https:\/\/nid.pl\/2022\/04\/13\/ponad-pol-wieku-ochrony-dziedzictwa-kulturowego-narodowy-instytut-dziedzictwa-obchodzi-jubileusz-60-lat-misji\/#breadcrumb"},"inLanguage":"en-GB","potentialAction":[{"@type":"ReadAction","target":["https:\/\/nid.pl\/2022\/04\/13\/ponad-pol-wieku-ochrony-dziedzictwa-kulturowego-narodowy-instytut-dziedzictwa-obchodzi-jubileusz-60-lat-misji\/"]}]},{"@type":"ImageObject","inLanguage":"en-GB","@id":"https:\/\/nid.pl\/2022\/04\/13\/ponad-pol-wieku-ochrony-dziedzictwa-kulturowego-narodowy-instytut-dziedzictwa-obchodzi-jubileusz-60-lat-misji\/#primaryimage","url":"https:\/\/nid.pl\/wp-content\/uploads\/2022\/04\/60_nid_aktualnosci.jpg","contentUrl":"https:\/\/nid.pl\/wp-content\/uploads\/2022\/04\/60_nid_aktualnosci.jpg","width":440,"height":294,"caption":"Plakatpromuj\u0105cylatmisjiNID"},{"@type":"BreadcrumbList","@id":"https:\/\/nid.pl\/2022\/04\/13\/ponad-pol-wieku-ochrony-dziedzictwa-kulturowego-narodowy-instytut-dziedzictwa-obchodzi-jubileusz-60-lat-misji\/#breadcrumb","itemListElement":[{"@type":"ListItem","position":1,"name":"Home","item":"https:\/\/nid.pl\/"},{"@type":"ListItem","position":2,"name":"Ponad p\u00f3\u0142 wieku ochrony dziedzictwa kulturowego. Narodowy Instytut Dziedzictwa obchodzi Jubileusz 60 lat misji"}]},{"@type":"WebSite","@id":"https:\/\/nid.pl\/#website","url":"https:\/\/nid.pl\/","name":"NID","description":"Narodowy Instytut Dziedzictwa","publisher":{"@id":"https:\/\/nid.pl\/#organization"},"potentialAction":[{"@type":"SearchAction","target":{"@type":"EntryPoint","urlTemplate":"https:\/\/nid.pl\/?s={search_term_string}"},"query-input":{"@type":"PropertyValueSpecification","valueRequired":true,"valueName":"search_term_string"}}],"inLanguage":"en-GB"},{"@type":"Organization","@id":"https:\/\/nid.pl\/#organization","name":"Narodowy Instytut Dziedzictwa","url":"https:\/\/nid.pl\/","logo":{"@type":"ImageObject","inLanguage":"en-GB","@id":"https:\/\/nid.pl\/#\/schema\/logo\/image\/","url":"https:\/\/nid.pl\/wp-content\/uploads\/2022\/10\/logoRedDark.png","contentUrl":"https:\/\/nid.pl\/wp-content\/uploads\/2022\/10\/logoRedDark.png","width":200,"height":197,"caption":"Narodowy Instytut Dziedzictwa"},"image":{"@id":"https:\/\/nid.pl\/#\/schema\/logo\/image\/"},"sameAs":["https:\/\/www.facebook.com\/zabytek","https:\/\/x.com\/NarIDpl","https:\/\/www.instagram.com\/nid.pl\/?hl=pl","https:\/\/www.linkedin.com\/company\/narodowy-instytut-dziedzictwa","https:\/\/www.youtube.com\/channel\/UCQXuhKa2uHtmNvLRUSx40JA"]},{"@type":"Person","@id":"https:\/\/nid.pl\/#\/schema\/person\/1b690a8998a5111cfb9f0ffe24195a15","name":"Barbara Halliop","image":{"@type":"ImageObject","inLanguage":"en-GB","@id":"https:\/\/nid.pl\/#\/schema\/person\/image\/","url":"https:\/\/nid.pl\/wp-content\/litespeed\/avatar\/924046d17dd0c842c9fa9ccf489bc6dc.jpg?ver=1776840122","contentUrl":"https:\/\/nid.pl\/wp-content\/litespeed\/avatar\/924046d17dd0c842c9fa9ccf489bc6dc.jpg?ver=1776840122","caption":"Barbara Halliop"},"url":"https:\/\/nid.pl\/en\/author\/bhalliop\/"}]}},"_links":{"self":[{"href":"https:\/\/nid.pl\/en\/wp-json\/wp\/v2\/posts\/5869","targetHints":{"allow":["GET"]}}],"collection":[{"href":"https:\/\/nid.pl\/en\/wp-json\/wp\/v2\/posts"}],"about":[{"href":"https:\/\/nid.pl\/en\/wp-json\/wp\/v2\/types\/post"}],"author":[{"embeddable":true,"href":"https:\/\/nid.pl\/en\/wp-json\/wp\/v2\/users\/7"}],"replies":[{"embeddable":true,"href":"https:\/\/nid.pl\/en\/wp-json\/wp\/v2\/comments?post=5869"}],"version-history":[{"count":0,"href":"https:\/\/nid.pl\/en\/wp-json\/wp\/v2\/posts\/5869\/revisions"}],"wp:featuredmedia":[{"embeddable":true,"href":"https:\/\/nid.pl\/en\/wp-json\/wp\/v2\/media\/5872"}],"wp:attachment":[{"href":"https:\/\/nid.pl\/en\/wp-json\/wp\/v2\/media?parent=5869"}],"wp:term":[{"taxonomy":"category","embeddable":true,"href":"https:\/\/nid.pl\/en\/wp-json\/wp\/v2\/categories?post=5869"},{"taxonomy":"post_tag","embeddable":true,"href":"https:\/\/nid.pl\/en\/wp-json\/wp\/v2\/tags?post=5869"}],"curies":[{"name":"wp","href":"https:\/\/api.w.org\/{rel}","templated":true}]}}