{"id":5844,"date":"2022-04-13T14:15:29","date_gmt":"2022-04-13T12:15:29","guid":{"rendered":"https:\/\/nid.pl\/?p=5844"},"modified":"2022-04-14T09:44:44","modified_gmt":"2022-04-14T07:44:44","slug":"tradycje-wielkanocne-ocalone-od-zapomnieniadzieki-krajowej-liscie-niematerialnego-dziedzictwa-kulturowego","status":"publish","type":"post","link":"https:\/\/nid.pl\/en\/2022\/04\/13\/tradycje-wielkanocne-ocalone-od-zapomnieniadzieki-krajowej-liscie-niematerialnego-dziedzictwa-kulturowego\/","title":{"rendered":"Tradycje Wielkanocne ocalone od zapomnienia dzi\u0119ki Krajowej Li\u015bcie Niematerialnego Dziedzictwa Kulturowego"},"content":{"rendered":"<p><strong>Wielkanocne kroszonki, batikowe pisanki, krzy\u017coki, przywo\u0142\u00f3wki dyngusowe czy turki to jedynie kilka z ponad 57 emocjonuj\u0105cych obrz\u0119d\u00f3w i tradycji, kt\u00f3re wpisane zosta\u0142y na Krajow\u0105 list\u0119 niematerialnego dziedzictwa kulturowego. Pochodz\u0105ce z ca\u0142ego kraju obyczaje, zwyczaje i przekazy, kt\u00f3re od dziesi\u0105tek pokole\u0144 kultywowane s\u0105 w polskich rodzinach zosta\u0142y ocalone przed zapomnieniem dzi\u0119ki Krajowej li\u015bcie niematerialnego dziedzictwa kulturowego prowadzonej przez Ministra Kultury i Dziedzictwa Narodowego oraz Narodowy Instytut Dziedzictwa.<\/strong><\/p>\n\n\n\n<p><em>Narodowy Instytut Dziedzictwa gromadzi wiedz\u0119 o dziedzictwie niematerialnym Polski czyli o naszych tradycjach, praktykach, wyobra\u017ceniach, przekazach, wiedzy i umiej\u0119tno\u015bci oraz proponuje je do wpisu na Krajow\u0105 list\u0105 niematerialnego dziedzictwa kulturowego, kt\u00f3r\u0105 prowadzi Minister Kultury i Dziedzictwa Narodowego. Obecnie na Krajowej li\u015bcie niematerialnego dziedzictwa kulturowego znajduje si\u0119 57 r\u00f3\u017cnorodnych zjawisk czy umiej\u0119tno\u015bci z ca\u0142ej Polski. Mi\u0119dzy innymi jest na niej kilka obrz\u0119d\u00f3w zwi\u0105zanych z obchodami \u015bwi\u0105t Wielkiej Nocy<\/em> \u2013 komentuje Katarzyna Zalasi\u0144ska, Dyrektor Narodowego Instytutu Dziedzictwa.<\/p>\n\n\n\n<p><strong><u>Na Krajow\u0105 list\u0119 niematerialnego dziedzictwa kulturowego wpisane s\u0105 m.in.:<\/u><\/strong><\/p>\n\n\n\n<p><strong>\u2022 Kroszonkarstwo opolskie<\/strong> &#8211; to zdobienie jaj zabarwionych na jeden kolor metod\u0105 rytownicz\u0105 (drapanie). Kroszonki ozdabiane s\u0105 tradycyjnymi ornamentami ro\u015blinnymi: palmy, kwiaty, li\u015bcie, kt\u00f3rych wzory s\u0105 cz\u0119sto spotykane tak\u017ce w haftowanych obrusach, zas\u0142onach, dekoracyjnej po\u015bcieli (kapach), strojach i malarstwie ludowym. R\u00f3\u017cnorodno\u015b\u0107 wzor\u00f3w zale\u017cy od inwencji artystycznej samego tw\u00f3rcy. (data wpisu na List\u0119: 2019).<\/p>\n\n\n\n<p><strong>\u2022 Krzy\u017coki w Borkach Ma\u0142ych<\/strong> &#8211; tradycja polegaj\u0105ca na budowie bramy wielkanocnej z kilku tysi\u0119cy skorup jaj przez ca\u0142y okres Wielkiego Postu, wieszaniu jej w centrum wsi w Wielk\u0105 Sobot\u0119 w nocy, a tak\u017ce pieszym obchodzeniu p\u00f3l przed wschodem s\u0142o\u0144ca w Niedziel\u0119 Wielkanocn\u0105 przez dwunastu kawaler\u00f3w. Kultywowany jest wy\u0142\u0105cznie w so\u0142ectwie Borki Ma\u0142e w gminie Olesno w wojew\u00f3dztwie opolskim. (data wpisu na List\u0119: 2020)<\/p>\n\n\n\n<p><strong>\u2022 Zdobienie jaj wielkanocnych metod\u0105 batikow\u0105<\/strong>, czyli tzw. pisanie pisanek, polega na nak\u0142adaniu warstwy lub kilku warstw wosku i moczeniu jajka w barwniku, kt\u00f3ry pokrywa miejsca nie polane woskiem. Technika ta, stosowana na terenie Opolszczyzny jeszcze pod koniec XIX wieku, zacz\u0119\u0142a stopniowo ulega\u0107 zapomnieniu. Sytuacja uleg\u0142a zmianie wraz z pojawieniem si\u0119 os\u00f3b przesiedlonych po II wojnie \u015bwiatowej z teren\u00f3w dzisiejszej Ukrainy, kt\u00f3re w\u015br\u00f3d swoich zwyczaj\u00f3w \u015bwi\u0105tecznych przywioz\u0142y r\u00f3wnie\u017c tradycj\u0119 zdobienia jaj metod\u0105 batikow\u0105 i przekaza\u0142y j\u0105 kolejnym pokoleniom zamieszkuj\u0105cym miejscowo\u015bci takie, jak Tu\u0142owice, Skarbiszowice, Niemodlin, Sady, Grodziec, Kluczbork, Czeska Wie\u015b i Ob\u00f3rki (data wpisu na List\u0119: 2020).<\/p>\n\n\n\n<p>\u2022 P<strong>rzywo\u0142\u00f3wki dyngusowe<\/strong> &#8211; to dwudniowy zwyczaj zwi\u0105zany z obchodami \u015awi\u0105t Wielkanocnych bardzo powszechny na Kujawach do czas\u00f3w II wojny \u015bwiatowej, a w niekt\u00f3rych wsiach spotykany jeszcze do lat 60. XX wieku. Obecnie organizowany w Szymborzu, dawniej wsi, dzi\u015b dzielnicy Inowroc\u0142awia (data wpisu na List\u0119: 2016).<\/p>\n\n\n\n<p>\u2022 <strong><u>Turki Grodziskie<\/u><\/strong> &#8211; to m\u0119skie formacje stra\u017cnik\u00f3w \u201eGrobu Pa\u0144skiego, sk\u0142adaj\u0105ce si\u0119 wy\u0142\u0105cznie z kawaler\u00f3w. W gminie Grodzisko Dolne m\u0142odzi m\u0119\u017cczy\u017ani, kt\u00f3rzy chc\u0105 \u201es\u0142u\u017cy\u0107 za turka\u201d przychodz\u0105 na og\u0142aszane przez ksi\u0119\u017cy spotkanie oko\u0142o jednego miesi\u0105ca przed Wielkanoc\u0105, by rozpocz\u0105\u0107 \u0107wiczenie musztry paradnej. \u201eTurkami\u201d zostaj\u0105 najcz\u0119\u015bciej kawalerowie, kt\u00f3rzy piel\u0119gnuj\u0105 rodzinn\u0105 tradycj\u0119. (data wpisu na List\u0119: 2017).<\/p>\n\n\n\n<p><strong>\u2022 Bziuki<\/strong> \u2013 wielkanocny zwyczaj dmuchania ogni w Koprzywnicy podczas rezurekcji w Wielk\u0105 Sobot\u0119, kultywowany w Koprzywnicy. W procesji okr\u0105\u017caj\u0105cej trzykrotnie tamtejszy ko\u015bci\u00f3\u0142 bior\u0105 udzia\u0142 stra\u017cacy z miejscowej Ochotniczej Stra\u017cy Po\u017carnej. Kilku z nich (najcz\u0119\u015bciej czterech), id\u0105c przed ksi\u0119dzem nios\u0105cym Naj\u015bwi\u0119tszy Sakrament, wypryskuje na niesione pochodnie pobran\u0105 do ust naft\u0119, tworz\u0105c w ten spos\u00f3b kule lub s\u0142upy ognia. (data wpisu na list\u0119: 2021).<\/p>\n\n\n\n<p>Wi\u0119cej o obyczajach i tradycjach Wielkanocnych w za\u0142\u0105czonym materiale oraz na stronie <a href=\"https:\/\/nid.pl\/en\/\" target=\"_blank\" rel=\"noreferrer noopener\">www.nid.pl<\/a>.<\/p>\n\n\n\n<p>Dziedzictwo niematerialne to tradycje, praktyki ale tak\u017ce instrumenty, przedmioty, artefakty i przestrze\u0144 kulturowa \u2013 kt\u00f3re ca\u0142e wsp\u00f3lnoty, grupy oraz pojedyncze osoby uznaj\u0105 za cz\u0119\u015b\u0107 w\u0142asnego dziedzictwa kulturowego. To niematerialne dziedzictwo kulturowe, przekazywane z pokolenia na pokolenie, jest stale odtwarzane przez wsp\u00f3lnoty w relacji z ich otoczeniem, oddzia\u0142ywaniem przyrody i ich histori\u0105 oraz zapewnia im poczucie to\u017csamo\u015bci i ci\u0105g\u0142o\u015bci, przyczyniaj\u0105c si\u0119 w ten spos\u00f3b do wzrostu poszanowania dla r\u00f3\u017cnorodno\u015bci kulturowej oraz ludzkiej kreatywno\u015bci.<\/p>\n\n\n\n<p>W 2011 roku Polska ratyfikowa\u0142a Konwencj\u0119 UNESCO z 2003 roku w sprawie ochrony niematerialnego dziedzictwa <em>kulturowego, a lista jest prowadzona od 2014 roku. W pa\u017adzierniku 2003 roku przyj\u0119to w Pary\u017cu Konwencj\u0119 w sprawie ochrony niematerialnego dziedzictwa kulturowego. To pierwszy mi\u0119dzynarodowy traktat stwarzaj\u0105cy ramy prawne, administracyjne i finansowe dla ochrony tego dziedzictwa. Polska ratyfikowa\u0142a Konwencj\u0119 w sierpniu 2011 roku jako 135. Pa\u0144stwo-Strona<\/em> \u2013 dodaje Katarzyna Zalasi\u0144ska.<\/p>\n\n\n\n<p>W 2011 roku w Narodowym Instytucie Dziedzictwa powsta\u0142 Zesp\u00f3\u0142 ds. niematerialnego dziedzictwa kulturowego, kt\u00f3ry koordynuje dzia\u0142ania zwi\u0105zane z wdra\u017caniem postanowie\u0144 Konwencji UNESCO. Jego cz\u0119\u015bci\u0105 s\u0105 regionalni koordynatorzy w Oddzia\u0142ach Terenowych NID dzia\u0142aj\u0105cy na terenie poszczeg\u00f3lnych wojew\u00f3dztw.<\/p>\n\n\n\n<figure class=\"wp-block-image size-large is-resized\"><img loading=\"lazy\" decoding=\"async\" src=\"https:\/\/nid.pl\/wp-content\/uploads\/2022\/04\/jajo-1-1024x768.jpg\" alt=\"Zdj\u0119cia przedstawia pisanki wykonane metod\u0105 batikow\u0105\" class=\"wp-image-5853\" width=\"821\" height=\"615\"\/><figcaption>Pisanki wykonane metod\u0105 batikow\u0105 \/ fot. NID<\/figcaption><\/figure>\n\n\n\n<figure class=\"wp-block-image size-large\"><img loading=\"lazy\" decoding=\"async\" width=\"1024\" height=\"768\" src=\"https:\/\/nid.pl\/wp-content\/uploads\/2022\/04\/Przywolowki-dyngusowe-1024x768.jpg\" alt=\"Zdj\u0119cie przedstawia przywo\u0142\u00f3wki dyngusowe w Szymborzu\" class=\"wp-image-5846\" srcset=\"https:\/\/nid.pl\/wp-content\/uploads\/2022\/04\/Przywolowki-dyngusowe-980x735.jpg 980w, https:\/\/nid.pl\/wp-content\/uploads\/2022\/04\/Przywolowki-dyngusowe-480x360.jpg 480w\" sizes=\"(min-width: 0px) and (max-width: 480px) 480px, (min-width: 481px) and (max-width: 980px) 980px, (min-width: 981px) 1024px, 100vw\" \/><figcaption>Przywo\u0142\u00f3wki dyngusowe w Szymborzu (Inowroc\u0142aw) \/ fot. NID<\/figcaption><\/figure>","protected":false},"excerpt":{"rendered":"<p>Wielkanocne kroszonki, batikowe pisanki, krzy\u017coki, przywo\u0142\u00f3wki dyngusowe czy turki to jedynie kilka z ponad 57 emocjonuj\u0105cych obrz\u0119d\u00f3w i tradycji, kt\u00f3re wpisane zosta\u0142y na Krajow\u0105 list\u0119 niematerialnego dziedzictwa kulturowego. Pochodz\u0105ce z [&hellip;]<\/p>","protected":false},"author":7,"featured_media":5845,"comment_status":"open","ping_status":"open","sticky":false,"template":"","format":"standard","meta":{"_et_pb_use_builder":"off","_et_pb_old_content":"","_et_gb_content_width":"","_monsterinsights_skip_tracking":false,"_monsterinsights_sitenote_active":false,"_monsterinsights_sitenote_note":"","_monsterinsights_sitenote_category":0,"footnotes":""},"categories":[3],"tags":[],"class_list":["post-5844","post","type-post","status-publish","format-standard","has-post-thumbnail","hentry","category-aktualnosci"],"yoast_head":"<!-- This site is optimized with the Yoast SEO plugin v26.5 - https:\/\/yoast.com\/wordpress\/plugins\/seo\/ -->\n<title>Tradycje Wielkanocne ocalone od zapomnienia dzi\u0119ki Krajowej Li\u015bcie Niematerialnego Dziedzictwa Kulturowego - NID<\/title>\n<meta name=\"robots\" content=\"index, follow, max-snippet:-1, max-image-preview:large, max-video-preview:-1\" \/>\n<link rel=\"canonical\" href=\"https:\/\/nid.pl\/en\/2022\/04\/13\/tradycje-wielkanocne-ocalone-od-zapomnieniadzieki-krajowej-liscie-niematerialnego-dziedzictwa-kulturowego\/\" \/>\n<meta property=\"og:locale\" content=\"en_GB\" \/>\n<meta property=\"og:type\" content=\"article\" \/>\n<meta property=\"og:title\" content=\"Tradycje Wielkanocne ocalone od zapomnienia dzi\u0119ki Krajowej Li\u015bcie Niematerialnego Dziedzictwa Kulturowego - NID\" \/>\n<meta property=\"og:description\" content=\"Wielkanocne kroszonki, batikowe pisanki, krzy\u017coki, przywo\u0142\u00f3wki dyngusowe czy turki to jedynie kilka z ponad 57 emocjonuj\u0105cych obrz\u0119d\u00f3w i tradycji, kt\u00f3re wpisane zosta\u0142y na Krajow\u0105 list\u0119 niematerialnego dziedzictwa kulturowego. Pochodz\u0105ce z [&hellip;]\" \/>\n<meta property=\"og:url\" content=\"https:\/\/nid.pl\/en\/2022\/04\/13\/tradycje-wielkanocne-ocalone-od-zapomnieniadzieki-krajowej-liscie-niematerialnego-dziedzictwa-kulturowego\/\" \/>\n<meta property=\"og:site_name\" content=\"NID\" \/>\n<meta property=\"article:publisher\" content=\"https:\/\/www.facebook.com\/zabytek\" \/>\n<meta property=\"article:published_time\" content=\"2022-04-13T12:15:29+00:00\" \/>\n<meta property=\"article:modified_time\" content=\"2022-04-14T07:44:44+00:00\" \/>\n<meta property=\"og:image\" content=\"https:\/\/nid.pl\/wp-content\/uploads\/2022\/04\/2Y6A4109-scaled.jpg\" \/>\n\t<meta property=\"og:image:width\" content=\"2560\" \/>\n\t<meta property=\"og:image:height\" content=\"1718\" \/>\n\t<meta property=\"og:image:type\" content=\"image\/jpeg\" \/>\n<meta name=\"author\" content=\"Barbara Halliop\" \/>\n<meta name=\"twitter:card\" content=\"summary_large_image\" \/>\n<meta name=\"twitter:creator\" content=\"@NarIDpl\" \/>\n<meta name=\"twitter:site\" content=\"@NarIDpl\" \/>\n<meta name=\"twitter:label1\" content=\"Written by\" \/>\n\t<meta name=\"twitter:data1\" content=\"Barbara Halliop\" \/>\n\t<meta name=\"twitter:label2\" content=\"Estimated reading time\" \/>\n\t<meta name=\"twitter:data2\" content=\"4 minutes\" \/>\n<script type=\"application\/ld+json\" class=\"yoast-schema-graph\">{\"@context\":\"https:\/\/schema.org\",\"@graph\":[{\"@type\":\"Article\",\"@id\":\"https:\/\/nid.pl\/2022\/04\/13\/tradycje-wielkanocne-ocalone-od-zapomnieniadzieki-krajowej-liscie-niematerialnego-dziedzictwa-kulturowego\/#article\",\"isPartOf\":{\"@id\":\"https:\/\/nid.pl\/2022\/04\/13\/tradycje-wielkanocne-ocalone-od-zapomnieniadzieki-krajowej-liscie-niematerialnego-dziedzictwa-kulturowego\/\"},\"author\":{\"name\":\"Barbara Halliop\",\"@id\":\"https:\/\/nid.pl\/#\/schema\/person\/1b690a8998a5111cfb9f0ffe24195a15\"},\"headline\":\"Tradycje Wielkanocne ocalone od zapomnienia dzi\u0119ki Krajowej Li\u015bcie Niematerialnego Dziedzictwa Kulturowego\",\"datePublished\":\"2022-04-13T12:15:29+00:00\",\"dateModified\":\"2022-04-14T07:44:44+00:00\",\"mainEntityOfPage\":{\"@id\":\"https:\/\/nid.pl\/2022\/04\/13\/tradycje-wielkanocne-ocalone-od-zapomnieniadzieki-krajowej-liscie-niematerialnego-dziedzictwa-kulturowego\/\"},\"wordCount\":871,\"commentCount\":0,\"publisher\":{\"@id\":\"https:\/\/nid.pl\/#organization\"},\"image\":{\"@id\":\"https:\/\/nid.pl\/2022\/04\/13\/tradycje-wielkanocne-ocalone-od-zapomnieniadzieki-krajowej-liscie-niematerialnego-dziedzictwa-kulturowego\/#primaryimage\"},\"thumbnailUrl\":\"https:\/\/nid.pl\/wp-content\/uploads\/2022\/04\/2Y6A4109-scaled.jpg\",\"articleSection\":[\"Aktualno\u015bci\"],\"inLanguage\":\"en-GB\"},{\"@type\":\"WebPage\",\"@id\":\"https:\/\/nid.pl\/2022\/04\/13\/tradycje-wielkanocne-ocalone-od-zapomnieniadzieki-krajowej-liscie-niematerialnego-dziedzictwa-kulturowego\/\",\"url\":\"https:\/\/nid.pl\/2022\/04\/13\/tradycje-wielkanocne-ocalone-od-zapomnieniadzieki-krajowej-liscie-niematerialnego-dziedzictwa-kulturowego\/\",\"name\":\"Tradycje Wielkanocne ocalone od zapomnienia dzi\u0119ki Krajowej Li\u015bcie Niematerialnego Dziedzictwa Kulturowego - NID\",\"isPartOf\":{\"@id\":\"https:\/\/nid.pl\/#website\"},\"primaryImageOfPage\":{\"@id\":\"https:\/\/nid.pl\/2022\/04\/13\/tradycje-wielkanocne-ocalone-od-zapomnieniadzieki-krajowej-liscie-niematerialnego-dziedzictwa-kulturowego\/#primaryimage\"},\"image\":{\"@id\":\"https:\/\/nid.pl\/2022\/04\/13\/tradycje-wielkanocne-ocalone-od-zapomnieniadzieki-krajowej-liscie-niematerialnego-dziedzictwa-kulturowego\/#primaryimage\"},\"thumbnailUrl\":\"https:\/\/nid.pl\/wp-content\/uploads\/2022\/04\/2Y6A4109-scaled.jpg\",\"datePublished\":\"2022-04-13T12:15:29+00:00\",\"dateModified\":\"2022-04-14T07:44:44+00:00\",\"breadcrumb\":{\"@id\":\"https:\/\/nid.pl\/2022\/04\/13\/tradycje-wielkanocne-ocalone-od-zapomnieniadzieki-krajowej-liscie-niematerialnego-dziedzictwa-kulturowego\/#breadcrumb\"},\"inLanguage\":\"en-GB\",\"potentialAction\":[{\"@type\":\"ReadAction\",\"target\":[\"https:\/\/nid.pl\/2022\/04\/13\/tradycje-wielkanocne-ocalone-od-zapomnieniadzieki-krajowej-liscie-niematerialnego-dziedzictwa-kulturowego\/\"]}]},{\"@type\":\"ImageObject\",\"inLanguage\":\"en-GB\",\"@id\":\"https:\/\/nid.pl\/2022\/04\/13\/tradycje-wielkanocne-ocalone-od-zapomnieniadzieki-krajowej-liscie-niematerialnego-dziedzictwa-kulturowego\/#primaryimage\",\"url\":\"https:\/\/nid.pl\/wp-content\/uploads\/2022\/04\/2Y6A4109-scaled.jpg\",\"contentUrl\":\"https:\/\/nid.pl\/wp-content\/uploads\/2022\/04\/2Y6A4109-scaled.jpg\",\"width\":2560,\"height\":1718,\"caption\":\"Zdj\u0119cie przedstawia koszyk z pisankami wielkanocnymi\"},{\"@type\":\"BreadcrumbList\",\"@id\":\"https:\/\/nid.pl\/2022\/04\/13\/tradycje-wielkanocne-ocalone-od-zapomnieniadzieki-krajowej-liscie-niematerialnego-dziedzictwa-kulturowego\/#breadcrumb\",\"itemListElement\":[{\"@type\":\"ListItem\",\"position\":1,\"name\":\"Home\",\"item\":\"https:\/\/nid.pl\/\"},{\"@type\":\"ListItem\",\"position\":2,\"name\":\"Tradycje Wielkanocne ocalone od zapomnienia dzi\u0119ki Krajowej Li\u015bcie Niematerialnego Dziedzictwa Kulturowego\"}]},{\"@type\":\"WebSite\",\"@id\":\"https:\/\/nid.pl\/#website\",\"url\":\"https:\/\/nid.pl\/\",\"name\":\"NID\",\"description\":\"Narodowy Instytut Dziedzictwa\",\"publisher\":{\"@id\":\"https:\/\/nid.pl\/#organization\"},\"potentialAction\":[{\"@type\":\"SearchAction\",\"target\":{\"@type\":\"EntryPoint\",\"urlTemplate\":\"https:\/\/nid.pl\/?s={search_term_string}\"},\"query-input\":{\"@type\":\"PropertyValueSpecification\",\"valueRequired\":true,\"valueName\":\"search_term_string\"}}],\"inLanguage\":\"en-GB\"},{\"@type\":\"Organization\",\"@id\":\"https:\/\/nid.pl\/#organization\",\"name\":\"Narodowy Instytut Dziedzictwa\",\"url\":\"https:\/\/nid.pl\/\",\"logo\":{\"@type\":\"ImageObject\",\"inLanguage\":\"en-GB\",\"@id\":\"https:\/\/nid.pl\/#\/schema\/logo\/image\/\",\"url\":\"https:\/\/nid.pl\/wp-content\/uploads\/2022\/10\/logoRedDark.png\",\"contentUrl\":\"https:\/\/nid.pl\/wp-content\/uploads\/2022\/10\/logoRedDark.png\",\"width\":200,\"height\":197,\"caption\":\"Narodowy Instytut Dziedzictwa\"},\"image\":{\"@id\":\"https:\/\/nid.pl\/#\/schema\/logo\/image\/\"},\"sameAs\":[\"https:\/\/www.facebook.com\/zabytek\",\"https:\/\/x.com\/NarIDpl\",\"https:\/\/www.instagram.com\/nid.pl\/?hl=pl\",\"https:\/\/www.linkedin.com\/company\/narodowy-instytut-dziedzictwa\",\"https:\/\/www.youtube.com\/channel\/UCQXuhKa2uHtmNvLRUSx40JA\"]},{\"@type\":\"Person\",\"@id\":\"https:\/\/nid.pl\/#\/schema\/person\/1b690a8998a5111cfb9f0ffe24195a15\",\"name\":\"Barbara Halliop\",\"image\":{\"@type\":\"ImageObject\",\"inLanguage\":\"en-GB\",\"@id\":\"https:\/\/nid.pl\/#\/schema\/person\/image\/\",\"url\":\"https:\/\/nid.pl\/wp-content\/litespeed\/avatar\/924046d17dd0c842c9fa9ccf489bc6dc.jpg?ver=1776840122\",\"contentUrl\":\"https:\/\/nid.pl\/wp-content\/litespeed\/avatar\/924046d17dd0c842c9fa9ccf489bc6dc.jpg?ver=1776840122\",\"caption\":\"Barbara Halliop\"},\"url\":\"https:\/\/nid.pl\/en\/author\/bhalliop\/\"}]}<\/script>\n<!-- \/ Yoast SEO plugin. -->","yoast_head_json":{"title":"Tradycje Wielkanocne ocalone od zapomnienia dzi\u0119ki Krajowej Li\u015bcie Niematerialnego Dziedzictwa Kulturowego - NID","robots":{"index":"index","follow":"follow","max-snippet":"max-snippet:-1","max-image-preview":"max-image-preview:large","max-video-preview":"max-video-preview:-1"},"canonical":"https:\/\/nid.pl\/en\/2022\/04\/13\/tradycje-wielkanocne-ocalone-od-zapomnieniadzieki-krajowej-liscie-niematerialnego-dziedzictwa-kulturowego\/","og_locale":"en_GB","og_type":"article","og_title":"Tradycje Wielkanocne ocalone od zapomnienia dzi\u0119ki Krajowej Li\u015bcie Niematerialnego Dziedzictwa Kulturowego - NID","og_description":"Wielkanocne kroszonki, batikowe pisanki, krzy\u017coki, przywo\u0142\u00f3wki dyngusowe czy turki to jedynie kilka z ponad 57 emocjonuj\u0105cych obrz\u0119d\u00f3w i tradycji, kt\u00f3re wpisane zosta\u0142y na Krajow\u0105 list\u0119 niematerialnego dziedzictwa kulturowego. Pochodz\u0105ce z [&hellip;]","og_url":"https:\/\/nid.pl\/en\/2022\/04\/13\/tradycje-wielkanocne-ocalone-od-zapomnieniadzieki-krajowej-liscie-niematerialnego-dziedzictwa-kulturowego\/","og_site_name":"NID","article_publisher":"https:\/\/www.facebook.com\/zabytek","article_published_time":"2022-04-13T12:15:29+00:00","article_modified_time":"2022-04-14T07:44:44+00:00","og_image":[{"width":2560,"height":1718,"url":"https:\/\/nid.pl\/wp-content\/uploads\/2022\/04\/2Y6A4109-scaled.jpg","type":"image\/jpeg"}],"author":"Barbara Halliop","twitter_card":"summary_large_image","twitter_creator":"@NarIDpl","twitter_site":"@NarIDpl","twitter_misc":{"Written by":"Barbara Halliop","Estimated reading time":"4 minutes"},"schema":{"@context":"https:\/\/schema.org","@graph":[{"@type":"Article","@id":"https:\/\/nid.pl\/2022\/04\/13\/tradycje-wielkanocne-ocalone-od-zapomnieniadzieki-krajowej-liscie-niematerialnego-dziedzictwa-kulturowego\/#article","isPartOf":{"@id":"https:\/\/nid.pl\/2022\/04\/13\/tradycje-wielkanocne-ocalone-od-zapomnieniadzieki-krajowej-liscie-niematerialnego-dziedzictwa-kulturowego\/"},"author":{"name":"Barbara Halliop","@id":"https:\/\/nid.pl\/#\/schema\/person\/1b690a8998a5111cfb9f0ffe24195a15"},"headline":"Tradycje Wielkanocne ocalone od zapomnienia dzi\u0119ki Krajowej Li\u015bcie Niematerialnego Dziedzictwa Kulturowego","datePublished":"2022-04-13T12:15:29+00:00","dateModified":"2022-04-14T07:44:44+00:00","mainEntityOfPage":{"@id":"https:\/\/nid.pl\/2022\/04\/13\/tradycje-wielkanocne-ocalone-od-zapomnieniadzieki-krajowej-liscie-niematerialnego-dziedzictwa-kulturowego\/"},"wordCount":871,"commentCount":0,"publisher":{"@id":"https:\/\/nid.pl\/#organization"},"image":{"@id":"https:\/\/nid.pl\/2022\/04\/13\/tradycje-wielkanocne-ocalone-od-zapomnieniadzieki-krajowej-liscie-niematerialnego-dziedzictwa-kulturowego\/#primaryimage"},"thumbnailUrl":"https:\/\/nid.pl\/wp-content\/uploads\/2022\/04\/2Y6A4109-scaled.jpg","articleSection":["Aktualno\u015bci"],"inLanguage":"en-GB"},{"@type":"WebPage","@id":"https:\/\/nid.pl\/2022\/04\/13\/tradycje-wielkanocne-ocalone-od-zapomnieniadzieki-krajowej-liscie-niematerialnego-dziedzictwa-kulturowego\/","url":"https:\/\/nid.pl\/2022\/04\/13\/tradycje-wielkanocne-ocalone-od-zapomnieniadzieki-krajowej-liscie-niematerialnego-dziedzictwa-kulturowego\/","name":"Tradycje Wielkanocne ocalone od zapomnienia dzi\u0119ki Krajowej Li\u015bcie Niematerialnego Dziedzictwa Kulturowego - NID","isPartOf":{"@id":"https:\/\/nid.pl\/#website"},"primaryImageOfPage":{"@id":"https:\/\/nid.pl\/2022\/04\/13\/tradycje-wielkanocne-ocalone-od-zapomnieniadzieki-krajowej-liscie-niematerialnego-dziedzictwa-kulturowego\/#primaryimage"},"image":{"@id":"https:\/\/nid.pl\/2022\/04\/13\/tradycje-wielkanocne-ocalone-od-zapomnieniadzieki-krajowej-liscie-niematerialnego-dziedzictwa-kulturowego\/#primaryimage"},"thumbnailUrl":"https:\/\/nid.pl\/wp-content\/uploads\/2022\/04\/2Y6A4109-scaled.jpg","datePublished":"2022-04-13T12:15:29+00:00","dateModified":"2022-04-14T07:44:44+00:00","breadcrumb":{"@id":"https:\/\/nid.pl\/2022\/04\/13\/tradycje-wielkanocne-ocalone-od-zapomnieniadzieki-krajowej-liscie-niematerialnego-dziedzictwa-kulturowego\/#breadcrumb"},"inLanguage":"en-GB","potentialAction":[{"@type":"ReadAction","target":["https:\/\/nid.pl\/2022\/04\/13\/tradycje-wielkanocne-ocalone-od-zapomnieniadzieki-krajowej-liscie-niematerialnego-dziedzictwa-kulturowego\/"]}]},{"@type":"ImageObject","inLanguage":"en-GB","@id":"https:\/\/nid.pl\/2022\/04\/13\/tradycje-wielkanocne-ocalone-od-zapomnieniadzieki-krajowej-liscie-niematerialnego-dziedzictwa-kulturowego\/#primaryimage","url":"https:\/\/nid.pl\/wp-content\/uploads\/2022\/04\/2Y6A4109-scaled.jpg","contentUrl":"https:\/\/nid.pl\/wp-content\/uploads\/2022\/04\/2Y6A4109-scaled.jpg","width":2560,"height":1718,"caption":"Zdj\u0119cie przedstawia koszyk z pisankami wielkanocnymi"},{"@type":"BreadcrumbList","@id":"https:\/\/nid.pl\/2022\/04\/13\/tradycje-wielkanocne-ocalone-od-zapomnieniadzieki-krajowej-liscie-niematerialnego-dziedzictwa-kulturowego\/#breadcrumb","itemListElement":[{"@type":"ListItem","position":1,"name":"Home","item":"https:\/\/nid.pl\/"},{"@type":"ListItem","position":2,"name":"Tradycje Wielkanocne ocalone od zapomnienia dzi\u0119ki Krajowej Li\u015bcie Niematerialnego Dziedzictwa Kulturowego"}]},{"@type":"WebSite","@id":"https:\/\/nid.pl\/#website","url":"https:\/\/nid.pl\/","name":"NID","description":"Narodowy Instytut Dziedzictwa","publisher":{"@id":"https:\/\/nid.pl\/#organization"},"potentialAction":[{"@type":"SearchAction","target":{"@type":"EntryPoint","urlTemplate":"https:\/\/nid.pl\/?s={search_term_string}"},"query-input":{"@type":"PropertyValueSpecification","valueRequired":true,"valueName":"search_term_string"}}],"inLanguage":"en-GB"},{"@type":"Organization","@id":"https:\/\/nid.pl\/#organization","name":"Narodowy Instytut Dziedzictwa","url":"https:\/\/nid.pl\/","logo":{"@type":"ImageObject","inLanguage":"en-GB","@id":"https:\/\/nid.pl\/#\/schema\/logo\/image\/","url":"https:\/\/nid.pl\/wp-content\/uploads\/2022\/10\/logoRedDark.png","contentUrl":"https:\/\/nid.pl\/wp-content\/uploads\/2022\/10\/logoRedDark.png","width":200,"height":197,"caption":"Narodowy Instytut Dziedzictwa"},"image":{"@id":"https:\/\/nid.pl\/#\/schema\/logo\/image\/"},"sameAs":["https:\/\/www.facebook.com\/zabytek","https:\/\/x.com\/NarIDpl","https:\/\/www.instagram.com\/nid.pl\/?hl=pl","https:\/\/www.linkedin.com\/company\/narodowy-instytut-dziedzictwa","https:\/\/www.youtube.com\/channel\/UCQXuhKa2uHtmNvLRUSx40JA"]},{"@type":"Person","@id":"https:\/\/nid.pl\/#\/schema\/person\/1b690a8998a5111cfb9f0ffe24195a15","name":"Barbara Halliop","image":{"@type":"ImageObject","inLanguage":"en-GB","@id":"https:\/\/nid.pl\/#\/schema\/person\/image\/","url":"https:\/\/nid.pl\/wp-content\/litespeed\/avatar\/924046d17dd0c842c9fa9ccf489bc6dc.jpg?ver=1776840122","contentUrl":"https:\/\/nid.pl\/wp-content\/litespeed\/avatar\/924046d17dd0c842c9fa9ccf489bc6dc.jpg?ver=1776840122","caption":"Barbara Halliop"},"url":"https:\/\/nid.pl\/en\/author\/bhalliop\/"}]}},"_links":{"self":[{"href":"https:\/\/nid.pl\/en\/wp-json\/wp\/v2\/posts\/5844","targetHints":{"allow":["GET"]}}],"collection":[{"href":"https:\/\/nid.pl\/en\/wp-json\/wp\/v2\/posts"}],"about":[{"href":"https:\/\/nid.pl\/en\/wp-json\/wp\/v2\/types\/post"}],"author":[{"embeddable":true,"href":"https:\/\/nid.pl\/en\/wp-json\/wp\/v2\/users\/7"}],"replies":[{"embeddable":true,"href":"https:\/\/nid.pl\/en\/wp-json\/wp\/v2\/comments?post=5844"}],"version-history":[{"count":0,"href":"https:\/\/nid.pl\/en\/wp-json\/wp\/v2\/posts\/5844\/revisions"}],"wp:featuredmedia":[{"embeddable":true,"href":"https:\/\/nid.pl\/en\/wp-json\/wp\/v2\/media\/5845"}],"wp:attachment":[{"href":"https:\/\/nid.pl\/en\/wp-json\/wp\/v2\/media?parent=5844"}],"wp:term":[{"taxonomy":"category","embeddable":true,"href":"https:\/\/nid.pl\/en\/wp-json\/wp\/v2\/categories?post=5844"},{"taxonomy":"post_tag","embeddable":true,"href":"https:\/\/nid.pl\/en\/wp-json\/wp\/v2\/tags?post=5844"}],"curies":[{"name":"wp","href":"https:\/\/api.w.org\/{rel}","templated":true}]}}