{"id":5739,"date":"2022-03-31T10:46:11","date_gmt":"2022-03-31T08:46:11","guid":{"rendered":"https:\/\/nid.pl\/?p=5739"},"modified":"2022-03-31T10:48:38","modified_gmt":"2022-03-31T08:48:38","slug":"ochrona-zabytkow-archeologicznych-2022-wyniki-naboru-wraz-z-odwolaniami","status":"publish","type":"post","link":"https:\/\/nid.pl\/en\/2022\/03\/31\/ochrona-zabytkow-archeologicznych-2022-wyniki-naboru-wraz-z-odwolaniami\/","title":{"rendered":"Ochrona zabytk\u00f3w archeologicznych 2022 \u2013 wyniki z odwo\u0142aniami"},"content":{"rendered":"<p>Minister Kultury i Dziedzictwa Narodowego rozpatrzy\u0142 odwo\u0142ania z\u0142o\u017cone w ramach programu rz\u0105dowego \u201eOchrona zabytk\u00f3w archeologicznych 2022\u201d. Dofinansowanie otrzyma\u0142o dodatkowo 5 projekt\u00f3w, 3 dwuletnie i 2 jednoroczne. Wyniki zosta\u0142y opublikowane na stronie <a href=\"https:\/\/www.gov.pl\/web\/kultura\/ochrona-zabytkow-archeologicznych4\" target=\"_blank\" rel=\"noreferrer noopener\">Ministerstwa Kultury i Dziedzictwa Narodowego<\/a>. Pe\u0142ny wykaz wynik\u00f3w tegorocznego naboru do pobrania poni\u017cej.<\/p>\n\n\n\n<p><\/p>\n\n\n\n<p><\/p>\n\n\n\n<p><a href=\"https:\/\/nid.pl\/wp-content\/uploads\/2022\/03\/Wyniki-naboru-Ochrona-zabytkow-archeologicznych-2022-z-odwolaniami.pdf\">Wyni<\/a><a href=\"https:\/\/nid.pl\/wp-content\/uploads\/2022\/03\/Wyniki-naboru-Ochrona-zabytkow-archeologicznych-2022-z-odwolaniami.pdf\" target=\"_blank\" rel=\"noreferrer noopener\">ki naboru Ochrona zabytk\u00f3w archeologicznych 2022 z odwo\u0142aniami.pdf<\/a><\/p>\n\n\n\n<p><a href=\"https:\/\/nid.pl\/wp-content\/uploads\/2022\/03\/Wyniki-naboru-Ochrona-zabytkow-archeologicznych-2022-z-odwolaniami.xls\">Wyniki naboru Ochrona zabytk\u00f3w archeologicznych 2022 z odwo\u0142aniami.xls<\/a><\/p>","protected":false},"excerpt":{"rendered":"<p>Minister Kultury i Dziedzictwa Narodowego rozpatrzy\u0142 odwo\u0142ania z\u0142o\u017cone w ramach programu rz\u0105dowego \u201eOchrona zabytk\u00f3w archeologicznych 2022\u201d. Dofinansowanie otrzyma\u0142o dodatkowo 5 projekt\u00f3w, 3 dwuletnie i 2 jednoroczne. Wyniki zosta\u0142y opublikowane na [&hellip;]<\/p>","protected":false},"author":7,"featured_media":5306,"comment_status":"open","ping_status":"open","sticky":false,"template":"","format":"standard","meta":{"_et_pb_use_builder":"off","_et_pb_old_content":"","_et_gb_content_width":"","_monsterinsights_skip_tracking":false,"_monsterinsights_sitenote_active":false,"_monsterinsights_sitenote_note":"","_monsterinsights_sitenote_category":0,"footnotes":""},"categories":[3,37],"tags":[],"class_list":["post-5739","post","type-post","status-publish","format-standard","has-post-thumbnail","hentry","category-aktualnosci","category-ochrona-zabytkow-archeologicznych"],"yoast_head":"<!-- This site is optimized with the Yoast SEO plugin v26.5 - https:\/\/yoast.com\/wordpress\/plugins\/seo\/ -->\n<title>Ochrona zabytk\u00f3w archeologicznych 2022 \u2013 wyniki z odwo\u0142aniami - NID<\/title>\n<meta name=\"robots\" content=\"index, follow, max-snippet:-1, max-image-preview:large, max-video-preview:-1\" \/>\n<link rel=\"canonical\" href=\"https:\/\/nid.pl\/en\/2022\/03\/31\/ochrona-zabytkow-archeologicznych-2022-wyniki-naboru-wraz-z-odwolaniami\/\" \/>\n<meta property=\"og:locale\" content=\"en_GB\" \/>\n<meta property=\"og:type\" content=\"article\" \/>\n<meta property=\"og:title\" content=\"Ochrona zabytk\u00f3w archeologicznych 2022 \u2013 wyniki z odwo\u0142aniami - NID\" \/>\n<meta property=\"og:description\" content=\"Minister Kultury i Dziedzictwa Narodowego rozpatrzy\u0142 odwo\u0142ania z\u0142o\u017cone w ramach programu rz\u0105dowego \u201eOchrona zabytk\u00f3w archeologicznych 2022\u201d. Dofinansowanie otrzyma\u0142o dodatkowo 5 projekt\u00f3w, 3 dwuletnie i 2 jednoroczne. Wyniki zosta\u0142y opublikowane na [&hellip;]\" \/>\n<meta property=\"og:url\" content=\"https:\/\/nid.pl\/en\/2022\/03\/31\/ochrona-zabytkow-archeologicznych-2022-wyniki-naboru-wraz-z-odwolaniami\/\" \/>\n<meta property=\"og:site_name\" content=\"NID\" \/>\n<meta property=\"article:publisher\" content=\"https:\/\/www.facebook.com\/zabytek\" \/>\n<meta property=\"article:published_time\" content=\"2022-03-31T08:46:11+00:00\" \/>\n<meta property=\"article:modified_time\" content=\"2022-03-31T08:48:38+00:00\" \/>\n<meta property=\"og:image\" content=\"https:\/\/nid.pl\/wp-content\/uploads\/2022\/02\/MKiDN_kolor.png\" \/>\n\t<meta property=\"og:image:width\" content=\"1200\" \/>\n\t<meta property=\"og:image:height\" content=\"497\" \/>\n\t<meta property=\"og:image:type\" content=\"image\/png\" \/>\n<meta name=\"author\" content=\"Barbara Halliop\" \/>\n<meta name=\"twitter:card\" content=\"summary_large_image\" \/>\n<meta name=\"twitter:creator\" content=\"@NarIDpl\" \/>\n<meta name=\"twitter:site\" content=\"@NarIDpl\" \/>\n<meta name=\"twitter:label1\" content=\"Written by\" \/>\n\t<meta name=\"twitter:data1\" content=\"Barbara Halliop\" \/>\n\t<meta name=\"twitter:label2\" content=\"Estimated reading time\" \/>\n\t<meta name=\"twitter:data2\" content=\"1 minute\" \/>\n<script type=\"application\/ld+json\" class=\"yoast-schema-graph\">{\"@context\":\"https:\/\/schema.org\",\"@graph\":[{\"@type\":\"Article\",\"@id\":\"https:\/\/nid.pl\/2022\/03\/31\/ochrona-zabytkow-archeologicznych-2022-wyniki-naboru-wraz-z-odwolaniami\/#article\",\"isPartOf\":{\"@id\":\"https:\/\/nid.pl\/2022\/03\/31\/ochrona-zabytkow-archeologicznych-2022-wyniki-naboru-wraz-z-odwolaniami\/\"},\"author\":{\"name\":\"Barbara Halliop\",\"@id\":\"https:\/\/nid.pl\/#\/schema\/person\/1b690a8998a5111cfb9f0ffe24195a15\"},\"headline\":\"Ochrona zabytk\u00f3w archeologicznych 2022 \u2013 wyniki z odwo\u0142aniami\",\"datePublished\":\"2022-03-31T08:46:11+00:00\",\"dateModified\":\"2022-03-31T08:48:38+00:00\",\"mainEntityOfPage\":{\"@id\":\"https:\/\/nid.pl\/2022\/03\/31\/ochrona-zabytkow-archeologicznych-2022-wyniki-naboru-wraz-z-odwolaniami\/\"},\"wordCount\":80,\"commentCount\":0,\"publisher\":{\"@id\":\"https:\/\/nid.pl\/#organization\"},\"image\":{\"@id\":\"https:\/\/nid.pl\/2022\/03\/31\/ochrona-zabytkow-archeologicznych-2022-wyniki-naboru-wraz-z-odwolaniami\/#primaryimage\"},\"thumbnailUrl\":\"https:\/\/nid.pl\/wp-content\/uploads\/2022\/02\/MKiDN_kolor.png\",\"articleSection\":[\"Aktualno\u015bci\",\"Ochrona zabytk\u00f3w archeologicznych\"],\"inLanguage\":\"en-GB\"},{\"@type\":\"WebPage\",\"@id\":\"https:\/\/nid.pl\/2022\/03\/31\/ochrona-zabytkow-archeologicznych-2022-wyniki-naboru-wraz-z-odwolaniami\/\",\"url\":\"https:\/\/nid.pl\/2022\/03\/31\/ochrona-zabytkow-archeologicznych-2022-wyniki-naboru-wraz-z-odwolaniami\/\",\"name\":\"Ochrona zabytk\u00f3w archeologicznych 2022 \u2013 wyniki z odwo\u0142aniami - NID\",\"isPartOf\":{\"@id\":\"https:\/\/nid.pl\/#website\"},\"primaryImageOfPage\":{\"@id\":\"https:\/\/nid.pl\/2022\/03\/31\/ochrona-zabytkow-archeologicznych-2022-wyniki-naboru-wraz-z-odwolaniami\/#primaryimage\"},\"image\":{\"@id\":\"https:\/\/nid.pl\/2022\/03\/31\/ochrona-zabytkow-archeologicznych-2022-wyniki-naboru-wraz-z-odwolaniami\/#primaryimage\"},\"thumbnailUrl\":\"https:\/\/nid.pl\/wp-content\/uploads\/2022\/02\/MKiDN_kolor.png\",\"datePublished\":\"2022-03-31T08:46:11+00:00\",\"dateModified\":\"2022-03-31T08:48:38+00:00\",\"breadcrumb\":{\"@id\":\"https:\/\/nid.pl\/2022\/03\/31\/ochrona-zabytkow-archeologicznych-2022-wyniki-naboru-wraz-z-odwolaniami\/#breadcrumb\"},\"inLanguage\":\"en-GB\",\"potentialAction\":[{\"@type\":\"ReadAction\",\"target\":[\"https:\/\/nid.pl\/2022\/03\/31\/ochrona-zabytkow-archeologicznych-2022-wyniki-naboru-wraz-z-odwolaniami\/\"]}]},{\"@type\":\"ImageObject\",\"inLanguage\":\"en-GB\",\"@id\":\"https:\/\/nid.pl\/2022\/03\/31\/ochrona-zabytkow-archeologicznych-2022-wyniki-naboru-wraz-z-odwolaniami\/#primaryimage\",\"url\":\"https:\/\/nid.pl\/wp-content\/uploads\/2022\/02\/MKiDN_kolor.png\",\"contentUrl\":\"https:\/\/nid.pl\/wp-content\/uploads\/2022\/02\/MKiDN_kolor.png\",\"width\":1200,\"height\":497,\"caption\":\"Logo Ministesterstwa Kultury i Dziedzictwa Narodowego\"},{\"@type\":\"BreadcrumbList\",\"@id\":\"https:\/\/nid.pl\/2022\/03\/31\/ochrona-zabytkow-archeologicznych-2022-wyniki-naboru-wraz-z-odwolaniami\/#breadcrumb\",\"itemListElement\":[{\"@type\":\"ListItem\",\"position\":1,\"name\":\"Home\",\"item\":\"https:\/\/nid.pl\/\"},{\"@type\":\"ListItem\",\"position\":2,\"name\":\"Ochrona zabytk\u00f3w archeologicznych 2022 \u2013 wyniki z odwo\u0142aniami\"}]},{\"@type\":\"WebSite\",\"@id\":\"https:\/\/nid.pl\/#website\",\"url\":\"https:\/\/nid.pl\/\",\"name\":\"NID\",\"description\":\"Narodowy Instytut Dziedzictwa\",\"publisher\":{\"@id\":\"https:\/\/nid.pl\/#organization\"},\"potentialAction\":[{\"@type\":\"SearchAction\",\"target\":{\"@type\":\"EntryPoint\",\"urlTemplate\":\"https:\/\/nid.pl\/?s={search_term_string}\"},\"query-input\":{\"@type\":\"PropertyValueSpecification\",\"valueRequired\":true,\"valueName\":\"search_term_string\"}}],\"inLanguage\":\"en-GB\"},{\"@type\":\"Organization\",\"@id\":\"https:\/\/nid.pl\/#organization\",\"name\":\"Narodowy Instytut Dziedzictwa\",\"url\":\"https:\/\/nid.pl\/\",\"logo\":{\"@type\":\"ImageObject\",\"inLanguage\":\"en-GB\",\"@id\":\"https:\/\/nid.pl\/#\/schema\/logo\/image\/\",\"url\":\"https:\/\/nid.pl\/wp-content\/uploads\/2022\/10\/logoRedDark.png\",\"contentUrl\":\"https:\/\/nid.pl\/wp-content\/uploads\/2022\/10\/logoRedDark.png\",\"width\":200,\"height\":197,\"caption\":\"Narodowy Instytut Dziedzictwa\"},\"image\":{\"@id\":\"https:\/\/nid.pl\/#\/schema\/logo\/image\/\"},\"sameAs\":[\"https:\/\/www.facebook.com\/zabytek\",\"https:\/\/x.com\/NarIDpl\",\"https:\/\/www.instagram.com\/nid.pl\/?hl=pl\",\"https:\/\/www.linkedin.com\/company\/narodowy-instytut-dziedzictwa\",\"https:\/\/www.youtube.com\/channel\/UCQXuhKa2uHtmNvLRUSx40JA\"]},{\"@type\":\"Person\",\"@id\":\"https:\/\/nid.pl\/#\/schema\/person\/1b690a8998a5111cfb9f0ffe24195a15\",\"name\":\"Barbara Halliop\",\"image\":{\"@type\":\"ImageObject\",\"inLanguage\":\"en-GB\",\"@id\":\"https:\/\/nid.pl\/#\/schema\/person\/image\/\",\"url\":\"https:\/\/nid.pl\/wp-content\/litespeed\/avatar\/924046d17dd0c842c9fa9ccf489bc6dc.jpg?ver=1777444967\",\"contentUrl\":\"https:\/\/nid.pl\/wp-content\/litespeed\/avatar\/924046d17dd0c842c9fa9ccf489bc6dc.jpg?ver=1777444967\",\"caption\":\"Barbara Halliop\"},\"url\":\"https:\/\/nid.pl\/en\/author\/bhalliop\/\"}]}<\/script>\n<!-- \/ Yoast SEO plugin. -->","yoast_head_json":{"title":"Ochrona zabytk\u00f3w archeologicznych 2022 \u2013 wyniki z odwo\u0142aniami - NID","robots":{"index":"index","follow":"follow","max-snippet":"max-snippet:-1","max-image-preview":"max-image-preview:large","max-video-preview":"max-video-preview:-1"},"canonical":"https:\/\/nid.pl\/en\/2022\/03\/31\/ochrona-zabytkow-archeologicznych-2022-wyniki-naboru-wraz-z-odwolaniami\/","og_locale":"en_GB","og_type":"article","og_title":"Ochrona zabytk\u00f3w archeologicznych 2022 \u2013 wyniki z odwo\u0142aniami - NID","og_description":"Minister Kultury i Dziedzictwa Narodowego rozpatrzy\u0142 odwo\u0142ania z\u0142o\u017cone w ramach programu rz\u0105dowego \u201eOchrona zabytk\u00f3w archeologicznych 2022\u201d. Dofinansowanie otrzyma\u0142o dodatkowo 5 projekt\u00f3w, 3 dwuletnie i 2 jednoroczne. Wyniki zosta\u0142y opublikowane na [&hellip;]","og_url":"https:\/\/nid.pl\/en\/2022\/03\/31\/ochrona-zabytkow-archeologicznych-2022-wyniki-naboru-wraz-z-odwolaniami\/","og_site_name":"NID","article_publisher":"https:\/\/www.facebook.com\/zabytek","article_published_time":"2022-03-31T08:46:11+00:00","article_modified_time":"2022-03-31T08:48:38+00:00","og_image":[{"width":1200,"height":497,"url":"https:\/\/nid.pl\/wp-content\/uploads\/2022\/02\/MKiDN_kolor.png","type":"image\/png"}],"author":"Barbara Halliop","twitter_card":"summary_large_image","twitter_creator":"@NarIDpl","twitter_site":"@NarIDpl","twitter_misc":{"Written by":"Barbara Halliop","Estimated reading time":"1 minute"},"schema":{"@context":"https:\/\/schema.org","@graph":[{"@type":"Article","@id":"https:\/\/nid.pl\/2022\/03\/31\/ochrona-zabytkow-archeologicznych-2022-wyniki-naboru-wraz-z-odwolaniami\/#article","isPartOf":{"@id":"https:\/\/nid.pl\/2022\/03\/31\/ochrona-zabytkow-archeologicznych-2022-wyniki-naboru-wraz-z-odwolaniami\/"},"author":{"name":"Barbara Halliop","@id":"https:\/\/nid.pl\/#\/schema\/person\/1b690a8998a5111cfb9f0ffe24195a15"},"headline":"Ochrona zabytk\u00f3w archeologicznych 2022 \u2013 wyniki z odwo\u0142aniami","datePublished":"2022-03-31T08:46:11+00:00","dateModified":"2022-03-31T08:48:38+00:00","mainEntityOfPage":{"@id":"https:\/\/nid.pl\/2022\/03\/31\/ochrona-zabytkow-archeologicznych-2022-wyniki-naboru-wraz-z-odwolaniami\/"},"wordCount":80,"commentCount":0,"publisher":{"@id":"https:\/\/nid.pl\/#organization"},"image":{"@id":"https:\/\/nid.pl\/2022\/03\/31\/ochrona-zabytkow-archeologicznych-2022-wyniki-naboru-wraz-z-odwolaniami\/#primaryimage"},"thumbnailUrl":"https:\/\/nid.pl\/wp-content\/uploads\/2022\/02\/MKiDN_kolor.png","articleSection":["Aktualno\u015bci","Ochrona zabytk\u00f3w archeologicznych"],"inLanguage":"en-GB"},{"@type":"WebPage","@id":"https:\/\/nid.pl\/2022\/03\/31\/ochrona-zabytkow-archeologicznych-2022-wyniki-naboru-wraz-z-odwolaniami\/","url":"https:\/\/nid.pl\/2022\/03\/31\/ochrona-zabytkow-archeologicznych-2022-wyniki-naboru-wraz-z-odwolaniami\/","name":"Ochrona zabytk\u00f3w archeologicznych 2022 \u2013 wyniki z odwo\u0142aniami - NID","isPartOf":{"@id":"https:\/\/nid.pl\/#website"},"primaryImageOfPage":{"@id":"https:\/\/nid.pl\/2022\/03\/31\/ochrona-zabytkow-archeologicznych-2022-wyniki-naboru-wraz-z-odwolaniami\/#primaryimage"},"image":{"@id":"https:\/\/nid.pl\/2022\/03\/31\/ochrona-zabytkow-archeologicznych-2022-wyniki-naboru-wraz-z-odwolaniami\/#primaryimage"},"thumbnailUrl":"https:\/\/nid.pl\/wp-content\/uploads\/2022\/02\/MKiDN_kolor.png","datePublished":"2022-03-31T08:46:11+00:00","dateModified":"2022-03-31T08:48:38+00:00","breadcrumb":{"@id":"https:\/\/nid.pl\/2022\/03\/31\/ochrona-zabytkow-archeologicznych-2022-wyniki-naboru-wraz-z-odwolaniami\/#breadcrumb"},"inLanguage":"en-GB","potentialAction":[{"@type":"ReadAction","target":["https:\/\/nid.pl\/2022\/03\/31\/ochrona-zabytkow-archeologicznych-2022-wyniki-naboru-wraz-z-odwolaniami\/"]}]},{"@type":"ImageObject","inLanguage":"en-GB","@id":"https:\/\/nid.pl\/2022\/03\/31\/ochrona-zabytkow-archeologicznych-2022-wyniki-naboru-wraz-z-odwolaniami\/#primaryimage","url":"https:\/\/nid.pl\/wp-content\/uploads\/2022\/02\/MKiDN_kolor.png","contentUrl":"https:\/\/nid.pl\/wp-content\/uploads\/2022\/02\/MKiDN_kolor.png","width":1200,"height":497,"caption":"Logo Ministesterstwa Kultury i Dziedzictwa Narodowego"},{"@type":"BreadcrumbList","@id":"https:\/\/nid.pl\/2022\/03\/31\/ochrona-zabytkow-archeologicznych-2022-wyniki-naboru-wraz-z-odwolaniami\/#breadcrumb","itemListElement":[{"@type":"ListItem","position":1,"name":"Home","item":"https:\/\/nid.pl\/"},{"@type":"ListItem","position":2,"name":"Ochrona zabytk\u00f3w archeologicznych 2022 \u2013 wyniki z odwo\u0142aniami"}]},{"@type":"WebSite","@id":"https:\/\/nid.pl\/#website","url":"https:\/\/nid.pl\/","name":"NID","description":"Narodowy Instytut Dziedzictwa","publisher":{"@id":"https:\/\/nid.pl\/#organization"},"potentialAction":[{"@type":"SearchAction","target":{"@type":"EntryPoint","urlTemplate":"https:\/\/nid.pl\/?s={search_term_string}"},"query-input":{"@type":"PropertyValueSpecification","valueRequired":true,"valueName":"search_term_string"}}],"inLanguage":"en-GB"},{"@type":"Organization","@id":"https:\/\/nid.pl\/#organization","name":"Narodowy Instytut Dziedzictwa","url":"https:\/\/nid.pl\/","logo":{"@type":"ImageObject","inLanguage":"en-GB","@id":"https:\/\/nid.pl\/#\/schema\/logo\/image\/","url":"https:\/\/nid.pl\/wp-content\/uploads\/2022\/10\/logoRedDark.png","contentUrl":"https:\/\/nid.pl\/wp-content\/uploads\/2022\/10\/logoRedDark.png","width":200,"height":197,"caption":"Narodowy Instytut Dziedzictwa"},"image":{"@id":"https:\/\/nid.pl\/#\/schema\/logo\/image\/"},"sameAs":["https:\/\/www.facebook.com\/zabytek","https:\/\/x.com\/NarIDpl","https:\/\/www.instagram.com\/nid.pl\/?hl=pl","https:\/\/www.linkedin.com\/company\/narodowy-instytut-dziedzictwa","https:\/\/www.youtube.com\/channel\/UCQXuhKa2uHtmNvLRUSx40JA"]},{"@type":"Person","@id":"https:\/\/nid.pl\/#\/schema\/person\/1b690a8998a5111cfb9f0ffe24195a15","name":"Barbara Halliop","image":{"@type":"ImageObject","inLanguage":"en-GB","@id":"https:\/\/nid.pl\/#\/schema\/person\/image\/","url":"https:\/\/nid.pl\/wp-content\/litespeed\/avatar\/924046d17dd0c842c9fa9ccf489bc6dc.jpg?ver=1777444967","contentUrl":"https:\/\/nid.pl\/wp-content\/litespeed\/avatar\/924046d17dd0c842c9fa9ccf489bc6dc.jpg?ver=1777444967","caption":"Barbara Halliop"},"url":"https:\/\/nid.pl\/en\/author\/bhalliop\/"}]}},"_links":{"self":[{"href":"https:\/\/nid.pl\/en\/wp-json\/wp\/v2\/posts\/5739","targetHints":{"allow":["GET"]}}],"collection":[{"href":"https:\/\/nid.pl\/en\/wp-json\/wp\/v2\/posts"}],"about":[{"href":"https:\/\/nid.pl\/en\/wp-json\/wp\/v2\/types\/post"}],"author":[{"embeddable":true,"href":"https:\/\/nid.pl\/en\/wp-json\/wp\/v2\/users\/7"}],"replies":[{"embeddable":true,"href":"https:\/\/nid.pl\/en\/wp-json\/wp\/v2\/comments?post=5739"}],"version-history":[{"count":0,"href":"https:\/\/nid.pl\/en\/wp-json\/wp\/v2\/posts\/5739\/revisions"}],"wp:featuredmedia":[{"embeddable":true,"href":"https:\/\/nid.pl\/en\/wp-json\/wp\/v2\/media\/5306"}],"wp:attachment":[{"href":"https:\/\/nid.pl\/en\/wp-json\/wp\/v2\/media?parent=5739"}],"wp:term":[{"taxonomy":"category","embeddable":true,"href":"https:\/\/nid.pl\/en\/wp-json\/wp\/v2\/categories?post=5739"},{"taxonomy":"post_tag","embeddable":true,"href":"https:\/\/nid.pl\/en\/wp-json\/wp\/v2\/tags?post=5739"}],"curies":[{"name":"wp","href":"https:\/\/api.w.org\/{rel}","templated":true}]}}