{"id":5645,"date":"2022-03-21T12:14:33","date_gmt":"2022-03-21T11:14:33","guid":{"rendered":"https:\/\/nid.pl\/?p=5645"},"modified":"2022-03-21T14:59:16","modified_gmt":"2022-03-21T13:59:16","slug":"88-obiektow-w-kolejnym-etapie-konkursu-zabytek-zadbany-2022","status":"publish","type":"post","link":"https:\/\/nid.pl\/en\/2022\/03\/21\/88-obiektow-w-kolejnym-etapie-konkursu-zabytek-zadbany-2022\/","title":{"rendered":"88 obiekt\u00f3w w kolejnym etapie konkursu Zabytek Zadbany 2022"},"content":{"rendered":"<p><strong>W tegorocznej edycji do konkursu &#8220;Zabytek Zadbany&#8221; zg\u0142oszono 100 obiekt\u00f3w, z czego 88 przesz\u0142o ocen\u0119 formaln\u0105, czyli weryfikacj\u0119 pod k\u0105tem zgodno\u015bci z regulaminem. W kolejnym etapie eksperci Narodowego Instytutu Dziedzictwa oceni\u0105 poziom realizacji konserwatorskich. Ko\u0144cowej oceny dokona Jury, kt\u00f3re w ka\u017cdej kategorii nominuje zabytki do tytu\u0142\u00f3w laureat\u00f3w i wyr\u00f3\u017cnionych.<\/strong><\/p>\n\n\n\n<p>88 obiekt\u00f3w zakwalifikowanych do nast\u0119pnego etapu:<\/p>\n\n\n\n<p>DOLNO\u015aL\u0104SKIE&nbsp;<\/p>\n\n\n\n<ul class=\"wp-block-list\"><li>Mauzoleum rodu Guttler\u00f3w w Z\u0142otym Stoku (Gmina Z\u0142oty Stok) &#8211; kategoria A<\/li><li>Budynek Ptaszarni, altana nad stawem, mur ogrodzeniowy &#8211; zesp\u00f3\u0142 obiekt\u00f3w w zabytkowej cz\u0119\u015bci Ogrodu Zoologicznego (ZOO we Wroc\u0142awiu) &#8211; kategoria A<\/li><li>Teatr miejski w G\u0142ogowie (Gmina Miejska G\u0142og\u00f3w) &#8211; kategoria A<\/li><li>Spichlerz w Gr\u0119bocicach (Gmina Gr\u0119bocice) &#8211; kategoria C<\/li><li>Zamek Ksi\u0105\u017c w Wa\u0142brzychu (Zamek Ksi\u0105\u017c\/Gmina Wa\u0142brzych) &#8211; kategoria F<\/li><\/ul>\n\n\n\n<p>KUJAWSKO-POMORSKIE&nbsp;&nbsp;&nbsp;&nbsp;&nbsp;&nbsp;&nbsp;&nbsp;&nbsp;&nbsp;&nbsp;&nbsp;&nbsp;&nbsp;<\/p>\n\n\n\n<ul class=\"wp-block-list\"><li>Ko\u015bci\u00f3\u0142 Podwy\u017cszenia Krzy\u017ca \u015awi\u0119tego w Radziejowie (Klasztor Zakonu Braci Mniejszych Konwentualnych &#8211; oo. Franciszkanie &#8211; w Radziejowie) &#8211; kategoria A<\/li><li>Gmach G\u0142\u00f3wny Muzeum Okr\u0119gowego w Bydgoszczy (Muzeum Okr\u0119gowe w Bydgoszczy) &#8211; kategoria C<\/li><\/ul>\n\n\n\n<p>LUBELSKIE&nbsp;&nbsp;&nbsp;&nbsp;&nbsp;&nbsp;&nbsp;&nbsp;&nbsp;<\/p>\n\n\n\n<ul class=\"wp-block-list\"><li>Dw\u00f3r w Rybczewicach Drugich (Gmina Rybczewice) &#8211; kategoria A<\/li><li>Ko\u015bci\u00f3\u0142 pw. Zwiastowania Naj\u015bwi\u0119tszej Maryi Pannie w Zamo\u015bciu (Parafia Rzymskokatolicka pw. Zwiastowania w Zamo\u015bciu\/Prowincja Matki Bo\u017cej Niepokalanej Zakonu Braci Mniejszych Konwentualnych w Polsce) &#8211; kategoria C<\/li><li>Dw\u00f3r Lachert\u00f3w ob. Centrum Pracy Tw\u00f3rczej w Ciechankach (Gmina Puchacz\u00f3w) &#8211; kategoria C<\/li><li>Willa pod Wiewi\u00f3rk\u0105, dom Kuncewicz\u00f3w w Kazimierzu Dolnym (Muzeum Nadwi\u015bla\u0144skie w Kazimierzu Dolnym) &#8211; kategoria D<\/li><li>Cerkiew Prawos\u0142awna p.w. Podwy\u017cszenia Krzy\u017ca Pa\u0144skiego w Horostycie (Parafia Prawos\u0142awna p.w. Podwy\u017cszenia Krzy\u017ca Pa\u0144skiego w Horostycie) &#8211; kategoria D<\/li><\/ul>\n\n\n\n<p>LUBUSKIE&nbsp;&nbsp;&nbsp;&nbsp;&nbsp;&nbsp;&nbsp;&nbsp;&nbsp;&nbsp;<\/p>\n\n\n\n<ul class=\"wp-block-list\"><li>Dw\u00f3r w Kie\u0142pinie (Artur Klim \u2013 zarz\u0105dca nieruchomo\u015bci) &#8211; kategoria A<\/li><li>Pa\u0144stwowa Szko\u0142a Muzyczna w \u017baganiu (Pa\u0144stwowa Szko\u0142a Muzyczna I i II st. w \u017baganiu) &#8211; kategoria C<\/li><li>Ko\u015bci\u00f3\u0142 pw. \u015aw. Jakuba Aposto\u0142a W O\u015bnie Lubuskim (Parafia rzymsko-katolicka pw. \u015aw. Jakuba Aposto\u0142a w O\u015bnie Lubuskim) &#8211; kategoria C<\/li><\/ul>\n\n\n\n<p>\u0141\u00d3DZKIE&nbsp;&nbsp;&nbsp;&nbsp;&nbsp;&nbsp;&nbsp;&nbsp;&nbsp;&nbsp;&nbsp;&nbsp;&nbsp;<\/p>\n\n\n\n<ul class=\"wp-block-list\"><li>Ko\u015bci\u00f3\u0142 Parafialny pw. \u015aw. Stanis\u0142awa Biskupa i M\u0119czennika w Rzgowie (Rzymskokatolicka parafia pw. \u015aw. Stanis\u0142awa Biskupa i M\u0119czennika w Rzgowie) &#8211; kategoria A<\/li><li>Budynek A &#8211; Bia\u0142a Fabryka w \u0141odzi (Centralne Muzeum W\u0142\u00f3kiennictwa w \u0141odzi) &#8211; kategoria E<\/li><\/ul>\n\n\n\n<p>MA\u0141OPOLSKIE&nbsp;&nbsp;<\/p>\n\n\n\n<ul class=\"wp-block-list\"><li>Kamienica, obecnie muzeum w K\u0119tach (Muzeum im. Aleksandra K\u0142osi\u0144skiego w K\u0119tach) &#8211; kategoria A<\/li><li>Cmentarz z okresu pierwszej wojny \u015bwiatowej w B\u0142oniu (Gmina Tarn\u00f3w) &#8211; kategoria A<\/li><li>Dawny ratusz i s\u0105d grodzki w Jordanowie (Gmina Jordan\u00f3w) &#8211; kategoria A<\/li><li>Kamienice przy ul. Rynek 20-21, Muzeum Okr\u0119gowe w Tarnowie (WUOZ Tarn\u00f3w\/Muzeum Okr\u0119gowe w Tarnowie) &#8211; kategoria A<\/li><li>Dawny arsena\u0142 miejski ob. Arsena\u0142 Muzeum Ksi\u0105\u017c\u0105t Czartoryskich w Krakowie (Muzeum Ksi\u0105\u017c\u0105t Czartoryskich w Krakowie) &#8211; kategoria A<\/li><li>Zamek Pieniny w Kro\u015bcienku nad Dunajcem (Pieni\u0144ski Park Narodowy) &#8211; kategoria A<\/li><li>Fort pancerny nr 52 a &#8220;\u0141apianka&#8221; w Krakowie (Gmina Miejska Krak\u00f3w) &#8211; kategoria B<\/li><li>Kamienica przy u. Legion\u00f3w 14 w Tarnowie (Gmina Tarn\u00f3w) &#8211; kategoria C<\/li><li>Piwnice d. ratusza i kwarta\u0142 kr\u00f3lewski z budynkiem d. starostwa w Olkuszu (Gmina Olkusz) &#8211; kategoria C<\/li><li>Muzeum Historii Fotografii w Krakowie (Muzeum Historii Fotografii) &#8211; kategoria C<\/li><li>Cerkiew greckokatolicka pw. \u015b\u015b. Kasmy i Damiana w Bartnem (Muzeum Dwory Karwacjan\u00f3w i G\u0142adysz\u00f3w) &#8211; kategoria D<\/li><li>Dw\u00f3r obronny w Szymbarku (Muzeum Dwory Karwacjan\u00f3w i G\u0142adysz\u00f3w) &#8211; kategoria F<\/li><li>Budynek Muzeum Tatrza\u0144skiego w Zakopanem (Muzeum Tatrza\u0144skie w Zakopanem) &#8211; kategoria F<\/li><\/ul>\n\n\n\n<p>MAZOWIECKIE&nbsp;&nbsp;<\/p>\n\n\n\n<ul class=\"wp-block-list\"><li>Dw\u00f3r w Ro\u015bciszewie (Gmina Ro\u015bciszewo) &#8211; kategoria A<\/li><li>Kaplica pa\u0142acowa p.w. \u015bw. Piotra i Paw\u0142a w \u0141\u0105cku (Gmina \u0141\u0105ck) &#8211; kategoria A<\/li><li>Pa\u0142acyk &#8220;Soko\u0142a&#8221; w Pruszkowie\u00a0 (Gmina Pruszk\u00f3w) &#8211; kategoria A<\/li><li>Kaplica Kr\u00f3lewska w Bazylice Katedralnej pw. Wniebowzi\u0119cia NMP w P\u0142ocku (Parafia Rzymskokatolicka pw. \u015bw. Zygmunta przy Bazylice Katedralnej pw. Wniebowzi\u0119cia NMP w P\u0142ocku) &#8211; kategoria A<\/li><li>Dawna willa, obecnie budynek biblioteki w Kozienicach (WUOZ Radom \/ Biblioteka Publiczna Gminy w Kozienicach) &#8211; kategoria A<\/li><li>Kamienica murowana przy ul. Wilczej 65, Warszawa (Wsp\u00f3lnota Mieszkaniowa Wilcza 65 front) &#8211; kategoria A<\/li><li>Park Miejski im. 36 Pu\u0142ku Piechoty Legii Akademickiej w Brwinowie (Gmina Brwin\u00f3w) &#8211; kategoria B<\/li><li>Miejsko-Gminna Biblioteka Publiczna w Nasielsku (Gmina Nasielsk) &#8211; kategoria C<\/li><li>Pa\u0142acyk Konopackiego w Warszawie (Zak\u0142ad Gospodarowania Nieruchomo\u015bciami w Dzielnicy Praga-P\u00f3\u0142noc) &#8211; kategoria C<\/li><li>Ratusz (piwnice i wie\u017ca) w Pu\u0142tusku (Gmina Pu\u0142tusk) &#8211; kategoria C<\/li><li>Ko\u015bci\u00f3\u0142 p.w. MB Cz\u0119stochowskiej \u2013 Radach\u00f3wka (WUOZ Warszawa\/Gmina Ko\u0142biel) &#8211; kategoria D<\/li><li>Ko\u015bci\u00f3\u0142 Rzymskokatolicki pw. \u015aw. Rocha w Jazgarzewie\u00a0 (Parafia Rzymskokatolicki pw. \u015aw. Rocha w Jazgarzewie) &#8211; kategoria F<\/li><\/ul>\n\n\n\n<p>OPOLSKIE&nbsp;&nbsp;&nbsp;&nbsp;&nbsp;&nbsp;&nbsp;&nbsp;&nbsp;&nbsp;&nbsp;<\/p>\n\n\n\n<ul class=\"wp-block-list\"><li>Mury obronne w Namys\u0142owie (Powiat Namys\u0142owski) &#8211; kategoria A<\/li><li>Pa\u0142ac otoczony parkiem, obecnie dom pomocy spo\u0142ecznej w Szymiszowie (Powiat Strzelecki) &#8211; kategoria A<\/li><li>Zamek w Krapkowicach (Powiat Krapkowicki) &#8211; kategoria A<\/li><li>Ratusz z wie\u017c\u0105 ratuszow\u0105 w Paczkowie\u00a0 (Gmina Paczk\u00f3w) &#8211; kategoria A<\/li><li>Pomnik Powsta\u0144c\u00f3w \u015al\u0105skich na mogile zbiorowej, Zawadzkie (Gmina Zawadzkie) &#8211; kategoria A<\/li><li>Ratusz w Brzegu (Gmina Brzeg) &#8211; kategoria A<\/li><li>Park Dworski w Skarbiszowie (Gmina D\u0105browa) &#8211; kategoria B<\/li><li>Wie\u017ca bramy g\u00f3rnej i mury obronne w Krapkowicach (Gmina Krapkowice) &#8211; kategoria C<\/li><li>Wie\u017ca Prudnicka w Bia\u0142ej (Gmina Bia\u0142a) &#8211; kategoria C<\/li><\/ul>\n\n\n\n<p>PODKARPACKIE<\/p>\n\n\n\n<ul class=\"wp-block-list\"><li>Zesp\u00f3\u0142 ko\u015bcio\u0142a pw. \u015aw. Jana Chrzciciela w Sieniawie (Miasto i Gmina Sieniawa\/Parafia Rzymskokatolicka pw. Wniebowzi\u0119cia w Sieniawie) &#8211; kategoria A<\/li><li>Wie\u017ca dzwonnicza w zespole ko\u015bcio\u0142a farnego w Le\u017cajsku (Gmina Miasto Le\u017cajsk\/Parafia Rzymskokatolicka pw. \u015awi\u0119tej Tr\u00f3jcy w Le\u017cajsku) &#8211; kategoria C<\/li><li>Spichlerz w zespole podworskim, obecnie Gminny Klub Seniora i Biblioteka w Trzcianie (Gmina \u015awilcza) &#8211; kategoria C<\/li><li>Stra\u017cnica kolejowa Try\u0144cza (Gmina Try\u0144cza) &#8211; kategoria C<\/li><li>Spichlerz w zespole pa\u0142acowo-parkowym w Boguchwale (Gmina Boguchwa\u0142a) &#8211; kategoria C<\/li><li>Spichlerz w zespole folwarcznym w \u0141\u0105ce (Centrum Kultury i Sztuki w \u0141\u0105ce) &#8211; kategoria C<\/li><li>Zabytkowa chata Jana Raka w Husowie (Gmina Markowa) &#8211; kategoria D<\/li><li>Cerkiew Prawos\u0142awna pw. \u015aw. Archanio\u0142a Micha\u0142a w Turza\u0144sku\u00a0 (WUOZ Przemy\u015bl\/Parafia Prawos\u0142awna pw. \u015aw. Archanio\u0142a w Turza\u0144sku) &#8211; kategoria D<\/li><\/ul>\n\n\n\n<p>PODLASKIE&nbsp;&nbsp;&nbsp;&nbsp;&nbsp;&nbsp;&nbsp;&nbsp;<\/p>\n\n\n\n<ul class=\"wp-block-list\"><li>Dworzec kolejowy w Bia\u0142ymstoku (PKP\/WUOZ Bia\u0142ystok) &#8211; kategoria C<\/li><li>Hala Kultury w \u0141om\u017cy (Miasto \u0141om\u017ca) &#8211; kategoria C<\/li><\/ul>\n\n\n\n<p>POMORSKIE&nbsp;&nbsp;&nbsp;&nbsp;&nbsp;&nbsp;<\/p>\n\n\n\n<ul class=\"wp-block-list\"><li>Kamienica przy ul. Rycerskiej 10 w Gda\u0144sku (Gda\u0144ska Infrastruktura Wodoci\u0105gowo-Kanalizacyjna Sp. z o.o.) &#8211; kategoria C<\/li><li>Dom Zdrojowy Hevelianum w Gda\u0144sku\u00a0 (Hevelianum\/Gmina Miasta Gda\u0144sk) &#8211; kategoria C<\/li><li>Dom Wiedemanna przy ul. Kr\u00f3tkiej 6 w Pruszczu Gda\u0144skim (Gmina Miejska Pruszcz Gda\u0144ski) &#8211; kategoria C<\/li><li>Wielki M\u0142yn, obecnie Muzeum Bursztynu w Gda\u0144sku (Muzeum Gda\u0144ska) &#8211; kategoria C<\/li><li>Budynek Dawnej Remizy Stoczni Gda\u0144skiej w Gda\u0144sku (Stocznia Cesarska Development Sp. z o.o.) &#8211; kategoria C<\/li><\/ul>\n\n\n\n<p>\u015aL\u0104SKIE<\/p>\n\n\n\n<ul class=\"wp-block-list\"><li>Kapliczka Marii Hilf (Miasto Piekary \u015al\u0105skie) &#8211; kategoria A<\/li><li>Ko\u015bci\u00f3\u0142 pw. \u015aw. J\u00f3zefa w Sadowie (Rzymskokatolicka Parafia pw. \u015aw. J\u00f3zefa w Sadowie) &#8211; kategoria A<\/li><li>Ratusz w Pyskowicach (Gmina Pyskowice) &#8211; kategoria A<\/li><li>Kamienica willowa (pa\u0142acyk eklektyczny) Alfreda Michla w Bielsku-Bia\u0142ej (Beskidzka Izba Rzemios\u0142a i Przedsi\u0119biorczo\u015bci w Bielsku-Bia\u0142ej) &#8211; kategoria A<\/li><li>Muzeum Hutnictwa w Chorzowie (Miasto Chorz\u00f3w) &#8211; kategoria C<\/li><li>Pa\u0142ac Schoena, muzeum w Sosnowcu (Pa\u0142ac Schoena muzeum w Sosnowcu\/Gmina Sosnowiec) &#8211; kategoria C<\/li><li>Budynek stajni i mieszkania administracyjne &#8220;Pod g\u0142ow\u0105 konia&#8221;, obecnie Centrum Edukacji Ekologicznej &#8220;Arka&#8221;\u00a0\u00a0\u00a0\u00a0\u00a0\u00a0 (Powiat \u017bywiecki) &#8211; kategoria C<\/li><li>Kamienica mieszcza\u0144ska przy ul. Ko\u015bciuszki 14 w Cz\u0119stochowie (WUOZ Cz\u0119stochowa\/Mariusz Etryk) &#8211; kategoria F<\/li><\/ul>\n\n\n\n<p>\u015aWI\u0118TOKRZYSKIE&nbsp;&nbsp;&nbsp;&nbsp;&nbsp;&nbsp;&nbsp;&nbsp;&nbsp;&nbsp;&nbsp;&nbsp;<\/p>\n\n\n\n<ul class=\"wp-block-list\"><li>Zamek Kr\u00f3lewski w Ch\u0119cinach (Gmina Ch\u0119ciny) &#8211; kategoria A<\/li><li>Pa\u0142ac Biskup\u00f3w Krakowskich w Kielcach (Muzeum Narodowe w Kielcach) &#8211; kategoria A<\/li><\/ul>\n\n\n\n<p>&nbsp;WARMI\u0143SKO-MAZURSKIE&nbsp;&nbsp;&nbsp;&nbsp;&nbsp;&nbsp;&nbsp;&nbsp;&nbsp;&nbsp;<\/p>\n\n\n\n<ul class=\"wp-block-list\"><li>Dawny ko\u015bci\u00f3\u0142 ewangelicki, obecnie Centrum Informacji Turystycznej i Promocji Kultury (Gmina Nowe Miasto Lubawskie) &#8211; kategoria C<\/li><\/ul>\n\n\n\n<p>WIELKOPOLSKIE&nbsp;&nbsp;&nbsp;&nbsp;&nbsp;&nbsp;&nbsp;&nbsp;&nbsp;&nbsp;&nbsp;&nbsp;&nbsp;&nbsp;<\/p>\n\n\n\n<ul class=\"wp-block-list\"><li>Kaplica cmentarna ewangelicka (Gmina Miasto Z\u0142ot\u00f3w) &#8211; kategoria A<\/li><li>Ko\u015bci\u00f3\u0142 Rektorski (Bo\u017cogrobc\u00f3w) pw. \u015aw. Jana Chrzciciela w Gnie\u017anie (Rektorat Ko\u015bcio\u0142a Rektorskiego pw. \u015aw. Jana Chrzciciela w Gnie\u017anie) &#8211; kategoria A<\/li><li>Kamieniczka, obecnie biblioteka (Rydzy\u0144ski O\u015brodek Kultury) &#8211; kategoria C<\/li><li>Synagoga, obecnie budynek biblioteki \u2013 Sompolno (Miejska Gminna Biblioteka Publiczna w Sompolnie) &#8211; kategoria C<\/li><li>Fabryka fortepian\u00f3w w Kaliszu (WUOZ Kalisz\/Antczak Calisia Sp\u00f3\u0142ka Komandytowa) &#8211; kategoria C<\/li><li>Dom podcieniowy w Pyzdrach (Gmina Miasto Pyzdry) &#8211; kategoria D<\/li><li>Drewniany Ko\u015bci\u00f3\u0142 Parafialny pw. Oczyszczenia NMP w Starymgrodzie (Parafia rzymskokatolicka pw. Oczyszczenia NMP w Starymgrodzie) &#8211; kategoria D<\/li><li>Lamus tkacki w Chodzie\u017cy (WUOZ Pozna\u0144\/Gmina Chodzie\u017c) &#8211; kategoria D<\/li><li>Ko\u015bci\u00f3\u0142 pw. \u015aw. Antoniego Padewskiego w Poznaniu (Klasztor Franciszkan\u00f3w w Poznaniu) &#8211; kategoria F<\/li><\/ul>\n\n\n\n<p>ZACHODNIOPOMORSKIE&nbsp;&nbsp;&nbsp;&nbsp;&nbsp;&nbsp;&nbsp;&nbsp;&nbsp;&nbsp;&nbsp;&nbsp;&nbsp;<\/p>\n\n\n\n<ul class=\"wp-block-list\"><li>Wie\u017ca widokowa wraz z otoczeniem (Gmina Cedynia) &#8211; kategoria A<\/li><li>Lapidarium na terenie dawnego cmentarza ewangelickiego w Do\u0142ujach (Gmina Dobra) &#8211; kategoria B<\/li><\/ul>\n\n\n\n<p>Wi\u0119cej informacji o konkursie mo\u017cna przeczyta\u0107 tutaj: <a href=\"https:\/\/nid.pl\/en\/konkursy\/zabytek-zadbany\/\">Zabytek zadbany<\/a><\/p>","protected":false},"excerpt":{"rendered":"<p>W tegorocznej edycji do konkursu &#8220;Zabytek Zadbany&#8221; zg\u0142oszono 100 obiekt\u00f3w, z czego 88 przesz\u0142o ocen\u0119 formaln\u0105, czyli weryfikacj\u0119 pod k\u0105tem zgodno\u015bci z regulaminem. W kolejnym etapie eksperci Narodowego Instytutu Dziedzictwa [&hellip;]<\/p>","protected":false},"author":3,"featured_media":5646,"comment_status":"open","ping_status":"open","sticky":false,"template":"","format":"standard","meta":{"_et_pb_use_builder":"off","_et_pb_old_content":"","_et_gb_content_width":"","_monsterinsights_skip_tracking":false,"_monsterinsights_sitenote_active":false,"_monsterinsights_sitenote_note":"","_monsterinsights_sitenote_category":0,"footnotes":""},"categories":[3,31],"tags":[],"class_list":["post-5645","post","type-post","status-publish","format-standard","has-post-thumbnail","hentry","category-aktualnosci","category-zabytek-zadbany"],"yoast_head":"<!-- This site is optimized with the Yoast SEO plugin v26.5 - https:\/\/yoast.com\/wordpress\/plugins\/seo\/ -->\n<title>88 obiekt\u00f3w w kolejnym etapie konkursu Zabytek Zadbany 2022 - NID<\/title>\n<meta name=\"robots\" content=\"index, follow, max-snippet:-1, max-image-preview:large, max-video-preview:-1\" \/>\n<link rel=\"canonical\" href=\"https:\/\/nid.pl\/en\/2022\/03\/21\/88-obiektow-w-kolejnym-etapie-konkursu-zabytek-zadbany-2022\/\" \/>\n<meta property=\"og:locale\" content=\"en_GB\" \/>\n<meta property=\"og:type\" content=\"article\" \/>\n<meta property=\"og:title\" content=\"88 obiekt\u00f3w w kolejnym etapie konkursu Zabytek Zadbany 2022 - NID\" \/>\n<meta property=\"og:description\" content=\"W tegorocznej edycji do konkursu &#8220;Zabytek Zadbany&#8221; zg\u0142oszono 100 obiekt\u00f3w, z czego 88 przesz\u0142o ocen\u0119 formaln\u0105, czyli weryfikacj\u0119 pod k\u0105tem zgodno\u015bci z regulaminem. W kolejnym etapie eksperci Narodowego Instytutu Dziedzictwa [&hellip;]\" \/>\n<meta property=\"og:url\" content=\"https:\/\/nid.pl\/en\/2022\/03\/21\/88-obiektow-w-kolejnym-etapie-konkursu-zabytek-zadbany-2022\/\" \/>\n<meta property=\"og:site_name\" content=\"NID\" \/>\n<meta property=\"article:publisher\" content=\"https:\/\/www.facebook.com\/zabytek\" \/>\n<meta property=\"article:published_time\" content=\"2022-03-21T11:14:33+00:00\" \/>\n<meta property=\"article:modified_time\" content=\"2022-03-21T13:59:16+00:00\" \/>\n<meta property=\"og:image\" content=\"https:\/\/nid.pl\/wp-content\/uploads\/2022\/03\/Zabytek-Zadbany-2022.jpg\" \/>\n\t<meta property=\"og:image:width\" content=\"1200\" \/>\n\t<meta property=\"og:image:height\" content=\"800\" \/>\n\t<meta property=\"og:image:type\" content=\"image\/jpeg\" \/>\n<meta name=\"author\" content=\"Paulina Soboniak\" \/>\n<meta name=\"twitter:card\" content=\"summary_large_image\" \/>\n<meta name=\"twitter:creator\" content=\"@NarIDpl\" \/>\n<meta name=\"twitter:site\" content=\"@NarIDpl\" \/>\n<meta name=\"twitter:label1\" content=\"Written by\" \/>\n\t<meta name=\"twitter:data1\" content=\"Paulina Soboniak\" \/>\n\t<meta name=\"twitter:label2\" content=\"Estimated reading time\" \/>\n\t<meta name=\"twitter:data2\" content=\"6 minutes\" \/>\n<script type=\"application\/ld+json\" class=\"yoast-schema-graph\">{\"@context\":\"https:\/\/schema.org\",\"@graph\":[{\"@type\":\"Article\",\"@id\":\"https:\/\/nid.pl\/2022\/03\/21\/88-obiektow-w-kolejnym-etapie-konkursu-zabytek-zadbany-2022\/#article\",\"isPartOf\":{\"@id\":\"https:\/\/nid.pl\/2022\/03\/21\/88-obiektow-w-kolejnym-etapie-konkursu-zabytek-zadbany-2022\/\"},\"author\":{\"name\":\"Paulina Soboniak\",\"@id\":\"https:\/\/nid.pl\/#\/schema\/person\/63074d6576b98de2c15b1d8543283f96\"},\"headline\":\"88 obiekt\u00f3w w kolejnym etapie konkursu Zabytek Zadbany 2022\",\"datePublished\":\"2022-03-21T11:14:33+00:00\",\"dateModified\":\"2022-03-21T13:59:16+00:00\",\"mainEntityOfPage\":{\"@id\":\"https:\/\/nid.pl\/2022\/03\/21\/88-obiektow-w-kolejnym-etapie-konkursu-zabytek-zadbany-2022\/\"},\"wordCount\":1655,\"commentCount\":0,\"publisher\":{\"@id\":\"https:\/\/nid.pl\/#organization\"},\"image\":{\"@id\":\"https:\/\/nid.pl\/2022\/03\/21\/88-obiektow-w-kolejnym-etapie-konkursu-zabytek-zadbany-2022\/#primaryimage\"},\"thumbnailUrl\":\"https:\/\/nid.pl\/wp-content\/uploads\/2022\/03\/Zabytek-Zadbany-2022.jpg\",\"articleSection\":[\"Aktualno\u015bci\",\"Zabytek Zadbany\"],\"inLanguage\":\"en-GB\"},{\"@type\":\"WebPage\",\"@id\":\"https:\/\/nid.pl\/2022\/03\/21\/88-obiektow-w-kolejnym-etapie-konkursu-zabytek-zadbany-2022\/\",\"url\":\"https:\/\/nid.pl\/2022\/03\/21\/88-obiektow-w-kolejnym-etapie-konkursu-zabytek-zadbany-2022\/\",\"name\":\"88 obiekt\u00f3w w kolejnym etapie konkursu Zabytek Zadbany 2022 - NID\",\"isPartOf\":{\"@id\":\"https:\/\/nid.pl\/#website\"},\"primaryImageOfPage\":{\"@id\":\"https:\/\/nid.pl\/2022\/03\/21\/88-obiektow-w-kolejnym-etapie-konkursu-zabytek-zadbany-2022\/#primaryimage\"},\"image\":{\"@id\":\"https:\/\/nid.pl\/2022\/03\/21\/88-obiektow-w-kolejnym-etapie-konkursu-zabytek-zadbany-2022\/#primaryimage\"},\"thumbnailUrl\":\"https:\/\/nid.pl\/wp-content\/uploads\/2022\/03\/Zabytek-Zadbany-2022.jpg\",\"datePublished\":\"2022-03-21T11:14:33+00:00\",\"dateModified\":\"2022-03-21T13:59:16+00:00\",\"breadcrumb\":{\"@id\":\"https:\/\/nid.pl\/2022\/03\/21\/88-obiektow-w-kolejnym-etapie-konkursu-zabytek-zadbany-2022\/#breadcrumb\"},\"inLanguage\":\"en-GB\",\"potentialAction\":[{\"@type\":\"ReadAction\",\"target\":[\"https:\/\/nid.pl\/2022\/03\/21\/88-obiektow-w-kolejnym-etapie-konkursu-zabytek-zadbany-2022\/\"]}]},{\"@type\":\"ImageObject\",\"inLanguage\":\"en-GB\",\"@id\":\"https:\/\/nid.pl\/2022\/03\/21\/88-obiektow-w-kolejnym-etapie-konkursu-zabytek-zadbany-2022\/#primaryimage\",\"url\":\"https:\/\/nid.pl\/wp-content\/uploads\/2022\/03\/Zabytek-Zadbany-2022.jpg\",\"contentUrl\":\"https:\/\/nid.pl\/wp-content\/uploads\/2022\/03\/Zabytek-Zadbany-2022.jpg\",\"width\":1200,\"height\":800,\"caption\":\"GrafikakonkursuZabytekZadbany\"},{\"@type\":\"BreadcrumbList\",\"@id\":\"https:\/\/nid.pl\/2022\/03\/21\/88-obiektow-w-kolejnym-etapie-konkursu-zabytek-zadbany-2022\/#breadcrumb\",\"itemListElement\":[{\"@type\":\"ListItem\",\"position\":1,\"name\":\"Home\",\"item\":\"https:\/\/nid.pl\/\"},{\"@type\":\"ListItem\",\"position\":2,\"name\":\"88 obiekt\u00f3w w kolejnym etapie konkursu Zabytek Zadbany 2022\"}]},{\"@type\":\"WebSite\",\"@id\":\"https:\/\/nid.pl\/#website\",\"url\":\"https:\/\/nid.pl\/\",\"name\":\"NID\",\"description\":\"Narodowy Instytut Dziedzictwa\",\"publisher\":{\"@id\":\"https:\/\/nid.pl\/#organization\"},\"potentialAction\":[{\"@type\":\"SearchAction\",\"target\":{\"@type\":\"EntryPoint\",\"urlTemplate\":\"https:\/\/nid.pl\/?s={search_term_string}\"},\"query-input\":{\"@type\":\"PropertyValueSpecification\",\"valueRequired\":true,\"valueName\":\"search_term_string\"}}],\"inLanguage\":\"en-GB\"},{\"@type\":\"Organization\",\"@id\":\"https:\/\/nid.pl\/#organization\",\"name\":\"Narodowy Instytut Dziedzictwa\",\"url\":\"https:\/\/nid.pl\/\",\"logo\":{\"@type\":\"ImageObject\",\"inLanguage\":\"en-GB\",\"@id\":\"https:\/\/nid.pl\/#\/schema\/logo\/image\/\",\"url\":\"https:\/\/nid.pl\/wp-content\/uploads\/2022\/10\/logoRedDark.png\",\"contentUrl\":\"https:\/\/nid.pl\/wp-content\/uploads\/2022\/10\/logoRedDark.png\",\"width\":200,\"height\":197,\"caption\":\"Narodowy Instytut Dziedzictwa\"},\"image\":{\"@id\":\"https:\/\/nid.pl\/#\/schema\/logo\/image\/\"},\"sameAs\":[\"https:\/\/www.facebook.com\/zabytek\",\"https:\/\/x.com\/NarIDpl\",\"https:\/\/www.instagram.com\/nid.pl\/?hl=pl\",\"https:\/\/www.linkedin.com\/company\/narodowy-instytut-dziedzictwa\",\"https:\/\/www.youtube.com\/channel\/UCQXuhKa2uHtmNvLRUSx40JA\"]},{\"@type\":\"Person\",\"@id\":\"https:\/\/nid.pl\/#\/schema\/person\/63074d6576b98de2c15b1d8543283f96\",\"name\":\"Paulina Soboniak\",\"image\":{\"@type\":\"ImageObject\",\"inLanguage\":\"en-GB\",\"@id\":\"https:\/\/nid.pl\/#\/schema\/person\/image\/\",\"url\":\"https:\/\/nid.pl\/wp-content\/litespeed\/avatar\/1d5bf3174a401c0cc1488d0950e56c05.jpg?ver=1777448390\",\"contentUrl\":\"https:\/\/nid.pl\/wp-content\/litespeed\/avatar\/1d5bf3174a401c0cc1488d0950e56c05.jpg?ver=1777448390\",\"caption\":\"Paulina Soboniak\"},\"url\":\"https:\/\/nid.pl\/en\/author\/psoboniak\/\"}]}<\/script>\n<!-- \/ Yoast SEO plugin. -->","yoast_head_json":{"title":"88 obiekt\u00f3w w kolejnym etapie konkursu Zabytek Zadbany 2022 - NID","robots":{"index":"index","follow":"follow","max-snippet":"max-snippet:-1","max-image-preview":"max-image-preview:large","max-video-preview":"max-video-preview:-1"},"canonical":"https:\/\/nid.pl\/en\/2022\/03\/21\/88-obiektow-w-kolejnym-etapie-konkursu-zabytek-zadbany-2022\/","og_locale":"en_GB","og_type":"article","og_title":"88 obiekt\u00f3w w kolejnym etapie konkursu Zabytek Zadbany 2022 - NID","og_description":"W tegorocznej edycji do konkursu &#8220;Zabytek Zadbany&#8221; zg\u0142oszono 100 obiekt\u00f3w, z czego 88 przesz\u0142o ocen\u0119 formaln\u0105, czyli weryfikacj\u0119 pod k\u0105tem zgodno\u015bci z regulaminem. W kolejnym etapie eksperci Narodowego Instytutu Dziedzictwa [&hellip;]","og_url":"https:\/\/nid.pl\/en\/2022\/03\/21\/88-obiektow-w-kolejnym-etapie-konkursu-zabytek-zadbany-2022\/","og_site_name":"NID","article_publisher":"https:\/\/www.facebook.com\/zabytek","article_published_time":"2022-03-21T11:14:33+00:00","article_modified_time":"2022-03-21T13:59:16+00:00","og_image":[{"width":1200,"height":800,"url":"https:\/\/nid.pl\/wp-content\/uploads\/2022\/03\/Zabytek-Zadbany-2022.jpg","type":"image\/jpeg"}],"author":"Paulina Soboniak","twitter_card":"summary_large_image","twitter_creator":"@NarIDpl","twitter_site":"@NarIDpl","twitter_misc":{"Written by":"Paulina Soboniak","Estimated reading time":"6 minutes"},"schema":{"@context":"https:\/\/schema.org","@graph":[{"@type":"Article","@id":"https:\/\/nid.pl\/2022\/03\/21\/88-obiektow-w-kolejnym-etapie-konkursu-zabytek-zadbany-2022\/#article","isPartOf":{"@id":"https:\/\/nid.pl\/2022\/03\/21\/88-obiektow-w-kolejnym-etapie-konkursu-zabytek-zadbany-2022\/"},"author":{"name":"Paulina Soboniak","@id":"https:\/\/nid.pl\/#\/schema\/person\/63074d6576b98de2c15b1d8543283f96"},"headline":"88 obiekt\u00f3w w kolejnym etapie konkursu Zabytek Zadbany 2022","datePublished":"2022-03-21T11:14:33+00:00","dateModified":"2022-03-21T13:59:16+00:00","mainEntityOfPage":{"@id":"https:\/\/nid.pl\/2022\/03\/21\/88-obiektow-w-kolejnym-etapie-konkursu-zabytek-zadbany-2022\/"},"wordCount":1655,"commentCount":0,"publisher":{"@id":"https:\/\/nid.pl\/#organization"},"image":{"@id":"https:\/\/nid.pl\/2022\/03\/21\/88-obiektow-w-kolejnym-etapie-konkursu-zabytek-zadbany-2022\/#primaryimage"},"thumbnailUrl":"https:\/\/nid.pl\/wp-content\/uploads\/2022\/03\/Zabytek-Zadbany-2022.jpg","articleSection":["Aktualno\u015bci","Zabytek Zadbany"],"inLanguage":"en-GB"},{"@type":"WebPage","@id":"https:\/\/nid.pl\/2022\/03\/21\/88-obiektow-w-kolejnym-etapie-konkursu-zabytek-zadbany-2022\/","url":"https:\/\/nid.pl\/2022\/03\/21\/88-obiektow-w-kolejnym-etapie-konkursu-zabytek-zadbany-2022\/","name":"88 obiekt\u00f3w w kolejnym etapie konkursu Zabytek Zadbany 2022 - NID","isPartOf":{"@id":"https:\/\/nid.pl\/#website"},"primaryImageOfPage":{"@id":"https:\/\/nid.pl\/2022\/03\/21\/88-obiektow-w-kolejnym-etapie-konkursu-zabytek-zadbany-2022\/#primaryimage"},"image":{"@id":"https:\/\/nid.pl\/2022\/03\/21\/88-obiektow-w-kolejnym-etapie-konkursu-zabytek-zadbany-2022\/#primaryimage"},"thumbnailUrl":"https:\/\/nid.pl\/wp-content\/uploads\/2022\/03\/Zabytek-Zadbany-2022.jpg","datePublished":"2022-03-21T11:14:33+00:00","dateModified":"2022-03-21T13:59:16+00:00","breadcrumb":{"@id":"https:\/\/nid.pl\/2022\/03\/21\/88-obiektow-w-kolejnym-etapie-konkursu-zabytek-zadbany-2022\/#breadcrumb"},"inLanguage":"en-GB","potentialAction":[{"@type":"ReadAction","target":["https:\/\/nid.pl\/2022\/03\/21\/88-obiektow-w-kolejnym-etapie-konkursu-zabytek-zadbany-2022\/"]}]},{"@type":"ImageObject","inLanguage":"en-GB","@id":"https:\/\/nid.pl\/2022\/03\/21\/88-obiektow-w-kolejnym-etapie-konkursu-zabytek-zadbany-2022\/#primaryimage","url":"https:\/\/nid.pl\/wp-content\/uploads\/2022\/03\/Zabytek-Zadbany-2022.jpg","contentUrl":"https:\/\/nid.pl\/wp-content\/uploads\/2022\/03\/Zabytek-Zadbany-2022.jpg","width":1200,"height":800,"caption":"GrafikakonkursuZabytekZadbany"},{"@type":"BreadcrumbList","@id":"https:\/\/nid.pl\/2022\/03\/21\/88-obiektow-w-kolejnym-etapie-konkursu-zabytek-zadbany-2022\/#breadcrumb","itemListElement":[{"@type":"ListItem","position":1,"name":"Home","item":"https:\/\/nid.pl\/"},{"@type":"ListItem","position":2,"name":"88 obiekt\u00f3w w kolejnym etapie konkursu Zabytek Zadbany 2022"}]},{"@type":"WebSite","@id":"https:\/\/nid.pl\/#website","url":"https:\/\/nid.pl\/","name":"NID","description":"Narodowy Instytut Dziedzictwa","publisher":{"@id":"https:\/\/nid.pl\/#organization"},"potentialAction":[{"@type":"SearchAction","target":{"@type":"EntryPoint","urlTemplate":"https:\/\/nid.pl\/?s={search_term_string}"},"query-input":{"@type":"PropertyValueSpecification","valueRequired":true,"valueName":"search_term_string"}}],"inLanguage":"en-GB"},{"@type":"Organization","@id":"https:\/\/nid.pl\/#organization","name":"Narodowy Instytut Dziedzictwa","url":"https:\/\/nid.pl\/","logo":{"@type":"ImageObject","inLanguage":"en-GB","@id":"https:\/\/nid.pl\/#\/schema\/logo\/image\/","url":"https:\/\/nid.pl\/wp-content\/uploads\/2022\/10\/logoRedDark.png","contentUrl":"https:\/\/nid.pl\/wp-content\/uploads\/2022\/10\/logoRedDark.png","width":200,"height":197,"caption":"Narodowy Instytut Dziedzictwa"},"image":{"@id":"https:\/\/nid.pl\/#\/schema\/logo\/image\/"},"sameAs":["https:\/\/www.facebook.com\/zabytek","https:\/\/x.com\/NarIDpl","https:\/\/www.instagram.com\/nid.pl\/?hl=pl","https:\/\/www.linkedin.com\/company\/narodowy-instytut-dziedzictwa","https:\/\/www.youtube.com\/channel\/UCQXuhKa2uHtmNvLRUSx40JA"]},{"@type":"Person","@id":"https:\/\/nid.pl\/#\/schema\/person\/63074d6576b98de2c15b1d8543283f96","name":"Paulina Soboniak","image":{"@type":"ImageObject","inLanguage":"en-GB","@id":"https:\/\/nid.pl\/#\/schema\/person\/image\/","url":"https:\/\/nid.pl\/wp-content\/litespeed\/avatar\/1d5bf3174a401c0cc1488d0950e56c05.jpg?ver=1777448390","contentUrl":"https:\/\/nid.pl\/wp-content\/litespeed\/avatar\/1d5bf3174a401c0cc1488d0950e56c05.jpg?ver=1777448390","caption":"Paulina Soboniak"},"url":"https:\/\/nid.pl\/en\/author\/psoboniak\/"}]}},"_links":{"self":[{"href":"https:\/\/nid.pl\/en\/wp-json\/wp\/v2\/posts\/5645","targetHints":{"allow":["GET"]}}],"collection":[{"href":"https:\/\/nid.pl\/en\/wp-json\/wp\/v2\/posts"}],"about":[{"href":"https:\/\/nid.pl\/en\/wp-json\/wp\/v2\/types\/post"}],"author":[{"embeddable":true,"href":"https:\/\/nid.pl\/en\/wp-json\/wp\/v2\/users\/3"}],"replies":[{"embeddable":true,"href":"https:\/\/nid.pl\/en\/wp-json\/wp\/v2\/comments?post=5645"}],"version-history":[{"count":0,"href":"https:\/\/nid.pl\/en\/wp-json\/wp\/v2\/posts\/5645\/revisions"}],"wp:featuredmedia":[{"embeddable":true,"href":"https:\/\/nid.pl\/en\/wp-json\/wp\/v2\/media\/5646"}],"wp:attachment":[{"href":"https:\/\/nid.pl\/en\/wp-json\/wp\/v2\/media?parent=5645"}],"wp:term":[{"taxonomy":"category","embeddable":true,"href":"https:\/\/nid.pl\/en\/wp-json\/wp\/v2\/categories?post=5645"},{"taxonomy":"post_tag","embeddable":true,"href":"https:\/\/nid.pl\/en\/wp-json\/wp\/v2\/tags?post=5645"}],"curies":[{"name":"wp","href":"https:\/\/api.w.org\/{rel}","templated":true}]}}