{"id":5621,"date":"2022-03-15T13:00:52","date_gmt":"2022-03-15T12:00:52","guid":{"rendered":"https:\/\/nid.pl\/?p=5621"},"modified":"2022-03-15T13:01:43","modified_gmt":"2022-03-15T12:01:43","slug":"ix-konkurs-moje-miasto-tu-dzieja-sie-rzeczy-niezwykle","status":"publish","type":"post","link":"https:\/\/nid.pl\/en\/2022\/03\/15\/ix-konkurs-moje-miasto-tu-dzieja-sie-rzeczy-niezwykle\/","title":{"rendered":"IX Konkurs \u201eMoje Miasto \u2013 tu dziej\u0105 si\u0119 rzeczy niezwyk\u0142e\u201d"},"content":{"rendered":"<p><strong>Narodowy Instytut Dziedzictwa obj\u0105\u0142 patronatem kolejn\u0105 edycj\u0119 konkursu organizowanego przez Izb\u0119 Architekt\u00f3w Rzeczypospolitej Polskiej oraz Fundacj\u0119 Promocji Architektury Stowarzyszenia Architekt\u00f3w Polskich \u2013 SARP. Konkurs \u201eMoje Miasto \u2013 tu dziej\u0105 si\u0119 rzeczy niezwyk\u0142e\u201d skierowany jest do uczni\u00f3w szk\u00f3\u0142 podstawowych (klasy VI-VIII) i ponadpodstawowych. Termin nadsy\u0142ania zg\u0142osze\u0144 mija 20 maja 2022 r. Pula nagr\u00f3d wynosi 20\u00a0000 z\u0142.<\/strong><\/p>\n\n\n\n<p>Celem konkursu jest zach\u0119cenie uczni\u00f3w do przygotowania oryginalnej pod wzgl\u0119dem merytorycznym oraz artystycznym, autorskiej pracy zwi\u0105zanej z zagadnieniami kszta\u0142towania przestrzeni, poszerzanie wiedzy na temat swojego miasta, jego historii i unikatowo\u015bci oraz kszta\u0142towanie poczucia to\u017csamo\u015bci lokalnej.<\/p>\n\n\n\n<p>Ka\u017cde miasto i miasteczko jest jak tort albo cebula &#8211; ma warstwy. Organizatorzy anga\u017cuj\u0105c m\u0142odzie\u017c szkoln\u0105 szukaj\u0105 tego, czego na pierwszy rzut oka nie wida\u0107 w okolicy.<\/p>\n\n\n\n<p>Zadaniem uczestnik\u00f3w jest przygotowanie planszy przedstawiaj\u0105cej w ciekawy i niebanalny spos\u00f3b miejscowo\u015b\u0107, w kt\u00f3rej ucz\u0105 si\u0119 lub mieszkaj\u0105. Prace konkursowe mo\u017cna wykonywa\u0107 samodzielnie lub zespo\u0142owo.<\/p>\n\n\n\n<p>Projekty w formacie JPG wraz ze skanami podpisanych dokument\u00f3w nale\u017cy przesy\u0142a\u0107 w terminie do 20 maja 2022 roku.<\/p>\n\n\n\n<p>Konkurs \u201eMoje Miasto \u2013 Tu Dziej\u0105 Si\u0119 Rzeczy Niezwyk\u0142e\u201d realizowany jest w ramach programu edukacyjnego \u201eKszta\u0142towanie przestrzeni\u201d.<\/p>\n\n\n\n<p>Regulamin wraz z za\u0142\u0105cznikami dost\u0119pny na stronie: <a href=\"http:\/\/www.ksztaltowanieprzestrzeni.pl\">www.ksztaltowanieprzestrzeni.pl<\/a><\/p>","protected":false},"excerpt":{"rendered":"<p>Narodowy Instytut Dziedzictwa obj\u0105\u0142 patronatem kolejn\u0105 edycj\u0119 konkursu organizowanego przez Izb\u0119 Architekt\u00f3w Rzeczypospolitej Polskiej oraz Fundacj\u0119 Promocji Architektury Stowarzyszenia Architekt\u00f3w Polskich \u2013 SARP. Konkurs \u201eMoje Miasto \u2013 tu dziej\u0105 si\u0119 [&hellip;]<\/p>","protected":false},"author":3,"featured_media":5622,"comment_status":"open","ping_status":"open","sticky":false,"template":"","format":"standard","meta":{"_et_pb_use_builder":"off","_et_pb_old_content":"","_et_gb_content_width":"","_monsterinsights_skip_tracking":false,"_monsterinsights_sitenote_active":false,"_monsterinsights_sitenote_note":"","_monsterinsights_sitenote_category":0,"footnotes":""},"categories":[28],"tags":[],"class_list":["post-5621","post","type-post","status-publish","format-standard","has-post-thumbnail","hentry","category-patronaty"],"yoast_head":"<!-- This site is optimized with the Yoast SEO plugin v26.5 - https:\/\/yoast.com\/wordpress\/plugins\/seo\/ -->\n<title>IX Konkurs \u201eMoje Miasto \u2013 tu dziej\u0105 si\u0119 rzeczy niezwyk\u0142e\u201d - NID<\/title>\n<meta name=\"robots\" content=\"index, follow, max-snippet:-1, max-image-preview:large, max-video-preview:-1\" \/>\n<link rel=\"canonical\" href=\"https:\/\/nid.pl\/en\/2022\/03\/15\/ix-konkurs-moje-miasto-tu-dzieja-sie-rzeczy-niezwykle\/\" \/>\n<meta property=\"og:locale\" content=\"en_GB\" \/>\n<meta property=\"og:type\" content=\"article\" \/>\n<meta property=\"og:title\" content=\"IX Konkurs \u201eMoje Miasto \u2013 tu dziej\u0105 si\u0119 rzeczy niezwyk\u0142e\u201d - NID\" \/>\n<meta property=\"og:description\" content=\"Narodowy Instytut Dziedzictwa obj\u0105\u0142 patronatem kolejn\u0105 edycj\u0119 konkursu organizowanego przez Izb\u0119 Architekt\u00f3w Rzeczypospolitej Polskiej oraz Fundacj\u0119 Promocji Architektury Stowarzyszenia Architekt\u00f3w Polskich \u2013 SARP. Konkurs \u201eMoje Miasto \u2013 tu dziej\u0105 si\u0119 [&hellip;]\" \/>\n<meta property=\"og:url\" content=\"https:\/\/nid.pl\/en\/2022\/03\/15\/ix-konkurs-moje-miasto-tu-dzieja-sie-rzeczy-niezwykle\/\" \/>\n<meta property=\"og:site_name\" content=\"NID\" \/>\n<meta property=\"article:publisher\" content=\"https:\/\/www.facebook.com\/zabytek\" \/>\n<meta property=\"article:published_time\" content=\"2022-03-15T12:00:52+00:00\" \/>\n<meta property=\"article:modified_time\" content=\"2022-03-15T12:01:43+00:00\" \/>\n<meta property=\"og:image\" content=\"https:\/\/nid.pl\/wp-content\/uploads\/2022\/03\/274999601_488854012733461_253271240164629487_n.jpg\" \/>\n\t<meta property=\"og:image:width\" content=\"984\" \/>\n\t<meta property=\"og:image:height\" content=\"583\" \/>\n\t<meta property=\"og:image:type\" content=\"image\/jpeg\" \/>\n<meta name=\"author\" content=\"Paulina Soboniak\" \/>\n<meta name=\"twitter:card\" content=\"summary_large_image\" \/>\n<meta name=\"twitter:creator\" content=\"@NarIDpl\" \/>\n<meta name=\"twitter:site\" content=\"@NarIDpl\" \/>\n<meta name=\"twitter:label1\" content=\"Written by\" \/>\n\t<meta name=\"twitter:data1\" content=\"Paulina Soboniak\" \/>\n\t<meta name=\"twitter:label2\" content=\"Estimated reading time\" \/>\n\t<meta name=\"twitter:data2\" content=\"1 minute\" \/>\n<script type=\"application\/ld+json\" class=\"yoast-schema-graph\">{\"@context\":\"https:\/\/schema.org\",\"@graph\":[{\"@type\":\"Article\",\"@id\":\"https:\/\/nid.pl\/2022\/03\/15\/ix-konkurs-moje-miasto-tu-dzieja-sie-rzeczy-niezwykle\/#article\",\"isPartOf\":{\"@id\":\"https:\/\/nid.pl\/2022\/03\/15\/ix-konkurs-moje-miasto-tu-dzieja-sie-rzeczy-niezwykle\/\"},\"author\":{\"name\":\"Paulina Soboniak\",\"@id\":\"https:\/\/nid.pl\/#\/schema\/person\/63074d6576b98de2c15b1d8543283f96\"},\"headline\":\"IX Konkurs \u201eMoje Miasto \u2013 tu dziej\u0105 si\u0119 rzeczy niezwyk\u0142e\u201d\",\"datePublished\":\"2022-03-15T12:00:52+00:00\",\"dateModified\":\"2022-03-15T12:01:43+00:00\",\"mainEntityOfPage\":{\"@id\":\"https:\/\/nid.pl\/2022\/03\/15\/ix-konkurs-moje-miasto-tu-dzieja-sie-rzeczy-niezwykle\/\"},\"wordCount\":222,\"commentCount\":0,\"publisher\":{\"@id\":\"https:\/\/nid.pl\/#organization\"},\"image\":{\"@id\":\"https:\/\/nid.pl\/2022\/03\/15\/ix-konkurs-moje-miasto-tu-dzieja-sie-rzeczy-niezwykle\/#primaryimage\"},\"thumbnailUrl\":\"https:\/\/nid.pl\/wp-content\/uploads\/2022\/03\/274999601_488854012733461_253271240164629487_n.jpg\",\"articleSection\":[\"Patronaty\"],\"inLanguage\":\"en-GB\"},{\"@type\":\"WebPage\",\"@id\":\"https:\/\/nid.pl\/2022\/03\/15\/ix-konkurs-moje-miasto-tu-dzieja-sie-rzeczy-niezwykle\/\",\"url\":\"https:\/\/nid.pl\/2022\/03\/15\/ix-konkurs-moje-miasto-tu-dzieja-sie-rzeczy-niezwykle\/\",\"name\":\"IX Konkurs \u201eMoje Miasto \u2013 tu dziej\u0105 si\u0119 rzeczy niezwyk\u0142e\u201d - NID\",\"isPartOf\":{\"@id\":\"https:\/\/nid.pl\/#website\"},\"primaryImageOfPage\":{\"@id\":\"https:\/\/nid.pl\/2022\/03\/15\/ix-konkurs-moje-miasto-tu-dzieja-sie-rzeczy-niezwykle\/#primaryimage\"},\"image\":{\"@id\":\"https:\/\/nid.pl\/2022\/03\/15\/ix-konkurs-moje-miasto-tu-dzieja-sie-rzeczy-niezwykle\/#primaryimage\"},\"thumbnailUrl\":\"https:\/\/nid.pl\/wp-content\/uploads\/2022\/03\/274999601_488854012733461_253271240164629487_n.jpg\",\"datePublished\":\"2022-03-15T12:00:52+00:00\",\"dateModified\":\"2022-03-15T12:01:43+00:00\",\"breadcrumb\":{\"@id\":\"https:\/\/nid.pl\/2022\/03\/15\/ix-konkurs-moje-miasto-tu-dzieja-sie-rzeczy-niezwykle\/#breadcrumb\"},\"inLanguage\":\"en-GB\",\"potentialAction\":[{\"@type\":\"ReadAction\",\"target\":[\"https:\/\/nid.pl\/2022\/03\/15\/ix-konkurs-moje-miasto-tu-dzieja-sie-rzeczy-niezwykle\/\"]}]},{\"@type\":\"ImageObject\",\"inLanguage\":\"en-GB\",\"@id\":\"https:\/\/nid.pl\/2022\/03\/15\/ix-konkurs-moje-miasto-tu-dzieja-sie-rzeczy-niezwykle\/#primaryimage\",\"url\":\"https:\/\/nid.pl\/wp-content\/uploads\/2022\/03\/274999601_488854012733461_253271240164629487_n.jpg\",\"contentUrl\":\"https:\/\/nid.pl\/wp-content\/uploads\/2022\/03\/274999601_488854012733461_253271240164629487_n.jpg\",\"width\":984,\"height\":583,\"caption\":\"Grafikakonkursu\\\"Mojemiasto tudziej\u0105si\u0119rzeczyniezwyk\u0142e\\\"\"},{\"@type\":\"BreadcrumbList\",\"@id\":\"https:\/\/nid.pl\/2022\/03\/15\/ix-konkurs-moje-miasto-tu-dzieja-sie-rzeczy-niezwykle\/#breadcrumb\",\"itemListElement\":[{\"@type\":\"ListItem\",\"position\":1,\"name\":\"Home\",\"item\":\"https:\/\/nid.pl\/\"},{\"@type\":\"ListItem\",\"position\":2,\"name\":\"IX Konkurs \u201eMoje Miasto \u2013 tu dziej\u0105 si\u0119 rzeczy niezwyk\u0142e\u201d\"}]},{\"@type\":\"WebSite\",\"@id\":\"https:\/\/nid.pl\/#website\",\"url\":\"https:\/\/nid.pl\/\",\"name\":\"NID\",\"description\":\"Narodowy Instytut Dziedzictwa\",\"publisher\":{\"@id\":\"https:\/\/nid.pl\/#organization\"},\"potentialAction\":[{\"@type\":\"SearchAction\",\"target\":{\"@type\":\"EntryPoint\",\"urlTemplate\":\"https:\/\/nid.pl\/?s={search_term_string}\"},\"query-input\":{\"@type\":\"PropertyValueSpecification\",\"valueRequired\":true,\"valueName\":\"search_term_string\"}}],\"inLanguage\":\"en-GB\"},{\"@type\":\"Organization\",\"@id\":\"https:\/\/nid.pl\/#organization\",\"name\":\"Narodowy Instytut Dziedzictwa\",\"url\":\"https:\/\/nid.pl\/\",\"logo\":{\"@type\":\"ImageObject\",\"inLanguage\":\"en-GB\",\"@id\":\"https:\/\/nid.pl\/#\/schema\/logo\/image\/\",\"url\":\"https:\/\/nid.pl\/wp-content\/uploads\/2022\/10\/logoRedDark.png\",\"contentUrl\":\"https:\/\/nid.pl\/wp-content\/uploads\/2022\/10\/logoRedDark.png\",\"width\":200,\"height\":197,\"caption\":\"Narodowy Instytut Dziedzictwa\"},\"image\":{\"@id\":\"https:\/\/nid.pl\/#\/schema\/logo\/image\/\"},\"sameAs\":[\"https:\/\/www.facebook.com\/zabytek\",\"https:\/\/x.com\/NarIDpl\",\"https:\/\/www.instagram.com\/nid.pl\/?hl=pl\",\"https:\/\/www.linkedin.com\/company\/narodowy-instytut-dziedzictwa\",\"https:\/\/www.youtube.com\/channel\/UCQXuhKa2uHtmNvLRUSx40JA\"]},{\"@type\":\"Person\",\"@id\":\"https:\/\/nid.pl\/#\/schema\/person\/63074d6576b98de2c15b1d8543283f96\",\"name\":\"Paulina Soboniak\",\"image\":{\"@type\":\"ImageObject\",\"inLanguage\":\"en-GB\",\"@id\":\"https:\/\/nid.pl\/#\/schema\/person\/image\/\",\"url\":\"https:\/\/nid.pl\/wp-content\/litespeed\/avatar\/1d5bf3174a401c0cc1488d0950e56c05.jpg?ver=1777448390\",\"contentUrl\":\"https:\/\/nid.pl\/wp-content\/litespeed\/avatar\/1d5bf3174a401c0cc1488d0950e56c05.jpg?ver=1777448390\",\"caption\":\"Paulina Soboniak\"},\"url\":\"https:\/\/nid.pl\/en\/author\/psoboniak\/\"}]}<\/script>\n<!-- \/ Yoast SEO plugin. -->","yoast_head_json":{"title":"IX Konkurs \u201eMoje Miasto \u2013 tu dziej\u0105 si\u0119 rzeczy niezwyk\u0142e\u201d - NID","robots":{"index":"index","follow":"follow","max-snippet":"max-snippet:-1","max-image-preview":"max-image-preview:large","max-video-preview":"max-video-preview:-1"},"canonical":"https:\/\/nid.pl\/en\/2022\/03\/15\/ix-konkurs-moje-miasto-tu-dzieja-sie-rzeczy-niezwykle\/","og_locale":"en_GB","og_type":"article","og_title":"IX Konkurs \u201eMoje Miasto \u2013 tu dziej\u0105 si\u0119 rzeczy niezwyk\u0142e\u201d - NID","og_description":"Narodowy Instytut Dziedzictwa obj\u0105\u0142 patronatem kolejn\u0105 edycj\u0119 konkursu organizowanego przez Izb\u0119 Architekt\u00f3w Rzeczypospolitej Polskiej oraz Fundacj\u0119 Promocji Architektury Stowarzyszenia Architekt\u00f3w Polskich \u2013 SARP. Konkurs \u201eMoje Miasto \u2013 tu dziej\u0105 si\u0119 [&hellip;]","og_url":"https:\/\/nid.pl\/en\/2022\/03\/15\/ix-konkurs-moje-miasto-tu-dzieja-sie-rzeczy-niezwykle\/","og_site_name":"NID","article_publisher":"https:\/\/www.facebook.com\/zabytek","article_published_time":"2022-03-15T12:00:52+00:00","article_modified_time":"2022-03-15T12:01:43+00:00","og_image":[{"width":984,"height":583,"url":"https:\/\/nid.pl\/wp-content\/uploads\/2022\/03\/274999601_488854012733461_253271240164629487_n.jpg","type":"image\/jpeg"}],"author":"Paulina Soboniak","twitter_card":"summary_large_image","twitter_creator":"@NarIDpl","twitter_site":"@NarIDpl","twitter_misc":{"Written by":"Paulina Soboniak","Estimated reading time":"1 minute"},"schema":{"@context":"https:\/\/schema.org","@graph":[{"@type":"Article","@id":"https:\/\/nid.pl\/2022\/03\/15\/ix-konkurs-moje-miasto-tu-dzieja-sie-rzeczy-niezwykle\/#article","isPartOf":{"@id":"https:\/\/nid.pl\/2022\/03\/15\/ix-konkurs-moje-miasto-tu-dzieja-sie-rzeczy-niezwykle\/"},"author":{"name":"Paulina Soboniak","@id":"https:\/\/nid.pl\/#\/schema\/person\/63074d6576b98de2c15b1d8543283f96"},"headline":"IX Konkurs \u201eMoje Miasto \u2013 tu dziej\u0105 si\u0119 rzeczy niezwyk\u0142e\u201d","datePublished":"2022-03-15T12:00:52+00:00","dateModified":"2022-03-15T12:01:43+00:00","mainEntityOfPage":{"@id":"https:\/\/nid.pl\/2022\/03\/15\/ix-konkurs-moje-miasto-tu-dzieja-sie-rzeczy-niezwykle\/"},"wordCount":222,"commentCount":0,"publisher":{"@id":"https:\/\/nid.pl\/#organization"},"image":{"@id":"https:\/\/nid.pl\/2022\/03\/15\/ix-konkurs-moje-miasto-tu-dzieja-sie-rzeczy-niezwykle\/#primaryimage"},"thumbnailUrl":"https:\/\/nid.pl\/wp-content\/uploads\/2022\/03\/274999601_488854012733461_253271240164629487_n.jpg","articleSection":["Patronaty"],"inLanguage":"en-GB"},{"@type":"WebPage","@id":"https:\/\/nid.pl\/2022\/03\/15\/ix-konkurs-moje-miasto-tu-dzieja-sie-rzeczy-niezwykle\/","url":"https:\/\/nid.pl\/2022\/03\/15\/ix-konkurs-moje-miasto-tu-dzieja-sie-rzeczy-niezwykle\/","name":"IX Konkurs \u201eMoje Miasto \u2013 tu dziej\u0105 si\u0119 rzeczy niezwyk\u0142e\u201d - NID","isPartOf":{"@id":"https:\/\/nid.pl\/#website"},"primaryImageOfPage":{"@id":"https:\/\/nid.pl\/2022\/03\/15\/ix-konkurs-moje-miasto-tu-dzieja-sie-rzeczy-niezwykle\/#primaryimage"},"image":{"@id":"https:\/\/nid.pl\/2022\/03\/15\/ix-konkurs-moje-miasto-tu-dzieja-sie-rzeczy-niezwykle\/#primaryimage"},"thumbnailUrl":"https:\/\/nid.pl\/wp-content\/uploads\/2022\/03\/274999601_488854012733461_253271240164629487_n.jpg","datePublished":"2022-03-15T12:00:52+00:00","dateModified":"2022-03-15T12:01:43+00:00","breadcrumb":{"@id":"https:\/\/nid.pl\/2022\/03\/15\/ix-konkurs-moje-miasto-tu-dzieja-sie-rzeczy-niezwykle\/#breadcrumb"},"inLanguage":"en-GB","potentialAction":[{"@type":"ReadAction","target":["https:\/\/nid.pl\/2022\/03\/15\/ix-konkurs-moje-miasto-tu-dzieja-sie-rzeczy-niezwykle\/"]}]},{"@type":"ImageObject","inLanguage":"en-GB","@id":"https:\/\/nid.pl\/2022\/03\/15\/ix-konkurs-moje-miasto-tu-dzieja-sie-rzeczy-niezwykle\/#primaryimage","url":"https:\/\/nid.pl\/wp-content\/uploads\/2022\/03\/274999601_488854012733461_253271240164629487_n.jpg","contentUrl":"https:\/\/nid.pl\/wp-content\/uploads\/2022\/03\/274999601_488854012733461_253271240164629487_n.jpg","width":984,"height":583,"caption":"Grafikakonkursu\"Mojemiasto tudziej\u0105si\u0119rzeczyniezwyk\u0142e\""},{"@type":"BreadcrumbList","@id":"https:\/\/nid.pl\/2022\/03\/15\/ix-konkurs-moje-miasto-tu-dzieja-sie-rzeczy-niezwykle\/#breadcrumb","itemListElement":[{"@type":"ListItem","position":1,"name":"Home","item":"https:\/\/nid.pl\/"},{"@type":"ListItem","position":2,"name":"IX Konkurs \u201eMoje Miasto \u2013 tu dziej\u0105 si\u0119 rzeczy niezwyk\u0142e\u201d"}]},{"@type":"WebSite","@id":"https:\/\/nid.pl\/#website","url":"https:\/\/nid.pl\/","name":"NID","description":"Narodowy Instytut Dziedzictwa","publisher":{"@id":"https:\/\/nid.pl\/#organization"},"potentialAction":[{"@type":"SearchAction","target":{"@type":"EntryPoint","urlTemplate":"https:\/\/nid.pl\/?s={search_term_string}"},"query-input":{"@type":"PropertyValueSpecification","valueRequired":true,"valueName":"search_term_string"}}],"inLanguage":"en-GB"},{"@type":"Organization","@id":"https:\/\/nid.pl\/#organization","name":"Narodowy Instytut Dziedzictwa","url":"https:\/\/nid.pl\/","logo":{"@type":"ImageObject","inLanguage":"en-GB","@id":"https:\/\/nid.pl\/#\/schema\/logo\/image\/","url":"https:\/\/nid.pl\/wp-content\/uploads\/2022\/10\/logoRedDark.png","contentUrl":"https:\/\/nid.pl\/wp-content\/uploads\/2022\/10\/logoRedDark.png","width":200,"height":197,"caption":"Narodowy Instytut Dziedzictwa"},"image":{"@id":"https:\/\/nid.pl\/#\/schema\/logo\/image\/"},"sameAs":["https:\/\/www.facebook.com\/zabytek","https:\/\/x.com\/NarIDpl","https:\/\/www.instagram.com\/nid.pl\/?hl=pl","https:\/\/www.linkedin.com\/company\/narodowy-instytut-dziedzictwa","https:\/\/www.youtube.com\/channel\/UCQXuhKa2uHtmNvLRUSx40JA"]},{"@type":"Person","@id":"https:\/\/nid.pl\/#\/schema\/person\/63074d6576b98de2c15b1d8543283f96","name":"Paulina Soboniak","image":{"@type":"ImageObject","inLanguage":"en-GB","@id":"https:\/\/nid.pl\/#\/schema\/person\/image\/","url":"https:\/\/nid.pl\/wp-content\/litespeed\/avatar\/1d5bf3174a401c0cc1488d0950e56c05.jpg?ver=1777448390","contentUrl":"https:\/\/nid.pl\/wp-content\/litespeed\/avatar\/1d5bf3174a401c0cc1488d0950e56c05.jpg?ver=1777448390","caption":"Paulina Soboniak"},"url":"https:\/\/nid.pl\/en\/author\/psoboniak\/"}]}},"_links":{"self":[{"href":"https:\/\/nid.pl\/en\/wp-json\/wp\/v2\/posts\/5621","targetHints":{"allow":["GET"]}}],"collection":[{"href":"https:\/\/nid.pl\/en\/wp-json\/wp\/v2\/posts"}],"about":[{"href":"https:\/\/nid.pl\/en\/wp-json\/wp\/v2\/types\/post"}],"author":[{"embeddable":true,"href":"https:\/\/nid.pl\/en\/wp-json\/wp\/v2\/users\/3"}],"replies":[{"embeddable":true,"href":"https:\/\/nid.pl\/en\/wp-json\/wp\/v2\/comments?post=5621"}],"version-history":[{"count":0,"href":"https:\/\/nid.pl\/en\/wp-json\/wp\/v2\/posts\/5621\/revisions"}],"wp:featuredmedia":[{"embeddable":true,"href":"https:\/\/nid.pl\/en\/wp-json\/wp\/v2\/media\/5622"}],"wp:attachment":[{"href":"https:\/\/nid.pl\/en\/wp-json\/wp\/v2\/media?parent=5621"}],"wp:term":[{"taxonomy":"category","embeddable":true,"href":"https:\/\/nid.pl\/en\/wp-json\/wp\/v2\/categories?post=5621"},{"taxonomy":"post_tag","embeddable":true,"href":"https:\/\/nid.pl\/en\/wp-json\/wp\/v2\/tags?post=5621"}],"curies":[{"name":"wp","href":"https:\/\/api.w.org\/{rel}","templated":true}]}}