{"id":5593,"date":"2022-03-14T10:36:02","date_gmt":"2022-03-14T09:36:02","guid":{"rendered":"https:\/\/nid.pl\/?p=5593"},"modified":"2022-03-14T10:36:05","modified_gmt":"2022-03-14T09:36:05","slug":"szkolenie-z-zarzadzania-dziedzictwem-wojewodztwo-kujawsko-pomorskie","status":"publish","type":"post","link":"https:\/\/nid.pl\/en\/2022\/03\/14\/szkolenie-z-zarzadzania-dziedzictwem-wojewodztwo-kujawsko-pomorskie\/","title":{"rendered":"Szkolenie z zarz\u0105dzania dziedzictwem &#8211; wojew\u00f3dztwo kujawsko-pomorskie"},"content":{"rendered":"<p><strong>Narodowy Instytut Dziedzictwa oraz Marsza\u0142ek Wojew\u00f3dztwa Kujawsko-Pomorskiego zapraszaj\u0105 na szkolenie &#8211; \u201eZarz\u0105dzanie dziedzictwem na poziomie lokalnym i ujmowanie dziedzictwa w rewitalizacji\u201d, kt\u00f3re startuje ju\u017c 23 kwietnia. Program zosta\u0142 opracowany z my\u015bl\u0105 o osobach i organizacjach dzia\u0142aj\u0105cych na rzecz lokalnego dziedzictwa materialnego i niematerialnego. Udzia\u0142 w szkoleniu jest bezp\u0142atny.<\/strong><\/p>\n\n\n\n<p>&#8220;Zarz\u0105dzanie dziedzictwem na poziomie lokalnych i ujmowanie dziedzictwa w rewitalizacji&#8221; to kolejne z cyklu szkole\u0144 maj\u0105cych na celu wsparcie lokalnych podmiot\u00f3w. W\u015br\u00f3d temat\u00f3w s\u0105 m. in.: dziedzictwo w planowaniu przestrzennym, rozw\u00f3j przedsi\u0119biorczo\u015bci z wykorzystaniem dziedzictwa, nowe funkcje obiekt\u00f3w zabytkowych czy ziele\u0144 zabytkowa. Zaj\u0119cia prowadz\u0105 eksperci Narodowego Instytutu Dziedzictwa. <\/p>\n\n\n\n<p><strong>Dla kogo pomocne b\u0119dzie szkolenie?<\/strong><\/p>\n\n\n\n<p>Dla wszystkich os\u00f3b zajmuj\u0105cych si\u0119 szeroko poj\u0119tym dziedzictwem kulturowym:<\/p>\n\n\n\n<ul class=\"wp-block-list\"><li>urz\u0119dnik\u00f3w odpowiedzialnych za zabytki, rozw\u00f3j gospodarczy, promocj\u0119, kultur\u0119 i planowanie przestrzenne w gminach,<\/li><li>pracownik\u00f3w instytucji kultury,<\/li><li>przedstawicieli organizacji pozarz\u0105dowych,<\/li><li>przedsi\u0119biorc\u00f3w,<\/li><li>w\u0142a\u015bcicieli zabytk\u00f3w.<\/li><\/ul>\n\n\n\n<p>Szkolenie odb\u0119dzie si\u0119 w formie on-line, w trybie modu\u0142owym, w dniach 23, 24, 25, 30 marca oraz 5 kwietnia. Obowi\u0105zuje rejestracja na poszczeg\u00f3lne modu\u0142y:<\/p>\n\n\n\n<p>23 marca: <a><\/a><a href=\"https:\/\/app.livewebinar.com\/178-690-674\" target=\"_blank\" rel=\"noreferrer noopener\">https:\/\/app.livewebinar.com\/178-690-674<\/a><\/p>\n\n\n\n<p>24 marca: <a href=\"https:\/\/app.livewebinar.com\/400-775-036\" target=\"_blank\" rel=\"noreferrer noopener\">https:\/\/app.livewebinar.com\/400-775-036<\/a><\/p>\n\n\n\n<p>25 marca: <a href=\"https:\/\/app.livewebinar.com\/792-688-038\" target=\"_blank\" rel=\"noreferrer noopener\">https:\/\/app.livewebinar.com\/792-688-038<\/a><\/p>\n\n\n\n<p>30 marca: <a href=\"https:\/\/app.livewebinar.com\/549-087-109\" target=\"_blank\" rel=\"noreferrer noopener\">https:\/\/app.livewebinar.com\/549-087-109<\/a><\/p>\n\n\n\n<p>5 kwietnia: <a href=\"https:\/\/app.livewebinar.com\/973-620-989\" target=\"_blank\" rel=\"noreferrer noopener\">https:\/\/app.livewebinar.com\/973-620-989<\/a><\/p>\n\n\n\n<p>Udzia\u0142 w szkoleniu jest bezp\u0142atny.<\/p>\n\n\n\n<p><\/p>\n\n\n\n<p>Harmonogram szkolenia i wi\u0119cej informacji o prowadz\u0105cych:<\/p>\n\n\n\n<div class=\"wp-block-file\"><a id=\"wp-block-file--media-9da0b7cd-17bc-414d-a648-001b676e40a6\" href=\"https:\/\/nid.pl\/wp-content\/uploads\/2022\/03\/program-szkolenia_kujawsko-pomorskie.pdf\" target=\"_blank\" rel=\"noreferrer noopener\">Program szkolenia<\/a><\/div>\n\n\n\n<div class=\"wp-block-file\"><a id=\"wp-block-file--media-b96a175c-c7f4-45c1-89bb-f0da1d4170a3\" href=\"https:\/\/nid.pl\/wp-content\/uploads\/2022\/03\/O-szkoleniu_broszura-informacyjna.pdf\" target=\"_blank\" rel=\"noreferrer noopener\">Wi\u0119cej o szkoleniu<\/a><\/div>\n\n\n\n<p>W przypadku pyta\u0144 lub w\u0105tpliwo\u015bci, prosimy o kontakt: Aleksandra Chabiera, e-mail: <a href=\"mailto:achabiera@nid.pl\">achabiera@nid.pl<\/a> \u00a0<\/p>\n\n\n\n<p><\/p>\n\n\n\n<p>W celu regularnego uzupe\u0142niania wiedzy zapraszamy na portal: <a href=\"https:\/\/nid.pl\/en\/project\/samorzad-nid-pl\/\" target=\"_blank\" rel=\"noreferrer noopener\">samorzad.nid.pl<\/a><\/p>\n\n\n\n<p>Oraz na platform\u0119 szkoleniow\u0105: <a href=\"https:\/\/szkolenianid.learncom.pl\/\" target=\"_blank\" rel=\"noreferrer noopener\">szkolenianid.learncom.pl\/<\/a><\/p>","protected":false},"excerpt":{"rendered":"<p>Narodowy Instytut Dziedzictwa oraz Marsza\u0142ek Wojew\u00f3dztwa Kujawsko-Pomorskiego zapraszaj\u0105 na szkolenie &#8211; \u201eZarz\u0105dzanie dziedzictwem na poziomie lokalnym i ujmowanie dziedzictwa w rewitalizacji\u201d, kt\u00f3re startuje ju\u017c 23 kwietnia. Program zosta\u0142 opracowany z [&hellip;]<\/p>","protected":false},"author":3,"featured_media":5596,"comment_status":"open","ping_status":"open","sticky":false,"template":"","format":"standard","meta":{"_et_pb_use_builder":"","_et_pb_old_content":"","_et_gb_content_width":"","_monsterinsights_skip_tracking":false,"_monsterinsights_sitenote_active":false,"_monsterinsights_sitenote_note":"","_monsterinsights_sitenote_category":0,"footnotes":""},"categories":[3],"tags":[],"class_list":["post-5593","post","type-post","status-publish","format-standard","has-post-thumbnail","hentry","category-aktualnosci"],"yoast_head":"<!-- This site is optimized with the Yoast SEO plugin v26.5 - https:\/\/yoast.com\/wordpress\/plugins\/seo\/ -->\n<title>Szkolenie z zarz\u0105dzania dziedzictwem - wojew\u00f3dztwo kujawsko-pomorskie - NID<\/title>\n<meta name=\"robots\" content=\"index, follow, max-snippet:-1, max-image-preview:large, max-video-preview:-1\" \/>\n<link rel=\"canonical\" href=\"https:\/\/nid.pl\/en\/2022\/03\/14\/szkolenie-z-zarzadzania-dziedzictwem-wojewodztwo-kujawsko-pomorskie\/\" \/>\n<meta property=\"og:locale\" content=\"en_GB\" \/>\n<meta property=\"og:type\" content=\"article\" \/>\n<meta property=\"og:title\" content=\"Szkolenie z zarz\u0105dzania dziedzictwem - wojew\u00f3dztwo kujawsko-pomorskie - NID\" \/>\n<meta property=\"og:description\" content=\"Narodowy Instytut Dziedzictwa oraz Marsza\u0142ek Wojew\u00f3dztwa Kujawsko-Pomorskiego zapraszaj\u0105 na szkolenie &#8211; \u201eZarz\u0105dzanie dziedzictwem na poziomie lokalnym i ujmowanie dziedzictwa w rewitalizacji\u201d, kt\u00f3re startuje ju\u017c 23 kwietnia. Program zosta\u0142 opracowany z [&hellip;]\" \/>\n<meta property=\"og:url\" content=\"https:\/\/nid.pl\/en\/2022\/03\/14\/szkolenie-z-zarzadzania-dziedzictwem-wojewodztwo-kujawsko-pomorskie\/\" \/>\n<meta property=\"og:site_name\" content=\"NID\" \/>\n<meta property=\"article:publisher\" content=\"https:\/\/www.facebook.com\/zabytek\" \/>\n<meta property=\"article:published_time\" content=\"2022-03-14T09:36:02+00:00\" \/>\n<meta property=\"article:modified_time\" content=\"2022-03-14T09:36:05+00:00\" \/>\n<meta property=\"og:image\" content=\"https:\/\/nid.pl\/wp-content\/uploads\/2022\/03\/O-szkoleniu_broszura-informacyjna-1.jpg\" \/>\n\t<meta property=\"og:image:width\" content=\"1240\" \/>\n\t<meta property=\"og:image:height\" content=\"874\" \/>\n\t<meta property=\"og:image:type\" content=\"image\/jpeg\" \/>\n<meta name=\"author\" content=\"Paulina Soboniak\" \/>\n<meta name=\"twitter:card\" content=\"summary_large_image\" \/>\n<meta name=\"twitter:creator\" content=\"@NarIDpl\" \/>\n<meta name=\"twitter:site\" content=\"@NarIDpl\" \/>\n<meta name=\"twitter:label1\" content=\"Written by\" \/>\n\t<meta name=\"twitter:data1\" content=\"Paulina Soboniak\" \/>\n\t<meta name=\"twitter:label2\" content=\"Estimated reading time\" \/>\n\t<meta name=\"twitter:data2\" content=\"1 minute\" \/>\n<script type=\"application\/ld+json\" class=\"yoast-schema-graph\">{\"@context\":\"https:\/\/schema.org\",\"@graph\":[{\"@type\":\"Article\",\"@id\":\"https:\/\/nid.pl\/2022\/03\/14\/szkolenie-z-zarzadzania-dziedzictwem-wojewodztwo-kujawsko-pomorskie\/#article\",\"isPartOf\":{\"@id\":\"https:\/\/nid.pl\/2022\/03\/14\/szkolenie-z-zarzadzania-dziedzictwem-wojewodztwo-kujawsko-pomorskie\/\"},\"author\":{\"name\":\"Paulina Soboniak\",\"@id\":\"https:\/\/nid.pl\/#\/schema\/person\/63074d6576b98de2c15b1d8543283f96\"},\"headline\":\"Szkolenie z zarz\u0105dzania dziedzictwem &#8211; wojew\u00f3dztwo kujawsko-pomorskie\",\"datePublished\":\"2022-03-14T09:36:02+00:00\",\"dateModified\":\"2022-03-14T09:36:05+00:00\",\"mainEntityOfPage\":{\"@id\":\"https:\/\/nid.pl\/2022\/03\/14\/szkolenie-z-zarzadzania-dziedzictwem-wojewodztwo-kujawsko-pomorskie\/\"},\"wordCount\":288,\"commentCount\":0,\"publisher\":{\"@id\":\"https:\/\/nid.pl\/#organization\"},\"image\":{\"@id\":\"https:\/\/nid.pl\/2022\/03\/14\/szkolenie-z-zarzadzania-dziedzictwem-wojewodztwo-kujawsko-pomorskie\/#primaryimage\"},\"thumbnailUrl\":\"https:\/\/nid.pl\/wp-content\/uploads\/2022\/03\/O-szkoleniu_broszura-informacyjna-1.jpg\",\"articleSection\":[\"Aktualno\u015bci\"],\"inLanguage\":\"en-GB\"},{\"@type\":\"WebPage\",\"@id\":\"https:\/\/nid.pl\/2022\/03\/14\/szkolenie-z-zarzadzania-dziedzictwem-wojewodztwo-kujawsko-pomorskie\/\",\"url\":\"https:\/\/nid.pl\/2022\/03\/14\/szkolenie-z-zarzadzania-dziedzictwem-wojewodztwo-kujawsko-pomorskie\/\",\"name\":\"Szkolenie z zarz\u0105dzania dziedzictwem - wojew\u00f3dztwo kujawsko-pomorskie - NID\",\"isPartOf\":{\"@id\":\"https:\/\/nid.pl\/#website\"},\"primaryImageOfPage\":{\"@id\":\"https:\/\/nid.pl\/2022\/03\/14\/szkolenie-z-zarzadzania-dziedzictwem-wojewodztwo-kujawsko-pomorskie\/#primaryimage\"},\"image\":{\"@id\":\"https:\/\/nid.pl\/2022\/03\/14\/szkolenie-z-zarzadzania-dziedzictwem-wojewodztwo-kujawsko-pomorskie\/#primaryimage\"},\"thumbnailUrl\":\"https:\/\/nid.pl\/wp-content\/uploads\/2022\/03\/O-szkoleniu_broszura-informacyjna-1.jpg\",\"datePublished\":\"2022-03-14T09:36:02+00:00\",\"dateModified\":\"2022-03-14T09:36:05+00:00\",\"breadcrumb\":{\"@id\":\"https:\/\/nid.pl\/2022\/03\/14\/szkolenie-z-zarzadzania-dziedzictwem-wojewodztwo-kujawsko-pomorskie\/#breadcrumb\"},\"inLanguage\":\"en-GB\",\"potentialAction\":[{\"@type\":\"ReadAction\",\"target\":[\"https:\/\/nid.pl\/2022\/03\/14\/szkolenie-z-zarzadzania-dziedzictwem-wojewodztwo-kujawsko-pomorskie\/\"]}]},{\"@type\":\"ImageObject\",\"inLanguage\":\"en-GB\",\"@id\":\"https:\/\/nid.pl\/2022\/03\/14\/szkolenie-z-zarzadzania-dziedzictwem-wojewodztwo-kujawsko-pomorskie\/#primaryimage\",\"url\":\"https:\/\/nid.pl\/wp-content\/uploads\/2022\/03\/O-szkoleniu_broszura-informacyjna-1.jpg\",\"contentUrl\":\"https:\/\/nid.pl\/wp-content\/uploads\/2022\/03\/O-szkoleniu_broszura-informacyjna-1.jpg\",\"width\":1240,\"height\":874,\"caption\":\"Grafika szkole\u0144 z zarz\u0105dzania dziedzictwem\"},{\"@type\":\"BreadcrumbList\",\"@id\":\"https:\/\/nid.pl\/2022\/03\/14\/szkolenie-z-zarzadzania-dziedzictwem-wojewodztwo-kujawsko-pomorskie\/#breadcrumb\",\"itemListElement\":[{\"@type\":\"ListItem\",\"position\":1,\"name\":\"Home\",\"item\":\"https:\/\/nid.pl\/\"},{\"@type\":\"ListItem\",\"position\":2,\"name\":\"Szkolenie z zarz\u0105dzania dziedzictwem &#8211; wojew\u00f3dztwo kujawsko-pomorskie\"}]},{\"@type\":\"WebSite\",\"@id\":\"https:\/\/nid.pl\/#website\",\"url\":\"https:\/\/nid.pl\/\",\"name\":\"NID\",\"description\":\"Narodowy Instytut Dziedzictwa\",\"publisher\":{\"@id\":\"https:\/\/nid.pl\/#organization\"},\"potentialAction\":[{\"@type\":\"SearchAction\",\"target\":{\"@type\":\"EntryPoint\",\"urlTemplate\":\"https:\/\/nid.pl\/?s={search_term_string}\"},\"query-input\":{\"@type\":\"PropertyValueSpecification\",\"valueRequired\":true,\"valueName\":\"search_term_string\"}}],\"inLanguage\":\"en-GB\"},{\"@type\":\"Organization\",\"@id\":\"https:\/\/nid.pl\/#organization\",\"name\":\"Narodowy Instytut Dziedzictwa\",\"url\":\"https:\/\/nid.pl\/\",\"logo\":{\"@type\":\"ImageObject\",\"inLanguage\":\"en-GB\",\"@id\":\"https:\/\/nid.pl\/#\/schema\/logo\/image\/\",\"url\":\"https:\/\/nid.pl\/wp-content\/uploads\/2022\/10\/logoRedDark.png\",\"contentUrl\":\"https:\/\/nid.pl\/wp-content\/uploads\/2022\/10\/logoRedDark.png\",\"width\":200,\"height\":197,\"caption\":\"Narodowy Instytut Dziedzictwa\"},\"image\":{\"@id\":\"https:\/\/nid.pl\/#\/schema\/logo\/image\/\"},\"sameAs\":[\"https:\/\/www.facebook.com\/zabytek\",\"https:\/\/x.com\/NarIDpl\",\"https:\/\/www.instagram.com\/nid.pl\/?hl=pl\",\"https:\/\/www.linkedin.com\/company\/narodowy-instytut-dziedzictwa\",\"https:\/\/www.youtube.com\/channel\/UCQXuhKa2uHtmNvLRUSx40JA\"]},{\"@type\":\"Person\",\"@id\":\"https:\/\/nid.pl\/#\/schema\/person\/63074d6576b98de2c15b1d8543283f96\",\"name\":\"Paulina Soboniak\",\"image\":{\"@type\":\"ImageObject\",\"inLanguage\":\"en-GB\",\"@id\":\"https:\/\/nid.pl\/#\/schema\/person\/image\/\",\"url\":\"https:\/\/nid.pl\/wp-content\/litespeed\/avatar\/1d5bf3174a401c0cc1488d0950e56c05.jpg?ver=1777448390\",\"contentUrl\":\"https:\/\/nid.pl\/wp-content\/litespeed\/avatar\/1d5bf3174a401c0cc1488d0950e56c05.jpg?ver=1777448390\",\"caption\":\"Paulina Soboniak\"},\"url\":\"https:\/\/nid.pl\/en\/author\/psoboniak\/\"}]}<\/script>\n<!-- \/ Yoast SEO plugin. -->","yoast_head_json":{"title":"Szkolenie z zarz\u0105dzania dziedzictwem - wojew\u00f3dztwo kujawsko-pomorskie - NID","robots":{"index":"index","follow":"follow","max-snippet":"max-snippet:-1","max-image-preview":"max-image-preview:large","max-video-preview":"max-video-preview:-1"},"canonical":"https:\/\/nid.pl\/en\/2022\/03\/14\/szkolenie-z-zarzadzania-dziedzictwem-wojewodztwo-kujawsko-pomorskie\/","og_locale":"en_GB","og_type":"article","og_title":"Szkolenie z zarz\u0105dzania dziedzictwem - wojew\u00f3dztwo kujawsko-pomorskie - NID","og_description":"Narodowy Instytut Dziedzictwa oraz Marsza\u0142ek Wojew\u00f3dztwa Kujawsko-Pomorskiego zapraszaj\u0105 na szkolenie &#8211; \u201eZarz\u0105dzanie dziedzictwem na poziomie lokalnym i ujmowanie dziedzictwa w rewitalizacji\u201d, kt\u00f3re startuje ju\u017c 23 kwietnia. Program zosta\u0142 opracowany z [&hellip;]","og_url":"https:\/\/nid.pl\/en\/2022\/03\/14\/szkolenie-z-zarzadzania-dziedzictwem-wojewodztwo-kujawsko-pomorskie\/","og_site_name":"NID","article_publisher":"https:\/\/www.facebook.com\/zabytek","article_published_time":"2022-03-14T09:36:02+00:00","article_modified_time":"2022-03-14T09:36:05+00:00","og_image":[{"width":1240,"height":874,"url":"https:\/\/nid.pl\/wp-content\/uploads\/2022\/03\/O-szkoleniu_broszura-informacyjna-1.jpg","type":"image\/jpeg"}],"author":"Paulina Soboniak","twitter_card":"summary_large_image","twitter_creator":"@NarIDpl","twitter_site":"@NarIDpl","twitter_misc":{"Written by":"Paulina Soboniak","Estimated reading time":"1 minute"},"schema":{"@context":"https:\/\/schema.org","@graph":[{"@type":"Article","@id":"https:\/\/nid.pl\/2022\/03\/14\/szkolenie-z-zarzadzania-dziedzictwem-wojewodztwo-kujawsko-pomorskie\/#article","isPartOf":{"@id":"https:\/\/nid.pl\/2022\/03\/14\/szkolenie-z-zarzadzania-dziedzictwem-wojewodztwo-kujawsko-pomorskie\/"},"author":{"name":"Paulina Soboniak","@id":"https:\/\/nid.pl\/#\/schema\/person\/63074d6576b98de2c15b1d8543283f96"},"headline":"Szkolenie z zarz\u0105dzania dziedzictwem &#8211; wojew\u00f3dztwo kujawsko-pomorskie","datePublished":"2022-03-14T09:36:02+00:00","dateModified":"2022-03-14T09:36:05+00:00","mainEntityOfPage":{"@id":"https:\/\/nid.pl\/2022\/03\/14\/szkolenie-z-zarzadzania-dziedzictwem-wojewodztwo-kujawsko-pomorskie\/"},"wordCount":288,"commentCount":0,"publisher":{"@id":"https:\/\/nid.pl\/#organization"},"image":{"@id":"https:\/\/nid.pl\/2022\/03\/14\/szkolenie-z-zarzadzania-dziedzictwem-wojewodztwo-kujawsko-pomorskie\/#primaryimage"},"thumbnailUrl":"https:\/\/nid.pl\/wp-content\/uploads\/2022\/03\/O-szkoleniu_broszura-informacyjna-1.jpg","articleSection":["Aktualno\u015bci"],"inLanguage":"en-GB"},{"@type":"WebPage","@id":"https:\/\/nid.pl\/2022\/03\/14\/szkolenie-z-zarzadzania-dziedzictwem-wojewodztwo-kujawsko-pomorskie\/","url":"https:\/\/nid.pl\/2022\/03\/14\/szkolenie-z-zarzadzania-dziedzictwem-wojewodztwo-kujawsko-pomorskie\/","name":"Szkolenie z zarz\u0105dzania dziedzictwem - wojew\u00f3dztwo kujawsko-pomorskie - NID","isPartOf":{"@id":"https:\/\/nid.pl\/#website"},"primaryImageOfPage":{"@id":"https:\/\/nid.pl\/2022\/03\/14\/szkolenie-z-zarzadzania-dziedzictwem-wojewodztwo-kujawsko-pomorskie\/#primaryimage"},"image":{"@id":"https:\/\/nid.pl\/2022\/03\/14\/szkolenie-z-zarzadzania-dziedzictwem-wojewodztwo-kujawsko-pomorskie\/#primaryimage"},"thumbnailUrl":"https:\/\/nid.pl\/wp-content\/uploads\/2022\/03\/O-szkoleniu_broszura-informacyjna-1.jpg","datePublished":"2022-03-14T09:36:02+00:00","dateModified":"2022-03-14T09:36:05+00:00","breadcrumb":{"@id":"https:\/\/nid.pl\/2022\/03\/14\/szkolenie-z-zarzadzania-dziedzictwem-wojewodztwo-kujawsko-pomorskie\/#breadcrumb"},"inLanguage":"en-GB","potentialAction":[{"@type":"ReadAction","target":["https:\/\/nid.pl\/2022\/03\/14\/szkolenie-z-zarzadzania-dziedzictwem-wojewodztwo-kujawsko-pomorskie\/"]}]},{"@type":"ImageObject","inLanguage":"en-GB","@id":"https:\/\/nid.pl\/2022\/03\/14\/szkolenie-z-zarzadzania-dziedzictwem-wojewodztwo-kujawsko-pomorskie\/#primaryimage","url":"https:\/\/nid.pl\/wp-content\/uploads\/2022\/03\/O-szkoleniu_broszura-informacyjna-1.jpg","contentUrl":"https:\/\/nid.pl\/wp-content\/uploads\/2022\/03\/O-szkoleniu_broszura-informacyjna-1.jpg","width":1240,"height":874,"caption":"Grafika szkole\u0144 z zarz\u0105dzania dziedzictwem"},{"@type":"BreadcrumbList","@id":"https:\/\/nid.pl\/2022\/03\/14\/szkolenie-z-zarzadzania-dziedzictwem-wojewodztwo-kujawsko-pomorskie\/#breadcrumb","itemListElement":[{"@type":"ListItem","position":1,"name":"Home","item":"https:\/\/nid.pl\/"},{"@type":"ListItem","position":2,"name":"Szkolenie z zarz\u0105dzania dziedzictwem &#8211; wojew\u00f3dztwo kujawsko-pomorskie"}]},{"@type":"WebSite","@id":"https:\/\/nid.pl\/#website","url":"https:\/\/nid.pl\/","name":"NID","description":"Narodowy Instytut Dziedzictwa","publisher":{"@id":"https:\/\/nid.pl\/#organization"},"potentialAction":[{"@type":"SearchAction","target":{"@type":"EntryPoint","urlTemplate":"https:\/\/nid.pl\/?s={search_term_string}"},"query-input":{"@type":"PropertyValueSpecification","valueRequired":true,"valueName":"search_term_string"}}],"inLanguage":"en-GB"},{"@type":"Organization","@id":"https:\/\/nid.pl\/#organization","name":"Narodowy Instytut Dziedzictwa","url":"https:\/\/nid.pl\/","logo":{"@type":"ImageObject","inLanguage":"en-GB","@id":"https:\/\/nid.pl\/#\/schema\/logo\/image\/","url":"https:\/\/nid.pl\/wp-content\/uploads\/2022\/10\/logoRedDark.png","contentUrl":"https:\/\/nid.pl\/wp-content\/uploads\/2022\/10\/logoRedDark.png","width":200,"height":197,"caption":"Narodowy Instytut Dziedzictwa"},"image":{"@id":"https:\/\/nid.pl\/#\/schema\/logo\/image\/"},"sameAs":["https:\/\/www.facebook.com\/zabytek","https:\/\/x.com\/NarIDpl","https:\/\/www.instagram.com\/nid.pl\/?hl=pl","https:\/\/www.linkedin.com\/company\/narodowy-instytut-dziedzictwa","https:\/\/www.youtube.com\/channel\/UCQXuhKa2uHtmNvLRUSx40JA"]},{"@type":"Person","@id":"https:\/\/nid.pl\/#\/schema\/person\/63074d6576b98de2c15b1d8543283f96","name":"Paulina Soboniak","image":{"@type":"ImageObject","inLanguage":"en-GB","@id":"https:\/\/nid.pl\/#\/schema\/person\/image\/","url":"https:\/\/nid.pl\/wp-content\/litespeed\/avatar\/1d5bf3174a401c0cc1488d0950e56c05.jpg?ver=1777448390","contentUrl":"https:\/\/nid.pl\/wp-content\/litespeed\/avatar\/1d5bf3174a401c0cc1488d0950e56c05.jpg?ver=1777448390","caption":"Paulina Soboniak"},"url":"https:\/\/nid.pl\/en\/author\/psoboniak\/"}]}},"_links":{"self":[{"href":"https:\/\/nid.pl\/en\/wp-json\/wp\/v2\/posts\/5593","targetHints":{"allow":["GET"]}}],"collection":[{"href":"https:\/\/nid.pl\/en\/wp-json\/wp\/v2\/posts"}],"about":[{"href":"https:\/\/nid.pl\/en\/wp-json\/wp\/v2\/types\/post"}],"author":[{"embeddable":true,"href":"https:\/\/nid.pl\/en\/wp-json\/wp\/v2\/users\/3"}],"replies":[{"embeddable":true,"href":"https:\/\/nid.pl\/en\/wp-json\/wp\/v2\/comments?post=5593"}],"version-history":[{"count":0,"href":"https:\/\/nid.pl\/en\/wp-json\/wp\/v2\/posts\/5593\/revisions"}],"wp:featuredmedia":[{"embeddable":true,"href":"https:\/\/nid.pl\/en\/wp-json\/wp\/v2\/media\/5596"}],"wp:attachment":[{"href":"https:\/\/nid.pl\/en\/wp-json\/wp\/v2\/media?parent=5593"}],"wp:term":[{"taxonomy":"category","embeddable":true,"href":"https:\/\/nid.pl\/en\/wp-json\/wp\/v2\/categories?post=5593"},{"taxonomy":"post_tag","embeddable":true,"href":"https:\/\/nid.pl\/en\/wp-json\/wp\/v2\/tags?post=5593"}],"curies":[{"name":"wp","href":"https:\/\/api.w.org\/{rel}","templated":true}]}}