{"id":5585,"date":"2022-03-11T15:16:33","date_gmt":"2022-03-11T14:16:33","guid":{"rendered":"https:\/\/nid.pl\/?p=5585"},"modified":"2022-03-11T15:16:38","modified_gmt":"2022-03-11T14:16:38","slug":"oswiadczenie-unesco-w-sprawie-agresji-na-ukraine","status":"publish","type":"post","link":"https:\/\/nid.pl\/en\/2022\/03\/11\/oswiadczenie-unesco-w-sprawie-agresji-na-ukraine\/","title":{"rendered":"O\u015bwiadczenie UNESCO w sprawie agresji na Ukrain\u0119"},"content":{"rendered":"<p><strong>Po przyj\u0119ciu przez Zgromadzenie Og\u00f3lne Organizacji Narod\u00f3w Zjednoczonych rezolucji w sprawie agresji na Ukrain\u0119 UNESCO opublikowa\u0142o o\u015bwiadczenie, w kt\u00f3rym w pe\u0142ni zgadza si\u0119 z rezolucj\u0105 oraz \u017c\u0105da \u201eaby Federacja Rosyjska natychmiast zaprzesta\u0142a stosowania si\u0142y wobec Ukrainy\u201d.<\/strong><\/p>\n\n\n\n<p><strong>O\u015bwiadczenie UNESCO<\/strong><\/p>\n\n\n\n<p><strong>W o\u015bwiadczeniu dyrektor generalna UNESCO \u2013 Audrey Azoulay<\/strong> \u2013 w pe\u0142ni zgadza si\u0119 z uwagami wyg\u0142oszonymi przez Sekretarza Generalnego ONZ, czyli m.in. z tym, \u017ce \u201eta eskaluj\u0105ca przemoc \u2013 kt\u00f3ra skutkuje \u015bmierci\u0105 cywil\u00f3w, w tym dzieci \u2013 jest ca\u0142kowicie nie do przyj\u0119cia.\u201d<\/p>\n\n\n\n<p><strong>UNESCO tym samym wzywa do<\/strong>&nbsp;\u201eochrony ukrai\u0144skiego dziedzictwa kulturowego, kt\u00f3re \u015bwiadczy o bogatej historii tego kraju i obejmuje siedem obiekt\u00f3w \u015bwiatowego dziedzictwa\u201d, a tak\u017ce jest \u201eno\u015bnikiem pokoju na przysz\u0142o\u015b\u0107\u201d.<\/p>\n\n\n\n<p>UNESCO domaga si\u0119 te\u017c natychmiastowego zaprzestania atak\u00f3w na obiekty cywilne (szko\u0142y, uniwersytety, miejsca pami\u0119ci, infrastruktur\u0119 kulturaln\u0105 i komunikacyjn\u0105) i ubolewa nad ofiarami cywilnymi, w tym kobietami oraz dzie\u0107mi, studentami, nauczycielami, artystami, naukowcami i dziennikarzami.<\/p>\n\n\n\n<p><strong>Dlaczego ochrona dziedzictwa jest tak wa\u017cna?<\/strong><\/p>\n\n\n\n<p>W \u015bwietle Konwencji w&nbsp;sprawie ochrony \u015bwiatowego dziedzictwa kulturalnego i&nbsp;naturalnego (1972) szkodzenie lub unicestwienie d\u00f3br kulturowych i przyrodniczych stanowi nieodwracalne zubo\u017cenie dziedzictwa wszystkich narod\u00f3w \u015bwiata. Dobra o wyj\u0105tkowym znaczeniu powinny by\u0107 zachowane jako element \u015bwiatowego dziedzictwa ludzko\u015bci, a w ich ochron\u0119 powinna zaanga\u017cowa\u0107 si\u0119 ca\u0142a spo\u0142eczno\u015b\u0107 mi\u0119dzynarodowa. Opieka, do kt\u00f3rej zobowi\u0105za\u0142y si\u0119 pa\u0144stwa poprzez ratyfikowanie konwencji, ma chroni\u0107 dziedzictwo przed utrat\u0105 wyj\u0105tkowej uniwersalnej warto\u015bci i&nbsp;zachowa\u0107 je w&nbsp;mo\u017cliwie niezmienionej postaci dla przysz\u0142ych pokole\u0144.<\/p>\n\n\n\n<p><strong>Wyj\u0105tkowe dziedzictwo w Ukrainie<\/strong><strong><\/strong><\/p>\n\n\n\n<p>Na terenie Ukrainy znajduje si\u0119 siedem miejsc \u015bwiatowego dziedzictwa \u2013 sze\u015b\u0107 kulturowych i jedno przyrodnicze, z kt\u00f3rych dwa s\u0105 wsp\u00f3lnymi wpisami Polski i Ukrainy:<\/p>\n\n\n\n<p>1. Sob\u00f3r M\u0105dro\u015bci Bo\u017cej w Kijowie (Katedra \u015bw. Zofii i zwi\u0105zane z ni\u0105 budynki klasztorne, \u0141awra Kijowsko-Peczerska).<\/p>\n\n\n\n<p>2. Zesp\u00f3\u0142 Historycznego Centrum we Lwowie.<\/p>\n\n\n\n<p>3. Po\u0142udnik Struvego (wpis seryjny wielokrajowy).<\/p>\n\n\n\n<p>4. Rezydencja metropolit\u00f3w Bukowiny i Dalmacji w Czerniowcach.<\/p>\n\n\n\n<p>5. Staro\u017cytne miasto Chersonez Taurydzki i jego chora.<\/p>\n\n\n\n<p>6. Drewniane cerkwie w polskim i ukrai\u0144skim regionie Karpat (wpis seryjny Polski i Ukrainy).<\/p>\n\n\n\n<p>7. Pradawne i&nbsp;pierwotne&nbsp;lasy&nbsp;bukowe w Karpatach i&nbsp;innych&nbsp;regionach Europy (wpis przyrodniczy, seryjny wielokrajowy, m.in. Polski i Ukrainy).<\/p>\n\n\n\n<p>Szczeg\u00f3\u0142y na stronie: <a href=\"https:\/\/whc.unesco.org\/en\/list\/&amp;order=country#alphaU\" target=\"_blank\" rel=\"noreferrer noopener\">https:\/\/whc.unesco.org\/en\/list\/&amp;order=country#alphaU<\/a><\/p>\n\n\n\n<p>Na li\u015bcie informacyjnej Ukraina prezentuje 17 propozycji wpis\u00f3w na List\u0119 \u015awiatowego Dziedzictwa. Szczeg\u00f3\u0142y na stronie: <a href=\"https:\/\/whc.unesco.org\/en\/tentativelists\/state=ua\" target=\"_blank\" rel=\"noreferrer noopener\">https:\/\/whc.unesco.org\/en\/tentativelists\/state=ua<\/a><\/p>\n\n\n\n<p><strong>Na wniosek grupy pa\u0144stw cz\u0142onkowskich Rada Wykonawcza UNESCO zorganizuje 15 marca specjaln\u0105 sesj\u0119.<\/strong><\/p>\n\n\n\n<p>O\u015bwiadczenie UNESCO: <a href=\"https:\/\/bit.ly\/3vGUMQh\" target=\"_blank\" rel=\"noreferrer noopener\">https:\/\/bit.ly\/3vGUMQh<\/a><\/p>","protected":false},"excerpt":{"rendered":"<p>Po przyj\u0119ciu przez Zgromadzenie Og\u00f3lne Organizacji Narod\u00f3w Zjednoczonych rezolucji w sprawie agresji na Ukrain\u0119 UNESCO opublikowa\u0142o o\u015bwiadczenie, w kt\u00f3rym w pe\u0142ni zgadza si\u0119 z rezolucj\u0105 oraz \u017c\u0105da \u201eaby Federacja Rosyjska [&hellip;]<\/p>","protected":false},"author":3,"featured_media":5553,"comment_status":"open","ping_status":"open","sticky":false,"template":"","format":"standard","meta":{"_et_pb_use_builder":"","_et_pb_old_content":"","_et_gb_content_width":"","_monsterinsights_skip_tracking":false,"_monsterinsights_sitenote_active":false,"_monsterinsights_sitenote_note":"","_monsterinsights_sitenote_category":0,"footnotes":""},"categories":[3],"tags":[],"class_list":["post-5585","post","type-post","status-publish","format-standard","has-post-thumbnail","hentry","category-aktualnosci"],"yoast_head":"<!-- This site is optimized with the Yoast SEO plugin v26.5 - https:\/\/yoast.com\/wordpress\/plugins\/seo\/ -->\n<title>O\u015bwiadczenie UNESCO w sprawie agresji na Ukrain\u0119 - NID<\/title>\n<meta name=\"robots\" content=\"index, follow, max-snippet:-1, max-image-preview:large, max-video-preview:-1\" \/>\n<link rel=\"canonical\" href=\"https:\/\/nid.pl\/en\/2022\/03\/11\/oswiadczenie-unesco-w-sprawie-agresji-na-ukraine\/\" \/>\n<meta property=\"og:locale\" content=\"en_GB\" \/>\n<meta property=\"og:type\" content=\"article\" \/>\n<meta property=\"og:title\" content=\"O\u015bwiadczenie UNESCO w sprawie agresji na Ukrain\u0119 - NID\" \/>\n<meta property=\"og:description\" content=\"Po przyj\u0119ciu przez Zgromadzenie Og\u00f3lne Organizacji Narod\u00f3w Zjednoczonych rezolucji w sprawie agresji na Ukrain\u0119 UNESCO opublikowa\u0142o o\u015bwiadczenie, w kt\u00f3rym w pe\u0142ni zgadza si\u0119 z rezolucj\u0105 oraz \u017c\u0105da \u201eaby Federacja Rosyjska [&hellip;]\" \/>\n<meta property=\"og:url\" content=\"https:\/\/nid.pl\/en\/2022\/03\/11\/oswiadczenie-unesco-w-sprawie-agresji-na-ukraine\/\" \/>\n<meta property=\"og:site_name\" content=\"NID\" \/>\n<meta property=\"article:publisher\" content=\"https:\/\/www.facebook.com\/zabytek\" \/>\n<meta property=\"article:published_time\" content=\"2022-03-11T14:16:33+00:00\" \/>\n<meta property=\"article:modified_time\" content=\"2022-03-11T14:16:38+00:00\" \/>\n<meta property=\"og:image\" content=\"https:\/\/nid.pl\/wp-content\/uploads\/2022\/03\/Zdjecie-w-tle-FB.jpg\" \/>\n\t<meta property=\"og:image:width\" content=\"1440\" \/>\n\t<meta property=\"og:image:height\" content=\"810\" \/>\n\t<meta property=\"og:image:type\" content=\"image\/jpeg\" \/>\n<meta name=\"author\" content=\"Paulina Soboniak\" \/>\n<meta name=\"twitter:card\" content=\"summary_large_image\" \/>\n<meta name=\"twitter:creator\" content=\"@NarIDpl\" \/>\n<meta name=\"twitter:site\" content=\"@NarIDpl\" \/>\n<meta name=\"twitter:label1\" content=\"Written by\" \/>\n\t<meta name=\"twitter:data1\" content=\"Paulina Soboniak\" \/>\n\t<meta name=\"twitter:label2\" content=\"Estimated reading time\" \/>\n\t<meta name=\"twitter:data2\" content=\"2 minutes\" \/>\n<script type=\"application\/ld+json\" class=\"yoast-schema-graph\">{\"@context\":\"https:\/\/schema.org\",\"@graph\":[{\"@type\":\"Article\",\"@id\":\"https:\/\/nid.pl\/2022\/03\/11\/oswiadczenie-unesco-w-sprawie-agresji-na-ukraine\/#article\",\"isPartOf\":{\"@id\":\"https:\/\/nid.pl\/2022\/03\/11\/oswiadczenie-unesco-w-sprawie-agresji-na-ukraine\/\"},\"author\":{\"name\":\"Paulina Soboniak\",\"@id\":\"https:\/\/nid.pl\/#\/schema\/person\/63074d6576b98de2c15b1d8543283f96\"},\"headline\":\"O\u015bwiadczenie UNESCO w sprawie agresji na Ukrain\u0119\",\"datePublished\":\"2022-03-11T14:16:33+00:00\",\"dateModified\":\"2022-03-11T14:16:38+00:00\",\"mainEntityOfPage\":{\"@id\":\"https:\/\/nid.pl\/2022\/03\/11\/oswiadczenie-unesco-w-sprawie-agresji-na-ukraine\/\"},\"wordCount\":456,\"commentCount\":0,\"publisher\":{\"@id\":\"https:\/\/nid.pl\/#organization\"},\"image\":{\"@id\":\"https:\/\/nid.pl\/2022\/03\/11\/oswiadczenie-unesco-w-sprawie-agresji-na-ukraine\/#primaryimage\"},\"thumbnailUrl\":\"https:\/\/nid.pl\/wp-content\/uploads\/2022\/03\/Zdjecie-w-tle-FB.jpg\",\"articleSection\":[\"Aktualno\u015bci\"],\"inLanguage\":\"en-GB\"},{\"@type\":\"WebPage\",\"@id\":\"https:\/\/nid.pl\/2022\/03\/11\/oswiadczenie-unesco-w-sprawie-agresji-na-ukraine\/\",\"url\":\"https:\/\/nid.pl\/2022\/03\/11\/oswiadczenie-unesco-w-sprawie-agresji-na-ukraine\/\",\"name\":\"O\u015bwiadczenie UNESCO w sprawie agresji na Ukrain\u0119 - NID\",\"isPartOf\":{\"@id\":\"https:\/\/nid.pl\/#website\"},\"primaryImageOfPage\":{\"@id\":\"https:\/\/nid.pl\/2022\/03\/11\/oswiadczenie-unesco-w-sprawie-agresji-na-ukraine\/#primaryimage\"},\"image\":{\"@id\":\"https:\/\/nid.pl\/2022\/03\/11\/oswiadczenie-unesco-w-sprawie-agresji-na-ukraine\/#primaryimage\"},\"thumbnailUrl\":\"https:\/\/nid.pl\/wp-content\/uploads\/2022\/03\/Zdjecie-w-tle-FB.jpg\",\"datePublished\":\"2022-03-11T14:16:33+00:00\",\"dateModified\":\"2022-03-11T14:16:38+00:00\",\"breadcrumb\":{\"@id\":\"https:\/\/nid.pl\/2022\/03\/11\/oswiadczenie-unesco-w-sprawie-agresji-na-ukraine\/#breadcrumb\"},\"inLanguage\":\"en-GB\",\"potentialAction\":[{\"@type\":\"ReadAction\",\"target\":[\"https:\/\/nid.pl\/2022\/03\/11\/oswiadczenie-unesco-w-sprawie-agresji-na-ukraine\/\"]}]},{\"@type\":\"ImageObject\",\"inLanguage\":\"en-GB\",\"@id\":\"https:\/\/nid.pl\/2022\/03\/11\/oswiadczenie-unesco-w-sprawie-agresji-na-ukraine\/#primaryimage\",\"url\":\"https:\/\/nid.pl\/wp-content\/uploads\/2022\/03\/Zdjecie-w-tle-FB.jpg\",\"contentUrl\":\"https:\/\/nid.pl\/wp-content\/uploads\/2022\/03\/Zdjecie-w-tle-FB.jpg\",\"width\":1440,\"height\":810,\"caption\":\"Grafika tekst\\\"SolidarnizUkrain\u0105\\\",d\u0142o\u0144wge\u015bciepokojunatleukrai\u0144skiejflagi\"},{\"@type\":\"BreadcrumbList\",\"@id\":\"https:\/\/nid.pl\/2022\/03\/11\/oswiadczenie-unesco-w-sprawie-agresji-na-ukraine\/#breadcrumb\",\"itemListElement\":[{\"@type\":\"ListItem\",\"position\":1,\"name\":\"Home\",\"item\":\"https:\/\/nid.pl\/\"},{\"@type\":\"ListItem\",\"position\":2,\"name\":\"O\u015bwiadczenie UNESCO w sprawie agresji na Ukrain\u0119\"}]},{\"@type\":\"WebSite\",\"@id\":\"https:\/\/nid.pl\/#website\",\"url\":\"https:\/\/nid.pl\/\",\"name\":\"NID\",\"description\":\"Narodowy Instytut Dziedzictwa\",\"publisher\":{\"@id\":\"https:\/\/nid.pl\/#organization\"},\"potentialAction\":[{\"@type\":\"SearchAction\",\"target\":{\"@type\":\"EntryPoint\",\"urlTemplate\":\"https:\/\/nid.pl\/?s={search_term_string}\"},\"query-input\":{\"@type\":\"PropertyValueSpecification\",\"valueRequired\":true,\"valueName\":\"search_term_string\"}}],\"inLanguage\":\"en-GB\"},{\"@type\":\"Organization\",\"@id\":\"https:\/\/nid.pl\/#organization\",\"name\":\"Narodowy Instytut Dziedzictwa\",\"url\":\"https:\/\/nid.pl\/\",\"logo\":{\"@type\":\"ImageObject\",\"inLanguage\":\"en-GB\",\"@id\":\"https:\/\/nid.pl\/#\/schema\/logo\/image\/\",\"url\":\"https:\/\/nid.pl\/wp-content\/uploads\/2022\/10\/logoRedDark.png\",\"contentUrl\":\"https:\/\/nid.pl\/wp-content\/uploads\/2022\/10\/logoRedDark.png\",\"width\":200,\"height\":197,\"caption\":\"Narodowy Instytut Dziedzictwa\"},\"image\":{\"@id\":\"https:\/\/nid.pl\/#\/schema\/logo\/image\/\"},\"sameAs\":[\"https:\/\/www.facebook.com\/zabytek\",\"https:\/\/x.com\/NarIDpl\",\"https:\/\/www.instagram.com\/nid.pl\/?hl=pl\",\"https:\/\/www.linkedin.com\/company\/narodowy-instytut-dziedzictwa\",\"https:\/\/www.youtube.com\/channel\/UCQXuhKa2uHtmNvLRUSx40JA\"]},{\"@type\":\"Person\",\"@id\":\"https:\/\/nid.pl\/#\/schema\/person\/63074d6576b98de2c15b1d8543283f96\",\"name\":\"Paulina Soboniak\",\"image\":{\"@type\":\"ImageObject\",\"inLanguage\":\"en-GB\",\"@id\":\"https:\/\/nid.pl\/#\/schema\/person\/image\/\",\"url\":\"https:\/\/nid.pl\/wp-content\/litespeed\/avatar\/1d5bf3174a401c0cc1488d0950e56c05.jpg?ver=1777448390\",\"contentUrl\":\"https:\/\/nid.pl\/wp-content\/litespeed\/avatar\/1d5bf3174a401c0cc1488d0950e56c05.jpg?ver=1777448390\",\"caption\":\"Paulina Soboniak\"},\"url\":\"https:\/\/nid.pl\/en\/author\/psoboniak\/\"}]}<\/script>\n<!-- \/ Yoast SEO plugin. -->","yoast_head_json":{"title":"O\u015bwiadczenie UNESCO w sprawie agresji na Ukrain\u0119 - NID","robots":{"index":"index","follow":"follow","max-snippet":"max-snippet:-1","max-image-preview":"max-image-preview:large","max-video-preview":"max-video-preview:-1"},"canonical":"https:\/\/nid.pl\/en\/2022\/03\/11\/oswiadczenie-unesco-w-sprawie-agresji-na-ukraine\/","og_locale":"en_GB","og_type":"article","og_title":"O\u015bwiadczenie UNESCO w sprawie agresji na Ukrain\u0119 - NID","og_description":"Po przyj\u0119ciu przez Zgromadzenie Og\u00f3lne Organizacji Narod\u00f3w Zjednoczonych rezolucji w sprawie agresji na Ukrain\u0119 UNESCO opublikowa\u0142o o\u015bwiadczenie, w kt\u00f3rym w pe\u0142ni zgadza si\u0119 z rezolucj\u0105 oraz \u017c\u0105da \u201eaby Federacja Rosyjska [&hellip;]","og_url":"https:\/\/nid.pl\/en\/2022\/03\/11\/oswiadczenie-unesco-w-sprawie-agresji-na-ukraine\/","og_site_name":"NID","article_publisher":"https:\/\/www.facebook.com\/zabytek","article_published_time":"2022-03-11T14:16:33+00:00","article_modified_time":"2022-03-11T14:16:38+00:00","og_image":[{"width":1440,"height":810,"url":"https:\/\/nid.pl\/wp-content\/uploads\/2022\/03\/Zdjecie-w-tle-FB.jpg","type":"image\/jpeg"}],"author":"Paulina Soboniak","twitter_card":"summary_large_image","twitter_creator":"@NarIDpl","twitter_site":"@NarIDpl","twitter_misc":{"Written by":"Paulina Soboniak","Estimated reading time":"2 minutes"},"schema":{"@context":"https:\/\/schema.org","@graph":[{"@type":"Article","@id":"https:\/\/nid.pl\/2022\/03\/11\/oswiadczenie-unesco-w-sprawie-agresji-na-ukraine\/#article","isPartOf":{"@id":"https:\/\/nid.pl\/2022\/03\/11\/oswiadczenie-unesco-w-sprawie-agresji-na-ukraine\/"},"author":{"name":"Paulina Soboniak","@id":"https:\/\/nid.pl\/#\/schema\/person\/63074d6576b98de2c15b1d8543283f96"},"headline":"O\u015bwiadczenie UNESCO w sprawie agresji na Ukrain\u0119","datePublished":"2022-03-11T14:16:33+00:00","dateModified":"2022-03-11T14:16:38+00:00","mainEntityOfPage":{"@id":"https:\/\/nid.pl\/2022\/03\/11\/oswiadczenie-unesco-w-sprawie-agresji-na-ukraine\/"},"wordCount":456,"commentCount":0,"publisher":{"@id":"https:\/\/nid.pl\/#organization"},"image":{"@id":"https:\/\/nid.pl\/2022\/03\/11\/oswiadczenie-unesco-w-sprawie-agresji-na-ukraine\/#primaryimage"},"thumbnailUrl":"https:\/\/nid.pl\/wp-content\/uploads\/2022\/03\/Zdjecie-w-tle-FB.jpg","articleSection":["Aktualno\u015bci"],"inLanguage":"en-GB"},{"@type":"WebPage","@id":"https:\/\/nid.pl\/2022\/03\/11\/oswiadczenie-unesco-w-sprawie-agresji-na-ukraine\/","url":"https:\/\/nid.pl\/2022\/03\/11\/oswiadczenie-unesco-w-sprawie-agresji-na-ukraine\/","name":"O\u015bwiadczenie UNESCO w sprawie agresji na Ukrain\u0119 - NID","isPartOf":{"@id":"https:\/\/nid.pl\/#website"},"primaryImageOfPage":{"@id":"https:\/\/nid.pl\/2022\/03\/11\/oswiadczenie-unesco-w-sprawie-agresji-na-ukraine\/#primaryimage"},"image":{"@id":"https:\/\/nid.pl\/2022\/03\/11\/oswiadczenie-unesco-w-sprawie-agresji-na-ukraine\/#primaryimage"},"thumbnailUrl":"https:\/\/nid.pl\/wp-content\/uploads\/2022\/03\/Zdjecie-w-tle-FB.jpg","datePublished":"2022-03-11T14:16:33+00:00","dateModified":"2022-03-11T14:16:38+00:00","breadcrumb":{"@id":"https:\/\/nid.pl\/2022\/03\/11\/oswiadczenie-unesco-w-sprawie-agresji-na-ukraine\/#breadcrumb"},"inLanguage":"en-GB","potentialAction":[{"@type":"ReadAction","target":["https:\/\/nid.pl\/2022\/03\/11\/oswiadczenie-unesco-w-sprawie-agresji-na-ukraine\/"]}]},{"@type":"ImageObject","inLanguage":"en-GB","@id":"https:\/\/nid.pl\/2022\/03\/11\/oswiadczenie-unesco-w-sprawie-agresji-na-ukraine\/#primaryimage","url":"https:\/\/nid.pl\/wp-content\/uploads\/2022\/03\/Zdjecie-w-tle-FB.jpg","contentUrl":"https:\/\/nid.pl\/wp-content\/uploads\/2022\/03\/Zdjecie-w-tle-FB.jpg","width":1440,"height":810,"caption":"Grafika tekst\"SolidarnizUkrain\u0105\",d\u0142o\u0144wge\u015bciepokojunatleukrai\u0144skiejflagi"},{"@type":"BreadcrumbList","@id":"https:\/\/nid.pl\/2022\/03\/11\/oswiadczenie-unesco-w-sprawie-agresji-na-ukraine\/#breadcrumb","itemListElement":[{"@type":"ListItem","position":1,"name":"Home","item":"https:\/\/nid.pl\/"},{"@type":"ListItem","position":2,"name":"O\u015bwiadczenie UNESCO w sprawie agresji na Ukrain\u0119"}]},{"@type":"WebSite","@id":"https:\/\/nid.pl\/#website","url":"https:\/\/nid.pl\/","name":"NID","description":"Narodowy Instytut Dziedzictwa","publisher":{"@id":"https:\/\/nid.pl\/#organization"},"potentialAction":[{"@type":"SearchAction","target":{"@type":"EntryPoint","urlTemplate":"https:\/\/nid.pl\/?s={search_term_string}"},"query-input":{"@type":"PropertyValueSpecification","valueRequired":true,"valueName":"search_term_string"}}],"inLanguage":"en-GB"},{"@type":"Organization","@id":"https:\/\/nid.pl\/#organization","name":"Narodowy Instytut Dziedzictwa","url":"https:\/\/nid.pl\/","logo":{"@type":"ImageObject","inLanguage":"en-GB","@id":"https:\/\/nid.pl\/#\/schema\/logo\/image\/","url":"https:\/\/nid.pl\/wp-content\/uploads\/2022\/10\/logoRedDark.png","contentUrl":"https:\/\/nid.pl\/wp-content\/uploads\/2022\/10\/logoRedDark.png","width":200,"height":197,"caption":"Narodowy Instytut Dziedzictwa"},"image":{"@id":"https:\/\/nid.pl\/#\/schema\/logo\/image\/"},"sameAs":["https:\/\/www.facebook.com\/zabytek","https:\/\/x.com\/NarIDpl","https:\/\/www.instagram.com\/nid.pl\/?hl=pl","https:\/\/www.linkedin.com\/company\/narodowy-instytut-dziedzictwa","https:\/\/www.youtube.com\/channel\/UCQXuhKa2uHtmNvLRUSx40JA"]},{"@type":"Person","@id":"https:\/\/nid.pl\/#\/schema\/person\/63074d6576b98de2c15b1d8543283f96","name":"Paulina Soboniak","image":{"@type":"ImageObject","inLanguage":"en-GB","@id":"https:\/\/nid.pl\/#\/schema\/person\/image\/","url":"https:\/\/nid.pl\/wp-content\/litespeed\/avatar\/1d5bf3174a401c0cc1488d0950e56c05.jpg?ver=1777448390","contentUrl":"https:\/\/nid.pl\/wp-content\/litespeed\/avatar\/1d5bf3174a401c0cc1488d0950e56c05.jpg?ver=1777448390","caption":"Paulina Soboniak"},"url":"https:\/\/nid.pl\/en\/author\/psoboniak\/"}]}},"_links":{"self":[{"href":"https:\/\/nid.pl\/en\/wp-json\/wp\/v2\/posts\/5585","targetHints":{"allow":["GET"]}}],"collection":[{"href":"https:\/\/nid.pl\/en\/wp-json\/wp\/v2\/posts"}],"about":[{"href":"https:\/\/nid.pl\/en\/wp-json\/wp\/v2\/types\/post"}],"author":[{"embeddable":true,"href":"https:\/\/nid.pl\/en\/wp-json\/wp\/v2\/users\/3"}],"replies":[{"embeddable":true,"href":"https:\/\/nid.pl\/en\/wp-json\/wp\/v2\/comments?post=5585"}],"version-history":[{"count":0,"href":"https:\/\/nid.pl\/en\/wp-json\/wp\/v2\/posts\/5585\/revisions"}],"wp:featuredmedia":[{"embeddable":true,"href":"https:\/\/nid.pl\/en\/wp-json\/wp\/v2\/media\/5553"}],"wp:attachment":[{"href":"https:\/\/nid.pl\/en\/wp-json\/wp\/v2\/media?parent=5585"}],"wp:term":[{"taxonomy":"category","embeddable":true,"href":"https:\/\/nid.pl\/en\/wp-json\/wp\/v2\/categories?post=5585"},{"taxonomy":"post_tag","embeddable":true,"href":"https:\/\/nid.pl\/en\/wp-json\/wp\/v2\/tags?post=5585"}],"curies":[{"name":"wp","href":"https:\/\/api.w.org\/{rel}","templated":true}]}}