{"id":5552,"date":"2022-03-07T14:12:12","date_gmt":"2022-03-07T13:12:12","guid":{"rendered":"https:\/\/nid.pl\/?p=5552"},"modified":"2022-03-07T14:22:00","modified_gmt":"2022-03-07T13:22:00","slug":"apel-prof-piotra-glinskiego-do-unesco","status":"publish","type":"post","link":"https:\/\/nid.pl\/en\/2022\/03\/07\/apel-prof-piotra-glinskiego-do-unesco\/","title":{"rendered":"Apel prof. Piotra Gli\u0144skiego do UNESCO"},"content":{"rendered":"<p><strong>W obliczu agresji Rosji na Ukrain\u0119, wobec zbrodni dokonywanych przez Rosj\u0119 na ludno\u015bci cywilnej Ukrainy i zagro\u017cenie bezpowrotnym zniszczeniem miejsc \u015bwiatowego dziedzictwa, Minister Kultury i Dziedzictwa Narodowego prof. Piotr Gli\u0144ski zwr\u00f3ci\u0142 si\u0119 do Dyrektor Generalnej UNESCO Audrey Azoulay o podj\u0119cie pilnych dzia\u0142a\u0144 zmierzaj\u0105cych do wykluczenia Rosji z Komitetu \u015awiatowego Dziedzictwa oraz przeniesienia obrad 45. sesji Komitetu z Kazania do Pary\u017ca. Przewodniczenie Komitetowi przez Rosj\u0119, kt\u00f3ra sprzeniewierzy\u0142a si\u0119 ideom i warto\u015bciom UNESCO, musi spotka\u0107 si\u0119 ze zdecydowanym sprzeciwem pa\u0144stw-stron Konwencji UNESCO w sprawie ochrony \u015bwiatowego dziedzictwa kulturalnego i naturalnego z 1972 r.<\/strong><\/p>\n\n\n\n<p>Z tre\u015bci\u0105 komunikatu mo\u017cna zapozna\u0107 si\u0119 na stronie Ministerstwa: <\/p>\n\n\n\n<p><a href=\"https:\/\/www.gov.pl\/web\/kultura\/wicepremier-glinski-apeluje-do-unesco-o-wykluczenie-rosji-i-odwolanie-sesji-w-kazaniu\" target=\"_blank\" rel=\"noreferrer noopener\">https:\/\/www.gov.pl\/web\/kultura\/wicepremier-glinski-apeluje-do-unesco-o-wykluczenie-rosji-i-odwolanie-sesji-w-kazaniu<\/a><\/p>","protected":false},"excerpt":{"rendered":"<p>W obliczu agresji Rosji na Ukrain\u0119, wobec zbrodni dokonywanych przez Rosj\u0119 na ludno\u015bci cywilnej Ukrainy i zagro\u017cenie bezpowrotnym zniszczeniem miejsc \u015bwiatowego dziedzictwa, Minister Kultury i Dziedzictwa Narodowego prof. Piotr Gli\u0144ski [&hellip;]<\/p>","protected":false},"author":3,"featured_media":5553,"comment_status":"open","ping_status":"open","sticky":false,"template":"","format":"standard","meta":{"_et_pb_use_builder":"","_et_pb_old_content":"","_et_gb_content_width":"","_monsterinsights_skip_tracking":false,"_monsterinsights_sitenote_active":false,"_monsterinsights_sitenote_note":"","_monsterinsights_sitenote_category":0,"footnotes":""},"categories":[3],"tags":[],"class_list":["post-5552","post","type-post","status-publish","format-standard","has-post-thumbnail","hentry","category-aktualnosci"],"yoast_head":"<!-- This site is optimized with the Yoast SEO plugin v26.5 - https:\/\/yoast.com\/wordpress\/plugins\/seo\/ -->\n<title>Apel prof. Piotra Gli\u0144skiego do UNESCO - NID<\/title>\n<meta name=\"description\" content=\"Apel prof. Piotra Gli\u0144skiego do UNESCO o wykluczenie Rosji z Komitetu \u015awiatowego Dziedzictwa\" \/>\n<meta name=\"robots\" content=\"index, follow, max-snippet:-1, max-image-preview:large, max-video-preview:-1\" \/>\n<link rel=\"canonical\" href=\"https:\/\/nid.pl\/en\/2022\/03\/07\/apel-prof-piotra-glinskiego-do-unesco\/\" \/>\n<meta property=\"og:locale\" content=\"en_GB\" \/>\n<meta property=\"og:type\" content=\"article\" \/>\n<meta property=\"og:title\" content=\"Apel prof. Piotra Gli\u0144skiego do UNESCO - NID\" \/>\n<meta property=\"og:description\" content=\"Apel prof. Piotra Gli\u0144skiego do UNESCO o wykluczenie Rosji z Komitetu \u015awiatowego Dziedzictwa\" \/>\n<meta property=\"og:url\" content=\"https:\/\/nid.pl\/en\/2022\/03\/07\/apel-prof-piotra-glinskiego-do-unesco\/\" \/>\n<meta property=\"og:site_name\" content=\"NID\" \/>\n<meta property=\"article:publisher\" content=\"https:\/\/www.facebook.com\/zabytek\" \/>\n<meta property=\"article:published_time\" content=\"2022-03-07T13:12:12+00:00\" \/>\n<meta property=\"article:modified_time\" content=\"2022-03-07T13:22:00+00:00\" \/>\n<meta property=\"og:image\" content=\"https:\/\/nid.pl\/wp-content\/uploads\/2022\/03\/Zdjecie-w-tle-FB.jpg\" \/>\n\t<meta property=\"og:image:width\" content=\"1440\" \/>\n\t<meta property=\"og:image:height\" content=\"810\" \/>\n\t<meta property=\"og:image:type\" content=\"image\/jpeg\" \/>\n<meta name=\"author\" content=\"Paulina Soboniak\" \/>\n<meta name=\"twitter:card\" content=\"summary_large_image\" \/>\n<meta name=\"twitter:creator\" content=\"@NarIDpl\" \/>\n<meta name=\"twitter:site\" content=\"@NarIDpl\" \/>\n<meta name=\"twitter:label1\" content=\"Written by\" \/>\n\t<meta name=\"twitter:data1\" content=\"Paulina Soboniak\" \/>\n\t<meta name=\"twitter:label2\" content=\"Estimated reading time\" \/>\n\t<meta name=\"twitter:data2\" content=\"1 minute\" \/>\n<script type=\"application\/ld+json\" class=\"yoast-schema-graph\">{\"@context\":\"https:\/\/schema.org\",\"@graph\":[{\"@type\":\"Article\",\"@id\":\"https:\/\/nid.pl\/2022\/03\/07\/apel-prof-piotra-glinskiego-do-unesco\/#article\",\"isPartOf\":{\"@id\":\"https:\/\/nid.pl\/2022\/03\/07\/apel-prof-piotra-glinskiego-do-unesco\/\"},\"author\":{\"name\":\"Paulina Soboniak\",\"@id\":\"https:\/\/nid.pl\/#\/schema\/person\/63074d6576b98de2c15b1d8543283f96\"},\"headline\":\"Apel prof. Piotra Gli\u0144skiego do UNESCO\",\"datePublished\":\"2022-03-07T13:12:12+00:00\",\"dateModified\":\"2022-03-07T13:22:00+00:00\",\"mainEntityOfPage\":{\"@id\":\"https:\/\/nid.pl\/2022\/03\/07\/apel-prof-piotra-glinskiego-do-unesco\/\"},\"wordCount\":126,\"commentCount\":0,\"publisher\":{\"@id\":\"https:\/\/nid.pl\/#organization\"},\"image\":{\"@id\":\"https:\/\/nid.pl\/2022\/03\/07\/apel-prof-piotra-glinskiego-do-unesco\/#primaryimage\"},\"thumbnailUrl\":\"https:\/\/nid.pl\/wp-content\/uploads\/2022\/03\/Zdjecie-w-tle-FB.jpg\",\"articleSection\":[\"Aktualno\u015bci\"],\"inLanguage\":\"en-GB\"},{\"@type\":\"WebPage\",\"@id\":\"https:\/\/nid.pl\/2022\/03\/07\/apel-prof-piotra-glinskiego-do-unesco\/\",\"url\":\"https:\/\/nid.pl\/2022\/03\/07\/apel-prof-piotra-glinskiego-do-unesco\/\",\"name\":\"Apel prof. Piotra Gli\u0144skiego do UNESCO - NID\",\"isPartOf\":{\"@id\":\"https:\/\/nid.pl\/#website\"},\"primaryImageOfPage\":{\"@id\":\"https:\/\/nid.pl\/2022\/03\/07\/apel-prof-piotra-glinskiego-do-unesco\/#primaryimage\"},\"image\":{\"@id\":\"https:\/\/nid.pl\/2022\/03\/07\/apel-prof-piotra-glinskiego-do-unesco\/#primaryimage\"},\"thumbnailUrl\":\"https:\/\/nid.pl\/wp-content\/uploads\/2022\/03\/Zdjecie-w-tle-FB.jpg\",\"datePublished\":\"2022-03-07T13:12:12+00:00\",\"dateModified\":\"2022-03-07T13:22:00+00:00\",\"description\":\"Apel prof. Piotra Gli\u0144skiego do UNESCO o wykluczenie Rosji z Komitetu \u015awiatowego Dziedzictwa\",\"breadcrumb\":{\"@id\":\"https:\/\/nid.pl\/2022\/03\/07\/apel-prof-piotra-glinskiego-do-unesco\/#breadcrumb\"},\"inLanguage\":\"en-GB\",\"potentialAction\":[{\"@type\":\"ReadAction\",\"target\":[\"https:\/\/nid.pl\/2022\/03\/07\/apel-prof-piotra-glinskiego-do-unesco\/\"]}]},{\"@type\":\"ImageObject\",\"inLanguage\":\"en-GB\",\"@id\":\"https:\/\/nid.pl\/2022\/03\/07\/apel-prof-piotra-glinskiego-do-unesco\/#primaryimage\",\"url\":\"https:\/\/nid.pl\/wp-content\/uploads\/2022\/03\/Zdjecie-w-tle-FB.jpg\",\"contentUrl\":\"https:\/\/nid.pl\/wp-content\/uploads\/2022\/03\/Zdjecie-w-tle-FB.jpg\",\"width\":1440,\"height\":810,\"caption\":\"Grafika tekst\\\"SolidarnizUkrain\u0105\\\",d\u0142o\u0144wge\u015bciepokojunatleukrai\u0144skiejflagi\"},{\"@type\":\"BreadcrumbList\",\"@id\":\"https:\/\/nid.pl\/2022\/03\/07\/apel-prof-piotra-glinskiego-do-unesco\/#breadcrumb\",\"itemListElement\":[{\"@type\":\"ListItem\",\"position\":1,\"name\":\"Home\",\"item\":\"https:\/\/nid.pl\/\"},{\"@type\":\"ListItem\",\"position\":2,\"name\":\"Apel prof. Piotra Gli\u0144skiego do UNESCO\"}]},{\"@type\":\"WebSite\",\"@id\":\"https:\/\/nid.pl\/#website\",\"url\":\"https:\/\/nid.pl\/\",\"name\":\"NID\",\"description\":\"Narodowy Instytut Dziedzictwa\",\"publisher\":{\"@id\":\"https:\/\/nid.pl\/#organization\"},\"potentialAction\":[{\"@type\":\"SearchAction\",\"target\":{\"@type\":\"EntryPoint\",\"urlTemplate\":\"https:\/\/nid.pl\/?s={search_term_string}\"},\"query-input\":{\"@type\":\"PropertyValueSpecification\",\"valueRequired\":true,\"valueName\":\"search_term_string\"}}],\"inLanguage\":\"en-GB\"},{\"@type\":\"Organization\",\"@id\":\"https:\/\/nid.pl\/#organization\",\"name\":\"Narodowy Instytut Dziedzictwa\",\"url\":\"https:\/\/nid.pl\/\",\"logo\":{\"@type\":\"ImageObject\",\"inLanguage\":\"en-GB\",\"@id\":\"https:\/\/nid.pl\/#\/schema\/logo\/image\/\",\"url\":\"https:\/\/nid.pl\/wp-content\/uploads\/2022\/10\/logoRedDark.png\",\"contentUrl\":\"https:\/\/nid.pl\/wp-content\/uploads\/2022\/10\/logoRedDark.png\",\"width\":200,\"height\":197,\"caption\":\"Narodowy Instytut Dziedzictwa\"},\"image\":{\"@id\":\"https:\/\/nid.pl\/#\/schema\/logo\/image\/\"},\"sameAs\":[\"https:\/\/www.facebook.com\/zabytek\",\"https:\/\/x.com\/NarIDpl\",\"https:\/\/www.instagram.com\/nid.pl\/?hl=pl\",\"https:\/\/www.linkedin.com\/company\/narodowy-instytut-dziedzictwa\",\"https:\/\/www.youtube.com\/channel\/UCQXuhKa2uHtmNvLRUSx40JA\"]},{\"@type\":\"Person\",\"@id\":\"https:\/\/nid.pl\/#\/schema\/person\/63074d6576b98de2c15b1d8543283f96\",\"name\":\"Paulina Soboniak\",\"image\":{\"@type\":\"ImageObject\",\"inLanguage\":\"en-GB\",\"@id\":\"https:\/\/nid.pl\/#\/schema\/person\/image\/\",\"url\":\"https:\/\/nid.pl\/wp-content\/litespeed\/avatar\/1d5bf3174a401c0cc1488d0950e56c05.jpg?ver=1777448390\",\"contentUrl\":\"https:\/\/nid.pl\/wp-content\/litespeed\/avatar\/1d5bf3174a401c0cc1488d0950e56c05.jpg?ver=1777448390\",\"caption\":\"Paulina Soboniak\"},\"url\":\"https:\/\/nid.pl\/en\/author\/psoboniak\/\"}]}<\/script>\n<!-- \/ Yoast SEO plugin. -->","yoast_head_json":{"title":"Apel prof. Piotra Gli\u0144skiego do UNESCO - NID","description":"Apel prof. Piotra Gli\u0144skiego do UNESCO o wykluczenie Rosji z Komitetu \u015awiatowego Dziedzictwa","robots":{"index":"index","follow":"follow","max-snippet":"max-snippet:-1","max-image-preview":"max-image-preview:large","max-video-preview":"max-video-preview:-1"},"canonical":"https:\/\/nid.pl\/en\/2022\/03\/07\/apel-prof-piotra-glinskiego-do-unesco\/","og_locale":"en_GB","og_type":"article","og_title":"Apel prof. Piotra Gli\u0144skiego do UNESCO - NID","og_description":"Apel prof. Piotra Gli\u0144skiego do UNESCO o wykluczenie Rosji z Komitetu \u015awiatowego Dziedzictwa","og_url":"https:\/\/nid.pl\/en\/2022\/03\/07\/apel-prof-piotra-glinskiego-do-unesco\/","og_site_name":"NID","article_publisher":"https:\/\/www.facebook.com\/zabytek","article_published_time":"2022-03-07T13:12:12+00:00","article_modified_time":"2022-03-07T13:22:00+00:00","og_image":[{"width":1440,"height":810,"url":"https:\/\/nid.pl\/wp-content\/uploads\/2022\/03\/Zdjecie-w-tle-FB.jpg","type":"image\/jpeg"}],"author":"Paulina Soboniak","twitter_card":"summary_large_image","twitter_creator":"@NarIDpl","twitter_site":"@NarIDpl","twitter_misc":{"Written by":"Paulina Soboniak","Estimated reading time":"1 minute"},"schema":{"@context":"https:\/\/schema.org","@graph":[{"@type":"Article","@id":"https:\/\/nid.pl\/2022\/03\/07\/apel-prof-piotra-glinskiego-do-unesco\/#article","isPartOf":{"@id":"https:\/\/nid.pl\/2022\/03\/07\/apel-prof-piotra-glinskiego-do-unesco\/"},"author":{"name":"Paulina Soboniak","@id":"https:\/\/nid.pl\/#\/schema\/person\/63074d6576b98de2c15b1d8543283f96"},"headline":"Apel prof. Piotra Gli\u0144skiego do UNESCO","datePublished":"2022-03-07T13:12:12+00:00","dateModified":"2022-03-07T13:22:00+00:00","mainEntityOfPage":{"@id":"https:\/\/nid.pl\/2022\/03\/07\/apel-prof-piotra-glinskiego-do-unesco\/"},"wordCount":126,"commentCount":0,"publisher":{"@id":"https:\/\/nid.pl\/#organization"},"image":{"@id":"https:\/\/nid.pl\/2022\/03\/07\/apel-prof-piotra-glinskiego-do-unesco\/#primaryimage"},"thumbnailUrl":"https:\/\/nid.pl\/wp-content\/uploads\/2022\/03\/Zdjecie-w-tle-FB.jpg","articleSection":["Aktualno\u015bci"],"inLanguage":"en-GB"},{"@type":"WebPage","@id":"https:\/\/nid.pl\/2022\/03\/07\/apel-prof-piotra-glinskiego-do-unesco\/","url":"https:\/\/nid.pl\/2022\/03\/07\/apel-prof-piotra-glinskiego-do-unesco\/","name":"Apel prof. Piotra Gli\u0144skiego do UNESCO - NID","isPartOf":{"@id":"https:\/\/nid.pl\/#website"},"primaryImageOfPage":{"@id":"https:\/\/nid.pl\/2022\/03\/07\/apel-prof-piotra-glinskiego-do-unesco\/#primaryimage"},"image":{"@id":"https:\/\/nid.pl\/2022\/03\/07\/apel-prof-piotra-glinskiego-do-unesco\/#primaryimage"},"thumbnailUrl":"https:\/\/nid.pl\/wp-content\/uploads\/2022\/03\/Zdjecie-w-tle-FB.jpg","datePublished":"2022-03-07T13:12:12+00:00","dateModified":"2022-03-07T13:22:00+00:00","description":"Apel prof. Piotra Gli\u0144skiego do UNESCO o wykluczenie Rosji z Komitetu \u015awiatowego Dziedzictwa","breadcrumb":{"@id":"https:\/\/nid.pl\/2022\/03\/07\/apel-prof-piotra-glinskiego-do-unesco\/#breadcrumb"},"inLanguage":"en-GB","potentialAction":[{"@type":"ReadAction","target":["https:\/\/nid.pl\/2022\/03\/07\/apel-prof-piotra-glinskiego-do-unesco\/"]}]},{"@type":"ImageObject","inLanguage":"en-GB","@id":"https:\/\/nid.pl\/2022\/03\/07\/apel-prof-piotra-glinskiego-do-unesco\/#primaryimage","url":"https:\/\/nid.pl\/wp-content\/uploads\/2022\/03\/Zdjecie-w-tle-FB.jpg","contentUrl":"https:\/\/nid.pl\/wp-content\/uploads\/2022\/03\/Zdjecie-w-tle-FB.jpg","width":1440,"height":810,"caption":"Grafika tekst\"SolidarnizUkrain\u0105\",d\u0142o\u0144wge\u015bciepokojunatleukrai\u0144skiejflagi"},{"@type":"BreadcrumbList","@id":"https:\/\/nid.pl\/2022\/03\/07\/apel-prof-piotra-glinskiego-do-unesco\/#breadcrumb","itemListElement":[{"@type":"ListItem","position":1,"name":"Home","item":"https:\/\/nid.pl\/"},{"@type":"ListItem","position":2,"name":"Apel prof. Piotra Gli\u0144skiego do UNESCO"}]},{"@type":"WebSite","@id":"https:\/\/nid.pl\/#website","url":"https:\/\/nid.pl\/","name":"NID","description":"Narodowy Instytut Dziedzictwa","publisher":{"@id":"https:\/\/nid.pl\/#organization"},"potentialAction":[{"@type":"SearchAction","target":{"@type":"EntryPoint","urlTemplate":"https:\/\/nid.pl\/?s={search_term_string}"},"query-input":{"@type":"PropertyValueSpecification","valueRequired":true,"valueName":"search_term_string"}}],"inLanguage":"en-GB"},{"@type":"Organization","@id":"https:\/\/nid.pl\/#organization","name":"Narodowy Instytut Dziedzictwa","url":"https:\/\/nid.pl\/","logo":{"@type":"ImageObject","inLanguage":"en-GB","@id":"https:\/\/nid.pl\/#\/schema\/logo\/image\/","url":"https:\/\/nid.pl\/wp-content\/uploads\/2022\/10\/logoRedDark.png","contentUrl":"https:\/\/nid.pl\/wp-content\/uploads\/2022\/10\/logoRedDark.png","width":200,"height":197,"caption":"Narodowy Instytut Dziedzictwa"},"image":{"@id":"https:\/\/nid.pl\/#\/schema\/logo\/image\/"},"sameAs":["https:\/\/www.facebook.com\/zabytek","https:\/\/x.com\/NarIDpl","https:\/\/www.instagram.com\/nid.pl\/?hl=pl","https:\/\/www.linkedin.com\/company\/narodowy-instytut-dziedzictwa","https:\/\/www.youtube.com\/channel\/UCQXuhKa2uHtmNvLRUSx40JA"]},{"@type":"Person","@id":"https:\/\/nid.pl\/#\/schema\/person\/63074d6576b98de2c15b1d8543283f96","name":"Paulina Soboniak","image":{"@type":"ImageObject","inLanguage":"en-GB","@id":"https:\/\/nid.pl\/#\/schema\/person\/image\/","url":"https:\/\/nid.pl\/wp-content\/litespeed\/avatar\/1d5bf3174a401c0cc1488d0950e56c05.jpg?ver=1777448390","contentUrl":"https:\/\/nid.pl\/wp-content\/litespeed\/avatar\/1d5bf3174a401c0cc1488d0950e56c05.jpg?ver=1777448390","caption":"Paulina Soboniak"},"url":"https:\/\/nid.pl\/en\/author\/psoboniak\/"}]}},"_links":{"self":[{"href":"https:\/\/nid.pl\/en\/wp-json\/wp\/v2\/posts\/5552","targetHints":{"allow":["GET"]}}],"collection":[{"href":"https:\/\/nid.pl\/en\/wp-json\/wp\/v2\/posts"}],"about":[{"href":"https:\/\/nid.pl\/en\/wp-json\/wp\/v2\/types\/post"}],"author":[{"embeddable":true,"href":"https:\/\/nid.pl\/en\/wp-json\/wp\/v2\/users\/3"}],"replies":[{"embeddable":true,"href":"https:\/\/nid.pl\/en\/wp-json\/wp\/v2\/comments?post=5552"}],"version-history":[{"count":0,"href":"https:\/\/nid.pl\/en\/wp-json\/wp\/v2\/posts\/5552\/revisions"}],"wp:featuredmedia":[{"embeddable":true,"href":"https:\/\/nid.pl\/en\/wp-json\/wp\/v2\/media\/5553"}],"wp:attachment":[{"href":"https:\/\/nid.pl\/en\/wp-json\/wp\/v2\/media?parent=5552"}],"wp:term":[{"taxonomy":"category","embeddable":true,"href":"https:\/\/nid.pl\/en\/wp-json\/wp\/v2\/categories?post=5552"},{"taxonomy":"post_tag","embeddable":true,"href":"https:\/\/nid.pl\/en\/wp-json\/wp\/v2\/tags?post=5552"}],"curies":[{"name":"wp","href":"https:\/\/api.w.org\/{rel}","templated":true}]}}