{"id":5386,"date":"2022-02-21T16:37:20","date_gmt":"2022-02-21T15:37:20","guid":{"rendered":"https:\/\/nid.pl\/?p=5386"},"modified":"2023-08-24T14:06:00","modified_gmt":"2023-08-24T12:06:00","slug":"europejskie-dni-dziedzictwa-2022-polaczeni-dziedzictwem","status":"publish","type":"post","link":"https:\/\/nid.pl\/en\/2022\/02\/21\/europejskie-dni-dziedzictwa-2022-polaczeni-dziedzictwem\/","title":{"rendered":"Europejskie Dni Dziedzictwa 2022 &#8211; &#8220;Po\u0142\u0105czeni dziedzictwem&#8221;"},"content":{"rendered":"<p><strong>Europejskie Dni Dziedzictwa odb\u0119d\u0105 si\u0119 po raz 30.! Jubileuszowa edycja pod has\u0142em \u201ePo\u0142\u0105czeni dziedzictwem\u201d rozpocznie si\u0119 10 wrze\u015bnia 2022 r.<\/strong><\/p>\n\n\n\n<p>Spo\u0142ecze\u0144stwo jednoczy si\u0119 wok\u00f3\u0142 wsp\u00f3lnych warto\u015bci. Ich no\u015bnikiem jest dziedzictwo kulturowe, czyli zas\u00f3b odziedziczony po poprzednich pokoleniach &#8211; przedmioty i obiekty, tradycje, wierzenia, warto\u015bci i wiedza. Dziedzictwo kulturowe daje poczucie to\u017csamo\u015bci i wi\u0119zi. Jednak, aby ta wi\u0119\u017a mog\u0142a zaistnie\u0107, niezb\u0119dna jest komunikacja \u2013 mo\u017cliwo\u015b\u0107 przekazania idei i warto\u015bci na odleg\u0142o\u015b\u0107, zar\u00f3wno w przestrzeni, jak i w czasie.&nbsp;Dlatego tegoroczne has\u0142o Europejskich Dni Dziedzictwa to &#8220;Po\u0142\u0105czeni dziedzictwem&#8221;.<\/p>\n\n\n\n<p>Poczucie przynale\u017cno\u015bci do grupy jest jedn\u0105 z najistotniejszych potrzeb cz\u0142owieka. Dlatego tradycyjne prace gospodarskie czy obchody \u015bwi\u0105teczne cz\u0119sto stanowi\u0142y okazje do opowiadania historii i sprawia\u0142y, \u017ce s\u0142uchacze budowali poczucie wi\u0119zi nie tylko ze sob\u0105 nawzajem, ale te\u017c z przesz\u0142o\u015bci\u0105. Komunikacja to tak\u017ce szlaki handlowe, sposoby podr\u00f3\u017cowania i zabytki techniki (telegraf, telefon).<\/p>\n\n\n\n<p>Tegoroczny temat Europejskich Dni Dziedzictwa wpisuje si\u0119 w przes\u0142anie Konwencji Ramowej Rady Europy o warto\u015bci dziedzictwa kulturowego dla spo\u0142ecze\u0144stwa, zwanej Konwencj\u0105 z Faro, ratyfikowanej przez Polsk\u0119 w 2021 r.<\/p>\n\n\n\n<p><strong>W 2022 r. wydarzenia w ramach EDD odb\u0119d\u0105 si\u0119 w dwa weekendy \u2013 10 i 11 oraz 17 i 18 \u2013 wrze\u015bnia<\/strong> <strong>na terenie ca\u0142ej Polski.<\/strong><\/p>\n\n\n\n<p>Europejskie Dni Dziedzictwa to cykliczny projekt kulturalny, spo\u0142eczny i edukacyjny. Jego celem jest edukacja historyczna i kulturalna, promowanie r\u00f3\u017cnorodno\u015bci regionalnego dziedzictwa kulturowego, podkre\u015blenie wsp\u00f3lnych korzeni kultury europejskiej oraz propagowanie dialogu mi\u0119dzykulturowego. Narodowy Instytut Dziedzictwa jest og\u00f3lnopolskim koordynatorem Europejskich Dni Dziedzictwa. <\/p>\n\n\n\n<p>Wi\u0119cej informacji: <\/p>\n\n\n\n<p><a href=\"https:\/\/nid.pl\/en\/europejskie-dni-dziedzictwa\/\">Europejskie Dni Dziedzictwa<\/a><\/p>\n\n\n\n<p><a href=\"https:\/\/edd.nid.pl\/\">https:\/\/edd.nid.pl\/<\/a><\/p>","protected":false},"excerpt":{"rendered":"<p>Europejskie Dni Dziedzictwa odb\u0119d\u0105 si\u0119 po raz 30.! Jubileuszowa edycja pod has\u0142em \u201ePo\u0142\u0105czeni dziedzictwem\u201d rozpocznie si\u0119 10 wrze\u015bnia 2022 r. Spo\u0142ecze\u0144stwo jednoczy si\u0119 wok\u00f3\u0142 wsp\u00f3lnych warto\u015bci. Ich no\u015bnikiem jest dziedzictwo [&hellip;]<\/p>","protected":false},"author":3,"featured_media":5389,"comment_status":"open","ping_status":"open","sticky":false,"template":"","format":"standard","meta":{"_et_pb_use_builder":"","_et_pb_old_content":"","_et_gb_content_width":"","_monsterinsights_skip_tracking":false,"_monsterinsights_sitenote_active":false,"_monsterinsights_sitenote_note":"","_monsterinsights_sitenote_category":0,"footnotes":""},"categories":[3,89],"tags":[],"class_list":["post-5386","post","type-post","status-publish","format-standard","has-post-thumbnail","hentry","category-aktualnosci","category-europejskie-dni-dziedzictwa"],"yoast_head":"<!-- This site is optimized with the Yoast SEO plugin v26.5 - https:\/\/yoast.com\/wordpress\/plugins\/seo\/ -->\n<title>Europejskie Dni Dziedzictwa 2022 - &quot;Po\u0142\u0105czeni dziedzictwem&quot; - NID<\/title>\n<meta name=\"description\" content=\"Europejskie Dni Dziedzictwa - 30. edycja pod has\u0142em \u201ePo\u0142\u0105czeni dziedzictwem\u201d! 10 i 11 oraz 17 i 18 \u2013 wrze\u015bnia 2022 r. w ca\u0142ej Polsce!\" \/>\n<meta name=\"robots\" content=\"index, follow, max-snippet:-1, max-image-preview:large, max-video-preview:-1\" \/>\n<link rel=\"canonical\" href=\"https:\/\/nid.pl\/en\/2022\/02\/21\/europejskie-dni-dziedzictwa-2022-polaczeni-dziedzictwem\/\" \/>\n<meta property=\"og:locale\" content=\"en_GB\" \/>\n<meta property=\"og:type\" content=\"article\" \/>\n<meta property=\"og:title\" content=\"Europejskie Dni Dziedzictwa 2022 - &quot;Po\u0142\u0105czeni dziedzictwem&quot; - NID\" \/>\n<meta property=\"og:description\" content=\"Europejskie Dni Dziedzictwa - 30. edycja pod has\u0142em \u201ePo\u0142\u0105czeni dziedzictwem\u201d! 10 i 11 oraz 17 i 18 \u2013 wrze\u015bnia 2022 r. w ca\u0142ej Polsce!\" \/>\n<meta property=\"og:url\" content=\"https:\/\/nid.pl\/en\/2022\/02\/21\/europejskie-dni-dziedzictwa-2022-polaczeni-dziedzictwem\/\" \/>\n<meta property=\"og:site_name\" content=\"NID\" \/>\n<meta property=\"article:publisher\" content=\"https:\/\/www.facebook.com\/zabytek\" \/>\n<meta property=\"article:published_time\" content=\"2022-02-21T15:37:20+00:00\" \/>\n<meta property=\"article:modified_time\" content=\"2023-08-24T12:06:00+00:00\" \/>\n<meta property=\"og:image\" content=\"https:\/\/nid.pl\/wp-content\/uploads\/2022\/02\/EDD-na-strone_z-logo.jpg\" \/>\n\t<meta property=\"og:image:width\" content=\"850\" \/>\n\t<meta property=\"og:image:height\" content=\"440\" \/>\n\t<meta property=\"og:image:type\" content=\"image\/jpeg\" \/>\n<meta name=\"author\" content=\"Paulina Soboniak\" \/>\n<meta name=\"twitter:card\" content=\"summary_large_image\" \/>\n<meta name=\"twitter:creator\" content=\"@NarIDpl\" \/>\n<meta name=\"twitter:site\" content=\"@NarIDpl\" \/>\n<meta name=\"twitter:label1\" content=\"Written by\" \/>\n\t<meta name=\"twitter:data1\" content=\"Paulina Soboniak\" \/>\n\t<meta name=\"twitter:label2\" content=\"Estimated reading time\" \/>\n\t<meta name=\"twitter:data2\" content=\"2 minutes\" \/>\n<script type=\"application\/ld+json\" class=\"yoast-schema-graph\">{\"@context\":\"https:\/\/schema.org\",\"@graph\":[{\"@type\":\"Article\",\"@id\":\"https:\/\/nid.pl\/2022\/02\/21\/europejskie-dni-dziedzictwa-2022-polaczeni-dziedzictwem\/#article\",\"isPartOf\":{\"@id\":\"https:\/\/nid.pl\/2022\/02\/21\/europejskie-dni-dziedzictwa-2022-polaczeni-dziedzictwem\/\"},\"author\":{\"name\":\"Paulina Soboniak\",\"@id\":\"https:\/\/nid.pl\/#\/schema\/person\/63074d6576b98de2c15b1d8543283f96\"},\"headline\":\"Europejskie Dni Dziedzictwa 2022 &#8211; &#8220;Po\u0142\u0105czeni dziedzictwem&#8221;\",\"datePublished\":\"2022-02-21T15:37:20+00:00\",\"dateModified\":\"2023-08-24T12:06:00+00:00\",\"mainEntityOfPage\":{\"@id\":\"https:\/\/nid.pl\/2022\/02\/21\/europejskie-dni-dziedzictwa-2022-polaczeni-dziedzictwem\/\"},\"wordCount\":287,\"commentCount\":0,\"publisher\":{\"@id\":\"https:\/\/nid.pl\/#organization\"},\"image\":{\"@id\":\"https:\/\/nid.pl\/2022\/02\/21\/europejskie-dni-dziedzictwa-2022-polaczeni-dziedzictwem\/#primaryimage\"},\"thumbnailUrl\":\"https:\/\/nid.pl\/wp-content\/uploads\/2022\/02\/EDD-na-strone_z-logo.jpg\",\"articleSection\":[\"Aktualno\u015bci\",\"EDD\"],\"inLanguage\":\"en-GB\"},{\"@type\":\"WebPage\",\"@id\":\"https:\/\/nid.pl\/2022\/02\/21\/europejskie-dni-dziedzictwa-2022-polaczeni-dziedzictwem\/\",\"url\":\"https:\/\/nid.pl\/2022\/02\/21\/europejskie-dni-dziedzictwa-2022-polaczeni-dziedzictwem\/\",\"name\":\"Europejskie Dni Dziedzictwa 2022 - \\\"Po\u0142\u0105czeni dziedzictwem\\\" - NID\",\"isPartOf\":{\"@id\":\"https:\/\/nid.pl\/#website\"},\"primaryImageOfPage\":{\"@id\":\"https:\/\/nid.pl\/2022\/02\/21\/europejskie-dni-dziedzictwa-2022-polaczeni-dziedzictwem\/#primaryimage\"},\"image\":{\"@id\":\"https:\/\/nid.pl\/2022\/02\/21\/europejskie-dni-dziedzictwa-2022-polaczeni-dziedzictwem\/#primaryimage\"},\"thumbnailUrl\":\"https:\/\/nid.pl\/wp-content\/uploads\/2022\/02\/EDD-na-strone_z-logo.jpg\",\"datePublished\":\"2022-02-21T15:37:20+00:00\",\"dateModified\":\"2023-08-24T12:06:00+00:00\",\"description\":\"Europejskie Dni Dziedzictwa - 30. edycja pod has\u0142em \u201ePo\u0142\u0105czeni dziedzictwem\u201d! 10 i 11 oraz 17 i 18 \u2013 wrze\u015bnia 2022 r. w ca\u0142ej Polsce!\",\"breadcrumb\":{\"@id\":\"https:\/\/nid.pl\/2022\/02\/21\/europejskie-dni-dziedzictwa-2022-polaczeni-dziedzictwem\/#breadcrumb\"},\"inLanguage\":\"en-GB\",\"potentialAction\":[{\"@type\":\"ReadAction\",\"target\":[\"https:\/\/nid.pl\/2022\/02\/21\/europejskie-dni-dziedzictwa-2022-polaczeni-dziedzictwem\/\"]}]},{\"@type\":\"ImageObject\",\"inLanguage\":\"en-GB\",\"@id\":\"https:\/\/nid.pl\/2022\/02\/21\/europejskie-dni-dziedzictwa-2022-polaczeni-dziedzictwem\/#primaryimage\",\"url\":\"https:\/\/nid.pl\/wp-content\/uploads\/2022\/02\/EDD-na-strone_z-logo.jpg\",\"contentUrl\":\"https:\/\/nid.pl\/wp-content\/uploads\/2022\/02\/EDD-na-strone_z-logo.jpg\",\"width\":850,\"height\":440,\"caption\":\"Grafika Europejskich Dni Dziedzictwa\"},{\"@type\":\"BreadcrumbList\",\"@id\":\"https:\/\/nid.pl\/2022\/02\/21\/europejskie-dni-dziedzictwa-2022-polaczeni-dziedzictwem\/#breadcrumb\",\"itemListElement\":[{\"@type\":\"ListItem\",\"position\":1,\"name\":\"Home\",\"item\":\"https:\/\/nid.pl\/\"},{\"@type\":\"ListItem\",\"position\":2,\"name\":\"Europejskie Dni Dziedzictwa 2022 &#8211; &#8220;Po\u0142\u0105czeni dziedzictwem&#8221;\"}]},{\"@type\":\"WebSite\",\"@id\":\"https:\/\/nid.pl\/#website\",\"url\":\"https:\/\/nid.pl\/\",\"name\":\"NID\",\"description\":\"Narodowy Instytut Dziedzictwa\",\"publisher\":{\"@id\":\"https:\/\/nid.pl\/#organization\"},\"potentialAction\":[{\"@type\":\"SearchAction\",\"target\":{\"@type\":\"EntryPoint\",\"urlTemplate\":\"https:\/\/nid.pl\/?s={search_term_string}\"},\"query-input\":{\"@type\":\"PropertyValueSpecification\",\"valueRequired\":true,\"valueName\":\"search_term_string\"}}],\"inLanguage\":\"en-GB\"},{\"@type\":\"Organization\",\"@id\":\"https:\/\/nid.pl\/#organization\",\"name\":\"Narodowy Instytut Dziedzictwa\",\"url\":\"https:\/\/nid.pl\/\",\"logo\":{\"@type\":\"ImageObject\",\"inLanguage\":\"en-GB\",\"@id\":\"https:\/\/nid.pl\/#\/schema\/logo\/image\/\",\"url\":\"https:\/\/nid.pl\/wp-content\/uploads\/2022\/10\/logoRedDark.png\",\"contentUrl\":\"https:\/\/nid.pl\/wp-content\/uploads\/2022\/10\/logoRedDark.png\",\"width\":200,\"height\":197,\"caption\":\"Narodowy Instytut Dziedzictwa\"},\"image\":{\"@id\":\"https:\/\/nid.pl\/#\/schema\/logo\/image\/\"},\"sameAs\":[\"https:\/\/www.facebook.com\/zabytek\",\"https:\/\/x.com\/NarIDpl\",\"https:\/\/www.instagram.com\/nid.pl\/?hl=pl\",\"https:\/\/www.linkedin.com\/company\/narodowy-instytut-dziedzictwa\",\"https:\/\/www.youtube.com\/channel\/UCQXuhKa2uHtmNvLRUSx40JA\"]},{\"@type\":\"Person\",\"@id\":\"https:\/\/nid.pl\/#\/schema\/person\/63074d6576b98de2c15b1d8543283f96\",\"name\":\"Paulina Soboniak\",\"image\":{\"@type\":\"ImageObject\",\"inLanguage\":\"en-GB\",\"@id\":\"https:\/\/nid.pl\/#\/schema\/person\/image\/\",\"url\":\"https:\/\/nid.pl\/wp-content\/litespeed\/avatar\/1d5bf3174a401c0cc1488d0950e56c05.jpg?ver=1777448390\",\"contentUrl\":\"https:\/\/nid.pl\/wp-content\/litespeed\/avatar\/1d5bf3174a401c0cc1488d0950e56c05.jpg?ver=1777448390\",\"caption\":\"Paulina Soboniak\"},\"url\":\"https:\/\/nid.pl\/en\/author\/psoboniak\/\"}]}<\/script>\n<!-- \/ Yoast SEO plugin. -->","yoast_head_json":{"title":"Europejskie Dni Dziedzictwa 2022 - \"Po\u0142\u0105czeni dziedzictwem\" - NID","description":"Europejskie Dni Dziedzictwa - 30. edycja pod has\u0142em \u201ePo\u0142\u0105czeni dziedzictwem\u201d! 10 i 11 oraz 17 i 18 \u2013 wrze\u015bnia 2022 r. w ca\u0142ej Polsce!","robots":{"index":"index","follow":"follow","max-snippet":"max-snippet:-1","max-image-preview":"max-image-preview:large","max-video-preview":"max-video-preview:-1"},"canonical":"https:\/\/nid.pl\/en\/2022\/02\/21\/europejskie-dni-dziedzictwa-2022-polaczeni-dziedzictwem\/","og_locale":"en_GB","og_type":"article","og_title":"Europejskie Dni Dziedzictwa 2022 - \"Po\u0142\u0105czeni dziedzictwem\" - NID","og_description":"Europejskie Dni Dziedzictwa - 30. edycja pod has\u0142em \u201ePo\u0142\u0105czeni dziedzictwem\u201d! 10 i 11 oraz 17 i 18 \u2013 wrze\u015bnia 2022 r. w ca\u0142ej Polsce!","og_url":"https:\/\/nid.pl\/en\/2022\/02\/21\/europejskie-dni-dziedzictwa-2022-polaczeni-dziedzictwem\/","og_site_name":"NID","article_publisher":"https:\/\/www.facebook.com\/zabytek","article_published_time":"2022-02-21T15:37:20+00:00","article_modified_time":"2023-08-24T12:06:00+00:00","og_image":[{"width":850,"height":440,"url":"https:\/\/nid.pl\/wp-content\/uploads\/2022\/02\/EDD-na-strone_z-logo.jpg","type":"image\/jpeg"}],"author":"Paulina Soboniak","twitter_card":"summary_large_image","twitter_creator":"@NarIDpl","twitter_site":"@NarIDpl","twitter_misc":{"Written by":"Paulina Soboniak","Estimated reading time":"2 minutes"},"schema":{"@context":"https:\/\/schema.org","@graph":[{"@type":"Article","@id":"https:\/\/nid.pl\/2022\/02\/21\/europejskie-dni-dziedzictwa-2022-polaczeni-dziedzictwem\/#article","isPartOf":{"@id":"https:\/\/nid.pl\/2022\/02\/21\/europejskie-dni-dziedzictwa-2022-polaczeni-dziedzictwem\/"},"author":{"name":"Paulina Soboniak","@id":"https:\/\/nid.pl\/#\/schema\/person\/63074d6576b98de2c15b1d8543283f96"},"headline":"Europejskie Dni Dziedzictwa 2022 &#8211; &#8220;Po\u0142\u0105czeni dziedzictwem&#8221;","datePublished":"2022-02-21T15:37:20+00:00","dateModified":"2023-08-24T12:06:00+00:00","mainEntityOfPage":{"@id":"https:\/\/nid.pl\/2022\/02\/21\/europejskie-dni-dziedzictwa-2022-polaczeni-dziedzictwem\/"},"wordCount":287,"commentCount":0,"publisher":{"@id":"https:\/\/nid.pl\/#organization"},"image":{"@id":"https:\/\/nid.pl\/2022\/02\/21\/europejskie-dni-dziedzictwa-2022-polaczeni-dziedzictwem\/#primaryimage"},"thumbnailUrl":"https:\/\/nid.pl\/wp-content\/uploads\/2022\/02\/EDD-na-strone_z-logo.jpg","articleSection":["Aktualno\u015bci","EDD"],"inLanguage":"en-GB"},{"@type":"WebPage","@id":"https:\/\/nid.pl\/2022\/02\/21\/europejskie-dni-dziedzictwa-2022-polaczeni-dziedzictwem\/","url":"https:\/\/nid.pl\/2022\/02\/21\/europejskie-dni-dziedzictwa-2022-polaczeni-dziedzictwem\/","name":"Europejskie Dni Dziedzictwa 2022 - \"Po\u0142\u0105czeni dziedzictwem\" - NID","isPartOf":{"@id":"https:\/\/nid.pl\/#website"},"primaryImageOfPage":{"@id":"https:\/\/nid.pl\/2022\/02\/21\/europejskie-dni-dziedzictwa-2022-polaczeni-dziedzictwem\/#primaryimage"},"image":{"@id":"https:\/\/nid.pl\/2022\/02\/21\/europejskie-dni-dziedzictwa-2022-polaczeni-dziedzictwem\/#primaryimage"},"thumbnailUrl":"https:\/\/nid.pl\/wp-content\/uploads\/2022\/02\/EDD-na-strone_z-logo.jpg","datePublished":"2022-02-21T15:37:20+00:00","dateModified":"2023-08-24T12:06:00+00:00","description":"Europejskie Dni Dziedzictwa - 30. edycja pod has\u0142em \u201ePo\u0142\u0105czeni dziedzictwem\u201d! 10 i 11 oraz 17 i 18 \u2013 wrze\u015bnia 2022 r. w ca\u0142ej Polsce!","breadcrumb":{"@id":"https:\/\/nid.pl\/2022\/02\/21\/europejskie-dni-dziedzictwa-2022-polaczeni-dziedzictwem\/#breadcrumb"},"inLanguage":"en-GB","potentialAction":[{"@type":"ReadAction","target":["https:\/\/nid.pl\/2022\/02\/21\/europejskie-dni-dziedzictwa-2022-polaczeni-dziedzictwem\/"]}]},{"@type":"ImageObject","inLanguage":"en-GB","@id":"https:\/\/nid.pl\/2022\/02\/21\/europejskie-dni-dziedzictwa-2022-polaczeni-dziedzictwem\/#primaryimage","url":"https:\/\/nid.pl\/wp-content\/uploads\/2022\/02\/EDD-na-strone_z-logo.jpg","contentUrl":"https:\/\/nid.pl\/wp-content\/uploads\/2022\/02\/EDD-na-strone_z-logo.jpg","width":850,"height":440,"caption":"Grafika Europejskich Dni Dziedzictwa"},{"@type":"BreadcrumbList","@id":"https:\/\/nid.pl\/2022\/02\/21\/europejskie-dni-dziedzictwa-2022-polaczeni-dziedzictwem\/#breadcrumb","itemListElement":[{"@type":"ListItem","position":1,"name":"Home","item":"https:\/\/nid.pl\/"},{"@type":"ListItem","position":2,"name":"Europejskie Dni Dziedzictwa 2022 &#8211; &#8220;Po\u0142\u0105czeni dziedzictwem&#8221;"}]},{"@type":"WebSite","@id":"https:\/\/nid.pl\/#website","url":"https:\/\/nid.pl\/","name":"NID","description":"Narodowy Instytut Dziedzictwa","publisher":{"@id":"https:\/\/nid.pl\/#organization"},"potentialAction":[{"@type":"SearchAction","target":{"@type":"EntryPoint","urlTemplate":"https:\/\/nid.pl\/?s={search_term_string}"},"query-input":{"@type":"PropertyValueSpecification","valueRequired":true,"valueName":"search_term_string"}}],"inLanguage":"en-GB"},{"@type":"Organization","@id":"https:\/\/nid.pl\/#organization","name":"Narodowy Instytut Dziedzictwa","url":"https:\/\/nid.pl\/","logo":{"@type":"ImageObject","inLanguage":"en-GB","@id":"https:\/\/nid.pl\/#\/schema\/logo\/image\/","url":"https:\/\/nid.pl\/wp-content\/uploads\/2022\/10\/logoRedDark.png","contentUrl":"https:\/\/nid.pl\/wp-content\/uploads\/2022\/10\/logoRedDark.png","width":200,"height":197,"caption":"Narodowy Instytut Dziedzictwa"},"image":{"@id":"https:\/\/nid.pl\/#\/schema\/logo\/image\/"},"sameAs":["https:\/\/www.facebook.com\/zabytek","https:\/\/x.com\/NarIDpl","https:\/\/www.instagram.com\/nid.pl\/?hl=pl","https:\/\/www.linkedin.com\/company\/narodowy-instytut-dziedzictwa","https:\/\/www.youtube.com\/channel\/UCQXuhKa2uHtmNvLRUSx40JA"]},{"@type":"Person","@id":"https:\/\/nid.pl\/#\/schema\/person\/63074d6576b98de2c15b1d8543283f96","name":"Paulina Soboniak","image":{"@type":"ImageObject","inLanguage":"en-GB","@id":"https:\/\/nid.pl\/#\/schema\/person\/image\/","url":"https:\/\/nid.pl\/wp-content\/litespeed\/avatar\/1d5bf3174a401c0cc1488d0950e56c05.jpg?ver=1777448390","contentUrl":"https:\/\/nid.pl\/wp-content\/litespeed\/avatar\/1d5bf3174a401c0cc1488d0950e56c05.jpg?ver=1777448390","caption":"Paulina Soboniak"},"url":"https:\/\/nid.pl\/en\/author\/psoboniak\/"}]}},"_links":{"self":[{"href":"https:\/\/nid.pl\/en\/wp-json\/wp\/v2\/posts\/5386","targetHints":{"allow":["GET"]}}],"collection":[{"href":"https:\/\/nid.pl\/en\/wp-json\/wp\/v2\/posts"}],"about":[{"href":"https:\/\/nid.pl\/en\/wp-json\/wp\/v2\/types\/post"}],"author":[{"embeddable":true,"href":"https:\/\/nid.pl\/en\/wp-json\/wp\/v2\/users\/3"}],"replies":[{"embeddable":true,"href":"https:\/\/nid.pl\/en\/wp-json\/wp\/v2\/comments?post=5386"}],"version-history":[{"count":0,"href":"https:\/\/nid.pl\/en\/wp-json\/wp\/v2\/posts\/5386\/revisions"}],"wp:featuredmedia":[{"embeddable":true,"href":"https:\/\/nid.pl\/en\/wp-json\/wp\/v2\/media\/5389"}],"wp:attachment":[{"href":"https:\/\/nid.pl\/en\/wp-json\/wp\/v2\/media?parent=5386"}],"wp:term":[{"taxonomy":"category","embeddable":true,"href":"https:\/\/nid.pl\/en\/wp-json\/wp\/v2\/categories?post=5386"},{"taxonomy":"post_tag","embeddable":true,"href":"https:\/\/nid.pl\/en\/wp-json\/wp\/v2\/tags?post=5386"}],"curies":[{"name":"wp","href":"https:\/\/api.w.org\/{rel}","templated":true}]}}