{"id":4590,"date":"2021-12-13T11:01:00","date_gmt":"2021-12-13T10:01:00","guid":{"rendered":"https:\/\/nid.pl\/?p=4590"},"modified":"2022-04-05T12:14:28","modified_gmt":"2022-04-05T10:14:28","slug":"twoj-dom-dialog-z-tradycja-dla-woj-podlaskiego-rozstrzygniety","status":"publish","type":"post","link":"https:\/\/nid.pl\/en\/2021\/12\/13\/twoj-dom-dialog-z-tradycja-dla-woj-podlaskiego-rozstrzygniety\/","title":{"rendered":"&#8220;Tw\u00f3j dom \u2013 dialog z tradycj\u0105&#8221; dla woj. podlaskiego rozstrzygni\u0119ty!"},"content":{"rendered":"<p>[et_pb_section fb_built=&#8221;1&#8243; admin_label=&#8221;section&#8221; _builder_version=&#8221;3.22&#8243; global_colors_info=&#8221;{}&#8221; theme_builder_area=&#8221;post_content&#8221;][et_pb_row admin_label=&#8221;row&#8221; _builder_version=&#8221;3.25&#8243; background_size=&#8221;initial&#8221; background_position=&#8221;top_left&#8221; background_repeat=&#8221;repeat&#8221; global_colors_info=&#8221;{}&#8221; theme_builder_area=&#8221;post_content&#8221;][et_pb_column type=&#8221;4_4&#8243; _builder_version=&#8221;3.25&#8243; custom_padding=&#8221;|||&#8221; global_colors_info=&#8221;{}&#8221; custom_padding__hover=&#8221;|||&#8221; theme_builder_area=&#8221;post_content&#8221;][et_pb_text admin_label=&#8221;Text&#8221; _builder_version=&#8221;4.7.4&#8243; background_size=&#8221;initial&#8221; background_position=&#8221;top_left&#8221; background_repeat=&#8221;repeat&#8221; global_colors_info=&#8221;{}&#8221; theme_builder_area=&#8221;post_content&#8221;]<\/p>\n<p><b>Znamy zwyci\u0119zc\u00f3w konkursu \u201eTw\u00f3j dom \u2013 dialog z tradycj\u0105\u201d dla woj. podlaskiego. 13 grudnia na Wydziale Architektury Politechniki Bia\u0142ostockiej odby\u0142o si\u0119 wr\u0119czenie nagr\u00f3d autorom najlepszych projekt\u00f3w dom\u00f3w jednorodzinnych \u0142\u0105cz\u0105cych tradycj\u0119 budownictwa Podlasia z wzorcami wsp\u00f3\u0142czesnej jednorodzinnej zabudowy. Nagrodzone projekty zostan\u0105 przeznaczone do sprzeda\u017cy. Kontynuacja konkursu ju\u017c w 2022 roku!<\/b><span><\/span><\/p>\n<p><span>Nadszed\u0142 czas na podsumowanie dyskusji nad architektur\u0105 wojew\u00f3dztwa podlaskiego. S\u0105d konkursu \u201eTw\u00f3j dom \u2013 dialog z tradycj\u0105\u201d wy\u0142oni\u0142 autor\u00f3w najlepszych projekt\u00f3w architektoniczno-budowlanych wolnostoj\u0105cych dom\u00f3w jednorodzinnych. Nagrodzone projekty wpisuj\u0105 si\u0119 w tradycyjny, wiejski i podmiejski krajobraz kulturowy wojew\u00f3dztwa podlaskiego. Jury doceni\u0142o m. in. wpisanie projekt\u00f3w w otoczenie, uniwersalne rozwi\u0105zania, dba\u0142o\u015b\u0107 o krajobraz kulturowy, tradycyjne detale, funkcjonalno\u015b\u0107 projekt\u00f3w oraz rozwi\u0105zania ekologiczne.<\/span><\/p>\n<p><b>Autorzy najlepszych projekt\u00f3w w kategorii profesjonalnej:<\/b><span><\/span><br \/><span>I miejsce: Katarzyna Billik (Warszawa), Katarzyna G\u00f3rowska-Gnatowska (Warszawa), Anna Majewska-Karolak (Warszawa), \u0141ukasz Szczepanowicz (Warszawa)<\/span><br \/><span>II miejsce: Marzena Radkiewicz-Metko (Lublin), Przemys\u0142aw Metko (Lublin)<\/span><br \/><span>III miejsce: B.W. Architekci, Pracownia Projektowa s.c. Beata Szczepa\u0144ska, Juliusz Polak (Warszawa), Katarzyna Gromek (Warszawa), Aleksandra Milanowska (Warszawa)<\/span><br \/><span>III miejsce: DUO Architekci \u2013 Lech Borysewicz (Warszawa)<\/span><br \/><span>Wyr\u00f3\u017cnienie I stopnia: Jagoda Gosk (Warszawa), Karolina Banasiak (Pomiech\u00f3wek)<\/span><br \/><span>Wyr\u00f3\u017cnienie I stopnia: Marcin Podlewski (Warszawa)<\/span><br \/><span>Wyr\u00f3\u017cnienie I stopnia: Ewa Bubik (Wysoka), Anna Capi\u0144ska (Zabrze), Adam Stafiniak (Wroc\u0142aw), Tomasz W\u0119grzyn (Wysoka)<\/span><br \/><span>Wyr\u00f3\u017cnienie: JBD \u2013 Justyna Boduch Atelier (Katowice)<\/span><br \/><span>Wyr\u00f3\u017cnienie: Olizarowicz Architekci Jacek Olizarowicz (Choroszcz)<\/span><br \/><span>Wyr\u00f3\u017cnienie: Micha\u0142 Ko\u0142odziej (Warszawa), Katarzyna Przyby\u0142o (Krak\u00f3w), Tomasz Obara (Krak\u00f3w), Bartosz Dendura (Krak\u00f3w)<\/span><br \/><span>Wyr\u00f3\u017cnienie: Magdalena Siemienowicz (Warszawa), Jolanta Szybiak (Warszawa)<\/span><\/p>\n<p><b>Autorki najlepszych projekt\u00f3w w kategorii studenckiej:<\/b><span><\/span><br \/><span>I miejsce: Marianna Wa\u015bniewska (Marki)<\/span><br \/><span>II miejsce: Kornelia Traut (Olsztyn)<\/span><\/p>\n<p><span>Z projektami oraz werdyktami s\u0105du konkursowego mo\u017cna zapozna\u0107 si\u0119 na stronie:\u00a0<\/span><a href=\"http:\/\/sarp-bialystok.org\/konkurs-twojdom\/pokaz\/wyniki_konkursu,17\/\" target=\"_blank\" rel=\"noopener noreferrer\">SARP Bia\u0142ystok<\/a><span><\/span><\/p>\n<p><span>Partnerami konkursu dla obszaru woj. podlaskiego s\u0105 Fundacja Ochrony Zabytk\u00f3w \u201eNa Rubie\u017cy\u201d w Bia\u0142ymstoku oraz Podlaski Wojew\u00f3dzki Konserwator Zabytk\u00f3w. Partnerem samorz\u0105dowym konkursu jest Zwi\u0105zek Gmin Wiejskich Wojew\u00f3dztwa Podlaskiego, patronat medialny sprawuje magazyn \u201eArchitektura-Murator\u201d.<\/span><\/p>\n<p><span>W 2021 r. konkurs \u201eTw\u00f3j dom \u2013 dialog z tradycj\u0105\u201d zosta\u0142 przeprowadzony dla obszaru woj. \u015bl\u0105skiego i podlaskiego. Nagrodzone i wyr\u00f3\u017cnione projekty b\u0119d\u0105 przeznaczone do sprzeda\u017cy i uka\u017c\u0105 si\u0119 w specjalnej pokonkursowej publikacji oraz na pokonkursowej wystawie. W 2022 roku konkurs obejmie swoj\u0105 tematyk\u0105 kolejne wojew\u00f3dztwa. Celem konkursu \u201eTw\u00f3j dom \u2013 dialog z tradycj\u0105\u201d jest znalezienie nowych wzorc\u00f3w wsp\u00f3\u0142czesnej jednorodzinnej zabudowy, kt\u00f3re b\u0119d\u0105 jednocze\u015bnie nawi\u0105zywa\u0107 do najlepszych tradycji budownictwa wiejskiego i podmiejskiego.<\/span><\/p>\n<p>[\/et_pb_text][et_pb_gallery gallery_ids=&#8221;4977,5806,4981,4982,4983,4984,4985,4986,4987,4988,4989,4978,4980&#8243; _builder_version=&#8221;4.14.9&#8243; _module_preset=&#8221;default&#8221; title_level=&#8221;h6&#8243; hover_enabled=&#8221;0&#8243; global_colors_info=&#8221;{}&#8221; theme_builder_area=&#8221;post_content&#8221; sticky_enabled=&#8221;0&#8243;][\/et_pb_gallery][\/et_pb_column][\/et_pb_row][\/et_pb_section]<\/p>","protected":false},"excerpt":{"rendered":"<p>Znamy zwyci\u0119zc\u00f3w konkursu \u201eTw\u00f3j dom \u2013 dialog z tradycj\u0105\u201d dla woj. podlaskiego. 13 grudnia na Wydziale Architektury Politechniki Bia\u0142ostockiej odby\u0142o si\u0119 wr\u0119czenie nagr\u00f3d autorom najlepszych projekt\u00f3w dom\u00f3w jednorodzinnych \u0142\u0105cz\u0105cych tradycj\u0119 [&hellip;]<\/p>","protected":false},"author":1,"featured_media":4592,"comment_status":"open","ping_status":"open","sticky":false,"template":"","format":"standard","meta":{"_et_pb_use_builder":"on","_et_pb_old_content":"","_et_gb_content_width":"","_monsterinsights_skip_tracking":false,"_monsterinsights_sitenote_active":false,"_monsterinsights_sitenote_note":"","_monsterinsights_sitenote_category":0,"footnotes":""},"categories":[3,33],"tags":[],"class_list":["post-4590","post","type-post","status-publish","format-standard","has-post-thumbnail","hentry","category-aktualnosci","category-twoj-dom-dialog-z-tradycja"],"yoast_head":"<!-- This site is optimized with the Yoast SEO plugin v26.5 - https:\/\/yoast.com\/wordpress\/plugins\/seo\/ -->\n<title>&quot;Tw\u00f3j dom \u2013 dialog z tradycj\u0105&quot; dla woj. podlaskiego rozstrzygni\u0119ty! - NID<\/title>\n<meta name=\"robots\" content=\"index, follow, max-snippet:-1, max-image-preview:large, max-video-preview:-1\" \/>\n<link rel=\"canonical\" href=\"https:\/\/nid.pl\/en\/2021\/12\/13\/twoj-dom-dialog-z-tradycja-dla-woj-podlaskiego-rozstrzygniety\/\" \/>\n<meta property=\"og:locale\" content=\"en_GB\" \/>\n<meta property=\"og:type\" content=\"article\" \/>\n<meta property=\"og:title\" content=\"&quot;Tw\u00f3j dom \u2013 dialog z tradycj\u0105&quot; dla woj. podlaskiego rozstrzygni\u0119ty! - NID\" \/>\n<meta property=\"og:description\" content=\"Znamy zwyci\u0119zc\u00f3w konkursu \u201eTw\u00f3j dom \u2013 dialog z tradycj\u0105\u201d dla woj. podlaskiego. 13 grudnia na Wydziale Architektury Politechniki Bia\u0142ostockiej odby\u0142o si\u0119 wr\u0119czenie nagr\u00f3d autorom najlepszych projekt\u00f3w dom\u00f3w jednorodzinnych \u0142\u0105cz\u0105cych tradycj\u0119 [&hellip;]\" \/>\n<meta property=\"og:url\" content=\"https:\/\/nid.pl\/en\/2021\/12\/13\/twoj-dom-dialog-z-tradycja-dla-woj-podlaskiego-rozstrzygniety\/\" \/>\n<meta property=\"og:site_name\" content=\"NID\" \/>\n<meta property=\"article:publisher\" content=\"https:\/\/www.facebook.com\/zabytek\" \/>\n<meta property=\"article:published_time\" content=\"2021-12-13T10:01:00+00:00\" \/>\n<meta property=\"article:modified_time\" content=\"2022-04-05T10:14:28+00:00\" \/>\n<meta property=\"og:image\" content=\"https:\/\/nid.pl\/wp-content\/uploads\/2021\/12\/268488077_5009744755711758_5228685073628027330_n.jpg\" \/>\n\t<meta property=\"og:image:width\" content=\"1131\" \/>\n\t<meta property=\"og:image:height\" content=\"641\" \/>\n\t<meta property=\"og:image:type\" content=\"image\/jpeg\" \/>\n<meta name=\"author\" content=\"nid\" \/>\n<meta name=\"twitter:card\" content=\"summary_large_image\" \/>\n<meta name=\"twitter:creator\" content=\"@NarIDpl\" \/>\n<meta name=\"twitter:site\" content=\"@NarIDpl\" \/>\n<meta name=\"twitter:label1\" content=\"Written by\" \/>\n\t<meta name=\"twitter:data1\" content=\"nid\" \/>\n\t<meta name=\"twitter:label2\" content=\"Estimated reading time\" \/>\n\t<meta name=\"twitter:data2\" content=\"3 minutes\" \/>\n<script type=\"application\/ld+json\" class=\"yoast-schema-graph\">{\"@context\":\"https:\/\/schema.org\",\"@graph\":[{\"@type\":\"Article\",\"@id\":\"https:\/\/nid.pl\/2021\/12\/13\/twoj-dom-dialog-z-tradycja-dla-woj-podlaskiego-rozstrzygniety\/#article\",\"isPartOf\":{\"@id\":\"https:\/\/nid.pl\/2021\/12\/13\/twoj-dom-dialog-z-tradycja-dla-woj-podlaskiego-rozstrzygniety\/\"},\"author\":{\"name\":\"nid\",\"@id\":\"https:\/\/nid.pl\/#\/schema\/person\/22437ee2856f28894f7088d83d4c8b81\"},\"headline\":\"&#8220;Tw\u00f3j dom \u2013 dialog z tradycj\u0105&#8221; dla woj. podlaskiego rozstrzygni\u0119ty!\",\"datePublished\":\"2021-12-13T10:01:00+00:00\",\"dateModified\":\"2022-04-05T10:14:28+00:00\",\"mainEntityOfPage\":{\"@id\":\"https:\/\/nid.pl\/2021\/12\/13\/twoj-dom-dialog-z-tradycja-dla-woj-podlaskiego-rozstrzygniety\/\"},\"wordCount\":564,\"commentCount\":0,\"publisher\":{\"@id\":\"https:\/\/nid.pl\/#organization\"},\"image\":{\"@id\":\"https:\/\/nid.pl\/2021\/12\/13\/twoj-dom-dialog-z-tradycja-dla-woj-podlaskiego-rozstrzygniety\/#primaryimage\"},\"thumbnailUrl\":\"https:\/\/nid.pl\/wp-content\/uploads\/2021\/12\/268488077_5009744755711758_5228685073628027330_n.jpg\",\"articleSection\":[\"Aktualno\u015bci\",\"Tw\u00f3j dom - dialog z tradycj\u0105\"],\"inLanguage\":\"en-GB\"},{\"@type\":\"WebPage\",\"@id\":\"https:\/\/nid.pl\/2021\/12\/13\/twoj-dom-dialog-z-tradycja-dla-woj-podlaskiego-rozstrzygniety\/\",\"url\":\"https:\/\/nid.pl\/2021\/12\/13\/twoj-dom-dialog-z-tradycja-dla-woj-podlaskiego-rozstrzygniety\/\",\"name\":\"\\\"Tw\u00f3j dom \u2013 dialog z tradycj\u0105\\\" dla woj. podlaskiego rozstrzygni\u0119ty! - NID\",\"isPartOf\":{\"@id\":\"https:\/\/nid.pl\/#website\"},\"primaryImageOfPage\":{\"@id\":\"https:\/\/nid.pl\/2021\/12\/13\/twoj-dom-dialog-z-tradycja-dla-woj-podlaskiego-rozstrzygniety\/#primaryimage\"},\"image\":{\"@id\":\"https:\/\/nid.pl\/2021\/12\/13\/twoj-dom-dialog-z-tradycja-dla-woj-podlaskiego-rozstrzygniety\/#primaryimage\"},\"thumbnailUrl\":\"https:\/\/nid.pl\/wp-content\/uploads\/2021\/12\/268488077_5009744755711758_5228685073628027330_n.jpg\",\"datePublished\":\"2021-12-13T10:01:00+00:00\",\"dateModified\":\"2022-04-05T10:14:28+00:00\",\"breadcrumb\":{\"@id\":\"https:\/\/nid.pl\/2021\/12\/13\/twoj-dom-dialog-z-tradycja-dla-woj-podlaskiego-rozstrzygniety\/#breadcrumb\"},\"inLanguage\":\"en-GB\",\"potentialAction\":[{\"@type\":\"ReadAction\",\"target\":[\"https:\/\/nid.pl\/2021\/12\/13\/twoj-dom-dialog-z-tradycja-dla-woj-podlaskiego-rozstrzygniety\/\"]}]},{\"@type\":\"ImageObject\",\"inLanguage\":\"en-GB\",\"@id\":\"https:\/\/nid.pl\/2021\/12\/13\/twoj-dom-dialog-z-tradycja-dla-woj-podlaskiego-rozstrzygniety\/#primaryimage\",\"url\":\"https:\/\/nid.pl\/wp-content\/uploads\/2021\/12\/268488077_5009744755711758_5228685073628027330_n.jpg\",\"contentUrl\":\"https:\/\/nid.pl\/wp-content\/uploads\/2021\/12\/268488077_5009744755711758_5228685073628027330_n.jpg\",\"width\":1131,\"height\":641,\"caption\":\"Projekt autorstwa: Marzeny Radkiewicz-Metko i Przemys\u0142awa Metko z Lublina\"},{\"@type\":\"BreadcrumbList\",\"@id\":\"https:\/\/nid.pl\/2021\/12\/13\/twoj-dom-dialog-z-tradycja-dla-woj-podlaskiego-rozstrzygniety\/#breadcrumb\",\"itemListElement\":[{\"@type\":\"ListItem\",\"position\":1,\"name\":\"Home\",\"item\":\"https:\/\/nid.pl\/\"},{\"@type\":\"ListItem\",\"position\":2,\"name\":\"&#8220;Tw\u00f3j dom \u2013 dialog z tradycj\u0105&#8221; dla woj. podlaskiego rozstrzygni\u0119ty!\"}]},{\"@type\":\"WebSite\",\"@id\":\"https:\/\/nid.pl\/#website\",\"url\":\"https:\/\/nid.pl\/\",\"name\":\"NID\",\"description\":\"Narodowy Instytut Dziedzictwa\",\"publisher\":{\"@id\":\"https:\/\/nid.pl\/#organization\"},\"potentialAction\":[{\"@type\":\"SearchAction\",\"target\":{\"@type\":\"EntryPoint\",\"urlTemplate\":\"https:\/\/nid.pl\/?s={search_term_string}\"},\"query-input\":{\"@type\":\"PropertyValueSpecification\",\"valueRequired\":true,\"valueName\":\"search_term_string\"}}],\"inLanguage\":\"en-GB\"},{\"@type\":\"Organization\",\"@id\":\"https:\/\/nid.pl\/#organization\",\"name\":\"Narodowy Instytut Dziedzictwa\",\"url\":\"https:\/\/nid.pl\/\",\"logo\":{\"@type\":\"ImageObject\",\"inLanguage\":\"en-GB\",\"@id\":\"https:\/\/nid.pl\/#\/schema\/logo\/image\/\",\"url\":\"https:\/\/nid.pl\/wp-content\/uploads\/2022\/10\/logoRedDark.png\",\"contentUrl\":\"https:\/\/nid.pl\/wp-content\/uploads\/2022\/10\/logoRedDark.png\",\"width\":200,\"height\":197,\"caption\":\"Narodowy Instytut Dziedzictwa\"},\"image\":{\"@id\":\"https:\/\/nid.pl\/#\/schema\/logo\/image\/\"},\"sameAs\":[\"https:\/\/www.facebook.com\/zabytek\",\"https:\/\/x.com\/NarIDpl\",\"https:\/\/www.instagram.com\/nid.pl\/?hl=pl\",\"https:\/\/www.linkedin.com\/company\/narodowy-instytut-dziedzictwa\",\"https:\/\/www.youtube.com\/channel\/UCQXuhKa2uHtmNvLRUSx40JA\"]},{\"@type\":\"Person\",\"@id\":\"https:\/\/nid.pl\/#\/schema\/person\/22437ee2856f28894f7088d83d4c8b81\",\"name\":\"nid\",\"image\":{\"@type\":\"ImageObject\",\"inLanguage\":\"en-GB\",\"@id\":\"https:\/\/nid.pl\/#\/schema\/person\/image\/\",\"url\":\"https:\/\/nid.pl\/wp-content\/litespeed\/avatar\/4bdd3c2c39f9c4a33f63a74a5b7eede3.jpg?ver=1777446232\",\"contentUrl\":\"https:\/\/nid.pl\/wp-content\/litespeed\/avatar\/4bdd3c2c39f9c4a33f63a74a5b7eede3.jpg?ver=1777446232\",\"caption\":\"nid\"},\"sameAs\":[\"https:\/\/nid.pl\"],\"url\":\"https:\/\/nid.pl\/en\/author\/nid\/\"}]}<\/script>\n<!-- \/ Yoast SEO plugin. -->","yoast_head_json":{"title":"\"Tw\u00f3j dom \u2013 dialog z tradycj\u0105\" dla woj. podlaskiego rozstrzygni\u0119ty! - NID","robots":{"index":"index","follow":"follow","max-snippet":"max-snippet:-1","max-image-preview":"max-image-preview:large","max-video-preview":"max-video-preview:-1"},"canonical":"https:\/\/nid.pl\/en\/2021\/12\/13\/twoj-dom-dialog-z-tradycja-dla-woj-podlaskiego-rozstrzygniety\/","og_locale":"en_GB","og_type":"article","og_title":"\"Tw\u00f3j dom \u2013 dialog z tradycj\u0105\" dla woj. podlaskiego rozstrzygni\u0119ty! - NID","og_description":"Znamy zwyci\u0119zc\u00f3w konkursu \u201eTw\u00f3j dom \u2013 dialog z tradycj\u0105\u201d dla woj. podlaskiego. 13 grudnia na Wydziale Architektury Politechniki Bia\u0142ostockiej odby\u0142o si\u0119 wr\u0119czenie nagr\u00f3d autorom najlepszych projekt\u00f3w dom\u00f3w jednorodzinnych \u0142\u0105cz\u0105cych tradycj\u0119 [&hellip;]","og_url":"https:\/\/nid.pl\/en\/2021\/12\/13\/twoj-dom-dialog-z-tradycja-dla-woj-podlaskiego-rozstrzygniety\/","og_site_name":"NID","article_publisher":"https:\/\/www.facebook.com\/zabytek","article_published_time":"2021-12-13T10:01:00+00:00","article_modified_time":"2022-04-05T10:14:28+00:00","og_image":[{"width":1131,"height":641,"url":"https:\/\/nid.pl\/wp-content\/uploads\/2021\/12\/268488077_5009744755711758_5228685073628027330_n.jpg","type":"image\/jpeg"}],"author":"nid","twitter_card":"summary_large_image","twitter_creator":"@NarIDpl","twitter_site":"@NarIDpl","twitter_misc":{"Written by":"nid","Estimated reading time":"3 minutes"},"schema":{"@context":"https:\/\/schema.org","@graph":[{"@type":"Article","@id":"https:\/\/nid.pl\/2021\/12\/13\/twoj-dom-dialog-z-tradycja-dla-woj-podlaskiego-rozstrzygniety\/#article","isPartOf":{"@id":"https:\/\/nid.pl\/2021\/12\/13\/twoj-dom-dialog-z-tradycja-dla-woj-podlaskiego-rozstrzygniety\/"},"author":{"name":"nid","@id":"https:\/\/nid.pl\/#\/schema\/person\/22437ee2856f28894f7088d83d4c8b81"},"headline":"&#8220;Tw\u00f3j dom \u2013 dialog z tradycj\u0105&#8221; dla woj. podlaskiego rozstrzygni\u0119ty!","datePublished":"2021-12-13T10:01:00+00:00","dateModified":"2022-04-05T10:14:28+00:00","mainEntityOfPage":{"@id":"https:\/\/nid.pl\/2021\/12\/13\/twoj-dom-dialog-z-tradycja-dla-woj-podlaskiego-rozstrzygniety\/"},"wordCount":564,"commentCount":0,"publisher":{"@id":"https:\/\/nid.pl\/#organization"},"image":{"@id":"https:\/\/nid.pl\/2021\/12\/13\/twoj-dom-dialog-z-tradycja-dla-woj-podlaskiego-rozstrzygniety\/#primaryimage"},"thumbnailUrl":"https:\/\/nid.pl\/wp-content\/uploads\/2021\/12\/268488077_5009744755711758_5228685073628027330_n.jpg","articleSection":["Aktualno\u015bci","Tw\u00f3j dom - dialog z tradycj\u0105"],"inLanguage":"en-GB"},{"@type":"WebPage","@id":"https:\/\/nid.pl\/2021\/12\/13\/twoj-dom-dialog-z-tradycja-dla-woj-podlaskiego-rozstrzygniety\/","url":"https:\/\/nid.pl\/2021\/12\/13\/twoj-dom-dialog-z-tradycja-dla-woj-podlaskiego-rozstrzygniety\/","name":"\"Tw\u00f3j dom \u2013 dialog z tradycj\u0105\" dla woj. podlaskiego rozstrzygni\u0119ty! - NID","isPartOf":{"@id":"https:\/\/nid.pl\/#website"},"primaryImageOfPage":{"@id":"https:\/\/nid.pl\/2021\/12\/13\/twoj-dom-dialog-z-tradycja-dla-woj-podlaskiego-rozstrzygniety\/#primaryimage"},"image":{"@id":"https:\/\/nid.pl\/2021\/12\/13\/twoj-dom-dialog-z-tradycja-dla-woj-podlaskiego-rozstrzygniety\/#primaryimage"},"thumbnailUrl":"https:\/\/nid.pl\/wp-content\/uploads\/2021\/12\/268488077_5009744755711758_5228685073628027330_n.jpg","datePublished":"2021-12-13T10:01:00+00:00","dateModified":"2022-04-05T10:14:28+00:00","breadcrumb":{"@id":"https:\/\/nid.pl\/2021\/12\/13\/twoj-dom-dialog-z-tradycja-dla-woj-podlaskiego-rozstrzygniety\/#breadcrumb"},"inLanguage":"en-GB","potentialAction":[{"@type":"ReadAction","target":["https:\/\/nid.pl\/2021\/12\/13\/twoj-dom-dialog-z-tradycja-dla-woj-podlaskiego-rozstrzygniety\/"]}]},{"@type":"ImageObject","inLanguage":"en-GB","@id":"https:\/\/nid.pl\/2021\/12\/13\/twoj-dom-dialog-z-tradycja-dla-woj-podlaskiego-rozstrzygniety\/#primaryimage","url":"https:\/\/nid.pl\/wp-content\/uploads\/2021\/12\/268488077_5009744755711758_5228685073628027330_n.jpg","contentUrl":"https:\/\/nid.pl\/wp-content\/uploads\/2021\/12\/268488077_5009744755711758_5228685073628027330_n.jpg","width":1131,"height":641,"caption":"Projekt autorstwa: Marzeny Radkiewicz-Metko i Przemys\u0142awa Metko z Lublina"},{"@type":"BreadcrumbList","@id":"https:\/\/nid.pl\/2021\/12\/13\/twoj-dom-dialog-z-tradycja-dla-woj-podlaskiego-rozstrzygniety\/#breadcrumb","itemListElement":[{"@type":"ListItem","position":1,"name":"Home","item":"https:\/\/nid.pl\/"},{"@type":"ListItem","position":2,"name":"&#8220;Tw\u00f3j dom \u2013 dialog z tradycj\u0105&#8221; dla woj. podlaskiego rozstrzygni\u0119ty!"}]},{"@type":"WebSite","@id":"https:\/\/nid.pl\/#website","url":"https:\/\/nid.pl\/","name":"NID","description":"Narodowy Instytut Dziedzictwa","publisher":{"@id":"https:\/\/nid.pl\/#organization"},"potentialAction":[{"@type":"SearchAction","target":{"@type":"EntryPoint","urlTemplate":"https:\/\/nid.pl\/?s={search_term_string}"},"query-input":{"@type":"PropertyValueSpecification","valueRequired":true,"valueName":"search_term_string"}}],"inLanguage":"en-GB"},{"@type":"Organization","@id":"https:\/\/nid.pl\/#organization","name":"Narodowy Instytut Dziedzictwa","url":"https:\/\/nid.pl\/","logo":{"@type":"ImageObject","inLanguage":"en-GB","@id":"https:\/\/nid.pl\/#\/schema\/logo\/image\/","url":"https:\/\/nid.pl\/wp-content\/uploads\/2022\/10\/logoRedDark.png","contentUrl":"https:\/\/nid.pl\/wp-content\/uploads\/2022\/10\/logoRedDark.png","width":200,"height":197,"caption":"Narodowy Instytut Dziedzictwa"},"image":{"@id":"https:\/\/nid.pl\/#\/schema\/logo\/image\/"},"sameAs":["https:\/\/www.facebook.com\/zabytek","https:\/\/x.com\/NarIDpl","https:\/\/www.instagram.com\/nid.pl\/?hl=pl","https:\/\/www.linkedin.com\/company\/narodowy-instytut-dziedzictwa","https:\/\/www.youtube.com\/channel\/UCQXuhKa2uHtmNvLRUSx40JA"]},{"@type":"Person","@id":"https:\/\/nid.pl\/#\/schema\/person\/22437ee2856f28894f7088d83d4c8b81","name":"nid","image":{"@type":"ImageObject","inLanguage":"en-GB","@id":"https:\/\/nid.pl\/#\/schema\/person\/image\/","url":"https:\/\/nid.pl\/wp-content\/litespeed\/avatar\/4bdd3c2c39f9c4a33f63a74a5b7eede3.jpg?ver=1777446232","contentUrl":"https:\/\/nid.pl\/wp-content\/litespeed\/avatar\/4bdd3c2c39f9c4a33f63a74a5b7eede3.jpg?ver=1777446232","caption":"nid"},"sameAs":["https:\/\/nid.pl"],"url":"https:\/\/nid.pl\/en\/author\/nid\/"}]}},"_links":{"self":[{"href":"https:\/\/nid.pl\/en\/wp-json\/wp\/v2\/posts\/4590","targetHints":{"allow":["GET"]}}],"collection":[{"href":"https:\/\/nid.pl\/en\/wp-json\/wp\/v2\/posts"}],"about":[{"href":"https:\/\/nid.pl\/en\/wp-json\/wp\/v2\/types\/post"}],"author":[{"embeddable":true,"href":"https:\/\/nid.pl\/en\/wp-json\/wp\/v2\/users\/1"}],"replies":[{"embeddable":true,"href":"https:\/\/nid.pl\/en\/wp-json\/wp\/v2\/comments?post=4590"}],"version-history":[{"count":0,"href":"https:\/\/nid.pl\/en\/wp-json\/wp\/v2\/posts\/4590\/revisions"}],"wp:featuredmedia":[{"embeddable":true,"href":"https:\/\/nid.pl\/en\/wp-json\/wp\/v2\/media\/4592"}],"wp:attachment":[{"href":"https:\/\/nid.pl\/en\/wp-json\/wp\/v2\/media?parent=4590"}],"wp:term":[{"taxonomy":"category","embeddable":true,"href":"https:\/\/nid.pl\/en\/wp-json\/wp\/v2\/categories?post=4590"},{"taxonomy":"post_tag","embeddable":true,"href":"https:\/\/nid.pl\/en\/wp-json\/wp\/v2\/tags?post=4590"}],"curies":[{"name":"wp","href":"https:\/\/api.w.org\/{rel}","templated":true}]}}