{"id":34544,"date":"2026-04-28T16:10:24","date_gmt":"2026-04-28T14:10:24","guid":{"rendered":"https:\/\/nid.pl\/?p=34544"},"modified":"2026-04-28T16:10:52","modified_gmt":"2026-04-28T14:10:52","slug":"plebiscyt-polska-architektura-xxl-wyniki","status":"publish","type":"post","link":"https:\/\/nid.pl\/en\/2026\/04\/28\/plebiscyt-polska-architektura-xxl-wyniki\/","title":{"rendered":"Plebiscyt Polska Architektura XXL &#8211; wyniki"},"content":{"rendered":"<p><strong>Narodowy Instytut Dziedzictwa obj\u0105\u0142 honorowym patronatem 18. edycj\u0119 Plebiscytu Polska Architektura XXL 2025. Organizatorzy og\u0142osili w\u0142a\u015bnie wyniki g\u0142osowania jury, kt\u00f3re wy\u0142oni\u0142o najlepsze realizacje architektoniczne minionego roku w najwa\u017cniejszych kategoriach konkursowych.<\/strong><\/p>\n\n\n\n<p>Plebiscyt Polska Architektura XXL od lat nale\u017cy do najbardziej rozpoznawalnych inicjatyw promuj\u0105cych wysok\u0105 jako\u015b\u0107 polskiej architektury, urbanistyki i projektowania przestrzeni. Tegoroczna, 18. edycja tradycyjnie zosta\u0142a przeprowadzona dwuetapowo \u2013 najpierw og\u0142oszono wyniki g\u0142osowania internaut\u00f3w, a nast\u0119pnie poznali\u015bmy werdykt jury z\u0142o\u017conego z przedstawicieli \u015brodowiska architektonicznego, laureat\u00f3w poprzedniej edycji, patron\u00f3w konkursu oraz redakcji organizatora.<\/p>\n\n\n\n<p>Obrady jury odby\u0142y si\u0119 17 kwietnia 2025 roku w formule online. W sk\u0142ad 11-osobowego gremium weszli przedstawiciele cenionych pracowni projektowych, organizacji bran\u017cowych oraz instytucji wspieraj\u0105cych rozw\u00f3j architektury w Polsce, w tym reprezentanci Narodowego Instytutu Dziedzictwa. Po wielogodzinnych dyskusjach jury przyzna\u0142o 7 nagr\u00f3d g\u0142\u00f3wnych oraz 2 wyr\u00f3\u017cnienia. Oceniano przede wszystkim kompleksowo\u015b\u0107 rozwi\u0105za\u0144, jako\u015b\u0107 architektoniczn\u0105, relacj\u0119 projekt\u00f3w z otoczeniem, funkcjonalno\u015b\u0107 oraz \u015bwie\u017co\u015b\u0107 podej\u015bcia projektowego.<\/p>\n\n\n\n<p>W kategorii kubatura doceniono zar\u00f3wno obiekty publiczne, jak i prywatne. W\u015br\u00f3d wn\u0119trz nagrodzono realizacje wyr\u00f3\u017cniaj\u0105ce si\u0119 wysok\u0105 kultur\u0105 projektowania, dba\u0142o\u015bci\u0105 o detal i umiej\u0119tnym wykorzystaniem materia\u0142\u00f3w oraz \u015bwiat\u0142a. W kategorii krajobraz wyr\u00f3\u017cniono projekty oparte na szacunku wobec przyrody, harmonijnym wpisaniu w otoczenie i odpowiedzialnym podej\u015bciu do kszta\u0142towania przestrzeni.<\/p>\n\n\n\n<p>Najwy\u017csze wyr\u00f3\u017cnienie konkursu \u2013 Grand Prix Plebiscytu Polska Architektura XXL 2025 \u2013 otrzyma\u0142a pracownia Projekt Praga za budynek Wydzia\u0142u Psychologii Uniwersytetu Warszawskiego. Jury wskaza\u0142o t\u0119 realizacj\u0119 jako wzorcowy przyk\u0142ad kompleksowego podej\u015bcia do projektowania, \u0142\u0105cz\u0105cego walory architektoniczne, wn\u0119trzarskie i krajobrazowe.<\/p>\n\n\n\n<p>Honorowy patronat Narodowego Instytutu Dziedzictwa nad tegoroczn\u0105 edycj\u0105 plebiscytu podkre\u015bla znaczenie jako\u015bci przestrzeni, odpowiedzialnego projektowania oraz troski o krajobraz kulturowy i wsp\u00f3\u0142czesne dziedzictwo architektoniczne.<\/p>\n\n\n\n<p>Wi\u0119cej informacji oraz pe\u0142na lista laureat\u00f3w dost\u0119pne s\u0105 na stronie: <br><a href=\"https:\/\/sztuka-architektury.pl\/article\/18951\/znamy-wyniki-glosowania-jury-plebiscytu-polska-architektura-xxl-2025\" target=\"_blank\" rel=\"noreferrer noopener\">https:\/\/sztuka-architektury.pl\/article\/18951\/znamy-wyniki-glosowania-jury-plebiscytu-polska-architektura-xxl-2025<\/a><\/p>\n\n\n\n<div style=\"height:30px\" aria-hidden=\"true\" class=\"wp-block-spacer\"><\/div>","protected":false},"excerpt":{"rendered":"<p>Narodowy Instytut Dziedzictwa obj\u0105\u0142 honorowym patronatem 18. edycj\u0119 Plebiscytu Polska Architektura XXL 2025. Organizatorzy og\u0142osili w\u0142a\u015bnie wyniki g\u0142osowania jury, kt\u00f3re wy\u0142oni\u0142o najlepsze realizacje architektoniczne minionego roku w najwa\u017cniejszych kategoriach konkursowych. [&hellip;]<\/p>","protected":false},"author":4,"featured_media":34545,"comment_status":"closed","ping_status":"closed","sticky":false,"template":"","format":"standard","meta":{"_et_pb_use_builder":"off","_et_pb_old_content":"","_et_gb_content_width":"","_monsterinsights_skip_tracking":false,"_monsterinsights_sitenote_active":false,"_monsterinsights_sitenote_note":"","_monsterinsights_sitenote_category":0,"footnotes":""},"categories":[28],"tags":[],"class_list":["post-34544","post","type-post","status-publish","format-standard","has-post-thumbnail","hentry","category-patronaty"],"yoast_head":"<!-- This site is optimized with the Yoast SEO plugin v26.5 - https:\/\/yoast.com\/wordpress\/plugins\/seo\/ -->\n<title>Plebiscyt Polska Architektura XXL - wyniki - NID<\/title>\n<meta name=\"robots\" content=\"index, follow, max-snippet:-1, max-image-preview:large, max-video-preview:-1\" \/>\n<link rel=\"canonical\" href=\"https:\/\/nid.pl\/en\/2026\/04\/28\/plebiscyt-polska-architektura-xxl-wyniki\/\" \/>\n<meta property=\"og:locale\" content=\"en_GB\" \/>\n<meta property=\"og:type\" content=\"article\" \/>\n<meta property=\"og:title\" content=\"Plebiscyt Polska Architektura XXL - wyniki - NID\" \/>\n<meta property=\"og:description\" content=\"Narodowy Instytut Dziedzictwa obj\u0105\u0142 honorowym patronatem 18. edycj\u0119 Plebiscytu Polska Architektura XXL 2025. Organizatorzy og\u0142osili w\u0142a\u015bnie wyniki g\u0142osowania jury, kt\u00f3re wy\u0142oni\u0142o najlepsze realizacje architektoniczne minionego roku w najwa\u017cniejszych kategoriach konkursowych. [&hellip;]\" \/>\n<meta property=\"og:url\" content=\"https:\/\/nid.pl\/en\/2026\/04\/28\/plebiscyt-polska-architektura-xxl-wyniki\/\" \/>\n<meta property=\"og:site_name\" content=\"NID\" \/>\n<meta property=\"article:publisher\" content=\"https:\/\/www.facebook.com\/zabytek\" \/>\n<meta property=\"article:published_time\" content=\"2026-04-28T14:10:24+00:00\" \/>\n<meta property=\"article:modified_time\" content=\"2026-04-28T14:10:52+00:00\" \/>\n<meta property=\"og:image\" content=\"https:\/\/nid.pl\/wp-content\/uploads\/2026\/04\/architektura-xxl-2025.jpg\" \/>\n\t<meta property=\"og:image:width\" content=\"1200\" \/>\n\t<meta property=\"og:image:height\" content=\"800\" \/>\n\t<meta property=\"og:image:type\" content=\"image\/jpeg\" \/>\n<meta name=\"author\" content=\"Marta Or\u0119ziak\" \/>\n<meta name=\"twitter:card\" content=\"summary_large_image\" \/>\n<meta name=\"twitter:creator\" content=\"@NarIDpl\" \/>\n<meta name=\"twitter:site\" content=\"@NarIDpl\" \/>\n<meta name=\"twitter:label1\" content=\"Written by\" \/>\n\t<meta name=\"twitter:data1\" content=\"Marta Or\u0119ziak\" \/>\n\t<meta name=\"twitter:label2\" content=\"Estimated reading time\" \/>\n\t<meta name=\"twitter:data2\" content=\"2 minutes\" \/>\n<script type=\"application\/ld+json\" class=\"yoast-schema-graph\">{\"@context\":\"https:\/\/schema.org\",\"@graph\":[{\"@type\":\"Article\",\"@id\":\"https:\/\/nid.pl\/2026\/04\/28\/plebiscyt-polska-architektura-xxl-wyniki\/#article\",\"isPartOf\":{\"@id\":\"https:\/\/nid.pl\/2026\/04\/28\/plebiscyt-polska-architektura-xxl-wyniki\/\"},\"author\":{\"name\":\"Marta Or\u0119ziak\",\"@id\":\"https:\/\/nid.pl\/#\/schema\/person\/9d848c4a54b78bc2a1461f1c5d8de615\"},\"headline\":\"Plebiscyt Polska Architektura XXL &#8211; wyniki\",\"datePublished\":\"2026-04-28T14:10:24+00:00\",\"dateModified\":\"2026-04-28T14:10:52+00:00\",\"mainEntityOfPage\":{\"@id\":\"https:\/\/nid.pl\/2026\/04\/28\/plebiscyt-polska-architektura-xxl-wyniki\/\"},\"wordCount\":327,\"publisher\":{\"@id\":\"https:\/\/nid.pl\/#organization\"},\"image\":{\"@id\":\"https:\/\/nid.pl\/2026\/04\/28\/plebiscyt-polska-architektura-xxl-wyniki\/#primaryimage\"},\"thumbnailUrl\":\"https:\/\/nid.pl\/wp-content\/uploads\/2026\/04\/architektura-xxl-2025.jpg\",\"articleSection\":[\"Patronaty\"],\"inLanguage\":\"en-GB\"},{\"@type\":\"WebPage\",\"@id\":\"https:\/\/nid.pl\/2026\/04\/28\/plebiscyt-polska-architektura-xxl-wyniki\/\",\"url\":\"https:\/\/nid.pl\/2026\/04\/28\/plebiscyt-polska-architektura-xxl-wyniki\/\",\"name\":\"Plebiscyt Polska Architektura XXL - wyniki - NID\",\"isPartOf\":{\"@id\":\"https:\/\/nid.pl\/#website\"},\"primaryImageOfPage\":{\"@id\":\"https:\/\/nid.pl\/2026\/04\/28\/plebiscyt-polska-architektura-xxl-wyniki\/#primaryimage\"},\"image\":{\"@id\":\"https:\/\/nid.pl\/2026\/04\/28\/plebiscyt-polska-architektura-xxl-wyniki\/#primaryimage\"},\"thumbnailUrl\":\"https:\/\/nid.pl\/wp-content\/uploads\/2026\/04\/architektura-xxl-2025.jpg\",\"datePublished\":\"2026-04-28T14:10:24+00:00\",\"dateModified\":\"2026-04-28T14:10:52+00:00\",\"breadcrumb\":{\"@id\":\"https:\/\/nid.pl\/2026\/04\/28\/plebiscyt-polska-architektura-xxl-wyniki\/#breadcrumb\"},\"inLanguage\":\"en-GB\",\"potentialAction\":[{\"@type\":\"ReadAction\",\"target\":[\"https:\/\/nid.pl\/2026\/04\/28\/plebiscyt-polska-architektura-xxl-wyniki\/\"]}]},{\"@type\":\"ImageObject\",\"inLanguage\":\"en-GB\",\"@id\":\"https:\/\/nid.pl\/2026\/04\/28\/plebiscyt-polska-architektura-xxl-wyniki\/#primaryimage\",\"url\":\"https:\/\/nid.pl\/wp-content\/uploads\/2026\/04\/architektura-xxl-2025.jpg\",\"contentUrl\":\"https:\/\/nid.pl\/wp-content\/uploads\/2026\/04\/architektura-xxl-2025.jpg\",\"width\":1200,\"height\":800,\"caption\":\"Plebiscyt Polska Architektura XXL - wyniki\"},{\"@type\":\"BreadcrumbList\",\"@id\":\"https:\/\/nid.pl\/2026\/04\/28\/plebiscyt-polska-architektura-xxl-wyniki\/#breadcrumb\",\"itemListElement\":[{\"@type\":\"ListItem\",\"position\":1,\"name\":\"Home\",\"item\":\"https:\/\/nid.pl\/\"},{\"@type\":\"ListItem\",\"position\":2,\"name\":\"Plebiscyt Polska Architektura XXL &#8211; wyniki\"}]},{\"@type\":\"WebSite\",\"@id\":\"https:\/\/nid.pl\/#website\",\"url\":\"https:\/\/nid.pl\/\",\"name\":\"NID\",\"description\":\"Narodowy Instytut Dziedzictwa\",\"publisher\":{\"@id\":\"https:\/\/nid.pl\/#organization\"},\"potentialAction\":[{\"@type\":\"SearchAction\",\"target\":{\"@type\":\"EntryPoint\",\"urlTemplate\":\"https:\/\/nid.pl\/?s={search_term_string}\"},\"query-input\":{\"@type\":\"PropertyValueSpecification\",\"valueRequired\":true,\"valueName\":\"search_term_string\"}}],\"inLanguage\":\"en-GB\"},{\"@type\":\"Organization\",\"@id\":\"https:\/\/nid.pl\/#organization\",\"name\":\"Narodowy Instytut Dziedzictwa\",\"url\":\"https:\/\/nid.pl\/\",\"logo\":{\"@type\":\"ImageObject\",\"inLanguage\":\"en-GB\",\"@id\":\"https:\/\/nid.pl\/#\/schema\/logo\/image\/\",\"url\":\"https:\/\/nid.pl\/wp-content\/uploads\/2022\/10\/logoRedDark.png\",\"contentUrl\":\"https:\/\/nid.pl\/wp-content\/uploads\/2022\/10\/logoRedDark.png\",\"width\":200,\"height\":197,\"caption\":\"Narodowy Instytut Dziedzictwa\"},\"image\":{\"@id\":\"https:\/\/nid.pl\/#\/schema\/logo\/image\/\"},\"sameAs\":[\"https:\/\/www.facebook.com\/zabytek\",\"https:\/\/x.com\/NarIDpl\",\"https:\/\/www.instagram.com\/nid.pl\/?hl=pl\",\"https:\/\/www.linkedin.com\/company\/narodowy-instytut-dziedzictwa\",\"https:\/\/www.youtube.com\/channel\/UCQXuhKa2uHtmNvLRUSx40JA\"]},{\"@type\":\"Person\",\"@id\":\"https:\/\/nid.pl\/#\/schema\/person\/9d848c4a54b78bc2a1461f1c5d8de615\",\"name\":\"Marta Or\u0119ziak\",\"image\":{\"@type\":\"ImageObject\",\"inLanguage\":\"en-GB\",\"@id\":\"https:\/\/nid.pl\/#\/schema\/person\/image\/\",\"url\":\"https:\/\/nid.pl\/wp-content\/litespeed\/avatar\/3cdc296a7eb01425272974c992bee3ea.jpg?ver=1777445267\",\"contentUrl\":\"https:\/\/nid.pl\/wp-content\/litespeed\/avatar\/3cdc296a7eb01425272974c992bee3ea.jpg?ver=1777445267\",\"caption\":\"Marta Or\u0119ziak\"},\"url\":\"https:\/\/nid.pl\/en\/author\/moreziak\/\"}]}<\/script>\n<!-- \/ Yoast SEO plugin. -->","yoast_head_json":{"title":"Plebiscyt Polska Architektura XXL - wyniki - NID","robots":{"index":"index","follow":"follow","max-snippet":"max-snippet:-1","max-image-preview":"max-image-preview:large","max-video-preview":"max-video-preview:-1"},"canonical":"https:\/\/nid.pl\/en\/2026\/04\/28\/plebiscyt-polska-architektura-xxl-wyniki\/","og_locale":"en_GB","og_type":"article","og_title":"Plebiscyt Polska Architektura XXL - wyniki - NID","og_description":"Narodowy Instytut Dziedzictwa obj\u0105\u0142 honorowym patronatem 18. edycj\u0119 Plebiscytu Polska Architektura XXL 2025. Organizatorzy og\u0142osili w\u0142a\u015bnie wyniki g\u0142osowania jury, kt\u00f3re wy\u0142oni\u0142o najlepsze realizacje architektoniczne minionego roku w najwa\u017cniejszych kategoriach konkursowych. [&hellip;]","og_url":"https:\/\/nid.pl\/en\/2026\/04\/28\/plebiscyt-polska-architektura-xxl-wyniki\/","og_site_name":"NID","article_publisher":"https:\/\/www.facebook.com\/zabytek","article_published_time":"2026-04-28T14:10:24+00:00","article_modified_time":"2026-04-28T14:10:52+00:00","og_image":[{"width":1200,"height":800,"url":"https:\/\/nid.pl\/wp-content\/uploads\/2026\/04\/architektura-xxl-2025.jpg","type":"image\/jpeg"}],"author":"Marta Or\u0119ziak","twitter_card":"summary_large_image","twitter_creator":"@NarIDpl","twitter_site":"@NarIDpl","twitter_misc":{"Written by":"Marta Or\u0119ziak","Estimated reading time":"2 minutes"},"schema":{"@context":"https:\/\/schema.org","@graph":[{"@type":"Article","@id":"https:\/\/nid.pl\/2026\/04\/28\/plebiscyt-polska-architektura-xxl-wyniki\/#article","isPartOf":{"@id":"https:\/\/nid.pl\/2026\/04\/28\/plebiscyt-polska-architektura-xxl-wyniki\/"},"author":{"name":"Marta Or\u0119ziak","@id":"https:\/\/nid.pl\/#\/schema\/person\/9d848c4a54b78bc2a1461f1c5d8de615"},"headline":"Plebiscyt Polska Architektura XXL &#8211; wyniki","datePublished":"2026-04-28T14:10:24+00:00","dateModified":"2026-04-28T14:10:52+00:00","mainEntityOfPage":{"@id":"https:\/\/nid.pl\/2026\/04\/28\/plebiscyt-polska-architektura-xxl-wyniki\/"},"wordCount":327,"publisher":{"@id":"https:\/\/nid.pl\/#organization"},"image":{"@id":"https:\/\/nid.pl\/2026\/04\/28\/plebiscyt-polska-architektura-xxl-wyniki\/#primaryimage"},"thumbnailUrl":"https:\/\/nid.pl\/wp-content\/uploads\/2026\/04\/architektura-xxl-2025.jpg","articleSection":["Patronaty"],"inLanguage":"en-GB"},{"@type":"WebPage","@id":"https:\/\/nid.pl\/2026\/04\/28\/plebiscyt-polska-architektura-xxl-wyniki\/","url":"https:\/\/nid.pl\/2026\/04\/28\/plebiscyt-polska-architektura-xxl-wyniki\/","name":"Plebiscyt Polska Architektura XXL - wyniki - NID","isPartOf":{"@id":"https:\/\/nid.pl\/#website"},"primaryImageOfPage":{"@id":"https:\/\/nid.pl\/2026\/04\/28\/plebiscyt-polska-architektura-xxl-wyniki\/#primaryimage"},"image":{"@id":"https:\/\/nid.pl\/2026\/04\/28\/plebiscyt-polska-architektura-xxl-wyniki\/#primaryimage"},"thumbnailUrl":"https:\/\/nid.pl\/wp-content\/uploads\/2026\/04\/architektura-xxl-2025.jpg","datePublished":"2026-04-28T14:10:24+00:00","dateModified":"2026-04-28T14:10:52+00:00","breadcrumb":{"@id":"https:\/\/nid.pl\/2026\/04\/28\/plebiscyt-polska-architektura-xxl-wyniki\/#breadcrumb"},"inLanguage":"en-GB","potentialAction":[{"@type":"ReadAction","target":["https:\/\/nid.pl\/2026\/04\/28\/plebiscyt-polska-architektura-xxl-wyniki\/"]}]},{"@type":"ImageObject","inLanguage":"en-GB","@id":"https:\/\/nid.pl\/2026\/04\/28\/plebiscyt-polska-architektura-xxl-wyniki\/#primaryimage","url":"https:\/\/nid.pl\/wp-content\/uploads\/2026\/04\/architektura-xxl-2025.jpg","contentUrl":"https:\/\/nid.pl\/wp-content\/uploads\/2026\/04\/architektura-xxl-2025.jpg","width":1200,"height":800,"caption":"Plebiscyt Polska Architektura XXL - wyniki"},{"@type":"BreadcrumbList","@id":"https:\/\/nid.pl\/2026\/04\/28\/plebiscyt-polska-architektura-xxl-wyniki\/#breadcrumb","itemListElement":[{"@type":"ListItem","position":1,"name":"Home","item":"https:\/\/nid.pl\/"},{"@type":"ListItem","position":2,"name":"Plebiscyt Polska Architektura XXL &#8211; wyniki"}]},{"@type":"WebSite","@id":"https:\/\/nid.pl\/#website","url":"https:\/\/nid.pl\/","name":"NID","description":"Narodowy Instytut Dziedzictwa","publisher":{"@id":"https:\/\/nid.pl\/#organization"},"potentialAction":[{"@type":"SearchAction","target":{"@type":"EntryPoint","urlTemplate":"https:\/\/nid.pl\/?s={search_term_string}"},"query-input":{"@type":"PropertyValueSpecification","valueRequired":true,"valueName":"search_term_string"}}],"inLanguage":"en-GB"},{"@type":"Organization","@id":"https:\/\/nid.pl\/#organization","name":"Narodowy Instytut Dziedzictwa","url":"https:\/\/nid.pl\/","logo":{"@type":"ImageObject","inLanguage":"en-GB","@id":"https:\/\/nid.pl\/#\/schema\/logo\/image\/","url":"https:\/\/nid.pl\/wp-content\/uploads\/2022\/10\/logoRedDark.png","contentUrl":"https:\/\/nid.pl\/wp-content\/uploads\/2022\/10\/logoRedDark.png","width":200,"height":197,"caption":"Narodowy Instytut Dziedzictwa"},"image":{"@id":"https:\/\/nid.pl\/#\/schema\/logo\/image\/"},"sameAs":["https:\/\/www.facebook.com\/zabytek","https:\/\/x.com\/NarIDpl","https:\/\/www.instagram.com\/nid.pl\/?hl=pl","https:\/\/www.linkedin.com\/company\/narodowy-instytut-dziedzictwa","https:\/\/www.youtube.com\/channel\/UCQXuhKa2uHtmNvLRUSx40JA"]},{"@type":"Person","@id":"https:\/\/nid.pl\/#\/schema\/person\/9d848c4a54b78bc2a1461f1c5d8de615","name":"Marta Or\u0119ziak","image":{"@type":"ImageObject","inLanguage":"en-GB","@id":"https:\/\/nid.pl\/#\/schema\/person\/image\/","url":"https:\/\/nid.pl\/wp-content\/litespeed\/avatar\/3cdc296a7eb01425272974c992bee3ea.jpg?ver=1777445267","contentUrl":"https:\/\/nid.pl\/wp-content\/litespeed\/avatar\/3cdc296a7eb01425272974c992bee3ea.jpg?ver=1777445267","caption":"Marta Or\u0119ziak"},"url":"https:\/\/nid.pl\/en\/author\/moreziak\/"}]}},"_links":{"self":[{"href":"https:\/\/nid.pl\/en\/wp-json\/wp\/v2\/posts\/34544","targetHints":{"allow":["GET"]}}],"collection":[{"href":"https:\/\/nid.pl\/en\/wp-json\/wp\/v2\/posts"}],"about":[{"href":"https:\/\/nid.pl\/en\/wp-json\/wp\/v2\/types\/post"}],"author":[{"embeddable":true,"href":"https:\/\/nid.pl\/en\/wp-json\/wp\/v2\/users\/4"}],"replies":[{"embeddable":true,"href":"https:\/\/nid.pl\/en\/wp-json\/wp\/v2\/comments?post=34544"}],"version-history":[{"count":2,"href":"https:\/\/nid.pl\/en\/wp-json\/wp\/v2\/posts\/34544\/revisions"}],"predecessor-version":[{"id":34547,"href":"https:\/\/nid.pl\/en\/wp-json\/wp\/v2\/posts\/34544\/revisions\/34547"}],"wp:featuredmedia":[{"embeddable":true,"href":"https:\/\/nid.pl\/en\/wp-json\/wp\/v2\/media\/34545"}],"wp:attachment":[{"href":"https:\/\/nid.pl\/en\/wp-json\/wp\/v2\/media?parent=34544"}],"wp:term":[{"taxonomy":"category","embeddable":true,"href":"https:\/\/nid.pl\/en\/wp-json\/wp\/v2\/categories?post=34544"},{"taxonomy":"post_tag","embeddable":true,"href":"https:\/\/nid.pl\/en\/wp-json\/wp\/v2\/tags?post=34544"}],"curies":[{"name":"wp","href":"https:\/\/api.w.org\/{rel}","templated":true}]}}